{"id":206085,"date":"2026-03-17T11:24:49","date_gmt":"2026-03-17T14:24:49","guid":{"rendered":"https:\/\/folhapopular.info\/?p=206085"},"modified":"2026-03-17T12:42:41","modified_gmt":"2026-03-17T15:42:41","slug":"projeto-restringe-licenca-premio-e-preve-perda-de-direitos","status":"publish","type":"post","link":"https:\/\/folhapopular.info\/index.php\/2026\/03\/17\/projeto-restringe-licenca-premio-e-preve-perda-de-direitos\/","title":{"rendered":"Projeto restringe licen\u00e7a-pr\u00eamio e prev\u00ea perda de direitos no funcionalismo em Lajeado"},"content":{"rendered":"<p>A sess\u00e3o ordin\u00e1ria da C\u00e2mara de Vereadores de Lajeado, marcada para esta ter\u00e7a-feira (17\/3), \u00e0s 17h, deve ser palco de um dos debates mais tensos do ano no Legislativo. O Projeto de Lei Complementar n\u00ba 001-02\/2026, encaminhado pelo Executivo, altera regras da licen\u00e7a-pr\u00eamio dos servidores, imp\u00f5e novas restri\u00e7\u00f5es ao benef\u00edcio e abre a possibilidade de&#8230; <\/p>\n<div class=\"pmpro\">\n<div class=\"pmpro_card pmpro_content_message\">\n<div class=\"pmpro_card_content\">Este conte\u00fado \u00e9 apenas para associados Grupo Popular &#8211; Conte\u00fado Total Anual e Grupo Popular &#8211; Conte\u00fado Total Mensal. <br \/><a href=\"https:\/\/folhapopular.info\/wp-login.php?action=register\">Cadastre-se<\/a><\/div>\n<div class=\"pmpro_card_actions pmpro_font-medium\">J\u00e1 se associou? <a href=\"https:\/\/folhapopular.info\/wp-login.php?redirect_to=https%3A%2F%2Ffolhapopular.info%2Findex.php%2F2026%2F03%2F17%2Fprojeto-restringe-licenca-premio-e-preve-perda-de-direitos%2F\">Acesse aqui<\/a><\/div>\n<\/div>\n<\/div>\n","protected":false},"excerpt":{"rendered":"<p>A sess\u00e3o ordin\u00e1ria da C\u00e2mara de Vereadores de Lajeado, marcada para esta ter\u00e7a-feira (17\/3), \u00e0s 17h, deve ser palco de um dos debates mais tensos do ano no Legislativo. O Projeto de Lei Complementar n\u00ba 001-02\/2026, encaminhado pelo Executivo, altera regras da licen\u00e7a-pr\u00eamio dos servidores, imp\u00f5e novas restri\u00e7\u00f5es ao benef\u00edcio e abre a possibilidade de... <\/p>\n<div class=\"pmpro\"><div class=\"pmpro_card pmpro_content_message\"><div class=\"pmpro_card_content\">Este conte\u00fado \u00e9 apenas para associados Grupo Popular - Conte\u00fado Total Anual e Grupo Popular - Conte\u00fado Total Mensal. <br \/><a href=\"https:\/\/folhapopular.info\/wp-login.php?action=register\">Cadastre-se<\/a><\/div><div class=\"pmpro_card_actions pmpro_font-medium\">J\u00e1 se associou? <a href=\"https:\/\/folhapopular.info\/wp-login.php?redirect_to=https%3A%2F%2Ffolhapopular.info%2Findex.php%2F2026%2F03%2F17%2Fprojeto-restringe-licenca-premio-e-preve-perda-de-direitos%2F\">Acesse aqui<\/a><\/div><\/div><\/div>","protected":false},"author":772,"featured_media":206086,"comment_status":"open","ping_status":"open","sticky":false,"template":"","format":"standard","meta":{"pmpro_default_level":"","_jetpack_memberships_contains_paid_content":false,"footnotes":""},"categories":[11078,5990,10985],"tags":[3551,20786,27,20785,1712,2909],"class_list":{"0":"post-206085","1":"post","2":"type-post","3":"status-publish","4":"format-standard","5":"has-post-thumbnail","7":"category-assinantes","8":"category-conteudo-exclusivo","9":"category-politica","10":"tag-direitos","11":"tag-funcionalismo","12":"tag-lajeado","13":"tag-licenca-premio","14":"tag-projeto","15":"tag-servidores","16":"pmpro-level-required","17":"pmpro-level-2","18":"pmpro-level-4","19":"pmpro-level-5","20":"pmpro-no-access"},"yoast_head":"<!-- This site is optimized with the Yoast SEO plugin v27.5 - https:\/\/yoast.com\/product\/yoast-seo-wordpress\/ -->\n<title>Projeto restringe licen\u00e7a-pr\u00eamio e prev\u00ea perda de direitos<\/title>\n<meta name=\"description\" content=\"Projeto restringe licen\u00e7a-pr\u00eamio e prev\u00ea perda de direitos no funcionalismo em Lajeado. A sess\u00e3o ordin\u00e1ria da C\u00e2mara de Vereadores\" \/>\n<meta name=\"robots\" content=\"index, follow, max-snippet:-1, max-image-preview:large, max-video-preview:-1\" \/>\n<link rel=\"canonical\" href=\"https:\/\/folhapopular.info\/index.php\/2026\/03\/17\/projeto-restringe-licenca-premio-e-preve-perda-de-direitos\/\" \/>\n<meta property=\"og:locale\" content=\"pt_BR\" \/>\n<meta property=\"og:type\" content=\"article\" \/>\n<meta property=\"og:title\" content=\"Projeto restringe licen\u00e7a-pr\u00eamio e prev\u00ea perda de direitos\" \/>\n<meta property=\"og:description\" content=\"Projeto restringe licen\u00e7a-pr\u00eamio e prev\u00ea perda de direitos no funcionalismo em Lajeado. A sess\u00e3o ordin\u00e1ria da C\u00e2mara de Vereadores\" \/>\n<meta property=\"og:url\" content=\"https:\/\/folhapopular.info\/index.php\/2026\/03\/17\/projeto-restringe-licenca-premio-e-preve-perda-de-direitos\/\" \/>\n<meta property=\"og:site_name\" content=\"Folha Popular\" \/>\n<meta property=\"article:published_time\" content=\"2026-03-17T14:24:49+00:00\" \/>\n<meta property=\"article:modified_time\" content=\"2026-03-17T15:42:41+00:00\" \/>\n<meta property=\"og:image\" content=\"http:\/\/folhapopular.info\/wp-content\/uploads\/2026\/03\/WhatsApp-Image-2026-03-12-at-13.27.56.jpeg\" \/>\n\t<meta property=\"og:image:width\" content=\"960\" \/>\n\t<meta property=\"og:image:height\" content=\"1280\" \/>\n\t<meta property=\"og:image:type\" content=\"image\/jpeg\" \/>\n<meta name=\"author\" content=\"Anderson Lopes\" \/>\n<meta name=\"twitter:card\" content=\"summary_large_image\" \/>\n<meta name=\"twitter:label1\" content=\"Escrito por\" \/>\n\t<meta name=\"twitter:data1\" content=\"Anderson Lopes\" \/>\n\t<meta name=\"twitter:label2\" content=\"Est. tempo de leitura\" \/>\n\t<meta name=\"twitter:data2\" content=\"5 minutos\" \/>\n<script type=\"application\/ld+json\" class=\"yoast-schema-graph\">{\"@context\":\"https:\\\/\\\/schema.org\",\"@graph\":[{\"@type\":\"Article\",\"@id\":\"https:\\\/\\\/folhapopular.info\\\/index.php\\\/2026\\\/03\\\/17\\\/projeto-restringe-licenca-premio-e-preve-perda-de-direitos\\\/#article\",\"isPartOf\":{\"@id\":\"https:\\\/\\\/folhapopular.info\\\/index.php\\\/2026\\\/03\\\/17\\\/projeto-restringe-licenca-premio-e-preve-perda-de-direitos\\\/\"},\"author\":{\"name\":\"Anderson Lopes\",\"@id\":\"https:\\\/\\\/folhapopular.info\\\/#\\\/schema\\\/person\\\/50fd7636116370b67381921e65092a49\"},\"headline\":\"Projeto restringe licen\u00e7a-pr\u00eamio e prev\u00ea perda de direitos no funcionalismo em Lajeado\",\"datePublished\":\"2026-03-17T14:24:49+00:00\",\"dateModified\":\"2026-03-17T15:42:41+00:00\",\"mainEntityOfPage\":{\"@id\":\"https:\\\/\\\/folhapopular.info\\\/index.php\\\/2026\\\/03\\\/17\\\/projeto-restringe-licenca-premio-e-preve-perda-de-direitos\\\/\"},\"wordCount\":824,\"commentCount\":0,\"image\":{\"@id\":\"https:\\\/\\\/folhapopular.info\\\/index.php\\\/2026\\\/03\\\/17\\\/projeto-restringe-licenca-premio-e-preve-perda-de-direitos\\\/#primaryimage\"},\"thumbnailUrl\":\"https:\\\/\\\/folhapopular.info\\\/wp-content\\\/uploads\\\/2026\\\/03\\\/WhatsApp-Image-2026-03-12-at-13.27.56.jpeg\",\"keywords\":[\"Direitos\",\"funcionalismo\",\"Lajeado\",\"Licen\u00e7a-pr\u00eamio\",\"Projeto\",\"Servidores\"],\"articleSection\":[\"Assinantes\",\"Conte\u00fado Exclusivo\",\"Pol\u00edtica\"],\"inLanguage\":\"pt-BR\",\"potentialAction\":[{\"@type\":\"CommentAction\",\"name\":\"Comment\",\"target\":[\"https:\\\/\\\/folhapopular.info\\\/index.php\\\/2026\\\/03\\\/17\\\/projeto-restringe-licenca-premio-e-preve-perda-de-direitos\\\/#respond\"]}]},{\"@type\":\"WebPage\",\"@id\":\"https:\\\/\\\/folhapopular.info\\\/index.php\\\/2026\\\/03\\\/17\\\/projeto-restringe-licenca-premio-e-preve-perda-de-direitos\\\/\",\"url\":\"https:\\\/\\\/folhapopular.info\\\/index.php\\\/2026\\\/03\\\/17\\\/projeto-restringe-licenca-premio-e-preve-perda-de-direitos\\\/\",\"name\":\"Projeto restringe licen\u00e7a-pr\u00eamio e prev\u00ea perda de direitos\",\"isPartOf\":{\"@id\":\"https:\\\/\\\/folhapopular.info\\\/#website\"},\"primaryImageOfPage\":{\"@id\":\"https:\\\/\\\/folhapopular.info\\\/index.php\\\/2026\\\/03\\\/17\\\/projeto-restringe-licenca-premio-e-preve-perda-de-direitos\\\/#primaryimage\"},\"image\":{\"@id\":\"https:\\\/\\\/folhapopular.info\\\/index.php\\\/2026\\\/03\\\/17\\\/projeto-restringe-licenca-premio-e-preve-perda-de-direitos\\\/#primaryimage\"},\"thumbnailUrl\":\"https:\\\/\\\/folhapopular.info\\\/wp-content\\\/uploads\\\/2026\\\/03\\\/WhatsApp-Image-2026-03-12-at-13.27.56.jpeg\",\"datePublished\":\"2026-03-17T14:24:49+00:00\",\"dateModified\":\"2026-03-17T15:42:41+00:00\",\"author\":{\"@id\":\"https:\\\/\\\/folhapopular.info\\\/#\\\/schema\\\/person\\\/50fd7636116370b67381921e65092a49\"},\"description\":\"Projeto restringe licen\u00e7a-pr\u00eamio e prev\u00ea perda de direitos no funcionalismo em Lajeado. A sess\u00e3o ordin\u00e1ria da C\u00e2mara de Vereadores\",\"breadcrumb\":{\"@id\":\"https:\\\/\\\/folhapopular.info\\\/index.php\\\/2026\\\/03\\\/17\\\/projeto-restringe-licenca-premio-e-preve-perda-de-direitos\\\/#breadcrumb\"},\"inLanguage\":\"pt-BR\",\"potentialAction\":[{\"@type\":\"ReadAction\",\"target\":[\"https:\\\/\\\/folhapopular.info\\\/index.php\\\/2026\\\/03\\\/17\\\/projeto-restringe-licenca-premio-e-preve-perda-de-direitos\\\/\"]}]},{\"@type\":\"ImageObject\",\"inLanguage\":\"pt-BR\",\"@id\":\"https:\\\/\\\/folhapopular.info\\\/index.php\\\/2026\\\/03\\\/17\\\/projeto-restringe-licenca-premio-e-preve-perda-de-direitos\\\/#primaryimage\",\"url\":\"https:\\\/\\\/folhapopular.info\\\/wp-content\\\/uploads\\\/2026\\\/03\\\/WhatsApp-Image-2026-03-12-at-13.27.56.jpeg\",\"contentUrl\":\"https:\\\/\\\/folhapopular.info\\\/wp-content\\\/uploads\\\/2026\\\/03\\\/WhatsApp-Image-2026-03-12-at-13.27.56.jpeg\",\"width\":960,\"height\":1280,\"caption\":\"Cr\u00e9dito: Gabriel R\u00fcbenich \\\/ Divulga\u00e7\u00e3o\"},{\"@type\":\"BreadcrumbList\",\"@id\":\"https:\\\/\\\/folhapopular.info\\\/index.php\\\/2026\\\/03\\\/17\\\/projeto-restringe-licenca-premio-e-preve-perda-de-direitos\\\/#breadcrumb\",\"itemListElement\":[{\"@type\":\"ListItem\",\"position\":1,\"name\":\"In\u00edcio\",\"item\":\"https:\\\/\\\/folhapopular.info\\\/\"},{\"@type\":\"ListItem\",\"position\":2,\"name\":\"Projeto restringe licen\u00e7a-pr\u00eamio e prev\u00ea perda de direitos no funcionalismo em Lajeado\"}]},{\"@type\":\"WebSite\",\"@id\":\"https:\\\/\\\/folhapopular.info\\\/#website\",\"url\":\"https:\\\/\\\/folhapopular.info\\\/\",\"name\":\"Folha Popular\",\"description\":\"Onde voc\u00ea tem vez e voz\",\"potentialAction\":[{\"@type\":\"SearchAction\",\"target\":{\"@type\":\"EntryPoint\",\"urlTemplate\":\"https:\\\/\\\/folhapopular.info\\\/?s={search_term_string}\"},\"query-input\":{\"@type\":\"PropertyValueSpecification\",\"valueRequired\":true,\"valueName\":\"search_term_string\"}}],\"inLanguage\":\"pt-BR\"},{\"@type\":\"Person\",\"@id\":\"https:\\\/\\\/folhapopular.info\\\/#\\\/schema\\\/person\\\/50fd7636116370b67381921e65092a49\",\"name\":\"Anderson Lopes\",\"image\":{\"@type\":\"ImageObject\",\"inLanguage\":\"pt-BR\",\"@id\":\"https:\\\/\\\/secure.gravatar.com\\\/avatar\\\/030f2f2574ef743bc9016552464e94d04c7e61de505d7089178f340fc50ed8c6?s=96&d=mm&r=g\",\"url\":\"https:\\\/\\\/secure.gravatar.com\\\/avatar\\\/030f2f2574ef743bc9016552464e94d04c7e61de505d7089178f340fc50ed8c6?s=96&d=mm&r=g\",\"contentUrl\":\"https:\\\/\\\/secure.gravatar.com\\\/avatar\\\/030f2f2574ef743bc9016552464e94d04c7e61de505d7089178f340fc50ed8c6?s=96&d=mm&r=g\",\"caption\":\"Anderson Lopes\"},\"url\":\"https:\\\/\\\/folhapopular.info\\\/index.php\\\/author\\\/anderson-lopes\\\/\"}]}<\/script>\n<!-- \/ Yoast SEO plugin. -->","yoast_head_json":{"title":"Projeto restringe licen\u00e7a-pr\u00eamio e prev\u00ea perda de direitos","description":"Projeto restringe licen\u00e7a-pr\u00eamio e prev\u00ea perda de direitos no funcionalismo em Lajeado. A sess\u00e3o ordin\u00e1ria da C\u00e2mara de Vereadores","robots":{"index":"index","follow":"follow","max-snippet":"max-snippet:-1","max-image-preview":"max-image-preview:large","max-video-preview":"max-video-preview:-1"},"canonical":"https:\/\/folhapopular.info\/index.php\/2026\/03\/17\/projeto-restringe-licenca-premio-e-preve-perda-de-direitos\/","og_locale":"pt_BR","og_type":"article","og_title":"Projeto restringe licen\u00e7a-pr\u00eamio e prev\u00ea perda de direitos","og_description":"Projeto restringe licen\u00e7a-pr\u00eamio e prev\u00ea perda de direitos no funcionalismo em Lajeado. A sess\u00e3o ordin\u00e1ria da C\u00e2mara de Vereadores","og_url":"https:\/\/folhapopular.info\/index.php\/2026\/03\/17\/projeto-restringe-licenca-premio-e-preve-perda-de-direitos\/","og_site_name":"Folha Popular","article_published_time":"2026-03-17T14:24:49+00:00","article_modified_time":"2026-03-17T15:42:41+00:00","og_image":[{"width":960,"height":1280,"url":"http:\/\/folhapopular.info\/wp-content\/uploads\/2026\/03\/WhatsApp-Image-2026-03-12-at-13.27.56.jpeg","type":"image\/jpeg"}],"author":"Anderson Lopes","twitter_card":"summary_large_image","twitter_misc":{"Escrito por":"Anderson Lopes","Est. tempo de leitura":"5 minutos"},"schema":{"@context":"https:\/\/schema.org","@graph":[{"@type":"Article","@id":"https:\/\/folhapopular.info\/index.php\/2026\/03\/17\/projeto-restringe-licenca-premio-e-preve-perda-de-direitos\/#article","isPartOf":{"@id":"https:\/\/folhapopular.info\/index.php\/2026\/03\/17\/projeto-restringe-licenca-premio-e-preve-perda-de-direitos\/"},"author":{"name":"Anderson Lopes","@id":"https:\/\/folhapopular.info\/#\/schema\/person\/50fd7636116370b67381921e65092a49"},"headline":"Projeto restringe licen\u00e7a-pr\u00eamio e prev\u00ea perda de direitos no funcionalismo em Lajeado","datePublished":"2026-03-17T14:24:49+00:00","dateModified":"2026-03-17T15:42:41+00:00","mainEntityOfPage":{"@id":"https:\/\/folhapopular.info\/index.php\/2026\/03\/17\/projeto-restringe-licenca-premio-e-preve-perda-de-direitos\/"},"wordCount":824,"commentCount":0,"image":{"@id":"https:\/\/folhapopular.info\/index.php\/2026\/03\/17\/projeto-restringe-licenca-premio-e-preve-perda-de-direitos\/#primaryimage"},"thumbnailUrl":"https:\/\/folhapopular.info\/wp-content\/uploads\/2026\/03\/WhatsApp-Image-2026-03-12-at-13.27.56.jpeg","keywords":["Direitos","funcionalismo","Lajeado","Licen\u00e7a-pr\u00eamio","Projeto","Servidores"],"articleSection":["Assinantes","Conte\u00fado Exclusivo","Pol\u00edtica"],"inLanguage":"pt-BR","potentialAction":[{"@type":"CommentAction","name":"Comment","target":["https:\/\/folhapopular.info\/index.php\/2026\/03\/17\/projeto-restringe-licenca-premio-e-preve-perda-de-direitos\/#respond"]}]},{"@type":"WebPage","@id":"https:\/\/folhapopular.info\/index.php\/2026\/03\/17\/projeto-restringe-licenca-premio-e-preve-perda-de-direitos\/","url":"https:\/\/folhapopular.info\/index.php\/2026\/03\/17\/projeto-restringe-licenca-premio-e-preve-perda-de-direitos\/","name":"Projeto restringe licen\u00e7a-pr\u00eamio e prev\u00ea perda de direitos","isPartOf":{"@id":"https:\/\/folhapopular.info\/#website"},"primaryImageOfPage":{"@id":"https:\/\/folhapopular.info\/index.php\/2026\/03\/17\/projeto-restringe-licenca-premio-e-preve-perda-de-direitos\/#primaryimage"},"image":{"@id":"https:\/\/folhapopular.info\/index.php\/2026\/03\/17\/projeto-restringe-licenca-premio-e-preve-perda-de-direitos\/#primaryimage"},"thumbnailUrl":"https:\/\/folhapopular.info\/wp-content\/uploads\/2026\/03\/WhatsApp-Image-2026-03-12-at-13.27.56.jpeg","datePublished":"2026-03-17T14:24:49+00:00","dateModified":"2026-03-17T15:42:41+00:00","author":{"@id":"https:\/\/folhapopular.info\/#\/schema\/person\/50fd7636116370b67381921e65092a49"},"description":"Projeto restringe licen\u00e7a-pr\u00eamio e prev\u00ea perda de direitos no funcionalismo em Lajeado. A sess\u00e3o ordin\u00e1ria da C\u00e2mara de Vereadores","breadcrumb":{"@id":"https:\/\/folhapopular.info\/index.php\/2026\/03\/17\/projeto-restringe-licenca-premio-e-preve-perda-de-direitos\/#breadcrumb"},"inLanguage":"pt-BR","potentialAction":[{"@type":"ReadAction","target":["https:\/\/folhapopular.info\/index.php\/2026\/03\/17\/projeto-restringe-licenca-premio-e-preve-perda-de-direitos\/"]}]},{"@type":"ImageObject","inLanguage":"pt-BR","@id":"https:\/\/folhapopular.info\/index.php\/2026\/03\/17\/projeto-restringe-licenca-premio-e-preve-perda-de-direitos\/#primaryimage","url":"https:\/\/folhapopular.info\/wp-content\/uploads\/2026\/03\/WhatsApp-Image-2026-03-12-at-13.27.56.jpeg","contentUrl":"https:\/\/folhapopular.info\/wp-content\/uploads\/2026\/03\/WhatsApp-Image-2026-03-12-at-13.27.56.jpeg","width":960,"height":1280,"caption":"Cr\u00e9dito: Gabriel R\u00fcbenich \/ Divulga\u00e7\u00e3o"},{"@type":"BreadcrumbList","@id":"https:\/\/folhapopular.info\/index.php\/2026\/03\/17\/projeto-restringe-licenca-premio-e-preve-perda-de-direitos\/#breadcrumb","itemListElement":[{"@type":"ListItem","position":1,"name":"In\u00edcio","item":"https:\/\/folhapopular.info\/"},{"@type":"ListItem","position":2,"name":"Projeto restringe licen\u00e7a-pr\u00eamio e prev\u00ea perda de direitos no funcionalismo em Lajeado"}]},{"@type":"WebSite","@id":"https:\/\/folhapopular.info\/#website","url":"https:\/\/folhapopular.info\/","name":"Folha Popular","description":"Onde voc\u00ea tem vez e voz","potentialAction":[{"@type":"SearchAction","target":{"@type":"EntryPoint","urlTemplate":"https:\/\/folhapopular.info\/?s={search_term_string}"},"query-input":{"@type":"PropertyValueSpecification","valueRequired":true,"valueName":"search_term_string"}}],"inLanguage":"pt-BR"},{"@type":"Person","@id":"https:\/\/folhapopular.info\/#\/schema\/person\/50fd7636116370b67381921e65092a49","name":"Anderson Lopes","image":{"@type":"ImageObject","inLanguage":"pt-BR","@id":"https:\/\/secure.gravatar.com\/avatar\/030f2f2574ef743bc9016552464e94d04c7e61de505d7089178f340fc50ed8c6?s=96&d=mm&r=g","url":"https:\/\/secure.gravatar.com\/avatar\/030f2f2574ef743bc9016552464e94d04c7e61de505d7089178f340fc50ed8c6?s=96&d=mm&r=g","contentUrl":"https:\/\/secure.gravatar.com\/avatar\/030f2f2574ef743bc9016552464e94d04c7e61de505d7089178f340fc50ed8c6?s=96&d=mm&r=g","caption":"Anderson Lopes"},"url":"https:\/\/folhapopular.info\/index.php\/author\/anderson-lopes\/"}]}},"jetpack_featured_media_url":"https:\/\/folhapopular.info\/wp-content\/uploads\/2026\/03\/WhatsApp-Image-2026-03-12-at-13.27.56.jpeg","jetpack_sharing_enabled":true,"amp_enabled":true,"_links":{"self":[{"href":"https:\/\/folhapopular.info\/index.php\/wp-json\/wp\/v2\/posts\/206085","targetHints":{"allow":["GET"]}}],"collection":[{"href":"https:\/\/folhapopular.info\/index.php\/wp-json\/wp\/v2\/posts"}],"about":[{"href":"https:\/\/folhapopular.info\/index.php\/wp-json\/wp\/v2\/types\/post"}],"author":[{"embeddable":true,"href":"https:\/\/folhapopular.info\/index.php\/wp-json\/wp\/v2\/users\/772"}],"replies":[{"embeddable":true,"href":"https:\/\/folhapopular.info\/index.php\/wp-json\/wp\/v2\/comments?post=206085"}],"version-history":[{"count":0,"href":"https:\/\/folhapopular.info\/index.php\/wp-json\/wp\/v2\/posts\/206085\/revisions"}],"wp:featuredmedia":[{"embeddable":true,"href":"https:\/\/folhapopular.info\/index.php\/wp-json\/wp\/v2\/media\/206086"}],"wp:attachment":[{"href":"https:\/\/folhapopular.info\/index.php\/wp-json\/wp\/v2\/media?parent=206085"}],"wp:term":[{"taxonomy":"category","embeddable":true,"href":"https:\/\/folhapopular.info\/index.php\/wp-json\/wp\/v2\/categories?post=206085"},{"taxonomy":"post_tag","embeddable":true,"href":"https:\/\/folhapopular.info\/index.php\/wp-json\/wp\/v2\/tags?post=206085"}],"curies":[{"name":"wp","href":"https:\/\/api.w.org\/{rel}","templated":true}]}}