{"id":207805,"date":"2026-04-04T09:03:37","date_gmt":"2026-04-04T12:03:37","guid":{"rendered":"https:\/\/folhapopular.info\/?p=207805"},"modified":"2026-04-04T09:03:37","modified_gmt":"2026-04-04T12:03:37","slug":"caminhada-da-apae-lajeado-mobiliza-comunidade-em-prol-da-conscientizacao-e-inclusao","status":"publish","type":"post","link":"https:\/\/folhapopular.info\/index.php\/2026\/04\/04\/caminhada-da-apae-lajeado-mobiliza-comunidade-em-prol-da-conscientizacao-e-inclusao\/","title":{"rendered":"Caminhada da Apae Lajeado mobiliza comunidade em prol da conscientiza\u00e7\u00e3o"},"content":{"rendered":"\n<p>A Associa\u00e7\u00e3o de Pais e Amigos dos Excepcionais de Lajeado (Apae) realizou uma caminhada no bairro S\u00e3o Crist\u00f3v\u00e3o em alus\u00e3o ao Dia Mundial de Conscientiza\u00e7\u00e3o do Autismo na quinta-feira (2\/4). O ato reuniu mais de 100 participantes com o objetivo de promover a inclus\u00e3o.<\/p>\n\n\n\n<p>O percurso incluiu passagem pela Escola Ot\u00edlia Corr\u00eaa de Lima e pelo Centro de Educa\u00e7\u00e3o B\u00e1sica Gustavo Adolfo. Ao final, houve apresenta\u00e7\u00e3o do grupo Arte Inclusiva, com execu\u00e7\u00e3o de m\u00fasicas, e soltura de bal\u00f5es.<\/p>\n\n\n\n<p>Para presidente da Apae, Adilson Johann, \u201c\u00e9 um momento de congregar, de agregar pessoas em fun\u00e7\u00e3o de uma causa crescente, que precisa de mais cuidado&#8221;.  Ele tamb\u00e9m ressaltou a relev\u00e2ncia de levar a institui\u00e7\u00e3o para al\u00e9m de seus muros. \u201cSair dos port\u00f5es da Apae e ir para o bairro \u00e9 fundamental. A comunidade precisa enxergar esse movimento, nos olhar e nos aceitar. \u00c9 isso que queremos.\u201d<\/p>\n\n\n\n<p>Fam\u00edlias tamb\u00e9m participaram da atividade. A m\u00e3e Nara Regina Scheibler destacou o impacto da Apae no desenvolvimento da filha. \u201cA Apae \u00e9 muito especial para n\u00f3s. Sabemos que a Lav\u00ednia \u00e9 acolhida e aprende dentro dos seus limites. Esse movimento \u00e9 importante para a fam\u00edlia e para a sociedade, para mostrar que nossos filhos t\u00eam um lugar no mundo, que n\u00e3o s\u00e3o exclu\u00eddos, mas inclu\u00eddos. Estamos juntos, fam\u00edlia e Apae, lutando para que os direitos deles sejam sempre respeitados\u201d, relatou.<\/p>\n\n\n\n<figure class=\"wp-block-gallery has-nested-images columns-default is-cropped wp-block-gallery-1 is-layout-flex wp-block-gallery-is-layout-flex\">\n<figure class=\"wp-block-image size-large\"><img decoding=\"async\" data-id=\"207806\" src=\"https:\/\/folhapopular.info\/wp-content\/uploads\/2026\/04\/mae-Nara.jpg\" alt=\"\" class=\"wp-image-207806\"\/><figcaption class=\"wp-element-caption\">Cr\u00e9dito: Renata Leal \/ Divulga\u00e7\u00e3o<\/figcaption><\/figure>\n<\/figure>\n","protected":false},"excerpt":{"rendered":"<p>A Associa\u00e7\u00e3o de Pais e Amigos dos Excepcionais de Lajeado (Apae) realizou uma caminhada no bairro S\u00e3o Crist\u00f3v\u00e3o em alus\u00e3o ao Dia Mundial de Conscientiza\u00e7\u00e3o do Autismo na quinta-feira (2\/4). O ato reuniu mais de 100 participantes com o objetivo de promover a inclus\u00e3o. O percurso incluiu passagem pela Escola Ot\u00edlia Corr\u00eaa de Lima e [&hellip;]<\/p>\n","protected":false},"author":8,"featured_media":0,"comment_status":"open","ping_status":"open","sticky":false,"template":"","format":"standard","meta":{"pmpro_default_level":"","_jetpack_memberships_contains_paid_content":false,"footnotes":""},"categories":[2,12602,6],"tags":[887,12095,4562,27,6523],"class_list":{"0":"post-207805","1":"post","2":"type-post","3":"status-publish","4":"format-standard","6":"category-featured","7":"category-diversidade","8":"category-inclusive","9":"tag-apae","10":"tag-apae-lajeado","11":"tag-autismo","12":"tag-lajeado","13":"tag-tea","14":"pmpro-has-access"},"yoast_head":"<!-- This site is optimized with the Yoast SEO plugin v27.5 - https:\/\/yoast.com\/product\/yoast-seo-wordpress\/ -->\n<title>Caminhada da Apae Lajeado mobiliza comunidade em prol da conscientiza\u00e7\u00e3o - Folha Popular<\/title>\n<meta name=\"robots\" content=\"index, follow, max-snippet:-1, max-image-preview:large, max-video-preview:-1\" \/>\n<link rel=\"canonical\" href=\"https:\/\/folhapopular.info\/index.php\/2026\/04\/04\/caminhada-da-apae-lajeado-mobiliza-comunidade-em-prol-da-conscientizacao-e-inclusao\/\" \/>\n<meta property=\"og:locale\" content=\"pt_BR\" \/>\n<meta property=\"og:type\" content=\"article\" \/>\n<meta property=\"og:title\" content=\"Caminhada da Apae Lajeado mobiliza comunidade em prol da conscientiza\u00e7\u00e3o - Folha Popular\" \/>\n<meta property=\"og:description\" content=\"A Associa\u00e7\u00e3o de Pais e Amigos dos Excepcionais de Lajeado (Apae) realizou uma caminhada no bairro S\u00e3o Crist\u00f3v\u00e3o em alus\u00e3o ao Dia Mundial de Conscientiza\u00e7\u00e3o do Autismo na quinta-feira (2\/4). O ato reuniu mais de 100 participantes com o objetivo de promover a inclus\u00e3o. O percurso incluiu passagem pela Escola Ot\u00edlia Corr\u00eaa de Lima e [&hellip;]\" \/>\n<meta property=\"og:url\" content=\"https:\/\/folhapopular.info\/index.php\/2026\/04\/04\/caminhada-da-apae-lajeado-mobiliza-comunidade-em-prol-da-conscientizacao-e-inclusao\/\" \/>\n<meta property=\"og:site_name\" content=\"Folha Popular\" \/>\n<meta property=\"article:published_time\" content=\"2026-04-04T12:03:37+00:00\" \/>\n<meta name=\"author\" content=\"Reda\u00e7\u00e3o Folha Popular\" \/>\n<meta name=\"twitter:card\" content=\"summary_large_image\" \/>\n<meta name=\"twitter:label1\" content=\"Escrito por\" \/>\n\t<meta name=\"twitter:data1\" content=\"Reda\u00e7\u00e3o Folha Popular\" \/>\n\t<meta name=\"twitter:label2\" content=\"Est. tempo de leitura\" \/>\n\t<meta name=\"twitter:data2\" content=\"1 minuto\" \/>\n<script type=\"application\/ld+json\" class=\"yoast-schema-graph\">{\"@context\":\"https:\\\/\\\/schema.org\",\"@graph\":[{\"@type\":\"Article\",\"@id\":\"https:\\\/\\\/folhapopular.info\\\/index.php\\\/2026\\\/04\\\/04\\\/caminhada-da-apae-lajeado-mobiliza-comunidade-em-prol-da-conscientizacao-e-inclusao\\\/#article\",\"isPartOf\":{\"@id\":\"https:\\\/\\\/folhapopular.info\\\/index.php\\\/2026\\\/04\\\/04\\\/caminhada-da-apae-lajeado-mobiliza-comunidade-em-prol-da-conscientizacao-e-inclusao\\\/\"},\"author\":{\"name\":\"Reda\u00e7\u00e3o Folha Popular\",\"@id\":\"https:\\\/\\\/folhapopular.info\\\/#\\\/schema\\\/person\\\/2814e8a0df7643585a9ca38bc6eb9d4b\"},\"headline\":\"Caminhada da Apae Lajeado mobiliza comunidade em prol da conscientiza\u00e7\u00e3o\",\"datePublished\":\"2026-04-04T12:03:37+00:00\",\"mainEntityOfPage\":{\"@id\":\"https:\\\/\\\/folhapopular.info\\\/index.php\\\/2026\\\/04\\\/04\\\/caminhada-da-apae-lajeado-mobiliza-comunidade-em-prol-da-conscientizacao-e-inclusao\\\/\"},\"wordCount\":266,\"commentCount\":0,\"image\":{\"@id\":\"https:\\\/\\\/folhapopular.info\\\/index.php\\\/2026\\\/04\\\/04\\\/caminhada-da-apae-lajeado-mobiliza-comunidade-em-prol-da-conscientizacao-e-inclusao\\\/#primaryimage\"},\"thumbnailUrl\":\"https:\\\/\\\/folhapopular.info\\\/wp-content\\\/uploads\\\/2026\\\/04\\\/mae-Nara.jpg\",\"keywords\":[\"Apae\",\"apae lajeado\",\"autismo\",\"Lajeado\",\"TEA\"],\"articleSection\":[\"Destaques\",\"Diversidade\",\"Inclusive\"],\"inLanguage\":\"pt-BR\",\"potentialAction\":[{\"@type\":\"CommentAction\",\"name\":\"Comment\",\"target\":[\"https:\\\/\\\/folhapopular.info\\\/index.php\\\/2026\\\/04\\\/04\\\/caminhada-da-apae-lajeado-mobiliza-comunidade-em-prol-da-conscientizacao-e-inclusao\\\/#respond\"]}]},{\"@type\":\"WebPage\",\"@id\":\"https:\\\/\\\/folhapopular.info\\\/index.php\\\/2026\\\/04\\\/04\\\/caminhada-da-apae-lajeado-mobiliza-comunidade-em-prol-da-conscientizacao-e-inclusao\\\/\",\"url\":\"https:\\\/\\\/folhapopular.info\\\/index.php\\\/2026\\\/04\\\/04\\\/caminhada-da-apae-lajeado-mobiliza-comunidade-em-prol-da-conscientizacao-e-inclusao\\\/\",\"name\":\"Caminhada da Apae Lajeado mobiliza comunidade em prol da conscientiza\u00e7\u00e3o - Folha Popular\",\"isPartOf\":{\"@id\":\"https:\\\/\\\/folhapopular.info\\\/#website\"},\"primaryImageOfPage\":{\"@id\":\"https:\\\/\\\/folhapopular.info\\\/index.php\\\/2026\\\/04\\\/04\\\/caminhada-da-apae-lajeado-mobiliza-comunidade-em-prol-da-conscientizacao-e-inclusao\\\/#primaryimage\"},\"image\":{\"@id\":\"https:\\\/\\\/folhapopular.info\\\/index.php\\\/2026\\\/04\\\/04\\\/caminhada-da-apae-lajeado-mobiliza-comunidade-em-prol-da-conscientizacao-e-inclusao\\\/#primaryimage\"},\"thumbnailUrl\":\"https:\\\/\\\/folhapopular.info\\\/wp-content\\\/uploads\\\/2026\\\/04\\\/mae-Nara.jpg\",\"datePublished\":\"2026-04-04T12:03:37+00:00\",\"author\":{\"@id\":\"https:\\\/\\\/folhapopular.info\\\/#\\\/schema\\\/person\\\/2814e8a0df7643585a9ca38bc6eb9d4b\"},\"breadcrumb\":{\"@id\":\"https:\\\/\\\/folhapopular.info\\\/index.php\\\/2026\\\/04\\\/04\\\/caminhada-da-apae-lajeado-mobiliza-comunidade-em-prol-da-conscientizacao-e-inclusao\\\/#breadcrumb\"},\"inLanguage\":\"pt-BR\",\"potentialAction\":[{\"@type\":\"ReadAction\",\"target\":[\"https:\\\/\\\/folhapopular.info\\\/index.php\\\/2026\\\/04\\\/04\\\/caminhada-da-apae-lajeado-mobiliza-comunidade-em-prol-da-conscientizacao-e-inclusao\\\/\"]}]},{\"@type\":\"ImageObject\",\"inLanguage\":\"pt-BR\",\"@id\":\"https:\\\/\\\/folhapopular.info\\\/index.php\\\/2026\\\/04\\\/04\\\/caminhada-da-apae-lajeado-mobiliza-comunidade-em-prol-da-conscientizacao-e-inclusao\\\/#primaryimage\",\"url\":\"\",\"contentUrl\":\"\"},{\"@type\":\"BreadcrumbList\",\"@id\":\"https:\\\/\\\/folhapopular.info\\\/index.php\\\/2026\\\/04\\\/04\\\/caminhada-da-apae-lajeado-mobiliza-comunidade-em-prol-da-conscientizacao-e-inclusao\\\/#breadcrumb\",\"itemListElement\":[{\"@type\":\"ListItem\",\"position\":1,\"name\":\"In\u00edcio\",\"item\":\"https:\\\/\\\/folhapopular.info\\\/\"},{\"@type\":\"ListItem\",\"position\":2,\"name\":\"Caminhada da Apae Lajeado mobiliza comunidade em prol da conscientiza\u00e7\u00e3o\"}]},{\"@type\":\"WebSite\",\"@id\":\"https:\\\/\\\/folhapopular.info\\\/#website\",\"url\":\"https:\\\/\\\/folhapopular.info\\\/\",\"name\":\"Folha Popular\",\"description\":\"Onde voc\u00ea tem vez e voz\",\"potentialAction\":[{\"@type\":\"SearchAction\",\"target\":{\"@type\":\"EntryPoint\",\"urlTemplate\":\"https:\\\/\\\/folhapopular.info\\\/?s={search_term_string}\"},\"query-input\":{\"@type\":\"PropertyValueSpecification\",\"valueRequired\":true,\"valueName\":\"search_term_string\"}}],\"inLanguage\":\"pt-BR\"},{\"@type\":\"Person\",\"@id\":\"https:\\\/\\\/folhapopular.info\\\/#\\\/schema\\\/person\\\/2814e8a0df7643585a9ca38bc6eb9d4b\",\"name\":\"Reda\u00e7\u00e3o Folha Popular\",\"image\":{\"@type\":\"ImageObject\",\"inLanguage\":\"pt-BR\",\"@id\":\"https:\\\/\\\/folhapopular.info\\\/wp-content\\\/uploads\\\/2026\\\/04\\\/Folha-1.webp\",\"url\":\"https:\\\/\\\/folhapopular.info\\\/wp-content\\\/uploads\\\/2026\\\/04\\\/Folha-1.webp\",\"contentUrl\":\"https:\\\/\\\/folhapopular.info\\\/wp-content\\\/uploads\\\/2026\\\/04\\\/Folha-1.webp\",\"caption\":\"Reda\u00e7\u00e3o Folha Popular\"},\"url\":\"https:\\\/\\\/folhapopular.info\\\/index.php\\\/author\\\/redacao\\\/\"}]}<\/script>\n<!-- \/ Yoast SEO plugin. -->","yoast_head_json":{"title":"Caminhada da Apae Lajeado mobiliza comunidade em prol da conscientiza\u00e7\u00e3o - Folha Popular","robots":{"index":"index","follow":"follow","max-snippet":"max-snippet:-1","max-image-preview":"max-image-preview:large","max-video-preview":"max-video-preview:-1"},"canonical":"https:\/\/folhapopular.info\/index.php\/2026\/04\/04\/caminhada-da-apae-lajeado-mobiliza-comunidade-em-prol-da-conscientizacao-e-inclusao\/","og_locale":"pt_BR","og_type":"article","og_title":"Caminhada da Apae Lajeado mobiliza comunidade em prol da conscientiza\u00e7\u00e3o - Folha Popular","og_description":"A Associa\u00e7\u00e3o de Pais e Amigos dos Excepcionais de Lajeado (Apae) realizou uma caminhada no bairro S\u00e3o Crist\u00f3v\u00e3o em alus\u00e3o ao Dia Mundial de Conscientiza\u00e7\u00e3o do Autismo na quinta-feira (2\/4). O ato reuniu mais de 100 participantes com o objetivo de promover a inclus\u00e3o. O percurso incluiu passagem pela Escola Ot\u00edlia Corr\u00eaa de Lima e [&hellip;]","og_url":"https:\/\/folhapopular.info\/index.php\/2026\/04\/04\/caminhada-da-apae-lajeado-mobiliza-comunidade-em-prol-da-conscientizacao-e-inclusao\/","og_site_name":"Folha Popular","article_published_time":"2026-04-04T12:03:37+00:00","author":"Reda\u00e7\u00e3o Folha Popular","twitter_card":"summary_large_image","twitter_misc":{"Escrito por":"Reda\u00e7\u00e3o Folha Popular","Est. tempo de leitura":"1 minuto"},"schema":{"@context":"https:\/\/schema.org","@graph":[{"@type":"Article","@id":"https:\/\/folhapopular.info\/index.php\/2026\/04\/04\/caminhada-da-apae-lajeado-mobiliza-comunidade-em-prol-da-conscientizacao-e-inclusao\/#article","isPartOf":{"@id":"https:\/\/folhapopular.info\/index.php\/2026\/04\/04\/caminhada-da-apae-lajeado-mobiliza-comunidade-em-prol-da-conscientizacao-e-inclusao\/"},"author":{"name":"Reda\u00e7\u00e3o Folha Popular","@id":"https:\/\/folhapopular.info\/#\/schema\/person\/2814e8a0df7643585a9ca38bc6eb9d4b"},"headline":"Caminhada da Apae Lajeado mobiliza comunidade em prol da conscientiza\u00e7\u00e3o","datePublished":"2026-04-04T12:03:37+00:00","mainEntityOfPage":{"@id":"https:\/\/folhapopular.info\/index.php\/2026\/04\/04\/caminhada-da-apae-lajeado-mobiliza-comunidade-em-prol-da-conscientizacao-e-inclusao\/"},"wordCount":266,"commentCount":0,"image":{"@id":"https:\/\/folhapopular.info\/index.php\/2026\/04\/04\/caminhada-da-apae-lajeado-mobiliza-comunidade-em-prol-da-conscientizacao-e-inclusao\/#primaryimage"},"thumbnailUrl":"https:\/\/folhapopular.info\/wp-content\/uploads\/2026\/04\/mae-Nara.jpg","keywords":["Apae","apae lajeado","autismo","Lajeado","TEA"],"articleSection":["Destaques","Diversidade","Inclusive"],"inLanguage":"pt-BR","potentialAction":[{"@type":"CommentAction","name":"Comment","target":["https:\/\/folhapopular.info\/index.php\/2026\/04\/04\/caminhada-da-apae-lajeado-mobiliza-comunidade-em-prol-da-conscientizacao-e-inclusao\/#respond"]}]},{"@type":"WebPage","@id":"https:\/\/folhapopular.info\/index.php\/2026\/04\/04\/caminhada-da-apae-lajeado-mobiliza-comunidade-em-prol-da-conscientizacao-e-inclusao\/","url":"https:\/\/folhapopular.info\/index.php\/2026\/04\/04\/caminhada-da-apae-lajeado-mobiliza-comunidade-em-prol-da-conscientizacao-e-inclusao\/","name":"Caminhada da Apae Lajeado mobiliza comunidade em prol da conscientiza\u00e7\u00e3o - Folha Popular","isPartOf":{"@id":"https:\/\/folhapopular.info\/#website"},"primaryImageOfPage":{"@id":"https:\/\/folhapopular.info\/index.php\/2026\/04\/04\/caminhada-da-apae-lajeado-mobiliza-comunidade-em-prol-da-conscientizacao-e-inclusao\/#primaryimage"},"image":{"@id":"https:\/\/folhapopular.info\/index.php\/2026\/04\/04\/caminhada-da-apae-lajeado-mobiliza-comunidade-em-prol-da-conscientizacao-e-inclusao\/#primaryimage"},"thumbnailUrl":"https:\/\/folhapopular.info\/wp-content\/uploads\/2026\/04\/mae-Nara.jpg","datePublished":"2026-04-04T12:03:37+00:00","author":{"@id":"https:\/\/folhapopular.info\/#\/schema\/person\/2814e8a0df7643585a9ca38bc6eb9d4b"},"breadcrumb":{"@id":"https:\/\/folhapopular.info\/index.php\/2026\/04\/04\/caminhada-da-apae-lajeado-mobiliza-comunidade-em-prol-da-conscientizacao-e-inclusao\/#breadcrumb"},"inLanguage":"pt-BR","potentialAction":[{"@type":"ReadAction","target":["https:\/\/folhapopular.info\/index.php\/2026\/04\/04\/caminhada-da-apae-lajeado-mobiliza-comunidade-em-prol-da-conscientizacao-e-inclusao\/"]}]},{"@type":"ImageObject","inLanguage":"pt-BR","@id":"https:\/\/folhapopular.info\/index.php\/2026\/04\/04\/caminhada-da-apae-lajeado-mobiliza-comunidade-em-prol-da-conscientizacao-e-inclusao\/#primaryimage","url":"","contentUrl":""},{"@type":"BreadcrumbList","@id":"https:\/\/folhapopular.info\/index.php\/2026\/04\/04\/caminhada-da-apae-lajeado-mobiliza-comunidade-em-prol-da-conscientizacao-e-inclusao\/#breadcrumb","itemListElement":[{"@type":"ListItem","position":1,"name":"In\u00edcio","item":"https:\/\/folhapopular.info\/"},{"@type":"ListItem","position":2,"name":"Caminhada da Apae Lajeado mobiliza comunidade em prol da conscientiza\u00e7\u00e3o"}]},{"@type":"WebSite","@id":"https:\/\/folhapopular.info\/#website","url":"https:\/\/folhapopular.info\/","name":"Folha Popular","description":"Onde voc\u00ea tem vez e voz","potentialAction":[{"@type":"SearchAction","target":{"@type":"EntryPoint","urlTemplate":"https:\/\/folhapopular.info\/?s={search_term_string}"},"query-input":{"@type":"PropertyValueSpecification","valueRequired":true,"valueName":"search_term_string"}}],"inLanguage":"pt-BR"},{"@type":"Person","@id":"https:\/\/folhapopular.info\/#\/schema\/person\/2814e8a0df7643585a9ca38bc6eb9d4b","name":"Reda\u00e7\u00e3o Folha Popular","image":{"@type":"ImageObject","inLanguage":"pt-BR","@id":"https:\/\/folhapopular.info\/wp-content\/uploads\/2026\/04\/Folha-1.webp","url":"https:\/\/folhapopular.info\/wp-content\/uploads\/2026\/04\/Folha-1.webp","contentUrl":"https:\/\/folhapopular.info\/wp-content\/uploads\/2026\/04\/Folha-1.webp","caption":"Reda\u00e7\u00e3o Folha Popular"},"url":"https:\/\/folhapopular.info\/index.php\/author\/redacao\/"}]}},"jetpack_featured_media_url":"","jetpack_sharing_enabled":true,"amp_enabled":true,"_links":{"self":[{"href":"https:\/\/folhapopular.info\/index.php\/wp-json\/wp\/v2\/posts\/207805","targetHints":{"allow":["GET"]}}],"collection":[{"href":"https:\/\/folhapopular.info\/index.php\/wp-json\/wp\/v2\/posts"}],"about":[{"href":"https:\/\/folhapopular.info\/index.php\/wp-json\/wp\/v2\/types\/post"}],"author":[{"embeddable":true,"href":"https:\/\/folhapopular.info\/index.php\/wp-json\/wp\/v2\/users\/8"}],"replies":[{"embeddable":true,"href":"https:\/\/folhapopular.info\/index.php\/wp-json\/wp\/v2\/comments?post=207805"}],"version-history":[{"count":0,"href":"https:\/\/folhapopular.info\/index.php\/wp-json\/wp\/v2\/posts\/207805\/revisions"}],"wp:attachment":[{"href":"https:\/\/folhapopular.info\/index.php\/wp-json\/wp\/v2\/media?parent=207805"}],"wp:term":[{"taxonomy":"category","embeddable":true,"href":"https:\/\/folhapopular.info\/index.php\/wp-json\/wp\/v2\/categories?post=207805"},{"taxonomy":"post_tag","embeddable":true,"href":"https:\/\/folhapopular.info\/index.php\/wp-json\/wp\/v2\/tags?post=207805"}],"curies":[{"name":"wp","href":"https:\/\/api.w.org\/{rel}","templated":true}]}}