{"id":207813,"date":"2026-04-04T09:29:34","date_gmt":"2026-04-04T12:29:34","guid":{"rendered":"https:\/\/folhapopular.info\/?p=207813"},"modified":"2026-04-04T09:29:34","modified_gmt":"2026-04-04T12:29:34","slug":"associacao-de-pais-e-professores-do-colegio-teutonia-elege-nova-diretoria","status":"publish","type":"post","link":"https:\/\/folhapopular.info\/index.php\/2026\/04\/04\/associacao-de-pais-e-professores-do-colegio-teutonia-elege-nova-diretoria\/","title":{"rendered":"Associa\u00e7\u00e3o de Pais e Professores do Col\u00e9gio Teut\u00f4nia elege nova diretoria"},"content":{"rendered":"\n<p>A Associa\u00e7\u00e3o de Pais e Professores (APP) do Col\u00e9gio Teut\u00f4nia realizou Assembleia Geral Ordin\u00e1ria na noite de ter\u00e7a-feira (31\/3), no miniaudit\u00f3rio da institui\u00e7\u00e3o. Na reuni\u00e3o, foram apresentados o relat\u00f3rio de atividades e a presta\u00e7\u00e3o de contas do exerc\u00edcio 2024\/2025, al\u00e9m da elei\u00e7\u00e3o da nova diretoria. O encontro foi conduzido pelo ent\u00e3o presidente Roberto M\u00fcller, que destacou a aplica\u00e7\u00e3o dos recursos e o apoio da escola \u00e0s a\u00e7\u00f5es da entidade.<\/p>\n\n\n\n<p>A diretora do col\u00e9gio, Fabiane Dentee Wommer, apresentou dados da institui\u00e7\u00e3o e detalhou investimentos realizados com apoio da APP. Entre eles, reformas em salas de aula, melhorias em infraestrutura tecnol\u00f3gica, apoio a atividades pedag\u00f3gicas e aquisi\u00e7\u00e3o de equipamentos para o Laborat\u00f3rio de Ci\u00eancias.<\/p>\n\n\n\n<p>A nova diretoria da APP para o bi\u00eanio 2026\/2028 tem como presidente Diogo Fernando Dickel e vice-presidente Roberto M\u00fcller. Tamb\u00e9m integram a gest\u00e3o Marli Beatris Agostini Menegussi (tesoureira), Ingrid R\u00fcckert dos Santos (vice-tesoureira), Jaqueline Spellmeier (secret\u00e1ria) e Cirlei Jasper (vice-secret\u00e1ria). O Conselho Fiscal \u00e9 composto por Camila Brunetto, Vivian Tiggemann Michel e Germano Elias Hollmann, com supl\u00eancia de Edson Horst, Luciana Brune e Vicente Feldkircher.<\/p>\n\n\n\n<p>Ao assumir o cargo, Dickel afirmou que a gest\u00e3o ter\u00e1 como foco a participa\u00e7\u00e3o e a integra\u00e7\u00e3o entre fam\u00edlias, escola e comunidade.<\/p>\n\n\n\n<h2 class=\"wp-block-heading\"><strong>FAT realiza assembleia<\/strong><\/h2>\n\n\n\n<p>A Funda\u00e7\u00e3o Agr\u00edcola Teut\u00f4nia (FAT), mantenedora do col\u00e9gio, realizou assembleia geral ordin\u00e1ria no dia 25 de mar\u00e7o, tamb\u00e9m no miniaudit\u00f3rio. Foram apresentados o relat\u00f3rio de atividades, balan\u00e7os financeiro e patrimonial, parecer do Conselho Fiscal e da auditoria independente, al\u00e9m da proposta or\u00e7ament\u00e1ria para 2026.<\/p>\n\n\n\n<p>A reuni\u00e3o foi conduzida pelo presidente da Diretoria Executiva, Samuel Eduardo Maders, que destacou o trabalho desenvolvido pela institui\u00e7\u00e3o de ensino.<\/p>\n\n\n\n<h2 class=\"wp-block-heading\"><strong>Aprocote elege diretoria<\/strong><\/h2>\n\n\n\n<p>Tamb\u00e9m na ter\u00e7a-feira (31), a Associa\u00e7\u00e3o de Professores e Funcion\u00e1rios do Col\u00e9gio Teut\u00f4nia (Aprocote) realizou assembleia geral ordin\u00e1ria. A pauta incluiu apresenta\u00e7\u00e3o de relat\u00f3rios e elei\u00e7\u00e3o da nova diretoria e do Conselho Fiscal para o bi\u00eanio 2026\/2028.<\/p>\n\n\n\n<p>A nova diretoria \u00e9 formada por Jaqueline Spellmeier (presidente), Harry Baukat (vice-presidente), Michele Andreza Dietze Palm (tesoureira), Raquel Adriana de Oliveira (vice-tesoureira), Jessica Raquel Glienke Sommerfelt (secret\u00e1ria) e Ana L\u00facia dos Santos Hamester (vice-secret\u00e1ria). O Conselho Fiscal \u00e9 composto por Anderson Felipe Habekost, Laudenor Brune e Paulo Renato Costa dos Santos.<\/p>\n","protected":false},"excerpt":{"rendered":"<p>A Associa\u00e7\u00e3o de Pais e Professores (APP) do Col\u00e9gio Teut\u00f4nia realizou Assembleia Geral Ordin\u00e1ria na noite de ter\u00e7a-feira (31\/3), no miniaudit\u00f3rio da institui\u00e7\u00e3o. Na reuni\u00e3o, foram apresentados o relat\u00f3rio de atividades e a presta\u00e7\u00e3o de contas do exerc\u00edcio 2024\/2025, al\u00e9m da elei\u00e7\u00e3o da nova diretoria. O encontro foi conduzido pelo ent\u00e3o presidente Roberto M\u00fcller, que [&hellip;]<\/p>\n","protected":false},"author":8,"featured_media":0,"comment_status":"open","ping_status":"open","sticky":false,"template":"","format":"standard","meta":{"pmpro_default_level":"","_jetpack_memberships_contains_paid_content":false,"footnotes":""},"categories":[10988,3],"tags":[20927,131,12231,26],"class_list":{"0":"post-207813","1":"post","2":"type-post","3":"status-publish","4":"format-standard","6":"category-educacao","7":"category-geral","8":"tag-associacao-de-pais-e-professores","9":"tag-colegio-teutonia","10":"tag-fundacao-agricola-teutonia","11":"tag-teutonia","12":"pmpro-has-access"},"yoast_head":"<!-- This site is optimized with the Yoast SEO plugin v27.5 - https:\/\/yoast.com\/product\/yoast-seo-wordpress\/ -->\n<title>Associa\u00e7\u00e3o de Pais e Professores do Col\u00e9gio Teut\u00f4nia elege nova diretoria - Folha Popular<\/title>\n<meta name=\"robots\" content=\"index, follow, max-snippet:-1, max-image-preview:large, max-video-preview:-1\" \/>\n<link rel=\"canonical\" href=\"https:\/\/folhapopular.info\/index.php\/2026\/04\/04\/associacao-de-pais-e-professores-do-colegio-teutonia-elege-nova-diretoria\/\" \/>\n<meta property=\"og:locale\" content=\"pt_BR\" \/>\n<meta property=\"og:type\" content=\"article\" \/>\n<meta property=\"og:title\" content=\"Associa\u00e7\u00e3o de Pais e Professores do Col\u00e9gio Teut\u00f4nia elege nova diretoria - Folha Popular\" \/>\n<meta property=\"og:description\" content=\"A Associa\u00e7\u00e3o de Pais e Professores (APP) do Col\u00e9gio Teut\u00f4nia realizou Assembleia Geral Ordin\u00e1ria na noite de ter\u00e7a-feira (31\/3), no miniaudit\u00f3rio da institui\u00e7\u00e3o. Na reuni\u00e3o, foram apresentados o relat\u00f3rio de atividades e a presta\u00e7\u00e3o de contas do exerc\u00edcio 2024\/2025, al\u00e9m da elei\u00e7\u00e3o da nova diretoria. O encontro foi conduzido pelo ent\u00e3o presidente Roberto M\u00fcller, que [&hellip;]\" \/>\n<meta property=\"og:url\" content=\"https:\/\/folhapopular.info\/index.php\/2026\/04\/04\/associacao-de-pais-e-professores-do-colegio-teutonia-elege-nova-diretoria\/\" \/>\n<meta property=\"og:site_name\" content=\"Folha Popular\" \/>\n<meta property=\"article:published_time\" content=\"2026-04-04T12:29:34+00:00\" \/>\n<meta name=\"author\" content=\"Reda\u00e7\u00e3o Folha Popular\" \/>\n<meta name=\"twitter:card\" content=\"summary_large_image\" \/>\n<meta name=\"twitter:label1\" content=\"Escrito por\" \/>\n\t<meta name=\"twitter:data1\" content=\"Reda\u00e7\u00e3o Folha Popular\" \/>\n\t<meta name=\"twitter:label2\" content=\"Est. tempo de leitura\" \/>\n\t<meta name=\"twitter:data2\" content=\"2 minutos\" \/>\n<script type=\"application\/ld+json\" class=\"yoast-schema-graph\">{\"@context\":\"https:\\\/\\\/schema.org\",\"@graph\":[{\"@type\":\"Article\",\"@id\":\"https:\\\/\\\/folhapopular.info\\\/index.php\\\/2026\\\/04\\\/04\\\/associacao-de-pais-e-professores-do-colegio-teutonia-elege-nova-diretoria\\\/#article\",\"isPartOf\":{\"@id\":\"https:\\\/\\\/folhapopular.info\\\/index.php\\\/2026\\\/04\\\/04\\\/associacao-de-pais-e-professores-do-colegio-teutonia-elege-nova-diretoria\\\/\"},\"author\":{\"name\":\"Reda\u00e7\u00e3o Folha Popular\",\"@id\":\"https:\\\/\\\/folhapopular.info\\\/#\\\/schema\\\/person\\\/2814e8a0df7643585a9ca38bc6eb9d4b\"},\"headline\":\"Associa\u00e7\u00e3o de Pais e Professores do Col\u00e9gio Teut\u00f4nia elege nova diretoria\",\"datePublished\":\"2026-04-04T12:29:34+00:00\",\"mainEntityOfPage\":{\"@id\":\"https:\\\/\\\/folhapopular.info\\\/index.php\\\/2026\\\/04\\\/04\\\/associacao-de-pais-e-professores-do-colegio-teutonia-elege-nova-diretoria\\\/\"},\"wordCount\":427,\"commentCount\":0,\"keywords\":[\"Associa\u00e7\u00e3o de Pais e Professores\",\"Col\u00e9gio Teut\u00f4nia\",\"funda\u00e7\u00e3o agr\u00edcola teut\u00f4nia\",\"Teut\u00f4nia\"],\"articleSection\":[\"Educa\u00e7\u00e3o\",\"Geral\"],\"inLanguage\":\"pt-BR\",\"potentialAction\":[{\"@type\":\"CommentAction\",\"name\":\"Comment\",\"target\":[\"https:\\\/\\\/folhapopular.info\\\/index.php\\\/2026\\\/04\\\/04\\\/associacao-de-pais-e-professores-do-colegio-teutonia-elege-nova-diretoria\\\/#respond\"]}]},{\"@type\":\"WebPage\",\"@id\":\"https:\\\/\\\/folhapopular.info\\\/index.php\\\/2026\\\/04\\\/04\\\/associacao-de-pais-e-professores-do-colegio-teutonia-elege-nova-diretoria\\\/\",\"url\":\"https:\\\/\\\/folhapopular.info\\\/index.php\\\/2026\\\/04\\\/04\\\/associacao-de-pais-e-professores-do-colegio-teutonia-elege-nova-diretoria\\\/\",\"name\":\"Associa\u00e7\u00e3o de Pais e Professores do Col\u00e9gio Teut\u00f4nia elege nova diretoria - Folha Popular\",\"isPartOf\":{\"@id\":\"https:\\\/\\\/folhapopular.info\\\/#website\"},\"datePublished\":\"2026-04-04T12:29:34+00:00\",\"author\":{\"@id\":\"https:\\\/\\\/folhapopular.info\\\/#\\\/schema\\\/person\\\/2814e8a0df7643585a9ca38bc6eb9d4b\"},\"breadcrumb\":{\"@id\":\"https:\\\/\\\/folhapopular.info\\\/index.php\\\/2026\\\/04\\\/04\\\/associacao-de-pais-e-professores-do-colegio-teutonia-elege-nova-diretoria\\\/#breadcrumb\"},\"inLanguage\":\"pt-BR\",\"potentialAction\":[{\"@type\":\"ReadAction\",\"target\":[\"https:\\\/\\\/folhapopular.info\\\/index.php\\\/2026\\\/04\\\/04\\\/associacao-de-pais-e-professores-do-colegio-teutonia-elege-nova-diretoria\\\/\"]}]},{\"@type\":\"BreadcrumbList\",\"@id\":\"https:\\\/\\\/folhapopular.info\\\/index.php\\\/2026\\\/04\\\/04\\\/associacao-de-pais-e-professores-do-colegio-teutonia-elege-nova-diretoria\\\/#breadcrumb\",\"itemListElement\":[{\"@type\":\"ListItem\",\"position\":1,\"name\":\"In\u00edcio\",\"item\":\"https:\\\/\\\/folhapopular.info\\\/\"},{\"@type\":\"ListItem\",\"position\":2,\"name\":\"Associa\u00e7\u00e3o de Pais e Professores do Col\u00e9gio Teut\u00f4nia elege nova diretoria\"}]},{\"@type\":\"WebSite\",\"@id\":\"https:\\\/\\\/folhapopular.info\\\/#website\",\"url\":\"https:\\\/\\\/folhapopular.info\\\/\",\"name\":\"Folha Popular\",\"description\":\"Onde voc\u00ea tem vez e voz\",\"potentialAction\":[{\"@type\":\"SearchAction\",\"target\":{\"@type\":\"EntryPoint\",\"urlTemplate\":\"https:\\\/\\\/folhapopular.info\\\/?s={search_term_string}\"},\"query-input\":{\"@type\":\"PropertyValueSpecification\",\"valueRequired\":true,\"valueName\":\"search_term_string\"}}],\"inLanguage\":\"pt-BR\"},{\"@type\":\"Person\",\"@id\":\"https:\\\/\\\/folhapopular.info\\\/#\\\/schema\\\/person\\\/2814e8a0df7643585a9ca38bc6eb9d4b\",\"name\":\"Reda\u00e7\u00e3o Folha Popular\",\"image\":{\"@type\":\"ImageObject\",\"inLanguage\":\"pt-BR\",\"@id\":\"https:\\\/\\\/folhapopular.info\\\/wp-content\\\/uploads\\\/2026\\\/04\\\/Folha-1.webp\",\"url\":\"https:\\\/\\\/folhapopular.info\\\/wp-content\\\/uploads\\\/2026\\\/04\\\/Folha-1.webp\",\"contentUrl\":\"https:\\\/\\\/folhapopular.info\\\/wp-content\\\/uploads\\\/2026\\\/04\\\/Folha-1.webp\",\"caption\":\"Reda\u00e7\u00e3o Folha Popular\"},\"url\":\"https:\\\/\\\/folhapopular.info\\\/index.php\\\/author\\\/redacao\\\/\"}]}<\/script>\n<!-- \/ Yoast SEO plugin. -->","yoast_head_json":{"title":"Associa\u00e7\u00e3o de Pais e Professores do Col\u00e9gio Teut\u00f4nia elege nova diretoria - Folha Popular","robots":{"index":"index","follow":"follow","max-snippet":"max-snippet:-1","max-image-preview":"max-image-preview:large","max-video-preview":"max-video-preview:-1"},"canonical":"https:\/\/folhapopular.info\/index.php\/2026\/04\/04\/associacao-de-pais-e-professores-do-colegio-teutonia-elege-nova-diretoria\/","og_locale":"pt_BR","og_type":"article","og_title":"Associa\u00e7\u00e3o de Pais e Professores do Col\u00e9gio Teut\u00f4nia elege nova diretoria - Folha Popular","og_description":"A Associa\u00e7\u00e3o de Pais e Professores (APP) do Col\u00e9gio Teut\u00f4nia realizou Assembleia Geral Ordin\u00e1ria na noite de ter\u00e7a-feira (31\/3), no miniaudit\u00f3rio da institui\u00e7\u00e3o. Na reuni\u00e3o, foram apresentados o relat\u00f3rio de atividades e a presta\u00e7\u00e3o de contas do exerc\u00edcio 2024\/2025, al\u00e9m da elei\u00e7\u00e3o da nova diretoria. O encontro foi conduzido pelo ent\u00e3o presidente Roberto M\u00fcller, que [&hellip;]","og_url":"https:\/\/folhapopular.info\/index.php\/2026\/04\/04\/associacao-de-pais-e-professores-do-colegio-teutonia-elege-nova-diretoria\/","og_site_name":"Folha Popular","article_published_time":"2026-04-04T12:29:34+00:00","author":"Reda\u00e7\u00e3o Folha Popular","twitter_card":"summary_large_image","twitter_misc":{"Escrito por":"Reda\u00e7\u00e3o Folha Popular","Est. tempo de leitura":"2 minutos"},"schema":{"@context":"https:\/\/schema.org","@graph":[{"@type":"Article","@id":"https:\/\/folhapopular.info\/index.php\/2026\/04\/04\/associacao-de-pais-e-professores-do-colegio-teutonia-elege-nova-diretoria\/#article","isPartOf":{"@id":"https:\/\/folhapopular.info\/index.php\/2026\/04\/04\/associacao-de-pais-e-professores-do-colegio-teutonia-elege-nova-diretoria\/"},"author":{"name":"Reda\u00e7\u00e3o Folha Popular","@id":"https:\/\/folhapopular.info\/#\/schema\/person\/2814e8a0df7643585a9ca38bc6eb9d4b"},"headline":"Associa\u00e7\u00e3o de Pais e Professores do Col\u00e9gio Teut\u00f4nia elege nova diretoria","datePublished":"2026-04-04T12:29:34+00:00","mainEntityOfPage":{"@id":"https:\/\/folhapopular.info\/index.php\/2026\/04\/04\/associacao-de-pais-e-professores-do-colegio-teutonia-elege-nova-diretoria\/"},"wordCount":427,"commentCount":0,"keywords":["Associa\u00e7\u00e3o de Pais e Professores","Col\u00e9gio Teut\u00f4nia","funda\u00e7\u00e3o agr\u00edcola teut\u00f4nia","Teut\u00f4nia"],"articleSection":["Educa\u00e7\u00e3o","Geral"],"inLanguage":"pt-BR","potentialAction":[{"@type":"CommentAction","name":"Comment","target":["https:\/\/folhapopular.info\/index.php\/2026\/04\/04\/associacao-de-pais-e-professores-do-colegio-teutonia-elege-nova-diretoria\/#respond"]}]},{"@type":"WebPage","@id":"https:\/\/folhapopular.info\/index.php\/2026\/04\/04\/associacao-de-pais-e-professores-do-colegio-teutonia-elege-nova-diretoria\/","url":"https:\/\/folhapopular.info\/index.php\/2026\/04\/04\/associacao-de-pais-e-professores-do-colegio-teutonia-elege-nova-diretoria\/","name":"Associa\u00e7\u00e3o de Pais e Professores do Col\u00e9gio Teut\u00f4nia elege nova diretoria - Folha Popular","isPartOf":{"@id":"https:\/\/folhapopular.info\/#website"},"datePublished":"2026-04-04T12:29:34+00:00","author":{"@id":"https:\/\/folhapopular.info\/#\/schema\/person\/2814e8a0df7643585a9ca38bc6eb9d4b"},"breadcrumb":{"@id":"https:\/\/folhapopular.info\/index.php\/2026\/04\/04\/associacao-de-pais-e-professores-do-colegio-teutonia-elege-nova-diretoria\/#breadcrumb"},"inLanguage":"pt-BR","potentialAction":[{"@type":"ReadAction","target":["https:\/\/folhapopular.info\/index.php\/2026\/04\/04\/associacao-de-pais-e-professores-do-colegio-teutonia-elege-nova-diretoria\/"]}]},{"@type":"BreadcrumbList","@id":"https:\/\/folhapopular.info\/index.php\/2026\/04\/04\/associacao-de-pais-e-professores-do-colegio-teutonia-elege-nova-diretoria\/#breadcrumb","itemListElement":[{"@type":"ListItem","position":1,"name":"In\u00edcio","item":"https:\/\/folhapopular.info\/"},{"@type":"ListItem","position":2,"name":"Associa\u00e7\u00e3o de Pais e Professores do Col\u00e9gio Teut\u00f4nia elege nova diretoria"}]},{"@type":"WebSite","@id":"https:\/\/folhapopular.info\/#website","url":"https:\/\/folhapopular.info\/","name":"Folha Popular","description":"Onde voc\u00ea tem vez e voz","potentialAction":[{"@type":"SearchAction","target":{"@type":"EntryPoint","urlTemplate":"https:\/\/folhapopular.info\/?s={search_term_string}"},"query-input":{"@type":"PropertyValueSpecification","valueRequired":true,"valueName":"search_term_string"}}],"inLanguage":"pt-BR"},{"@type":"Person","@id":"https:\/\/folhapopular.info\/#\/schema\/person\/2814e8a0df7643585a9ca38bc6eb9d4b","name":"Reda\u00e7\u00e3o Folha Popular","image":{"@type":"ImageObject","inLanguage":"pt-BR","@id":"https:\/\/folhapopular.info\/wp-content\/uploads\/2026\/04\/Folha-1.webp","url":"https:\/\/folhapopular.info\/wp-content\/uploads\/2026\/04\/Folha-1.webp","contentUrl":"https:\/\/folhapopular.info\/wp-content\/uploads\/2026\/04\/Folha-1.webp","caption":"Reda\u00e7\u00e3o Folha Popular"},"url":"https:\/\/folhapopular.info\/index.php\/author\/redacao\/"}]}},"jetpack_featured_media_url":"","jetpack_sharing_enabled":true,"amp_enabled":true,"_links":{"self":[{"href":"https:\/\/folhapopular.info\/index.php\/wp-json\/wp\/v2\/posts\/207813","targetHints":{"allow":["GET"]}}],"collection":[{"href":"https:\/\/folhapopular.info\/index.php\/wp-json\/wp\/v2\/posts"}],"about":[{"href":"https:\/\/folhapopular.info\/index.php\/wp-json\/wp\/v2\/types\/post"}],"author":[{"embeddable":true,"href":"https:\/\/folhapopular.info\/index.php\/wp-json\/wp\/v2\/users\/8"}],"replies":[{"embeddable":true,"href":"https:\/\/folhapopular.info\/index.php\/wp-json\/wp\/v2\/comments?post=207813"}],"version-history":[{"count":0,"href":"https:\/\/folhapopular.info\/index.php\/wp-json\/wp\/v2\/posts\/207813\/revisions"}],"wp:attachment":[{"href":"https:\/\/folhapopular.info\/index.php\/wp-json\/wp\/v2\/media?parent=207813"}],"wp:term":[{"taxonomy":"category","embeddable":true,"href":"https:\/\/folhapopular.info\/index.php\/wp-json\/wp\/v2\/categories?post=207813"},{"taxonomy":"post_tag","embeddable":true,"href":"https:\/\/folhapopular.info\/index.php\/wp-json\/wp\/v2\/tags?post=207813"}],"curies":[{"name":"wp","href":"https:\/\/api.w.org\/{rel}","templated":true}]}}