{"id":207824,"date":"2026-04-04T09:54:50","date_gmt":"2026-04-04T12:54:50","guid":{"rendered":"https:\/\/folhapopular.info\/?p=207824"},"modified":"2026-04-04T09:54:50","modified_gmt":"2026-04-04T12:54:50","slug":"colinas-encerra-programacao-da-pascoa-encantada-neste-fim-de-semana","status":"publish","type":"post","link":"https:\/\/folhapopular.info\/index.php\/2026\/04\/04\/colinas-encerra-programacao-da-pascoa-encantada-neste-fim-de-semana\/","title":{"rendered":"Colinas encerra programa\u00e7\u00e3o da P\u00e1scoa Encantada neste fim de semana"},"content":{"rendered":"\n<p>O munic\u00edpio de Colinas realiza a programa\u00e7\u00e3o de encerramento da P\u00e1scoa Encantada 2026 neste fim de semana. As atividades ocorrem na Pra\u00e7a dos P\u00e1ssaros e marcam o fim de um m\u00eas de eventos. Ao longo das \u00faltimas semanas, a programa\u00e7\u00e3o incluiu desfiles tem\u00e1ticos, apresenta\u00e7\u00f5es culturais e atividades voltadas \u00e0 comunidade e visitantes.<\/p>\n\n\n\n<p>Um dos destaques foi o espet\u00e1culo teatral \u201c\u00c9 preciso olhar para dentro\u201d, apresentado em diferentes datas. As \u00faltimas sess\u00f5es ocorrem no s\u00e1bado (4\/4), \u00e0s 15h e \u00e0s 16h. Tamb\u00e9m est\u00e1 previsto show com Xepa e Banda, \u00e0s 17h.<\/p>\n\n\n\n<p>Entre as atra\u00e7\u00f5es permanentes, a ca\u00e7a ao ninho ocorre nos dias 4 e 5 de abril, das 9h \u00e0s 12h e das 14h \u00e0s 19h. No Domingo de P\u00e1scoa (5\/5), o hor\u00e1rio ser\u00e1 das 14h30 \u00e0s 17h30. O passeio de trenzinho tamb\u00e9m funciona nos mesmos dias e hor\u00e1rios, com programa\u00e7\u00e3o especial no domingo.<\/p>\n\n\n\n<p><\/p>\n","protected":false},"excerpt":{"rendered":"<p>O munic\u00edpio de Colinas realiza a programa\u00e7\u00e3o de encerramento da P\u00e1scoa Encantada 2026 neste fim de semana. As atividades ocorrem na Pra\u00e7a dos P\u00e1ssaros e marcam o fim de um m\u00eas de eventos. Ao longo das \u00faltimas semanas, a programa\u00e7\u00e3o incluiu desfiles tem\u00e1ticos, apresenta\u00e7\u00f5es culturais e atividades voltadas \u00e0 comunidade e visitantes. Um dos destaques [&hellip;]<\/p>\n","protected":false},"author":8,"featured_media":0,"comment_status":"open","ping_status":"open","sticky":false,"template":"","format":"standard","meta":{"pmpro_default_level":"","_jetpack_memberships_contains_paid_content":false,"footnotes":""},"categories":[2,6],"tags":[183,2367,20593,8513],"class_list":{"0":"post-207824","1":"post","2":"type-post","3":"status-publish","4":"format-standard","6":"category-featured","7":"category-inclusive","8":"tag-colinas","9":"tag-pascoa","10":"tag-pascoa-2026","11":"tag-pascoa-encantada","12":"pmpro-has-access"},"yoast_head":"<!-- This site is optimized with the Yoast SEO plugin v27.5 - https:\/\/yoast.com\/product\/yoast-seo-wordpress\/ -->\n<title>Colinas encerra programa\u00e7\u00e3o da P\u00e1scoa Encantada neste fim de semana - Folha Popular<\/title>\n<meta name=\"robots\" content=\"index, follow, max-snippet:-1, max-image-preview:large, max-video-preview:-1\" \/>\n<link rel=\"canonical\" href=\"https:\/\/folhapopular.info\/index.php\/2026\/04\/04\/colinas-encerra-programacao-da-pascoa-encantada-neste-fim-de-semana\/\" \/>\n<meta property=\"og:locale\" content=\"pt_BR\" \/>\n<meta property=\"og:type\" content=\"article\" \/>\n<meta property=\"og:title\" content=\"Colinas encerra programa\u00e7\u00e3o da P\u00e1scoa Encantada neste fim de semana - Folha Popular\" \/>\n<meta property=\"og:description\" content=\"O munic\u00edpio de Colinas realiza a programa\u00e7\u00e3o de encerramento da P\u00e1scoa Encantada 2026 neste fim de semana. As atividades ocorrem na Pra\u00e7a dos P\u00e1ssaros e marcam o fim de um m\u00eas de eventos. Ao longo das \u00faltimas semanas, a programa\u00e7\u00e3o incluiu desfiles tem\u00e1ticos, apresenta\u00e7\u00f5es culturais e atividades voltadas \u00e0 comunidade e visitantes. Um dos destaques [&hellip;]\" \/>\n<meta property=\"og:url\" content=\"https:\/\/folhapopular.info\/index.php\/2026\/04\/04\/colinas-encerra-programacao-da-pascoa-encantada-neste-fim-de-semana\/\" \/>\n<meta property=\"og:site_name\" content=\"Folha Popular\" \/>\n<meta property=\"article:published_time\" content=\"2026-04-04T12:54:50+00:00\" \/>\n<meta name=\"author\" content=\"Reda\u00e7\u00e3o Folha Popular\" \/>\n<meta name=\"twitter:card\" content=\"summary_large_image\" \/>\n<meta name=\"twitter:label1\" content=\"Escrito por\" \/>\n\t<meta name=\"twitter:data1\" content=\"Reda\u00e7\u00e3o Folha Popular\" \/>\n\t<meta name=\"twitter:label2\" content=\"Est. tempo de leitura\" \/>\n\t<meta name=\"twitter:data2\" content=\"1 minuto\" \/>\n<script type=\"application\/ld+json\" class=\"yoast-schema-graph\">{\"@context\":\"https:\\\/\\\/schema.org\",\"@graph\":[{\"@type\":\"Article\",\"@id\":\"https:\\\/\\\/folhapopular.info\\\/index.php\\\/2026\\\/04\\\/04\\\/colinas-encerra-programacao-da-pascoa-encantada-neste-fim-de-semana\\\/#article\",\"isPartOf\":{\"@id\":\"https:\\\/\\\/folhapopular.info\\\/index.php\\\/2026\\\/04\\\/04\\\/colinas-encerra-programacao-da-pascoa-encantada-neste-fim-de-semana\\\/\"},\"author\":{\"name\":\"Reda\u00e7\u00e3o Folha Popular\",\"@id\":\"https:\\\/\\\/folhapopular.info\\\/#\\\/schema\\\/person\\\/2814e8a0df7643585a9ca38bc6eb9d4b\"},\"headline\":\"Colinas encerra programa\u00e7\u00e3o da P\u00e1scoa Encantada neste fim de semana\",\"datePublished\":\"2026-04-04T12:54:50+00:00\",\"mainEntityOfPage\":{\"@id\":\"https:\\\/\\\/folhapopular.info\\\/index.php\\\/2026\\\/04\\\/04\\\/colinas-encerra-programacao-da-pascoa-encantada-neste-fim-de-semana\\\/\"},\"wordCount\":168,\"commentCount\":0,\"keywords\":[\"Colinas\",\"P\u00e1scoa\",\"P\u00e1scoa 2026\",\"P\u00e1scoa Encantada\"],\"articleSection\":[\"Destaques\",\"Inclusive\"],\"inLanguage\":\"pt-BR\",\"potentialAction\":[{\"@type\":\"CommentAction\",\"name\":\"Comment\",\"target\":[\"https:\\\/\\\/folhapopular.info\\\/index.php\\\/2026\\\/04\\\/04\\\/colinas-encerra-programacao-da-pascoa-encantada-neste-fim-de-semana\\\/#respond\"]}]},{\"@type\":\"WebPage\",\"@id\":\"https:\\\/\\\/folhapopular.info\\\/index.php\\\/2026\\\/04\\\/04\\\/colinas-encerra-programacao-da-pascoa-encantada-neste-fim-de-semana\\\/\",\"url\":\"https:\\\/\\\/folhapopular.info\\\/index.php\\\/2026\\\/04\\\/04\\\/colinas-encerra-programacao-da-pascoa-encantada-neste-fim-de-semana\\\/\",\"name\":\"Colinas encerra programa\u00e7\u00e3o da P\u00e1scoa Encantada neste fim de semana - Folha Popular\",\"isPartOf\":{\"@id\":\"https:\\\/\\\/folhapopular.info\\\/#website\"},\"datePublished\":\"2026-04-04T12:54:50+00:00\",\"author\":{\"@id\":\"https:\\\/\\\/folhapopular.info\\\/#\\\/schema\\\/person\\\/2814e8a0df7643585a9ca38bc6eb9d4b\"},\"breadcrumb\":{\"@id\":\"https:\\\/\\\/folhapopular.info\\\/index.php\\\/2026\\\/04\\\/04\\\/colinas-encerra-programacao-da-pascoa-encantada-neste-fim-de-semana\\\/#breadcrumb\"},\"inLanguage\":\"pt-BR\",\"potentialAction\":[{\"@type\":\"ReadAction\",\"target\":[\"https:\\\/\\\/folhapopular.info\\\/index.php\\\/2026\\\/04\\\/04\\\/colinas-encerra-programacao-da-pascoa-encantada-neste-fim-de-semana\\\/\"]}]},{\"@type\":\"BreadcrumbList\",\"@id\":\"https:\\\/\\\/folhapopular.info\\\/index.php\\\/2026\\\/04\\\/04\\\/colinas-encerra-programacao-da-pascoa-encantada-neste-fim-de-semana\\\/#breadcrumb\",\"itemListElement\":[{\"@type\":\"ListItem\",\"position\":1,\"name\":\"In\u00edcio\",\"item\":\"https:\\\/\\\/folhapopular.info\\\/\"},{\"@type\":\"ListItem\",\"position\":2,\"name\":\"Colinas encerra programa\u00e7\u00e3o da P\u00e1scoa Encantada neste fim de semana\"}]},{\"@type\":\"WebSite\",\"@id\":\"https:\\\/\\\/folhapopular.info\\\/#website\",\"url\":\"https:\\\/\\\/folhapopular.info\\\/\",\"name\":\"Folha Popular\",\"description\":\"Onde voc\u00ea tem vez e voz\",\"potentialAction\":[{\"@type\":\"SearchAction\",\"target\":{\"@type\":\"EntryPoint\",\"urlTemplate\":\"https:\\\/\\\/folhapopular.info\\\/?s={search_term_string}\"},\"query-input\":{\"@type\":\"PropertyValueSpecification\",\"valueRequired\":true,\"valueName\":\"search_term_string\"}}],\"inLanguage\":\"pt-BR\"},{\"@type\":\"Person\",\"@id\":\"https:\\\/\\\/folhapopular.info\\\/#\\\/schema\\\/person\\\/2814e8a0df7643585a9ca38bc6eb9d4b\",\"name\":\"Reda\u00e7\u00e3o Folha Popular\",\"image\":{\"@type\":\"ImageObject\",\"inLanguage\":\"pt-BR\",\"@id\":\"https:\\\/\\\/folhapopular.info\\\/wp-content\\\/uploads\\\/2026\\\/04\\\/Folha-1.webp\",\"url\":\"https:\\\/\\\/folhapopular.info\\\/wp-content\\\/uploads\\\/2026\\\/04\\\/Folha-1.webp\",\"contentUrl\":\"https:\\\/\\\/folhapopular.info\\\/wp-content\\\/uploads\\\/2026\\\/04\\\/Folha-1.webp\",\"caption\":\"Reda\u00e7\u00e3o Folha Popular\"},\"url\":\"https:\\\/\\\/folhapopular.info\\\/index.php\\\/author\\\/redacao\\\/\"}]}<\/script>\n<!-- \/ Yoast SEO plugin. -->","yoast_head_json":{"title":"Colinas encerra programa\u00e7\u00e3o da P\u00e1scoa Encantada neste fim de semana - Folha Popular","robots":{"index":"index","follow":"follow","max-snippet":"max-snippet:-1","max-image-preview":"max-image-preview:large","max-video-preview":"max-video-preview:-1"},"canonical":"https:\/\/folhapopular.info\/index.php\/2026\/04\/04\/colinas-encerra-programacao-da-pascoa-encantada-neste-fim-de-semana\/","og_locale":"pt_BR","og_type":"article","og_title":"Colinas encerra programa\u00e7\u00e3o da P\u00e1scoa Encantada neste fim de semana - Folha Popular","og_description":"O munic\u00edpio de Colinas realiza a programa\u00e7\u00e3o de encerramento da P\u00e1scoa Encantada 2026 neste fim de semana. As atividades ocorrem na Pra\u00e7a dos P\u00e1ssaros e marcam o fim de um m\u00eas de eventos. Ao longo das \u00faltimas semanas, a programa\u00e7\u00e3o incluiu desfiles tem\u00e1ticos, apresenta\u00e7\u00f5es culturais e atividades voltadas \u00e0 comunidade e visitantes. Um dos destaques [&hellip;]","og_url":"https:\/\/folhapopular.info\/index.php\/2026\/04\/04\/colinas-encerra-programacao-da-pascoa-encantada-neste-fim-de-semana\/","og_site_name":"Folha Popular","article_published_time":"2026-04-04T12:54:50+00:00","author":"Reda\u00e7\u00e3o Folha Popular","twitter_card":"summary_large_image","twitter_misc":{"Escrito por":"Reda\u00e7\u00e3o Folha Popular","Est. tempo de leitura":"1 minuto"},"schema":{"@context":"https:\/\/schema.org","@graph":[{"@type":"Article","@id":"https:\/\/folhapopular.info\/index.php\/2026\/04\/04\/colinas-encerra-programacao-da-pascoa-encantada-neste-fim-de-semana\/#article","isPartOf":{"@id":"https:\/\/folhapopular.info\/index.php\/2026\/04\/04\/colinas-encerra-programacao-da-pascoa-encantada-neste-fim-de-semana\/"},"author":{"name":"Reda\u00e7\u00e3o Folha Popular","@id":"https:\/\/folhapopular.info\/#\/schema\/person\/2814e8a0df7643585a9ca38bc6eb9d4b"},"headline":"Colinas encerra programa\u00e7\u00e3o da P\u00e1scoa Encantada neste fim de semana","datePublished":"2026-04-04T12:54:50+00:00","mainEntityOfPage":{"@id":"https:\/\/folhapopular.info\/index.php\/2026\/04\/04\/colinas-encerra-programacao-da-pascoa-encantada-neste-fim-de-semana\/"},"wordCount":168,"commentCount":0,"keywords":["Colinas","P\u00e1scoa","P\u00e1scoa 2026","P\u00e1scoa Encantada"],"articleSection":["Destaques","Inclusive"],"inLanguage":"pt-BR","potentialAction":[{"@type":"CommentAction","name":"Comment","target":["https:\/\/folhapopular.info\/index.php\/2026\/04\/04\/colinas-encerra-programacao-da-pascoa-encantada-neste-fim-de-semana\/#respond"]}]},{"@type":"WebPage","@id":"https:\/\/folhapopular.info\/index.php\/2026\/04\/04\/colinas-encerra-programacao-da-pascoa-encantada-neste-fim-de-semana\/","url":"https:\/\/folhapopular.info\/index.php\/2026\/04\/04\/colinas-encerra-programacao-da-pascoa-encantada-neste-fim-de-semana\/","name":"Colinas encerra programa\u00e7\u00e3o da P\u00e1scoa Encantada neste fim de semana - Folha Popular","isPartOf":{"@id":"https:\/\/folhapopular.info\/#website"},"datePublished":"2026-04-04T12:54:50+00:00","author":{"@id":"https:\/\/folhapopular.info\/#\/schema\/person\/2814e8a0df7643585a9ca38bc6eb9d4b"},"breadcrumb":{"@id":"https:\/\/folhapopular.info\/index.php\/2026\/04\/04\/colinas-encerra-programacao-da-pascoa-encantada-neste-fim-de-semana\/#breadcrumb"},"inLanguage":"pt-BR","potentialAction":[{"@type":"ReadAction","target":["https:\/\/folhapopular.info\/index.php\/2026\/04\/04\/colinas-encerra-programacao-da-pascoa-encantada-neste-fim-de-semana\/"]}]},{"@type":"BreadcrumbList","@id":"https:\/\/folhapopular.info\/index.php\/2026\/04\/04\/colinas-encerra-programacao-da-pascoa-encantada-neste-fim-de-semana\/#breadcrumb","itemListElement":[{"@type":"ListItem","position":1,"name":"In\u00edcio","item":"https:\/\/folhapopular.info\/"},{"@type":"ListItem","position":2,"name":"Colinas encerra programa\u00e7\u00e3o da P\u00e1scoa Encantada neste fim de semana"}]},{"@type":"WebSite","@id":"https:\/\/folhapopular.info\/#website","url":"https:\/\/folhapopular.info\/","name":"Folha Popular","description":"Onde voc\u00ea tem vez e voz","potentialAction":[{"@type":"SearchAction","target":{"@type":"EntryPoint","urlTemplate":"https:\/\/folhapopular.info\/?s={search_term_string}"},"query-input":{"@type":"PropertyValueSpecification","valueRequired":true,"valueName":"search_term_string"}}],"inLanguage":"pt-BR"},{"@type":"Person","@id":"https:\/\/folhapopular.info\/#\/schema\/person\/2814e8a0df7643585a9ca38bc6eb9d4b","name":"Reda\u00e7\u00e3o Folha Popular","image":{"@type":"ImageObject","inLanguage":"pt-BR","@id":"https:\/\/folhapopular.info\/wp-content\/uploads\/2026\/04\/Folha-1.webp","url":"https:\/\/folhapopular.info\/wp-content\/uploads\/2026\/04\/Folha-1.webp","contentUrl":"https:\/\/folhapopular.info\/wp-content\/uploads\/2026\/04\/Folha-1.webp","caption":"Reda\u00e7\u00e3o Folha Popular"},"url":"https:\/\/folhapopular.info\/index.php\/author\/redacao\/"}]}},"jetpack_featured_media_url":"","jetpack_sharing_enabled":true,"amp_enabled":true,"_links":{"self":[{"href":"https:\/\/folhapopular.info\/index.php\/wp-json\/wp\/v2\/posts\/207824","targetHints":{"allow":["GET"]}}],"collection":[{"href":"https:\/\/folhapopular.info\/index.php\/wp-json\/wp\/v2\/posts"}],"about":[{"href":"https:\/\/folhapopular.info\/index.php\/wp-json\/wp\/v2\/types\/post"}],"author":[{"embeddable":true,"href":"https:\/\/folhapopular.info\/index.php\/wp-json\/wp\/v2\/users\/8"}],"replies":[{"embeddable":true,"href":"https:\/\/folhapopular.info\/index.php\/wp-json\/wp\/v2\/comments?post=207824"}],"version-history":[{"count":0,"href":"https:\/\/folhapopular.info\/index.php\/wp-json\/wp\/v2\/posts\/207824\/revisions"}],"wp:attachment":[{"href":"https:\/\/folhapopular.info\/index.php\/wp-json\/wp\/v2\/media?parent=207824"}],"wp:term":[{"taxonomy":"category","embeddable":true,"href":"https:\/\/folhapopular.info\/index.php\/wp-json\/wp\/v2\/categories?post=207824"},{"taxonomy":"post_tag","embeddable":true,"href":"https:\/\/folhapopular.info\/index.php\/wp-json\/wp\/v2\/tags?post=207824"}],"curies":[{"name":"wp","href":"https:\/\/api.w.org\/{rel}","templated":true}]}}