{"id":207850,"date":"2026-04-04T18:02:15","date_gmt":"2026-04-04T21:02:15","guid":{"rendered":"https:\/\/folhapopular.info\/?p=207850"},"modified":"2026-04-04T18:02:15","modified_gmt":"2026-04-04T21:02:15","slug":"tragedia-com-onibus-de-santa-maria-que-deixou-sete-mortos-e-26-feridos-em-imigrante-completa-1-ano","status":"publish","type":"post","link":"https:\/\/folhapopular.info\/index.php\/2026\/04\/04\/tragedia-com-onibus-de-santa-maria-que-deixou-sete-mortos-e-26-feridos-em-imigrante-completa-1-ano\/","title":{"rendered":"Trag\u00e9dia com \u00f4nibus de Santa Maria que deixou sete mortos e 26 feridos em Imigrante completa 1 ano"},"content":{"rendered":"\n<p>O acidente envolvendo um \u00f4nibus da Universidade Federal de Santa Maria (UFSM), ocorrido no dia 4 de abril de 2025, em Imigrante, completa 1 ano neste s\u00e1bado.<\/p>\n\n\n\n<p>A trag\u00e9dia que resultou na morte de sete pessoas e deixou outros 26 feridos ocorreu na estrada que liga Imigrante \u00e0 RSC-453 (Rota do Sol) por volta das 11h15. O \u00f4nibus da UFSM perdeu o controle e saiu da pista no Acesso 9130, que interliga o Centro da cidade \u00e0 rodovia, caiu em um barranco com cerca de 52 metros de altura e provocou uma das maiores trag\u00e9dias rodovi\u00e1rias da regi\u00e3o.<\/p>\n\n\n\n<p>O ve\u00edculo levava professores e alunos a uma visita t\u00e9cnica ao Cact\u00e1rio Horst, a menos de 1 quil\u00f4metro de onde o acidente ocorreu. As v\u00edtimas foram Dilvani Hoch (55), Elizeth Fauth Vargas (71), F\u00e1tima E. R. Copatti (69), Flavia Marcuzzo Dotto (44), Janaina Finkler (21) Marisete Maurer (54) e Paulo Victor Estefan\u00f3i Antunes (27).<\/p>\n\n\n\n<p>Dois meses ap\u00f3s o fato, o resultado da investiga\u00e7\u00e3o foi apresentado em Teut\u00f4nia. <a href=\"https:\/\/folhapopular.info\/index.php\/2025\/05\/24\/tres-sao-indiciados-por-homicidio-culposo-por-tragedia-com-onibus-da-ufsm\/\">Tr\u00eas pessoas foram indiciadas por homic\u00eddio e les\u00e3o corporal culposos<\/a> (quando n\u00e3o h\u00e1 inten\u00e7\u00e3o de matar): o motorista do \u00f4nibus, o servidor respons\u00e1vel pelo n\u00facleo de transporte da universidade e a representante da empresa terceirizada que contratava os condutores.<\/p>\n\n\n\n<p>De acordo com o ent\u00e3o delegado, Jos\u00e9 Romaci Reis, respons\u00e1vel pelo caso, a apura\u00e7\u00e3o revelou falhas graves de seguran\u00e7a e manuten\u00e7\u00e3o, que contribu\u00edram diretamente para o acidente. Segundo ele, houve neglig\u00eancia por parte de todos os indiciados.<\/p>\n\n\n\n<p>Entre os principais erros identificados est\u00e1 a falha do motorista em n\u00e3o acionar o freio motor logo no in\u00edcio da descida, medida que poderia ter evitado a perda de controle do ve\u00edculo. A per\u00edcia apontou ainda que, apesar de o \u00f4nibus possuir cintos de seguran\u00e7a, muitos estavam inacess\u00edveis, presos sob os assentos, e os passageiros n\u00e3o foram devidamente orientados a utiliz\u00e1-los.<\/p>\n\n\n\n<p>O inqu\u00e9rito tamb\u00e9m evidenciou problemas na manuten\u00e7\u00e3o do ve\u00edculo. Embora uma manuten\u00e7\u00e3o preventiva tenha sido realizada em setembro de 2024, a \u00faltima revis\u00e3o completa ocorreu em 2023. O exame pericial detectou desgaste significativo nas lonas dos freios traseiros, comprometendo a capacidade de frenagem do \u00f4nibus.<\/p>\n\n\n\n<p>Al\u00e9m disso, a empresa respons\u00e1vel pela contrata\u00e7\u00e3o dos motoristas n\u00e3o exigiu que os profissionais tivessem o curso espec\u00edfico para transporte de passageiros, como determina a legisla\u00e7\u00e3o. Um dos condutores chegou a afirmar que desconhecia a exist\u00eancia do freio motor no ve\u00edculo, o que, segundo a pol\u00edcia, comprova a falta de qualifica\u00e7\u00e3o dos contratados.<\/p>\n\n\n\n<p>O inqu\u00e9rito reuniu 1.078 p\u00e1ginas e incluiu o depoimento de 40 pessoas.<\/p>\n\n\n\n<p>Conforme informa\u00e7\u00f5es do Di\u00e1rio de Santa Maria, o Minist\u00e9rio P\u00fablico do Rio Grande do Sul (MPRS) recebeu o inqu\u00e9rito, mas o caso ainda n\u00e3o chegou \u00e0 Justi\u00e7a. Segundo o MP, um pedido \u00e0 Pol\u00edcia Civil e ao Instituto Geral de Per\u00edcias (IGP) foi feito para per\u00edcias complementares para, s\u00f3 ent\u00e3o, tomar uma decis\u00e3o. \u00c0 UFSM, foi pedido o conte\u00fado da sindic\u00e2ncia interna, que j\u00e1 foi entregue ao Minist\u00e9rio P\u00fablico.<\/p>\n\n\n\n<h2 class=\"wp-block-heading\">Obra na rodovia de acesso<\/h2>\n\n\n\n<p><a href=\"https:\/\/folhapopular.info\/index.php\/2025\/05\/21\/daer-anuncia-projeto-completo-para-o-acesso-ao-municipio-de-imigrante\/\" target=\"_blank\" rel=\"noreferrer noopener\">Em maio de 2025<\/a>, o Departamento Aut\u00f4nomo de Estradas de Rodagem (Daer) anunciou a elabora\u00e7\u00e3o de projeto completo para reestruturar os 4,5 quil\u00f4metros da rodovia.<\/p>\n\n\n\n<p>O plano prev\u00ea recupera\u00e7\u00e3o do pavimento, melhorias em encostas com risco de deslizamento, instala\u00e7\u00e3o de defensas met\u00e1licas e, pela primeira vez no Rio Grande do Sul, a inclus\u00e3o de uma caixa de brita \u2013 \u00e1rea de escape para ve\u00edculos com falhas mec\u00e2nicas.<\/p>\n\n\n\n<p>Por\u00e9m, apenas em janeiro deste ano a empresa Plano Norte Engenharia Ltda. iniciou os trabalhos de ro\u00e7ada e limpeza na rodovia de acesso, no trecho entre os munic\u00edpios de Westf\u00e1lia e Imigrante. As a\u00e7\u00f5es marcaram o in\u00edcio efetivo das obras emergenciais na via.<\/p>\n\n\n\n<p>A obra \u00e9 de responsabilidade do governo do Estado, por meio do Daer, e conta com um investimento total de R$ 14.474.396,15. <\/p>\n\n\n\n<p>No local, foram instaladas placas e orienta\u00e7\u00f5es de tr\u00e2nsito, tanto na descida quanto na subida da rodovia. H\u00e1 tr\u00eas semanas come\u00e7ou a instala\u00e7\u00e3o de tubos para melhoria do escoamento de \u00e1gua na rodovia de acesso, na altura da gruta de Nossa Senhora de F\u00e1tima.<\/p>\n\n\n\n<p>A previs\u00e3o inicial para a conclus\u00e3o dos servi\u00e7os era de aproximadamente 6 meses, podendo sofrer altera\u00e7\u00f5es conforme o andamento da execu\u00e7\u00e3o do projeto e as condi\u00e7\u00f5es clim\u00e1ticas. <\/p>\n","protected":false},"excerpt":{"rendered":"<p>O acidente envolvendo um \u00f4nibus da Universidade Federal de Santa Maria (UFSM), ocorrido no dia 4 de abril de 2025, em Imigrante, completa 1 ano neste s\u00e1bado. A trag\u00e9dia que resultou na morte de sete pessoas e deixou outros 26 feridos ocorreu na estrada que liga Imigrante \u00e0 RSC-453 (Rota do Sol) por volta das [&hellip;]<\/p>\n","protected":false},"author":8,"featured_media":0,"comment_status":"open","ping_status":"open","sticky":false,"template":"","format":"standard","meta":{"pmpro_default_level":"","_jetpack_memberships_contains_paid_content":false,"footnotes":""},"categories":[2,3],"tags":[195,34,13526,20932,1069],"class_list":{"0":"post-207850","1":"post","2":"type-post","3":"status-publish","4":"format-standard","6":"category-featured","7":"category-geral","8":"tag-acidente","9":"tag-imigrante","10":"tag-mortos","11":"tag-onibus-santa-maria","12":"tag-tragedia","13":"pmpro-has-access"},"yoast_head":"<!-- This site is optimized with the Yoast SEO plugin v27.5 - https:\/\/yoast.com\/product\/yoast-seo-wordpress\/ -->\n<title>Trag\u00e9dia com \u00f4nibus de Santa Maria que deixou sete mortos e 26 feridos em Imigrante completa 1 ano - Folha Popular<\/title>\n<meta name=\"robots\" content=\"index, follow, max-snippet:-1, max-image-preview:large, max-video-preview:-1\" \/>\n<link rel=\"canonical\" href=\"https:\/\/folhapopular.info\/index.php\/2026\/04\/04\/tragedia-com-onibus-de-santa-maria-que-deixou-sete-mortos-e-26-feridos-em-imigrante-completa-1-ano\/\" \/>\n<meta property=\"og:locale\" content=\"pt_BR\" \/>\n<meta property=\"og:type\" content=\"article\" \/>\n<meta property=\"og:title\" content=\"Trag\u00e9dia com \u00f4nibus de Santa Maria que deixou sete mortos e 26 feridos em Imigrante completa 1 ano - Folha Popular\" \/>\n<meta property=\"og:description\" content=\"O acidente envolvendo um \u00f4nibus da Universidade Federal de Santa Maria (UFSM), ocorrido no dia 4 de abril de 2025, em Imigrante, completa 1 ano neste s\u00e1bado. A trag\u00e9dia que resultou na morte de sete pessoas e deixou outros 26 feridos ocorreu na estrada que liga Imigrante \u00e0 RSC-453 (Rota do Sol) por volta das [&hellip;]\" \/>\n<meta property=\"og:url\" content=\"https:\/\/folhapopular.info\/index.php\/2026\/04\/04\/tragedia-com-onibus-de-santa-maria-que-deixou-sete-mortos-e-26-feridos-em-imigrante-completa-1-ano\/\" \/>\n<meta property=\"og:site_name\" content=\"Folha Popular\" \/>\n<meta property=\"article:published_time\" content=\"2026-04-04T21:02:15+00:00\" \/>\n<meta name=\"author\" content=\"Reda\u00e7\u00e3o Folha Popular\" \/>\n<meta name=\"twitter:card\" content=\"summary_large_image\" \/>\n<meta name=\"twitter:label1\" content=\"Escrito por\" \/>\n\t<meta name=\"twitter:data1\" content=\"Reda\u00e7\u00e3o Folha Popular\" \/>\n\t<meta name=\"twitter:label2\" content=\"Est. tempo de leitura\" \/>\n\t<meta name=\"twitter:data2\" content=\"4 minutos\" \/>\n<script type=\"application\/ld+json\" class=\"yoast-schema-graph\">{\"@context\":\"https:\\\/\\\/schema.org\",\"@graph\":[{\"@type\":\"Article\",\"@id\":\"https:\\\/\\\/folhapopular.info\\\/index.php\\\/2026\\\/04\\\/04\\\/tragedia-com-onibus-de-santa-maria-que-deixou-sete-mortos-e-26-feridos-em-imigrante-completa-1-ano\\\/#article\",\"isPartOf\":{\"@id\":\"https:\\\/\\\/folhapopular.info\\\/index.php\\\/2026\\\/04\\\/04\\\/tragedia-com-onibus-de-santa-maria-que-deixou-sete-mortos-e-26-feridos-em-imigrante-completa-1-ano\\\/\"},\"author\":{\"name\":\"Reda\u00e7\u00e3o Folha Popular\",\"@id\":\"https:\\\/\\\/folhapopular.info\\\/#\\\/schema\\\/person\\\/2814e8a0df7643585a9ca38bc6eb9d4b\"},\"headline\":\"Trag\u00e9dia com \u00f4nibus de Santa Maria que deixou sete mortos e 26 feridos em Imigrante completa 1 ano\",\"datePublished\":\"2026-04-04T21:02:15+00:00\",\"mainEntityOfPage\":{\"@id\":\"https:\\\/\\\/folhapopular.info\\\/index.php\\\/2026\\\/04\\\/04\\\/tragedia-com-onibus-de-santa-maria-que-deixou-sete-mortos-e-26-feridos-em-imigrante-completa-1-ano\\\/\"},\"wordCount\":776,\"commentCount\":0,\"keywords\":[\"Acidente\",\"Imigrante\",\"Mortos\",\"\u00d4nibus Santa Maria\",\"Trag\u00e9dia\"],\"articleSection\":[\"Destaques\",\"Geral\"],\"inLanguage\":\"pt-BR\",\"potentialAction\":[{\"@type\":\"CommentAction\",\"name\":\"Comment\",\"target\":[\"https:\\\/\\\/folhapopular.info\\\/index.php\\\/2026\\\/04\\\/04\\\/tragedia-com-onibus-de-santa-maria-que-deixou-sete-mortos-e-26-feridos-em-imigrante-completa-1-ano\\\/#respond\"]}]},{\"@type\":\"WebPage\",\"@id\":\"https:\\\/\\\/folhapopular.info\\\/index.php\\\/2026\\\/04\\\/04\\\/tragedia-com-onibus-de-santa-maria-que-deixou-sete-mortos-e-26-feridos-em-imigrante-completa-1-ano\\\/\",\"url\":\"https:\\\/\\\/folhapopular.info\\\/index.php\\\/2026\\\/04\\\/04\\\/tragedia-com-onibus-de-santa-maria-que-deixou-sete-mortos-e-26-feridos-em-imigrante-completa-1-ano\\\/\",\"name\":\"Trag\u00e9dia com \u00f4nibus de Santa Maria que deixou sete mortos e 26 feridos em Imigrante completa 1 ano - Folha Popular\",\"isPartOf\":{\"@id\":\"https:\\\/\\\/folhapopular.info\\\/#website\"},\"datePublished\":\"2026-04-04T21:02:15+00:00\",\"author\":{\"@id\":\"https:\\\/\\\/folhapopular.info\\\/#\\\/schema\\\/person\\\/2814e8a0df7643585a9ca38bc6eb9d4b\"},\"breadcrumb\":{\"@id\":\"https:\\\/\\\/folhapopular.info\\\/index.php\\\/2026\\\/04\\\/04\\\/tragedia-com-onibus-de-santa-maria-que-deixou-sete-mortos-e-26-feridos-em-imigrante-completa-1-ano\\\/#breadcrumb\"},\"inLanguage\":\"pt-BR\",\"potentialAction\":[{\"@type\":\"ReadAction\",\"target\":[\"https:\\\/\\\/folhapopular.info\\\/index.php\\\/2026\\\/04\\\/04\\\/tragedia-com-onibus-de-santa-maria-que-deixou-sete-mortos-e-26-feridos-em-imigrante-completa-1-ano\\\/\"]}]},{\"@type\":\"BreadcrumbList\",\"@id\":\"https:\\\/\\\/folhapopular.info\\\/index.php\\\/2026\\\/04\\\/04\\\/tragedia-com-onibus-de-santa-maria-que-deixou-sete-mortos-e-26-feridos-em-imigrante-completa-1-ano\\\/#breadcrumb\",\"itemListElement\":[{\"@type\":\"ListItem\",\"position\":1,\"name\":\"In\u00edcio\",\"item\":\"https:\\\/\\\/folhapopular.info\\\/\"},{\"@type\":\"ListItem\",\"position\":2,\"name\":\"Trag\u00e9dia com \u00f4nibus de Santa Maria que deixou sete mortos e 26 feridos em Imigrante completa 1 ano\"}]},{\"@type\":\"WebSite\",\"@id\":\"https:\\\/\\\/folhapopular.info\\\/#website\",\"url\":\"https:\\\/\\\/folhapopular.info\\\/\",\"name\":\"Folha Popular\",\"description\":\"Onde voc\u00ea tem vez e voz\",\"potentialAction\":[{\"@type\":\"SearchAction\",\"target\":{\"@type\":\"EntryPoint\",\"urlTemplate\":\"https:\\\/\\\/folhapopular.info\\\/?s={search_term_string}\"},\"query-input\":{\"@type\":\"PropertyValueSpecification\",\"valueRequired\":true,\"valueName\":\"search_term_string\"}}],\"inLanguage\":\"pt-BR\"},{\"@type\":\"Person\",\"@id\":\"https:\\\/\\\/folhapopular.info\\\/#\\\/schema\\\/person\\\/2814e8a0df7643585a9ca38bc6eb9d4b\",\"name\":\"Reda\u00e7\u00e3o Folha Popular\",\"image\":{\"@type\":\"ImageObject\",\"inLanguage\":\"pt-BR\",\"@id\":\"https:\\\/\\\/folhapopular.info\\\/wp-content\\\/uploads\\\/2026\\\/04\\\/Folha-1.webp\",\"url\":\"https:\\\/\\\/folhapopular.info\\\/wp-content\\\/uploads\\\/2026\\\/04\\\/Folha-1.webp\",\"contentUrl\":\"https:\\\/\\\/folhapopular.info\\\/wp-content\\\/uploads\\\/2026\\\/04\\\/Folha-1.webp\",\"caption\":\"Reda\u00e7\u00e3o Folha Popular\"},\"url\":\"https:\\\/\\\/folhapopular.info\\\/index.php\\\/author\\\/redacao\\\/\"}]}<\/script>\n<!-- \/ Yoast SEO plugin. -->","yoast_head_json":{"title":"Trag\u00e9dia com \u00f4nibus de Santa Maria que deixou sete mortos e 26 feridos em Imigrante completa 1 ano - Folha Popular","robots":{"index":"index","follow":"follow","max-snippet":"max-snippet:-1","max-image-preview":"max-image-preview:large","max-video-preview":"max-video-preview:-1"},"canonical":"https:\/\/folhapopular.info\/index.php\/2026\/04\/04\/tragedia-com-onibus-de-santa-maria-que-deixou-sete-mortos-e-26-feridos-em-imigrante-completa-1-ano\/","og_locale":"pt_BR","og_type":"article","og_title":"Trag\u00e9dia com \u00f4nibus de Santa Maria que deixou sete mortos e 26 feridos em Imigrante completa 1 ano - Folha Popular","og_description":"O acidente envolvendo um \u00f4nibus da Universidade Federal de Santa Maria (UFSM), ocorrido no dia 4 de abril de 2025, em Imigrante, completa 1 ano neste s\u00e1bado. A trag\u00e9dia que resultou na morte de sete pessoas e deixou outros 26 feridos ocorreu na estrada que liga Imigrante \u00e0 RSC-453 (Rota do Sol) por volta das [&hellip;]","og_url":"https:\/\/folhapopular.info\/index.php\/2026\/04\/04\/tragedia-com-onibus-de-santa-maria-que-deixou-sete-mortos-e-26-feridos-em-imigrante-completa-1-ano\/","og_site_name":"Folha Popular","article_published_time":"2026-04-04T21:02:15+00:00","author":"Reda\u00e7\u00e3o Folha Popular","twitter_card":"summary_large_image","twitter_misc":{"Escrito por":"Reda\u00e7\u00e3o Folha Popular","Est. tempo de leitura":"4 minutos"},"schema":{"@context":"https:\/\/schema.org","@graph":[{"@type":"Article","@id":"https:\/\/folhapopular.info\/index.php\/2026\/04\/04\/tragedia-com-onibus-de-santa-maria-que-deixou-sete-mortos-e-26-feridos-em-imigrante-completa-1-ano\/#article","isPartOf":{"@id":"https:\/\/folhapopular.info\/index.php\/2026\/04\/04\/tragedia-com-onibus-de-santa-maria-que-deixou-sete-mortos-e-26-feridos-em-imigrante-completa-1-ano\/"},"author":{"name":"Reda\u00e7\u00e3o Folha Popular","@id":"https:\/\/folhapopular.info\/#\/schema\/person\/2814e8a0df7643585a9ca38bc6eb9d4b"},"headline":"Trag\u00e9dia com \u00f4nibus de Santa Maria que deixou sete mortos e 26 feridos em Imigrante completa 1 ano","datePublished":"2026-04-04T21:02:15+00:00","mainEntityOfPage":{"@id":"https:\/\/folhapopular.info\/index.php\/2026\/04\/04\/tragedia-com-onibus-de-santa-maria-que-deixou-sete-mortos-e-26-feridos-em-imigrante-completa-1-ano\/"},"wordCount":776,"commentCount":0,"keywords":["Acidente","Imigrante","Mortos","\u00d4nibus Santa Maria","Trag\u00e9dia"],"articleSection":["Destaques","Geral"],"inLanguage":"pt-BR","potentialAction":[{"@type":"CommentAction","name":"Comment","target":["https:\/\/folhapopular.info\/index.php\/2026\/04\/04\/tragedia-com-onibus-de-santa-maria-que-deixou-sete-mortos-e-26-feridos-em-imigrante-completa-1-ano\/#respond"]}]},{"@type":"WebPage","@id":"https:\/\/folhapopular.info\/index.php\/2026\/04\/04\/tragedia-com-onibus-de-santa-maria-que-deixou-sete-mortos-e-26-feridos-em-imigrante-completa-1-ano\/","url":"https:\/\/folhapopular.info\/index.php\/2026\/04\/04\/tragedia-com-onibus-de-santa-maria-que-deixou-sete-mortos-e-26-feridos-em-imigrante-completa-1-ano\/","name":"Trag\u00e9dia com \u00f4nibus de Santa Maria que deixou sete mortos e 26 feridos em Imigrante completa 1 ano - Folha Popular","isPartOf":{"@id":"https:\/\/folhapopular.info\/#website"},"datePublished":"2026-04-04T21:02:15+00:00","author":{"@id":"https:\/\/folhapopular.info\/#\/schema\/person\/2814e8a0df7643585a9ca38bc6eb9d4b"},"breadcrumb":{"@id":"https:\/\/folhapopular.info\/index.php\/2026\/04\/04\/tragedia-com-onibus-de-santa-maria-que-deixou-sete-mortos-e-26-feridos-em-imigrante-completa-1-ano\/#breadcrumb"},"inLanguage":"pt-BR","potentialAction":[{"@type":"ReadAction","target":["https:\/\/folhapopular.info\/index.php\/2026\/04\/04\/tragedia-com-onibus-de-santa-maria-que-deixou-sete-mortos-e-26-feridos-em-imigrante-completa-1-ano\/"]}]},{"@type":"BreadcrumbList","@id":"https:\/\/folhapopular.info\/index.php\/2026\/04\/04\/tragedia-com-onibus-de-santa-maria-que-deixou-sete-mortos-e-26-feridos-em-imigrante-completa-1-ano\/#breadcrumb","itemListElement":[{"@type":"ListItem","position":1,"name":"In\u00edcio","item":"https:\/\/folhapopular.info\/"},{"@type":"ListItem","position":2,"name":"Trag\u00e9dia com \u00f4nibus de Santa Maria que deixou sete mortos e 26 feridos em Imigrante completa 1 ano"}]},{"@type":"WebSite","@id":"https:\/\/folhapopular.info\/#website","url":"https:\/\/folhapopular.info\/","name":"Folha Popular","description":"Onde voc\u00ea tem vez e voz","potentialAction":[{"@type":"SearchAction","target":{"@type":"EntryPoint","urlTemplate":"https:\/\/folhapopular.info\/?s={search_term_string}"},"query-input":{"@type":"PropertyValueSpecification","valueRequired":true,"valueName":"search_term_string"}}],"inLanguage":"pt-BR"},{"@type":"Person","@id":"https:\/\/folhapopular.info\/#\/schema\/person\/2814e8a0df7643585a9ca38bc6eb9d4b","name":"Reda\u00e7\u00e3o Folha Popular","image":{"@type":"ImageObject","inLanguage":"pt-BR","@id":"https:\/\/folhapopular.info\/wp-content\/uploads\/2026\/04\/Folha-1.webp","url":"https:\/\/folhapopular.info\/wp-content\/uploads\/2026\/04\/Folha-1.webp","contentUrl":"https:\/\/folhapopular.info\/wp-content\/uploads\/2026\/04\/Folha-1.webp","caption":"Reda\u00e7\u00e3o Folha Popular"},"url":"https:\/\/folhapopular.info\/index.php\/author\/redacao\/"}]}},"jetpack_featured_media_url":"","jetpack_sharing_enabled":true,"amp_enabled":true,"_links":{"self":[{"href":"https:\/\/folhapopular.info\/index.php\/wp-json\/wp\/v2\/posts\/207850","targetHints":{"allow":["GET"]}}],"collection":[{"href":"https:\/\/folhapopular.info\/index.php\/wp-json\/wp\/v2\/posts"}],"about":[{"href":"https:\/\/folhapopular.info\/index.php\/wp-json\/wp\/v2\/types\/post"}],"author":[{"embeddable":true,"href":"https:\/\/folhapopular.info\/index.php\/wp-json\/wp\/v2\/users\/8"}],"replies":[{"embeddable":true,"href":"https:\/\/folhapopular.info\/index.php\/wp-json\/wp\/v2\/comments?post=207850"}],"version-history":[{"count":0,"href":"https:\/\/folhapopular.info\/index.php\/wp-json\/wp\/v2\/posts\/207850\/revisions"}],"wp:attachment":[{"href":"https:\/\/folhapopular.info\/index.php\/wp-json\/wp\/v2\/media?parent=207850"}],"wp:term":[{"taxonomy":"category","embeddable":true,"href":"https:\/\/folhapopular.info\/index.php\/wp-json\/wp\/v2\/categories?post=207850"},{"taxonomy":"post_tag","embeddable":true,"href":"https:\/\/folhapopular.info\/index.php\/wp-json\/wp\/v2\/tags?post=207850"}],"curies":[{"name":"wp","href":"https:\/\/api.w.org\/{rel}","templated":true}]}}