{"id":207853,"date":"2026-04-04T18:35:46","date_gmt":"2026-04-04T21:35:46","guid":{"rendered":"https:\/\/folhapopular.info\/?p=207853"},"modified":"2026-04-04T18:35:46","modified_gmt":"2026-04-04T21:35:46","slug":"falece-aos-88-anos-o-escritor-e-musico-osmar-agostini","status":"publish","type":"post","link":"https:\/\/folhapopular.info\/index.php\/2026\/04\/04\/falece-aos-88-anos-o-escritor-e-musico-osmar-agostini\/","title":{"rendered":"Falece aos 88 anos o escritor e m\u00fasico Osmar Agostini"},"content":{"rendered":"\n<p>Os escritor, m\u00fasico e banc\u00e1rio aposentado, Osmar Agostini, faleceu neste s\u00e1bado (4\/4), aos 88 anos de idade. Ele deixa a esposa, Glacy, os filhos, Marcelo e Agostinho (em mem\u00f3ria), noras, netos e um bisneto.<\/p>\n\n\n\n<p>Osmar Agostini nasceu em Canudos do Vale em 1937. Integrou a primeira turma de formandos no curso de Letras da Univates, em 1972. Foi m\u00fasico, compositor, arranjador e maestro em corais de v\u00e1rios munic\u00edpios da regi\u00e3o. <\/p>\n\n\n\n<p>Atuou por v\u00e1rios anos no Banco do Brasil em Lajeado , bem como em outras cidades do Rio Grande do Sul e em outros estados. Foi s\u00f3cio-fundador da Academia Liter\u00e1ria do Vale do Taquari (Alivat).<\/p>\n\n\n\n<p>Osmar tem tr\u00eas livros publicados, al\u00e9m de artigos em diversos jornais e em antologias. Em 2001, publicou &#8220;Duas Taperas na Estrada Velha&#8221;, romance de 248 p\u00e1ginas. Em 2009, na 4\u00aa Feira do Livro de Lajeado, lan\u00e7ou a obra &#8220;A Mulher Feia&#8221;, com 168 p\u00e1ginas &#8211; uma colet\u00e2nea de 20 contos, 17 cr\u00f4nicas e uma poesia, escritos desde a \u00e9poca da faculdade.<\/p>\n\n\n\n<p>O \u00faltimo, &#8220;L\u00edngua e Linguagem&#8221;, foi publicado em 2019 como uma esp\u00e9cie de gram\u00e1tica da l\u00edngua portuguesa. Al\u00e9m destes tr\u00eas, ele tinha pelo menos mais tr\u00eas escritos e n\u00e3o publicados.<\/p>\n\n\n\n<p>Agostini foi sepultado na tarde deste s\u00e1bado no Cemit\u00e9rio Cat\u00f3lico do Bairro Florestal, em Lajeado.<\/p>\n","protected":false},"excerpt":{"rendered":"<p>Os escritor, m\u00fasico e banc\u00e1rio aposentado, Osmar Agostini, faleceu neste s\u00e1bado (4\/4), aos 88 anos de idade. Ele deixa a esposa, Glacy, os filhos, Marcelo e Agostinho (em mem\u00f3ria), noras, netos e um bisneto. Osmar Agostini nasceu em Canudos do Vale em 1937. Integrou a primeira turma de formandos no curso de Letras da Univates, [&hellip;]<\/p>\n","protected":false},"author":8,"featured_media":0,"comment_status":"open","ping_status":"open","sticky":false,"template":"","format":"standard","meta":{"pmpro_default_level":"","_jetpack_memberships_contains_paid_content":false,"footnotes":""},"categories":[11024],"tags":[6568,20933,6643,20934],"class_list":{"0":"post-207853","1":"post","2":"type-post","3":"status-publish","4":"format-standard","6":"category-obituario","7":"tag-escritor","8":"tag-falece","9":"tag-maestro","10":"tag-osmar-agostini","11":"pmpro-has-access"},"yoast_head":"<!-- This site is optimized with the Yoast SEO plugin v27.5 - https:\/\/yoast.com\/product\/yoast-seo-wordpress\/ -->\n<title>Falece aos 88 anos o escritor e m\u00fasico Osmar Agostini - Folha Popular<\/title>\n<meta name=\"robots\" content=\"index, follow, max-snippet:-1, max-image-preview:large, max-video-preview:-1\" \/>\n<link rel=\"canonical\" href=\"https:\/\/folhapopular.info\/index.php\/2026\/04\/04\/falece-aos-88-anos-o-escritor-e-musico-osmar-agostini\/\" \/>\n<meta property=\"og:locale\" content=\"pt_BR\" \/>\n<meta property=\"og:type\" content=\"article\" \/>\n<meta property=\"og:title\" content=\"Falece aos 88 anos o escritor e m\u00fasico Osmar Agostini - Folha Popular\" \/>\n<meta property=\"og:description\" content=\"Os escritor, m\u00fasico e banc\u00e1rio aposentado, Osmar Agostini, faleceu neste s\u00e1bado (4\/4), aos 88 anos de idade. Ele deixa a esposa, Glacy, os filhos, Marcelo e Agostinho (em mem\u00f3ria), noras, netos e um bisneto. Osmar Agostini nasceu em Canudos do Vale em 1937. Integrou a primeira turma de formandos no curso de Letras da Univates, [&hellip;]\" \/>\n<meta property=\"og:url\" content=\"https:\/\/folhapopular.info\/index.php\/2026\/04\/04\/falece-aos-88-anos-o-escritor-e-musico-osmar-agostini\/\" \/>\n<meta property=\"og:site_name\" content=\"Folha Popular\" \/>\n<meta property=\"article:published_time\" content=\"2026-04-04T21:35:46+00:00\" \/>\n<meta name=\"author\" content=\"Reda\u00e7\u00e3o Folha Popular\" \/>\n<meta name=\"twitter:card\" content=\"summary_large_image\" \/>\n<meta name=\"twitter:label1\" content=\"Escrito por\" \/>\n\t<meta name=\"twitter:data1\" content=\"Reda\u00e7\u00e3o Folha Popular\" \/>\n\t<meta name=\"twitter:label2\" content=\"Est. tempo de leitura\" \/>\n\t<meta name=\"twitter:data2\" content=\"1 minuto\" \/>\n<script type=\"application\/ld+json\" class=\"yoast-schema-graph\">{\"@context\":\"https:\\\/\\\/schema.org\",\"@graph\":[{\"@type\":\"Article\",\"@id\":\"https:\\\/\\\/folhapopular.info\\\/index.php\\\/2026\\\/04\\\/04\\\/falece-aos-88-anos-o-escritor-e-musico-osmar-agostini\\\/#article\",\"isPartOf\":{\"@id\":\"https:\\\/\\\/folhapopular.info\\\/index.php\\\/2026\\\/04\\\/04\\\/falece-aos-88-anos-o-escritor-e-musico-osmar-agostini\\\/\"},\"author\":{\"name\":\"Reda\u00e7\u00e3o Folha Popular\",\"@id\":\"https:\\\/\\\/folhapopular.info\\\/#\\\/schema\\\/person\\\/2814e8a0df7643585a9ca38bc6eb9d4b\"},\"headline\":\"Falece aos 88 anos o escritor e m\u00fasico Osmar Agostini\",\"datePublished\":\"2026-04-04T21:35:46+00:00\",\"mainEntityOfPage\":{\"@id\":\"https:\\\/\\\/folhapopular.info\\\/index.php\\\/2026\\\/04\\\/04\\\/falece-aos-88-anos-o-escritor-e-musico-osmar-agostini\\\/\"},\"wordCount\":237,\"commentCount\":0,\"keywords\":[\"escritor\",\"falece\",\"Maestro\",\"Osmar Agostini\"],\"articleSection\":[\"Obitu\u00e1rio\"],\"inLanguage\":\"pt-BR\",\"potentialAction\":[{\"@type\":\"CommentAction\",\"name\":\"Comment\",\"target\":[\"https:\\\/\\\/folhapopular.info\\\/index.php\\\/2026\\\/04\\\/04\\\/falece-aos-88-anos-o-escritor-e-musico-osmar-agostini\\\/#respond\"]}]},{\"@type\":\"WebPage\",\"@id\":\"https:\\\/\\\/folhapopular.info\\\/index.php\\\/2026\\\/04\\\/04\\\/falece-aos-88-anos-o-escritor-e-musico-osmar-agostini\\\/\",\"url\":\"https:\\\/\\\/folhapopular.info\\\/index.php\\\/2026\\\/04\\\/04\\\/falece-aos-88-anos-o-escritor-e-musico-osmar-agostini\\\/\",\"name\":\"Falece aos 88 anos o escritor e m\u00fasico Osmar Agostini - Folha Popular\",\"isPartOf\":{\"@id\":\"https:\\\/\\\/folhapopular.info\\\/#website\"},\"datePublished\":\"2026-04-04T21:35:46+00:00\",\"author\":{\"@id\":\"https:\\\/\\\/folhapopular.info\\\/#\\\/schema\\\/person\\\/2814e8a0df7643585a9ca38bc6eb9d4b\"},\"breadcrumb\":{\"@id\":\"https:\\\/\\\/folhapopular.info\\\/index.php\\\/2026\\\/04\\\/04\\\/falece-aos-88-anos-o-escritor-e-musico-osmar-agostini\\\/#breadcrumb\"},\"inLanguage\":\"pt-BR\",\"potentialAction\":[{\"@type\":\"ReadAction\",\"target\":[\"https:\\\/\\\/folhapopular.info\\\/index.php\\\/2026\\\/04\\\/04\\\/falece-aos-88-anos-o-escritor-e-musico-osmar-agostini\\\/\"]}]},{\"@type\":\"BreadcrumbList\",\"@id\":\"https:\\\/\\\/folhapopular.info\\\/index.php\\\/2026\\\/04\\\/04\\\/falece-aos-88-anos-o-escritor-e-musico-osmar-agostini\\\/#breadcrumb\",\"itemListElement\":[{\"@type\":\"ListItem\",\"position\":1,\"name\":\"In\u00edcio\",\"item\":\"https:\\\/\\\/folhapopular.info\\\/\"},{\"@type\":\"ListItem\",\"position\":2,\"name\":\"Falece aos 88 anos o escritor e m\u00fasico Osmar Agostini\"}]},{\"@type\":\"WebSite\",\"@id\":\"https:\\\/\\\/folhapopular.info\\\/#website\",\"url\":\"https:\\\/\\\/folhapopular.info\\\/\",\"name\":\"Folha Popular\",\"description\":\"Onde voc\u00ea tem vez e voz\",\"potentialAction\":[{\"@type\":\"SearchAction\",\"target\":{\"@type\":\"EntryPoint\",\"urlTemplate\":\"https:\\\/\\\/folhapopular.info\\\/?s={search_term_string}\"},\"query-input\":{\"@type\":\"PropertyValueSpecification\",\"valueRequired\":true,\"valueName\":\"search_term_string\"}}],\"inLanguage\":\"pt-BR\"},{\"@type\":\"Person\",\"@id\":\"https:\\\/\\\/folhapopular.info\\\/#\\\/schema\\\/person\\\/2814e8a0df7643585a9ca38bc6eb9d4b\",\"name\":\"Reda\u00e7\u00e3o Folha Popular\",\"image\":{\"@type\":\"ImageObject\",\"inLanguage\":\"pt-BR\",\"@id\":\"https:\\\/\\\/folhapopular.info\\\/wp-content\\\/uploads\\\/2026\\\/04\\\/Folha-1.webp\",\"url\":\"https:\\\/\\\/folhapopular.info\\\/wp-content\\\/uploads\\\/2026\\\/04\\\/Folha-1.webp\",\"contentUrl\":\"https:\\\/\\\/folhapopular.info\\\/wp-content\\\/uploads\\\/2026\\\/04\\\/Folha-1.webp\",\"caption\":\"Reda\u00e7\u00e3o Folha Popular\"},\"url\":\"https:\\\/\\\/folhapopular.info\\\/index.php\\\/author\\\/redacao\\\/\"}]}<\/script>\n<!-- \/ Yoast SEO plugin. -->","yoast_head_json":{"title":"Falece aos 88 anos o escritor e m\u00fasico Osmar Agostini - Folha Popular","robots":{"index":"index","follow":"follow","max-snippet":"max-snippet:-1","max-image-preview":"max-image-preview:large","max-video-preview":"max-video-preview:-1"},"canonical":"https:\/\/folhapopular.info\/index.php\/2026\/04\/04\/falece-aos-88-anos-o-escritor-e-musico-osmar-agostini\/","og_locale":"pt_BR","og_type":"article","og_title":"Falece aos 88 anos o escritor e m\u00fasico Osmar Agostini - Folha Popular","og_description":"Os escritor, m\u00fasico e banc\u00e1rio aposentado, Osmar Agostini, faleceu neste s\u00e1bado (4\/4), aos 88 anos de idade. Ele deixa a esposa, Glacy, os filhos, Marcelo e Agostinho (em mem\u00f3ria), noras, netos e um bisneto. Osmar Agostini nasceu em Canudos do Vale em 1937. Integrou a primeira turma de formandos no curso de Letras da Univates, [&hellip;]","og_url":"https:\/\/folhapopular.info\/index.php\/2026\/04\/04\/falece-aos-88-anos-o-escritor-e-musico-osmar-agostini\/","og_site_name":"Folha Popular","article_published_time":"2026-04-04T21:35:46+00:00","author":"Reda\u00e7\u00e3o Folha Popular","twitter_card":"summary_large_image","twitter_misc":{"Escrito por":"Reda\u00e7\u00e3o Folha Popular","Est. tempo de leitura":"1 minuto"},"schema":{"@context":"https:\/\/schema.org","@graph":[{"@type":"Article","@id":"https:\/\/folhapopular.info\/index.php\/2026\/04\/04\/falece-aos-88-anos-o-escritor-e-musico-osmar-agostini\/#article","isPartOf":{"@id":"https:\/\/folhapopular.info\/index.php\/2026\/04\/04\/falece-aos-88-anos-o-escritor-e-musico-osmar-agostini\/"},"author":{"name":"Reda\u00e7\u00e3o Folha Popular","@id":"https:\/\/folhapopular.info\/#\/schema\/person\/2814e8a0df7643585a9ca38bc6eb9d4b"},"headline":"Falece aos 88 anos o escritor e m\u00fasico Osmar Agostini","datePublished":"2026-04-04T21:35:46+00:00","mainEntityOfPage":{"@id":"https:\/\/folhapopular.info\/index.php\/2026\/04\/04\/falece-aos-88-anos-o-escritor-e-musico-osmar-agostini\/"},"wordCount":237,"commentCount":0,"keywords":["escritor","falece","Maestro","Osmar Agostini"],"articleSection":["Obitu\u00e1rio"],"inLanguage":"pt-BR","potentialAction":[{"@type":"CommentAction","name":"Comment","target":["https:\/\/folhapopular.info\/index.php\/2026\/04\/04\/falece-aos-88-anos-o-escritor-e-musico-osmar-agostini\/#respond"]}]},{"@type":"WebPage","@id":"https:\/\/folhapopular.info\/index.php\/2026\/04\/04\/falece-aos-88-anos-o-escritor-e-musico-osmar-agostini\/","url":"https:\/\/folhapopular.info\/index.php\/2026\/04\/04\/falece-aos-88-anos-o-escritor-e-musico-osmar-agostini\/","name":"Falece aos 88 anos o escritor e m\u00fasico Osmar Agostini - Folha Popular","isPartOf":{"@id":"https:\/\/folhapopular.info\/#website"},"datePublished":"2026-04-04T21:35:46+00:00","author":{"@id":"https:\/\/folhapopular.info\/#\/schema\/person\/2814e8a0df7643585a9ca38bc6eb9d4b"},"breadcrumb":{"@id":"https:\/\/folhapopular.info\/index.php\/2026\/04\/04\/falece-aos-88-anos-o-escritor-e-musico-osmar-agostini\/#breadcrumb"},"inLanguage":"pt-BR","potentialAction":[{"@type":"ReadAction","target":["https:\/\/folhapopular.info\/index.php\/2026\/04\/04\/falece-aos-88-anos-o-escritor-e-musico-osmar-agostini\/"]}]},{"@type":"BreadcrumbList","@id":"https:\/\/folhapopular.info\/index.php\/2026\/04\/04\/falece-aos-88-anos-o-escritor-e-musico-osmar-agostini\/#breadcrumb","itemListElement":[{"@type":"ListItem","position":1,"name":"In\u00edcio","item":"https:\/\/folhapopular.info\/"},{"@type":"ListItem","position":2,"name":"Falece aos 88 anos o escritor e m\u00fasico Osmar Agostini"}]},{"@type":"WebSite","@id":"https:\/\/folhapopular.info\/#website","url":"https:\/\/folhapopular.info\/","name":"Folha Popular","description":"Onde voc\u00ea tem vez e voz","potentialAction":[{"@type":"SearchAction","target":{"@type":"EntryPoint","urlTemplate":"https:\/\/folhapopular.info\/?s={search_term_string}"},"query-input":{"@type":"PropertyValueSpecification","valueRequired":true,"valueName":"search_term_string"}}],"inLanguage":"pt-BR"},{"@type":"Person","@id":"https:\/\/folhapopular.info\/#\/schema\/person\/2814e8a0df7643585a9ca38bc6eb9d4b","name":"Reda\u00e7\u00e3o Folha Popular","image":{"@type":"ImageObject","inLanguage":"pt-BR","@id":"https:\/\/folhapopular.info\/wp-content\/uploads\/2026\/04\/Folha-1.webp","url":"https:\/\/folhapopular.info\/wp-content\/uploads\/2026\/04\/Folha-1.webp","contentUrl":"https:\/\/folhapopular.info\/wp-content\/uploads\/2026\/04\/Folha-1.webp","caption":"Reda\u00e7\u00e3o Folha Popular"},"url":"https:\/\/folhapopular.info\/index.php\/author\/redacao\/"}]}},"jetpack_featured_media_url":"","jetpack_sharing_enabled":true,"amp_enabled":true,"_links":{"self":[{"href":"https:\/\/folhapopular.info\/index.php\/wp-json\/wp\/v2\/posts\/207853","targetHints":{"allow":["GET"]}}],"collection":[{"href":"https:\/\/folhapopular.info\/index.php\/wp-json\/wp\/v2\/posts"}],"about":[{"href":"https:\/\/folhapopular.info\/index.php\/wp-json\/wp\/v2\/types\/post"}],"author":[{"embeddable":true,"href":"https:\/\/folhapopular.info\/index.php\/wp-json\/wp\/v2\/users\/8"}],"replies":[{"embeddable":true,"href":"https:\/\/folhapopular.info\/index.php\/wp-json\/wp\/v2\/comments?post=207853"}],"version-history":[{"count":0,"href":"https:\/\/folhapopular.info\/index.php\/wp-json\/wp\/v2\/posts\/207853\/revisions"}],"wp:attachment":[{"href":"https:\/\/folhapopular.info\/index.php\/wp-json\/wp\/v2\/media?parent=207853"}],"wp:term":[{"taxonomy":"category","embeddable":true,"href":"https:\/\/folhapopular.info\/index.php\/wp-json\/wp\/v2\/categories?post=207853"},{"taxonomy":"post_tag","embeddable":true,"href":"https:\/\/folhapopular.info\/index.php\/wp-json\/wp\/v2\/tags?post=207853"}],"curies":[{"name":"wp","href":"https:\/\/api.w.org\/{rel}","templated":true}]}}