{"id":211377,"date":"2026-04-25T10:00:00","date_gmt":"2026-04-25T13:00:00","guid":{"rendered":"https:\/\/folhapopular.info\/?p=211377"},"modified":"2026-04-25T10:06:08","modified_gmt":"2026-04-25T13:06:08","slug":"intercambista-turca-aproxima-culturas-no-baile-das-nacoes","status":"publish","type":"post","link":"https:\/\/folhapopular.info\/index.php\/2026\/04\/25\/intercambista-turca-aproxima-culturas-no-baile-das-nacoes\/","title":{"rendered":"Intercambista turca aproxima culturas no Baile das Na\u00e7\u00f5es"},"content":{"rendered":"\n<p>A presen\u00e7a de uma jovem intercambista da Turquia em Teut\u00f4nia tem chamado a aten\u00e7\u00e3o, n\u00e3o apenas pela troca cultural, mas tamb\u00e9m, por uma coincid\u00eancia simb\u00f3lica. Neste ano, o tradicional Baile das Na\u00e7\u00f5es, promovido pelo Rotary Club de Teut\u00f4nia, ter\u00e1 justamente a Turquia como pa\u00eds homenageado, o mesmo de origem de Zeynep Karakusoglu (18), que vive atualmente no munic\u00edpio de Ivoti.<\/p>\n\n\n\n<p>A estudante est\u00e1 no Brasil h\u00e1 pouco mais de 8 meses e deve permanecer por mais dois, completando quase 1 ano de interc\u00e2mbio por meio do Rotary International. Ela veio a convite de uma fam\u00edlia rotariana. Nesse per\u00edodo, aprendeu portugu\u00eas com rapidez, ainda com algumas trocas de pronomes, mas com comunica\u00e7\u00e3o clara e espont\u00e2nea.<\/p>\n\n\n\n<p>\u201cEu n\u00e3o sabia nada antes de chegar aqui, e agora, estou falando\u201d, relata ela, que destaca o aprendizado para al\u00e9m do idioma. Para Zey, a experi\u00eancia representa crescimento pessoal e uma mudan\u00e7a profunda na forma de enxergar o mundo. \u201cAgora, eu me sinto do mundo. Quando voc\u00ea conhece outro pa\u00eds, outra l\u00edngua, percebe que o mundo \u00e9 pequeno e cheio de culturas diferentes, mas todas maravilhosas\u201d, completa.<\/p>\n\n\n\n<p>Natural do Sul da Turquia e com v\u00ednculos familiares em Istambul, Zeynep descreve com entusiasmo a singularidade do pa\u00eds de origem. Um dos pontos que mais chama aten\u00e7\u00e3o \u00e9 a geografia da principal cidade turca, considerada a \u00fanica do mundo situada em dois continentes.<\/p>\n\n\n\n<p>Cortada pelo Estreito de B\u00f3sforo, canal mar\u00edtimo que interliga o Mar Negro ao Mar de M\u00e1rmara e separa os continentes europeu e asi\u00e1tico, Istambul conecta Europa e \u00c1sia, permitindo que seus habitantes transitem entre os continentes no cotidiano, seja por pontes ou embarca\u00e7\u00f5es. \u201cQuando voc\u00ea est\u00e1 na \u00c1sia, consegue ver a Europa. A gente vive entre os dois lados\u201d, explica ela.<\/p>\n\n\n\n<p>A jovem tamb\u00e9m ressalta a riqueza hist\u00f3rica do pa\u00eds, marcada pelo legado do Imp\u00e9rio Otomano e pela transforma\u00e7\u00e3o em uma na\u00e7\u00e3o moderna, com estado laico, a partir das reformas lideradas por Mustafa Kemal Atat\u00fcrk. \u201cTemos muitos lugares hist\u00f3ricos, de diferentes \u00e9pocas e religi\u00f5es. \u00c9 uma hist\u00f3ria muito rica\u201d, afirma Zey.<\/p>\n\n\n\n<p>Ao ser questionada sobre a bandeira do seu pa\u00eds, agradece \u00e0 pergunta e se diz honrada ao falar dos emblemas estrela e lua ao fundo vermelho. \u201cTivemos muitas guerras, e foi com o sangue de muitos turcos que conseguimos manter nosso pa\u00eds soberano. Ao fim das batalhas, os guerreiros que conseguiam voltar \u00e0 sua p\u00e1tria chegavam \u00e0 noite e viam a estrela e a lua refletida no sangue derramado na terra\u201d, conta ela.<\/p>\n\n\n\n<p>Outro ponto destacado por Zey \u00e9 a necessidade de desconstruir estere\u00f3tipos sobre a Turquia, especialmente no que diz respeito \u00e0 religi\u00e3o. Embora a maioria da popula\u00e7\u00e3o seja mu\u00e7ulmana, ela enfatiza que h\u00e1 liberdade individual nas pr\u00e1ticas religiosas.<\/p>\n\n\n\n<p>Segundo a estudante, o uso do Hijab (len\u00e7o sobre o cabelo), por exemplo, n\u00e3o \u00e9 obrigat\u00f3rio. \u201cSe quiser usar, pode. Se n\u00e3o quiser, n\u00e3o precisa. \u00c9 uma escolha\u201d, explica ela, que diferencia a cultura turca de outras tradi\u00e7\u00f5es frequentemente associadas de forma generalizada no Ocidente.<\/p>\n\n\n\n<h2 class=\"wp-block-heading\"><strong>Do estere\u00f3tipo \u00e0 descoberta do Brasil<\/strong><\/h2>\n\n\n\n<p>Se por um lado Zeynep ajuda a explicar sua cultura, por outro, tamb\u00e9m teve percep\u00e7\u00f5es transformadas sobre o Brasil. Antes de chegar, sua vis\u00e3o era limitada a imagens de favela, pobreza, viol\u00eancia e estere\u00f3tipos como carnaval e samba.<\/p>\n\n\n\n<p>\u201cEu achava que o Brasil era s\u00f3 isso. Minha fam\u00edlia at\u00e9 ficou preocupada, me questionavam por que o Brasil\u201d, conta. A realidade encontrada, no entanto, foi diferente: \u201cConheci pessoas maravilhosas, uma cultura muito rica. Adorei. \u00c9 um pa\u00eds maravilhoso.\u201d<\/p>\n\n\n\n<p>Agora em Teut\u00f4nia, ela destaca a acolhida da comunidade e da fam\u00edlia anfitri\u00e3, composta pelo casal rotariano Neusa e Milton Wallauer, al\u00e9m do suporte do Rotary. \u201cMe sinto em fam\u00edlia\u201d, resume Zeynep.<\/p>\n\n\n\n<p>Antes de voltar \u00e0 Turquia, a jovem promete preparar um prato t\u00edpico turco tradicional ao casal anfitri\u00e3o, o yamala. O alimento consiste em uma \u201cpizza empilhada\u201d ou um prato de massa em camadas de p\u00e3o fino (semelhante a tortilhas, chamado lava\u015f) intercaladas com uma mistura de carne mo\u00edda, vegetais e especiarias.<\/p>\n\n\n\n<h2 class=\"wp-block-heading\"><strong>Interc\u00e2mbio como ponte entre culturas<\/strong><\/h2>\n\n\n\n<p>O interc\u00e2mbio promovido pelo Rotary International funciona por meio de uma rede de fam\u00edlias anfitri\u00e3s e permite que jovens vivenciem outras culturas sem custos diretos de hospedagem, em um sistema de troca.<\/p>\n\n\n\n<p>Para Zey, o processo exige coragem, especialmente pela dist\u00e2ncia da fam\u00edlia e pelo desafio de adapta\u00e7\u00e3o. \u201c\u00c9 dif\u00edcil no come\u00e7o, voc\u00ea est\u00e1 longe de tudo, precisa fazer tudo sozinha. Mas \u00e9 uma experi\u00eancia maravilhosa. Eu j\u00e1 ganhei muito com isso\u201d, afirma a jovem.<\/p>\n\n\n\n<p>A viv\u00eancia, segundo ela, vai al\u00e9m do interc\u00e2mbio tradicional: \u201cVoc\u00ea aprende uma nova l\u00edngua, conhece outra cultura e mostra a sua. Isso muda tudo.\u201d<\/p>\n\n\n\n<p>Para a presidente do Rotary Club de Teut\u00f4nia, Ingrid Elisa Hauschild, a presen\u00e7a da intercambista refor\u00e7a o prop\u00f3sito do programa e traz um elemento inesperado ao calend\u00e1rio do clube. \u201c\u00c9 uma honra muito grande e uma coincid\u00eancia, porque n\u00e3o foi planejado. A Zeynep chegou por meio de contatos e vai trazer um brilho ainda maior para o nosso Baile das Na\u00e7\u00f5es\u201d, destaca.<\/p>\n\n\n\n<p>O evento, que acontece a partir das 19h30 deste s\u00e1bado na Associa\u00e7\u00e3o Pr\u00f3-Desenvolvimento de Languiru (APDL), tem como proposta valorizar diferentes culturas ao longo dos anos e, em 2026, homenageia justamente a Turquia.<\/p>\n\n\n\n<p>A presen\u00e7a da jovem turca em Teut\u00f4nia refor\u00e7a como iniciativas locais podem aproximar realidades distantes. Seja por meio do interc\u00e2mbio ou de eventos como o Baile das Na\u00e7\u00f5es, o contato direto entre culturas amplia horizontes e desafia percep\u00e7\u00f5es.<\/p>\n\n\n\n<p>Zeynep resume a experi\u00eancia com uma ideia simples, mas poderosa: \u201cEu n\u00e3o sou mais turca. Agora, eu sou do mundo. Voc\u00ea pensa isso quando conhece um novo idioma, um novo pa\u00eds. O mundo tem muitas outras culturas, outras vidas, mas \u00e9 tudo maravilho e a gente se torna parecido, n\u00e3o somos mais estranhos\u201d, conclui.<\/p>\n","protected":false},"excerpt":{"rendered":"<p>A presen\u00e7a de uma jovem intercambista da Turquia em Teut\u00f4nia tem chamado a aten\u00e7\u00e3o, n\u00e3o apenas pela troca cultural, mas tamb\u00e9m, por uma coincid\u00eancia simb\u00f3lica. Neste ano, o tradicional Baile das Na\u00e7\u00f5es, promovido pelo Rotary Club de Teut\u00f4nia, ter\u00e1 justamente a Turquia como pa\u00eds homenageado, o mesmo de origem de Zeynep Karakusoglu (18), que vive [&hellip;]<\/p>\n","protected":false},"author":772,"featured_media":211379,"comment_status":"open","ping_status":"open","sticky":false,"template":"","format":"standard","meta":{"pmpro_default_level":"","_jetpack_memberships_contains_paid_content":false,"footnotes":""},"categories":[10996,2,6],"tags":[21042,18716,26,17530],"class_list":{"0":"post-211377","1":"post","2":"type-post","3":"status-publish","4":"format-standard","5":"has-post-thumbnail","7":"category-cultura","8":"category-featured","9":"category-inclusive","10":"tag-baile-das-nacoes","11":"tag-rotary-club-teutonia","12":"tag-teutonia","13":"tag-turquia","14":"pmpro-has-access"},"yoast_head":"<!-- This site is optimized with the Yoast SEO plugin v27.4 - https:\/\/yoast.com\/product\/yoast-seo-wordpress\/ -->\n<title>Intercambista turca aproxima culturas no Baile das Na\u00e7\u00f5es - Folha Popular<\/title>\n<meta name=\"robots\" content=\"index, follow, max-snippet:-1, max-image-preview:large, max-video-preview:-1\" \/>\n<link rel=\"canonical\" href=\"https:\/\/folhapopular.info\/index.php\/2026\/04\/25\/intercambista-turca-aproxima-culturas-no-baile-das-nacoes\/\" \/>\n<meta property=\"og:locale\" content=\"pt_BR\" \/>\n<meta property=\"og:type\" content=\"article\" \/>\n<meta property=\"og:title\" content=\"Intercambista turca aproxima culturas no Baile das Na\u00e7\u00f5es - Folha Popular\" \/>\n<meta property=\"og:description\" content=\"A presen\u00e7a de uma jovem intercambista da Turquia em Teut\u00f4nia tem chamado a aten\u00e7\u00e3o, n\u00e3o apenas pela troca cultural, mas tamb\u00e9m, por uma coincid\u00eancia simb\u00f3lica. Neste ano, o tradicional Baile das Na\u00e7\u00f5es, promovido pelo Rotary Club de Teut\u00f4nia, ter\u00e1 justamente a Turquia como pa\u00eds homenageado, o mesmo de origem de Zeynep Karakusoglu (18), que vive [&hellip;]\" \/>\n<meta property=\"og:url\" content=\"https:\/\/folhapopular.info\/index.php\/2026\/04\/25\/intercambista-turca-aproxima-culturas-no-baile-das-nacoes\/\" \/>\n<meta property=\"og:site_name\" content=\"Folha Popular\" \/>\n<meta property=\"article:published_time\" content=\"2026-04-25T13:00:00+00:00\" \/>\n<meta property=\"article:modified_time\" content=\"2026-04-25T13:06:08+00:00\" \/>\n<meta property=\"og:image\" content=\"https:\/\/folhapopular.info\/wp-content\/uploads\/2026\/04\/Jovem-turca-Rotary-Teutonia-scaled.jpeg\" \/>\n\t<meta property=\"og:image:width\" content=\"2560\" \/>\n\t<meta property=\"og:image:height\" content=\"1920\" \/>\n\t<meta property=\"og:image:type\" content=\"image\/jpeg\" \/>\n<meta name=\"author\" content=\"Anderson Lopes\" \/>\n<meta name=\"twitter:card\" content=\"summary_large_image\" \/>\n<meta name=\"twitter:label1\" content=\"Escrito por\" \/>\n\t<meta name=\"twitter:data1\" content=\"Anderson Lopes\" \/>\n\t<meta name=\"twitter:label2\" content=\"Est. tempo de leitura\" \/>\n\t<meta name=\"twitter:data2\" content=\"6 minutos\" \/>\n<script type=\"application\/ld+json\" class=\"yoast-schema-graph\">{\"@context\":\"https:\\\/\\\/schema.org\",\"@graph\":[{\"@type\":\"Article\",\"@id\":\"https:\\\/\\\/folhapopular.info\\\/index.php\\\/2026\\\/04\\\/25\\\/intercambista-turca-aproxima-culturas-no-baile-das-nacoes\\\/#article\",\"isPartOf\":{\"@id\":\"https:\\\/\\\/folhapopular.info\\\/index.php\\\/2026\\\/04\\\/25\\\/intercambista-turca-aproxima-culturas-no-baile-das-nacoes\\\/\"},\"author\":{\"name\":\"Anderson Lopes\",\"@id\":\"https:\\\/\\\/folhapopular.info\\\/#\\\/schema\\\/person\\\/50fd7636116370b67381921e65092a49\"},\"headline\":\"Intercambista turca aproxima culturas no Baile das Na\u00e7\u00f5es\",\"datePublished\":\"2026-04-25T13:00:00+00:00\",\"dateModified\":\"2026-04-25T13:06:08+00:00\",\"mainEntityOfPage\":{\"@id\":\"https:\\\/\\\/folhapopular.info\\\/index.php\\\/2026\\\/04\\\/25\\\/intercambista-turca-aproxima-culturas-no-baile-das-nacoes\\\/\"},\"wordCount\":1042,\"commentCount\":0,\"image\":{\"@id\":\"https:\\\/\\\/folhapopular.info\\\/index.php\\\/2026\\\/04\\\/25\\\/intercambista-turca-aproxima-culturas-no-baile-das-nacoes\\\/#primaryimage\"},\"thumbnailUrl\":\"https:\\\/\\\/folhapopular.info\\\/wp-content\\\/uploads\\\/2026\\\/04\\\/Jovem-turca-Rotary-Teutonia-scaled.jpeg\",\"keywords\":[\"Baile das Na\u00e7\u00f5es\",\"Rotary Club Teut\u00f4nia\",\"Teut\u00f4nia\",\"Turquia\"],\"articleSection\":[\"Cultura\",\"Destaques\",\"Inclusive\"],\"inLanguage\":\"pt-BR\",\"potentialAction\":[{\"@type\":\"CommentAction\",\"name\":\"Comment\",\"target\":[\"https:\\\/\\\/folhapopular.info\\\/index.php\\\/2026\\\/04\\\/25\\\/intercambista-turca-aproxima-culturas-no-baile-das-nacoes\\\/#respond\"]}]},{\"@type\":\"WebPage\",\"@id\":\"https:\\\/\\\/folhapopular.info\\\/index.php\\\/2026\\\/04\\\/25\\\/intercambista-turca-aproxima-culturas-no-baile-das-nacoes\\\/\",\"url\":\"https:\\\/\\\/folhapopular.info\\\/index.php\\\/2026\\\/04\\\/25\\\/intercambista-turca-aproxima-culturas-no-baile-das-nacoes\\\/\",\"name\":\"Intercambista turca aproxima culturas no Baile das Na\u00e7\u00f5es - Folha Popular\",\"isPartOf\":{\"@id\":\"https:\\\/\\\/folhapopular.info\\\/#website\"},\"primaryImageOfPage\":{\"@id\":\"https:\\\/\\\/folhapopular.info\\\/index.php\\\/2026\\\/04\\\/25\\\/intercambista-turca-aproxima-culturas-no-baile-das-nacoes\\\/#primaryimage\"},\"image\":{\"@id\":\"https:\\\/\\\/folhapopular.info\\\/index.php\\\/2026\\\/04\\\/25\\\/intercambista-turca-aproxima-culturas-no-baile-das-nacoes\\\/#primaryimage\"},\"thumbnailUrl\":\"https:\\\/\\\/folhapopular.info\\\/wp-content\\\/uploads\\\/2026\\\/04\\\/Jovem-turca-Rotary-Teutonia-scaled.jpeg\",\"datePublished\":\"2026-04-25T13:00:00+00:00\",\"dateModified\":\"2026-04-25T13:06:08+00:00\",\"author\":{\"@id\":\"https:\\\/\\\/folhapopular.info\\\/#\\\/schema\\\/person\\\/50fd7636116370b67381921e65092a49\"},\"breadcrumb\":{\"@id\":\"https:\\\/\\\/folhapopular.info\\\/index.php\\\/2026\\\/04\\\/25\\\/intercambista-turca-aproxima-culturas-no-baile-das-nacoes\\\/#breadcrumb\"},\"inLanguage\":\"pt-BR\",\"potentialAction\":[{\"@type\":\"ReadAction\",\"target\":[\"https:\\\/\\\/folhapopular.info\\\/index.php\\\/2026\\\/04\\\/25\\\/intercambista-turca-aproxima-culturas-no-baile-das-nacoes\\\/\"]}]},{\"@type\":\"ImageObject\",\"inLanguage\":\"pt-BR\",\"@id\":\"https:\\\/\\\/folhapopular.info\\\/index.php\\\/2026\\\/04\\\/25\\\/intercambista-turca-aproxima-culturas-no-baile-das-nacoes\\\/#primaryimage\",\"url\":\"https:\\\/\\\/folhapopular.info\\\/wp-content\\\/uploads\\\/2026\\\/04\\\/Jovem-turca-Rotary-Teutonia-scaled.jpeg\",\"contentUrl\":\"https:\\\/\\\/folhapopular.info\\\/wp-content\\\/uploads\\\/2026\\\/04\\\/Jovem-turca-Rotary-Teutonia-scaled.jpeg\",\"width\":2560,\"height\":1920,\"caption\":\"Jovem est\u00e1 na casa dos rotarianos Neusa e Milton Wallauer e \u00e9 acolhida tamb\u00e9m pela presidente do clube teutoniense, Ingrid Elisa Hauschild \\\/ Cr\u00e9dito: Anderson Lopes\"},{\"@type\":\"BreadcrumbList\",\"@id\":\"https:\\\/\\\/folhapopular.info\\\/index.php\\\/2026\\\/04\\\/25\\\/intercambista-turca-aproxima-culturas-no-baile-das-nacoes\\\/#breadcrumb\",\"itemListElement\":[{\"@type\":\"ListItem\",\"position\":1,\"name\":\"In\u00edcio\",\"item\":\"https:\\\/\\\/folhapopular.info\\\/\"},{\"@type\":\"ListItem\",\"position\":2,\"name\":\"Intercambista turca aproxima culturas no Baile das Na\u00e7\u00f5es\"}]},{\"@type\":\"WebSite\",\"@id\":\"https:\\\/\\\/folhapopular.info\\\/#website\",\"url\":\"https:\\\/\\\/folhapopular.info\\\/\",\"name\":\"Folha Popular\",\"description\":\"Onde voc\u00ea tem vez e voz\",\"potentialAction\":[{\"@type\":\"SearchAction\",\"target\":{\"@type\":\"EntryPoint\",\"urlTemplate\":\"https:\\\/\\\/folhapopular.info\\\/?s={search_term_string}\"},\"query-input\":{\"@type\":\"PropertyValueSpecification\",\"valueRequired\":true,\"valueName\":\"search_term_string\"}}],\"inLanguage\":\"pt-BR\"},{\"@type\":\"Person\",\"@id\":\"https:\\\/\\\/folhapopular.info\\\/#\\\/schema\\\/person\\\/50fd7636116370b67381921e65092a49\",\"name\":\"Anderson Lopes\",\"image\":{\"@type\":\"ImageObject\",\"inLanguage\":\"pt-BR\",\"@id\":\"https:\\\/\\\/secure.gravatar.com\\\/avatar\\\/030f2f2574ef743bc9016552464e94d04c7e61de505d7089178f340fc50ed8c6?s=96&d=mm&r=g\",\"url\":\"https:\\\/\\\/secure.gravatar.com\\\/avatar\\\/030f2f2574ef743bc9016552464e94d04c7e61de505d7089178f340fc50ed8c6?s=96&d=mm&r=g\",\"contentUrl\":\"https:\\\/\\\/secure.gravatar.com\\\/avatar\\\/030f2f2574ef743bc9016552464e94d04c7e61de505d7089178f340fc50ed8c6?s=96&d=mm&r=g\",\"caption\":\"Anderson Lopes\"},\"url\":\"https:\\\/\\\/folhapopular.info\\\/index.php\\\/author\\\/anderson-lopes\\\/\"}]}<\/script>\n<!-- \/ Yoast SEO plugin. -->","yoast_head_json":{"title":"Intercambista turca aproxima culturas no Baile das Na\u00e7\u00f5es - Folha Popular","robots":{"index":"index","follow":"follow","max-snippet":"max-snippet:-1","max-image-preview":"max-image-preview:large","max-video-preview":"max-video-preview:-1"},"canonical":"https:\/\/folhapopular.info\/index.php\/2026\/04\/25\/intercambista-turca-aproxima-culturas-no-baile-das-nacoes\/","og_locale":"pt_BR","og_type":"article","og_title":"Intercambista turca aproxima culturas no Baile das Na\u00e7\u00f5es - Folha Popular","og_description":"A presen\u00e7a de uma jovem intercambista da Turquia em Teut\u00f4nia tem chamado a aten\u00e7\u00e3o, n\u00e3o apenas pela troca cultural, mas tamb\u00e9m, por uma coincid\u00eancia simb\u00f3lica. Neste ano, o tradicional Baile das Na\u00e7\u00f5es, promovido pelo Rotary Club de Teut\u00f4nia, ter\u00e1 justamente a Turquia como pa\u00eds homenageado, o mesmo de origem de Zeynep Karakusoglu (18), que vive [&hellip;]","og_url":"https:\/\/folhapopular.info\/index.php\/2026\/04\/25\/intercambista-turca-aproxima-culturas-no-baile-das-nacoes\/","og_site_name":"Folha Popular","article_published_time":"2026-04-25T13:00:00+00:00","article_modified_time":"2026-04-25T13:06:08+00:00","og_image":[{"width":2560,"height":1920,"url":"https:\/\/folhapopular.info\/wp-content\/uploads\/2026\/04\/Jovem-turca-Rotary-Teutonia-scaled.jpeg","type":"image\/jpeg"}],"author":"Anderson Lopes","twitter_card":"summary_large_image","twitter_misc":{"Escrito por":"Anderson Lopes","Est. tempo de leitura":"6 minutos"},"schema":{"@context":"https:\/\/schema.org","@graph":[{"@type":"Article","@id":"https:\/\/folhapopular.info\/index.php\/2026\/04\/25\/intercambista-turca-aproxima-culturas-no-baile-das-nacoes\/#article","isPartOf":{"@id":"https:\/\/folhapopular.info\/index.php\/2026\/04\/25\/intercambista-turca-aproxima-culturas-no-baile-das-nacoes\/"},"author":{"name":"Anderson Lopes","@id":"https:\/\/folhapopular.info\/#\/schema\/person\/50fd7636116370b67381921e65092a49"},"headline":"Intercambista turca aproxima culturas no Baile das Na\u00e7\u00f5es","datePublished":"2026-04-25T13:00:00+00:00","dateModified":"2026-04-25T13:06:08+00:00","mainEntityOfPage":{"@id":"https:\/\/folhapopular.info\/index.php\/2026\/04\/25\/intercambista-turca-aproxima-culturas-no-baile-das-nacoes\/"},"wordCount":1042,"commentCount":0,"image":{"@id":"https:\/\/folhapopular.info\/index.php\/2026\/04\/25\/intercambista-turca-aproxima-culturas-no-baile-das-nacoes\/#primaryimage"},"thumbnailUrl":"https:\/\/folhapopular.info\/wp-content\/uploads\/2026\/04\/Jovem-turca-Rotary-Teutonia-scaled.jpeg","keywords":["Baile das Na\u00e7\u00f5es","Rotary Club Teut\u00f4nia","Teut\u00f4nia","Turquia"],"articleSection":["Cultura","Destaques","Inclusive"],"inLanguage":"pt-BR","potentialAction":[{"@type":"CommentAction","name":"Comment","target":["https:\/\/folhapopular.info\/index.php\/2026\/04\/25\/intercambista-turca-aproxima-culturas-no-baile-das-nacoes\/#respond"]}]},{"@type":"WebPage","@id":"https:\/\/folhapopular.info\/index.php\/2026\/04\/25\/intercambista-turca-aproxima-culturas-no-baile-das-nacoes\/","url":"https:\/\/folhapopular.info\/index.php\/2026\/04\/25\/intercambista-turca-aproxima-culturas-no-baile-das-nacoes\/","name":"Intercambista turca aproxima culturas no Baile das Na\u00e7\u00f5es - Folha Popular","isPartOf":{"@id":"https:\/\/folhapopular.info\/#website"},"primaryImageOfPage":{"@id":"https:\/\/folhapopular.info\/index.php\/2026\/04\/25\/intercambista-turca-aproxima-culturas-no-baile-das-nacoes\/#primaryimage"},"image":{"@id":"https:\/\/folhapopular.info\/index.php\/2026\/04\/25\/intercambista-turca-aproxima-culturas-no-baile-das-nacoes\/#primaryimage"},"thumbnailUrl":"https:\/\/folhapopular.info\/wp-content\/uploads\/2026\/04\/Jovem-turca-Rotary-Teutonia-scaled.jpeg","datePublished":"2026-04-25T13:00:00+00:00","dateModified":"2026-04-25T13:06:08+00:00","author":{"@id":"https:\/\/folhapopular.info\/#\/schema\/person\/50fd7636116370b67381921e65092a49"},"breadcrumb":{"@id":"https:\/\/folhapopular.info\/index.php\/2026\/04\/25\/intercambista-turca-aproxima-culturas-no-baile-das-nacoes\/#breadcrumb"},"inLanguage":"pt-BR","potentialAction":[{"@type":"ReadAction","target":["https:\/\/folhapopular.info\/index.php\/2026\/04\/25\/intercambista-turca-aproxima-culturas-no-baile-das-nacoes\/"]}]},{"@type":"ImageObject","inLanguage":"pt-BR","@id":"https:\/\/folhapopular.info\/index.php\/2026\/04\/25\/intercambista-turca-aproxima-culturas-no-baile-das-nacoes\/#primaryimage","url":"https:\/\/folhapopular.info\/wp-content\/uploads\/2026\/04\/Jovem-turca-Rotary-Teutonia-scaled.jpeg","contentUrl":"https:\/\/folhapopular.info\/wp-content\/uploads\/2026\/04\/Jovem-turca-Rotary-Teutonia-scaled.jpeg","width":2560,"height":1920,"caption":"Jovem est\u00e1 na casa dos rotarianos Neusa e Milton Wallauer e \u00e9 acolhida tamb\u00e9m pela presidente do clube teutoniense, Ingrid Elisa Hauschild \/ Cr\u00e9dito: Anderson Lopes"},{"@type":"BreadcrumbList","@id":"https:\/\/folhapopular.info\/index.php\/2026\/04\/25\/intercambista-turca-aproxima-culturas-no-baile-das-nacoes\/#breadcrumb","itemListElement":[{"@type":"ListItem","position":1,"name":"In\u00edcio","item":"https:\/\/folhapopular.info\/"},{"@type":"ListItem","position":2,"name":"Intercambista turca aproxima culturas no Baile das Na\u00e7\u00f5es"}]},{"@type":"WebSite","@id":"https:\/\/folhapopular.info\/#website","url":"https:\/\/folhapopular.info\/","name":"Folha Popular","description":"Onde voc\u00ea tem vez e voz","potentialAction":[{"@type":"SearchAction","target":{"@type":"EntryPoint","urlTemplate":"https:\/\/folhapopular.info\/?s={search_term_string}"},"query-input":{"@type":"PropertyValueSpecification","valueRequired":true,"valueName":"search_term_string"}}],"inLanguage":"pt-BR"},{"@type":"Person","@id":"https:\/\/folhapopular.info\/#\/schema\/person\/50fd7636116370b67381921e65092a49","name":"Anderson Lopes","image":{"@type":"ImageObject","inLanguage":"pt-BR","@id":"https:\/\/secure.gravatar.com\/avatar\/030f2f2574ef743bc9016552464e94d04c7e61de505d7089178f340fc50ed8c6?s=96&d=mm&r=g","url":"https:\/\/secure.gravatar.com\/avatar\/030f2f2574ef743bc9016552464e94d04c7e61de505d7089178f340fc50ed8c6?s=96&d=mm&r=g","contentUrl":"https:\/\/secure.gravatar.com\/avatar\/030f2f2574ef743bc9016552464e94d04c7e61de505d7089178f340fc50ed8c6?s=96&d=mm&r=g","caption":"Anderson Lopes"},"url":"https:\/\/folhapopular.info\/index.php\/author\/anderson-lopes\/"}]}},"jetpack_featured_media_url":"https:\/\/folhapopular.info\/wp-content\/uploads\/2026\/04\/Jovem-turca-Rotary-Teutonia-scaled.jpeg","jetpack_sharing_enabled":true,"amp_enabled":true,"_links":{"self":[{"href":"https:\/\/folhapopular.info\/index.php\/wp-json\/wp\/v2\/posts\/211377","targetHints":{"allow":["GET"]}}],"collection":[{"href":"https:\/\/folhapopular.info\/index.php\/wp-json\/wp\/v2\/posts"}],"about":[{"href":"https:\/\/folhapopular.info\/index.php\/wp-json\/wp\/v2\/types\/post"}],"author":[{"embeddable":true,"href":"https:\/\/folhapopular.info\/index.php\/wp-json\/wp\/v2\/users\/772"}],"replies":[{"embeddable":true,"href":"https:\/\/folhapopular.info\/index.php\/wp-json\/wp\/v2\/comments?post=211377"}],"version-history":[{"count":0,"href":"https:\/\/folhapopular.info\/index.php\/wp-json\/wp\/v2\/posts\/211377\/revisions"}],"wp:featuredmedia":[{"embeddable":true,"href":"https:\/\/folhapopular.info\/index.php\/wp-json\/wp\/v2\/media\/211379"}],"wp:attachment":[{"href":"https:\/\/folhapopular.info\/index.php\/wp-json\/wp\/v2\/media?parent=211377"}],"wp:term":[{"taxonomy":"category","embeddable":true,"href":"https:\/\/folhapopular.info\/index.php\/wp-json\/wp\/v2\/categories?post=211377"},{"taxonomy":"post_tag","embeddable":true,"href":"https:\/\/folhapopular.info\/index.php\/wp-json\/wp\/v2\/tags?post=211377"}],"curies":[{"name":"wp","href":"https:\/\/api.w.org\/{rel}","templated":true}]}}