{"id":211391,"date":"2026-04-26T10:00:00","date_gmt":"2026-04-26T13:00:00","guid":{"rendered":"https:\/\/folhapopular.info\/?p=211391"},"modified":"2026-04-25T17:00:27","modified_gmt":"2026-04-25T20:00:27","slug":"renata-madeira-conta-trajetoria-empreendedora-na-medicina-veterinaria","status":"publish","type":"post","link":"https:\/\/folhapopular.info\/index.php\/2026\/04\/26\/renata-madeira-conta-trajetoria-empreendedora-na-medicina-veterinaria\/","title":{"rendered":"Renata Madeira conta trajet\u00f3ria empreendedora na Medicina Veterin\u00e1ria"},"content":{"rendered":"\n<p>Com duas d\u00e9cadas de atua\u00e7\u00e3o, a m\u00e9dica veterin\u00e1ria Renata Bortoluzzi Madeira, propriet\u00e1ria da Cl\u00ednica Gigi Pet, fala sobre desafios e recompensas de uma carreira dedicada ao bem-estar animal. Primeira a abrir uma cl\u00ednica de c\u00e3es e gatos em Teut\u00f4nia, Renata reflete sobre a evolu\u00e7\u00e3o do setor e como os animais deixaram de ser apenas bichos de estima\u00e7\u00e3o para se tornarem membros das fam\u00edlias.<\/p>\n\n\n\n<h2 class=\"wp-block-heading\"><strong>Voca\u00e7\u00e3o que vem de ber\u00e7o<\/strong><\/h2>\n\n\n\n<p>A escolha pela veterin\u00e1ria n\u00e3o foi por acaso. Filha de m\u00e9dico veterin\u00e1rio, Renata cresceu inserida nesse universo, acompanhando o trabalho do pai no Minist\u00e9rio da Agricultura e em atendimentos domiciliares. \u201cSempre foi Veterin\u00e1ria, sempre. Eu nunca hesitei em fazer outra coisa\u201d, afirma. Ela se considera 100% realizada em sua escolha profissional, apesar dos in\u00fameros desafios di\u00e1rios. Atualmente, demonstra especial entusiasmo pela \u00e1rea cir\u00fargica, j\u00e1 tendo realizado mais de 10 mil castra\u00e7\u00f5es ao longo da carreira.<\/p>\n\n\n\n<h2 class=\"wp-block-heading\"><strong>Empreender al\u00e9m do consult\u00f3rio<\/strong><\/h2>\n\n\n\n<p>Abrir a Gigi Pet h\u00e1 19 anos foi um passo espont\u00e2neo, mas que trouxe aprendizados \u00e1rduos sobre gest\u00e3o. Renata destaca que a faculdade forma o m\u00e9dico, mas n\u00e3o o gestor. Isso exige que o profissional aprenda a lidar com finan\u00e7as, marketing e burocracias tribut\u00e1rias na pr\u00e1tica. Outro obst\u00e1culo significativo mencionado \u00e9 a escassez de m\u00e3o de obra especializada, pois, segundo ela, amar os animais \u00e9 diferente de ter voca\u00e7\u00e3o para enfrentar as adversidades da rotina cl\u00ednica, que podem variar de um banho rotineiro a uma eutan\u00e1sia em poucas horas.<\/p>\n\n\n\n<h2 class=\"wp-block-heading\"><strong>A complexidade Veterin\u00e1ria<\/strong><\/h2>\n\n\n\n<p>Engana-se quem pensa que a Veterin\u00e1ria \u00e9 mais simples que a medicina humana. Renata enfatiza que a classe estuda tanto quanto os m\u00e9dicos de humanos, com o agravante de lidar com m\u00faltiplas esp\u00e9cies. Hoje, a \u00e1rea possui especialidades avan\u00e7adas como cardiologia, nefrologia e neurologia, al\u00e9m do crescente mercado de pets n\u00e3o convencionais, como coelhos, r\u00e9pteis, aves e outros. O avan\u00e7o tecnol\u00f3gico permite procedimentos complexos, como uma cirurgia de coluna, realizados por especialistas desta \u00e1rea na Medicina Veterin\u00e1ria.<\/p>\n\n\n\n<h2 class=\"wp-block-heading\"><strong>\u201cRem\u00e9dio em forma de pelo\u201d<\/strong><\/h2>\n\n\n\n<p>A rela\u00e7\u00e3o entre humanos e animais mudou drasticamente. Hoje, os pets s\u00e3o vistos como suporte emocional em casos de \u201cs\u00edndrome do ninho vazio\u201d, perdas familiares e outras realidades. Renata cita estudos e pr\u00e1ticas hospitalares que comprovam que a presen\u00e7a de animais pode estabilizar a press\u00e3o arterial em alguns casos, e auxiliar em mem\u00f3rias afetivas, funcionando como parte essencial de terapias. \u201cAnimais s\u00e3o um rem\u00e9dio em forma de pelo\u201d, define a veterin\u00e1ria. Ela observa que esse cuidado maior resultou em um aumento expressivo na expectativa de vida dos bichos. Hoje, Renata tem uma vasta gama de pacientes geri\u00e1tricos.<\/p>\n\n\n\n<h2 class=\"wp-block-heading\"><strong>\u00c9tica e a dif\u00edcil decis\u00e3o da eutan\u00e1sia<\/strong><\/h2>\n\n\n\n<p>Um dos pontos mais sens\u00edveis da entrevista foi a discuss\u00e3o sobre a eutan\u00e1sia. Renata acredita que, neste aspecto, a Veterin\u00e1ria \u00e9 mais evolu\u00edda que a medicina humana, ao permitir a interrup\u00e7\u00e3o do sofrimento terminal. Ela compartilhou sua experi\u00eancia pessoal com sua cadela Bia, que aos 14 anos sofria de dem\u00eancia e incontin\u00eancia. Tomar a decis\u00e3o de abreviar a vida de seu pr\u00f3prio animal foi uma dor gigantesca, mas que trouxe uma paz profunda e a ajudou a acolher melhor seus clientes em situa\u00e7\u00f5es semelhantes. Ela ressalta, por\u00e9m, o conflito \u00e9tico que surge quando h\u00e1 condi\u00e7\u00f5es de cura, mas o tutor n\u00e3o possui recursos financeiros para o tratamento.<\/p>\n\n\n\n<h2 class=\"wp-block-heading\"><strong>Maternidade e a mudan\u00e7a de prioridades<\/strong><\/h2>\n\n\n\n<p>H\u00e1 8 anos, a chegada da filha J\u00falia transformou a vis\u00e3o de mundo de Renata. Como profissional aut\u00f4noma, ela enfrentou o desafio de voltar ao trabalho poucos dias ap\u00f3s o parto, mas hoje, busca um equil\u00edbrio maior, reservando tempo para a fam\u00edlia e estabelecendo limites na agenda. \u201cMinhas prioridades hoje s\u00e3o outras\u201d, revela. Ela explica que a maternidade a ensinou a pisar no freio e valorizar o suporte emocional que os animais tamb\u00e9m proporcionam \u00e0s crian\u00e7as.<\/p>\n\n\n\n<h2 class=\"wp-block-heading\"><strong>Compromisso com a comunidade e ONGs<\/strong><\/h2>\n\n\n\n<p>Al\u00e9m do atendimento particular, Renata atua lado a lado com o poder p\u00fablico e ONGs, como a Patas Solid\u00e1rias. O trabalho volunt\u00e1rio exige lidar com casos urgentes, sem hist\u00f3rico pr\u00e9vio e com recursos limitados. Para ela, esse envolvimento faz parte de seu prop\u00f3sito de vida: salvar vidas e melhorar a qualidade de vida das pessoas, entendendo que, quando um animal est\u00e1 doente, a fam\u00edlia toda adoece junto. Renata sente orgulho da profissional e do ser humano que se tornou, mantendo sempre o compromisso com o aprendizado cont\u00ednuo e a empatia no acolhimento de tutores e seus pets.<\/p>\n","protected":false},"excerpt":{"rendered":"<p>Com duas d\u00e9cadas de atua\u00e7\u00e3o, a m\u00e9dica veterin\u00e1ria Renata Bortoluzzi Madeira, propriet\u00e1ria da Cl\u00ednica Gigi Pet, fala sobre desafios e recompensas de uma carreira dedicada ao bem-estar animal. Primeira a abrir uma cl\u00ednica de c\u00e3es e gatos em Teut\u00f4nia, Renata reflete sobre a evolu\u00e7\u00e3o do setor e como os animais deixaram de ser apenas bichos [&hellip;]<\/p>\n","protected":false},"author":11,"featured_media":211401,"comment_status":"open","ping_status":"open","sticky":false,"template":"","format":"standard","meta":{"pmpro_default_level":"","_jetpack_memberships_contains_paid_content":false,"footnotes":""},"categories":[2,10991,10993],"tags":[19151,10793,21075,21076],"class_list":{"0":"post-211391","1":"post","2":"type-post","3":"status-publish","4":"format-standard","5":"has-post-thumbnail","7":"category-featured","8":"category-economia","9":"category-empreender","10":"tag-empreendedoras-em-acao","11":"tag-medicina-veterinaria","12":"tag-renata-madeira","13":"tag-veterinaria","14":"pmpro-has-access"},"yoast_head":"<!-- This site is optimized with the Yoast SEO plugin v27.4 - https:\/\/yoast.com\/product\/yoast-seo-wordpress\/ -->\n<title>Renata Madeira conta trajet\u00f3ria empreendedora na Medicina Veterin\u00e1ria - Folha Popular<\/title>\n<meta name=\"robots\" content=\"index, follow, max-snippet:-1, max-image-preview:large, max-video-preview:-1\" \/>\n<link rel=\"canonical\" href=\"https:\/\/folhapopular.info\/index.php\/2026\/04\/26\/renata-madeira-conta-trajetoria-empreendedora-na-medicina-veterinaria\/\" \/>\n<meta property=\"og:locale\" content=\"pt_BR\" \/>\n<meta property=\"og:type\" content=\"article\" \/>\n<meta property=\"og:title\" content=\"Renata Madeira conta trajet\u00f3ria empreendedora na Medicina Veterin\u00e1ria - Folha Popular\" \/>\n<meta property=\"og:description\" content=\"Com duas d\u00e9cadas de atua\u00e7\u00e3o, a m\u00e9dica veterin\u00e1ria Renata Bortoluzzi Madeira, propriet\u00e1ria da Cl\u00ednica Gigi Pet, fala sobre desafios e recompensas de uma carreira dedicada ao bem-estar animal. Primeira a abrir uma cl\u00ednica de c\u00e3es e gatos em Teut\u00f4nia, Renata reflete sobre a evolu\u00e7\u00e3o do setor e como os animais deixaram de ser apenas bichos [&hellip;]\" \/>\n<meta property=\"og:url\" content=\"https:\/\/folhapopular.info\/index.php\/2026\/04\/26\/renata-madeira-conta-trajetoria-empreendedora-na-medicina-veterinaria\/\" \/>\n<meta property=\"og:site_name\" content=\"Folha Popular\" \/>\n<meta property=\"article:published_time\" content=\"2026-04-26T13:00:00+00:00\" \/>\n<meta property=\"og:image\" content=\"https:\/\/folhapopular.info\/wp-content\/uploads\/2026\/04\/WhatsApp-Image-2026-04-25-at-08.48.56.jpeg\" \/>\n\t<meta property=\"og:image:width\" content=\"1280\" \/>\n\t<meta property=\"og:image:height\" content=\"960\" \/>\n\t<meta property=\"og:image:type\" content=\"image\/jpeg\" \/>\n<meta name=\"author\" content=\"Luciana Brune\" \/>\n<meta name=\"twitter:card\" content=\"summary_large_image\" \/>\n<meta name=\"twitter:label1\" content=\"Escrito por\" \/>\n\t<meta name=\"twitter:data1\" content=\"Luciana Brune\" \/>\n\t<meta name=\"twitter:label2\" content=\"Est. tempo de leitura\" \/>\n\t<meta name=\"twitter:data2\" content=\"5 minutos\" \/>\n<script type=\"application\/ld+json\" class=\"yoast-schema-graph\">{\"@context\":\"https:\\\/\\\/schema.org\",\"@graph\":[{\"@type\":\"Article\",\"@id\":\"https:\\\/\\\/folhapopular.info\\\/index.php\\\/2026\\\/04\\\/26\\\/renata-madeira-conta-trajetoria-empreendedora-na-medicina-veterinaria\\\/#article\",\"isPartOf\":{\"@id\":\"https:\\\/\\\/folhapopular.info\\\/index.php\\\/2026\\\/04\\\/26\\\/renata-madeira-conta-trajetoria-empreendedora-na-medicina-veterinaria\\\/\"},\"author\":{\"name\":\"Luciana Brune\",\"@id\":\"https:\\\/\\\/folhapopular.info\\\/#\\\/schema\\\/person\\\/0999cafa38c1fde22acd2026b3a3ec1f\"},\"headline\":\"Renata Madeira conta trajet\u00f3ria empreendedora na Medicina Veterin\u00e1ria\",\"datePublished\":\"2026-04-26T13:00:00+00:00\",\"mainEntityOfPage\":{\"@id\":\"https:\\\/\\\/folhapopular.info\\\/index.php\\\/2026\\\/04\\\/26\\\/renata-madeira-conta-trajetoria-empreendedora-na-medicina-veterinaria\\\/\"},\"wordCount\":817,\"commentCount\":0,\"image\":{\"@id\":\"https:\\\/\\\/folhapopular.info\\\/index.php\\\/2026\\\/04\\\/26\\\/renata-madeira-conta-trajetoria-empreendedora-na-medicina-veterinaria\\\/#primaryimage\"},\"thumbnailUrl\":\"https:\\\/\\\/folhapopular.info\\\/wp-content\\\/uploads\\\/2026\\\/04\\\/WhatsApp-Image-2026-04-25-at-08.48.56.jpeg\",\"keywords\":[\"Empreendedoras em A\u00e7\u00e3o\",\"medicina veterin\u00e1ria\",\"Renata Madeira\",\"Veterin\u00e1ria\"],\"articleSection\":[\"Destaques\",\"Economia\",\"Empreender\"],\"inLanguage\":\"pt-BR\",\"potentialAction\":[{\"@type\":\"CommentAction\",\"name\":\"Comment\",\"target\":[\"https:\\\/\\\/folhapopular.info\\\/index.php\\\/2026\\\/04\\\/26\\\/renata-madeira-conta-trajetoria-empreendedora-na-medicina-veterinaria\\\/#respond\"]}]},{\"@type\":\"WebPage\",\"@id\":\"https:\\\/\\\/folhapopular.info\\\/index.php\\\/2026\\\/04\\\/26\\\/renata-madeira-conta-trajetoria-empreendedora-na-medicina-veterinaria\\\/\",\"url\":\"https:\\\/\\\/folhapopular.info\\\/index.php\\\/2026\\\/04\\\/26\\\/renata-madeira-conta-trajetoria-empreendedora-na-medicina-veterinaria\\\/\",\"name\":\"Renata Madeira conta trajet\u00f3ria empreendedora na Medicina Veterin\u00e1ria - Folha Popular\",\"isPartOf\":{\"@id\":\"https:\\\/\\\/folhapopular.info\\\/#website\"},\"primaryImageOfPage\":{\"@id\":\"https:\\\/\\\/folhapopular.info\\\/index.php\\\/2026\\\/04\\\/26\\\/renata-madeira-conta-trajetoria-empreendedora-na-medicina-veterinaria\\\/#primaryimage\"},\"image\":{\"@id\":\"https:\\\/\\\/folhapopular.info\\\/index.php\\\/2026\\\/04\\\/26\\\/renata-madeira-conta-trajetoria-empreendedora-na-medicina-veterinaria\\\/#primaryimage\"},\"thumbnailUrl\":\"https:\\\/\\\/folhapopular.info\\\/wp-content\\\/uploads\\\/2026\\\/04\\\/WhatsApp-Image-2026-04-25-at-08.48.56.jpeg\",\"datePublished\":\"2026-04-26T13:00:00+00:00\",\"author\":{\"@id\":\"https:\\\/\\\/folhapopular.info\\\/#\\\/schema\\\/person\\\/0999cafa38c1fde22acd2026b3a3ec1f\"},\"breadcrumb\":{\"@id\":\"https:\\\/\\\/folhapopular.info\\\/index.php\\\/2026\\\/04\\\/26\\\/renata-madeira-conta-trajetoria-empreendedora-na-medicina-veterinaria\\\/#breadcrumb\"},\"inLanguage\":\"pt-BR\",\"potentialAction\":[{\"@type\":\"ReadAction\",\"target\":[\"https:\\\/\\\/folhapopular.info\\\/index.php\\\/2026\\\/04\\\/26\\\/renata-madeira-conta-trajetoria-empreendedora-na-medicina-veterinaria\\\/\"]}]},{\"@type\":\"ImageObject\",\"inLanguage\":\"pt-BR\",\"@id\":\"https:\\\/\\\/folhapopular.info\\\/index.php\\\/2026\\\/04\\\/26\\\/renata-madeira-conta-trajetoria-empreendedora-na-medicina-veterinaria\\\/#primaryimage\",\"url\":\"https:\\\/\\\/folhapopular.info\\\/wp-content\\\/uploads\\\/2026\\\/04\\\/WhatsApp-Image-2026-04-25-at-08.48.56.jpeg\",\"contentUrl\":\"https:\\\/\\\/folhapopular.info\\\/wp-content\\\/uploads\\\/2026\\\/04\\\/WhatsApp-Image-2026-04-25-at-08.48.56.jpeg\",\"width\":1280,\"height\":960,\"caption\":\"Cr\u00e9dito: Luciana Brune\"},{\"@type\":\"BreadcrumbList\",\"@id\":\"https:\\\/\\\/folhapopular.info\\\/index.php\\\/2026\\\/04\\\/26\\\/renata-madeira-conta-trajetoria-empreendedora-na-medicina-veterinaria\\\/#breadcrumb\",\"itemListElement\":[{\"@type\":\"ListItem\",\"position\":1,\"name\":\"In\u00edcio\",\"item\":\"https:\\\/\\\/folhapopular.info\\\/\"},{\"@type\":\"ListItem\",\"position\":2,\"name\":\"Renata Madeira conta trajet\u00f3ria empreendedora na Medicina Veterin\u00e1ria\"}]},{\"@type\":\"WebSite\",\"@id\":\"https:\\\/\\\/folhapopular.info\\\/#website\",\"url\":\"https:\\\/\\\/folhapopular.info\\\/\",\"name\":\"Folha Popular\",\"description\":\"Onde voc\u00ea tem vez e voz\",\"potentialAction\":[{\"@type\":\"SearchAction\",\"target\":{\"@type\":\"EntryPoint\",\"urlTemplate\":\"https:\\\/\\\/folhapopular.info\\\/?s={search_term_string}\"},\"query-input\":{\"@type\":\"PropertyValueSpecification\",\"valueRequired\":true,\"valueName\":\"search_term_string\"}}],\"inLanguage\":\"pt-BR\"},{\"@type\":\"Person\",\"@id\":\"https:\\\/\\\/folhapopular.info\\\/#\\\/schema\\\/person\\\/0999cafa38c1fde22acd2026b3a3ec1f\",\"name\":\"Luciana Brune\",\"image\":{\"@type\":\"ImageObject\",\"inLanguage\":\"pt-BR\",\"@id\":\"https:\\\/\\\/folhapopular.info\\\/wp-content\\\/uploads\\\/2026\\\/04\\\/LUCIANA-1-1.webp\",\"url\":\"https:\\\/\\\/folhapopular.info\\\/wp-content\\\/uploads\\\/2026\\\/04\\\/LUCIANA-1-1.webp\",\"contentUrl\":\"https:\\\/\\\/folhapopular.info\\\/wp-content\\\/uploads\\\/2026\\\/04\\\/LUCIANA-1-1.webp\",\"caption\":\"Luciana Brune\"},\"url\":\"https:\\\/\\\/folhapopular.info\\\/index.php\\\/author\\\/luciana-brune\\\/\"}]}<\/script>\n<!-- \/ Yoast SEO plugin. -->","yoast_head_json":{"title":"Renata Madeira conta trajet\u00f3ria empreendedora na Medicina Veterin\u00e1ria - Folha Popular","robots":{"index":"index","follow":"follow","max-snippet":"max-snippet:-1","max-image-preview":"max-image-preview:large","max-video-preview":"max-video-preview:-1"},"canonical":"https:\/\/folhapopular.info\/index.php\/2026\/04\/26\/renata-madeira-conta-trajetoria-empreendedora-na-medicina-veterinaria\/","og_locale":"pt_BR","og_type":"article","og_title":"Renata Madeira conta trajet\u00f3ria empreendedora na Medicina Veterin\u00e1ria - Folha Popular","og_description":"Com duas d\u00e9cadas de atua\u00e7\u00e3o, a m\u00e9dica veterin\u00e1ria Renata Bortoluzzi Madeira, propriet\u00e1ria da Cl\u00ednica Gigi Pet, fala sobre desafios e recompensas de uma carreira dedicada ao bem-estar animal. Primeira a abrir uma cl\u00ednica de c\u00e3es e gatos em Teut\u00f4nia, Renata reflete sobre a evolu\u00e7\u00e3o do setor e como os animais deixaram de ser apenas bichos [&hellip;]","og_url":"https:\/\/folhapopular.info\/index.php\/2026\/04\/26\/renata-madeira-conta-trajetoria-empreendedora-na-medicina-veterinaria\/","og_site_name":"Folha Popular","article_published_time":"2026-04-26T13:00:00+00:00","og_image":[{"width":1280,"height":960,"url":"https:\/\/folhapopular.info\/wp-content\/uploads\/2026\/04\/WhatsApp-Image-2026-04-25-at-08.48.56.jpeg","type":"image\/jpeg"}],"author":"Luciana Brune","twitter_card":"summary_large_image","twitter_misc":{"Escrito por":"Luciana Brune","Est. tempo de leitura":"5 minutos"},"schema":{"@context":"https:\/\/schema.org","@graph":[{"@type":"Article","@id":"https:\/\/folhapopular.info\/index.php\/2026\/04\/26\/renata-madeira-conta-trajetoria-empreendedora-na-medicina-veterinaria\/#article","isPartOf":{"@id":"https:\/\/folhapopular.info\/index.php\/2026\/04\/26\/renata-madeira-conta-trajetoria-empreendedora-na-medicina-veterinaria\/"},"author":{"name":"Luciana Brune","@id":"https:\/\/folhapopular.info\/#\/schema\/person\/0999cafa38c1fde22acd2026b3a3ec1f"},"headline":"Renata Madeira conta trajet\u00f3ria empreendedora na Medicina Veterin\u00e1ria","datePublished":"2026-04-26T13:00:00+00:00","mainEntityOfPage":{"@id":"https:\/\/folhapopular.info\/index.php\/2026\/04\/26\/renata-madeira-conta-trajetoria-empreendedora-na-medicina-veterinaria\/"},"wordCount":817,"commentCount":0,"image":{"@id":"https:\/\/folhapopular.info\/index.php\/2026\/04\/26\/renata-madeira-conta-trajetoria-empreendedora-na-medicina-veterinaria\/#primaryimage"},"thumbnailUrl":"https:\/\/folhapopular.info\/wp-content\/uploads\/2026\/04\/WhatsApp-Image-2026-04-25-at-08.48.56.jpeg","keywords":["Empreendedoras em A\u00e7\u00e3o","medicina veterin\u00e1ria","Renata Madeira","Veterin\u00e1ria"],"articleSection":["Destaques","Economia","Empreender"],"inLanguage":"pt-BR","potentialAction":[{"@type":"CommentAction","name":"Comment","target":["https:\/\/folhapopular.info\/index.php\/2026\/04\/26\/renata-madeira-conta-trajetoria-empreendedora-na-medicina-veterinaria\/#respond"]}]},{"@type":"WebPage","@id":"https:\/\/folhapopular.info\/index.php\/2026\/04\/26\/renata-madeira-conta-trajetoria-empreendedora-na-medicina-veterinaria\/","url":"https:\/\/folhapopular.info\/index.php\/2026\/04\/26\/renata-madeira-conta-trajetoria-empreendedora-na-medicina-veterinaria\/","name":"Renata Madeira conta trajet\u00f3ria empreendedora na Medicina Veterin\u00e1ria - Folha Popular","isPartOf":{"@id":"https:\/\/folhapopular.info\/#website"},"primaryImageOfPage":{"@id":"https:\/\/folhapopular.info\/index.php\/2026\/04\/26\/renata-madeira-conta-trajetoria-empreendedora-na-medicina-veterinaria\/#primaryimage"},"image":{"@id":"https:\/\/folhapopular.info\/index.php\/2026\/04\/26\/renata-madeira-conta-trajetoria-empreendedora-na-medicina-veterinaria\/#primaryimage"},"thumbnailUrl":"https:\/\/folhapopular.info\/wp-content\/uploads\/2026\/04\/WhatsApp-Image-2026-04-25-at-08.48.56.jpeg","datePublished":"2026-04-26T13:00:00+00:00","author":{"@id":"https:\/\/folhapopular.info\/#\/schema\/person\/0999cafa38c1fde22acd2026b3a3ec1f"},"breadcrumb":{"@id":"https:\/\/folhapopular.info\/index.php\/2026\/04\/26\/renata-madeira-conta-trajetoria-empreendedora-na-medicina-veterinaria\/#breadcrumb"},"inLanguage":"pt-BR","potentialAction":[{"@type":"ReadAction","target":["https:\/\/folhapopular.info\/index.php\/2026\/04\/26\/renata-madeira-conta-trajetoria-empreendedora-na-medicina-veterinaria\/"]}]},{"@type":"ImageObject","inLanguage":"pt-BR","@id":"https:\/\/folhapopular.info\/index.php\/2026\/04\/26\/renata-madeira-conta-trajetoria-empreendedora-na-medicina-veterinaria\/#primaryimage","url":"https:\/\/folhapopular.info\/wp-content\/uploads\/2026\/04\/WhatsApp-Image-2026-04-25-at-08.48.56.jpeg","contentUrl":"https:\/\/folhapopular.info\/wp-content\/uploads\/2026\/04\/WhatsApp-Image-2026-04-25-at-08.48.56.jpeg","width":1280,"height":960,"caption":"Cr\u00e9dito: Luciana Brune"},{"@type":"BreadcrumbList","@id":"https:\/\/folhapopular.info\/index.php\/2026\/04\/26\/renata-madeira-conta-trajetoria-empreendedora-na-medicina-veterinaria\/#breadcrumb","itemListElement":[{"@type":"ListItem","position":1,"name":"In\u00edcio","item":"https:\/\/folhapopular.info\/"},{"@type":"ListItem","position":2,"name":"Renata Madeira conta trajet\u00f3ria empreendedora na Medicina Veterin\u00e1ria"}]},{"@type":"WebSite","@id":"https:\/\/folhapopular.info\/#website","url":"https:\/\/folhapopular.info\/","name":"Folha Popular","description":"Onde voc\u00ea tem vez e voz","potentialAction":[{"@type":"SearchAction","target":{"@type":"EntryPoint","urlTemplate":"https:\/\/folhapopular.info\/?s={search_term_string}"},"query-input":{"@type":"PropertyValueSpecification","valueRequired":true,"valueName":"search_term_string"}}],"inLanguage":"pt-BR"},{"@type":"Person","@id":"https:\/\/folhapopular.info\/#\/schema\/person\/0999cafa38c1fde22acd2026b3a3ec1f","name":"Luciana Brune","image":{"@type":"ImageObject","inLanguage":"pt-BR","@id":"https:\/\/folhapopular.info\/wp-content\/uploads\/2026\/04\/LUCIANA-1-1.webp","url":"https:\/\/folhapopular.info\/wp-content\/uploads\/2026\/04\/LUCIANA-1-1.webp","contentUrl":"https:\/\/folhapopular.info\/wp-content\/uploads\/2026\/04\/LUCIANA-1-1.webp","caption":"Luciana Brune"},"url":"https:\/\/folhapopular.info\/index.php\/author\/luciana-brune\/"}]}},"jetpack_featured_media_url":"https:\/\/folhapopular.info\/wp-content\/uploads\/2026\/04\/WhatsApp-Image-2026-04-25-at-08.48.56.jpeg","jetpack_sharing_enabled":true,"amp_enabled":true,"_links":{"self":[{"href":"https:\/\/folhapopular.info\/index.php\/wp-json\/wp\/v2\/posts\/211391","targetHints":{"allow":["GET"]}}],"collection":[{"href":"https:\/\/folhapopular.info\/index.php\/wp-json\/wp\/v2\/posts"}],"about":[{"href":"https:\/\/folhapopular.info\/index.php\/wp-json\/wp\/v2\/types\/post"}],"author":[{"embeddable":true,"href":"https:\/\/folhapopular.info\/index.php\/wp-json\/wp\/v2\/users\/11"}],"replies":[{"embeddable":true,"href":"https:\/\/folhapopular.info\/index.php\/wp-json\/wp\/v2\/comments?post=211391"}],"version-history":[{"count":0,"href":"https:\/\/folhapopular.info\/index.php\/wp-json\/wp\/v2\/posts\/211391\/revisions"}],"wp:featuredmedia":[{"embeddable":true,"href":"https:\/\/folhapopular.info\/index.php\/wp-json\/wp\/v2\/media\/211401"}],"wp:attachment":[{"href":"https:\/\/folhapopular.info\/index.php\/wp-json\/wp\/v2\/media?parent=211391"}],"wp:term":[{"taxonomy":"category","embeddable":true,"href":"https:\/\/folhapopular.info\/index.php\/wp-json\/wp\/v2\/categories?post=211391"},{"taxonomy":"post_tag","embeddable":true,"href":"https:\/\/folhapopular.info\/index.php\/wp-json\/wp\/v2\/tags?post=211391"}],"curies":[{"name":"wp","href":"https:\/\/api.w.org\/{rel}","templated":true}]}}