{"id":211392,"date":"2026-04-25T08:53:32","date_gmt":"2026-04-25T11:53:32","guid":{"rendered":"https:\/\/folhapopular.info\/?p=211392"},"modified":"2026-04-25T09:21:37","modified_gmt":"2026-04-25T12:21:37","slug":"adolpho-pereira-quero-fazer-meu-nome-ganhar-lutas-e-dar-uma-vida-melhor-para-a-familia","status":"publish","type":"post","link":"https:\/\/folhapopular.info\/index.php\/2026\/04\/25\/adolpho-pereira-quero-fazer-meu-nome-ganhar-lutas-e-dar-uma-vida-melhor-para-a-familia\/","title":{"rendered":"Adolpho Pereira: \u201cQuero fazer meu nome, ganhar lutas e dar uma vida melhor para a fam\u00edlia\u201d"},"content":{"rendered":"\n<p>Natural de Guapor\u00e9, na Serra Ga\u00facha, Adolpho Luis Pereira, conhecido como \u201cGa\u00facho\u201d, chega a um momento decisivo na carreira neste s\u00e1bado (25\/4).<\/p>\n\n\n\n<p>Atual detentor do cintur\u00e3o do Teuto<em>Fight<\/em>, o lutador integra o <em>card<\/em> do maior evento de Artes Marciais Mistas (MMA) da Am\u00e9rica Latina, o <em>Jungle<\/em> <em>Fight<\/em>. Adolpho encara Andr\u00e9 Fischer, de Bras\u00edlia, pela categoria at\u00e9 77 quilos, no Gin\u00e1sio do Ibirapuera Mauro Pinheiro, em S\u00e3o Paulo.<\/p>\n\n\n\n<p>A oportunidade surge ap\u00f3s um cen\u00e1rio turbulento. Escalado inicialmente para outra luta no evento, Pereira viu o advers\u00e1rio n\u00e3o comparecer nem \u00e0 pesagem.<\/p>\n\n\n\n<p>A frustra\u00e7\u00e3o deu lugar a uma nova chance para encarar a chamada \u201cSelva\u201d. \u201cFoi bem complicado, porque me preparei muito. Mas agora \u00e9 focar, oportunidades como essa n\u00e3o podem ser deixadas para tr\u00e1s\u201d, afirma.<\/p>\n\n\n\n<p>Al\u00e9m do <em>Jungle<\/em> <em>Fight<\/em>, Adolpho tamb\u00e9m carrega uma forte liga\u00e7\u00e3o com o Vale do Taquari. Na edi\u00e7\u00e3o de 2025 do Teuto<em>Fight<\/em>, conquistou o cintur\u00e3o e ganhou proje\u00e7\u00e3o estadual. A vit\u00f3ria foi um marco na trajet\u00f3ria, tanto pelo desempenho quanto pela visibilidade.<\/p>\n\n\n\n<p>Ele lembra a passagem por Teut\u00f4nia com carinho, quando fez parte da prepara\u00e7\u00e3o e recebeu apoio da comunidade. \u201cFui muito bem recepcionado. A cidade, o pessoal e a estadia foram nota 10. Respeito muito esse lugar\u201d, recorda.<\/p>\n\n\n\n<p>Pereira n\u00e3o descarta retornar para a defesa do cintur\u00e3o na 8\u00aa edi\u00e7\u00e3o, mas provoca o organizador, Dirlei Broenstrup \u201cM\u00e3o de Pedra\u201d: \u201cSe tiver uma proposta boa e o evento precisar, eu vou. O cintur\u00e3o \u00e9 meu e estou pronto para defend\u00ea-lo.\u201d Na ocasi\u00e3o, o lutador venceu Leonardo Rodrigues no 1\u00ba <em>round<\/em><em>.<\/em><\/p>\n\n\n\n<p>Longe de casa, Adolpho carrega tamb\u00e9m o desafio emocional da dist\u00e2ncia. Filho de pais separados, ele cresceu com responsabilidades dentro da fam\u00edlia, especialmente como refer\u00eancia para a irm\u00e3 mais nova.<\/p>\n\n\n\n<p>Deixar Guapor\u00e9 para seguir a carreira foi uma decis\u00e3o dif\u00edcil, mas necess\u00e1ria. \u201c\u00c9 complicado sair de casa para viver algo incerto, mas \u00e9 isso que motiva. Quando volto, vejo que estou no caminho certo\u201d, destaca.<\/p>\n\n\n\n<p>Aos 29 anos, ele sabe que vive um momento decisivo na carreira. O foco est\u00e1 em aproveitar cada oportunidade e buscar espa\u00e7o em eventos maiores.<\/p>\n\n\n\n<p>Ele tamb\u00e9m sonha em disputar premia\u00e7\u00f5es importantes dentro do <em>Jungle<\/em> <em>Fight<\/em> e, quem sabe, alcan\u00e7ar organiza\u00e7\u00f5es internacionais. \u201cQuero fazer meu nome, ganhar lutas e dar uma vida melhor para a fam\u00edlia. Trabalho intensamente todos os dias para isso\u201d, aponta ele.<\/p>\n\n\n\n<figure class=\"wp-block-gallery has-nested-images columns-default is-cropped wp-block-gallery-1 is-layout-flex wp-block-gallery-is-layout-flex\">\n<figure class=\"wp-block-image size-large\"><img loading=\"lazy\" decoding=\"async\" width=\"1024\" height=\"1024\" data-id=\"211396\" src=\"https:\/\/folhapopular.info\/wp-content\/uploads\/2026\/04\/WhatsApp-Image-2026-04-24-at-20.05.24-2-1024x1024.jpg\" alt=\"\" class=\"wp-image-211396\" srcset=\"https:\/\/folhapopular.info\/wp-content\/uploads\/2026\/04\/WhatsApp-Image-2026-04-24-at-20.05.24-2-1024x1024.jpg 1024w, https:\/\/folhapopular.info\/wp-content\/uploads\/2026\/04\/WhatsApp-Image-2026-04-24-at-20.05.24-2-300x300.jpg 300w, https:\/\/folhapopular.info\/wp-content\/uploads\/2026\/04\/WhatsApp-Image-2026-04-24-at-20.05.24-2-150x150.jpg 150w, https:\/\/folhapopular.info\/wp-content\/uploads\/2026\/04\/WhatsApp-Image-2026-04-24-at-20.05.24-2-768x768.jpg 768w, https:\/\/folhapopular.info\/wp-content\/uploads\/2026\/04\/WhatsApp-Image-2026-04-24-at-20.05.24-2-420x420.jpg 420w, https:\/\/folhapopular.info\/wp-content\/uploads\/2026\/04\/WhatsApp-Image-2026-04-24-at-20.05.24-2-696x696.jpg 696w, https:\/\/folhapopular.info\/wp-content\/uploads\/2026\/04\/WhatsApp-Image-2026-04-24-at-20.05.24-2-1068x1068.jpg 1068w, https:\/\/folhapopular.info\/wp-content\/uploads\/2026\/04\/WhatsApp-Image-2026-04-24-at-20.05.24-2.jpg 1440w\" sizes=\"auto, (max-width: 1024px) 100vw, 1024px\" \/><\/figure>\n\n\n\n<figure class=\"wp-block-image size-large\"><img loading=\"lazy\" decoding=\"async\" width=\"819\" height=\"1024\" data-id=\"211397\" src=\"https:\/\/folhapopular.info\/wp-content\/uploads\/2026\/04\/WhatsApp-Image-2026-04-24-at-20.05.24-1-819x1024.jpg\" alt=\"\" class=\"wp-image-211397\" srcset=\"https:\/\/folhapopular.info\/wp-content\/uploads\/2026\/04\/WhatsApp-Image-2026-04-24-at-20.05.24-1-819x1024.jpg 819w, https:\/\/folhapopular.info\/wp-content\/uploads\/2026\/04\/WhatsApp-Image-2026-04-24-at-20.05.24-1-240x300.jpg 240w, https:\/\/folhapopular.info\/wp-content\/uploads\/2026\/04\/WhatsApp-Image-2026-04-24-at-20.05.24-1-768x960.jpg 768w, https:\/\/folhapopular.info\/wp-content\/uploads\/2026\/04\/WhatsApp-Image-2026-04-24-at-20.05.24-1-336x420.jpg 336w, https:\/\/folhapopular.info\/wp-content\/uploads\/2026\/04\/WhatsApp-Image-2026-04-24-at-20.05.24-1-696x870.jpg 696w, https:\/\/folhapopular.info\/wp-content\/uploads\/2026\/04\/WhatsApp-Image-2026-04-24-at-20.05.24-1-1068x1335.jpg 1068w, https:\/\/folhapopular.info\/wp-content\/uploads\/2026\/04\/WhatsApp-Image-2026-04-24-at-20.05.24-1.jpg 1200w\" sizes=\"auto, (max-width: 819px) 100vw, 819px\" \/><\/figure>\n<figcaption class=\"blocks-gallery-caption wp-element-caption\"><br>Centrado em suas metas, ele vive cada treino de forma intensa<br>Cr\u00e9dito: Arquivo Pessoal \/ Divulga\u00e7\u00e3o<\/figcaption><\/figure>\n\n\n\n<h2 class=\"wp-block-heading\"><strong>Evolu\u00e7\u00e3o e mudan\u00e7a<\/strong><\/h2>\n\n\n\n<p>A hist\u00f3ria no esporte come\u00e7ou ainda na inf\u00e2ncia, em Guapor\u00e9. O primeiro contato com as lutas veio dentro de casa, com um professor da pr\u00f3pria fam\u00edlia. O que era brincadeira virou compromisso e, aos 17 anos, ele fez a estreia em competi\u00e7\u00f5es de <em>full<\/em> <em>contact<\/em>.<\/p>\n\n\n\n<p>Mesmo com talento, o caminho esteve longe de ser f\u00e1cil. Como acontece com a maioria dos lutadores no Brasil, Adolpho precisou interromper os treinos em alguns per\u00edodos para trabalhar e ajudar na renda da fam\u00edlia.<\/p>\n\n\n\n<p>Chegou a atuar como mec\u00e2nico antes de retomar a rotina esportiva com a qual tanto sonhava. \u201cA luta nunca \u00e9 vista como trabalho no come\u00e7o. A fam\u00edlia quer que a gente tenha algo mais seguro, e isso \u00e9 normal. Mas eu sempre quis voltar a lutar e viver nesse mundo, \u00e9 meu sonho desde pequeno\u201d, conta.<\/p>\n\n\n\n<p>A virada veio durante a pandemia, quando passou a treinar com mais regularidade e encontrou uma nova perspectiva de carreira no MMA.<\/p>\n\n\n\n<figure class=\"wp-block-gallery has-nested-images columns-default is-cropped wp-block-gallery-2 is-layout-flex wp-block-gallery-is-layout-flex\">\n<figure class=\"wp-block-image size-large\"><img loading=\"lazy\" decoding=\"async\" width=\"1024\" height=\"1024\" data-id=\"211394\" src=\"https:\/\/folhapopular.info\/wp-content\/uploads\/2026\/04\/WhatsApp-Image-2026-04-24-at-20.05.25-2-1024x1024.jpg\" alt=\"\" class=\"wp-image-211394\" srcset=\"https:\/\/folhapopular.info\/wp-content\/uploads\/2026\/04\/WhatsApp-Image-2026-04-24-at-20.05.25-2-1024x1024.jpg 1024w, https:\/\/folhapopular.info\/wp-content\/uploads\/2026\/04\/WhatsApp-Image-2026-04-24-at-20.05.25-2-300x300.jpg 300w, https:\/\/folhapopular.info\/wp-content\/uploads\/2026\/04\/WhatsApp-Image-2026-04-24-at-20.05.25-2-150x150.jpg 150w, https:\/\/folhapopular.info\/wp-content\/uploads\/2026\/04\/WhatsApp-Image-2026-04-24-at-20.05.25-2-768x768.jpg 768w, https:\/\/folhapopular.info\/wp-content\/uploads\/2026\/04\/WhatsApp-Image-2026-04-24-at-20.05.25-2-420x420.jpg 420w, https:\/\/folhapopular.info\/wp-content\/uploads\/2026\/04\/WhatsApp-Image-2026-04-24-at-20.05.25-2-696x696.jpg 696w, https:\/\/folhapopular.info\/wp-content\/uploads\/2026\/04\/WhatsApp-Image-2026-04-24-at-20.05.25-2-1068x1068.jpg 1068w, https:\/\/folhapopular.info\/wp-content\/uploads\/2026\/04\/WhatsApp-Image-2026-04-24-at-20.05.25-2.jpg 1440w\" sizes=\"auto, (max-width: 1024px) 100vw, 1024px\" \/><figcaption class=\"wp-element-caption\">Ele teve atua\u00e7\u00e3o dominante em Teut\u00f4nia e quer voltar para defender o t\u00edtulo<br>Cr\u00e9dito: DV Sports Photography \/ Divulga\u00e7\u00e3o<\/figcaption><\/figure>\n<\/figure>\n\n\n\n<h2 class=\"wp-block-heading\"><strong>Realidade dos lutadores no Brasil<\/strong><\/h2>\n\n\n\n<p>Hoje, Adolpho vive em Balne\u00e1rio Cambori\u00fa (SC) e conseguiu dar um passo importante: dedicar-se integralmente ao esporte. Em 2026, ele recebeu o Bolsa Atleta, conquistado nos Jogos Abertos de Santa Catarina. Isso permitiu focar exclusivamente nos treinos.<\/p>\n\n\n\n<p>Ainda assim, ele faz quest\u00e3o de destacar a realidade dura da profiss\u00e3o. \u201c\u00c9 preciso correr atr\u00e1s de patroc\u00ednio e se virar. \u00c0s vezes, at\u00e9 trabalhar em paralelo. N\u00e3o \u00e9 f\u00e1cil viver da luta aqui no Brasil, ainda mais para quem est\u00e1 no come\u00e7o\u201d, diz.<\/p>\n\n\n\n<p>A rotina inclui treinos di\u00e1rios, muitas vezes em dois per\u00edodos, al\u00e9m de prepara\u00e7\u00e3o f\u00edsica, dieta controlada e recupera\u00e7\u00e3o. Para ele, o maior desafio est\u00e1 fora do <em>cage<\/em>. \u201c\u00c9 o momento de aproveitar e se soltar. O dif\u00edcil \u00e9 antes, na hora do treino, dieta e o corte de peso. Isso que define o resultado e como vou me sair dentro do oct\u00f3gono\u201d, explica ele.<\/p>\n\n\n\n<p>Fora de competi\u00e7\u00e3o, Adolpho pesa entre 92 e 94 quilos. Para bater os 77, o processo exige disciplina extrema e, muitas vezes, sacrif\u00edcios intensos.<\/p>\n\n\n\n<p>Na prepara\u00e7\u00e3o mais recente, ele precisou perder cerca de 8 quilos em poucos dias. \u201cO corpo sofre muito. N\u00e3o \u00e9 s\u00f3 perder peso, mexe com tudo. Tem que saber bem o limite para n\u00e3o causar problemas maiores\u201d, avalia.<\/p>\n\n\n\n<p>Esse controle impacta at\u00e9 mesmo momentos simples, como visitar a fam\u00edlia. Recentemente, Adolpho esteve em Guapor\u00e9 para passar a P\u00e1scoa, ap\u00f3s percorrer todo o trajeto de motocicleta. Mesmo assim, a alimenta\u00e7\u00e3o teve restri\u00e7\u00f5es r\u00edgidas. \u201cN\u00e3o d\u00e1 para relaxar. Qualquer erro pode comprometer toda uma carreira e eliminar possibilidades interessantes\u201d, acrescenta o lutador.<\/p>\n\n\n\n<p>A ida para o estado catarinense foi determinante na evolu\u00e7\u00e3o do atleta. Integrante da Astra <em>Fight<\/em> <em>Team<\/em>, Adolpho treina com lutadores profissionais e sob o comando de Marcelo Brigadeiro, refer\u00eancia nas artes marciais.<\/p>\n\n\n\n<figure class=\"wp-block-gallery has-nested-images columns-default is-cropped wp-block-gallery-3 is-layout-flex wp-block-gallery-is-layout-flex\">\n<figure class=\"wp-block-image size-large\"><img loading=\"lazy\" decoding=\"async\" width=\"819\" height=\"1024\" data-id=\"211393\" src=\"https:\/\/folhapopular.info\/wp-content\/uploads\/2026\/04\/WhatsApp-Image-2026-04-24-at-20.05.26-2-819x1024.jpg\" alt=\"\" class=\"wp-image-211393\" srcset=\"https:\/\/folhapopular.info\/wp-content\/uploads\/2026\/04\/WhatsApp-Image-2026-04-24-at-20.05.26-2-819x1024.jpg 819w, https:\/\/folhapopular.info\/wp-content\/uploads\/2026\/04\/WhatsApp-Image-2026-04-24-at-20.05.26-2-240x300.jpg 240w, https:\/\/folhapopular.info\/wp-content\/uploads\/2026\/04\/WhatsApp-Image-2026-04-24-at-20.05.26-2-768x960.jpg 768w, https:\/\/folhapopular.info\/wp-content\/uploads\/2026\/04\/WhatsApp-Image-2026-04-24-at-20.05.26-2-336x420.jpg 336w, https:\/\/folhapopular.info\/wp-content\/uploads\/2026\/04\/WhatsApp-Image-2026-04-24-at-20.05.26-2-696x870.jpg 696w, https:\/\/folhapopular.info\/wp-content\/uploads\/2026\/04\/WhatsApp-Image-2026-04-24-at-20.05.26-2.jpg 960w\" sizes=\"auto, (max-width: 819px) 100vw, 819px\" \/><figcaption class=\"wp-element-caption\">Pereira representa a Astra Fight Team<br>Cr\u00e9dito: Arquivo Pessoal<\/figcaption><\/figure>\n<\/figure>\n\n\n\n<h2 class=\"wp-block-heading\"><strong>Versatilidade<\/strong><\/h2>\n\n\n\n<p>O ambiente de alto rendimento contribuiu para ampliar seu repert\u00f3rio dentro do MMA. Conhecido pela prefer\u00eancia pela troca\u00e7\u00e3o, ele desenvolveu tamb\u00e9m o jogo de ch\u00e3o e o <em>wrestling<\/em>, o que o tornou um atleta mais completo. \u201cSe quiser trocar, sou <em>striker<\/em>. Caso tenha que ir para o ch\u00e3o, tamb\u00e9m estou pronto. Me considero um lutador completo e preparado\u201d, afirma.<\/p>\n\n\n\n<p>Ele tamb\u00e9m destaca a transforma\u00e7\u00e3o do esporte ao longo dos anos. \u201cAntigamente, o MMA era quem aguentava mais pancadas. Hoje, \u00e9 estrat\u00e9gia e intelig\u00eancia. Estudamos os advers\u00e1rios, assistimos onde erram e trabalhamos em cima disso\u201d, relata Pereira.<\/p>\n\n\n\n<p>Entre sacrif\u00edcios, disciplina e sonhos, o lutador de Guapor\u00e9 chega ao <em>Jungle<\/em> <em>Fight<\/em> com a miss\u00e3o de transformar mais uma oportunidade em afirma\u00e7\u00e3o. Dentro do <em>cage<\/em>, leva n\u00e3o apenas t\u00e9cnica, mas a hist\u00f3ria de quem aprendeu, desde cedo, a lutar em situa\u00e7\u00f5es que v\u00e3o al\u00e9m dos golpes.<\/p>\n\n\n\n<figure class=\"wp-block-gallery has-nested-images columns-default is-cropped wp-block-gallery-4 is-layout-flex wp-block-gallery-is-layout-flex\">\n<figure class=\"wp-block-image size-large\"><img loading=\"lazy\" decoding=\"async\" width=\"853\" height=\"568\" data-id=\"211400\" src=\"https:\/\/folhapopular.info\/wp-content\/uploads\/2026\/04\/ado.jpg\" alt=\"\" class=\"wp-image-211400\" srcset=\"https:\/\/folhapopular.info\/wp-content\/uploads\/2026\/04\/ado.jpg 853w, https:\/\/folhapopular.info\/wp-content\/uploads\/2026\/04\/ado-300x200.jpg 300w, https:\/\/folhapopular.info\/wp-content\/uploads\/2026\/04\/ado-768x511.jpg 768w, https:\/\/folhapopular.info\/wp-content\/uploads\/2026\/04\/ado-631x420.jpg 631w, https:\/\/folhapopular.info\/wp-content\/uploads\/2026\/04\/ado-696x463.jpg 696w\" sizes=\"auto, (max-width: 853px) 100vw, 853px\" \/><figcaption class=\"wp-element-caption\">O guaporense se considera um lutador completo<br>Cr\u00e9dito: Arquivo Pessoal \/ Divulga\u00e7\u00e3o<\/figcaption><\/figure>\n<figcaption class=\"blocks-gallery-caption wp-element-caption\">Ele teve atua\u00e7\u00e3o dominante em Teut\u00f4nia e quer voltar para defender o t\u00edtulo<br>Cr\u00e9dito: DV Sports Photography \/ Divulga\u00e7\u00e3o<\/figcaption><\/figure>\n\n\n\n<h2 class=\"wp-block-heading\"><strong>Assista \u00e0 entrevista:<\/strong><\/h2>\n\n\n\n<figure class=\"wp-block-embed is-type-video is-provider-youtube wp-block-embed-youtube wp-embed-aspect-16-9 wp-has-aspect-ratio\"><div class=\"wp-block-embed__wrapper\">\n<div class=\"youtube-embed\" data-video_id=\"XCv5ZlOT6Qk\"><iframe loading=\"lazy\" title=\"BOLA NA TRAVE | Como \u00e9 a vida de um lutador no Brasil?\" width=\"696\" height=\"392\" src=\"https:\/\/www.youtube.com\/embed\/XCv5ZlOT6Qk?feature=oembed&#038;enablejsapi=1\" frameborder=\"0\" allow=\"accelerometer; autoplay; clipboard-write; encrypted-media; gyroscope; picture-in-picture; web-share\" referrerpolicy=\"strict-origin-when-cross-origin\" allowfullscreen><\/iframe><\/div>\n<\/div><\/figure>\n","protected":false},"excerpt":{"rendered":"<p>Natural de Guapor\u00e9, na Serra Ga\u00facha, Adolpho Luis Pereira, conhecido como \u201cGa\u00facho\u201d, chega a um momento decisivo na carreira neste s\u00e1bado (25\/4). Atual detentor do cintur\u00e3o do TeutoFight, o lutador integra o card do maior evento de Artes Marciais Mistas (MMA) da Am\u00e9rica Latina, o Jungle Fight. Adolpho encara Andr\u00e9 Fischer, de Bras\u00edlia, pela categoria [&hellip;]<\/p>\n","protected":false},"author":732,"featured_media":211398,"comment_status":"open","ping_status":"open","sticky":false,"template":"","format":"standard","meta":{"pmpro_default_level":"","_jetpack_memberships_contains_paid_content":false,"footnotes":""},"categories":[18195,5],"tags":[21074,9681,1655,17261,1049,1047],"class_list":{"0":"post-211392","1":"post","2":"type-post","3":"status-publish","4":"format-standard","5":"has-post-thumbnail","7":"category-artes-marciais","8":"category-esportes","9":"tag-adolpho-pereira","10":"tag-artes-marciais","11":"tag-guapore","12":"tag-jungle-fight","13":"tag-mma","14":"tag-teutofight","15":"pmpro-has-access"},"yoast_head":"<!-- This site is optimized with the Yoast SEO plugin v27.5 - https:\/\/yoast.com\/product\/yoast-seo-wordpress\/ -->\n<title>Adolpho Pereira: \u201cQuero fazer meu nome, ganhar lutas e dar uma vida melhor para a fam\u00edlia\u201d - Folha Popular<\/title>\n<meta name=\"description\" content=\"Adolpho Pereira \u00e9 um lutador que se aventurou por Santa Catarina. Detentor de cintur\u00e3o do TeutoFight, ele encara o Jungle Fight neste s\u00e1bado.\" \/>\n<meta name=\"robots\" content=\"index, follow, max-snippet:-1, max-image-preview:large, max-video-preview:-1\" \/>\n<link rel=\"canonical\" href=\"https:\/\/folhapopular.info\/index.php\/2026\/04\/25\/adolpho-pereira-quero-fazer-meu-nome-ganhar-lutas-e-dar-uma-vida-melhor-para-a-familia\/\" \/>\n<meta property=\"og:locale\" content=\"pt_BR\" \/>\n<meta property=\"og:type\" content=\"article\" \/>\n<meta property=\"og:title\" content=\"Adolpho Pereira: \u201cQuero fazer meu nome, ganhar lutas e dar uma vida melhor para a fam\u00edlia\u201d - Folha Popular\" \/>\n<meta property=\"og:description\" content=\"Adolpho Pereira \u00e9 um lutador que se aventurou por Santa Catarina. Detentor de cintur\u00e3o do TeutoFight, ele encara o Jungle Fight neste s\u00e1bado.\" \/>\n<meta property=\"og:url\" content=\"https:\/\/folhapopular.info\/index.php\/2026\/04\/25\/adolpho-pereira-quero-fazer-meu-nome-ganhar-lutas-e-dar-uma-vida-melhor-para-a-familia\/\" \/>\n<meta property=\"og:site_name\" content=\"Folha Popular\" \/>\n<meta property=\"article:author\" content=\"https:\/\/www.facebook.com\/luis.huppes\/\" \/>\n<meta property=\"article:published_time\" content=\"2026-04-25T11:53:32+00:00\" \/>\n<meta property=\"article:modified_time\" content=\"2026-04-25T12:21:37+00:00\" \/>\n<meta property=\"og:image\" content=\"https:\/\/folhapopular.info\/wp-content\/uploads\/2026\/04\/WhatsApp-Image-2026-04-24-at-20.05.24-e1777118125171.jpg\" \/>\n\t<meta property=\"og:image:width\" content=\"1064\" \/>\n\t<meta property=\"og:image:height\" content=\"866\" \/>\n\t<meta property=\"og:image:type\" content=\"image\/jpeg\" \/>\n<meta name=\"author\" content=\"Luis Augusto Huppes\" \/>\n<meta name=\"twitter:card\" content=\"summary_large_image\" \/>\n<meta name=\"twitter:label1\" content=\"Escrito por\" \/>\n\t<meta name=\"twitter:data1\" content=\"Luis Augusto Huppes\" \/>\n\t<meta name=\"twitter:label2\" content=\"Est. tempo de leitura\" \/>\n\t<meta name=\"twitter:data2\" content=\"8 minutos\" \/>\n<script type=\"application\/ld+json\" class=\"yoast-schema-graph\">{\"@context\":\"https:\\\/\\\/schema.org\",\"@graph\":[{\"@type\":\"Article\",\"@id\":\"https:\\\/\\\/folhapopular.info\\\/index.php\\\/2026\\\/04\\\/25\\\/adolpho-pereira-quero-fazer-meu-nome-ganhar-lutas-e-dar-uma-vida-melhor-para-a-familia\\\/#article\",\"isPartOf\":{\"@id\":\"https:\\\/\\\/folhapopular.info\\\/index.php\\\/2026\\\/04\\\/25\\\/adolpho-pereira-quero-fazer-meu-nome-ganhar-lutas-e-dar-uma-vida-melhor-para-a-familia\\\/\"},\"author\":{\"name\":\"Luis Augusto Huppes\",\"@id\":\"https:\\\/\\\/folhapopular.info\\\/#\\\/schema\\\/person\\\/e852c327371714676d02e58cf917fd9f\"},\"headline\":\"Adolpho Pereira: \u201cQuero fazer meu nome, ganhar lutas e dar uma vida melhor para a fam\u00edlia\u201d\",\"datePublished\":\"2026-04-25T11:53:32+00:00\",\"dateModified\":\"2026-04-25T12:21:37+00:00\",\"mainEntityOfPage\":{\"@id\":\"https:\\\/\\\/folhapopular.info\\\/index.php\\\/2026\\\/04\\\/25\\\/adolpho-pereira-quero-fazer-meu-nome-ganhar-lutas-e-dar-uma-vida-melhor-para-a-familia\\\/\"},\"wordCount\":1177,\"commentCount\":0,\"image\":{\"@id\":\"https:\\\/\\\/folhapopular.info\\\/index.php\\\/2026\\\/04\\\/25\\\/adolpho-pereira-quero-fazer-meu-nome-ganhar-lutas-e-dar-uma-vida-melhor-para-a-familia\\\/#primaryimage\"},\"thumbnailUrl\":\"https:\\\/\\\/folhapopular.info\\\/wp-content\\\/uploads\\\/2026\\\/04\\\/WhatsApp-Image-2026-04-24-at-20.05.24-e1777118125171.jpg\",\"keywords\":[\"Adolpho Pereira\",\"Artes Marciais\",\"Guapor\u00e9\",\"Jungle Fight\",\"MMA\",\"TeutoFight\"],\"articleSection\":[\"Artes Marciais\",\"Esportes\"],\"inLanguage\":\"pt-BR\",\"potentialAction\":[{\"@type\":\"CommentAction\",\"name\":\"Comment\",\"target\":[\"https:\\\/\\\/folhapopular.info\\\/index.php\\\/2026\\\/04\\\/25\\\/adolpho-pereira-quero-fazer-meu-nome-ganhar-lutas-e-dar-uma-vida-melhor-para-a-familia\\\/#respond\"]}]},{\"@type\":\"WebPage\",\"@id\":\"https:\\\/\\\/folhapopular.info\\\/index.php\\\/2026\\\/04\\\/25\\\/adolpho-pereira-quero-fazer-meu-nome-ganhar-lutas-e-dar-uma-vida-melhor-para-a-familia\\\/\",\"url\":\"https:\\\/\\\/folhapopular.info\\\/index.php\\\/2026\\\/04\\\/25\\\/adolpho-pereira-quero-fazer-meu-nome-ganhar-lutas-e-dar-uma-vida-melhor-para-a-familia\\\/\",\"name\":\"Adolpho Pereira: \u201cQuero fazer meu nome, ganhar lutas e dar uma vida melhor para a fam\u00edlia\u201d - Folha Popular\",\"isPartOf\":{\"@id\":\"https:\\\/\\\/folhapopular.info\\\/#website\"},\"primaryImageOfPage\":{\"@id\":\"https:\\\/\\\/folhapopular.info\\\/index.php\\\/2026\\\/04\\\/25\\\/adolpho-pereira-quero-fazer-meu-nome-ganhar-lutas-e-dar-uma-vida-melhor-para-a-familia\\\/#primaryimage\"},\"image\":{\"@id\":\"https:\\\/\\\/folhapopular.info\\\/index.php\\\/2026\\\/04\\\/25\\\/adolpho-pereira-quero-fazer-meu-nome-ganhar-lutas-e-dar-uma-vida-melhor-para-a-familia\\\/#primaryimage\"},\"thumbnailUrl\":\"https:\\\/\\\/folhapopular.info\\\/wp-content\\\/uploads\\\/2026\\\/04\\\/WhatsApp-Image-2026-04-24-at-20.05.24-e1777118125171.jpg\",\"datePublished\":\"2026-04-25T11:53:32+00:00\",\"dateModified\":\"2026-04-25T12:21:37+00:00\",\"author\":{\"@id\":\"https:\\\/\\\/folhapopular.info\\\/#\\\/schema\\\/person\\\/e852c327371714676d02e58cf917fd9f\"},\"description\":\"Adolpho Pereira \u00e9 um lutador que se aventurou por Santa Catarina. Detentor de cintur\u00e3o do TeutoFight, ele encara o Jungle Fight neste s\u00e1bado.\",\"breadcrumb\":{\"@id\":\"https:\\\/\\\/folhapopular.info\\\/index.php\\\/2026\\\/04\\\/25\\\/adolpho-pereira-quero-fazer-meu-nome-ganhar-lutas-e-dar-uma-vida-melhor-para-a-familia\\\/#breadcrumb\"},\"inLanguage\":\"pt-BR\",\"potentialAction\":[{\"@type\":\"ReadAction\",\"target\":[\"https:\\\/\\\/folhapopular.info\\\/index.php\\\/2026\\\/04\\\/25\\\/adolpho-pereira-quero-fazer-meu-nome-ganhar-lutas-e-dar-uma-vida-melhor-para-a-familia\\\/\"]}]},{\"@type\":\"ImageObject\",\"inLanguage\":\"pt-BR\",\"@id\":\"https:\\\/\\\/folhapopular.info\\\/index.php\\\/2026\\\/04\\\/25\\\/adolpho-pereira-quero-fazer-meu-nome-ganhar-lutas-e-dar-uma-vida-melhor-para-a-familia\\\/#primaryimage\",\"url\":\"https:\\\/\\\/folhapopular.info\\\/wp-content\\\/uploads\\\/2026\\\/04\\\/WhatsApp-Image-2026-04-24-at-20.05.24-e1777118125171.jpg\",\"contentUrl\":\"https:\\\/\\\/folhapopular.info\\\/wp-content\\\/uploads\\\/2026\\\/04\\\/WhatsApp-Image-2026-04-24-at-20.05.24-e1777118125171.jpg\",\"width\":1064,\"height\":866,\"caption\":\"Adolpho \u00e9 detentor de cintur\u00e3o dos 77 quilos do TeutoFight - Cr\u00e9dito: DV Sports Photography \\\/ Divulga\u00e7\u00e3o\"},{\"@type\":\"BreadcrumbList\",\"@id\":\"https:\\\/\\\/folhapopular.info\\\/index.php\\\/2026\\\/04\\\/25\\\/adolpho-pereira-quero-fazer-meu-nome-ganhar-lutas-e-dar-uma-vida-melhor-para-a-familia\\\/#breadcrumb\",\"itemListElement\":[{\"@type\":\"ListItem\",\"position\":1,\"name\":\"In\u00edcio\",\"item\":\"https:\\\/\\\/folhapopular.info\\\/\"},{\"@type\":\"ListItem\",\"position\":2,\"name\":\"Adolpho Pereira: \u201cQuero fazer meu nome, ganhar lutas e dar uma vida melhor para a fam\u00edlia\u201d\"}]},{\"@type\":\"WebSite\",\"@id\":\"https:\\\/\\\/folhapopular.info\\\/#website\",\"url\":\"https:\\\/\\\/folhapopular.info\\\/\",\"name\":\"Folha Popular\",\"description\":\"Onde voc\u00ea tem vez e voz\",\"potentialAction\":[{\"@type\":\"SearchAction\",\"target\":{\"@type\":\"EntryPoint\",\"urlTemplate\":\"https:\\\/\\\/folhapopular.info\\\/?s={search_term_string}\"},\"query-input\":{\"@type\":\"PropertyValueSpecification\",\"valueRequired\":true,\"valueName\":\"search_term_string\"}}],\"inLanguage\":\"pt-BR\"},{\"@type\":\"Person\",\"@id\":\"https:\\\/\\\/folhapopular.info\\\/#\\\/schema\\\/person\\\/e852c327371714676d02e58cf917fd9f\",\"name\":\"Luis Augusto Huppes\",\"image\":{\"@type\":\"ImageObject\",\"inLanguage\":\"pt-BR\",\"@id\":\"https:\\\/\\\/folhapopular.info\\\/wp-content\\\/uploads\\\/2026\\\/04\\\/Luis-Augusto-Huppes-1-1.webp\",\"url\":\"https:\\\/\\\/folhapopular.info\\\/wp-content\\\/uploads\\\/2026\\\/04\\\/Luis-Augusto-Huppes-1-1.webp\",\"contentUrl\":\"https:\\\/\\\/folhapopular.info\\\/wp-content\\\/uploads\\\/2026\\\/04\\\/Luis-Augusto-Huppes-1-1.webp\",\"caption\":\"Luis Augusto Huppes\"},\"sameAs\":[\"https:\\\/\\\/www.facebook.com\\\/luis.huppes\\\/\",\"https:\\\/\\\/www.instagram.com\\\/luis.huppes\\\/\",\"https:\\\/\\\/www.linkedin.com\\\/in\\\/luis-augusto-huppes-2554b52b7\\\/\"],\"url\":\"https:\\\/\\\/folhapopular.info\\\/index.php\\\/author\\\/luis-augusto-huppes\\\/\"}]}<\/script>\n<!-- \/ Yoast SEO plugin. -->","yoast_head_json":{"title":"Adolpho Pereira: \u201cQuero fazer meu nome, ganhar lutas e dar uma vida melhor para a fam\u00edlia\u201d - Folha Popular","description":"Adolpho Pereira \u00e9 um lutador que se aventurou por Santa Catarina. Detentor de cintur\u00e3o do TeutoFight, ele encara o Jungle Fight neste s\u00e1bado.","robots":{"index":"index","follow":"follow","max-snippet":"max-snippet:-1","max-image-preview":"max-image-preview:large","max-video-preview":"max-video-preview:-1"},"canonical":"https:\/\/folhapopular.info\/index.php\/2026\/04\/25\/adolpho-pereira-quero-fazer-meu-nome-ganhar-lutas-e-dar-uma-vida-melhor-para-a-familia\/","og_locale":"pt_BR","og_type":"article","og_title":"Adolpho Pereira: \u201cQuero fazer meu nome, ganhar lutas e dar uma vida melhor para a fam\u00edlia\u201d - Folha Popular","og_description":"Adolpho Pereira \u00e9 um lutador que se aventurou por Santa Catarina. Detentor de cintur\u00e3o do TeutoFight, ele encara o Jungle Fight neste s\u00e1bado.","og_url":"https:\/\/folhapopular.info\/index.php\/2026\/04\/25\/adolpho-pereira-quero-fazer-meu-nome-ganhar-lutas-e-dar-uma-vida-melhor-para-a-familia\/","og_site_name":"Folha Popular","article_author":"https:\/\/www.facebook.com\/luis.huppes\/","article_published_time":"2026-04-25T11:53:32+00:00","article_modified_time":"2026-04-25T12:21:37+00:00","og_image":[{"width":1064,"height":866,"url":"https:\/\/folhapopular.info\/wp-content\/uploads\/2026\/04\/WhatsApp-Image-2026-04-24-at-20.05.24-e1777118125171.jpg","type":"image\/jpeg"}],"author":"Luis Augusto Huppes","twitter_card":"summary_large_image","twitter_misc":{"Escrito por":"Luis Augusto Huppes","Est. tempo de leitura":"8 minutos"},"schema":{"@context":"https:\/\/schema.org","@graph":[{"@type":"Article","@id":"https:\/\/folhapopular.info\/index.php\/2026\/04\/25\/adolpho-pereira-quero-fazer-meu-nome-ganhar-lutas-e-dar-uma-vida-melhor-para-a-familia\/#article","isPartOf":{"@id":"https:\/\/folhapopular.info\/index.php\/2026\/04\/25\/adolpho-pereira-quero-fazer-meu-nome-ganhar-lutas-e-dar-uma-vida-melhor-para-a-familia\/"},"author":{"name":"Luis Augusto Huppes","@id":"https:\/\/folhapopular.info\/#\/schema\/person\/e852c327371714676d02e58cf917fd9f"},"headline":"Adolpho Pereira: \u201cQuero fazer meu nome, ganhar lutas e dar uma vida melhor para a fam\u00edlia\u201d","datePublished":"2026-04-25T11:53:32+00:00","dateModified":"2026-04-25T12:21:37+00:00","mainEntityOfPage":{"@id":"https:\/\/folhapopular.info\/index.php\/2026\/04\/25\/adolpho-pereira-quero-fazer-meu-nome-ganhar-lutas-e-dar-uma-vida-melhor-para-a-familia\/"},"wordCount":1177,"commentCount":0,"image":{"@id":"https:\/\/folhapopular.info\/index.php\/2026\/04\/25\/adolpho-pereira-quero-fazer-meu-nome-ganhar-lutas-e-dar-uma-vida-melhor-para-a-familia\/#primaryimage"},"thumbnailUrl":"https:\/\/folhapopular.info\/wp-content\/uploads\/2026\/04\/WhatsApp-Image-2026-04-24-at-20.05.24-e1777118125171.jpg","keywords":["Adolpho Pereira","Artes Marciais","Guapor\u00e9","Jungle Fight","MMA","TeutoFight"],"articleSection":["Artes Marciais","Esportes"],"inLanguage":"pt-BR","potentialAction":[{"@type":"CommentAction","name":"Comment","target":["https:\/\/folhapopular.info\/index.php\/2026\/04\/25\/adolpho-pereira-quero-fazer-meu-nome-ganhar-lutas-e-dar-uma-vida-melhor-para-a-familia\/#respond"]}]},{"@type":"WebPage","@id":"https:\/\/folhapopular.info\/index.php\/2026\/04\/25\/adolpho-pereira-quero-fazer-meu-nome-ganhar-lutas-e-dar-uma-vida-melhor-para-a-familia\/","url":"https:\/\/folhapopular.info\/index.php\/2026\/04\/25\/adolpho-pereira-quero-fazer-meu-nome-ganhar-lutas-e-dar-uma-vida-melhor-para-a-familia\/","name":"Adolpho Pereira: \u201cQuero fazer meu nome, ganhar lutas e dar uma vida melhor para a fam\u00edlia\u201d - Folha Popular","isPartOf":{"@id":"https:\/\/folhapopular.info\/#website"},"primaryImageOfPage":{"@id":"https:\/\/folhapopular.info\/index.php\/2026\/04\/25\/adolpho-pereira-quero-fazer-meu-nome-ganhar-lutas-e-dar-uma-vida-melhor-para-a-familia\/#primaryimage"},"image":{"@id":"https:\/\/folhapopular.info\/index.php\/2026\/04\/25\/adolpho-pereira-quero-fazer-meu-nome-ganhar-lutas-e-dar-uma-vida-melhor-para-a-familia\/#primaryimage"},"thumbnailUrl":"https:\/\/folhapopular.info\/wp-content\/uploads\/2026\/04\/WhatsApp-Image-2026-04-24-at-20.05.24-e1777118125171.jpg","datePublished":"2026-04-25T11:53:32+00:00","dateModified":"2026-04-25T12:21:37+00:00","author":{"@id":"https:\/\/folhapopular.info\/#\/schema\/person\/e852c327371714676d02e58cf917fd9f"},"description":"Adolpho Pereira \u00e9 um lutador que se aventurou por Santa Catarina. Detentor de cintur\u00e3o do TeutoFight, ele encara o Jungle Fight neste s\u00e1bado.","breadcrumb":{"@id":"https:\/\/folhapopular.info\/index.php\/2026\/04\/25\/adolpho-pereira-quero-fazer-meu-nome-ganhar-lutas-e-dar-uma-vida-melhor-para-a-familia\/#breadcrumb"},"inLanguage":"pt-BR","potentialAction":[{"@type":"ReadAction","target":["https:\/\/folhapopular.info\/index.php\/2026\/04\/25\/adolpho-pereira-quero-fazer-meu-nome-ganhar-lutas-e-dar-uma-vida-melhor-para-a-familia\/"]}]},{"@type":"ImageObject","inLanguage":"pt-BR","@id":"https:\/\/folhapopular.info\/index.php\/2026\/04\/25\/adolpho-pereira-quero-fazer-meu-nome-ganhar-lutas-e-dar-uma-vida-melhor-para-a-familia\/#primaryimage","url":"https:\/\/folhapopular.info\/wp-content\/uploads\/2026\/04\/WhatsApp-Image-2026-04-24-at-20.05.24-e1777118125171.jpg","contentUrl":"https:\/\/folhapopular.info\/wp-content\/uploads\/2026\/04\/WhatsApp-Image-2026-04-24-at-20.05.24-e1777118125171.jpg","width":1064,"height":866,"caption":"Adolpho \u00e9 detentor de cintur\u00e3o dos 77 quilos do TeutoFight - Cr\u00e9dito: DV Sports Photography \/ Divulga\u00e7\u00e3o"},{"@type":"BreadcrumbList","@id":"https:\/\/folhapopular.info\/index.php\/2026\/04\/25\/adolpho-pereira-quero-fazer-meu-nome-ganhar-lutas-e-dar-uma-vida-melhor-para-a-familia\/#breadcrumb","itemListElement":[{"@type":"ListItem","position":1,"name":"In\u00edcio","item":"https:\/\/folhapopular.info\/"},{"@type":"ListItem","position":2,"name":"Adolpho Pereira: \u201cQuero fazer meu nome, ganhar lutas e dar uma vida melhor para a fam\u00edlia\u201d"}]},{"@type":"WebSite","@id":"https:\/\/folhapopular.info\/#website","url":"https:\/\/folhapopular.info\/","name":"Folha Popular","description":"Onde voc\u00ea tem vez e voz","potentialAction":[{"@type":"SearchAction","target":{"@type":"EntryPoint","urlTemplate":"https:\/\/folhapopular.info\/?s={search_term_string}"},"query-input":{"@type":"PropertyValueSpecification","valueRequired":true,"valueName":"search_term_string"}}],"inLanguage":"pt-BR"},{"@type":"Person","@id":"https:\/\/folhapopular.info\/#\/schema\/person\/e852c327371714676d02e58cf917fd9f","name":"Luis Augusto Huppes","image":{"@type":"ImageObject","inLanguage":"pt-BR","@id":"https:\/\/folhapopular.info\/wp-content\/uploads\/2026\/04\/Luis-Augusto-Huppes-1-1.webp","url":"https:\/\/folhapopular.info\/wp-content\/uploads\/2026\/04\/Luis-Augusto-Huppes-1-1.webp","contentUrl":"https:\/\/folhapopular.info\/wp-content\/uploads\/2026\/04\/Luis-Augusto-Huppes-1-1.webp","caption":"Luis Augusto Huppes"},"sameAs":["https:\/\/www.facebook.com\/luis.huppes\/","https:\/\/www.instagram.com\/luis.huppes\/","https:\/\/www.linkedin.com\/in\/luis-augusto-huppes-2554b52b7\/"],"url":"https:\/\/folhapopular.info\/index.php\/author\/luis-augusto-huppes\/"}]}},"jetpack_featured_media_url":"https:\/\/folhapopular.info\/wp-content\/uploads\/2026\/04\/WhatsApp-Image-2026-04-24-at-20.05.24-e1777118125171.jpg","jetpack_sharing_enabled":true,"amp_enabled":true,"_links":{"self":[{"href":"https:\/\/folhapopular.info\/index.php\/wp-json\/wp\/v2\/posts\/211392","targetHints":{"allow":["GET"]}}],"collection":[{"href":"https:\/\/folhapopular.info\/index.php\/wp-json\/wp\/v2\/posts"}],"about":[{"href":"https:\/\/folhapopular.info\/index.php\/wp-json\/wp\/v2\/types\/post"}],"author":[{"embeddable":true,"href":"https:\/\/folhapopular.info\/index.php\/wp-json\/wp\/v2\/users\/732"}],"replies":[{"embeddable":true,"href":"https:\/\/folhapopular.info\/index.php\/wp-json\/wp\/v2\/comments?post=211392"}],"version-history":[{"count":0,"href":"https:\/\/folhapopular.info\/index.php\/wp-json\/wp\/v2\/posts\/211392\/revisions"}],"wp:featuredmedia":[{"embeddable":true,"href":"https:\/\/folhapopular.info\/index.php\/wp-json\/wp\/v2\/media\/211398"}],"wp:attachment":[{"href":"https:\/\/folhapopular.info\/index.php\/wp-json\/wp\/v2\/media?parent=211392"}],"wp:term":[{"taxonomy":"category","embeddable":true,"href":"https:\/\/folhapopular.info\/index.php\/wp-json\/wp\/v2\/categories?post=211392"},{"taxonomy":"post_tag","embeddable":true,"href":"https:\/\/folhapopular.info\/index.php\/wp-json\/wp\/v2\/tags?post=211392"}],"curies":[{"name":"wp","href":"https:\/\/api.w.org\/{rel}","templated":true}]}}