{"id":211417,"date":"2026-04-26T12:00:00","date_gmt":"2026-04-26T15:00:00","guid":{"rendered":"https:\/\/folhapopular.info\/?p=211417"},"modified":"2026-04-25T17:01:25","modified_gmt":"2026-04-25T20:01:25","slug":"tres-unidas-acompanhou-a-transformacao-de-languiru","status":"publish","type":"post","link":"https:\/\/folhapopular.info\/index.php\/2026\/04\/26\/tres-unidas-acompanhou-a-transformacao-de-languiru\/","title":{"rendered":"Tr\u00eas Unidas acompanhou a transforma\u00e7\u00e3o de Languiru"},"content":{"rendered":"\n<p>A trajet\u00f3ria da Distribuidora Tr\u00eas Unidas e da fam\u00edlia Osterkamp acompanha o desenvolvimento do Bairro Languiru e a consolida\u00e7\u00e3o de Teut\u00f4nia como polo regional. A empresa nasceu em Linha Clara em 1965 como Bruno Tiggemann e Companhia Limitada e, em 1975, se estabeleceu em Languiru. Ao longo de um percurso marcado por crescimento e fus\u00f5es, a fam\u00edlia tamb\u00e9m deu origem ao primeiro centro comercial da cidade, na Casa Velha.<\/p>\n\n\n\n<p>A hist\u00f3ria est\u00e1 diretamente ligada \u00e0 atua\u00e7\u00e3o de Adelmo Osterkamp, cuja condu\u00e7\u00e3o dos neg\u00f3cios e participa\u00e7\u00e3o na comunidade ajudaram a moldar o crescimento da empresa e do munic\u00edpio. Em entrevista ao Grupo Popular, Gerta Osterkamp, Elke Elena Osterkamp Staggemeier e Ana Elisa Osterkamp relembram os principais momentos dessa trajet\u00f3ria e o legado deixado pelo patriarca da fam\u00edlia.<\/p>\n\n\n\n<p><strong>Grupo Popular <\/strong><strong>&#8211;<\/strong><strong> Como foi o come\u00e7o da Tr\u00eas Unidas?<\/strong><\/p>\n\n\n\n<p><strong>Gerta Osterkamp <\/strong><strong>&#8211;<\/strong>Come\u00e7amos em Linha Clara em 1965. Viemos em 21 de outubro de 1975 para Languiru. O falecido Elton Klepker convidou o Adelmo, meu marido, para uma conversa e ofereceu a Casa Velha, que, na \u00e9poca, era rodovi\u00e1ria e sal\u00e3o de baile. Ele achava que seria interessante vir para Languiru, que era o centro de distribui\u00e7\u00e3o. Meu marido conversou com meu pai, que era s\u00f3cio dele, os dois vieram falar com o Klepker e a\u00ed deu neg\u00f3cio.<\/p>\n\n\n\n<p><strong>GP <\/strong><strong>&#8211;<\/strong><strong> Como foi a cria\u00e7\u00e3o da distribuidora?<\/strong><\/p>\n\n\n\n<p><strong>Gerta <\/strong><strong>&#8211;<\/strong>Meu pai sempre foi do com\u00e9rcio. Meu marido estava no col\u00e9gio agr\u00edcola e veio trabalhar na Languiru com o Elton Klepker. Meu pai viu que a coisa estava se tornando s\u00e9ria e convidou o Adelmo para ser s\u00f3cio.<\/p>\n\n\n\n<p><strong>Ana Elisa Osterkamp <\/strong><strong>&#8211;<\/strong> Os s\u00f3cios eram o Lauro Tiggemann, o Bruno Tiggemann e o Adelmo Osterkamp. Assim foi fundada a Bruno Tiggemann e Companhia Limitada. O Bruno \u00e9 o nosso av\u00f4, pai da minha m\u00e3e.<\/p>\n\n\n\n<p><strong>Gerta <\/strong><strong>&#8211;<\/strong>Era a \u00fanica distribuidora em Linha Clara e era pequena. A pr\u00f3pria Companhia Polar convidou o meu pai para ser representante. Na \u00e9poca, havia a Antarctica\/Polar e a Brahma, que eram concorrentes. A luta foi grande no in\u00edcio. Quando viemos para Languiru, ainda n\u00e3o era Tr\u00eas Unidas, era Bruno Tiggemann e Companhia Limitada.<\/p>\n\n\n\n<p><strong>GP <\/strong><strong>&#8211;<\/strong><strong> Qual a hist\u00f3ria da Casa Velha?<\/strong><\/p>\n\n\n\n<p><strong>Ana Elisa <\/strong><strong>&#8211;<\/strong> Era um sal\u00e3o de baile que veio de Canabarro. Em 1935, foi desmontado e reconstru\u00eddo em Languiru. \u00c9 uma constru\u00e7\u00e3o em estilo enxaimel e j\u00e1 foi cinema, hotel, restaurante e rodovi\u00e1ria. Na \u00e9poca, o Bairro Languiru era praticamente duas ruas, tudo estrada de ch\u00e3o.<\/p>\n\n\n\n<p><strong>Elke Elena Osterkamp Staggemeier <\/strong><strong>&#8211;<\/strong> Eu tinha 5 anos de idade e lembro de vir em cima do caminh\u00e3o. Como era um sal\u00e3o de baile, tinha muito chiclete grudado no ch\u00e3o de madeira. A m\u00e3e me deu um baldinho e uma pazinha e meu servi\u00e7o era tirar os chicletes. Eu achava aquilo o m\u00e1ximo.<\/p>\n\n\n\n<p><strong>Ana Elisa <\/strong><strong>&#8211;<\/strong> Quando viemos, achamos muitas bolas de bol\u00e3o e pinos. At\u00e9 doamos uma para o museu. O pai sempre esteve \u00e0 frente e fez acontecer. N\u00f3s mor\u00e1vamos junto com o dep\u00f3sito e nosso espa\u00e7o era no meio das caixas de cerveja.<\/p>\n\n\n\n<p><strong>Elke Elena <\/strong><strong>&#8211;<\/strong> O pai contava que, \u00e0s vezes, iam para festas e ficavam deitados no caminh\u00e3o esperando terminar para recolher os vasilhames, porque depois tinham que ir para Estrela trocar. Na \u00e9poca das caixas de madeira. Quando voltavam, todo mundo entrava no baile para descarregar o caminh\u00e3o, eu e a Ana ajudando a puxar as caixas.<\/p>\n\n\n\n<p><strong>Gerta <\/strong><strong>&#8211;<\/strong> Tem um detalhe: viemos sem dinheiro. O Klepker fez a proposta de pagamento em 5 anos. No quinto ano, quitamos tudo. Meu pai vinha uma vez por semana olhar a contabilidade e fazia os c\u00e1lculos em alem\u00e3o. Ele dizia: \u201cN\u00f3s temos que poupar, porque queremos pagar nossas d\u00edvidas\u201d. Trabalhamos muito, mas fomos muito felizes.<\/p>\n\n\n\n<p><strong>GP <\/strong><strong>&#8211;<\/strong><strong> O quanto a emancipa\u00e7\u00e3o ajudou nos neg\u00f3cios?<\/strong><\/p>\n\n\n\n<p><strong>Gerta <\/strong><strong>&#8211;<\/strong> Foi \u00f3timo. O Adelmo se envolveu muito, era ligado \u00e0 pol\u00edtica. Foi candidato a vereador e o mais votado na \u00e9poca, com 786 votos.<\/p>\n\n\n\n<p><strong>Ana <\/strong><strong>Elisa &#8211;<\/strong> Temos registros dos caminh\u00f5es com faixas do \u201cSim\u201d na carreata. Foi uma festa enorme. O pai dizia: \u201cVamos logo na Polar pegar mais bebida porque vai dar festa grande\u201d. Com a emancipa\u00e7\u00e3o vieram o asfalto, a Rota do Sol e a Via L\u00e1ctea, o que facilitou a log\u00edstica.<\/p>\n\n\n\n<p><strong>GP <\/strong><strong>&#8211;<\/strong><strong> Como a Bruno Tiggemann se tornou Tr\u00eas Unidas?<\/strong><\/p>\n\n\n\n<p><strong>Elke Elena<\/strong><strong> &#8211;<\/strong> A Ambev come\u00e7ou a pressionar para reduzir o n\u00famero de distribuidoras. Houve fus\u00e3o com empresas de Bom Retiro do Sul e Imigrante, surgindo a Tr\u00eas Unidas. Depois, em uma nova press\u00e3o, o pai reuniu a fam\u00edlia e prop\u00f4s conversar com a distribuidora de Estrela. Falaram com o Nestor M\u00fcller e criaram a Univale. Ainda somos s\u00f3cios. O pai optou por permanecer em Languiru, atendendo comunidades menores. Seguimos nesse modelo.<\/p>\n\n\n\n<p><strong>GP <\/strong><strong>&#8211;<\/strong><strong> Como a Casa Velha se tornou o primeiro centro comercial da regi\u00e3o?<\/strong><\/p>\n\n\n\n<p><strong>Elke Elena<\/strong><strong> &#8211;<\/strong> Foi em 1989. O pai criou nove lojinhas na Casa Velha. Houve um concurso para o nome, vencido por um lojista de Encantado. No in\u00edcio, o movimento era baixo, ent\u00e3o surgiu a ideia de incluir um restaurante, o que ajudou a impulsionar o espa\u00e7o. Depois, houve terceiriza\u00e7\u00e3o da gest\u00e3o e, anos mais tarde, retomamos. Recentemente, ampliamos com o pessoal do <em>Quiero<\/em>Caf\u00e9.<\/p>\n\n\n\n<p><strong>Ana Elisa <\/strong><strong>&#8211;<\/strong> Hoje temos um pr\u00e9dio quase centen\u00e1rio em enxaimel sendo valorizado. As vigas originais permanecem vis\u00edveis e ajudam a manter viva a hist\u00f3ria da cidade.<\/p>\n\n\n\n<p><strong>GP <\/strong><strong>&#8211;<\/strong><strong> Quais os projetos para o futuro?<\/strong><\/p>\n\n\n\n<p><strong>Ana Elisa <\/strong><strong>&#8211;<\/strong> O pai continuou sonhando mesmo no fim da vida e deixou projetos escritos. No dia em que faleceu, eu disse: \u201cPai, n\u00e3o te preocupa, os neg\u00f3cios v\u00e3o ser tocados\u201d. Ele estava em paz. Uma hora antes, lembrou de uma foto com o Brizola e disse: \u201cAli ele assinou minha ficha no partido\u201d. Ele sempre dizia: \u201cA verdade pode ser sempre dita\u201d. Vamos honrar esse legado e concretizar esses sonhos.<\/p>\n\n\n\n<p><\/p>\n","protected":false},"excerpt":{"rendered":"<p>A trajet\u00f3ria da Distribuidora Tr\u00eas Unidas e da fam\u00edlia Osterkamp acompanha o desenvolvimento do Bairro Languiru e a consolida\u00e7\u00e3o de Teut\u00f4nia como polo regional. A empresa nasceu em Linha Clara em 1965 como Bruno Tiggemann e Companhia Limitada e, em 1975, se estabeleceu em Languiru. Ao longo de um percurso marcado por crescimento e fus\u00f5es, [&hellip;]<\/p>\n","protected":false},"author":771,"featured_media":211421,"comment_status":"open","ping_status":"open","sticky":false,"template":"","format":"standard","meta":{"pmpro_default_level":"","_jetpack_memberships_contains_paid_content":false,"footnotes":""},"categories":[2,10991,10993],"tags":[406,21081,26,21080],"class_list":{"0":"post-211417","1":"post","2":"type-post","3":"status-publish","4":"format-standard","5":"has-post-thumbnail","7":"category-featured","8":"category-economia","9":"category-empreender","10":"tag-languiru","11":"tag-osterkamp","12":"tag-teutonia","13":"tag-tres-unidas","14":"pmpro-has-access"},"yoast_head":"<!-- This site is optimized with the Yoast SEO plugin v27.4 - https:\/\/yoast.com\/product\/yoast-seo-wordpress\/ -->\n<title>Tr\u00eas Unidas acompanhou a transforma\u00e7\u00e3o de Languiru - Folha Popular<\/title>\n<meta name=\"robots\" content=\"index, follow, max-snippet:-1, max-image-preview:large, max-video-preview:-1\" \/>\n<link rel=\"canonical\" href=\"https:\/\/folhapopular.info\/index.php\/2026\/04\/26\/tres-unidas-acompanhou-a-transformacao-de-languiru\/\" \/>\n<meta property=\"og:locale\" content=\"pt_BR\" \/>\n<meta property=\"og:type\" content=\"article\" \/>\n<meta property=\"og:title\" content=\"Tr\u00eas Unidas acompanhou a transforma\u00e7\u00e3o de Languiru - Folha Popular\" \/>\n<meta property=\"og:description\" content=\"A trajet\u00f3ria da Distribuidora Tr\u00eas Unidas e da fam\u00edlia Osterkamp acompanha o desenvolvimento do Bairro Languiru e a consolida\u00e7\u00e3o de Teut\u00f4nia como polo regional. A empresa nasceu em Linha Clara em 1965 como Bruno Tiggemann e Companhia Limitada e, em 1975, se estabeleceu em Languiru. Ao longo de um percurso marcado por crescimento e fus\u00f5es, [&hellip;]\" \/>\n<meta property=\"og:url\" content=\"https:\/\/folhapopular.info\/index.php\/2026\/04\/26\/tres-unidas-acompanhou-a-transformacao-de-languiru\/\" \/>\n<meta property=\"og:site_name\" content=\"Folha Popular\" \/>\n<meta property=\"article:published_time\" content=\"2026-04-26T15:00:00+00:00\" \/>\n<meta property=\"og:image\" content=\"https:\/\/folhapopular.info\/wp-content\/uploads\/2026\/04\/IMG_20260417_104105.jpg-scaled.jpeg\" \/>\n\t<meta property=\"og:image:width\" content=\"2560\" \/>\n\t<meta property=\"og:image:height\" content=\"1920\" \/>\n\t<meta property=\"og:image:type\" content=\"image\/jpeg\" \/>\n<meta name=\"author\" content=\"Thiago Maurique\" \/>\n<meta name=\"twitter:card\" content=\"summary_large_image\" \/>\n<meta name=\"twitter:label1\" content=\"Escrito por\" \/>\n\t<meta name=\"twitter:data1\" content=\"Thiago Maurique\" \/>\n\t<meta name=\"twitter:label2\" content=\"Est. tempo de leitura\" \/>\n\t<meta name=\"twitter:data2\" content=\"6 minutos\" \/>\n<script type=\"application\/ld+json\" class=\"yoast-schema-graph\">{\"@context\":\"https:\\\/\\\/schema.org\",\"@graph\":[{\"@type\":\"Article\",\"@id\":\"https:\\\/\\\/folhapopular.info\\\/index.php\\\/2026\\\/04\\\/26\\\/tres-unidas-acompanhou-a-transformacao-de-languiru\\\/#article\",\"isPartOf\":{\"@id\":\"https:\\\/\\\/folhapopular.info\\\/index.php\\\/2026\\\/04\\\/26\\\/tres-unidas-acompanhou-a-transformacao-de-languiru\\\/\"},\"author\":{\"name\":\"Thiago Maurique\",\"@id\":\"https:\\\/\\\/folhapopular.info\\\/#\\\/schema\\\/person\\\/da0b2794f793376cb5dd908e88ca6911\"},\"headline\":\"Tr\u00eas Unidas acompanhou a transforma\u00e7\u00e3o de Languiru\",\"datePublished\":\"2026-04-26T15:00:00+00:00\",\"mainEntityOfPage\":{\"@id\":\"https:\\\/\\\/folhapopular.info\\\/index.php\\\/2026\\\/04\\\/26\\\/tres-unidas-acompanhou-a-transformacao-de-languiru\\\/\"},\"wordCount\":1053,\"commentCount\":0,\"image\":{\"@id\":\"https:\\\/\\\/folhapopular.info\\\/index.php\\\/2026\\\/04\\\/26\\\/tres-unidas-acompanhou-a-transformacao-de-languiru\\\/#primaryimage\"},\"thumbnailUrl\":\"https:\\\/\\\/folhapopular.info\\\/wp-content\\\/uploads\\\/2026\\\/04\\\/IMG_20260417_104105.jpg-scaled.jpeg\",\"keywords\":[\"Languiru\",\"Osterkamp\",\"Teut\u00f4nia\",\"Tr\u00eas Unidas\"],\"articleSection\":[\"Destaques\",\"Economia\",\"Empreender\"],\"inLanguage\":\"pt-BR\",\"potentialAction\":[{\"@type\":\"CommentAction\",\"name\":\"Comment\",\"target\":[\"https:\\\/\\\/folhapopular.info\\\/index.php\\\/2026\\\/04\\\/26\\\/tres-unidas-acompanhou-a-transformacao-de-languiru\\\/#respond\"]}]},{\"@type\":\"WebPage\",\"@id\":\"https:\\\/\\\/folhapopular.info\\\/index.php\\\/2026\\\/04\\\/26\\\/tres-unidas-acompanhou-a-transformacao-de-languiru\\\/\",\"url\":\"https:\\\/\\\/folhapopular.info\\\/index.php\\\/2026\\\/04\\\/26\\\/tres-unidas-acompanhou-a-transformacao-de-languiru\\\/\",\"name\":\"Tr\u00eas Unidas acompanhou a transforma\u00e7\u00e3o de Languiru - Folha Popular\",\"isPartOf\":{\"@id\":\"https:\\\/\\\/folhapopular.info\\\/#website\"},\"primaryImageOfPage\":{\"@id\":\"https:\\\/\\\/folhapopular.info\\\/index.php\\\/2026\\\/04\\\/26\\\/tres-unidas-acompanhou-a-transformacao-de-languiru\\\/#primaryimage\"},\"image\":{\"@id\":\"https:\\\/\\\/folhapopular.info\\\/index.php\\\/2026\\\/04\\\/26\\\/tres-unidas-acompanhou-a-transformacao-de-languiru\\\/#primaryimage\"},\"thumbnailUrl\":\"https:\\\/\\\/folhapopular.info\\\/wp-content\\\/uploads\\\/2026\\\/04\\\/IMG_20260417_104105.jpg-scaled.jpeg\",\"datePublished\":\"2026-04-26T15:00:00+00:00\",\"author\":{\"@id\":\"https:\\\/\\\/folhapopular.info\\\/#\\\/schema\\\/person\\\/da0b2794f793376cb5dd908e88ca6911\"},\"breadcrumb\":{\"@id\":\"https:\\\/\\\/folhapopular.info\\\/index.php\\\/2026\\\/04\\\/26\\\/tres-unidas-acompanhou-a-transformacao-de-languiru\\\/#breadcrumb\"},\"inLanguage\":\"pt-BR\",\"potentialAction\":[{\"@type\":\"ReadAction\",\"target\":[\"https:\\\/\\\/folhapopular.info\\\/index.php\\\/2026\\\/04\\\/26\\\/tres-unidas-acompanhou-a-transformacao-de-languiru\\\/\"]}]},{\"@type\":\"ImageObject\",\"inLanguage\":\"pt-BR\",\"@id\":\"https:\\\/\\\/folhapopular.info\\\/index.php\\\/2026\\\/04\\\/26\\\/tres-unidas-acompanhou-a-transformacao-de-languiru\\\/#primaryimage\",\"url\":\"https:\\\/\\\/folhapopular.info\\\/wp-content\\\/uploads\\\/2026\\\/04\\\/IMG_20260417_104105.jpg-scaled.jpeg\",\"contentUrl\":\"https:\\\/\\\/folhapopular.info\\\/wp-content\\\/uploads\\\/2026\\\/04\\\/IMG_20260417_104105.jpg-scaled.jpeg\",\"width\":2560,\"height\":1920,\"caption\":\"Ana Elisa (e), Elke e Gerta Osterkamp \\\/ Cr\u00e9dito: Thiago Maurique\"},{\"@type\":\"BreadcrumbList\",\"@id\":\"https:\\\/\\\/folhapopular.info\\\/index.php\\\/2026\\\/04\\\/26\\\/tres-unidas-acompanhou-a-transformacao-de-languiru\\\/#breadcrumb\",\"itemListElement\":[{\"@type\":\"ListItem\",\"position\":1,\"name\":\"In\u00edcio\",\"item\":\"https:\\\/\\\/folhapopular.info\\\/\"},{\"@type\":\"ListItem\",\"position\":2,\"name\":\"Tr\u00eas Unidas acompanhou a transforma\u00e7\u00e3o de Languiru\"}]},{\"@type\":\"WebSite\",\"@id\":\"https:\\\/\\\/folhapopular.info\\\/#website\",\"url\":\"https:\\\/\\\/folhapopular.info\\\/\",\"name\":\"Folha Popular\",\"description\":\"Onde voc\u00ea tem vez e voz\",\"potentialAction\":[{\"@type\":\"SearchAction\",\"target\":{\"@type\":\"EntryPoint\",\"urlTemplate\":\"https:\\\/\\\/folhapopular.info\\\/?s={search_term_string}\"},\"query-input\":{\"@type\":\"PropertyValueSpecification\",\"valueRequired\":true,\"valueName\":\"search_term_string\"}}],\"inLanguage\":\"pt-BR\"},{\"@type\":\"Person\",\"@id\":\"https:\\\/\\\/folhapopular.info\\\/#\\\/schema\\\/person\\\/da0b2794f793376cb5dd908e88ca6911\",\"name\":\"Thiago Maurique\",\"image\":{\"@type\":\"ImageObject\",\"inLanguage\":\"pt-BR\",\"@id\":\"https:\\\/\\\/folhapopular.info\\\/wp-content\\\/uploads\\\/2026\\\/04\\\/THIAGO-MAURIQUE-1-1.webp\",\"url\":\"https:\\\/\\\/folhapopular.info\\\/wp-content\\\/uploads\\\/2026\\\/04\\\/THIAGO-MAURIQUE-1-1.webp\",\"contentUrl\":\"https:\\\/\\\/folhapopular.info\\\/wp-content\\\/uploads\\\/2026\\\/04\\\/THIAGO-MAURIQUE-1-1.webp\",\"caption\":\"Thiago Maurique\"},\"url\":\"https:\\\/\\\/folhapopular.info\\\/index.php\\\/author\\\/thiago-maurique\\\/\"}]}<\/script>\n<!-- \/ Yoast SEO plugin. -->","yoast_head_json":{"title":"Tr\u00eas Unidas acompanhou a transforma\u00e7\u00e3o de Languiru - Folha Popular","robots":{"index":"index","follow":"follow","max-snippet":"max-snippet:-1","max-image-preview":"max-image-preview:large","max-video-preview":"max-video-preview:-1"},"canonical":"https:\/\/folhapopular.info\/index.php\/2026\/04\/26\/tres-unidas-acompanhou-a-transformacao-de-languiru\/","og_locale":"pt_BR","og_type":"article","og_title":"Tr\u00eas Unidas acompanhou a transforma\u00e7\u00e3o de Languiru - Folha Popular","og_description":"A trajet\u00f3ria da Distribuidora Tr\u00eas Unidas e da fam\u00edlia Osterkamp acompanha o desenvolvimento do Bairro Languiru e a consolida\u00e7\u00e3o de Teut\u00f4nia como polo regional. A empresa nasceu em Linha Clara em 1965 como Bruno Tiggemann e Companhia Limitada e, em 1975, se estabeleceu em Languiru. Ao longo de um percurso marcado por crescimento e fus\u00f5es, [&hellip;]","og_url":"https:\/\/folhapopular.info\/index.php\/2026\/04\/26\/tres-unidas-acompanhou-a-transformacao-de-languiru\/","og_site_name":"Folha Popular","article_published_time":"2026-04-26T15:00:00+00:00","og_image":[{"width":2560,"height":1920,"url":"https:\/\/folhapopular.info\/wp-content\/uploads\/2026\/04\/IMG_20260417_104105.jpg-scaled.jpeg","type":"image\/jpeg"}],"author":"Thiago Maurique","twitter_card":"summary_large_image","twitter_misc":{"Escrito por":"Thiago Maurique","Est. tempo de leitura":"6 minutos"},"schema":{"@context":"https:\/\/schema.org","@graph":[{"@type":"Article","@id":"https:\/\/folhapopular.info\/index.php\/2026\/04\/26\/tres-unidas-acompanhou-a-transformacao-de-languiru\/#article","isPartOf":{"@id":"https:\/\/folhapopular.info\/index.php\/2026\/04\/26\/tres-unidas-acompanhou-a-transformacao-de-languiru\/"},"author":{"name":"Thiago Maurique","@id":"https:\/\/folhapopular.info\/#\/schema\/person\/da0b2794f793376cb5dd908e88ca6911"},"headline":"Tr\u00eas Unidas acompanhou a transforma\u00e7\u00e3o de Languiru","datePublished":"2026-04-26T15:00:00+00:00","mainEntityOfPage":{"@id":"https:\/\/folhapopular.info\/index.php\/2026\/04\/26\/tres-unidas-acompanhou-a-transformacao-de-languiru\/"},"wordCount":1053,"commentCount":0,"image":{"@id":"https:\/\/folhapopular.info\/index.php\/2026\/04\/26\/tres-unidas-acompanhou-a-transformacao-de-languiru\/#primaryimage"},"thumbnailUrl":"https:\/\/folhapopular.info\/wp-content\/uploads\/2026\/04\/IMG_20260417_104105.jpg-scaled.jpeg","keywords":["Languiru","Osterkamp","Teut\u00f4nia","Tr\u00eas Unidas"],"articleSection":["Destaques","Economia","Empreender"],"inLanguage":"pt-BR","potentialAction":[{"@type":"CommentAction","name":"Comment","target":["https:\/\/folhapopular.info\/index.php\/2026\/04\/26\/tres-unidas-acompanhou-a-transformacao-de-languiru\/#respond"]}]},{"@type":"WebPage","@id":"https:\/\/folhapopular.info\/index.php\/2026\/04\/26\/tres-unidas-acompanhou-a-transformacao-de-languiru\/","url":"https:\/\/folhapopular.info\/index.php\/2026\/04\/26\/tres-unidas-acompanhou-a-transformacao-de-languiru\/","name":"Tr\u00eas Unidas acompanhou a transforma\u00e7\u00e3o de Languiru - Folha Popular","isPartOf":{"@id":"https:\/\/folhapopular.info\/#website"},"primaryImageOfPage":{"@id":"https:\/\/folhapopular.info\/index.php\/2026\/04\/26\/tres-unidas-acompanhou-a-transformacao-de-languiru\/#primaryimage"},"image":{"@id":"https:\/\/folhapopular.info\/index.php\/2026\/04\/26\/tres-unidas-acompanhou-a-transformacao-de-languiru\/#primaryimage"},"thumbnailUrl":"https:\/\/folhapopular.info\/wp-content\/uploads\/2026\/04\/IMG_20260417_104105.jpg-scaled.jpeg","datePublished":"2026-04-26T15:00:00+00:00","author":{"@id":"https:\/\/folhapopular.info\/#\/schema\/person\/da0b2794f793376cb5dd908e88ca6911"},"breadcrumb":{"@id":"https:\/\/folhapopular.info\/index.php\/2026\/04\/26\/tres-unidas-acompanhou-a-transformacao-de-languiru\/#breadcrumb"},"inLanguage":"pt-BR","potentialAction":[{"@type":"ReadAction","target":["https:\/\/folhapopular.info\/index.php\/2026\/04\/26\/tres-unidas-acompanhou-a-transformacao-de-languiru\/"]}]},{"@type":"ImageObject","inLanguage":"pt-BR","@id":"https:\/\/folhapopular.info\/index.php\/2026\/04\/26\/tres-unidas-acompanhou-a-transformacao-de-languiru\/#primaryimage","url":"https:\/\/folhapopular.info\/wp-content\/uploads\/2026\/04\/IMG_20260417_104105.jpg-scaled.jpeg","contentUrl":"https:\/\/folhapopular.info\/wp-content\/uploads\/2026\/04\/IMG_20260417_104105.jpg-scaled.jpeg","width":2560,"height":1920,"caption":"Ana Elisa (e), Elke e Gerta Osterkamp \/ Cr\u00e9dito: Thiago Maurique"},{"@type":"BreadcrumbList","@id":"https:\/\/folhapopular.info\/index.php\/2026\/04\/26\/tres-unidas-acompanhou-a-transformacao-de-languiru\/#breadcrumb","itemListElement":[{"@type":"ListItem","position":1,"name":"In\u00edcio","item":"https:\/\/folhapopular.info\/"},{"@type":"ListItem","position":2,"name":"Tr\u00eas Unidas acompanhou a transforma\u00e7\u00e3o de Languiru"}]},{"@type":"WebSite","@id":"https:\/\/folhapopular.info\/#website","url":"https:\/\/folhapopular.info\/","name":"Folha Popular","description":"Onde voc\u00ea tem vez e voz","potentialAction":[{"@type":"SearchAction","target":{"@type":"EntryPoint","urlTemplate":"https:\/\/folhapopular.info\/?s={search_term_string}"},"query-input":{"@type":"PropertyValueSpecification","valueRequired":true,"valueName":"search_term_string"}}],"inLanguage":"pt-BR"},{"@type":"Person","@id":"https:\/\/folhapopular.info\/#\/schema\/person\/da0b2794f793376cb5dd908e88ca6911","name":"Thiago Maurique","image":{"@type":"ImageObject","inLanguage":"pt-BR","@id":"https:\/\/folhapopular.info\/wp-content\/uploads\/2026\/04\/THIAGO-MAURIQUE-1-1.webp","url":"https:\/\/folhapopular.info\/wp-content\/uploads\/2026\/04\/THIAGO-MAURIQUE-1-1.webp","contentUrl":"https:\/\/folhapopular.info\/wp-content\/uploads\/2026\/04\/THIAGO-MAURIQUE-1-1.webp","caption":"Thiago Maurique"},"url":"https:\/\/folhapopular.info\/index.php\/author\/thiago-maurique\/"}]}},"jetpack_featured_media_url":"https:\/\/folhapopular.info\/wp-content\/uploads\/2026\/04\/IMG_20260417_104105.jpg-scaled.jpeg","jetpack_sharing_enabled":true,"amp_enabled":true,"_links":{"self":[{"href":"https:\/\/folhapopular.info\/index.php\/wp-json\/wp\/v2\/posts\/211417","targetHints":{"allow":["GET"]}}],"collection":[{"href":"https:\/\/folhapopular.info\/index.php\/wp-json\/wp\/v2\/posts"}],"about":[{"href":"https:\/\/folhapopular.info\/index.php\/wp-json\/wp\/v2\/types\/post"}],"author":[{"embeddable":true,"href":"https:\/\/folhapopular.info\/index.php\/wp-json\/wp\/v2\/users\/771"}],"replies":[{"embeddable":true,"href":"https:\/\/folhapopular.info\/index.php\/wp-json\/wp\/v2\/comments?post=211417"}],"version-history":[{"count":1,"href":"https:\/\/folhapopular.info\/index.php\/wp-json\/wp\/v2\/posts\/211417\/revisions"}],"predecessor-version":[{"id":211558,"href":"https:\/\/folhapopular.info\/index.php\/wp-json\/wp\/v2\/posts\/211417\/revisions\/211558"}],"wp:featuredmedia":[{"embeddable":true,"href":"https:\/\/folhapopular.info\/index.php\/wp-json\/wp\/v2\/media\/211421"}],"wp:attachment":[{"href":"https:\/\/folhapopular.info\/index.php\/wp-json\/wp\/v2\/media?parent=211417"}],"wp:term":[{"taxonomy":"category","embeddable":true,"href":"https:\/\/folhapopular.info\/index.php\/wp-json\/wp\/v2\/categories?post=211417"},{"taxonomy":"post_tag","embeddable":true,"href":"https:\/\/folhapopular.info\/index.php\/wp-json\/wp\/v2\/tags?post=211417"}],"curies":[{"name":"wp","href":"https:\/\/api.w.org\/{rel}","templated":true}]}}