{"id":211425,"date":"2026-04-25T14:00:00","date_gmt":"2026-04-25T17:00:00","guid":{"rendered":"https:\/\/folhapopular.info\/?p=211425"},"modified":"2026-04-25T14:16:55","modified_gmt":"2026-04-25T17:16:55","slug":"inteligencia-artificial-reforma-tributaria-mudancas-nos-processos-e-consumo-pautaram-a-4a-edicao-do-evento","status":"publish","type":"post","link":"https:\/\/folhapopular.info\/index.php\/2026\/04\/25\/inteligencia-artificial-reforma-tributaria-mudancas-nos-processos-e-consumo-pautaram-a-4a-edicao-do-evento\/","title":{"rendered":"Intelig\u00eancia artificial, reforma tribut\u00e1ria, mudan\u00e7as nos processos e consumo pautaram a 4\u00aa edi\u00e7\u00e3o do evento"},"content":{"rendered":"\n<p>A C\u00e2mara de Dirigentes Lojistas (CDL) Taquari\/Taba\u00ed promoveu o 4\u00ba Congresso de Neg\u00f3cios na quinta-feira (23\/4). A expectativa da entidade para a 4\u00aa edi\u00e7\u00e3o se confirmou com grande p\u00fablico de empreendedores e l\u00edderes, reunidos no Retatec T\u00eanis Club, em Taquari.<\/p>\n\n\n\n<p>Foram abordados temas como intelig\u00eancia artificial, reforma tribut\u00e1ria, escala de trabalho, mudan\u00e7as em processos empresariais e formas de consumo do varejo. Destaque especial para a palestra de Leandro Karnal, que abordou dire\u00e7\u00e3o emocional e caminhos para a nova era do trabalho.<\/p>\n\n\n\n<p>A presidente da CDL Taquari\/Taba\u00ed, Gabriela Pereira Soares, aponta que o objetivo do Congresso de Neg\u00f3cios \u00e9 trazer temas atuais e relevantes, tanto para os empres\u00e1rios como para seus colaboradores.<\/p>\n\n\n\n<p>\u201cIA, o momento atual da economia, escala 6&#215;1, a quest\u00e3o das guerras, atendimento, vendas. A CDL sempre realiza uma pesquisa ao fim do evento, na qual questiona o p\u00fablico presente sobre o que gostaria de ouvir e o que mais pontuou nas palestras. Procuramos discutir na diretoria e trazer essa diversidade de temas para abranger o p\u00fablico em geral\u201d, observa.<\/p>\n\n\n\n<p>\u201cMais do que um encontro, o congresso \u00e9 promovido para lembrarmos o motivo da nossa entidade, que nos juntamos para crescer e nos desenvolver a cada dia\u201d, conclui Gabriela.<\/p>\n\n\n\n<p>Conforme a diretora-executiva da C\u00e2mara de Ind\u00fastria e Com\u00e9rcio (CIC) de Teut\u00f4nia, Carina Schulte Bolfe, a entidade est\u00e1 presente desde a primeira edi\u00e7\u00e3o do congresso. \u201cEsses s\u00e3o os momentos importantes que as entidades devem proporcionar, principalmente para trazer aprendizado, conhecimento e troca entre os associados. Tamb\u00e9m \u00e9 uma forma de encontro entre n\u00f3s, entidades\u201d, cita.<\/p>\n\n\n\n<p>Para Teut\u00f4nia, a CIC busca levar os aprendizados obtidos sobre lideran\u00e7a, atendimento e cuidado com as pessoas. \u201cS\u00e3o pontos extremamente importantes em qualquer neg\u00f3cio hoje, tanto na ind\u00fastria como no com\u00e9rcio e servi\u00e7os\u201d, conclui.<\/p>\n\n\n\n<h2 class=\"wp-block-heading\"><strong>Programa\u00e7\u00e3o<\/strong><\/h2>\n\n\n\n<p>A manh\u00e3 iniciou com a palestra \u201cComo os agentes de intelig\u00eancia artificial est\u00e3o mudando os processos de neg\u00f3cios\u201d, com o especialista em TI, Alan Santos.<\/p>\n\n\n\n<p>Ele apresentou diversas formas de utiliza\u00e7\u00e3o da IA para automatizar processos, listas e tarefas. Para Santos, h\u00e1 tr\u00eas pilares no uso da intelig\u00eancia artificial: impacto em produtividade e efici\u00eancia, execu\u00e7\u00e3o de processos reais e capacidade para al\u00e9m dos <em>chatbots<\/em>.<\/p>\n\n\n\n<p>Em seguida, ocorreu painel com a jornalista Rosane de Oliveira (Grupo RBS), com o presidente da Federasul, Rodrigo Sousa Costa, Oscar Frank (CDL POA) e Andr\u00e9 Brito (prefeito de Taquari). A discuss\u00e3o foi mediada pelo diretor da CDL Taquari\/Taba\u00ed, C\u00e9sar Marques Fazenda.<\/p>\n\n\n\n<p>Na sequ\u00eancia, Fabiano Zortea abordou o tema \u201cO novo varejo raiz\u201d. Ele ensinou os ouvintes a celebrar o cliente n\u00e3o s\u00f3 quando a compra \u00e9 efetivada, mas assim que o mesmo entra na loja. \u201cEle j\u00e1 te deu o voto de confian\u00e7a ao vir at\u00e9 voc\u00ea. Fazer o b\u00e1sico bem-feito \u00e9 dif\u00edcil, por isso \u00e9 ali que precisa ser depositada a maior quantia de energia\u201d, simplifica.<\/p>\n\n\n\n<p>Ele ressalta que hoje existem seis gera\u00e7\u00f5es convivendo, das quais quatro est\u00e3o no mercado de trabalho. \u201cPerdemos muito tempo para ver quem tem raz\u00e3o, enquanto dever\u00edamos focar nas solu\u00e7\u00f5es. Antes de vendermos, precisamos estabelecer v\u00ednculos comunit\u00e1rios\u201d, aponta.<\/p>\n\n\n\n<p>O diretor comercial da Motasa, Luciano Fragapani, abordou as estrat\u00e9gias para fortalecer l\u00edderes que mant\u00eam a empresa entre as melhores para se trabalhar no Brasil. Segundo ele, o sal\u00e1rio emocional deve estar acima do sal\u00e1rio financeiro, e isso s\u00f3 se consegue ao cuidar bem das pessoas, dos colaboradores. \u201cAs empresas precisam ter um bom setor de RH. Mas, acima de tudo, devem capacitar suas lideran\u00e7as para incentivar nos liderados a confian\u00e7a e o orgulho de trabalhar na empresa\u201d, ressalta. Segundo ele, s\u00f3 assim \u00e9 poss\u00edvel pensar atitudes para supreender e conquistar clientes.<\/p>\n\n\n\n<p>Por fim, Leandro Karnal trouxe reflex\u00f5es sobre dire\u00e7\u00e3o emocional e caminhos para a nova era do trabalho. O historiador enfatizou a necessidade de fazer neg\u00f3cios levando em conta a terceira idade, faixa populacional que mais cresce no Brasil. \u201cEm geral, tem renda para viajar e comprar. Enquanto isso, ag\u00eancias de viagens e academias s\u00f3 esbanjam fotos de jovens. Meu neg\u00f3cio n\u00e3o pode ser preconceituoso, pois as pessoas gastam independente de classe social, cor ou orienta\u00e7\u00e3o sexual\u201d, aponta.<\/p>\n\n\n\n<p>Para ele, o maior problema atual \u00e9 o descompasso entre as habilidades dos funcion\u00e1rios e as necessidades da empresa. Por isso, a afina\u00e7\u00e3o da equipe precisa ser constante, e o l\u00edder \u00e9 quem faz o trabalho invis\u00edvel.<\/p>\n\n\n\n<p>Por outro lado, Karnal aponta para a solid\u00e3o do l\u00edder, pois h\u00e1 tend\u00eancia em concentrar tarefas e dificuldade de delegar. Por fim, cita que, enquanto a expectativa \u00e9 gerir, a realidade \u00e9 que o l\u00edder \u00e9 um administrador de egos. Dessa forma, insiste na import\u00e2ncia de manter o aprendizado constante. \u201c39% das habilidades entre 2025 e 2030 est\u00e3o sendo transformadas ou tornadas obsoletas\u201d, conclui.<\/p>\n","protected":false},"excerpt":{"rendered":"<p>A C\u00e2mara de Dirigentes Lojistas (CDL) Taquari\/Taba\u00ed promoveu o 4\u00ba Congresso de Neg\u00f3cios na quinta-feira (23\/4). A expectativa da entidade para a 4\u00aa edi\u00e7\u00e3o se confirmou com grande p\u00fablico de empreendedores e l\u00edderes, reunidos no Retatec T\u00eanis Club, em Taquari. Foram abordados temas como intelig\u00eancia artificial, reforma tribut\u00e1ria, escala de trabalho, mudan\u00e7as em processos empresariais [&hellip;]<\/p>\n","protected":false},"author":639,"featured_media":211428,"comment_status":"open","ping_status":"open","sticky":false,"template":"","format":"standard","meta":{"pmpro_default_level":"","_jetpack_memberships_contains_paid_content":false,"footnotes":""},"categories":[2,10991,12473],"tags":[587,21060,18516,1077,1056],"class_list":{"0":"post-211425","1":"post","2":"type-post","3":"status-publish","4":"format-standard","5":"has-post-thumbnail","7":"category-featured","8":"category-economia","9":"category-negocios","10":"tag-cdl","11":"tag-cdl-taquari-tabai","12":"tag-congresso-de-negocios","13":"tag-tabai","14":"tag-taquari","15":"pmpro-has-access"},"yoast_head":"<!-- This site is optimized with the Yoast SEO plugin v27.5 - https:\/\/yoast.com\/product\/yoast-seo-wordpress\/ -->\n<title>Intelig\u00eancia artificial, reforma tribut\u00e1ria, mudan\u00e7as nos processos e consumo pautaram a 4\u00aa edi\u00e7\u00e3o do evento - Folha Popular<\/title>\n<meta name=\"robots\" content=\"index, follow, max-snippet:-1, max-image-preview:large, max-video-preview:-1\" \/>\n<link rel=\"canonical\" href=\"https:\/\/folhapopular.info\/index.php\/2026\/04\/25\/inteligencia-artificial-reforma-tributaria-mudancas-nos-processos-e-consumo-pautaram-a-4a-edicao-do-evento\/\" \/>\n<meta property=\"og:locale\" content=\"pt_BR\" \/>\n<meta property=\"og:type\" content=\"article\" \/>\n<meta property=\"og:title\" content=\"Intelig\u00eancia artificial, reforma tribut\u00e1ria, mudan\u00e7as nos processos e consumo pautaram a 4\u00aa edi\u00e7\u00e3o do evento - Folha Popular\" \/>\n<meta property=\"og:description\" content=\"A C\u00e2mara de Dirigentes Lojistas (CDL) Taquari\/Taba\u00ed promoveu o 4\u00ba Congresso de Neg\u00f3cios na quinta-feira (23\/4). A expectativa da entidade para a 4\u00aa edi\u00e7\u00e3o se confirmou com grande p\u00fablico de empreendedores e l\u00edderes, reunidos no Retatec T\u00eanis Club, em Taquari. Foram abordados temas como intelig\u00eancia artificial, reforma tribut\u00e1ria, escala de trabalho, mudan\u00e7as em processos empresariais [&hellip;]\" \/>\n<meta property=\"og:url\" content=\"https:\/\/folhapopular.info\/index.php\/2026\/04\/25\/inteligencia-artificial-reforma-tributaria-mudancas-nos-processos-e-consumo-pautaram-a-4a-edicao-do-evento\/\" \/>\n<meta property=\"og:site_name\" content=\"Folha Popular\" \/>\n<meta property=\"article:published_time\" content=\"2026-04-25T17:00:00+00:00\" \/>\n<meta property=\"article:modified_time\" content=\"2026-04-25T17:16:55+00:00\" \/>\n<meta property=\"og:image\" content=\"https:\/\/folhapopular.info\/wp-content\/uploads\/2026\/04\/CONGRESSO-Palestra-principal-foi-do-filosofo-e-historiador-Leandro-Karnal_CLS-scaled.jpeg\" \/>\n\t<meta property=\"og:image:width\" content=\"2560\" \/>\n\t<meta property=\"og:image:height\" content=\"1920\" \/>\n\t<meta property=\"og:image:type\" content=\"image\/jpeg\" \/>\n<meta name=\"author\" content=\"Camille Lenz da Silva\" \/>\n<meta name=\"twitter:card\" content=\"summary_large_image\" \/>\n<meta name=\"twitter:label1\" content=\"Escrito por\" \/>\n\t<meta name=\"twitter:data1\" content=\"Camille Lenz da Silva\" \/>\n\t<meta name=\"twitter:label2\" content=\"Est. tempo de leitura\" \/>\n\t<meta name=\"twitter:data2\" content=\"5 minutos\" \/>\n<script type=\"application\/ld+json\" class=\"yoast-schema-graph\">{\"@context\":\"https:\\\/\\\/schema.org\",\"@graph\":[{\"@type\":\"Article\",\"@id\":\"https:\\\/\\\/folhapopular.info\\\/index.php\\\/2026\\\/04\\\/25\\\/inteligencia-artificial-reforma-tributaria-mudancas-nos-processos-e-consumo-pautaram-a-4a-edicao-do-evento\\\/#article\",\"isPartOf\":{\"@id\":\"https:\\\/\\\/folhapopular.info\\\/index.php\\\/2026\\\/04\\\/25\\\/inteligencia-artificial-reforma-tributaria-mudancas-nos-processos-e-consumo-pautaram-a-4a-edicao-do-evento\\\/\"},\"author\":{\"name\":\"Camille Lenz da Silva\",\"@id\":\"https:\\\/\\\/folhapopular.info\\\/#\\\/schema\\\/person\\\/f0b811f932ef2505faf473ffaef49df5\"},\"headline\":\"Intelig\u00eancia artificial, reforma tribut\u00e1ria, mudan\u00e7as nos processos e consumo pautaram a 4\u00aa edi\u00e7\u00e3o do evento\",\"datePublished\":\"2026-04-25T17:00:00+00:00\",\"dateModified\":\"2026-04-25T17:16:55+00:00\",\"mainEntityOfPage\":{\"@id\":\"https:\\\/\\\/folhapopular.info\\\/index.php\\\/2026\\\/04\\\/25\\\/inteligencia-artificial-reforma-tributaria-mudancas-nos-processos-e-consumo-pautaram-a-4a-edicao-do-evento\\\/\"},\"wordCount\":851,\"commentCount\":0,\"image\":{\"@id\":\"https:\\\/\\\/folhapopular.info\\\/index.php\\\/2026\\\/04\\\/25\\\/inteligencia-artificial-reforma-tributaria-mudancas-nos-processos-e-consumo-pautaram-a-4a-edicao-do-evento\\\/#primaryimage\"},\"thumbnailUrl\":\"https:\\\/\\\/folhapopular.info\\\/wp-content\\\/uploads\\\/2026\\\/04\\\/CONGRESSO-Palestra-principal-foi-do-filosofo-e-historiador-Leandro-Karnal_CLS-scaled.jpeg\",\"keywords\":[\"CDL\",\"CDL Taquari\\\/Taba\u00ed\",\"Congresso de Neg\u00f3cios\",\"Taba\u00ed\",\"Taquari\"],\"articleSection\":[\"Destaques\",\"Economia\",\"Neg\u00f3cios\"],\"inLanguage\":\"pt-BR\",\"potentialAction\":[{\"@type\":\"CommentAction\",\"name\":\"Comment\",\"target\":[\"https:\\\/\\\/folhapopular.info\\\/index.php\\\/2026\\\/04\\\/25\\\/inteligencia-artificial-reforma-tributaria-mudancas-nos-processos-e-consumo-pautaram-a-4a-edicao-do-evento\\\/#respond\"]}]},{\"@type\":\"WebPage\",\"@id\":\"https:\\\/\\\/folhapopular.info\\\/index.php\\\/2026\\\/04\\\/25\\\/inteligencia-artificial-reforma-tributaria-mudancas-nos-processos-e-consumo-pautaram-a-4a-edicao-do-evento\\\/\",\"url\":\"https:\\\/\\\/folhapopular.info\\\/index.php\\\/2026\\\/04\\\/25\\\/inteligencia-artificial-reforma-tributaria-mudancas-nos-processos-e-consumo-pautaram-a-4a-edicao-do-evento\\\/\",\"name\":\"Intelig\u00eancia artificial, reforma tribut\u00e1ria, mudan\u00e7as nos processos e consumo pautaram a 4\u00aa edi\u00e7\u00e3o do evento - Folha Popular\",\"isPartOf\":{\"@id\":\"https:\\\/\\\/folhapopular.info\\\/#website\"},\"primaryImageOfPage\":{\"@id\":\"https:\\\/\\\/folhapopular.info\\\/index.php\\\/2026\\\/04\\\/25\\\/inteligencia-artificial-reforma-tributaria-mudancas-nos-processos-e-consumo-pautaram-a-4a-edicao-do-evento\\\/#primaryimage\"},\"image\":{\"@id\":\"https:\\\/\\\/folhapopular.info\\\/index.php\\\/2026\\\/04\\\/25\\\/inteligencia-artificial-reforma-tributaria-mudancas-nos-processos-e-consumo-pautaram-a-4a-edicao-do-evento\\\/#primaryimage\"},\"thumbnailUrl\":\"https:\\\/\\\/folhapopular.info\\\/wp-content\\\/uploads\\\/2026\\\/04\\\/CONGRESSO-Palestra-principal-foi-do-filosofo-e-historiador-Leandro-Karnal_CLS-scaled.jpeg\",\"datePublished\":\"2026-04-25T17:00:00+00:00\",\"dateModified\":\"2026-04-25T17:16:55+00:00\",\"author\":{\"@id\":\"https:\\\/\\\/folhapopular.info\\\/#\\\/schema\\\/person\\\/f0b811f932ef2505faf473ffaef49df5\"},\"breadcrumb\":{\"@id\":\"https:\\\/\\\/folhapopular.info\\\/index.php\\\/2026\\\/04\\\/25\\\/inteligencia-artificial-reforma-tributaria-mudancas-nos-processos-e-consumo-pautaram-a-4a-edicao-do-evento\\\/#breadcrumb\"},\"inLanguage\":\"pt-BR\",\"potentialAction\":[{\"@type\":\"ReadAction\",\"target\":[\"https:\\\/\\\/folhapopular.info\\\/index.php\\\/2026\\\/04\\\/25\\\/inteligencia-artificial-reforma-tributaria-mudancas-nos-processos-e-consumo-pautaram-a-4a-edicao-do-evento\\\/\"]}]},{\"@type\":\"ImageObject\",\"inLanguage\":\"pt-BR\",\"@id\":\"https:\\\/\\\/folhapopular.info\\\/index.php\\\/2026\\\/04\\\/25\\\/inteligencia-artificial-reforma-tributaria-mudancas-nos-processos-e-consumo-pautaram-a-4a-edicao-do-evento\\\/#primaryimage\",\"url\":\"https:\\\/\\\/folhapopular.info\\\/wp-content\\\/uploads\\\/2026\\\/04\\\/CONGRESSO-Palestra-principal-foi-do-filosofo-e-historiador-Leandro-Karnal_CLS-scaled.jpeg\",\"contentUrl\":\"https:\\\/\\\/folhapopular.info\\\/wp-content\\\/uploads\\\/2026\\\/04\\\/CONGRESSO-Palestra-principal-foi-do-filosofo-e-historiador-Leandro-Karnal_CLS-scaled.jpeg\",\"width\":2560,\"height\":1920,\"caption\":\"Palestra principal foi do fil\u00f3sofo e historiador Leandro Karnal \\\/ Cr\u00e9dito: Camille Lenz da Silva\"},{\"@type\":\"BreadcrumbList\",\"@id\":\"https:\\\/\\\/folhapopular.info\\\/index.php\\\/2026\\\/04\\\/25\\\/inteligencia-artificial-reforma-tributaria-mudancas-nos-processos-e-consumo-pautaram-a-4a-edicao-do-evento\\\/#breadcrumb\",\"itemListElement\":[{\"@type\":\"ListItem\",\"position\":1,\"name\":\"In\u00edcio\",\"item\":\"https:\\\/\\\/folhapopular.info\\\/\"},{\"@type\":\"ListItem\",\"position\":2,\"name\":\"Intelig\u00eancia artificial, reforma tribut\u00e1ria, mudan\u00e7as nos processos e consumo pautaram a 4\u00aa edi\u00e7\u00e3o do evento\"}]},{\"@type\":\"WebSite\",\"@id\":\"https:\\\/\\\/folhapopular.info\\\/#website\",\"url\":\"https:\\\/\\\/folhapopular.info\\\/\",\"name\":\"Folha Popular\",\"description\":\"Onde voc\u00ea tem vez e voz\",\"potentialAction\":[{\"@type\":\"SearchAction\",\"target\":{\"@type\":\"EntryPoint\",\"urlTemplate\":\"https:\\\/\\\/folhapopular.info\\\/?s={search_term_string}\"},\"query-input\":{\"@type\":\"PropertyValueSpecification\",\"valueRequired\":true,\"valueName\":\"search_term_string\"}}],\"inLanguage\":\"pt-BR\"},{\"@type\":\"Person\",\"@id\":\"https:\\\/\\\/folhapopular.info\\\/#\\\/schema\\\/person\\\/f0b811f932ef2505faf473ffaef49df5\",\"name\":\"Camille Lenz da Silva\",\"image\":{\"@type\":\"ImageObject\",\"inLanguage\":\"pt-BR\",\"@id\":\"https:\\\/\\\/secure.gravatar.com\\\/avatar\\\/50be826d73ca259ec0e0a88a407f5de800c576c46cfdc57e50ef28551e216fff?s=96&d=mm&r=g\",\"url\":\"https:\\\/\\\/secure.gravatar.com\\\/avatar\\\/50be826d73ca259ec0e0a88a407f5de800c576c46cfdc57e50ef28551e216fff?s=96&d=mm&r=g\",\"contentUrl\":\"https:\\\/\\\/secure.gravatar.com\\\/avatar\\\/50be826d73ca259ec0e0a88a407f5de800c576c46cfdc57e50ef28551e216fff?s=96&d=mm&r=g\",\"caption\":\"Camille Lenz da Silva\"},\"url\":\"https:\\\/\\\/folhapopular.info\\\/index.php\\\/author\\\/camillelenzgmail-com\\\/\"}]}<\/script>\n<!-- \/ Yoast SEO plugin. -->","yoast_head_json":{"title":"Intelig\u00eancia artificial, reforma tribut\u00e1ria, mudan\u00e7as nos processos e consumo pautaram a 4\u00aa edi\u00e7\u00e3o do evento - Folha Popular","robots":{"index":"index","follow":"follow","max-snippet":"max-snippet:-1","max-image-preview":"max-image-preview:large","max-video-preview":"max-video-preview:-1"},"canonical":"https:\/\/folhapopular.info\/index.php\/2026\/04\/25\/inteligencia-artificial-reforma-tributaria-mudancas-nos-processos-e-consumo-pautaram-a-4a-edicao-do-evento\/","og_locale":"pt_BR","og_type":"article","og_title":"Intelig\u00eancia artificial, reforma tribut\u00e1ria, mudan\u00e7as nos processos e consumo pautaram a 4\u00aa edi\u00e7\u00e3o do evento - Folha Popular","og_description":"A C\u00e2mara de Dirigentes Lojistas (CDL) Taquari\/Taba\u00ed promoveu o 4\u00ba Congresso de Neg\u00f3cios na quinta-feira (23\/4). A expectativa da entidade para a 4\u00aa edi\u00e7\u00e3o se confirmou com grande p\u00fablico de empreendedores e l\u00edderes, reunidos no Retatec T\u00eanis Club, em Taquari. Foram abordados temas como intelig\u00eancia artificial, reforma tribut\u00e1ria, escala de trabalho, mudan\u00e7as em processos empresariais [&hellip;]","og_url":"https:\/\/folhapopular.info\/index.php\/2026\/04\/25\/inteligencia-artificial-reforma-tributaria-mudancas-nos-processos-e-consumo-pautaram-a-4a-edicao-do-evento\/","og_site_name":"Folha Popular","article_published_time":"2026-04-25T17:00:00+00:00","article_modified_time":"2026-04-25T17:16:55+00:00","og_image":[{"width":2560,"height":1920,"url":"https:\/\/folhapopular.info\/wp-content\/uploads\/2026\/04\/CONGRESSO-Palestra-principal-foi-do-filosofo-e-historiador-Leandro-Karnal_CLS-scaled.jpeg","type":"image\/jpeg"}],"author":"Camille Lenz da Silva","twitter_card":"summary_large_image","twitter_misc":{"Escrito por":"Camille Lenz da Silva","Est. tempo de leitura":"5 minutos"},"schema":{"@context":"https:\/\/schema.org","@graph":[{"@type":"Article","@id":"https:\/\/folhapopular.info\/index.php\/2026\/04\/25\/inteligencia-artificial-reforma-tributaria-mudancas-nos-processos-e-consumo-pautaram-a-4a-edicao-do-evento\/#article","isPartOf":{"@id":"https:\/\/folhapopular.info\/index.php\/2026\/04\/25\/inteligencia-artificial-reforma-tributaria-mudancas-nos-processos-e-consumo-pautaram-a-4a-edicao-do-evento\/"},"author":{"name":"Camille Lenz da Silva","@id":"https:\/\/folhapopular.info\/#\/schema\/person\/f0b811f932ef2505faf473ffaef49df5"},"headline":"Intelig\u00eancia artificial, reforma tribut\u00e1ria, mudan\u00e7as nos processos e consumo pautaram a 4\u00aa edi\u00e7\u00e3o do evento","datePublished":"2026-04-25T17:00:00+00:00","dateModified":"2026-04-25T17:16:55+00:00","mainEntityOfPage":{"@id":"https:\/\/folhapopular.info\/index.php\/2026\/04\/25\/inteligencia-artificial-reforma-tributaria-mudancas-nos-processos-e-consumo-pautaram-a-4a-edicao-do-evento\/"},"wordCount":851,"commentCount":0,"image":{"@id":"https:\/\/folhapopular.info\/index.php\/2026\/04\/25\/inteligencia-artificial-reforma-tributaria-mudancas-nos-processos-e-consumo-pautaram-a-4a-edicao-do-evento\/#primaryimage"},"thumbnailUrl":"https:\/\/folhapopular.info\/wp-content\/uploads\/2026\/04\/CONGRESSO-Palestra-principal-foi-do-filosofo-e-historiador-Leandro-Karnal_CLS-scaled.jpeg","keywords":["CDL","CDL Taquari\/Taba\u00ed","Congresso de Neg\u00f3cios","Taba\u00ed","Taquari"],"articleSection":["Destaques","Economia","Neg\u00f3cios"],"inLanguage":"pt-BR","potentialAction":[{"@type":"CommentAction","name":"Comment","target":["https:\/\/folhapopular.info\/index.php\/2026\/04\/25\/inteligencia-artificial-reforma-tributaria-mudancas-nos-processos-e-consumo-pautaram-a-4a-edicao-do-evento\/#respond"]}]},{"@type":"WebPage","@id":"https:\/\/folhapopular.info\/index.php\/2026\/04\/25\/inteligencia-artificial-reforma-tributaria-mudancas-nos-processos-e-consumo-pautaram-a-4a-edicao-do-evento\/","url":"https:\/\/folhapopular.info\/index.php\/2026\/04\/25\/inteligencia-artificial-reforma-tributaria-mudancas-nos-processos-e-consumo-pautaram-a-4a-edicao-do-evento\/","name":"Intelig\u00eancia artificial, reforma tribut\u00e1ria, mudan\u00e7as nos processos e consumo pautaram a 4\u00aa edi\u00e7\u00e3o do evento - Folha Popular","isPartOf":{"@id":"https:\/\/folhapopular.info\/#website"},"primaryImageOfPage":{"@id":"https:\/\/folhapopular.info\/index.php\/2026\/04\/25\/inteligencia-artificial-reforma-tributaria-mudancas-nos-processos-e-consumo-pautaram-a-4a-edicao-do-evento\/#primaryimage"},"image":{"@id":"https:\/\/folhapopular.info\/index.php\/2026\/04\/25\/inteligencia-artificial-reforma-tributaria-mudancas-nos-processos-e-consumo-pautaram-a-4a-edicao-do-evento\/#primaryimage"},"thumbnailUrl":"https:\/\/folhapopular.info\/wp-content\/uploads\/2026\/04\/CONGRESSO-Palestra-principal-foi-do-filosofo-e-historiador-Leandro-Karnal_CLS-scaled.jpeg","datePublished":"2026-04-25T17:00:00+00:00","dateModified":"2026-04-25T17:16:55+00:00","author":{"@id":"https:\/\/folhapopular.info\/#\/schema\/person\/f0b811f932ef2505faf473ffaef49df5"},"breadcrumb":{"@id":"https:\/\/folhapopular.info\/index.php\/2026\/04\/25\/inteligencia-artificial-reforma-tributaria-mudancas-nos-processos-e-consumo-pautaram-a-4a-edicao-do-evento\/#breadcrumb"},"inLanguage":"pt-BR","potentialAction":[{"@type":"ReadAction","target":["https:\/\/folhapopular.info\/index.php\/2026\/04\/25\/inteligencia-artificial-reforma-tributaria-mudancas-nos-processos-e-consumo-pautaram-a-4a-edicao-do-evento\/"]}]},{"@type":"ImageObject","inLanguage":"pt-BR","@id":"https:\/\/folhapopular.info\/index.php\/2026\/04\/25\/inteligencia-artificial-reforma-tributaria-mudancas-nos-processos-e-consumo-pautaram-a-4a-edicao-do-evento\/#primaryimage","url":"https:\/\/folhapopular.info\/wp-content\/uploads\/2026\/04\/CONGRESSO-Palestra-principal-foi-do-filosofo-e-historiador-Leandro-Karnal_CLS-scaled.jpeg","contentUrl":"https:\/\/folhapopular.info\/wp-content\/uploads\/2026\/04\/CONGRESSO-Palestra-principal-foi-do-filosofo-e-historiador-Leandro-Karnal_CLS-scaled.jpeg","width":2560,"height":1920,"caption":"Palestra principal foi do fil\u00f3sofo e historiador Leandro Karnal \/ Cr\u00e9dito: Camille Lenz da Silva"},{"@type":"BreadcrumbList","@id":"https:\/\/folhapopular.info\/index.php\/2026\/04\/25\/inteligencia-artificial-reforma-tributaria-mudancas-nos-processos-e-consumo-pautaram-a-4a-edicao-do-evento\/#breadcrumb","itemListElement":[{"@type":"ListItem","position":1,"name":"In\u00edcio","item":"https:\/\/folhapopular.info\/"},{"@type":"ListItem","position":2,"name":"Intelig\u00eancia artificial, reforma tribut\u00e1ria, mudan\u00e7as nos processos e consumo pautaram a 4\u00aa edi\u00e7\u00e3o do evento"}]},{"@type":"WebSite","@id":"https:\/\/folhapopular.info\/#website","url":"https:\/\/folhapopular.info\/","name":"Folha Popular","description":"Onde voc\u00ea tem vez e voz","potentialAction":[{"@type":"SearchAction","target":{"@type":"EntryPoint","urlTemplate":"https:\/\/folhapopular.info\/?s={search_term_string}"},"query-input":{"@type":"PropertyValueSpecification","valueRequired":true,"valueName":"search_term_string"}}],"inLanguage":"pt-BR"},{"@type":"Person","@id":"https:\/\/folhapopular.info\/#\/schema\/person\/f0b811f932ef2505faf473ffaef49df5","name":"Camille Lenz da Silva","image":{"@type":"ImageObject","inLanguage":"pt-BR","@id":"https:\/\/secure.gravatar.com\/avatar\/50be826d73ca259ec0e0a88a407f5de800c576c46cfdc57e50ef28551e216fff?s=96&d=mm&r=g","url":"https:\/\/secure.gravatar.com\/avatar\/50be826d73ca259ec0e0a88a407f5de800c576c46cfdc57e50ef28551e216fff?s=96&d=mm&r=g","contentUrl":"https:\/\/secure.gravatar.com\/avatar\/50be826d73ca259ec0e0a88a407f5de800c576c46cfdc57e50ef28551e216fff?s=96&d=mm&r=g","caption":"Camille Lenz da Silva"},"url":"https:\/\/folhapopular.info\/index.php\/author\/camillelenzgmail-com\/"}]}},"jetpack_featured_media_url":"https:\/\/folhapopular.info\/wp-content\/uploads\/2026\/04\/CONGRESSO-Palestra-principal-foi-do-filosofo-e-historiador-Leandro-Karnal_CLS-scaled.jpeg","jetpack_sharing_enabled":true,"amp_enabled":true,"_links":{"self":[{"href":"https:\/\/folhapopular.info\/index.php\/wp-json\/wp\/v2\/posts\/211425","targetHints":{"allow":["GET"]}}],"collection":[{"href":"https:\/\/folhapopular.info\/index.php\/wp-json\/wp\/v2\/posts"}],"about":[{"href":"https:\/\/folhapopular.info\/index.php\/wp-json\/wp\/v2\/types\/post"}],"author":[{"embeddable":true,"href":"https:\/\/folhapopular.info\/index.php\/wp-json\/wp\/v2\/users\/639"}],"replies":[{"embeddable":true,"href":"https:\/\/folhapopular.info\/index.php\/wp-json\/wp\/v2\/comments?post=211425"}],"version-history":[{"count":0,"href":"https:\/\/folhapopular.info\/index.php\/wp-json\/wp\/v2\/posts\/211425\/revisions"}],"wp:featuredmedia":[{"embeddable":true,"href":"https:\/\/folhapopular.info\/index.php\/wp-json\/wp\/v2\/media\/211428"}],"wp:attachment":[{"href":"https:\/\/folhapopular.info\/index.php\/wp-json\/wp\/v2\/media?parent=211425"}],"wp:term":[{"taxonomy":"category","embeddable":true,"href":"https:\/\/folhapopular.info\/index.php\/wp-json\/wp\/v2\/categories?post=211425"},{"taxonomy":"post_tag","embeddable":true,"href":"https:\/\/folhapopular.info\/index.php\/wp-json\/wp\/v2\/tags?post=211425"}],"curies":[{"name":"wp","href":"https:\/\/api.w.org\/{rel}","templated":true}]}}