{"id":211489,"date":"2026-04-25T11:57:48","date_gmt":"2026-04-25T14:57:48","guid":{"rendered":"https:\/\/folhapopular.info\/?p=211489"},"modified":"2026-04-25T11:57:56","modified_gmt":"2026-04-25T14:57:56","slug":"dois-homens-sao-presos-por-descumprimento-de-medidas-protetivas-em-santa-clara-do-sul-e-teutonia","status":"publish","type":"post","link":"https:\/\/folhapopular.info\/index.php\/2026\/04\/25\/dois-homens-sao-presos-por-descumprimento-de-medidas-protetivas-em-santa-clara-do-sul-e-teutonia\/","title":{"rendered":"Dois homens s\u00e3o presos por descumprimento de medidas protetivas em Santa Clara do Sul e Teut\u00f4nia"},"content":{"rendered":"\n<p>Duas ocorr\u00eancias de descumprimento de medidas protetivas resultaram em pris\u00f5es na noite desta sexta-feira (24\/4), em Santa Clara do Sul e Teut\u00f4nia.<\/p>\n\n\n\n<p>No primeiro caso, um homem de 49 anos foi encontrado em uma resid\u00eancia na localidade de Picada Santa Clara, em Santa Clara do Sul, mesmo havendo uma determina\u00e7\u00e3o judicial que exigia seu afastamento do local. A a\u00e7\u00e3o ocorreu durante dilig\u00eancia acompanhada por uma oficial de Justi\u00e7a.<\/p>\n\n\n\n<p>Diante do descumprimento, ele foi conduzido para atendimento m\u00e9dico e, posteriormente, encaminhado \u00e0 Delegacia de Pol\u00edcia Civil. Durante a ocorr\u00eancia, uma conselheira tutelar acompanhou a situa\u00e7\u00e3o e realizou o encaminhamento de uma menor de idade aos cuidados do pai.<\/p>\n\n\n\n<p>J\u00e1 em Teut\u00f4nia, no bairro Languiru, um homem de 40 anos foi preso ap\u00f3s descumprir medida protetiva e amea\u00e7ar a ex-companheira. Segundo a v\u00edtima, ao retornar para casa, encontrou o suspeito em frente \u00e0 resid\u00eancia, em vis\u00edvel estado de embriaguez, onde teria proferido amea\u00e7as de morte.<\/p>\n\n\n\n<p>Os policiais realizaram a pris\u00e3o no local. As partes foram encaminhadas ao Hospital Ouro Branco e, posteriormente, \u00e0 Delegacia de Pol\u00edcia de Pronto Atendimento (DPPA), onde foi lavrado o flagrante.<\/p>\n\n\n\n<p>Os dois casos seguem sob investiga\u00e7\u00e3o.<\/p>\n\n\n\n<p><\/p>\n","protected":false},"excerpt":{"rendered":"<p>Duas ocorr\u00eancias de descumprimento de medidas protetivas resultaram em pris\u00f5es na noite desta sexta-feira (24\/4), em Santa Clara do Sul e Teut\u00f4nia. No primeiro caso, um homem de 49 anos foi encontrado em uma resid\u00eancia na localidade de Picada Santa Clara, em Santa Clara do Sul, mesmo havendo uma determina\u00e7\u00e3o judicial que exigia seu afastamento [&hellip;]<\/p>\n","protected":false},"author":8,"featured_media":135674,"comment_status":"open","ping_status":"open","sticky":false,"template":"","format":"standard","meta":{"pmpro_default_level":"","_jetpack_memberships_contains_paid_content":false,"footnotes":""},"categories":[10982,7],"tags":[7016,107,3040,26],"class_list":{"0":"post-211489","1":"post","2":"type-post","3":"status-publish","4":"format-standard","5":"has-post-thumbnail","7":"category-policia","8":"category-seguranca","9":"tag-medidas-protetivas","10":"tag-prisao","11":"tag-santa-clara-do-sul","12":"tag-teutonia","13":"pmpro-has-access"},"yoast_head":"<!-- This site is optimized with the Yoast SEO plugin v27.5 - https:\/\/yoast.com\/product\/yoast-seo-wordpress\/ -->\n<title>Dois homens s\u00e3o presos por descumprimento de medidas protetivas em Santa Clara do Sul e Teut\u00f4nia - Folha Popular<\/title>\n<meta name=\"robots\" content=\"index, follow, max-snippet:-1, max-image-preview:large, max-video-preview:-1\" \/>\n<link rel=\"canonical\" href=\"https:\/\/folhapopular.info\/index.php\/2026\/04\/25\/dois-homens-sao-presos-por-descumprimento-de-medidas-protetivas-em-santa-clara-do-sul-e-teutonia\/\" \/>\n<meta property=\"og:locale\" content=\"pt_BR\" \/>\n<meta property=\"og:type\" content=\"article\" \/>\n<meta property=\"og:title\" content=\"Dois homens s\u00e3o presos por descumprimento de medidas protetivas em Santa Clara do Sul e Teut\u00f4nia - Folha Popular\" \/>\n<meta property=\"og:description\" content=\"Duas ocorr\u00eancias de descumprimento de medidas protetivas resultaram em pris\u00f5es na noite desta sexta-feira (24\/4), em Santa Clara do Sul e Teut\u00f4nia. No primeiro caso, um homem de 49 anos foi encontrado em uma resid\u00eancia na localidade de Picada Santa Clara, em Santa Clara do Sul, mesmo havendo uma determina\u00e7\u00e3o judicial que exigia seu afastamento [&hellip;]\" \/>\n<meta property=\"og:url\" content=\"https:\/\/folhapopular.info\/index.php\/2026\/04\/25\/dois-homens-sao-presos-por-descumprimento-de-medidas-protetivas-em-santa-clara-do-sul-e-teutonia\/\" \/>\n<meta property=\"og:site_name\" content=\"Folha Popular\" \/>\n<meta property=\"article:published_time\" content=\"2026-04-25T14:57:48+00:00\" \/>\n<meta property=\"article:modified_time\" content=\"2026-04-25T14:57:56+00:00\" \/>\n<meta property=\"og:image\" content=\"https:\/\/folhapopular.info\/wp-content\/uploads\/2023\/07\/sirene-policia.jpg\" \/>\n\t<meta property=\"og:image:width\" content=\"600\" \/>\n\t<meta property=\"og:image:height\" content=\"400\" \/>\n\t<meta property=\"og:image:type\" content=\"image\/jpeg\" \/>\n<meta name=\"author\" content=\"Reda\u00e7\u00e3o Folha Popular\" \/>\n<meta name=\"twitter:card\" content=\"summary_large_image\" \/>\n<meta name=\"twitter:label1\" content=\"Escrito por\" \/>\n\t<meta name=\"twitter:data1\" content=\"Reda\u00e7\u00e3o Folha Popular\" \/>\n\t<meta name=\"twitter:label2\" content=\"Est. tempo de leitura\" \/>\n\t<meta name=\"twitter:data2\" content=\"2 minutos\" \/>\n<script type=\"application\/ld+json\" class=\"yoast-schema-graph\">{\"@context\":\"https:\\\/\\\/schema.org\",\"@graph\":[{\"@type\":\"Article\",\"@id\":\"https:\\\/\\\/folhapopular.info\\\/index.php\\\/2026\\\/04\\\/25\\\/dois-homens-sao-presos-por-descumprimento-de-medidas-protetivas-em-santa-clara-do-sul-e-teutonia\\\/#article\",\"isPartOf\":{\"@id\":\"https:\\\/\\\/folhapopular.info\\\/index.php\\\/2026\\\/04\\\/25\\\/dois-homens-sao-presos-por-descumprimento-de-medidas-protetivas-em-santa-clara-do-sul-e-teutonia\\\/\"},\"author\":{\"name\":\"Reda\u00e7\u00e3o Folha Popular\",\"@id\":\"https:\\\/\\\/folhapopular.info\\\/#\\\/schema\\\/person\\\/2814e8a0df7643585a9ca38bc6eb9d4b\"},\"headline\":\"Dois homens s\u00e3o presos por descumprimento de medidas protetivas em Santa Clara do Sul e Teut\u00f4nia\",\"datePublished\":\"2026-04-25T14:57:48+00:00\",\"dateModified\":\"2026-04-25T14:57:56+00:00\",\"mainEntityOfPage\":{\"@id\":\"https:\\\/\\\/folhapopular.info\\\/index.php\\\/2026\\\/04\\\/25\\\/dois-homens-sao-presos-por-descumprimento-de-medidas-protetivas-em-santa-clara-do-sul-e-teutonia\\\/\"},\"wordCount\":223,\"commentCount\":0,\"image\":{\"@id\":\"https:\\\/\\\/folhapopular.info\\\/index.php\\\/2026\\\/04\\\/25\\\/dois-homens-sao-presos-por-descumprimento-de-medidas-protetivas-em-santa-clara-do-sul-e-teutonia\\\/#primaryimage\"},\"thumbnailUrl\":\"https:\\\/\\\/folhapopular.info\\\/wp-content\\\/uploads\\\/2023\\\/07\\\/sirene-policia.jpg\",\"keywords\":[\"medidas protetivas\",\"Pris\u00e3o\",\"Santa Clara do Sul\",\"Teut\u00f4nia\"],\"articleSection\":[\"Pol\u00edcia\",\"Seguran\u00e7a\"],\"inLanguage\":\"pt-BR\",\"potentialAction\":[{\"@type\":\"CommentAction\",\"name\":\"Comment\",\"target\":[\"https:\\\/\\\/folhapopular.info\\\/index.php\\\/2026\\\/04\\\/25\\\/dois-homens-sao-presos-por-descumprimento-de-medidas-protetivas-em-santa-clara-do-sul-e-teutonia\\\/#respond\"]}]},{\"@type\":\"WebPage\",\"@id\":\"https:\\\/\\\/folhapopular.info\\\/index.php\\\/2026\\\/04\\\/25\\\/dois-homens-sao-presos-por-descumprimento-de-medidas-protetivas-em-santa-clara-do-sul-e-teutonia\\\/\",\"url\":\"https:\\\/\\\/folhapopular.info\\\/index.php\\\/2026\\\/04\\\/25\\\/dois-homens-sao-presos-por-descumprimento-de-medidas-protetivas-em-santa-clara-do-sul-e-teutonia\\\/\",\"name\":\"Dois homens s\u00e3o presos por descumprimento de medidas protetivas em Santa Clara do Sul e Teut\u00f4nia - Folha Popular\",\"isPartOf\":{\"@id\":\"https:\\\/\\\/folhapopular.info\\\/#website\"},\"primaryImageOfPage\":{\"@id\":\"https:\\\/\\\/folhapopular.info\\\/index.php\\\/2026\\\/04\\\/25\\\/dois-homens-sao-presos-por-descumprimento-de-medidas-protetivas-em-santa-clara-do-sul-e-teutonia\\\/#primaryimage\"},\"image\":{\"@id\":\"https:\\\/\\\/folhapopular.info\\\/index.php\\\/2026\\\/04\\\/25\\\/dois-homens-sao-presos-por-descumprimento-de-medidas-protetivas-em-santa-clara-do-sul-e-teutonia\\\/#primaryimage\"},\"thumbnailUrl\":\"https:\\\/\\\/folhapopular.info\\\/wp-content\\\/uploads\\\/2023\\\/07\\\/sirene-policia.jpg\",\"datePublished\":\"2026-04-25T14:57:48+00:00\",\"dateModified\":\"2026-04-25T14:57:56+00:00\",\"author\":{\"@id\":\"https:\\\/\\\/folhapopular.info\\\/#\\\/schema\\\/person\\\/2814e8a0df7643585a9ca38bc6eb9d4b\"},\"breadcrumb\":{\"@id\":\"https:\\\/\\\/folhapopular.info\\\/index.php\\\/2026\\\/04\\\/25\\\/dois-homens-sao-presos-por-descumprimento-de-medidas-protetivas-em-santa-clara-do-sul-e-teutonia\\\/#breadcrumb\"},\"inLanguage\":\"pt-BR\",\"potentialAction\":[{\"@type\":\"ReadAction\",\"target\":[\"https:\\\/\\\/folhapopular.info\\\/index.php\\\/2026\\\/04\\\/25\\\/dois-homens-sao-presos-por-descumprimento-de-medidas-protetivas-em-santa-clara-do-sul-e-teutonia\\\/\"]}]},{\"@type\":\"ImageObject\",\"inLanguage\":\"pt-BR\",\"@id\":\"https:\\\/\\\/folhapopular.info\\\/index.php\\\/2026\\\/04\\\/25\\\/dois-homens-sao-presos-por-descumprimento-de-medidas-protetivas-em-santa-clara-do-sul-e-teutonia\\\/#primaryimage\",\"url\":\"https:\\\/\\\/folhapopular.info\\\/wp-content\\\/uploads\\\/2023\\\/07\\\/sirene-policia.jpg\",\"contentUrl\":\"https:\\\/\\\/folhapopular.info\\\/wp-content\\\/uploads\\\/2023\\\/07\\\/sirene-policia.jpg\",\"width\":600,\"height\":400,\"caption\":\"Imagem ilustrativa | Divulga\u00e7\u00e3o\"},{\"@type\":\"BreadcrumbList\",\"@id\":\"https:\\\/\\\/folhapopular.info\\\/index.php\\\/2026\\\/04\\\/25\\\/dois-homens-sao-presos-por-descumprimento-de-medidas-protetivas-em-santa-clara-do-sul-e-teutonia\\\/#breadcrumb\",\"itemListElement\":[{\"@type\":\"ListItem\",\"position\":1,\"name\":\"In\u00edcio\",\"item\":\"https:\\\/\\\/folhapopular.info\\\/\"},{\"@type\":\"ListItem\",\"position\":2,\"name\":\"Dois homens s\u00e3o presos por descumprimento de medidas protetivas em Santa Clara do Sul e Teut\u00f4nia\"}]},{\"@type\":\"WebSite\",\"@id\":\"https:\\\/\\\/folhapopular.info\\\/#website\",\"url\":\"https:\\\/\\\/folhapopular.info\\\/\",\"name\":\"Folha Popular\",\"description\":\"Onde voc\u00ea tem vez e voz\",\"potentialAction\":[{\"@type\":\"SearchAction\",\"target\":{\"@type\":\"EntryPoint\",\"urlTemplate\":\"https:\\\/\\\/folhapopular.info\\\/?s={search_term_string}\"},\"query-input\":{\"@type\":\"PropertyValueSpecification\",\"valueRequired\":true,\"valueName\":\"search_term_string\"}}],\"inLanguage\":\"pt-BR\"},{\"@type\":\"Person\",\"@id\":\"https:\\\/\\\/folhapopular.info\\\/#\\\/schema\\\/person\\\/2814e8a0df7643585a9ca38bc6eb9d4b\",\"name\":\"Reda\u00e7\u00e3o Folha Popular\",\"image\":{\"@type\":\"ImageObject\",\"inLanguage\":\"pt-BR\",\"@id\":\"https:\\\/\\\/folhapopular.info\\\/wp-content\\\/uploads\\\/2026\\\/04\\\/Folha-1.webp\",\"url\":\"https:\\\/\\\/folhapopular.info\\\/wp-content\\\/uploads\\\/2026\\\/04\\\/Folha-1.webp\",\"contentUrl\":\"https:\\\/\\\/folhapopular.info\\\/wp-content\\\/uploads\\\/2026\\\/04\\\/Folha-1.webp\",\"caption\":\"Reda\u00e7\u00e3o Folha Popular\"},\"url\":\"https:\\\/\\\/folhapopular.info\\\/index.php\\\/author\\\/redacao\\\/\"}]}<\/script>\n<!-- \/ Yoast SEO plugin. -->","yoast_head_json":{"title":"Dois homens s\u00e3o presos por descumprimento de medidas protetivas em Santa Clara do Sul e Teut\u00f4nia - Folha Popular","robots":{"index":"index","follow":"follow","max-snippet":"max-snippet:-1","max-image-preview":"max-image-preview:large","max-video-preview":"max-video-preview:-1"},"canonical":"https:\/\/folhapopular.info\/index.php\/2026\/04\/25\/dois-homens-sao-presos-por-descumprimento-de-medidas-protetivas-em-santa-clara-do-sul-e-teutonia\/","og_locale":"pt_BR","og_type":"article","og_title":"Dois homens s\u00e3o presos por descumprimento de medidas protetivas em Santa Clara do Sul e Teut\u00f4nia - Folha Popular","og_description":"Duas ocorr\u00eancias de descumprimento de medidas protetivas resultaram em pris\u00f5es na noite desta sexta-feira (24\/4), em Santa Clara do Sul e Teut\u00f4nia. No primeiro caso, um homem de 49 anos foi encontrado em uma resid\u00eancia na localidade de Picada Santa Clara, em Santa Clara do Sul, mesmo havendo uma determina\u00e7\u00e3o judicial que exigia seu afastamento [&hellip;]","og_url":"https:\/\/folhapopular.info\/index.php\/2026\/04\/25\/dois-homens-sao-presos-por-descumprimento-de-medidas-protetivas-em-santa-clara-do-sul-e-teutonia\/","og_site_name":"Folha Popular","article_published_time":"2026-04-25T14:57:48+00:00","article_modified_time":"2026-04-25T14:57:56+00:00","og_image":[{"width":600,"height":400,"url":"https:\/\/folhapopular.info\/wp-content\/uploads\/2023\/07\/sirene-policia.jpg","type":"image\/jpeg"}],"author":"Reda\u00e7\u00e3o Folha Popular","twitter_card":"summary_large_image","twitter_misc":{"Escrito por":"Reda\u00e7\u00e3o Folha Popular","Est. tempo de leitura":"2 minutos"},"schema":{"@context":"https:\/\/schema.org","@graph":[{"@type":"Article","@id":"https:\/\/folhapopular.info\/index.php\/2026\/04\/25\/dois-homens-sao-presos-por-descumprimento-de-medidas-protetivas-em-santa-clara-do-sul-e-teutonia\/#article","isPartOf":{"@id":"https:\/\/folhapopular.info\/index.php\/2026\/04\/25\/dois-homens-sao-presos-por-descumprimento-de-medidas-protetivas-em-santa-clara-do-sul-e-teutonia\/"},"author":{"name":"Reda\u00e7\u00e3o Folha Popular","@id":"https:\/\/folhapopular.info\/#\/schema\/person\/2814e8a0df7643585a9ca38bc6eb9d4b"},"headline":"Dois homens s\u00e3o presos por descumprimento de medidas protetivas em Santa Clara do Sul e Teut\u00f4nia","datePublished":"2026-04-25T14:57:48+00:00","dateModified":"2026-04-25T14:57:56+00:00","mainEntityOfPage":{"@id":"https:\/\/folhapopular.info\/index.php\/2026\/04\/25\/dois-homens-sao-presos-por-descumprimento-de-medidas-protetivas-em-santa-clara-do-sul-e-teutonia\/"},"wordCount":223,"commentCount":0,"image":{"@id":"https:\/\/folhapopular.info\/index.php\/2026\/04\/25\/dois-homens-sao-presos-por-descumprimento-de-medidas-protetivas-em-santa-clara-do-sul-e-teutonia\/#primaryimage"},"thumbnailUrl":"https:\/\/folhapopular.info\/wp-content\/uploads\/2023\/07\/sirene-policia.jpg","keywords":["medidas protetivas","Pris\u00e3o","Santa Clara do Sul","Teut\u00f4nia"],"articleSection":["Pol\u00edcia","Seguran\u00e7a"],"inLanguage":"pt-BR","potentialAction":[{"@type":"CommentAction","name":"Comment","target":["https:\/\/folhapopular.info\/index.php\/2026\/04\/25\/dois-homens-sao-presos-por-descumprimento-de-medidas-protetivas-em-santa-clara-do-sul-e-teutonia\/#respond"]}]},{"@type":"WebPage","@id":"https:\/\/folhapopular.info\/index.php\/2026\/04\/25\/dois-homens-sao-presos-por-descumprimento-de-medidas-protetivas-em-santa-clara-do-sul-e-teutonia\/","url":"https:\/\/folhapopular.info\/index.php\/2026\/04\/25\/dois-homens-sao-presos-por-descumprimento-de-medidas-protetivas-em-santa-clara-do-sul-e-teutonia\/","name":"Dois homens s\u00e3o presos por descumprimento de medidas protetivas em Santa Clara do Sul e Teut\u00f4nia - Folha Popular","isPartOf":{"@id":"https:\/\/folhapopular.info\/#website"},"primaryImageOfPage":{"@id":"https:\/\/folhapopular.info\/index.php\/2026\/04\/25\/dois-homens-sao-presos-por-descumprimento-de-medidas-protetivas-em-santa-clara-do-sul-e-teutonia\/#primaryimage"},"image":{"@id":"https:\/\/folhapopular.info\/index.php\/2026\/04\/25\/dois-homens-sao-presos-por-descumprimento-de-medidas-protetivas-em-santa-clara-do-sul-e-teutonia\/#primaryimage"},"thumbnailUrl":"https:\/\/folhapopular.info\/wp-content\/uploads\/2023\/07\/sirene-policia.jpg","datePublished":"2026-04-25T14:57:48+00:00","dateModified":"2026-04-25T14:57:56+00:00","author":{"@id":"https:\/\/folhapopular.info\/#\/schema\/person\/2814e8a0df7643585a9ca38bc6eb9d4b"},"breadcrumb":{"@id":"https:\/\/folhapopular.info\/index.php\/2026\/04\/25\/dois-homens-sao-presos-por-descumprimento-de-medidas-protetivas-em-santa-clara-do-sul-e-teutonia\/#breadcrumb"},"inLanguage":"pt-BR","potentialAction":[{"@type":"ReadAction","target":["https:\/\/folhapopular.info\/index.php\/2026\/04\/25\/dois-homens-sao-presos-por-descumprimento-de-medidas-protetivas-em-santa-clara-do-sul-e-teutonia\/"]}]},{"@type":"ImageObject","inLanguage":"pt-BR","@id":"https:\/\/folhapopular.info\/index.php\/2026\/04\/25\/dois-homens-sao-presos-por-descumprimento-de-medidas-protetivas-em-santa-clara-do-sul-e-teutonia\/#primaryimage","url":"https:\/\/folhapopular.info\/wp-content\/uploads\/2023\/07\/sirene-policia.jpg","contentUrl":"https:\/\/folhapopular.info\/wp-content\/uploads\/2023\/07\/sirene-policia.jpg","width":600,"height":400,"caption":"Imagem ilustrativa | Divulga\u00e7\u00e3o"},{"@type":"BreadcrumbList","@id":"https:\/\/folhapopular.info\/index.php\/2026\/04\/25\/dois-homens-sao-presos-por-descumprimento-de-medidas-protetivas-em-santa-clara-do-sul-e-teutonia\/#breadcrumb","itemListElement":[{"@type":"ListItem","position":1,"name":"In\u00edcio","item":"https:\/\/folhapopular.info\/"},{"@type":"ListItem","position":2,"name":"Dois homens s\u00e3o presos por descumprimento de medidas protetivas em Santa Clara do Sul e Teut\u00f4nia"}]},{"@type":"WebSite","@id":"https:\/\/folhapopular.info\/#website","url":"https:\/\/folhapopular.info\/","name":"Folha Popular","description":"Onde voc\u00ea tem vez e voz","potentialAction":[{"@type":"SearchAction","target":{"@type":"EntryPoint","urlTemplate":"https:\/\/folhapopular.info\/?s={search_term_string}"},"query-input":{"@type":"PropertyValueSpecification","valueRequired":true,"valueName":"search_term_string"}}],"inLanguage":"pt-BR"},{"@type":"Person","@id":"https:\/\/folhapopular.info\/#\/schema\/person\/2814e8a0df7643585a9ca38bc6eb9d4b","name":"Reda\u00e7\u00e3o Folha Popular","image":{"@type":"ImageObject","inLanguage":"pt-BR","@id":"https:\/\/folhapopular.info\/wp-content\/uploads\/2026\/04\/Folha-1.webp","url":"https:\/\/folhapopular.info\/wp-content\/uploads\/2026\/04\/Folha-1.webp","contentUrl":"https:\/\/folhapopular.info\/wp-content\/uploads\/2026\/04\/Folha-1.webp","caption":"Reda\u00e7\u00e3o Folha Popular"},"url":"https:\/\/folhapopular.info\/index.php\/author\/redacao\/"}]}},"jetpack_featured_media_url":"https:\/\/folhapopular.info\/wp-content\/uploads\/2023\/07\/sirene-policia.jpg","jetpack_sharing_enabled":true,"amp_enabled":true,"_links":{"self":[{"href":"https:\/\/folhapopular.info\/index.php\/wp-json\/wp\/v2\/posts\/211489","targetHints":{"allow":["GET"]}}],"collection":[{"href":"https:\/\/folhapopular.info\/index.php\/wp-json\/wp\/v2\/posts"}],"about":[{"href":"https:\/\/folhapopular.info\/index.php\/wp-json\/wp\/v2\/types\/post"}],"author":[{"embeddable":true,"href":"https:\/\/folhapopular.info\/index.php\/wp-json\/wp\/v2\/users\/8"}],"replies":[{"embeddable":true,"href":"https:\/\/folhapopular.info\/index.php\/wp-json\/wp\/v2\/comments?post=211489"}],"version-history":[{"count":0,"href":"https:\/\/folhapopular.info\/index.php\/wp-json\/wp\/v2\/posts\/211489\/revisions"}],"wp:featuredmedia":[{"embeddable":true,"href":"https:\/\/folhapopular.info\/index.php\/wp-json\/wp\/v2\/media\/135674"}],"wp:attachment":[{"href":"https:\/\/folhapopular.info\/index.php\/wp-json\/wp\/v2\/media?parent=211489"}],"wp:term":[{"taxonomy":"category","embeddable":true,"href":"https:\/\/folhapopular.info\/index.php\/wp-json\/wp\/v2\/categories?post=211489"},{"taxonomy":"post_tag","embeddable":true,"href":"https:\/\/folhapopular.info\/index.php\/wp-json\/wp\/v2\/tags?post=211489"}],"curies":[{"name":"wp","href":"https:\/\/api.w.org\/{rel}","templated":true}]}}