{"id":211524,"date":"2026-04-25T17:30:04","date_gmt":"2026-04-25T20:30:04","guid":{"rendered":"https:\/\/folhapopular.info\/?p=211524"},"modified":"2026-04-25T17:30:15","modified_gmt":"2026-04-25T20:30:15","slug":"festival-do-chucrute-e-lancado-com-desfile-tipico-e-celebracao-da-cultura-germanica-em-estrela","status":"publish","type":"post","link":"https:\/\/folhapopular.info\/index.php\/2026\/04\/25\/festival-do-chucrute-e-lancado-com-desfile-tipico-e-celebracao-da-cultura-germanica-em-estrela\/","title":{"rendered":"Festival do Chucrute \u00e9 lan\u00e7ado com desfile t\u00edpico e celebra\u00e7\u00e3o da cultura germ\u00e2nica em Estrela"},"content":{"rendered":"\n<p>O<a href=\"https:\/\/folhapopular.info\/index.php\/2026\/04\/18\/desfile-tipico-abre-programacao-da-58a-edicao-do-festival-do-chucrute\/\"> Festival do Chucrute<\/a> foi oficialmente lan\u00e7ado na tarde deste s\u00e1bado, 25 de abril, em Estrela, com o tradicional desfile t\u00edpico pelas ruas centrais da cidade. A programa\u00e7\u00e3o teve in\u00edcio \u00e0s 15h, com sa\u00edda do Parque Princesa do Vale (Parc\u00e3o), reunindo dezenas de grupos que levaram ao p\u00fablico um verdadeiro espet\u00e1culo da cultura germ\u00e2nica.<\/p>\n\n\n\n<p>Em cima de caminh\u00f5es decorados, participantes vestindo trajes t\u00edpicos desfilaram ao som de bandas, apresenta\u00e7\u00f5es de dan\u00e7as e muita anima\u00e7\u00e3o. Crian\u00e7as, jovens, idosos e representantes da comunidade participaram do cortejo, que foi acompanhado por moradores ao longo do trajeto. Canecas de chopp, cantorias e gritos de entusiasmo ajudaram a compor o clima festivo que marcou a abertura do evento.<\/p>\n\n\n\n<h3 class=\"wp-block-heading\">Tradi\u00e7\u00e3o que re\u00fane fam\u00edlias<\/h3>\n\n\n\n<p>Entre o p\u00fablico, o morador Mois\u00e9s da Silva acompanhava o desfile ao lado da filha Iris, de quatro anos, que tamb\u00e9m participa da festa. Para ele, o evento representa muito mais do que um momento de lazer.<\/p>\n\n\n\n<p>\u201c<strong>N\u00e3o \u00e9 bonito, cara? J\u00e1 \u00e9 uma tradi\u00e7\u00e3o aqui da cidade de Estrela. Eu t\u00f4 com a minha filha, minha pequeninha, que tamb\u00e9m t\u00e1 desfilando. A gente veio prestigiar, t\u00e1 bem bonito, sempre bem organizado<\/strong>\u201d, destacou.<\/p>\n\n\n\n<p>Mois\u00e9s tamb\u00e9m ressaltou a import\u00e2ncia do festival como espa\u00e7o de conviv\u00eancia. \u201c<strong>Com certeza ajuda. \u00c9 bonito de ver fam\u00edlia e amigos reunidos, todo mundo na rua, tomando chimarr\u00e3o, aproveitando o dia. Isso fortalece a comunidade<\/strong>\u201d, afirmou.<\/p>\n\n\n\n<h3 class=\"wp-block-heading\">Festival do Chucrute e o desfile em  que a juventude mant\u00e9m ra\u00edzes vivas<\/h3>\n\n\n\n<p>A presen\u00e7a das novas gera\u00e7\u00f5es foi um dos pontos altos do desfile. Vestida com traje t\u00edpico germ\u00e2nico, a jovem Djenifer Kauane Lappe Scherer, integrante do grupo Rainha do Sul Estrela Teen, falou sobre o significado de participar.<\/p>\n\n\n\n<p>\u201c<strong>J\u00e1 \u00e9 meu segundo ano e eu adoro muito participar do chucrute, porque a gente consegue ter as ra\u00edzes mais vivas, mais perto da gente<\/strong>\u201d, disse.<\/p>\n\n\n\n<p>Ao redor dela, m\u00e3es e coordenadoras acompanhavam atentamente cada detalhe, evidenciando o envolvimento familiar na constru\u00e7\u00e3o da tradi\u00e7\u00e3o. O desfile, nesse sentido, tamb\u00e9m se mostra como um espa\u00e7o de transmiss\u00e3o cultural entre gera\u00e7\u00f5es.<\/p>\n\n\n\n<h3 class=\"wp-block-heading\">Orgulho que atravessa gera\u00e7\u00f5es<\/h3>\n\n\n\n<p>O sentimento de pertencimento tamb\u00e9m estava estampado nos rostos das fam\u00edlias das soberanas. Carlos e M\u00e1rcia dos Santos acompanhavam de perto a filha Sabrina, uma das rainhas do evento.<\/p>\n\n\n\n<p>\u201c<strong>A gente tem que dar for\u00e7a pros filhos, n\u00e9? Sempre participando de tudo<\/strong>\u201d, afirmou Carlos.<\/p>\n\n\n\n<p>M\u00e1rcia refor\u00e7ou o orgulho da fam\u00edlia: \u201c<strong>\u00c9 muito gratificante poder participar desse grupo e ser m\u00e3e da rainha. A gente fica muito orgulhosa<\/strong>\u201d.<\/p>\n\n\n\n<p>J\u00e1 Sabrina demonstrou entusiasmo ao falar sobre o desfile: \u201c<strong>Eu n\u00e3o gosto, eu amo. \u00c9 sensacional, como sempre. Cada ano \u00e9 melhor<\/strong>\u201d.<\/p>\n\n\n\n<h3 class=\"wp-block-heading\">Programa\u00e7\u00e3o segue nas pr\u00f3ximas semanas<\/h3>\n\n\n\n<p>O desfile deste s\u00e1bado marcou o in\u00edcio oficial da programa\u00e7\u00e3o do Festival do Chucrute, que segue com uma s\u00e9rie de atividades nas pr\u00f3ximas semanas. Entre os destaques est\u00e3o os bailes t\u00edpicos, realizados nos dias 16 de maio, com a Orquestra La Montanara, e 23 de maio, com a Super Banda Chopp\u00e3o, ambos a partir das 20h.<\/p>\n\n\n\n<p>Os tradicionais caf\u00e9s coloniais ocorrem nos dias 17 e 24 de maio, a partir das 15h, com ingresso solid\u00e1rio mediante a doa\u00e7\u00e3o de 1 kg de alimento n\u00e3o perec\u00edvel, al\u00e9m da cobran\u00e7a do buffet por quilo.<\/p>\n\n\n\n<p>A agenda inclui ainda eventos especiais ao longo da semana: no dia 18 de maio, o Baile da Feliz Idade (9h30); no dia 20, a 29\u00aa Festa do Idoso (9h); e, no dia 21, a 17\u00aa Festa das Apaes (14h).<\/p>\n\n\n\n<h3 class=\"wp-block-heading\">Cultura que ocupa as ruas<\/h3>\n\n\n\n<p>Mais do que um evento festivo, o Festival do Chucrute reafirma a identidade cultural de Estrela e da regi\u00e3o, celebrando as tradi\u00e7\u00f5es herdadas dos imigrantes alem\u00e3es. O desfile t\u00edpico, que abriu oficialmente a programa\u00e7\u00e3o neste s\u00e1bado, mostrou a for\u00e7a de uma comunidade que valoriza suas ra\u00edzes e transforma as ruas em um espa\u00e7o de encontro, alegria e pertencimento.<\/p>\n\n\n\n<p>Com forte participa\u00e7\u00e3o popular e envolvimento de diferentes gera\u00e7\u00f5es, o festival inicia sua edi\u00e7\u00e3o de 2026 consolidado como uma das mais importantes manifesta\u00e7\u00f5es culturais do munic\u00edpio.<\/p>\n\n\n\n<p><\/p>\n","protected":false},"excerpt":{"rendered":"<p>O Festival do Chucrute foi oficialmente lan\u00e7ado na tarde deste s\u00e1bado, 25 de abril, em Estrela, com o tradicional desfile t\u00edpico pelas ruas centrais da cidade. A programa\u00e7\u00e3o teve in\u00edcio \u00e0s 15h, com sa\u00edda do Parque Princesa do Vale (Parc\u00e3o), reunindo dezenas de grupos que levaram ao p\u00fablico um verdadeiro espet\u00e1culo da cultura germ\u00e2nica. Em [&hellip;]<\/p>\n","protected":false},"author":772,"featured_media":211526,"comment_status":"open","ping_status":"open","sticky":false,"template":"","format":"standard","meta":{"pmpro_default_level":"","_jetpack_memberships_contains_paid_content":false,"footnotes":""},"categories":[10996,6],"tags":[],"class_list":{"0":"post-211524","1":"post","2":"type-post","3":"status-publish","4":"format-standard","5":"has-post-thumbnail","7":"category-cultura","8":"category-inclusive","9":"pmpro-has-access"},"yoast_head":"<!-- This site is optimized with the Yoast SEO plugin v27.4 - https:\/\/yoast.com\/product\/yoast-seo-wordpress\/ -->\n<title>Festival do Chucrute \u00e9 lan\u00e7ado com desfile t\u00edpico e celebra\u00e7\u00e3o da cultura germ\u00e2nica em Estrela - Folha Popular<\/title>\n<meta name=\"description\" content=\"O Festival do Chucrute foi oficialmente lan\u00e7ado na tarde deste s\u00e1bado, 25 de abril, em Estrela, com o tradicional desfile t\u00edpico pelas ruas\" \/>\n<meta name=\"robots\" content=\"index, follow, max-snippet:-1, max-image-preview:large, max-video-preview:-1\" \/>\n<link rel=\"canonical\" href=\"https:\/\/folhapopular.info\/index.php\/2026\/04\/25\/festival-do-chucrute-e-lancado-com-desfile-tipico-e-celebracao-da-cultura-germanica-em-estrela\/\" \/>\n<meta property=\"og:locale\" content=\"pt_BR\" \/>\n<meta property=\"og:type\" content=\"article\" \/>\n<meta property=\"og:title\" content=\"Festival do Chucrute \u00e9 lan\u00e7ado com desfile t\u00edpico e celebra\u00e7\u00e3o da cultura germ\u00e2nica em Estrela - Folha Popular\" \/>\n<meta property=\"og:description\" content=\"O Festival do Chucrute foi oficialmente lan\u00e7ado na tarde deste s\u00e1bado, 25 de abril, em Estrela, com o tradicional desfile t\u00edpico pelas ruas\" \/>\n<meta property=\"og:url\" content=\"https:\/\/folhapopular.info\/index.php\/2026\/04\/25\/festival-do-chucrute-e-lancado-com-desfile-tipico-e-celebracao-da-cultura-germanica-em-estrela\/\" \/>\n<meta property=\"og:site_name\" content=\"Folha Popular\" \/>\n<meta property=\"article:published_time\" content=\"2026-04-25T20:30:04+00:00\" \/>\n<meta property=\"article:modified_time\" content=\"2026-04-25T20:30:15+00:00\" \/>\n<meta property=\"og:image\" content=\"https:\/\/folhapopular.info\/wp-content\/uploads\/2026\/04\/WhatsApp-Image-2026-04-25-at-16.15.49-1024x768.png\" \/>\n\t<meta property=\"og:image:width\" content=\"1024\" \/>\n\t<meta property=\"og:image:height\" content=\"768\" \/>\n\t<meta property=\"og:image:type\" content=\"image\/png\" \/>\n<meta name=\"author\" content=\"Anderson Lopes\" \/>\n<meta name=\"twitter:card\" content=\"summary_large_image\" \/>\n<meta name=\"twitter:label1\" content=\"Escrito por\" \/>\n\t<meta name=\"twitter:data1\" content=\"Anderson Lopes\" \/>\n\t<meta name=\"twitter:label2\" content=\"Est. tempo de leitura\" \/>\n\t<meta name=\"twitter:data2\" content=\"4 minutos\" \/>\n<script type=\"application\/ld+json\" class=\"yoast-schema-graph\">{\"@context\":\"https:\\\/\\\/schema.org\",\"@graph\":[{\"@type\":\"Article\",\"@id\":\"https:\\\/\\\/folhapopular.info\\\/index.php\\\/2026\\\/04\\\/25\\\/festival-do-chucrute-e-lancado-com-desfile-tipico-e-celebracao-da-cultura-germanica-em-estrela\\\/#article\",\"isPartOf\":{\"@id\":\"https:\\\/\\\/folhapopular.info\\\/index.php\\\/2026\\\/04\\\/25\\\/festival-do-chucrute-e-lancado-com-desfile-tipico-e-celebracao-da-cultura-germanica-em-estrela\\\/\"},\"author\":{\"name\":\"Anderson Lopes\",\"@id\":\"https:\\\/\\\/folhapopular.info\\\/#\\\/schema\\\/person\\\/50fd7636116370b67381921e65092a49\"},\"headline\":\"Festival do Chucrute \u00e9 lan\u00e7ado com desfile t\u00edpico e celebra\u00e7\u00e3o da cultura germ\u00e2nica em Estrela\",\"datePublished\":\"2026-04-25T20:30:04+00:00\",\"dateModified\":\"2026-04-25T20:30:15+00:00\",\"mainEntityOfPage\":{\"@id\":\"https:\\\/\\\/folhapopular.info\\\/index.php\\\/2026\\\/04\\\/25\\\/festival-do-chucrute-e-lancado-com-desfile-tipico-e-celebracao-da-cultura-germanica-em-estrela\\\/\"},\"wordCount\":740,\"commentCount\":0,\"image\":{\"@id\":\"https:\\\/\\\/folhapopular.info\\\/index.php\\\/2026\\\/04\\\/25\\\/festival-do-chucrute-e-lancado-com-desfile-tipico-e-celebracao-da-cultura-germanica-em-estrela\\\/#primaryimage\"},\"thumbnailUrl\":\"https:\\\/\\\/folhapopular.info\\\/wp-content\\\/uploads\\\/2026\\\/04\\\/WhatsApp-Image-2026-04-25-at-16.15.49-scaled.png\",\"articleSection\":[\"Cultura\",\"Inclusive\"],\"inLanguage\":\"pt-BR\",\"potentialAction\":[{\"@type\":\"CommentAction\",\"name\":\"Comment\",\"target\":[\"https:\\\/\\\/folhapopular.info\\\/index.php\\\/2026\\\/04\\\/25\\\/festival-do-chucrute-e-lancado-com-desfile-tipico-e-celebracao-da-cultura-germanica-em-estrela\\\/#respond\"]}]},{\"@type\":\"WebPage\",\"@id\":\"https:\\\/\\\/folhapopular.info\\\/index.php\\\/2026\\\/04\\\/25\\\/festival-do-chucrute-e-lancado-com-desfile-tipico-e-celebracao-da-cultura-germanica-em-estrela\\\/\",\"url\":\"https:\\\/\\\/folhapopular.info\\\/index.php\\\/2026\\\/04\\\/25\\\/festival-do-chucrute-e-lancado-com-desfile-tipico-e-celebracao-da-cultura-germanica-em-estrela\\\/\",\"name\":\"Festival do Chucrute \u00e9 lan\u00e7ado com desfile t\u00edpico e celebra\u00e7\u00e3o da cultura germ\u00e2nica em Estrela - Folha Popular\",\"isPartOf\":{\"@id\":\"https:\\\/\\\/folhapopular.info\\\/#website\"},\"primaryImageOfPage\":{\"@id\":\"https:\\\/\\\/folhapopular.info\\\/index.php\\\/2026\\\/04\\\/25\\\/festival-do-chucrute-e-lancado-com-desfile-tipico-e-celebracao-da-cultura-germanica-em-estrela\\\/#primaryimage\"},\"image\":{\"@id\":\"https:\\\/\\\/folhapopular.info\\\/index.php\\\/2026\\\/04\\\/25\\\/festival-do-chucrute-e-lancado-com-desfile-tipico-e-celebracao-da-cultura-germanica-em-estrela\\\/#primaryimage\"},\"thumbnailUrl\":\"https:\\\/\\\/folhapopular.info\\\/wp-content\\\/uploads\\\/2026\\\/04\\\/WhatsApp-Image-2026-04-25-at-16.15.49-scaled.png\",\"datePublished\":\"2026-04-25T20:30:04+00:00\",\"dateModified\":\"2026-04-25T20:30:15+00:00\",\"author\":{\"@id\":\"https:\\\/\\\/folhapopular.info\\\/#\\\/schema\\\/person\\\/50fd7636116370b67381921e65092a49\"},\"description\":\"O Festival do Chucrute foi oficialmente lan\u00e7ado na tarde deste s\u00e1bado, 25 de abril, em Estrela, com o tradicional desfile t\u00edpico pelas ruas\",\"breadcrumb\":{\"@id\":\"https:\\\/\\\/folhapopular.info\\\/index.php\\\/2026\\\/04\\\/25\\\/festival-do-chucrute-e-lancado-com-desfile-tipico-e-celebracao-da-cultura-germanica-em-estrela\\\/#breadcrumb\"},\"inLanguage\":\"pt-BR\",\"potentialAction\":[{\"@type\":\"ReadAction\",\"target\":[\"https:\\\/\\\/folhapopular.info\\\/index.php\\\/2026\\\/04\\\/25\\\/festival-do-chucrute-e-lancado-com-desfile-tipico-e-celebracao-da-cultura-germanica-em-estrela\\\/\"]}]},{\"@type\":\"ImageObject\",\"inLanguage\":\"pt-BR\",\"@id\":\"https:\\\/\\\/folhapopular.info\\\/index.php\\\/2026\\\/04\\\/25\\\/festival-do-chucrute-e-lancado-com-desfile-tipico-e-celebracao-da-cultura-germanica-em-estrela\\\/#primaryimage\",\"url\":\"https:\\\/\\\/folhapopular.info\\\/wp-content\\\/uploads\\\/2026\\\/04\\\/WhatsApp-Image-2026-04-25-at-16.15.49-scaled.png\",\"contentUrl\":\"https:\\\/\\\/folhapopular.info\\\/wp-content\\\/uploads\\\/2026\\\/04\\\/WhatsApp-Image-2026-04-25-at-16.15.49-scaled.png\",\"width\":2560,\"height\":1920,\"caption\":\"Em cima de caminh\u00f5es decorados, participantes vestindo trajes t\u00edpicos desfilaram ao som de bandas\"},{\"@type\":\"BreadcrumbList\",\"@id\":\"https:\\\/\\\/folhapopular.info\\\/index.php\\\/2026\\\/04\\\/25\\\/festival-do-chucrute-e-lancado-com-desfile-tipico-e-celebracao-da-cultura-germanica-em-estrela\\\/#breadcrumb\",\"itemListElement\":[{\"@type\":\"ListItem\",\"position\":1,\"name\":\"In\u00edcio\",\"item\":\"https:\\\/\\\/folhapopular.info\\\/\"},{\"@type\":\"ListItem\",\"position\":2,\"name\":\"Festival do Chucrute \u00e9 lan\u00e7ado com desfile t\u00edpico e celebra\u00e7\u00e3o da cultura germ\u00e2nica em Estrela\"}]},{\"@type\":\"WebSite\",\"@id\":\"https:\\\/\\\/folhapopular.info\\\/#website\",\"url\":\"https:\\\/\\\/folhapopular.info\\\/\",\"name\":\"Folha Popular\",\"description\":\"Onde voc\u00ea tem vez e voz\",\"potentialAction\":[{\"@type\":\"SearchAction\",\"target\":{\"@type\":\"EntryPoint\",\"urlTemplate\":\"https:\\\/\\\/folhapopular.info\\\/?s={search_term_string}\"},\"query-input\":{\"@type\":\"PropertyValueSpecification\",\"valueRequired\":true,\"valueName\":\"search_term_string\"}}],\"inLanguage\":\"pt-BR\"},{\"@type\":\"Person\",\"@id\":\"https:\\\/\\\/folhapopular.info\\\/#\\\/schema\\\/person\\\/50fd7636116370b67381921e65092a49\",\"name\":\"Anderson Lopes\",\"image\":{\"@type\":\"ImageObject\",\"inLanguage\":\"pt-BR\",\"@id\":\"https:\\\/\\\/secure.gravatar.com\\\/avatar\\\/030f2f2574ef743bc9016552464e94d04c7e61de505d7089178f340fc50ed8c6?s=96&d=mm&r=g\",\"url\":\"https:\\\/\\\/secure.gravatar.com\\\/avatar\\\/030f2f2574ef743bc9016552464e94d04c7e61de505d7089178f340fc50ed8c6?s=96&d=mm&r=g\",\"contentUrl\":\"https:\\\/\\\/secure.gravatar.com\\\/avatar\\\/030f2f2574ef743bc9016552464e94d04c7e61de505d7089178f340fc50ed8c6?s=96&d=mm&r=g\",\"caption\":\"Anderson Lopes\"},\"url\":\"https:\\\/\\\/folhapopular.info\\\/index.php\\\/author\\\/anderson-lopes\\\/\"}]}<\/script>\n<!-- \/ Yoast SEO plugin. -->","yoast_head_json":{"title":"Festival do Chucrute \u00e9 lan\u00e7ado com desfile t\u00edpico e celebra\u00e7\u00e3o da cultura germ\u00e2nica em Estrela - Folha Popular","description":"O Festival do Chucrute foi oficialmente lan\u00e7ado na tarde deste s\u00e1bado, 25 de abril, em Estrela, com o tradicional desfile t\u00edpico pelas ruas","robots":{"index":"index","follow":"follow","max-snippet":"max-snippet:-1","max-image-preview":"max-image-preview:large","max-video-preview":"max-video-preview:-1"},"canonical":"https:\/\/folhapopular.info\/index.php\/2026\/04\/25\/festival-do-chucrute-e-lancado-com-desfile-tipico-e-celebracao-da-cultura-germanica-em-estrela\/","og_locale":"pt_BR","og_type":"article","og_title":"Festival do Chucrute \u00e9 lan\u00e7ado com desfile t\u00edpico e celebra\u00e7\u00e3o da cultura germ\u00e2nica em Estrela - Folha Popular","og_description":"O Festival do Chucrute foi oficialmente lan\u00e7ado na tarde deste s\u00e1bado, 25 de abril, em Estrela, com o tradicional desfile t\u00edpico pelas ruas","og_url":"https:\/\/folhapopular.info\/index.php\/2026\/04\/25\/festival-do-chucrute-e-lancado-com-desfile-tipico-e-celebracao-da-cultura-germanica-em-estrela\/","og_site_name":"Folha Popular","article_published_time":"2026-04-25T20:30:04+00:00","article_modified_time":"2026-04-25T20:30:15+00:00","og_image":[{"width":1024,"height":768,"url":"https:\/\/folhapopular.info\/wp-content\/uploads\/2026\/04\/WhatsApp-Image-2026-04-25-at-16.15.49-1024x768.png","type":"image\/png"}],"author":"Anderson Lopes","twitter_card":"summary_large_image","twitter_misc":{"Escrito por":"Anderson Lopes","Est. tempo de leitura":"4 minutos"},"schema":{"@context":"https:\/\/schema.org","@graph":[{"@type":"Article","@id":"https:\/\/folhapopular.info\/index.php\/2026\/04\/25\/festival-do-chucrute-e-lancado-com-desfile-tipico-e-celebracao-da-cultura-germanica-em-estrela\/#article","isPartOf":{"@id":"https:\/\/folhapopular.info\/index.php\/2026\/04\/25\/festival-do-chucrute-e-lancado-com-desfile-tipico-e-celebracao-da-cultura-germanica-em-estrela\/"},"author":{"name":"Anderson Lopes","@id":"https:\/\/folhapopular.info\/#\/schema\/person\/50fd7636116370b67381921e65092a49"},"headline":"Festival do Chucrute \u00e9 lan\u00e7ado com desfile t\u00edpico e celebra\u00e7\u00e3o da cultura germ\u00e2nica em Estrela","datePublished":"2026-04-25T20:30:04+00:00","dateModified":"2026-04-25T20:30:15+00:00","mainEntityOfPage":{"@id":"https:\/\/folhapopular.info\/index.php\/2026\/04\/25\/festival-do-chucrute-e-lancado-com-desfile-tipico-e-celebracao-da-cultura-germanica-em-estrela\/"},"wordCount":740,"commentCount":0,"image":{"@id":"https:\/\/folhapopular.info\/index.php\/2026\/04\/25\/festival-do-chucrute-e-lancado-com-desfile-tipico-e-celebracao-da-cultura-germanica-em-estrela\/#primaryimage"},"thumbnailUrl":"https:\/\/folhapopular.info\/wp-content\/uploads\/2026\/04\/WhatsApp-Image-2026-04-25-at-16.15.49-scaled.png","articleSection":["Cultura","Inclusive"],"inLanguage":"pt-BR","potentialAction":[{"@type":"CommentAction","name":"Comment","target":["https:\/\/folhapopular.info\/index.php\/2026\/04\/25\/festival-do-chucrute-e-lancado-com-desfile-tipico-e-celebracao-da-cultura-germanica-em-estrela\/#respond"]}]},{"@type":"WebPage","@id":"https:\/\/folhapopular.info\/index.php\/2026\/04\/25\/festival-do-chucrute-e-lancado-com-desfile-tipico-e-celebracao-da-cultura-germanica-em-estrela\/","url":"https:\/\/folhapopular.info\/index.php\/2026\/04\/25\/festival-do-chucrute-e-lancado-com-desfile-tipico-e-celebracao-da-cultura-germanica-em-estrela\/","name":"Festival do Chucrute \u00e9 lan\u00e7ado com desfile t\u00edpico e celebra\u00e7\u00e3o da cultura germ\u00e2nica em Estrela - Folha Popular","isPartOf":{"@id":"https:\/\/folhapopular.info\/#website"},"primaryImageOfPage":{"@id":"https:\/\/folhapopular.info\/index.php\/2026\/04\/25\/festival-do-chucrute-e-lancado-com-desfile-tipico-e-celebracao-da-cultura-germanica-em-estrela\/#primaryimage"},"image":{"@id":"https:\/\/folhapopular.info\/index.php\/2026\/04\/25\/festival-do-chucrute-e-lancado-com-desfile-tipico-e-celebracao-da-cultura-germanica-em-estrela\/#primaryimage"},"thumbnailUrl":"https:\/\/folhapopular.info\/wp-content\/uploads\/2026\/04\/WhatsApp-Image-2026-04-25-at-16.15.49-scaled.png","datePublished":"2026-04-25T20:30:04+00:00","dateModified":"2026-04-25T20:30:15+00:00","author":{"@id":"https:\/\/folhapopular.info\/#\/schema\/person\/50fd7636116370b67381921e65092a49"},"description":"O Festival do Chucrute foi oficialmente lan\u00e7ado na tarde deste s\u00e1bado, 25 de abril, em Estrela, com o tradicional desfile t\u00edpico pelas ruas","breadcrumb":{"@id":"https:\/\/folhapopular.info\/index.php\/2026\/04\/25\/festival-do-chucrute-e-lancado-com-desfile-tipico-e-celebracao-da-cultura-germanica-em-estrela\/#breadcrumb"},"inLanguage":"pt-BR","potentialAction":[{"@type":"ReadAction","target":["https:\/\/folhapopular.info\/index.php\/2026\/04\/25\/festival-do-chucrute-e-lancado-com-desfile-tipico-e-celebracao-da-cultura-germanica-em-estrela\/"]}]},{"@type":"ImageObject","inLanguage":"pt-BR","@id":"https:\/\/folhapopular.info\/index.php\/2026\/04\/25\/festival-do-chucrute-e-lancado-com-desfile-tipico-e-celebracao-da-cultura-germanica-em-estrela\/#primaryimage","url":"https:\/\/folhapopular.info\/wp-content\/uploads\/2026\/04\/WhatsApp-Image-2026-04-25-at-16.15.49-scaled.png","contentUrl":"https:\/\/folhapopular.info\/wp-content\/uploads\/2026\/04\/WhatsApp-Image-2026-04-25-at-16.15.49-scaled.png","width":2560,"height":1920,"caption":"Em cima de caminh\u00f5es decorados, participantes vestindo trajes t\u00edpicos desfilaram ao som de bandas"},{"@type":"BreadcrumbList","@id":"https:\/\/folhapopular.info\/index.php\/2026\/04\/25\/festival-do-chucrute-e-lancado-com-desfile-tipico-e-celebracao-da-cultura-germanica-em-estrela\/#breadcrumb","itemListElement":[{"@type":"ListItem","position":1,"name":"In\u00edcio","item":"https:\/\/folhapopular.info\/"},{"@type":"ListItem","position":2,"name":"Festival do Chucrute \u00e9 lan\u00e7ado com desfile t\u00edpico e celebra\u00e7\u00e3o da cultura germ\u00e2nica em Estrela"}]},{"@type":"WebSite","@id":"https:\/\/folhapopular.info\/#website","url":"https:\/\/folhapopular.info\/","name":"Folha Popular","description":"Onde voc\u00ea tem vez e voz","potentialAction":[{"@type":"SearchAction","target":{"@type":"EntryPoint","urlTemplate":"https:\/\/folhapopular.info\/?s={search_term_string}"},"query-input":{"@type":"PropertyValueSpecification","valueRequired":true,"valueName":"search_term_string"}}],"inLanguage":"pt-BR"},{"@type":"Person","@id":"https:\/\/folhapopular.info\/#\/schema\/person\/50fd7636116370b67381921e65092a49","name":"Anderson Lopes","image":{"@type":"ImageObject","inLanguage":"pt-BR","@id":"https:\/\/secure.gravatar.com\/avatar\/030f2f2574ef743bc9016552464e94d04c7e61de505d7089178f340fc50ed8c6?s=96&d=mm&r=g","url":"https:\/\/secure.gravatar.com\/avatar\/030f2f2574ef743bc9016552464e94d04c7e61de505d7089178f340fc50ed8c6?s=96&d=mm&r=g","contentUrl":"https:\/\/secure.gravatar.com\/avatar\/030f2f2574ef743bc9016552464e94d04c7e61de505d7089178f340fc50ed8c6?s=96&d=mm&r=g","caption":"Anderson Lopes"},"url":"https:\/\/folhapopular.info\/index.php\/author\/anderson-lopes\/"}]}},"jetpack_featured_media_url":"https:\/\/folhapopular.info\/wp-content\/uploads\/2026\/04\/WhatsApp-Image-2026-04-25-at-16.15.49-scaled.png","jetpack_sharing_enabled":true,"amp_enabled":true,"_links":{"self":[{"href":"https:\/\/folhapopular.info\/index.php\/wp-json\/wp\/v2\/posts\/211524","targetHints":{"allow":["GET"]}}],"collection":[{"href":"https:\/\/folhapopular.info\/index.php\/wp-json\/wp\/v2\/posts"}],"about":[{"href":"https:\/\/folhapopular.info\/index.php\/wp-json\/wp\/v2\/types\/post"}],"author":[{"embeddable":true,"href":"https:\/\/folhapopular.info\/index.php\/wp-json\/wp\/v2\/users\/772"}],"replies":[{"embeddable":true,"href":"https:\/\/folhapopular.info\/index.php\/wp-json\/wp\/v2\/comments?post=211524"}],"version-history":[{"count":1,"href":"https:\/\/folhapopular.info\/index.php\/wp-json\/wp\/v2\/posts\/211524\/revisions"}],"predecessor-version":[{"id":211527,"href":"https:\/\/folhapopular.info\/index.php\/wp-json\/wp\/v2\/posts\/211524\/revisions\/211527"}],"wp:featuredmedia":[{"embeddable":true,"href":"https:\/\/folhapopular.info\/index.php\/wp-json\/wp\/v2\/media\/211526"}],"wp:attachment":[{"href":"https:\/\/folhapopular.info\/index.php\/wp-json\/wp\/v2\/media?parent=211524"}],"wp:term":[{"taxonomy":"category","embeddable":true,"href":"https:\/\/folhapopular.info\/index.php\/wp-json\/wp\/v2\/categories?post=211524"},{"taxonomy":"post_tag","embeddable":true,"href":"https:\/\/folhapopular.info\/index.php\/wp-json\/wp\/v2\/tags?post=211524"}],"curies":[{"name":"wp","href":"https:\/\/api.w.org\/{rel}","templated":true}]}}