{"id":211588,"date":"2026-04-26T19:26:54","date_gmt":"2026-04-26T22:26:54","guid":{"rendered":"https:\/\/folhapopular.info\/?p=211588"},"modified":"2026-04-26T19:26:57","modified_gmt":"2026-04-26T22:26:57","slug":"definidas-as-quartas-de-final-do-intermunicipal","status":"publish","type":"post","link":"https:\/\/folhapopular.info\/index.php\/2026\/04\/26\/definidas-as-quartas-de-final-do-intermunicipal\/","title":{"rendered":"Definidas as quartas de final do Intermunicipal"},"content":{"rendered":"\n<p>As quartas de final do Intermunicipal Sicredi Certel ser\u00e3o disputadas dias 3 e 31 de maio. O intervalo de tr\u00eas finais de semana ser\u00e3o por conta do dia das m\u00e3es (10\/5) e da Festa de Maio (17 e 24\/5). A defini\u00e7\u00e3o dos cruzamentos ocorreu na tarde deste domingo (26\/4), com a disputa da \u00faltima rodada classificat\u00f3ria.<\/p>\n\n\n\n<p>O duelo direto pela \u00faltima vaga ocorreu em Linha Ribeiro, onde o 11 Amigos confirmou a classifica\u00e7\u00e3o ap\u00f3s empatar em 2 a 2 com o Ribeirense. O visitante abriu 2 a 0 com gols de Adriano Schneider &#8211; de p\u00eanalti, aos 22min do primeiro tempo, e aos 15min da segunda etapa. O Ribeirense descontou aos 22min30 com Max William e buscou o empate aos 46min com Patrick PK. A equipe da casa ainda teve uma bola cruzando a \u00e1rea do 11 Amigos, mas o placar n\u00e3o foi mais alterado.<\/p>\n\n\n\n<p>Na Linha Berlim, uma partida com oito gols e uma virada incr\u00edvel do Juventude para vencer o Atl\u00e9tico Ga\u00facho por 5 a 3. O Atl\u00e9tico abriu 2 a 0, com Pavi (13min1\u00baT) e Vargas (23min1\u00baT). O Juventude descontou com Jo\u00e3o Quadros (26min1\u00baT). O Atl\u00e9tico abriu 3 a 1 com \u00cdndio (11min2\u00baT). A rea\u00e7\u00e3o do Juventude iniciou com Gabriel (16min2\u00baT). O empate e a virada do Juventude ocorreu com tr\u00eas gols em um intervalo de 4 minutos: Lucas Staudt (26min2\u00baT), Giba (28min2\u00baT) e Jo\u00e3o Henrique (30min2\u00baT).<\/p>\n\n\n\n<p>No Bairro Teut\u00f4nia, o Ga\u00facho goleou o Po\u00e7o das Antas por 5 a 1 e ficou com a segunda melhor campanha. Rodrigo (2), Rondinelly (2) e Rafael Filipi marcaram para o Pav\u00e3o Vermelho, enquanto que William Duarte descontou para o Po\u00e7o das Antas.<\/p>\n\n\n\n<p>No Bairro Canabarro, o l\u00edder da primeira fase &#8211; Canabarrense &#8211; goleou o Ouro Verde por 4 a 1. G\u00e3o (2), Kena (contra) e Andrei Macedo marcaram para o Canabarrense; Vico descontou para o Ouro Verde.<\/p>\n\n\n\n<h2 class=\"wp-block-heading\"><strong>Resultados da \u00faltima rodada classificat\u00f3ria<\/strong><\/h2>\n\n\n\n<figure class=\"wp-block-table is-style-stripes\"><table><tbody><tr><td><\/td><td class=\"has-text-align-center\" data-align=\"center\" colspan=\"3\"><strong>Titulares<\/strong><\/td><td><\/td><td class=\"has-text-align-center\" data-align=\"center\" colspan=\"3\"><strong>Aspirantes<\/strong><\/td><\/tr><tr><td>Canabarrense<\/td><td class=\"has-text-align-center\" data-align=\"center\">4<\/td><td class=\"has-text-align-center\" data-align=\"center\">x<\/td><td class=\"has-text-align-center\" data-align=\"center\">1<\/td><td>Ouro Verde<\/td><td class=\"has-text-align-center\" data-align=\"center\">0<\/td><td class=\"has-text-align-center\" data-align=\"center\">x<\/td><td class=\"has-text-align-center\" data-align=\"center\">1<\/td><\/tr><tr><td>Ga\u00facho<\/td><td class=\"has-text-align-center\" data-align=\"center\">5<\/td><td class=\"has-text-align-center\" data-align=\"center\">x<\/td><td class=\"has-text-align-center\" data-align=\"center\">1<\/td><td>Po\u00e7o das Antas<\/td><td class=\"has-text-align-center\" data-align=\"center\">4<\/td><td class=\"has-text-align-center\" data-align=\"center\">x<\/td><td class=\"has-text-align-center\" data-align=\"center\">0<\/td><\/tr><tr><td>Juventude<\/td><td class=\"has-text-align-center\" data-align=\"center\">5<\/td><td class=\"has-text-align-center\" data-align=\"center\">x<\/td><td class=\"has-text-align-center\" data-align=\"center\">3<\/td><td>Atl\u00e9tico Ga\u00facho<\/td><td class=\"has-text-align-center\" data-align=\"center\">2<\/td><td class=\"has-text-align-center\" data-align=\"center\">x<\/td><td class=\"has-text-align-center\" data-align=\"center\">1<\/td><\/tr><tr><td>Ribeirense<\/td><td class=\"has-text-align-center\" data-align=\"center\">2<\/td><td class=\"has-text-align-center\" data-align=\"center\">x<\/td><td class=\"has-text-align-center\" data-align=\"center\">2<\/td><td>11 Amigos<\/td><td class=\"has-text-align-center\" data-align=\"center\">0<\/td><td class=\"has-text-align-center\" data-align=\"center\">x<\/td><td class=\"has-text-align-center\" data-align=\"center\">4<\/td><\/tr><\/tbody><\/table><\/figure>\n\n\n\n<h2 class=\"wp-block-heading\"><strong>Classifica\u00e7\u00e3o final da 1\u00aa fase dos Titulares<\/strong><\/h2>\n\n\n\n<figure class=\"wp-block-table is-style-stripes\"><table><tbody><tr><td class=\"has-text-align-center\" data-align=\"center\">Col.<\/td><td>EQUIPES<\/td><td><\/td><td>PG<\/td><td>J<\/td><td>V<\/td><td>E<\/td><td>D<\/td><td>GP<\/td><td>GS<\/td><td>SG<\/td><\/tr><tr><td>1\u00ba<\/td><td>Canabarrense<\/td><td><\/td><td class=\"has-text-align-center\" data-align=\"center\">16<\/td><td class=\"has-text-align-center\" data-align=\"center\">6<\/td><td class=\"has-text-align-center\" data-align=\"center\">5<\/td><td class=\"has-text-align-center\" data-align=\"center\">1<\/td><td class=\"has-text-align-center\" data-align=\"center\">0<\/td><td class=\"has-text-align-center\" data-align=\"center\">19<\/td><td class=\"has-text-align-center\" data-align=\"center\">5<\/td><td class=\"has-text-align-center\" data-align=\"center\">14<\/td><\/tr><tr><td>2\u00ba<\/td><td>Ga\u00facho<\/td><td><\/td><td class=\"has-text-align-center\" data-align=\"center\">14<\/td><td class=\"has-text-align-center\" data-align=\"center\">6<\/td><td class=\"has-text-align-center\" data-align=\"center\">4<\/td><td class=\"has-text-align-center\" data-align=\"center\">2<\/td><td class=\"has-text-align-center\" data-align=\"center\">0<\/td><td class=\"has-text-align-center\" data-align=\"center\">20<\/td><td class=\"has-text-align-center\" data-align=\"center\">5<\/td><td class=\"has-text-align-center\" data-align=\"center\">15<\/td><\/tr><tr><td>3\u00ba<\/td><td>Ouro Verde<\/td><td><\/td><td class=\"has-text-align-center\" data-align=\"center\">10<\/td><td class=\"has-text-align-center\" data-align=\"center\">6<\/td><td class=\"has-text-align-center\" data-align=\"center\">3<\/td><td class=\"has-text-align-center\" data-align=\"center\">1<\/td><td class=\"has-text-align-center\" data-align=\"center\">2<\/td><td class=\"has-text-align-center\" data-align=\"center\">10<\/td><td class=\"has-text-align-center\" data-align=\"center\">9<\/td><td class=\"has-text-align-center\" data-align=\"center\">1<\/td><\/tr><tr><td>4\u00ba<\/td><td>Flamengo<\/td><td><\/td><td class=\"has-text-align-center\" data-align=\"center\">9<\/td><td class=\"has-text-align-center\" data-align=\"center\">6<\/td><td class=\"has-text-align-center\" data-align=\"center\">3<\/td><td class=\"has-text-align-center\" data-align=\"center\">0<\/td><td class=\"has-text-align-center\" data-align=\"center\">3<\/td><td class=\"has-text-align-center\" data-align=\"center\">13<\/td><td class=\"has-text-align-center\" data-align=\"center\">12<\/td><td class=\"has-text-align-center\" data-align=\"center\">1<\/td><\/tr><tr><td>5\u00ba<\/td><td>Po\u00e7o das Antas<\/td><td><\/td><td class=\"has-text-align-center\" data-align=\"center\">9<\/td><td class=\"has-text-align-center\" data-align=\"center\">6<\/td><td class=\"has-text-align-center\" data-align=\"center\">3<\/td><td class=\"has-text-align-center\" data-align=\"center\">0<\/td><td class=\"has-text-align-center\" data-align=\"center\">3<\/td><td class=\"has-text-align-center\" data-align=\"center\">14<\/td><td class=\"has-text-align-center\" data-align=\"center\">15<\/td><td class=\"has-text-align-center\" data-align=\"center\">-1<\/td><\/tr><tr><td>6\u00ba<\/td><td>Juventude-We<\/td><td><\/td><td class=\"has-text-align-center\" data-align=\"center\">7<\/td><td class=\"has-text-align-center\" data-align=\"center\">6<\/td><td class=\"has-text-align-center\" data-align=\"center\">2<\/td><td class=\"has-text-align-center\" data-align=\"center\">1<\/td><td class=\"has-text-align-center\" data-align=\"center\">3<\/td><td class=\"has-text-align-center\" data-align=\"center\">9<\/td><td class=\"has-text-align-center\" data-align=\"center\">12<\/td><td class=\"has-text-align-center\" data-align=\"center\">-3<\/td><\/tr><tr><td>7\u00ba<\/td><td>Atl\u00e9tico Ga\u00facho<\/td><td><\/td><td class=\"has-text-align-center\" data-align=\"center\">5<\/td><td class=\"has-text-align-center\" data-align=\"center\">6<\/td><td class=\"has-text-align-center\" data-align=\"center\">1<\/td><td class=\"has-text-align-center\" data-align=\"center\">2<\/td><td class=\"has-text-align-center\" data-align=\"center\">3<\/td><td class=\"has-text-align-center\" data-align=\"center\">10<\/td><td class=\"has-text-align-center\" data-align=\"center\">19<\/td><td class=\"has-text-align-center\" data-align=\"center\">-9<\/td><\/tr><tr><td>8\u00ba<\/td><td>11 Amigos<\/td><td><\/td><td class=\"has-text-align-center\" data-align=\"center\">4<\/td><td class=\"has-text-align-center\" data-align=\"center\">6<\/td><td class=\"has-text-align-center\" data-align=\"center\">1<\/td><td class=\"has-text-align-center\" data-align=\"center\">1<\/td><td class=\"has-text-align-center\" data-align=\"center\">4<\/td><td class=\"has-text-align-center\" data-align=\"center\">8<\/td><td class=\"has-text-align-center\" data-align=\"center\">17<\/td><td class=\"has-text-align-center\" data-align=\"center\">-9<\/td><\/tr><tr><td>9\u00ba<\/td><td>Ribeirense<\/td><td><\/td><td class=\"has-text-align-center\" data-align=\"center\">2<\/td><td class=\"has-text-align-center\" data-align=\"center\">6<\/td><td class=\"has-text-align-center\" data-align=\"center\">0<\/td><td class=\"has-text-align-center\" data-align=\"center\">2<\/td><td class=\"has-text-align-center\" data-align=\"center\">4<\/td><td class=\"has-text-align-center\" data-align=\"center\">10<\/td><td class=\"has-text-align-center\" data-align=\"center\">19<\/td><td class=\"has-text-align-center\" data-align=\"center\">-9<\/td><\/tr><\/tbody><\/table><\/figure>\n\n\n\n<h2 class=\"wp-block-heading\"><strong>Confrontos das Quartas de final<\/strong><\/h2>\n\n\n\n<h6 data-wp-context---core-fit-text=\"core\/fit-text::{&quot;fontSize&quot;:&quot;&quot;}\" data-wp-init---core-fit-text=\"core\/fit-text::callbacks.init\" data-wp-interactive data-wp-style--font-size=\"core\/fit-text::context.fontSize\" class=\"wp-block-heading has-fit-text\"><strong>Jogo de Ida &#8211; 3 de maio<\/strong><\/h6>\n\n\n\n<figure class=\"wp-block-table is-style-stripes\"><table><tbody><tr><td><strong>Local<\/strong><\/td><td><strong>Munic\u00edpio<\/strong><\/td><td class=\"has-text-align-center\" data-align=\"center\" colspan=\"5\"><strong>ASPIRANTES E TITULARES<\/strong><\/td><\/tr><tr><td>Boa Vista<\/td><td>Po\u00e7o das Antas<\/td><td class=\"has-text-align-right\" data-align=\"right\">11 Amigos<\/td><td><\/td><td class=\"has-text-align-center\" data-align=\"center\">x<\/td><td><\/td><td>Canabarrense<\/td><\/tr><tr><td>Loteamento 8<\/td><td>Teut\u00f4nia<\/td><td class=\"has-text-align-right\" data-align=\"right\">Atl\u00e9tico Ga\u00facho<\/td><td><\/td><td class=\"has-text-align-center\" data-align=\"center\">x<\/td><td><\/td><td>Ga\u00facho<\/td><\/tr><tr><td>Linha Berlim<\/td><td>Westf\u00e1lia<\/td><td class=\"has-text-align-right\" data-align=\"right\">Juventude-We<\/td><td><\/td><td class=\"has-text-align-center\" data-align=\"center\">x<\/td><td><\/td><td>Ouro Verde<\/td><\/tr><tr><td>Centro<\/td><td>Po\u00e7o das Antas<\/td><td class=\"has-text-align-right\" data-align=\"right\">Po\u00e7o das Antas<\/td><td><\/td><td class=\"has-text-align-center\" data-align=\"center\">x<\/td><td><\/td><td>Flamengo<\/td><\/tr><\/tbody><\/table><\/figure>\n","protected":false},"excerpt":{"rendered":"<p>As quartas de final do Intermunicipal Sicredi Certel ser\u00e3o disputadas dias 3 e 31 de maio. O intervalo de tr\u00eas finais de semana ser\u00e3o por conta do dia das m\u00e3es (10\/5) e da Festa de Maio (17 e 24\/5). A defini\u00e7\u00e3o dos cruzamentos ocorreu na tarde deste domingo (26\/4), com a disputa da \u00faltima rodada [&hellip;]<\/p>\n","protected":false},"author":7,"featured_media":211585,"comment_status":"open","ping_status":"open","sticky":false,"template":"","format":"standard","meta":{"pmpro_default_level":"","_jetpack_memberships_contains_paid_content":false,"footnotes":""},"categories":[2,5,240,19840],"tags":[147,19837,40,26,25],"class_list":{"0":"post-211588","1":"post","2":"type-post","3":"status-publish","4":"format-standard","5":"has-post-thumbnail","7":"category-featured","8":"category-esportes","9":"category-futebol-amador","10":"category-intermunicipal-2026","11":"tag-futebol-amador","12":"tag-intermunicipal-2026","13":"tag-poco-das-antas","14":"tag-teutonia","15":"tag-westfalia","16":"pmpro-has-access"},"yoast_head":"<!-- This site is optimized with the Yoast SEO plugin v27.4 - https:\/\/yoast.com\/product\/yoast-seo-wordpress\/ -->\n<title>Definidas as quartas de final do Intermunicipal - Folha Popular<\/title>\n<meta name=\"robots\" content=\"index, follow, max-snippet:-1, max-image-preview:large, max-video-preview:-1\" \/>\n<link rel=\"canonical\" href=\"https:\/\/folhapopular.info\/index.php\/2026\/04\/26\/definidas-as-quartas-de-final-do-intermunicipal\/\" \/>\n<meta property=\"og:locale\" content=\"pt_BR\" \/>\n<meta property=\"og:type\" content=\"article\" \/>\n<meta property=\"og:title\" content=\"Definidas as quartas de final do Intermunicipal - Folha Popular\" \/>\n<meta property=\"og:description\" content=\"As quartas de final do Intermunicipal Sicredi Certel ser\u00e3o disputadas dias 3 e 31 de maio. O intervalo de tr\u00eas finais de semana ser\u00e3o por conta do dia das m\u00e3es (10\/5) e da Festa de Maio (17 e 24\/5). A defini\u00e7\u00e3o dos cruzamentos ocorreu na tarde deste domingo (26\/4), com a disputa da \u00faltima rodada [&hellip;]\" \/>\n<meta property=\"og:url\" content=\"https:\/\/folhapopular.info\/index.php\/2026\/04\/26\/definidas-as-quartas-de-final-do-intermunicipal\/\" \/>\n<meta property=\"og:site_name\" content=\"Folha Popular\" \/>\n<meta property=\"article:published_time\" content=\"2026-04-26T22:26:54+00:00\" \/>\n<meta property=\"article:modified_time\" content=\"2026-04-26T22:26:57+00:00\" \/>\n<meta property=\"og:image\" content=\"https:\/\/folhapopular.info\/wp-content\/uploads\/2026\/04\/WhatsApp-Image-2026-04-26-at-16.10.51.webp\" \/>\n\t<meta property=\"og:image:width\" content=\"1200\" \/>\n\t<meta property=\"og:image:height\" content=\"1600\" \/>\n\t<meta property=\"og:image:type\" content=\"image\/webp\" \/>\n<meta name=\"author\" content=\"Lucas Leandro Brune\" \/>\n<meta name=\"twitter:card\" content=\"summary_large_image\" \/>\n<meta name=\"twitter:label1\" content=\"Escrito por\" \/>\n\t<meta name=\"twitter:data1\" content=\"Lucas Leandro Brune\" \/>\n\t<meta name=\"twitter:label2\" content=\"Est. tempo de leitura\" \/>\n\t<meta name=\"twitter:data2\" content=\"4 minutos\" \/>\n<script type=\"application\/ld+json\" class=\"yoast-schema-graph\">{\"@context\":\"https:\\\/\\\/schema.org\",\"@graph\":[{\"@type\":\"Article\",\"@id\":\"https:\\\/\\\/folhapopular.info\\\/index.php\\\/2026\\\/04\\\/26\\\/definidas-as-quartas-de-final-do-intermunicipal\\\/#article\",\"isPartOf\":{\"@id\":\"https:\\\/\\\/folhapopular.info\\\/index.php\\\/2026\\\/04\\\/26\\\/definidas-as-quartas-de-final-do-intermunicipal\\\/\"},\"author\":{\"name\":\"Lucas Leandro Brune\",\"@id\":\"https:\\\/\\\/folhapopular.info\\\/#\\\/schema\\\/person\\\/533a15f60cd49e81ab3a90b4ca33cb36\"},\"headline\":\"Definidas as quartas de final do Intermunicipal\",\"datePublished\":\"2026-04-26T22:26:54+00:00\",\"dateModified\":\"2026-04-26T22:26:57+00:00\",\"mainEntityOfPage\":{\"@id\":\"https:\\\/\\\/folhapopular.info\\\/index.php\\\/2026\\\/04\\\/26\\\/definidas-as-quartas-de-final-do-intermunicipal\\\/\"},\"wordCount\":450,\"commentCount\":0,\"image\":{\"@id\":\"https:\\\/\\\/folhapopular.info\\\/index.php\\\/2026\\\/04\\\/26\\\/definidas-as-quartas-de-final-do-intermunicipal\\\/#primaryimage\"},\"thumbnailUrl\":\"https:\\\/\\\/folhapopular.info\\\/wp-content\\\/uploads\\\/2026\\\/04\\\/WhatsApp-Image-2026-04-26-at-16.10.51.webp\",\"keywords\":[\"futebol amador\",\"Intermunicipal 2026\",\"Po\u00e7o das Antas\",\"Teut\u00f4nia\",\"Westf\u00e1lia\"],\"articleSection\":[\"Destaques\",\"Esportes\",\"Futebol Amador\",\"Intermunicipal 2026\"],\"inLanguage\":\"pt-BR\",\"potentialAction\":[{\"@type\":\"CommentAction\",\"name\":\"Comment\",\"target\":[\"https:\\\/\\\/folhapopular.info\\\/index.php\\\/2026\\\/04\\\/26\\\/definidas-as-quartas-de-final-do-intermunicipal\\\/#respond\"]}]},{\"@type\":\"WebPage\",\"@id\":\"https:\\\/\\\/folhapopular.info\\\/index.php\\\/2026\\\/04\\\/26\\\/definidas-as-quartas-de-final-do-intermunicipal\\\/\",\"url\":\"https:\\\/\\\/folhapopular.info\\\/index.php\\\/2026\\\/04\\\/26\\\/definidas-as-quartas-de-final-do-intermunicipal\\\/\",\"name\":\"Definidas as quartas de final do Intermunicipal - Folha Popular\",\"isPartOf\":{\"@id\":\"https:\\\/\\\/folhapopular.info\\\/#website\"},\"primaryImageOfPage\":{\"@id\":\"https:\\\/\\\/folhapopular.info\\\/index.php\\\/2026\\\/04\\\/26\\\/definidas-as-quartas-de-final-do-intermunicipal\\\/#primaryimage\"},\"image\":{\"@id\":\"https:\\\/\\\/folhapopular.info\\\/index.php\\\/2026\\\/04\\\/26\\\/definidas-as-quartas-de-final-do-intermunicipal\\\/#primaryimage\"},\"thumbnailUrl\":\"https:\\\/\\\/folhapopular.info\\\/wp-content\\\/uploads\\\/2026\\\/04\\\/WhatsApp-Image-2026-04-26-at-16.10.51.webp\",\"datePublished\":\"2026-04-26T22:26:54+00:00\",\"dateModified\":\"2026-04-26T22:26:57+00:00\",\"author\":{\"@id\":\"https:\\\/\\\/folhapopular.info\\\/#\\\/schema\\\/person\\\/533a15f60cd49e81ab3a90b4ca33cb36\"},\"breadcrumb\":{\"@id\":\"https:\\\/\\\/folhapopular.info\\\/index.php\\\/2026\\\/04\\\/26\\\/definidas-as-quartas-de-final-do-intermunicipal\\\/#breadcrumb\"},\"inLanguage\":\"pt-BR\",\"potentialAction\":[{\"@type\":\"ReadAction\",\"target\":[\"https:\\\/\\\/folhapopular.info\\\/index.php\\\/2026\\\/04\\\/26\\\/definidas-as-quartas-de-final-do-intermunicipal\\\/\"]}]},{\"@type\":\"ImageObject\",\"inLanguage\":\"pt-BR\",\"@id\":\"https:\\\/\\\/folhapopular.info\\\/index.php\\\/2026\\\/04\\\/26\\\/definidas-as-quartas-de-final-do-intermunicipal\\\/#primaryimage\",\"url\":\"https:\\\/\\\/folhapopular.info\\\/wp-content\\\/uploads\\\/2026\\\/04\\\/WhatsApp-Image-2026-04-26-at-16.10.51.webp\",\"contentUrl\":\"https:\\\/\\\/folhapopular.info\\\/wp-content\\\/uploads\\\/2026\\\/04\\\/WhatsApp-Image-2026-04-26-at-16.10.51.webp\",\"width\":1200,\"height\":1600,\"caption\":\"Em Linha Ribeiro, Ribeirense (amarelo) e 11 Amigos definiram a \u00faltima vaga \\\/\\\/ Cr\u00e9dito: Bianca Let\u00edcia Fritscher\"},{\"@type\":\"BreadcrumbList\",\"@id\":\"https:\\\/\\\/folhapopular.info\\\/index.php\\\/2026\\\/04\\\/26\\\/definidas-as-quartas-de-final-do-intermunicipal\\\/#breadcrumb\",\"itemListElement\":[{\"@type\":\"ListItem\",\"position\":1,\"name\":\"In\u00edcio\",\"item\":\"https:\\\/\\\/folhapopular.info\\\/\"},{\"@type\":\"ListItem\",\"position\":2,\"name\":\"Definidas as quartas de final do Intermunicipal\"}]},{\"@type\":\"WebSite\",\"@id\":\"https:\\\/\\\/folhapopular.info\\\/#website\",\"url\":\"https:\\\/\\\/folhapopular.info\\\/\",\"name\":\"Folha Popular\",\"description\":\"Onde voc\u00ea tem vez e voz\",\"potentialAction\":[{\"@type\":\"SearchAction\",\"target\":{\"@type\":\"EntryPoint\",\"urlTemplate\":\"https:\\\/\\\/folhapopular.info\\\/?s={search_term_string}\"},\"query-input\":{\"@type\":\"PropertyValueSpecification\",\"valueRequired\":true,\"valueName\":\"search_term_string\"}}],\"inLanguage\":\"pt-BR\"},{\"@type\":\"Person\",\"@id\":\"https:\\\/\\\/folhapopular.info\\\/#\\\/schema\\\/person\\\/533a15f60cd49e81ab3a90b4ca33cb36\",\"name\":\"Lucas Leandro Brune\",\"image\":{\"@type\":\"ImageObject\",\"inLanguage\":\"pt-BR\",\"@id\":\"https:\\\/\\\/folhapopular.info\\\/wp-content\\\/uploads\\\/2026\\\/04\\\/LUCAS-1-1.webp\",\"url\":\"https:\\\/\\\/folhapopular.info\\\/wp-content\\\/uploads\\\/2026\\\/04\\\/LUCAS-1-1.webp\",\"contentUrl\":\"https:\\\/\\\/folhapopular.info\\\/wp-content\\\/uploads\\\/2026\\\/04\\\/LUCAS-1-1.webp\",\"caption\":\"Lucas Leandro Brune\"},\"description\":\"Jornalista Profissional Diplomado MTB\\\/RS 14.333\",\"url\":\"https:\\\/\\\/folhapopular.info\\\/index.php\\\/author\\\/lucas-brune\\\/\"}]}<\/script>\n<!-- \/ Yoast SEO plugin. -->","yoast_head_json":{"title":"Definidas as quartas de final do Intermunicipal - Folha Popular","robots":{"index":"index","follow":"follow","max-snippet":"max-snippet:-1","max-image-preview":"max-image-preview:large","max-video-preview":"max-video-preview:-1"},"canonical":"https:\/\/folhapopular.info\/index.php\/2026\/04\/26\/definidas-as-quartas-de-final-do-intermunicipal\/","og_locale":"pt_BR","og_type":"article","og_title":"Definidas as quartas de final do Intermunicipal - Folha Popular","og_description":"As quartas de final do Intermunicipal Sicredi Certel ser\u00e3o disputadas dias 3 e 31 de maio. O intervalo de tr\u00eas finais de semana ser\u00e3o por conta do dia das m\u00e3es (10\/5) e da Festa de Maio (17 e 24\/5). A defini\u00e7\u00e3o dos cruzamentos ocorreu na tarde deste domingo (26\/4), com a disputa da \u00faltima rodada [&hellip;]","og_url":"https:\/\/folhapopular.info\/index.php\/2026\/04\/26\/definidas-as-quartas-de-final-do-intermunicipal\/","og_site_name":"Folha Popular","article_published_time":"2026-04-26T22:26:54+00:00","article_modified_time":"2026-04-26T22:26:57+00:00","og_image":[{"width":1200,"height":1600,"url":"https:\/\/folhapopular.info\/wp-content\/uploads\/2026\/04\/WhatsApp-Image-2026-04-26-at-16.10.51.webp","type":"image\/webp"}],"author":"Lucas Leandro Brune","twitter_card":"summary_large_image","twitter_misc":{"Escrito por":"Lucas Leandro Brune","Est. tempo de leitura":"4 minutos"},"schema":{"@context":"https:\/\/schema.org","@graph":[{"@type":"Article","@id":"https:\/\/folhapopular.info\/index.php\/2026\/04\/26\/definidas-as-quartas-de-final-do-intermunicipal\/#article","isPartOf":{"@id":"https:\/\/folhapopular.info\/index.php\/2026\/04\/26\/definidas-as-quartas-de-final-do-intermunicipal\/"},"author":{"name":"Lucas Leandro Brune","@id":"https:\/\/folhapopular.info\/#\/schema\/person\/533a15f60cd49e81ab3a90b4ca33cb36"},"headline":"Definidas as quartas de final do Intermunicipal","datePublished":"2026-04-26T22:26:54+00:00","dateModified":"2026-04-26T22:26:57+00:00","mainEntityOfPage":{"@id":"https:\/\/folhapopular.info\/index.php\/2026\/04\/26\/definidas-as-quartas-de-final-do-intermunicipal\/"},"wordCount":450,"commentCount":0,"image":{"@id":"https:\/\/folhapopular.info\/index.php\/2026\/04\/26\/definidas-as-quartas-de-final-do-intermunicipal\/#primaryimage"},"thumbnailUrl":"https:\/\/folhapopular.info\/wp-content\/uploads\/2026\/04\/WhatsApp-Image-2026-04-26-at-16.10.51.webp","keywords":["futebol amador","Intermunicipal 2026","Po\u00e7o das Antas","Teut\u00f4nia","Westf\u00e1lia"],"articleSection":["Destaques","Esportes","Futebol Amador","Intermunicipal 2026"],"inLanguage":"pt-BR","potentialAction":[{"@type":"CommentAction","name":"Comment","target":["https:\/\/folhapopular.info\/index.php\/2026\/04\/26\/definidas-as-quartas-de-final-do-intermunicipal\/#respond"]}]},{"@type":"WebPage","@id":"https:\/\/folhapopular.info\/index.php\/2026\/04\/26\/definidas-as-quartas-de-final-do-intermunicipal\/","url":"https:\/\/folhapopular.info\/index.php\/2026\/04\/26\/definidas-as-quartas-de-final-do-intermunicipal\/","name":"Definidas as quartas de final do Intermunicipal - Folha Popular","isPartOf":{"@id":"https:\/\/folhapopular.info\/#website"},"primaryImageOfPage":{"@id":"https:\/\/folhapopular.info\/index.php\/2026\/04\/26\/definidas-as-quartas-de-final-do-intermunicipal\/#primaryimage"},"image":{"@id":"https:\/\/folhapopular.info\/index.php\/2026\/04\/26\/definidas-as-quartas-de-final-do-intermunicipal\/#primaryimage"},"thumbnailUrl":"https:\/\/folhapopular.info\/wp-content\/uploads\/2026\/04\/WhatsApp-Image-2026-04-26-at-16.10.51.webp","datePublished":"2026-04-26T22:26:54+00:00","dateModified":"2026-04-26T22:26:57+00:00","author":{"@id":"https:\/\/folhapopular.info\/#\/schema\/person\/533a15f60cd49e81ab3a90b4ca33cb36"},"breadcrumb":{"@id":"https:\/\/folhapopular.info\/index.php\/2026\/04\/26\/definidas-as-quartas-de-final-do-intermunicipal\/#breadcrumb"},"inLanguage":"pt-BR","potentialAction":[{"@type":"ReadAction","target":["https:\/\/folhapopular.info\/index.php\/2026\/04\/26\/definidas-as-quartas-de-final-do-intermunicipal\/"]}]},{"@type":"ImageObject","inLanguage":"pt-BR","@id":"https:\/\/folhapopular.info\/index.php\/2026\/04\/26\/definidas-as-quartas-de-final-do-intermunicipal\/#primaryimage","url":"https:\/\/folhapopular.info\/wp-content\/uploads\/2026\/04\/WhatsApp-Image-2026-04-26-at-16.10.51.webp","contentUrl":"https:\/\/folhapopular.info\/wp-content\/uploads\/2026\/04\/WhatsApp-Image-2026-04-26-at-16.10.51.webp","width":1200,"height":1600,"caption":"Em Linha Ribeiro, Ribeirense (amarelo) e 11 Amigos definiram a \u00faltima vaga \/\/ Cr\u00e9dito: Bianca Let\u00edcia Fritscher"},{"@type":"BreadcrumbList","@id":"https:\/\/folhapopular.info\/index.php\/2026\/04\/26\/definidas-as-quartas-de-final-do-intermunicipal\/#breadcrumb","itemListElement":[{"@type":"ListItem","position":1,"name":"In\u00edcio","item":"https:\/\/folhapopular.info\/"},{"@type":"ListItem","position":2,"name":"Definidas as quartas de final do Intermunicipal"}]},{"@type":"WebSite","@id":"https:\/\/folhapopular.info\/#website","url":"https:\/\/folhapopular.info\/","name":"Folha Popular","description":"Onde voc\u00ea tem vez e voz","potentialAction":[{"@type":"SearchAction","target":{"@type":"EntryPoint","urlTemplate":"https:\/\/folhapopular.info\/?s={search_term_string}"},"query-input":{"@type":"PropertyValueSpecification","valueRequired":true,"valueName":"search_term_string"}}],"inLanguage":"pt-BR"},{"@type":"Person","@id":"https:\/\/folhapopular.info\/#\/schema\/person\/533a15f60cd49e81ab3a90b4ca33cb36","name":"Lucas Leandro Brune","image":{"@type":"ImageObject","inLanguage":"pt-BR","@id":"https:\/\/folhapopular.info\/wp-content\/uploads\/2026\/04\/LUCAS-1-1.webp","url":"https:\/\/folhapopular.info\/wp-content\/uploads\/2026\/04\/LUCAS-1-1.webp","contentUrl":"https:\/\/folhapopular.info\/wp-content\/uploads\/2026\/04\/LUCAS-1-1.webp","caption":"Lucas Leandro Brune"},"description":"Jornalista Profissional Diplomado MTB\/RS 14.333","url":"https:\/\/folhapopular.info\/index.php\/author\/lucas-brune\/"}]}},"jetpack_featured_media_url":"https:\/\/folhapopular.info\/wp-content\/uploads\/2026\/04\/WhatsApp-Image-2026-04-26-at-16.10.51.webp","jetpack_sharing_enabled":true,"amp_enabled":true,"_links":{"self":[{"href":"https:\/\/folhapopular.info\/index.php\/wp-json\/wp\/v2\/posts\/211588","targetHints":{"allow":["GET"]}}],"collection":[{"href":"https:\/\/folhapopular.info\/index.php\/wp-json\/wp\/v2\/posts"}],"about":[{"href":"https:\/\/folhapopular.info\/index.php\/wp-json\/wp\/v2\/types\/post"}],"author":[{"embeddable":true,"href":"https:\/\/folhapopular.info\/index.php\/wp-json\/wp\/v2\/users\/7"}],"replies":[{"embeddable":true,"href":"https:\/\/folhapopular.info\/index.php\/wp-json\/wp\/v2\/comments?post=211588"}],"version-history":[{"count":1,"href":"https:\/\/folhapopular.info\/index.php\/wp-json\/wp\/v2\/posts\/211588\/revisions"}],"predecessor-version":[{"id":211589,"href":"https:\/\/folhapopular.info\/index.php\/wp-json\/wp\/v2\/posts\/211588\/revisions\/211589"}],"wp:featuredmedia":[{"embeddable":true,"href":"https:\/\/folhapopular.info\/index.php\/wp-json\/wp\/v2\/media\/211585"}],"wp:attachment":[{"href":"https:\/\/folhapopular.info\/index.php\/wp-json\/wp\/v2\/media?parent=211588"}],"wp:term":[{"taxonomy":"category","embeddable":true,"href":"https:\/\/folhapopular.info\/index.php\/wp-json\/wp\/v2\/categories?post=211588"},{"taxonomy":"post_tag","embeddable":true,"href":"https:\/\/folhapopular.info\/index.php\/wp-json\/wp\/v2\/tags?post=211588"}],"curies":[{"name":"wp","href":"https:\/\/api.w.org\/{rel}","templated":true}]}}