{"id":211600,"date":"2026-04-26T22:11:04","date_gmt":"2026-04-27T01:11:04","guid":{"rendered":"https:\/\/folhapopular.info\/?p=211600"},"modified":"2026-04-26T22:11:05","modified_gmt":"2026-04-27T01:11:05","slug":"motorista-de-atropelamento-com-morte-na-br-386-e-localizado-e-preso-em-estrela","status":"publish","type":"post","link":"https:\/\/folhapopular.info\/index.php\/2026\/04\/26\/motorista-de-atropelamento-com-morte-na-br-386-e-localizado-e-preso-em-estrela\/","title":{"rendered":"Motorista de atropelamento com morte na BR-386 \u00e9 localizado e preso em Estrela"},"content":{"rendered":"\n<p>O motorista envolvido no <a href=\"https:\/\/folhapopular.info\/index.php\/2026\/04\/26\/atropelamento-na-br-386-deixa-uma-mulher-morta-e-outra-em-estado-gravissimo\/\">atropelamento que deixou uma mulher morta e outra em estado grav\u00edssimo na BR-386, em Estrela<\/a>, foi localizado e preso. O homem, de 47 anos, morador do bairro Bom Pastor, em Lajeado, foi encontrado pela Brigada Militar escondido em meio \u00e0 vegeta\u00e7\u00e3o no bairro das Ind\u00fastrias.<\/p>\n\n\n\n<p>Ele foi submetido ao teste do etil\u00f4metro, que apontou 0,66 miligrama de \u00e1lcool por litro de ar expelido, configurando crime de tr\u00e2nsito.<\/p>\n\n\n\n<p>O acidente ocorreu quando um Chevrolet Cruze, com placas de Passo Fundo, trafegava no sentido interior\u2013capital e atingiu duas mulheres.<\/p>\n\n\n\n<p>Uma das v\u00edtimas morreu no local, sendo projetada a cerca de 20 metros do ponto de impacto. A outra foi socorrida em estado grav\u00edssimo e encaminhada ao Hospital Estrela.<\/p>\n\n\n\n<p>Atenderam a ocorr\u00eancia equipes da Pol\u00edcia Rodovi\u00e1ria Federal, Samu, Corpo de Bombeiros e Pol\u00edcia Civil. O Instituto-Geral de Per\u00edcias foi acionado.<\/p>\n\n\n\n<p>As circunst\u00e2ncias do caso ser\u00e3o investigadas.<\/p>\n","protected":false},"excerpt":{"rendered":"<p>O motorista envolvido no atropelamento que deixou uma mulher morta e outra em estado grav\u00edssimo na BR-386, em Estrela, foi localizado e preso. O homem, de 47 anos, morador do bairro Bom Pastor, em Lajeado, foi encontrado pela Brigada Militar escondido em meio \u00e0 vegeta\u00e7\u00e3o no bairro das Ind\u00fastrias. Ele foi submetido ao teste do [&hellip;]<\/p>\n","protected":false},"author":8,"featured_media":135674,"comment_status":"open","ping_status":"open","sticky":false,"template":"","format":"standard","meta":{"pmpro_default_level":"","_jetpack_memberships_contains_paid_content":false,"footnotes":""},"categories":[7,10983],"tags":[249,8,629,21091,107],"class_list":{"0":"post-211600","1":"post","2":"type-post","3":"status-publish","4":"format-standard","5":"has-post-thumbnail","7":"category-seguranca","8":"category-transito","9":"tag-atropelamento","10":"tag-estrela","11":"tag-morte","12":"tag-motorista-embriagado","13":"tag-prisao","14":"pmpro-has-access"},"yoast_head":"<!-- This site is optimized with the Yoast SEO plugin v27.4 - https:\/\/yoast.com\/product\/yoast-seo-wordpress\/ -->\n<title>Motorista de atropelamento com morte na BR-386 \u00e9 localizado e preso em Estrela - Folha Popular<\/title>\n<meta name=\"robots\" content=\"index, follow, max-snippet:-1, max-image-preview:large, max-video-preview:-1\" \/>\n<link rel=\"canonical\" href=\"https:\/\/folhapopular.info\/index.php\/2026\/04\/26\/motorista-de-atropelamento-com-morte-na-br-386-e-localizado-e-preso-em-estrela\/\" \/>\n<meta property=\"og:locale\" content=\"pt_BR\" \/>\n<meta property=\"og:type\" content=\"article\" \/>\n<meta property=\"og:title\" content=\"Motorista de atropelamento com morte na BR-386 \u00e9 localizado e preso em Estrela - Folha Popular\" \/>\n<meta property=\"og:description\" content=\"O motorista envolvido no atropelamento que deixou uma mulher morta e outra em estado grav\u00edssimo na BR-386, em Estrela, foi localizado e preso. O homem, de 47 anos, morador do bairro Bom Pastor, em Lajeado, foi encontrado pela Brigada Militar escondido em meio \u00e0 vegeta\u00e7\u00e3o no bairro das Ind\u00fastrias. Ele foi submetido ao teste do [&hellip;]\" \/>\n<meta property=\"og:url\" content=\"https:\/\/folhapopular.info\/index.php\/2026\/04\/26\/motorista-de-atropelamento-com-morte-na-br-386-e-localizado-e-preso-em-estrela\/\" \/>\n<meta property=\"og:site_name\" content=\"Folha Popular\" \/>\n<meta property=\"article:published_time\" content=\"2026-04-27T01:11:04+00:00\" \/>\n<meta property=\"article:modified_time\" content=\"2026-04-27T01:11:05+00:00\" \/>\n<meta property=\"og:image\" content=\"https:\/\/folhapopular.info\/wp-content\/uploads\/2023\/07\/sirene-policia.jpg\" \/>\n\t<meta property=\"og:image:width\" content=\"600\" \/>\n\t<meta property=\"og:image:height\" content=\"400\" \/>\n\t<meta property=\"og:image:type\" content=\"image\/jpeg\" \/>\n<meta name=\"author\" content=\"Reda\u00e7\u00e3o Folha Popular\" \/>\n<meta name=\"twitter:card\" content=\"summary_large_image\" \/>\n<meta name=\"twitter:label1\" content=\"Escrito por\" \/>\n\t<meta name=\"twitter:data1\" content=\"Reda\u00e7\u00e3o Folha Popular\" \/>\n\t<meta name=\"twitter:label2\" content=\"Est. tempo de leitura\" \/>\n\t<meta name=\"twitter:data2\" content=\"2 minutos\" \/>\n<script type=\"application\/ld+json\" class=\"yoast-schema-graph\">{\"@context\":\"https:\\\/\\\/schema.org\",\"@graph\":[{\"@type\":\"Article\",\"@id\":\"https:\\\/\\\/folhapopular.info\\\/index.php\\\/2026\\\/04\\\/26\\\/motorista-de-atropelamento-com-morte-na-br-386-e-localizado-e-preso-em-estrela\\\/#article\",\"isPartOf\":{\"@id\":\"https:\\\/\\\/folhapopular.info\\\/index.php\\\/2026\\\/04\\\/26\\\/motorista-de-atropelamento-com-morte-na-br-386-e-localizado-e-preso-em-estrela\\\/\"},\"author\":{\"name\":\"Reda\u00e7\u00e3o Folha Popular\",\"@id\":\"https:\\\/\\\/folhapopular.info\\\/#\\\/schema\\\/person\\\/2814e8a0df7643585a9ca38bc6eb9d4b\"},\"headline\":\"Motorista de atropelamento com morte na BR-386 \u00e9 localizado e preso em Estrela\",\"datePublished\":\"2026-04-27T01:11:04+00:00\",\"dateModified\":\"2026-04-27T01:11:05+00:00\",\"mainEntityOfPage\":{\"@id\":\"https:\\\/\\\/folhapopular.info\\\/index.php\\\/2026\\\/04\\\/26\\\/motorista-de-atropelamento-com-morte-na-br-386-e-localizado-e-preso-em-estrela\\\/\"},\"wordCount\":170,\"commentCount\":0,\"image\":{\"@id\":\"https:\\\/\\\/folhapopular.info\\\/index.php\\\/2026\\\/04\\\/26\\\/motorista-de-atropelamento-com-morte-na-br-386-e-localizado-e-preso-em-estrela\\\/#primaryimage\"},\"thumbnailUrl\":\"https:\\\/\\\/folhapopular.info\\\/wp-content\\\/uploads\\\/2023\\\/07\\\/sirene-policia.jpg\",\"keywords\":[\"Atropelamento\",\"Estrela\",\"morte\",\"motorista embriagado\",\"Pris\u00e3o\"],\"articleSection\":[\"Seguran\u00e7a\",\"Tr\u00e2nsito\"],\"inLanguage\":\"pt-BR\",\"potentialAction\":[{\"@type\":\"CommentAction\",\"name\":\"Comment\",\"target\":[\"https:\\\/\\\/folhapopular.info\\\/index.php\\\/2026\\\/04\\\/26\\\/motorista-de-atropelamento-com-morte-na-br-386-e-localizado-e-preso-em-estrela\\\/#respond\"]}]},{\"@type\":\"WebPage\",\"@id\":\"https:\\\/\\\/folhapopular.info\\\/index.php\\\/2026\\\/04\\\/26\\\/motorista-de-atropelamento-com-morte-na-br-386-e-localizado-e-preso-em-estrela\\\/\",\"url\":\"https:\\\/\\\/folhapopular.info\\\/index.php\\\/2026\\\/04\\\/26\\\/motorista-de-atropelamento-com-morte-na-br-386-e-localizado-e-preso-em-estrela\\\/\",\"name\":\"Motorista de atropelamento com morte na BR-386 \u00e9 localizado e preso em Estrela - Folha Popular\",\"isPartOf\":{\"@id\":\"https:\\\/\\\/folhapopular.info\\\/#website\"},\"primaryImageOfPage\":{\"@id\":\"https:\\\/\\\/folhapopular.info\\\/index.php\\\/2026\\\/04\\\/26\\\/motorista-de-atropelamento-com-morte-na-br-386-e-localizado-e-preso-em-estrela\\\/#primaryimage\"},\"image\":{\"@id\":\"https:\\\/\\\/folhapopular.info\\\/index.php\\\/2026\\\/04\\\/26\\\/motorista-de-atropelamento-com-morte-na-br-386-e-localizado-e-preso-em-estrela\\\/#primaryimage\"},\"thumbnailUrl\":\"https:\\\/\\\/folhapopular.info\\\/wp-content\\\/uploads\\\/2023\\\/07\\\/sirene-policia.jpg\",\"datePublished\":\"2026-04-27T01:11:04+00:00\",\"dateModified\":\"2026-04-27T01:11:05+00:00\",\"author\":{\"@id\":\"https:\\\/\\\/folhapopular.info\\\/#\\\/schema\\\/person\\\/2814e8a0df7643585a9ca38bc6eb9d4b\"},\"breadcrumb\":{\"@id\":\"https:\\\/\\\/folhapopular.info\\\/index.php\\\/2026\\\/04\\\/26\\\/motorista-de-atropelamento-com-morte-na-br-386-e-localizado-e-preso-em-estrela\\\/#breadcrumb\"},\"inLanguage\":\"pt-BR\",\"potentialAction\":[{\"@type\":\"ReadAction\",\"target\":[\"https:\\\/\\\/folhapopular.info\\\/index.php\\\/2026\\\/04\\\/26\\\/motorista-de-atropelamento-com-morte-na-br-386-e-localizado-e-preso-em-estrela\\\/\"]}]},{\"@type\":\"ImageObject\",\"inLanguage\":\"pt-BR\",\"@id\":\"https:\\\/\\\/folhapopular.info\\\/index.php\\\/2026\\\/04\\\/26\\\/motorista-de-atropelamento-com-morte-na-br-386-e-localizado-e-preso-em-estrela\\\/#primaryimage\",\"url\":\"https:\\\/\\\/folhapopular.info\\\/wp-content\\\/uploads\\\/2023\\\/07\\\/sirene-policia.jpg\",\"contentUrl\":\"https:\\\/\\\/folhapopular.info\\\/wp-content\\\/uploads\\\/2023\\\/07\\\/sirene-policia.jpg\",\"width\":600,\"height\":400,\"caption\":\"Imagem ilustrativa | Divulga\u00e7\u00e3o\"},{\"@type\":\"BreadcrumbList\",\"@id\":\"https:\\\/\\\/folhapopular.info\\\/index.php\\\/2026\\\/04\\\/26\\\/motorista-de-atropelamento-com-morte-na-br-386-e-localizado-e-preso-em-estrela\\\/#breadcrumb\",\"itemListElement\":[{\"@type\":\"ListItem\",\"position\":1,\"name\":\"In\u00edcio\",\"item\":\"https:\\\/\\\/folhapopular.info\\\/\"},{\"@type\":\"ListItem\",\"position\":2,\"name\":\"Motorista de atropelamento com morte na BR-386 \u00e9 localizado e preso em Estrela\"}]},{\"@type\":\"WebSite\",\"@id\":\"https:\\\/\\\/folhapopular.info\\\/#website\",\"url\":\"https:\\\/\\\/folhapopular.info\\\/\",\"name\":\"Folha Popular\",\"description\":\"Onde voc\u00ea tem vez e voz\",\"potentialAction\":[{\"@type\":\"SearchAction\",\"target\":{\"@type\":\"EntryPoint\",\"urlTemplate\":\"https:\\\/\\\/folhapopular.info\\\/?s={search_term_string}\"},\"query-input\":{\"@type\":\"PropertyValueSpecification\",\"valueRequired\":true,\"valueName\":\"search_term_string\"}}],\"inLanguage\":\"pt-BR\"},{\"@type\":\"Person\",\"@id\":\"https:\\\/\\\/folhapopular.info\\\/#\\\/schema\\\/person\\\/2814e8a0df7643585a9ca38bc6eb9d4b\",\"name\":\"Reda\u00e7\u00e3o Folha Popular\",\"image\":{\"@type\":\"ImageObject\",\"inLanguage\":\"pt-BR\",\"@id\":\"https:\\\/\\\/folhapopular.info\\\/wp-content\\\/uploads\\\/2026\\\/04\\\/Folha-1.webp\",\"url\":\"https:\\\/\\\/folhapopular.info\\\/wp-content\\\/uploads\\\/2026\\\/04\\\/Folha-1.webp\",\"contentUrl\":\"https:\\\/\\\/folhapopular.info\\\/wp-content\\\/uploads\\\/2026\\\/04\\\/Folha-1.webp\",\"caption\":\"Reda\u00e7\u00e3o Folha Popular\"},\"url\":\"https:\\\/\\\/folhapopular.info\\\/index.php\\\/author\\\/redacao\\\/\"}]}<\/script>\n<!-- \/ Yoast SEO plugin. -->","yoast_head_json":{"title":"Motorista de atropelamento com morte na BR-386 \u00e9 localizado e preso em Estrela - Folha Popular","robots":{"index":"index","follow":"follow","max-snippet":"max-snippet:-1","max-image-preview":"max-image-preview:large","max-video-preview":"max-video-preview:-1"},"canonical":"https:\/\/folhapopular.info\/index.php\/2026\/04\/26\/motorista-de-atropelamento-com-morte-na-br-386-e-localizado-e-preso-em-estrela\/","og_locale":"pt_BR","og_type":"article","og_title":"Motorista de atropelamento com morte na BR-386 \u00e9 localizado e preso em Estrela - Folha Popular","og_description":"O motorista envolvido no atropelamento que deixou uma mulher morta e outra em estado grav\u00edssimo na BR-386, em Estrela, foi localizado e preso. O homem, de 47 anos, morador do bairro Bom Pastor, em Lajeado, foi encontrado pela Brigada Militar escondido em meio \u00e0 vegeta\u00e7\u00e3o no bairro das Ind\u00fastrias. Ele foi submetido ao teste do [&hellip;]","og_url":"https:\/\/folhapopular.info\/index.php\/2026\/04\/26\/motorista-de-atropelamento-com-morte-na-br-386-e-localizado-e-preso-em-estrela\/","og_site_name":"Folha Popular","article_published_time":"2026-04-27T01:11:04+00:00","article_modified_time":"2026-04-27T01:11:05+00:00","og_image":[{"width":600,"height":400,"url":"https:\/\/folhapopular.info\/wp-content\/uploads\/2023\/07\/sirene-policia.jpg","type":"image\/jpeg"}],"author":"Reda\u00e7\u00e3o Folha Popular","twitter_card":"summary_large_image","twitter_misc":{"Escrito por":"Reda\u00e7\u00e3o Folha Popular","Est. tempo de leitura":"2 minutos"},"schema":{"@context":"https:\/\/schema.org","@graph":[{"@type":"Article","@id":"https:\/\/folhapopular.info\/index.php\/2026\/04\/26\/motorista-de-atropelamento-com-morte-na-br-386-e-localizado-e-preso-em-estrela\/#article","isPartOf":{"@id":"https:\/\/folhapopular.info\/index.php\/2026\/04\/26\/motorista-de-atropelamento-com-morte-na-br-386-e-localizado-e-preso-em-estrela\/"},"author":{"name":"Reda\u00e7\u00e3o Folha Popular","@id":"https:\/\/folhapopular.info\/#\/schema\/person\/2814e8a0df7643585a9ca38bc6eb9d4b"},"headline":"Motorista de atropelamento com morte na BR-386 \u00e9 localizado e preso em Estrela","datePublished":"2026-04-27T01:11:04+00:00","dateModified":"2026-04-27T01:11:05+00:00","mainEntityOfPage":{"@id":"https:\/\/folhapopular.info\/index.php\/2026\/04\/26\/motorista-de-atropelamento-com-morte-na-br-386-e-localizado-e-preso-em-estrela\/"},"wordCount":170,"commentCount":0,"image":{"@id":"https:\/\/folhapopular.info\/index.php\/2026\/04\/26\/motorista-de-atropelamento-com-morte-na-br-386-e-localizado-e-preso-em-estrela\/#primaryimage"},"thumbnailUrl":"https:\/\/folhapopular.info\/wp-content\/uploads\/2023\/07\/sirene-policia.jpg","keywords":["Atropelamento","Estrela","morte","motorista embriagado","Pris\u00e3o"],"articleSection":["Seguran\u00e7a","Tr\u00e2nsito"],"inLanguage":"pt-BR","potentialAction":[{"@type":"CommentAction","name":"Comment","target":["https:\/\/folhapopular.info\/index.php\/2026\/04\/26\/motorista-de-atropelamento-com-morte-na-br-386-e-localizado-e-preso-em-estrela\/#respond"]}]},{"@type":"WebPage","@id":"https:\/\/folhapopular.info\/index.php\/2026\/04\/26\/motorista-de-atropelamento-com-morte-na-br-386-e-localizado-e-preso-em-estrela\/","url":"https:\/\/folhapopular.info\/index.php\/2026\/04\/26\/motorista-de-atropelamento-com-morte-na-br-386-e-localizado-e-preso-em-estrela\/","name":"Motorista de atropelamento com morte na BR-386 \u00e9 localizado e preso em Estrela - Folha Popular","isPartOf":{"@id":"https:\/\/folhapopular.info\/#website"},"primaryImageOfPage":{"@id":"https:\/\/folhapopular.info\/index.php\/2026\/04\/26\/motorista-de-atropelamento-com-morte-na-br-386-e-localizado-e-preso-em-estrela\/#primaryimage"},"image":{"@id":"https:\/\/folhapopular.info\/index.php\/2026\/04\/26\/motorista-de-atropelamento-com-morte-na-br-386-e-localizado-e-preso-em-estrela\/#primaryimage"},"thumbnailUrl":"https:\/\/folhapopular.info\/wp-content\/uploads\/2023\/07\/sirene-policia.jpg","datePublished":"2026-04-27T01:11:04+00:00","dateModified":"2026-04-27T01:11:05+00:00","author":{"@id":"https:\/\/folhapopular.info\/#\/schema\/person\/2814e8a0df7643585a9ca38bc6eb9d4b"},"breadcrumb":{"@id":"https:\/\/folhapopular.info\/index.php\/2026\/04\/26\/motorista-de-atropelamento-com-morte-na-br-386-e-localizado-e-preso-em-estrela\/#breadcrumb"},"inLanguage":"pt-BR","potentialAction":[{"@type":"ReadAction","target":["https:\/\/folhapopular.info\/index.php\/2026\/04\/26\/motorista-de-atropelamento-com-morte-na-br-386-e-localizado-e-preso-em-estrela\/"]}]},{"@type":"ImageObject","inLanguage":"pt-BR","@id":"https:\/\/folhapopular.info\/index.php\/2026\/04\/26\/motorista-de-atropelamento-com-morte-na-br-386-e-localizado-e-preso-em-estrela\/#primaryimage","url":"https:\/\/folhapopular.info\/wp-content\/uploads\/2023\/07\/sirene-policia.jpg","contentUrl":"https:\/\/folhapopular.info\/wp-content\/uploads\/2023\/07\/sirene-policia.jpg","width":600,"height":400,"caption":"Imagem ilustrativa | Divulga\u00e7\u00e3o"},{"@type":"BreadcrumbList","@id":"https:\/\/folhapopular.info\/index.php\/2026\/04\/26\/motorista-de-atropelamento-com-morte-na-br-386-e-localizado-e-preso-em-estrela\/#breadcrumb","itemListElement":[{"@type":"ListItem","position":1,"name":"In\u00edcio","item":"https:\/\/folhapopular.info\/"},{"@type":"ListItem","position":2,"name":"Motorista de atropelamento com morte na BR-386 \u00e9 localizado e preso em Estrela"}]},{"@type":"WebSite","@id":"https:\/\/folhapopular.info\/#website","url":"https:\/\/folhapopular.info\/","name":"Folha Popular","description":"Onde voc\u00ea tem vez e voz","potentialAction":[{"@type":"SearchAction","target":{"@type":"EntryPoint","urlTemplate":"https:\/\/folhapopular.info\/?s={search_term_string}"},"query-input":{"@type":"PropertyValueSpecification","valueRequired":true,"valueName":"search_term_string"}}],"inLanguage":"pt-BR"},{"@type":"Person","@id":"https:\/\/folhapopular.info\/#\/schema\/person\/2814e8a0df7643585a9ca38bc6eb9d4b","name":"Reda\u00e7\u00e3o Folha Popular","image":{"@type":"ImageObject","inLanguage":"pt-BR","@id":"https:\/\/folhapopular.info\/wp-content\/uploads\/2026\/04\/Folha-1.webp","url":"https:\/\/folhapopular.info\/wp-content\/uploads\/2026\/04\/Folha-1.webp","contentUrl":"https:\/\/folhapopular.info\/wp-content\/uploads\/2026\/04\/Folha-1.webp","caption":"Reda\u00e7\u00e3o Folha Popular"},"url":"https:\/\/folhapopular.info\/index.php\/author\/redacao\/"}]}},"jetpack_featured_media_url":"https:\/\/folhapopular.info\/wp-content\/uploads\/2023\/07\/sirene-policia.jpg","jetpack_sharing_enabled":true,"amp_enabled":true,"_links":{"self":[{"href":"https:\/\/folhapopular.info\/index.php\/wp-json\/wp\/v2\/posts\/211600","targetHints":{"allow":["GET"]}}],"collection":[{"href":"https:\/\/folhapopular.info\/index.php\/wp-json\/wp\/v2\/posts"}],"about":[{"href":"https:\/\/folhapopular.info\/index.php\/wp-json\/wp\/v2\/types\/post"}],"author":[{"embeddable":true,"href":"https:\/\/folhapopular.info\/index.php\/wp-json\/wp\/v2\/users\/8"}],"replies":[{"embeddable":true,"href":"https:\/\/folhapopular.info\/index.php\/wp-json\/wp\/v2\/comments?post=211600"}],"version-history":[{"count":1,"href":"https:\/\/folhapopular.info\/index.php\/wp-json\/wp\/v2\/posts\/211600\/revisions"}],"predecessor-version":[{"id":211601,"href":"https:\/\/folhapopular.info\/index.php\/wp-json\/wp\/v2\/posts\/211600\/revisions\/211601"}],"wp:featuredmedia":[{"embeddable":true,"href":"https:\/\/folhapopular.info\/index.php\/wp-json\/wp\/v2\/media\/135674"}],"wp:attachment":[{"href":"https:\/\/folhapopular.info\/index.php\/wp-json\/wp\/v2\/media?parent=211600"}],"wp:term":[{"taxonomy":"category","embeddable":true,"href":"https:\/\/folhapopular.info\/index.php\/wp-json\/wp\/v2\/categories?post=211600"},{"taxonomy":"post_tag","embeddable":true,"href":"https:\/\/folhapopular.info\/index.php\/wp-json\/wp\/v2\/tags?post=211600"}],"curies":[{"name":"wp","href":"https:\/\/api.w.org\/{rel}","templated":true}]}}