{"id":211654,"date":"2026-04-27T08:17:18","date_gmt":"2026-04-27T11:17:18","guid":{"rendered":"https:\/\/folhapopular.info\/?p=211654"},"modified":"2026-04-27T08:17:20","modified_gmt":"2026-04-27T11:17:20","slug":"segunda-vitima-de-atropelamento-morre-e-caso-passa-a-ter-dois-obitos-na-br-386-em-estrela","status":"publish","type":"post","link":"https:\/\/folhapopular.info\/index.php\/2026\/04\/27\/segunda-vitima-de-atropelamento-morre-e-caso-passa-a-ter-dois-obitos-na-br-386-em-estrela\/","title":{"rendered":"Segunda v\u00edtima de atropelamento morre e caso passa a ter dois \u00f3bitos na BR-386, em Estrela"},"content":{"rendered":"\n<p>Morreu durante atendimento hospitalar a segunda v\u00edtima do atropelamento registrado na noite deste domingo (26\/4), na BR-386, em Estrela. Inicialmente, uma das v\u00edtimas j\u00e1 havia morrido no local. Com o novo \u00f3bito, o caso passa a contabilizar duas mortes.<\/p>\n\n\n\n<p>De acordo com informa\u00e7\u00f5es, as v\u00edtimas \u2014 duas mulheres, possivelmente m\u00e3e e filha \u2014 atravessavam a rodovia nas proximidades do viaduto, entre os bairros Boa Uni\u00e3o e Ind\u00fastrias, quando foram atingidas por um GM Cruze, que trafegava no sentido interior\u2013capital.<\/p>\n\n\n\n<p>A v\u00edtima mais velha morreu no local, sendo projetada a cerca de 20 metros do ponto de impacto. A mais jovem foi socorrida e encaminhada ao Hospital Estrela, mas n\u00e3o resistiu aos ferimentos.<\/p>\n\n\n\n<p>O motorista, de 47 anos, morador do bairro Bom Pastor, em Lajeado, fugiu ap\u00f3s o acidente, mas foi localizado pela Brigada Militar escondido em uma \u00e1rea de vegeta\u00e7\u00e3o, no bairro das Ind\u00fastrias.<\/p>\n\n\n\n<p>Ele realizou o teste do etil\u00f4metro, que apontou 0,66 miligrama de \u00e1lcool por litro de ar expelido, configurando embriaguez ao volante.<\/p>\n\n\n\n<p>O homem foi preso em flagrante, encaminhado \u00e0 Delegacia de Pol\u00edcia de Pronto Atendimento (DPPA) de Lajeado e, posteriormente, conduzido ao Pres\u00eddio Estadual.<\/p>\n\n\n\n<p>Os corpos das v\u00edtimas, ainda n\u00e3o identificadas, foram encaminhados para necropsia no Departamento M\u00e9dico-Legal (DML) de Lajeado.<\/p>\n\n\n\n<p>As circunst\u00e2ncias do acidente ser\u00e3o investigadas pela Pol\u00edcia Civil.<\/p>\n","protected":false},"excerpt":{"rendered":"<p>Morreu durante atendimento hospitalar a segunda v\u00edtima do atropelamento registrado na noite deste domingo (26\/4), na BR-386, em Estrela. Inicialmente, uma das v\u00edtimas j\u00e1 havia morrido no local. Com o novo \u00f3bito, o caso passa a contabilizar duas mortes. De acordo com informa\u00e7\u00f5es, as v\u00edtimas \u2014 duas mulheres, possivelmente m\u00e3e e filha \u2014 atravessavam a [&hellip;]<\/p>\n","protected":false},"author":8,"featured_media":211595,"comment_status":"open","ping_status":"open","sticky":false,"template":"","format":"standard","meta":{"pmpro_default_level":"","_jetpack_memberships_contains_paid_content":false,"footnotes":""},"categories":[7,10983],"tags":[249,8,629,21091],"class_list":{"0":"post-211654","1":"post","2":"type-post","3":"status-publish","4":"format-standard","5":"has-post-thumbnail","7":"category-seguranca","8":"category-transito","9":"tag-atropelamento","10":"tag-estrela","11":"tag-morte","12":"tag-motorista-embriagado","13":"pmpro-has-access"},"yoast_head":"<!-- This site is optimized with the Yoast SEO plugin v27.4 - https:\/\/yoast.com\/product\/yoast-seo-wordpress\/ -->\n<title>Segunda v\u00edtima de atropelamento morre e caso passa a ter dois \u00f3bitos na BR-386, em Estrela - Folha Popular<\/title>\n<meta name=\"robots\" content=\"index, follow, max-snippet:-1, max-image-preview:large, max-video-preview:-1\" \/>\n<link rel=\"canonical\" href=\"https:\/\/folhapopular.info\/index.php\/2026\/04\/27\/segunda-vitima-de-atropelamento-morre-e-caso-passa-a-ter-dois-obitos-na-br-386-em-estrela\/\" \/>\n<meta property=\"og:locale\" content=\"pt_BR\" \/>\n<meta property=\"og:type\" content=\"article\" \/>\n<meta property=\"og:title\" content=\"Segunda v\u00edtima de atropelamento morre e caso passa a ter dois \u00f3bitos na BR-386, em Estrela - Folha Popular\" \/>\n<meta property=\"og:description\" content=\"Morreu durante atendimento hospitalar a segunda v\u00edtima do atropelamento registrado na noite deste domingo (26\/4), na BR-386, em Estrela. Inicialmente, uma das v\u00edtimas j\u00e1 havia morrido no local. Com o novo \u00f3bito, o caso passa a contabilizar duas mortes. De acordo com informa\u00e7\u00f5es, as v\u00edtimas \u2014 duas mulheres, possivelmente m\u00e3e e filha \u2014 atravessavam a [&hellip;]\" \/>\n<meta property=\"og:url\" content=\"https:\/\/folhapopular.info\/index.php\/2026\/04\/27\/segunda-vitima-de-atropelamento-morre-e-caso-passa-a-ter-dois-obitos-na-br-386-em-estrela\/\" \/>\n<meta property=\"og:site_name\" content=\"Folha Popular\" \/>\n<meta property=\"article:published_time\" content=\"2026-04-27T11:17:18+00:00\" \/>\n<meta property=\"article:modified_time\" content=\"2026-04-27T11:17:20+00:00\" \/>\n<meta property=\"og:image\" content=\"https:\/\/folhapopular.info\/wp-content\/uploads\/2026\/04\/WhatsApp-Image-2026-04-26-at-20.19.31-e1777247116939.jpeg\" \/>\n\t<meta property=\"og:image:width\" content=\"800\" \/>\n\t<meta property=\"og:image:height\" content=\"658\" \/>\n\t<meta property=\"og:image:type\" content=\"image\/jpeg\" \/>\n<meta name=\"author\" content=\"Reda\u00e7\u00e3o Folha Popular\" \/>\n<meta name=\"twitter:card\" content=\"summary_large_image\" \/>\n<meta name=\"twitter:label1\" content=\"Escrito por\" \/>\n\t<meta name=\"twitter:data1\" content=\"Reda\u00e7\u00e3o Folha Popular\" \/>\n\t<meta name=\"twitter:label2\" content=\"Est. tempo de leitura\" \/>\n\t<meta name=\"twitter:data2\" content=\"2 minutos\" \/>\n<script type=\"application\/ld+json\" class=\"yoast-schema-graph\">{\"@context\":\"https:\\\/\\\/schema.org\",\"@graph\":[{\"@type\":\"Article\",\"@id\":\"https:\\\/\\\/folhapopular.info\\\/index.php\\\/2026\\\/04\\\/27\\\/segunda-vitima-de-atropelamento-morre-e-caso-passa-a-ter-dois-obitos-na-br-386-em-estrela\\\/#article\",\"isPartOf\":{\"@id\":\"https:\\\/\\\/folhapopular.info\\\/index.php\\\/2026\\\/04\\\/27\\\/segunda-vitima-de-atropelamento-morre-e-caso-passa-a-ter-dois-obitos-na-br-386-em-estrela\\\/\"},\"author\":{\"name\":\"Reda\u00e7\u00e3o Folha Popular\",\"@id\":\"https:\\\/\\\/folhapopular.info\\\/#\\\/schema\\\/person\\\/2814e8a0df7643585a9ca38bc6eb9d4b\"},\"headline\":\"Segunda v\u00edtima de atropelamento morre e caso passa a ter dois \u00f3bitos na BR-386, em Estrela\",\"datePublished\":\"2026-04-27T11:17:18+00:00\",\"dateModified\":\"2026-04-27T11:17:20+00:00\",\"mainEntityOfPage\":{\"@id\":\"https:\\\/\\\/folhapopular.info\\\/index.php\\\/2026\\\/04\\\/27\\\/segunda-vitima-de-atropelamento-morre-e-caso-passa-a-ter-dois-obitos-na-br-386-em-estrela\\\/\"},\"wordCount\":246,\"commentCount\":0,\"image\":{\"@id\":\"https:\\\/\\\/folhapopular.info\\\/index.php\\\/2026\\\/04\\\/27\\\/segunda-vitima-de-atropelamento-morre-e-caso-passa-a-ter-dois-obitos-na-br-386-em-estrela\\\/#primaryimage\"},\"thumbnailUrl\":\"https:\\\/\\\/folhapopular.info\\\/wp-content\\\/uploads\\\/2026\\\/04\\\/WhatsApp-Image-2026-04-26-at-20.19.31-e1777247116939.jpeg\",\"keywords\":[\"Atropelamento\",\"Estrela\",\"morte\",\"motorista embriagado\"],\"articleSection\":[\"Seguran\u00e7a\",\"Tr\u00e2nsito\"],\"inLanguage\":\"pt-BR\",\"potentialAction\":[{\"@type\":\"CommentAction\",\"name\":\"Comment\",\"target\":[\"https:\\\/\\\/folhapopular.info\\\/index.php\\\/2026\\\/04\\\/27\\\/segunda-vitima-de-atropelamento-morre-e-caso-passa-a-ter-dois-obitos-na-br-386-em-estrela\\\/#respond\"]}]},{\"@type\":\"WebPage\",\"@id\":\"https:\\\/\\\/folhapopular.info\\\/index.php\\\/2026\\\/04\\\/27\\\/segunda-vitima-de-atropelamento-morre-e-caso-passa-a-ter-dois-obitos-na-br-386-em-estrela\\\/\",\"url\":\"https:\\\/\\\/folhapopular.info\\\/index.php\\\/2026\\\/04\\\/27\\\/segunda-vitima-de-atropelamento-morre-e-caso-passa-a-ter-dois-obitos-na-br-386-em-estrela\\\/\",\"name\":\"Segunda v\u00edtima de atropelamento morre e caso passa a ter dois \u00f3bitos na BR-386, em Estrela - Folha Popular\",\"isPartOf\":{\"@id\":\"https:\\\/\\\/folhapopular.info\\\/#website\"},\"primaryImageOfPage\":{\"@id\":\"https:\\\/\\\/folhapopular.info\\\/index.php\\\/2026\\\/04\\\/27\\\/segunda-vitima-de-atropelamento-morre-e-caso-passa-a-ter-dois-obitos-na-br-386-em-estrela\\\/#primaryimage\"},\"image\":{\"@id\":\"https:\\\/\\\/folhapopular.info\\\/index.php\\\/2026\\\/04\\\/27\\\/segunda-vitima-de-atropelamento-morre-e-caso-passa-a-ter-dois-obitos-na-br-386-em-estrela\\\/#primaryimage\"},\"thumbnailUrl\":\"https:\\\/\\\/folhapopular.info\\\/wp-content\\\/uploads\\\/2026\\\/04\\\/WhatsApp-Image-2026-04-26-at-20.19.31-e1777247116939.jpeg\",\"datePublished\":\"2026-04-27T11:17:18+00:00\",\"dateModified\":\"2026-04-27T11:17:20+00:00\",\"author\":{\"@id\":\"https:\\\/\\\/folhapopular.info\\\/#\\\/schema\\\/person\\\/2814e8a0df7643585a9ca38bc6eb9d4b\"},\"breadcrumb\":{\"@id\":\"https:\\\/\\\/folhapopular.info\\\/index.php\\\/2026\\\/04\\\/27\\\/segunda-vitima-de-atropelamento-morre-e-caso-passa-a-ter-dois-obitos-na-br-386-em-estrela\\\/#breadcrumb\"},\"inLanguage\":\"pt-BR\",\"potentialAction\":[{\"@type\":\"ReadAction\",\"target\":[\"https:\\\/\\\/folhapopular.info\\\/index.php\\\/2026\\\/04\\\/27\\\/segunda-vitima-de-atropelamento-morre-e-caso-passa-a-ter-dois-obitos-na-br-386-em-estrela\\\/\"]}]},{\"@type\":\"ImageObject\",\"inLanguage\":\"pt-BR\",\"@id\":\"https:\\\/\\\/folhapopular.info\\\/index.php\\\/2026\\\/04\\\/27\\\/segunda-vitima-de-atropelamento-morre-e-caso-passa-a-ter-dois-obitos-na-br-386-em-estrela\\\/#primaryimage\",\"url\":\"https:\\\/\\\/folhapopular.info\\\/wp-content\\\/uploads\\\/2026\\\/04\\\/WhatsApp-Image-2026-04-26-at-20.19.31-e1777247116939.jpeg\",\"contentUrl\":\"https:\\\/\\\/folhapopular.info\\\/wp-content\\\/uploads\\\/2026\\\/04\\\/WhatsApp-Image-2026-04-26-at-20.19.31-e1777247116939.jpeg\",\"width\":800,\"height\":658},{\"@type\":\"BreadcrumbList\",\"@id\":\"https:\\\/\\\/folhapopular.info\\\/index.php\\\/2026\\\/04\\\/27\\\/segunda-vitima-de-atropelamento-morre-e-caso-passa-a-ter-dois-obitos-na-br-386-em-estrela\\\/#breadcrumb\",\"itemListElement\":[{\"@type\":\"ListItem\",\"position\":1,\"name\":\"In\u00edcio\",\"item\":\"https:\\\/\\\/folhapopular.info\\\/\"},{\"@type\":\"ListItem\",\"position\":2,\"name\":\"Segunda v\u00edtima de atropelamento morre e caso passa a ter dois \u00f3bitos na BR-386, em Estrela\"}]},{\"@type\":\"WebSite\",\"@id\":\"https:\\\/\\\/folhapopular.info\\\/#website\",\"url\":\"https:\\\/\\\/folhapopular.info\\\/\",\"name\":\"Folha Popular\",\"description\":\"Onde voc\u00ea tem vez e voz\",\"potentialAction\":[{\"@type\":\"SearchAction\",\"target\":{\"@type\":\"EntryPoint\",\"urlTemplate\":\"https:\\\/\\\/folhapopular.info\\\/?s={search_term_string}\"},\"query-input\":{\"@type\":\"PropertyValueSpecification\",\"valueRequired\":true,\"valueName\":\"search_term_string\"}}],\"inLanguage\":\"pt-BR\"},{\"@type\":\"Person\",\"@id\":\"https:\\\/\\\/folhapopular.info\\\/#\\\/schema\\\/person\\\/2814e8a0df7643585a9ca38bc6eb9d4b\",\"name\":\"Reda\u00e7\u00e3o Folha Popular\",\"image\":{\"@type\":\"ImageObject\",\"inLanguage\":\"pt-BR\",\"@id\":\"https:\\\/\\\/folhapopular.info\\\/wp-content\\\/uploads\\\/2026\\\/04\\\/Folha-1.webp\",\"url\":\"https:\\\/\\\/folhapopular.info\\\/wp-content\\\/uploads\\\/2026\\\/04\\\/Folha-1.webp\",\"contentUrl\":\"https:\\\/\\\/folhapopular.info\\\/wp-content\\\/uploads\\\/2026\\\/04\\\/Folha-1.webp\",\"caption\":\"Reda\u00e7\u00e3o Folha Popular\"},\"url\":\"https:\\\/\\\/folhapopular.info\\\/index.php\\\/author\\\/redacao\\\/\"}]}<\/script>\n<!-- \/ Yoast SEO plugin. -->","yoast_head_json":{"title":"Segunda v\u00edtima de atropelamento morre e caso passa a ter dois \u00f3bitos na BR-386, em Estrela - Folha Popular","robots":{"index":"index","follow":"follow","max-snippet":"max-snippet:-1","max-image-preview":"max-image-preview:large","max-video-preview":"max-video-preview:-1"},"canonical":"https:\/\/folhapopular.info\/index.php\/2026\/04\/27\/segunda-vitima-de-atropelamento-morre-e-caso-passa-a-ter-dois-obitos-na-br-386-em-estrela\/","og_locale":"pt_BR","og_type":"article","og_title":"Segunda v\u00edtima de atropelamento morre e caso passa a ter dois \u00f3bitos na BR-386, em Estrela - Folha Popular","og_description":"Morreu durante atendimento hospitalar a segunda v\u00edtima do atropelamento registrado na noite deste domingo (26\/4), na BR-386, em Estrela. Inicialmente, uma das v\u00edtimas j\u00e1 havia morrido no local. Com o novo \u00f3bito, o caso passa a contabilizar duas mortes. De acordo com informa\u00e7\u00f5es, as v\u00edtimas \u2014 duas mulheres, possivelmente m\u00e3e e filha \u2014 atravessavam a [&hellip;]","og_url":"https:\/\/folhapopular.info\/index.php\/2026\/04\/27\/segunda-vitima-de-atropelamento-morre-e-caso-passa-a-ter-dois-obitos-na-br-386-em-estrela\/","og_site_name":"Folha Popular","article_published_time":"2026-04-27T11:17:18+00:00","article_modified_time":"2026-04-27T11:17:20+00:00","og_image":[{"width":800,"height":658,"url":"https:\/\/folhapopular.info\/wp-content\/uploads\/2026\/04\/WhatsApp-Image-2026-04-26-at-20.19.31-e1777247116939.jpeg","type":"image\/jpeg"}],"author":"Reda\u00e7\u00e3o Folha Popular","twitter_card":"summary_large_image","twitter_misc":{"Escrito por":"Reda\u00e7\u00e3o Folha Popular","Est. tempo de leitura":"2 minutos"},"schema":{"@context":"https:\/\/schema.org","@graph":[{"@type":"Article","@id":"https:\/\/folhapopular.info\/index.php\/2026\/04\/27\/segunda-vitima-de-atropelamento-morre-e-caso-passa-a-ter-dois-obitos-na-br-386-em-estrela\/#article","isPartOf":{"@id":"https:\/\/folhapopular.info\/index.php\/2026\/04\/27\/segunda-vitima-de-atropelamento-morre-e-caso-passa-a-ter-dois-obitos-na-br-386-em-estrela\/"},"author":{"name":"Reda\u00e7\u00e3o Folha Popular","@id":"https:\/\/folhapopular.info\/#\/schema\/person\/2814e8a0df7643585a9ca38bc6eb9d4b"},"headline":"Segunda v\u00edtima de atropelamento morre e caso passa a ter dois \u00f3bitos na BR-386, em Estrela","datePublished":"2026-04-27T11:17:18+00:00","dateModified":"2026-04-27T11:17:20+00:00","mainEntityOfPage":{"@id":"https:\/\/folhapopular.info\/index.php\/2026\/04\/27\/segunda-vitima-de-atropelamento-morre-e-caso-passa-a-ter-dois-obitos-na-br-386-em-estrela\/"},"wordCount":246,"commentCount":0,"image":{"@id":"https:\/\/folhapopular.info\/index.php\/2026\/04\/27\/segunda-vitima-de-atropelamento-morre-e-caso-passa-a-ter-dois-obitos-na-br-386-em-estrela\/#primaryimage"},"thumbnailUrl":"https:\/\/folhapopular.info\/wp-content\/uploads\/2026\/04\/WhatsApp-Image-2026-04-26-at-20.19.31-e1777247116939.jpeg","keywords":["Atropelamento","Estrela","morte","motorista embriagado"],"articleSection":["Seguran\u00e7a","Tr\u00e2nsito"],"inLanguage":"pt-BR","potentialAction":[{"@type":"CommentAction","name":"Comment","target":["https:\/\/folhapopular.info\/index.php\/2026\/04\/27\/segunda-vitima-de-atropelamento-morre-e-caso-passa-a-ter-dois-obitos-na-br-386-em-estrela\/#respond"]}]},{"@type":"WebPage","@id":"https:\/\/folhapopular.info\/index.php\/2026\/04\/27\/segunda-vitima-de-atropelamento-morre-e-caso-passa-a-ter-dois-obitos-na-br-386-em-estrela\/","url":"https:\/\/folhapopular.info\/index.php\/2026\/04\/27\/segunda-vitima-de-atropelamento-morre-e-caso-passa-a-ter-dois-obitos-na-br-386-em-estrela\/","name":"Segunda v\u00edtima de atropelamento morre e caso passa a ter dois \u00f3bitos na BR-386, em Estrela - Folha Popular","isPartOf":{"@id":"https:\/\/folhapopular.info\/#website"},"primaryImageOfPage":{"@id":"https:\/\/folhapopular.info\/index.php\/2026\/04\/27\/segunda-vitima-de-atropelamento-morre-e-caso-passa-a-ter-dois-obitos-na-br-386-em-estrela\/#primaryimage"},"image":{"@id":"https:\/\/folhapopular.info\/index.php\/2026\/04\/27\/segunda-vitima-de-atropelamento-morre-e-caso-passa-a-ter-dois-obitos-na-br-386-em-estrela\/#primaryimage"},"thumbnailUrl":"https:\/\/folhapopular.info\/wp-content\/uploads\/2026\/04\/WhatsApp-Image-2026-04-26-at-20.19.31-e1777247116939.jpeg","datePublished":"2026-04-27T11:17:18+00:00","dateModified":"2026-04-27T11:17:20+00:00","author":{"@id":"https:\/\/folhapopular.info\/#\/schema\/person\/2814e8a0df7643585a9ca38bc6eb9d4b"},"breadcrumb":{"@id":"https:\/\/folhapopular.info\/index.php\/2026\/04\/27\/segunda-vitima-de-atropelamento-morre-e-caso-passa-a-ter-dois-obitos-na-br-386-em-estrela\/#breadcrumb"},"inLanguage":"pt-BR","potentialAction":[{"@type":"ReadAction","target":["https:\/\/folhapopular.info\/index.php\/2026\/04\/27\/segunda-vitima-de-atropelamento-morre-e-caso-passa-a-ter-dois-obitos-na-br-386-em-estrela\/"]}]},{"@type":"ImageObject","inLanguage":"pt-BR","@id":"https:\/\/folhapopular.info\/index.php\/2026\/04\/27\/segunda-vitima-de-atropelamento-morre-e-caso-passa-a-ter-dois-obitos-na-br-386-em-estrela\/#primaryimage","url":"https:\/\/folhapopular.info\/wp-content\/uploads\/2026\/04\/WhatsApp-Image-2026-04-26-at-20.19.31-e1777247116939.jpeg","contentUrl":"https:\/\/folhapopular.info\/wp-content\/uploads\/2026\/04\/WhatsApp-Image-2026-04-26-at-20.19.31-e1777247116939.jpeg","width":800,"height":658},{"@type":"BreadcrumbList","@id":"https:\/\/folhapopular.info\/index.php\/2026\/04\/27\/segunda-vitima-de-atropelamento-morre-e-caso-passa-a-ter-dois-obitos-na-br-386-em-estrela\/#breadcrumb","itemListElement":[{"@type":"ListItem","position":1,"name":"In\u00edcio","item":"https:\/\/folhapopular.info\/"},{"@type":"ListItem","position":2,"name":"Segunda v\u00edtima de atropelamento morre e caso passa a ter dois \u00f3bitos na BR-386, em Estrela"}]},{"@type":"WebSite","@id":"https:\/\/folhapopular.info\/#website","url":"https:\/\/folhapopular.info\/","name":"Folha Popular","description":"Onde voc\u00ea tem vez e voz","potentialAction":[{"@type":"SearchAction","target":{"@type":"EntryPoint","urlTemplate":"https:\/\/folhapopular.info\/?s={search_term_string}"},"query-input":{"@type":"PropertyValueSpecification","valueRequired":true,"valueName":"search_term_string"}}],"inLanguage":"pt-BR"},{"@type":"Person","@id":"https:\/\/folhapopular.info\/#\/schema\/person\/2814e8a0df7643585a9ca38bc6eb9d4b","name":"Reda\u00e7\u00e3o Folha Popular","image":{"@type":"ImageObject","inLanguage":"pt-BR","@id":"https:\/\/folhapopular.info\/wp-content\/uploads\/2026\/04\/Folha-1.webp","url":"https:\/\/folhapopular.info\/wp-content\/uploads\/2026\/04\/Folha-1.webp","contentUrl":"https:\/\/folhapopular.info\/wp-content\/uploads\/2026\/04\/Folha-1.webp","caption":"Reda\u00e7\u00e3o Folha Popular"},"url":"https:\/\/folhapopular.info\/index.php\/author\/redacao\/"}]}},"jetpack_featured_media_url":"https:\/\/folhapopular.info\/wp-content\/uploads\/2026\/04\/WhatsApp-Image-2026-04-26-at-20.19.31-e1777247116939.jpeg","jetpack_sharing_enabled":true,"amp_enabled":true,"_links":{"self":[{"href":"https:\/\/folhapopular.info\/index.php\/wp-json\/wp\/v2\/posts\/211654","targetHints":{"allow":["GET"]}}],"collection":[{"href":"https:\/\/folhapopular.info\/index.php\/wp-json\/wp\/v2\/posts"}],"about":[{"href":"https:\/\/folhapopular.info\/index.php\/wp-json\/wp\/v2\/types\/post"}],"author":[{"embeddable":true,"href":"https:\/\/folhapopular.info\/index.php\/wp-json\/wp\/v2\/users\/8"}],"replies":[{"embeddable":true,"href":"https:\/\/folhapopular.info\/index.php\/wp-json\/wp\/v2\/comments?post=211654"}],"version-history":[{"count":1,"href":"https:\/\/folhapopular.info\/index.php\/wp-json\/wp\/v2\/posts\/211654\/revisions"}],"predecessor-version":[{"id":211655,"href":"https:\/\/folhapopular.info\/index.php\/wp-json\/wp\/v2\/posts\/211654\/revisions\/211655"}],"wp:featuredmedia":[{"embeddable":true,"href":"https:\/\/folhapopular.info\/index.php\/wp-json\/wp\/v2\/media\/211595"}],"wp:attachment":[{"href":"https:\/\/folhapopular.info\/index.php\/wp-json\/wp\/v2\/media?parent=211654"}],"wp:term":[{"taxonomy":"category","embeddable":true,"href":"https:\/\/folhapopular.info\/index.php\/wp-json\/wp\/v2\/categories?post=211654"},{"taxonomy":"post_tag","embeddable":true,"href":"https:\/\/folhapopular.info\/index.php\/wp-json\/wp\/v2\/tags?post=211654"}],"curies":[{"name":"wp","href":"https:\/\/api.w.org\/{rel}","templated":true}]}}