{"id":211659,"date":"2026-04-27T08:54:09","date_gmt":"2026-04-27T11:54:09","guid":{"rendered":"https:\/\/folhapopular.info\/?p=211659"},"modified":"2026-04-27T10:29:37","modified_gmt":"2026-04-27T13:29:37","slug":"morre-roque-de-vargas-ex-vice-prefeito-de-fazenda-vilanova-e-pai-da-prefeita-de-paverama","status":"publish","type":"post","link":"https:\/\/folhapopular.info\/index.php\/2026\/04\/27\/morre-roque-de-vargas-ex-vice-prefeito-de-fazenda-vilanova-e-pai-da-prefeita-de-paverama\/","title":{"rendered":"Morre Roque de Vargas, ex-vice-prefeito de Fazenda Vilanova e pai da prefeita de Paverama"},"content":{"rendered":"\n<p>O ex-vice-prefeito e ex-vereador de Fazenda Vilanova, Roque Carlos de Vargas, faleceu nesta segunda-feira (27\/4) aos 70 anos, no Hospital Bruno Born, de Lajeado. Ele lutava contra um c\u00e2ncer.<\/p>\n\n\n\n<p>Vargas foi vereador do munic\u00edpio de 2013 a 2016. No mesmo ano, foi eleito vice-prefeito junto de Jos\u00e9 Luiz Cenci, e exerceu o cargo at\u00e9 2020. Ele concorreu a prefeito nas elei\u00e7\u00f5es de 2020 e 2024. <\/p>\n\n\n\n<p>Roque Carlos \u00e9 pai da prefeita de Paverama, Michele de Vargas. &#8220;Hoje o c\u00e9u ganhou um peda\u00e7o do meu cora\u00e7\u00e3o. Descanse em paz&#8221;, disse a filha em suas redes sociais. Em fun\u00e7\u00e3o do falecimento, a Prefeitura de Paverama decretou luto oficial por 3 dias no Munic\u00edpio.<\/p>\n\n\n\n<p>Ele foi t\u00e9cnico do futebol amador, com passagens destacadas no \u00c1guia Azul de Fazenda Vilanova, onde foi multicampe\u00e3o de Bom Retiro do Sul.<\/p>\n\n\n\n<p>Tamb\u00e9m atuou como t\u00e9cnico do Canabarrense no Campeonato Municipal de Teut\u00f4nia de 1995.<\/p>\n\n\n\n<p>A despedida ocorre a partir das 9h no sal\u00e3o da Comunidade Perp\u00e9tuo Socorro de Posses, em Teut\u00f4nia. O sepultamento ser\u00e1 \u00e0s 17h no Cemit\u00e9rio de Posses, em Teut\u00f4nia.<\/p>\n\n\n\n<p><\/p>\n\n\n\n<h2 class=\"wp-block-heading\">Nota de pesar<\/h2>\n\n\n\n<p>O prefeito de Fazenda Vilanova, Amarildo Luis da Silva, lamentou a morte do ex-vice-prefeito. <\/p>\n\n\n\n<p>&#8220;Recebi com profundo pesar a not\u00edcia do falecimento de Roque. Ele teve uma trajet\u00f3ria marcada pelo compromisso com a vida p\u00fablica e com o desenvolvimento de Fazenda Vilanova, onde atuou como vice-prefeito e vereador, contribuindo de forma significativa para o crescimento do nosso Munic\u00edpio e para a melhoria da qualidade de vida da nossa popula\u00e7\u00e3o.<br><br>Sua dedica\u00e7\u00e3o, trabalho e esp\u00edrito p\u00fablico deixam um legado importante na hist\u00f3ria de Fazenda Vilanova, sendo lembrado pelo respeito, pela seriedade e pelo carinho com que sempre tratou a popula\u00e7\u00e3o. Fazenda Vilanova se despede hoje de uma lideran\u00e7a que prestou relevantes servi\u00e7os \u00e0 nossa cidade.<br><br>Neste momento de dor, manifesto minha solidariedade e minhas mais sinceras condol\u00eancias aos familiares, amigos e, de modo especial, \u00e0 prefeita de Paverama, Micheli, pela perda irrepar\u00e1vel&#8221;, apontou.<br><br>O Munic\u00edpio decretou luto oficial pelo per\u00edodo de 3 dias.<\/p>\n","protected":false},"excerpt":{"rendered":"<p>O ex-vice-prefeito e ex-vereador de Fazenda Vilanova, Roque Carlos de Vargas, faleceu nesta segunda-feira (27\/4) aos 70 anos, no Hospital Bruno Born, de Lajeado. Ele lutava contra um c\u00e2ncer. Vargas foi vereador do munic\u00edpio de 2013 a 2016. No mesmo ano, foi eleito vice-prefeito junto de Jos\u00e9 Luiz Cenci, e exerceu o cargo at\u00e9 2020. [&hellip;]<\/p>\n","protected":false},"author":639,"featured_media":211661,"comment_status":"open","ping_status":"open","sticky":false,"template":"","format":"standard","meta":{"pmpro_default_level":"","_jetpack_memberships_contains_paid_content":false,"footnotes":""},"categories":[2,11024],"tags":[12024,801,17408,21092],"class_list":{"0":"post-211659","1":"post","2":"type-post","3":"status-publish","4":"format-standard","5":"has-post-thumbnail","7":"category-featured","8":"category-obituario","9":"tag-ex-prefeito","10":"tag-fazenda-vilanova","11":"tag-obituario","12":"tag-roque-de-vargas","13":"pmpro-has-access"},"yoast_head":"<!-- This site is optimized with the Yoast SEO plugin v27.4 - https:\/\/yoast.com\/product\/yoast-seo-wordpress\/ -->\n<title>Morre Roque de Vargas, ex-vice-prefeito de Fazenda Vilanova e pai da prefeita de Paverama - Folha Popular<\/title>\n<meta name=\"description\" content=\"Morreu nesta segunda-feira (27\/4) Roque de Vargas, ex-vice-prefeito de Fazenda Vilanova e pai da prefeita de Paverama, Michele de Vargas.\" \/>\n<meta name=\"robots\" content=\"index, follow, max-snippet:-1, max-image-preview:large, max-video-preview:-1\" \/>\n<link rel=\"canonical\" href=\"https:\/\/folhapopular.info\/index.php\/2026\/04\/27\/morre-roque-de-vargas-ex-vice-prefeito-de-fazenda-vilanova-e-pai-da-prefeita-de-paverama\/\" \/>\n<meta property=\"og:locale\" content=\"pt_BR\" \/>\n<meta property=\"og:type\" content=\"article\" \/>\n<meta property=\"og:title\" content=\"Morre Roque de Vargas, ex-vice-prefeito de Fazenda Vilanova e pai da prefeita de Paverama - Folha Popular\" \/>\n<meta property=\"og:description\" content=\"Morreu nesta segunda-feira (27\/4) Roque de Vargas, ex-vice-prefeito de Fazenda Vilanova e pai da prefeita de Paverama, Michele de Vargas.\" \/>\n<meta property=\"og:url\" content=\"https:\/\/folhapopular.info\/index.php\/2026\/04\/27\/morre-roque-de-vargas-ex-vice-prefeito-de-fazenda-vilanova-e-pai-da-prefeita-de-paverama\/\" \/>\n<meta property=\"og:site_name\" content=\"Folha Popular\" \/>\n<meta property=\"article:published_time\" content=\"2026-04-27T11:54:09+00:00\" \/>\n<meta property=\"article:modified_time\" content=\"2026-04-27T13:29:37+00:00\" \/>\n<meta property=\"og:image\" content=\"https:\/\/folhapopular.info\/wp-content\/uploads\/2026\/04\/WhatsApp-Image-2026-04-27-at-08.44.28-e1777290619845.jpeg\" \/>\n\t<meta property=\"og:image:width\" content=\"900\" \/>\n\t<meta property=\"og:image:height\" content=\"620\" \/>\n\t<meta property=\"og:image:type\" content=\"image\/jpeg\" \/>\n<meta name=\"author\" content=\"Camille Lenz da Silva\" \/>\n<meta name=\"twitter:card\" content=\"summary_large_image\" \/>\n<meta name=\"twitter:label1\" content=\"Escrito por\" \/>\n\t<meta name=\"twitter:data1\" content=\"Camille Lenz da Silva\" \/>\n\t<meta name=\"twitter:label2\" content=\"Est. tempo de leitura\" \/>\n\t<meta name=\"twitter:data2\" content=\"3 minutos\" \/>\n<script type=\"application\/ld+json\" class=\"yoast-schema-graph\">{\"@context\":\"https:\\\/\\\/schema.org\",\"@graph\":[{\"@type\":\"Article\",\"@id\":\"https:\\\/\\\/folhapopular.info\\\/index.php\\\/2026\\\/04\\\/27\\\/morre-roque-de-vargas-ex-vice-prefeito-de-fazenda-vilanova-e-pai-da-prefeita-de-paverama\\\/#article\",\"isPartOf\":{\"@id\":\"https:\\\/\\\/folhapopular.info\\\/index.php\\\/2026\\\/04\\\/27\\\/morre-roque-de-vargas-ex-vice-prefeito-de-fazenda-vilanova-e-pai-da-prefeita-de-paverama\\\/\"},\"author\":{\"name\":\"Camille Lenz da Silva\",\"@id\":\"https:\\\/\\\/folhapopular.info\\\/#\\\/schema\\\/person\\\/f0b811f932ef2505faf473ffaef49df5\"},\"headline\":\"Morre Roque de Vargas, ex-vice-prefeito de Fazenda Vilanova e pai da prefeita de Paverama\",\"datePublished\":\"2026-04-27T11:54:09+00:00\",\"dateModified\":\"2026-04-27T13:29:37+00:00\",\"mainEntityOfPage\":{\"@id\":\"https:\\\/\\\/folhapopular.info\\\/index.php\\\/2026\\\/04\\\/27\\\/morre-roque-de-vargas-ex-vice-prefeito-de-fazenda-vilanova-e-pai-da-prefeita-de-paverama\\\/\"},\"wordCount\":365,\"commentCount\":0,\"image\":{\"@id\":\"https:\\\/\\\/folhapopular.info\\\/index.php\\\/2026\\\/04\\\/27\\\/morre-roque-de-vargas-ex-vice-prefeito-de-fazenda-vilanova-e-pai-da-prefeita-de-paverama\\\/#primaryimage\"},\"thumbnailUrl\":\"https:\\\/\\\/folhapopular.info\\\/wp-content\\\/uploads\\\/2026\\\/04\\\/WhatsApp-Image-2026-04-27-at-08.44.28-e1777290619845.jpeg\",\"keywords\":[\"Ex-prefeito\",\"Fazenda Vilanova\",\"Obitu\u00e1rio\",\"Roque de Vargas\"],\"articleSection\":[\"Destaques\",\"Obitu\u00e1rio\"],\"inLanguage\":\"pt-BR\",\"potentialAction\":[{\"@type\":\"CommentAction\",\"name\":\"Comment\",\"target\":[\"https:\\\/\\\/folhapopular.info\\\/index.php\\\/2026\\\/04\\\/27\\\/morre-roque-de-vargas-ex-vice-prefeito-de-fazenda-vilanova-e-pai-da-prefeita-de-paverama\\\/#respond\"]}]},{\"@type\":\"WebPage\",\"@id\":\"https:\\\/\\\/folhapopular.info\\\/index.php\\\/2026\\\/04\\\/27\\\/morre-roque-de-vargas-ex-vice-prefeito-de-fazenda-vilanova-e-pai-da-prefeita-de-paverama\\\/\",\"url\":\"https:\\\/\\\/folhapopular.info\\\/index.php\\\/2026\\\/04\\\/27\\\/morre-roque-de-vargas-ex-vice-prefeito-de-fazenda-vilanova-e-pai-da-prefeita-de-paverama\\\/\",\"name\":\"Morre Roque de Vargas, ex-vice-prefeito de Fazenda Vilanova e pai da prefeita de Paverama - Folha Popular\",\"isPartOf\":{\"@id\":\"https:\\\/\\\/folhapopular.info\\\/#website\"},\"primaryImageOfPage\":{\"@id\":\"https:\\\/\\\/folhapopular.info\\\/index.php\\\/2026\\\/04\\\/27\\\/morre-roque-de-vargas-ex-vice-prefeito-de-fazenda-vilanova-e-pai-da-prefeita-de-paverama\\\/#primaryimage\"},\"image\":{\"@id\":\"https:\\\/\\\/folhapopular.info\\\/index.php\\\/2026\\\/04\\\/27\\\/morre-roque-de-vargas-ex-vice-prefeito-de-fazenda-vilanova-e-pai-da-prefeita-de-paverama\\\/#primaryimage\"},\"thumbnailUrl\":\"https:\\\/\\\/folhapopular.info\\\/wp-content\\\/uploads\\\/2026\\\/04\\\/WhatsApp-Image-2026-04-27-at-08.44.28-e1777290619845.jpeg\",\"datePublished\":\"2026-04-27T11:54:09+00:00\",\"dateModified\":\"2026-04-27T13:29:37+00:00\",\"author\":{\"@id\":\"https:\\\/\\\/folhapopular.info\\\/#\\\/schema\\\/person\\\/f0b811f932ef2505faf473ffaef49df5\"},\"description\":\"Morreu nesta segunda-feira (27\\\/4) Roque de Vargas, ex-vice-prefeito de Fazenda Vilanova e pai da prefeita de Paverama, Michele de Vargas.\",\"breadcrumb\":{\"@id\":\"https:\\\/\\\/folhapopular.info\\\/index.php\\\/2026\\\/04\\\/27\\\/morre-roque-de-vargas-ex-vice-prefeito-de-fazenda-vilanova-e-pai-da-prefeita-de-paverama\\\/#breadcrumb\"},\"inLanguage\":\"pt-BR\",\"potentialAction\":[{\"@type\":\"ReadAction\",\"target\":[\"https:\\\/\\\/folhapopular.info\\\/index.php\\\/2026\\\/04\\\/27\\\/morre-roque-de-vargas-ex-vice-prefeito-de-fazenda-vilanova-e-pai-da-prefeita-de-paverama\\\/\"]}]},{\"@type\":\"ImageObject\",\"inLanguage\":\"pt-BR\",\"@id\":\"https:\\\/\\\/folhapopular.info\\\/index.php\\\/2026\\\/04\\\/27\\\/morre-roque-de-vargas-ex-vice-prefeito-de-fazenda-vilanova-e-pai-da-prefeita-de-paverama\\\/#primaryimage\",\"url\":\"https:\\\/\\\/folhapopular.info\\\/wp-content\\\/uploads\\\/2026\\\/04\\\/WhatsApp-Image-2026-04-27-at-08.44.28-e1777290619845.jpeg\",\"contentUrl\":\"https:\\\/\\\/folhapopular.info\\\/wp-content\\\/uploads\\\/2026\\\/04\\\/WhatsApp-Image-2026-04-27-at-08.44.28-e1777290619845.jpeg\",\"width\":900,\"height\":620,\"caption\":\"Roque estava internado no HBB, em Lajeado. Cr\u00e9dito: Reprodu\u00e7\u00e3o Instagram\"},{\"@type\":\"BreadcrumbList\",\"@id\":\"https:\\\/\\\/folhapopular.info\\\/index.php\\\/2026\\\/04\\\/27\\\/morre-roque-de-vargas-ex-vice-prefeito-de-fazenda-vilanova-e-pai-da-prefeita-de-paverama\\\/#breadcrumb\",\"itemListElement\":[{\"@type\":\"ListItem\",\"position\":1,\"name\":\"In\u00edcio\",\"item\":\"https:\\\/\\\/folhapopular.info\\\/\"},{\"@type\":\"ListItem\",\"position\":2,\"name\":\"Morre Roque de Vargas, ex-vice-prefeito de Fazenda Vilanova e pai da prefeita de Paverama\"}]},{\"@type\":\"WebSite\",\"@id\":\"https:\\\/\\\/folhapopular.info\\\/#website\",\"url\":\"https:\\\/\\\/folhapopular.info\\\/\",\"name\":\"Folha Popular\",\"description\":\"Onde voc\u00ea tem vez e voz\",\"potentialAction\":[{\"@type\":\"SearchAction\",\"target\":{\"@type\":\"EntryPoint\",\"urlTemplate\":\"https:\\\/\\\/folhapopular.info\\\/?s={search_term_string}\"},\"query-input\":{\"@type\":\"PropertyValueSpecification\",\"valueRequired\":true,\"valueName\":\"search_term_string\"}}],\"inLanguage\":\"pt-BR\"},{\"@type\":\"Person\",\"@id\":\"https:\\\/\\\/folhapopular.info\\\/#\\\/schema\\\/person\\\/f0b811f932ef2505faf473ffaef49df5\",\"name\":\"Camille Lenz da Silva\",\"image\":{\"@type\":\"ImageObject\",\"inLanguage\":\"pt-BR\",\"@id\":\"https:\\\/\\\/secure.gravatar.com\\\/avatar\\\/50be826d73ca259ec0e0a88a407f5de800c576c46cfdc57e50ef28551e216fff?s=96&d=mm&r=g\",\"url\":\"https:\\\/\\\/secure.gravatar.com\\\/avatar\\\/50be826d73ca259ec0e0a88a407f5de800c576c46cfdc57e50ef28551e216fff?s=96&d=mm&r=g\",\"contentUrl\":\"https:\\\/\\\/secure.gravatar.com\\\/avatar\\\/50be826d73ca259ec0e0a88a407f5de800c576c46cfdc57e50ef28551e216fff?s=96&d=mm&r=g\",\"caption\":\"Camille Lenz da Silva\"},\"url\":\"https:\\\/\\\/folhapopular.info\\\/index.php\\\/author\\\/camillelenzgmail-com\\\/\"}]}<\/script>\n<!-- \/ Yoast SEO plugin. -->","yoast_head_json":{"title":"Morre Roque de Vargas, ex-vice-prefeito de Fazenda Vilanova e pai da prefeita de Paverama - Folha Popular","description":"Morreu nesta segunda-feira (27\/4) Roque de Vargas, ex-vice-prefeito de Fazenda Vilanova e pai da prefeita de Paverama, Michele de Vargas.","robots":{"index":"index","follow":"follow","max-snippet":"max-snippet:-1","max-image-preview":"max-image-preview:large","max-video-preview":"max-video-preview:-1"},"canonical":"https:\/\/folhapopular.info\/index.php\/2026\/04\/27\/morre-roque-de-vargas-ex-vice-prefeito-de-fazenda-vilanova-e-pai-da-prefeita-de-paverama\/","og_locale":"pt_BR","og_type":"article","og_title":"Morre Roque de Vargas, ex-vice-prefeito de Fazenda Vilanova e pai da prefeita de Paverama - Folha Popular","og_description":"Morreu nesta segunda-feira (27\/4) Roque de Vargas, ex-vice-prefeito de Fazenda Vilanova e pai da prefeita de Paverama, Michele de Vargas.","og_url":"https:\/\/folhapopular.info\/index.php\/2026\/04\/27\/morre-roque-de-vargas-ex-vice-prefeito-de-fazenda-vilanova-e-pai-da-prefeita-de-paverama\/","og_site_name":"Folha Popular","article_published_time":"2026-04-27T11:54:09+00:00","article_modified_time":"2026-04-27T13:29:37+00:00","og_image":[{"width":900,"height":620,"url":"https:\/\/folhapopular.info\/wp-content\/uploads\/2026\/04\/WhatsApp-Image-2026-04-27-at-08.44.28-e1777290619845.jpeg","type":"image\/jpeg"}],"author":"Camille Lenz da Silva","twitter_card":"summary_large_image","twitter_misc":{"Escrito por":"Camille Lenz da Silva","Est. tempo de leitura":"3 minutos"},"schema":{"@context":"https:\/\/schema.org","@graph":[{"@type":"Article","@id":"https:\/\/folhapopular.info\/index.php\/2026\/04\/27\/morre-roque-de-vargas-ex-vice-prefeito-de-fazenda-vilanova-e-pai-da-prefeita-de-paverama\/#article","isPartOf":{"@id":"https:\/\/folhapopular.info\/index.php\/2026\/04\/27\/morre-roque-de-vargas-ex-vice-prefeito-de-fazenda-vilanova-e-pai-da-prefeita-de-paverama\/"},"author":{"name":"Camille Lenz da Silva","@id":"https:\/\/folhapopular.info\/#\/schema\/person\/f0b811f932ef2505faf473ffaef49df5"},"headline":"Morre Roque de Vargas, ex-vice-prefeito de Fazenda Vilanova e pai da prefeita de Paverama","datePublished":"2026-04-27T11:54:09+00:00","dateModified":"2026-04-27T13:29:37+00:00","mainEntityOfPage":{"@id":"https:\/\/folhapopular.info\/index.php\/2026\/04\/27\/morre-roque-de-vargas-ex-vice-prefeito-de-fazenda-vilanova-e-pai-da-prefeita-de-paverama\/"},"wordCount":365,"commentCount":0,"image":{"@id":"https:\/\/folhapopular.info\/index.php\/2026\/04\/27\/morre-roque-de-vargas-ex-vice-prefeito-de-fazenda-vilanova-e-pai-da-prefeita-de-paverama\/#primaryimage"},"thumbnailUrl":"https:\/\/folhapopular.info\/wp-content\/uploads\/2026\/04\/WhatsApp-Image-2026-04-27-at-08.44.28-e1777290619845.jpeg","keywords":["Ex-prefeito","Fazenda Vilanova","Obitu\u00e1rio","Roque de Vargas"],"articleSection":["Destaques","Obitu\u00e1rio"],"inLanguage":"pt-BR","potentialAction":[{"@type":"CommentAction","name":"Comment","target":["https:\/\/folhapopular.info\/index.php\/2026\/04\/27\/morre-roque-de-vargas-ex-vice-prefeito-de-fazenda-vilanova-e-pai-da-prefeita-de-paverama\/#respond"]}]},{"@type":"WebPage","@id":"https:\/\/folhapopular.info\/index.php\/2026\/04\/27\/morre-roque-de-vargas-ex-vice-prefeito-de-fazenda-vilanova-e-pai-da-prefeita-de-paverama\/","url":"https:\/\/folhapopular.info\/index.php\/2026\/04\/27\/morre-roque-de-vargas-ex-vice-prefeito-de-fazenda-vilanova-e-pai-da-prefeita-de-paverama\/","name":"Morre Roque de Vargas, ex-vice-prefeito de Fazenda Vilanova e pai da prefeita de Paverama - Folha Popular","isPartOf":{"@id":"https:\/\/folhapopular.info\/#website"},"primaryImageOfPage":{"@id":"https:\/\/folhapopular.info\/index.php\/2026\/04\/27\/morre-roque-de-vargas-ex-vice-prefeito-de-fazenda-vilanova-e-pai-da-prefeita-de-paverama\/#primaryimage"},"image":{"@id":"https:\/\/folhapopular.info\/index.php\/2026\/04\/27\/morre-roque-de-vargas-ex-vice-prefeito-de-fazenda-vilanova-e-pai-da-prefeita-de-paverama\/#primaryimage"},"thumbnailUrl":"https:\/\/folhapopular.info\/wp-content\/uploads\/2026\/04\/WhatsApp-Image-2026-04-27-at-08.44.28-e1777290619845.jpeg","datePublished":"2026-04-27T11:54:09+00:00","dateModified":"2026-04-27T13:29:37+00:00","author":{"@id":"https:\/\/folhapopular.info\/#\/schema\/person\/f0b811f932ef2505faf473ffaef49df5"},"description":"Morreu nesta segunda-feira (27\/4) Roque de Vargas, ex-vice-prefeito de Fazenda Vilanova e pai da prefeita de Paverama, Michele de Vargas.","breadcrumb":{"@id":"https:\/\/folhapopular.info\/index.php\/2026\/04\/27\/morre-roque-de-vargas-ex-vice-prefeito-de-fazenda-vilanova-e-pai-da-prefeita-de-paverama\/#breadcrumb"},"inLanguage":"pt-BR","potentialAction":[{"@type":"ReadAction","target":["https:\/\/folhapopular.info\/index.php\/2026\/04\/27\/morre-roque-de-vargas-ex-vice-prefeito-de-fazenda-vilanova-e-pai-da-prefeita-de-paverama\/"]}]},{"@type":"ImageObject","inLanguage":"pt-BR","@id":"https:\/\/folhapopular.info\/index.php\/2026\/04\/27\/morre-roque-de-vargas-ex-vice-prefeito-de-fazenda-vilanova-e-pai-da-prefeita-de-paverama\/#primaryimage","url":"https:\/\/folhapopular.info\/wp-content\/uploads\/2026\/04\/WhatsApp-Image-2026-04-27-at-08.44.28-e1777290619845.jpeg","contentUrl":"https:\/\/folhapopular.info\/wp-content\/uploads\/2026\/04\/WhatsApp-Image-2026-04-27-at-08.44.28-e1777290619845.jpeg","width":900,"height":620,"caption":"Roque estava internado no HBB, em Lajeado. Cr\u00e9dito: Reprodu\u00e7\u00e3o Instagram"},{"@type":"BreadcrumbList","@id":"https:\/\/folhapopular.info\/index.php\/2026\/04\/27\/morre-roque-de-vargas-ex-vice-prefeito-de-fazenda-vilanova-e-pai-da-prefeita-de-paverama\/#breadcrumb","itemListElement":[{"@type":"ListItem","position":1,"name":"In\u00edcio","item":"https:\/\/folhapopular.info\/"},{"@type":"ListItem","position":2,"name":"Morre Roque de Vargas, ex-vice-prefeito de Fazenda Vilanova e pai da prefeita de Paverama"}]},{"@type":"WebSite","@id":"https:\/\/folhapopular.info\/#website","url":"https:\/\/folhapopular.info\/","name":"Folha Popular","description":"Onde voc\u00ea tem vez e voz","potentialAction":[{"@type":"SearchAction","target":{"@type":"EntryPoint","urlTemplate":"https:\/\/folhapopular.info\/?s={search_term_string}"},"query-input":{"@type":"PropertyValueSpecification","valueRequired":true,"valueName":"search_term_string"}}],"inLanguage":"pt-BR"},{"@type":"Person","@id":"https:\/\/folhapopular.info\/#\/schema\/person\/f0b811f932ef2505faf473ffaef49df5","name":"Camille Lenz da Silva","image":{"@type":"ImageObject","inLanguage":"pt-BR","@id":"https:\/\/secure.gravatar.com\/avatar\/50be826d73ca259ec0e0a88a407f5de800c576c46cfdc57e50ef28551e216fff?s=96&d=mm&r=g","url":"https:\/\/secure.gravatar.com\/avatar\/50be826d73ca259ec0e0a88a407f5de800c576c46cfdc57e50ef28551e216fff?s=96&d=mm&r=g","contentUrl":"https:\/\/secure.gravatar.com\/avatar\/50be826d73ca259ec0e0a88a407f5de800c576c46cfdc57e50ef28551e216fff?s=96&d=mm&r=g","caption":"Camille Lenz da Silva"},"url":"https:\/\/folhapopular.info\/index.php\/author\/camillelenzgmail-com\/"}]}},"jetpack_featured_media_url":"https:\/\/folhapopular.info\/wp-content\/uploads\/2026\/04\/WhatsApp-Image-2026-04-27-at-08.44.28-e1777290619845.jpeg","jetpack_sharing_enabled":true,"amp_enabled":true,"_links":{"self":[{"href":"https:\/\/folhapopular.info\/index.php\/wp-json\/wp\/v2\/posts\/211659","targetHints":{"allow":["GET"]}}],"collection":[{"href":"https:\/\/folhapopular.info\/index.php\/wp-json\/wp\/v2\/posts"}],"about":[{"href":"https:\/\/folhapopular.info\/index.php\/wp-json\/wp\/v2\/types\/post"}],"author":[{"embeddable":true,"href":"https:\/\/folhapopular.info\/index.php\/wp-json\/wp\/v2\/users\/639"}],"replies":[{"embeddable":true,"href":"https:\/\/folhapopular.info\/index.php\/wp-json\/wp\/v2\/comments?post=211659"}],"version-history":[{"count":3,"href":"https:\/\/folhapopular.info\/index.php\/wp-json\/wp\/v2\/posts\/211659\/revisions"}],"predecessor-version":[{"id":211672,"href":"https:\/\/folhapopular.info\/index.php\/wp-json\/wp\/v2\/posts\/211659\/revisions\/211672"}],"wp:featuredmedia":[{"embeddable":true,"href":"https:\/\/folhapopular.info\/index.php\/wp-json\/wp\/v2\/media\/211661"}],"wp:attachment":[{"href":"https:\/\/folhapopular.info\/index.php\/wp-json\/wp\/v2\/media?parent=211659"}],"wp:term":[{"taxonomy":"category","embeddable":true,"href":"https:\/\/folhapopular.info\/index.php\/wp-json\/wp\/v2\/categories?post=211659"},{"taxonomy":"post_tag","embeddable":true,"href":"https:\/\/folhapopular.info\/index.php\/wp-json\/wp\/v2\/tags?post=211659"}],"curies":[{"name":"wp","href":"https:\/\/api.w.org\/{rel}","templated":true}]}}