{"id":211666,"date":"2026-04-27T10:27:46","date_gmt":"2026-04-27T13:27:46","guid":{"rendered":"https:\/\/folhapopular.info\/?p=211666"},"modified":"2026-04-27T10:27:48","modified_gmt":"2026-04-27T13:27:48","slug":"veiculo-de-lajeado-se-envolve-em-colisao-frontal-com-dois-mortos-na-rsc-153-em-passo-fundo","status":"publish","type":"post","link":"https:\/\/folhapopular.info\/index.php\/2026\/04\/27\/veiculo-de-lajeado-se-envolve-em-colisao-frontal-com-dois-mortos-na-rsc-153-em-passo-fundo\/","title":{"rendered":"Ve\u00edculo de Lajeado se envolve em colis\u00e3o frontal com dois mortos na RSC-153, em Passo Fundo"},"content":{"rendered":"\n<p>Um grave acidente de tr\u00e2nsito deixou duas pessoas mortas na manh\u00e3 de domingo (26\/4), na RSC-153, em Passo Fundo, no Norte do Estado. A colis\u00e3o frontal ocorreu no km 135 da rodovia e envolveu uma caminhonete Toyota Hilux, com placas de Lajeado, e um autom\u00f3vel GM Omega, de Soledade.<\/p>\n\n\n\n<p>Conforme o Comando Rodovi\u00e1rio da Brigada Militar, o Omega trafegava no sentido contr\u00e1rio e invadiu a pista oposta, provocando o acidente.<\/p>\n\n\n\n<p>No autom\u00f3vel, o condutor, Hullian Machado, de 21 anos, chegou a ser socorrido, mas n\u00e3o resistiu aos ferimentos. A passageira do banco dianteiro, Larissa Medeiros, de 16 anos, morreu no local e ficou presa \u00e0s ferragens. Ambos eram moradores de Nicolau Vergueiro.<\/p>\n\n\n\n<p>Outro ocupante do ve\u00edculo, de 19 anos, ficou ferido e foi encaminhado para atendimento m\u00e9dico.<\/p>\n\n\n\n<p>Na caminhonete, o motorista, de 38 anos, e cinco passageiros \u2014 quatro mulheres de 40, 53, 61 e 68 anos, al\u00e9m de um homem de 37 \u2014 ficaram feridos e foram levados para hospitais de Passo Fundo.<\/p>\n\n\n\n<p>O tr\u00e2nsito ficou totalmente bloqueado durante o atendimento, per\u00edcia e remo\u00e7\u00e3o dos ve\u00edculos, sendo liberado parcialmente ap\u00f3s os trabalhos.<\/p>\n\n\n\n<p>As circunst\u00e2ncias do acidente ser\u00e3o investigadas pela Pol\u00edcia Civil.<\/p>\n","protected":false},"excerpt":{"rendered":"<p>Um grave acidente de tr\u00e2nsito deixou duas pessoas mortas na manh\u00e3 de domingo (26\/4), na RSC-153, em Passo Fundo, no Norte do Estado. A colis\u00e3o frontal ocorreu no km 135 da rodovia e envolveu uma caminhonete Toyota Hilux, com placas de Lajeado, e um autom\u00f3vel GM Omega, de Soledade. Conforme o Comando Rodovi\u00e1rio da Brigada [&hellip;]<\/p>\n","protected":false},"author":8,"featured_media":211668,"comment_status":"open","ping_status":"open","sticky":false,"template":"","format":"standard","meta":{"pmpro_default_level":"","_jetpack_memberships_contains_paid_content":false,"footnotes":""},"categories":[7,10983],"tags":[195,1430,27,2440],"class_list":{"0":"post-211666","1":"post","2":"type-post","3":"status-publish","4":"format-standard","5":"has-post-thumbnail","7":"category-seguranca","8":"category-transito","9":"tag-acidente","10":"tag-colisao","11":"tag-lajeado","12":"tag-passo-fundo","13":"pmpro-has-access"},"yoast_head":"<!-- This site is optimized with the Yoast SEO plugin v27.4 - https:\/\/yoast.com\/product\/yoast-seo-wordpress\/ -->\n<title>Ve\u00edculo de Lajeado se envolve em colis\u00e3o frontal com dois mortos na RSC-153, em Passo Fundo - Folha Popular<\/title>\n<meta name=\"robots\" content=\"index, follow, max-snippet:-1, max-image-preview:large, max-video-preview:-1\" \/>\n<link rel=\"canonical\" href=\"https:\/\/folhapopular.info\/index.php\/2026\/04\/27\/veiculo-de-lajeado-se-envolve-em-colisao-frontal-com-dois-mortos-na-rsc-153-em-passo-fundo\/\" \/>\n<meta property=\"og:locale\" content=\"pt_BR\" \/>\n<meta property=\"og:type\" content=\"article\" \/>\n<meta property=\"og:title\" content=\"Ve\u00edculo de Lajeado se envolve em colis\u00e3o frontal com dois mortos na RSC-153, em Passo Fundo - Folha Popular\" \/>\n<meta property=\"og:description\" content=\"Um grave acidente de tr\u00e2nsito deixou duas pessoas mortas na manh\u00e3 de domingo (26\/4), na RSC-153, em Passo Fundo, no Norte do Estado. A colis\u00e3o frontal ocorreu no km 135 da rodovia e envolveu uma caminhonete Toyota Hilux, com placas de Lajeado, e um autom\u00f3vel GM Omega, de Soledade. Conforme o Comando Rodovi\u00e1rio da Brigada [&hellip;]\" \/>\n<meta property=\"og:url\" content=\"https:\/\/folhapopular.info\/index.php\/2026\/04\/27\/veiculo-de-lajeado-se-envolve-em-colisao-frontal-com-dois-mortos-na-rsc-153-em-passo-fundo\/\" \/>\n<meta property=\"og:site_name\" content=\"Folha Popular\" \/>\n<meta property=\"article:published_time\" content=\"2026-04-27T13:27:46+00:00\" \/>\n<meta property=\"article:modified_time\" content=\"2026-04-27T13:27:48+00:00\" \/>\n<meta property=\"og:image\" content=\"https:\/\/folhapopular.info\/wp-content\/uploads\/2026\/04\/unnamed-file.jpg\" \/>\n\t<meta property=\"og:image:width\" content=\"1000\" \/>\n\t<meta property=\"og:image:height\" content=\"562\" \/>\n\t<meta property=\"og:image:type\" content=\"image\/jpeg\" \/>\n<meta name=\"author\" content=\"Reda\u00e7\u00e3o Folha Popular\" \/>\n<meta name=\"twitter:card\" content=\"summary_large_image\" \/>\n<meta name=\"twitter:label1\" content=\"Escrito por\" \/>\n\t<meta name=\"twitter:data1\" content=\"Reda\u00e7\u00e3o Folha Popular\" \/>\n\t<meta name=\"twitter:label2\" content=\"Est. tempo de leitura\" \/>\n\t<meta name=\"twitter:data2\" content=\"2 minutos\" \/>\n<script type=\"application\/ld+json\" class=\"yoast-schema-graph\">{\"@context\":\"https:\\\/\\\/schema.org\",\"@graph\":[{\"@type\":\"Article\",\"@id\":\"https:\\\/\\\/folhapopular.info\\\/index.php\\\/2026\\\/04\\\/27\\\/veiculo-de-lajeado-se-envolve-em-colisao-frontal-com-dois-mortos-na-rsc-153-em-passo-fundo\\\/#article\",\"isPartOf\":{\"@id\":\"https:\\\/\\\/folhapopular.info\\\/index.php\\\/2026\\\/04\\\/27\\\/veiculo-de-lajeado-se-envolve-em-colisao-frontal-com-dois-mortos-na-rsc-153-em-passo-fundo\\\/\"},\"author\":{\"name\":\"Reda\u00e7\u00e3o Folha Popular\",\"@id\":\"https:\\\/\\\/folhapopular.info\\\/#\\\/schema\\\/person\\\/2814e8a0df7643585a9ca38bc6eb9d4b\"},\"headline\":\"Ve\u00edculo de Lajeado se envolve em colis\u00e3o frontal com dois mortos na RSC-153, em Passo Fundo\",\"datePublished\":\"2026-04-27T13:27:46+00:00\",\"dateModified\":\"2026-04-27T13:27:48+00:00\",\"mainEntityOfPage\":{\"@id\":\"https:\\\/\\\/folhapopular.info\\\/index.php\\\/2026\\\/04\\\/27\\\/veiculo-de-lajeado-se-envolve-em-colisao-frontal-com-dois-mortos-na-rsc-153-em-passo-fundo\\\/\"},\"wordCount\":215,\"commentCount\":0,\"image\":{\"@id\":\"https:\\\/\\\/folhapopular.info\\\/index.php\\\/2026\\\/04\\\/27\\\/veiculo-de-lajeado-se-envolve-em-colisao-frontal-com-dois-mortos-na-rsc-153-em-passo-fundo\\\/#primaryimage\"},\"thumbnailUrl\":\"https:\\\/\\\/folhapopular.info\\\/wp-content\\\/uploads\\\/2026\\\/04\\\/unnamed-file.jpg\",\"keywords\":[\"Acidente\",\"Colis\u00e3o\",\"Lajeado\",\"Passo Fundo\"],\"articleSection\":[\"Seguran\u00e7a\",\"Tr\u00e2nsito\"],\"inLanguage\":\"pt-BR\",\"potentialAction\":[{\"@type\":\"CommentAction\",\"name\":\"Comment\",\"target\":[\"https:\\\/\\\/folhapopular.info\\\/index.php\\\/2026\\\/04\\\/27\\\/veiculo-de-lajeado-se-envolve-em-colisao-frontal-com-dois-mortos-na-rsc-153-em-passo-fundo\\\/#respond\"]}]},{\"@type\":\"WebPage\",\"@id\":\"https:\\\/\\\/folhapopular.info\\\/index.php\\\/2026\\\/04\\\/27\\\/veiculo-de-lajeado-se-envolve-em-colisao-frontal-com-dois-mortos-na-rsc-153-em-passo-fundo\\\/\",\"url\":\"https:\\\/\\\/folhapopular.info\\\/index.php\\\/2026\\\/04\\\/27\\\/veiculo-de-lajeado-se-envolve-em-colisao-frontal-com-dois-mortos-na-rsc-153-em-passo-fundo\\\/\",\"name\":\"Ve\u00edculo de Lajeado se envolve em colis\u00e3o frontal com dois mortos na RSC-153, em Passo Fundo - Folha Popular\",\"isPartOf\":{\"@id\":\"https:\\\/\\\/folhapopular.info\\\/#website\"},\"primaryImageOfPage\":{\"@id\":\"https:\\\/\\\/folhapopular.info\\\/index.php\\\/2026\\\/04\\\/27\\\/veiculo-de-lajeado-se-envolve-em-colisao-frontal-com-dois-mortos-na-rsc-153-em-passo-fundo\\\/#primaryimage\"},\"image\":{\"@id\":\"https:\\\/\\\/folhapopular.info\\\/index.php\\\/2026\\\/04\\\/27\\\/veiculo-de-lajeado-se-envolve-em-colisao-frontal-com-dois-mortos-na-rsc-153-em-passo-fundo\\\/#primaryimage\"},\"thumbnailUrl\":\"https:\\\/\\\/folhapopular.info\\\/wp-content\\\/uploads\\\/2026\\\/04\\\/unnamed-file.jpg\",\"datePublished\":\"2026-04-27T13:27:46+00:00\",\"dateModified\":\"2026-04-27T13:27:48+00:00\",\"author\":{\"@id\":\"https:\\\/\\\/folhapopular.info\\\/#\\\/schema\\\/person\\\/2814e8a0df7643585a9ca38bc6eb9d4b\"},\"breadcrumb\":{\"@id\":\"https:\\\/\\\/folhapopular.info\\\/index.php\\\/2026\\\/04\\\/27\\\/veiculo-de-lajeado-se-envolve-em-colisao-frontal-com-dois-mortos-na-rsc-153-em-passo-fundo\\\/#breadcrumb\"},\"inLanguage\":\"pt-BR\",\"potentialAction\":[{\"@type\":\"ReadAction\",\"target\":[\"https:\\\/\\\/folhapopular.info\\\/index.php\\\/2026\\\/04\\\/27\\\/veiculo-de-lajeado-se-envolve-em-colisao-frontal-com-dois-mortos-na-rsc-153-em-passo-fundo\\\/\"]}]},{\"@type\":\"ImageObject\",\"inLanguage\":\"pt-BR\",\"@id\":\"https:\\\/\\\/folhapopular.info\\\/index.php\\\/2026\\\/04\\\/27\\\/veiculo-de-lajeado-se-envolve-em-colisao-frontal-com-dois-mortos-na-rsc-153-em-passo-fundo\\\/#primaryimage\",\"url\":\"https:\\\/\\\/folhapopular.info\\\/wp-content\\\/uploads\\\/2026\\\/04\\\/unnamed-file.jpg\",\"contentUrl\":\"https:\\\/\\\/folhapopular.info\\\/wp-content\\\/uploads\\\/2026\\\/04\\\/unnamed-file.jpg\",\"width\":1000,\"height\":562},{\"@type\":\"BreadcrumbList\",\"@id\":\"https:\\\/\\\/folhapopular.info\\\/index.php\\\/2026\\\/04\\\/27\\\/veiculo-de-lajeado-se-envolve-em-colisao-frontal-com-dois-mortos-na-rsc-153-em-passo-fundo\\\/#breadcrumb\",\"itemListElement\":[{\"@type\":\"ListItem\",\"position\":1,\"name\":\"In\u00edcio\",\"item\":\"https:\\\/\\\/folhapopular.info\\\/\"},{\"@type\":\"ListItem\",\"position\":2,\"name\":\"Ve\u00edculo de Lajeado se envolve em colis\u00e3o frontal com dois mortos na RSC-153, em Passo Fundo\"}]},{\"@type\":\"WebSite\",\"@id\":\"https:\\\/\\\/folhapopular.info\\\/#website\",\"url\":\"https:\\\/\\\/folhapopular.info\\\/\",\"name\":\"Folha Popular\",\"description\":\"Onde voc\u00ea tem vez e voz\",\"potentialAction\":[{\"@type\":\"SearchAction\",\"target\":{\"@type\":\"EntryPoint\",\"urlTemplate\":\"https:\\\/\\\/folhapopular.info\\\/?s={search_term_string}\"},\"query-input\":{\"@type\":\"PropertyValueSpecification\",\"valueRequired\":true,\"valueName\":\"search_term_string\"}}],\"inLanguage\":\"pt-BR\"},{\"@type\":\"Person\",\"@id\":\"https:\\\/\\\/folhapopular.info\\\/#\\\/schema\\\/person\\\/2814e8a0df7643585a9ca38bc6eb9d4b\",\"name\":\"Reda\u00e7\u00e3o Folha Popular\",\"image\":{\"@type\":\"ImageObject\",\"inLanguage\":\"pt-BR\",\"@id\":\"https:\\\/\\\/folhapopular.info\\\/wp-content\\\/uploads\\\/2026\\\/04\\\/Folha-1.webp\",\"url\":\"https:\\\/\\\/folhapopular.info\\\/wp-content\\\/uploads\\\/2026\\\/04\\\/Folha-1.webp\",\"contentUrl\":\"https:\\\/\\\/folhapopular.info\\\/wp-content\\\/uploads\\\/2026\\\/04\\\/Folha-1.webp\",\"caption\":\"Reda\u00e7\u00e3o Folha Popular\"},\"url\":\"https:\\\/\\\/folhapopular.info\\\/index.php\\\/author\\\/redacao\\\/\"}]}<\/script>\n<!-- \/ Yoast SEO plugin. -->","yoast_head_json":{"title":"Ve\u00edculo de Lajeado se envolve em colis\u00e3o frontal com dois mortos na RSC-153, em Passo Fundo - Folha Popular","robots":{"index":"index","follow":"follow","max-snippet":"max-snippet:-1","max-image-preview":"max-image-preview:large","max-video-preview":"max-video-preview:-1"},"canonical":"https:\/\/folhapopular.info\/index.php\/2026\/04\/27\/veiculo-de-lajeado-se-envolve-em-colisao-frontal-com-dois-mortos-na-rsc-153-em-passo-fundo\/","og_locale":"pt_BR","og_type":"article","og_title":"Ve\u00edculo de Lajeado se envolve em colis\u00e3o frontal com dois mortos na RSC-153, em Passo Fundo - Folha Popular","og_description":"Um grave acidente de tr\u00e2nsito deixou duas pessoas mortas na manh\u00e3 de domingo (26\/4), na RSC-153, em Passo Fundo, no Norte do Estado. A colis\u00e3o frontal ocorreu no km 135 da rodovia e envolveu uma caminhonete Toyota Hilux, com placas de Lajeado, e um autom\u00f3vel GM Omega, de Soledade. Conforme o Comando Rodovi\u00e1rio da Brigada [&hellip;]","og_url":"https:\/\/folhapopular.info\/index.php\/2026\/04\/27\/veiculo-de-lajeado-se-envolve-em-colisao-frontal-com-dois-mortos-na-rsc-153-em-passo-fundo\/","og_site_name":"Folha Popular","article_published_time":"2026-04-27T13:27:46+00:00","article_modified_time":"2026-04-27T13:27:48+00:00","og_image":[{"width":1000,"height":562,"url":"https:\/\/folhapopular.info\/wp-content\/uploads\/2026\/04\/unnamed-file.jpg","type":"image\/jpeg"}],"author":"Reda\u00e7\u00e3o Folha Popular","twitter_card":"summary_large_image","twitter_misc":{"Escrito por":"Reda\u00e7\u00e3o Folha Popular","Est. tempo de leitura":"2 minutos"},"schema":{"@context":"https:\/\/schema.org","@graph":[{"@type":"Article","@id":"https:\/\/folhapopular.info\/index.php\/2026\/04\/27\/veiculo-de-lajeado-se-envolve-em-colisao-frontal-com-dois-mortos-na-rsc-153-em-passo-fundo\/#article","isPartOf":{"@id":"https:\/\/folhapopular.info\/index.php\/2026\/04\/27\/veiculo-de-lajeado-se-envolve-em-colisao-frontal-com-dois-mortos-na-rsc-153-em-passo-fundo\/"},"author":{"name":"Reda\u00e7\u00e3o Folha Popular","@id":"https:\/\/folhapopular.info\/#\/schema\/person\/2814e8a0df7643585a9ca38bc6eb9d4b"},"headline":"Ve\u00edculo de Lajeado se envolve em colis\u00e3o frontal com dois mortos na RSC-153, em Passo Fundo","datePublished":"2026-04-27T13:27:46+00:00","dateModified":"2026-04-27T13:27:48+00:00","mainEntityOfPage":{"@id":"https:\/\/folhapopular.info\/index.php\/2026\/04\/27\/veiculo-de-lajeado-se-envolve-em-colisao-frontal-com-dois-mortos-na-rsc-153-em-passo-fundo\/"},"wordCount":215,"commentCount":0,"image":{"@id":"https:\/\/folhapopular.info\/index.php\/2026\/04\/27\/veiculo-de-lajeado-se-envolve-em-colisao-frontal-com-dois-mortos-na-rsc-153-em-passo-fundo\/#primaryimage"},"thumbnailUrl":"https:\/\/folhapopular.info\/wp-content\/uploads\/2026\/04\/unnamed-file.jpg","keywords":["Acidente","Colis\u00e3o","Lajeado","Passo Fundo"],"articleSection":["Seguran\u00e7a","Tr\u00e2nsito"],"inLanguage":"pt-BR","potentialAction":[{"@type":"CommentAction","name":"Comment","target":["https:\/\/folhapopular.info\/index.php\/2026\/04\/27\/veiculo-de-lajeado-se-envolve-em-colisao-frontal-com-dois-mortos-na-rsc-153-em-passo-fundo\/#respond"]}]},{"@type":"WebPage","@id":"https:\/\/folhapopular.info\/index.php\/2026\/04\/27\/veiculo-de-lajeado-se-envolve-em-colisao-frontal-com-dois-mortos-na-rsc-153-em-passo-fundo\/","url":"https:\/\/folhapopular.info\/index.php\/2026\/04\/27\/veiculo-de-lajeado-se-envolve-em-colisao-frontal-com-dois-mortos-na-rsc-153-em-passo-fundo\/","name":"Ve\u00edculo de Lajeado se envolve em colis\u00e3o frontal com dois mortos na RSC-153, em Passo Fundo - Folha Popular","isPartOf":{"@id":"https:\/\/folhapopular.info\/#website"},"primaryImageOfPage":{"@id":"https:\/\/folhapopular.info\/index.php\/2026\/04\/27\/veiculo-de-lajeado-se-envolve-em-colisao-frontal-com-dois-mortos-na-rsc-153-em-passo-fundo\/#primaryimage"},"image":{"@id":"https:\/\/folhapopular.info\/index.php\/2026\/04\/27\/veiculo-de-lajeado-se-envolve-em-colisao-frontal-com-dois-mortos-na-rsc-153-em-passo-fundo\/#primaryimage"},"thumbnailUrl":"https:\/\/folhapopular.info\/wp-content\/uploads\/2026\/04\/unnamed-file.jpg","datePublished":"2026-04-27T13:27:46+00:00","dateModified":"2026-04-27T13:27:48+00:00","author":{"@id":"https:\/\/folhapopular.info\/#\/schema\/person\/2814e8a0df7643585a9ca38bc6eb9d4b"},"breadcrumb":{"@id":"https:\/\/folhapopular.info\/index.php\/2026\/04\/27\/veiculo-de-lajeado-se-envolve-em-colisao-frontal-com-dois-mortos-na-rsc-153-em-passo-fundo\/#breadcrumb"},"inLanguage":"pt-BR","potentialAction":[{"@type":"ReadAction","target":["https:\/\/folhapopular.info\/index.php\/2026\/04\/27\/veiculo-de-lajeado-se-envolve-em-colisao-frontal-com-dois-mortos-na-rsc-153-em-passo-fundo\/"]}]},{"@type":"ImageObject","inLanguage":"pt-BR","@id":"https:\/\/folhapopular.info\/index.php\/2026\/04\/27\/veiculo-de-lajeado-se-envolve-em-colisao-frontal-com-dois-mortos-na-rsc-153-em-passo-fundo\/#primaryimage","url":"https:\/\/folhapopular.info\/wp-content\/uploads\/2026\/04\/unnamed-file.jpg","contentUrl":"https:\/\/folhapopular.info\/wp-content\/uploads\/2026\/04\/unnamed-file.jpg","width":1000,"height":562},{"@type":"BreadcrumbList","@id":"https:\/\/folhapopular.info\/index.php\/2026\/04\/27\/veiculo-de-lajeado-se-envolve-em-colisao-frontal-com-dois-mortos-na-rsc-153-em-passo-fundo\/#breadcrumb","itemListElement":[{"@type":"ListItem","position":1,"name":"In\u00edcio","item":"https:\/\/folhapopular.info\/"},{"@type":"ListItem","position":2,"name":"Ve\u00edculo de Lajeado se envolve em colis\u00e3o frontal com dois mortos na RSC-153, em Passo Fundo"}]},{"@type":"WebSite","@id":"https:\/\/folhapopular.info\/#website","url":"https:\/\/folhapopular.info\/","name":"Folha Popular","description":"Onde voc\u00ea tem vez e voz","potentialAction":[{"@type":"SearchAction","target":{"@type":"EntryPoint","urlTemplate":"https:\/\/folhapopular.info\/?s={search_term_string}"},"query-input":{"@type":"PropertyValueSpecification","valueRequired":true,"valueName":"search_term_string"}}],"inLanguage":"pt-BR"},{"@type":"Person","@id":"https:\/\/folhapopular.info\/#\/schema\/person\/2814e8a0df7643585a9ca38bc6eb9d4b","name":"Reda\u00e7\u00e3o Folha Popular","image":{"@type":"ImageObject","inLanguage":"pt-BR","@id":"https:\/\/folhapopular.info\/wp-content\/uploads\/2026\/04\/Folha-1.webp","url":"https:\/\/folhapopular.info\/wp-content\/uploads\/2026\/04\/Folha-1.webp","contentUrl":"https:\/\/folhapopular.info\/wp-content\/uploads\/2026\/04\/Folha-1.webp","caption":"Reda\u00e7\u00e3o Folha Popular"},"url":"https:\/\/folhapopular.info\/index.php\/author\/redacao\/"}]}},"jetpack_featured_media_url":"https:\/\/folhapopular.info\/wp-content\/uploads\/2026\/04\/unnamed-file.jpg","jetpack_sharing_enabled":true,"amp_enabled":true,"_links":{"self":[{"href":"https:\/\/folhapopular.info\/index.php\/wp-json\/wp\/v2\/posts\/211666","targetHints":{"allow":["GET"]}}],"collection":[{"href":"https:\/\/folhapopular.info\/index.php\/wp-json\/wp\/v2\/posts"}],"about":[{"href":"https:\/\/folhapopular.info\/index.php\/wp-json\/wp\/v2\/types\/post"}],"author":[{"embeddable":true,"href":"https:\/\/folhapopular.info\/index.php\/wp-json\/wp\/v2\/users\/8"}],"replies":[{"embeddable":true,"href":"https:\/\/folhapopular.info\/index.php\/wp-json\/wp\/v2\/comments?post=211666"}],"version-history":[{"count":1,"href":"https:\/\/folhapopular.info\/index.php\/wp-json\/wp\/v2\/posts\/211666\/revisions"}],"predecessor-version":[{"id":211669,"href":"https:\/\/folhapopular.info\/index.php\/wp-json\/wp\/v2\/posts\/211666\/revisions\/211669"}],"wp:featuredmedia":[{"embeddable":true,"href":"https:\/\/folhapopular.info\/index.php\/wp-json\/wp\/v2\/media\/211668"}],"wp:attachment":[{"href":"https:\/\/folhapopular.info\/index.php\/wp-json\/wp\/v2\/media?parent=211666"}],"wp:term":[{"taxonomy":"category","embeddable":true,"href":"https:\/\/folhapopular.info\/index.php\/wp-json\/wp\/v2\/categories?post=211666"},{"taxonomy":"post_tag","embeddable":true,"href":"https:\/\/folhapopular.info\/index.php\/wp-json\/wp\/v2\/tags?post=211666"}],"curies":[{"name":"wp","href":"https:\/\/api.w.org\/{rel}","templated":true}]}}