{"id":211684,"date":"2026-04-27T16:00:00","date_gmt":"2026-04-27T19:00:00","guid":{"rendered":"https:\/\/folhapopular.info\/?p=211684"},"modified":"2026-04-27T14:53:10","modified_gmt":"2026-04-27T17:53:10","slug":"imigrante-realiza-testes-visuais-com-alunos-pelo-programa-saude-na-escola","status":"publish","type":"post","link":"https:\/\/folhapopular.info\/index.php\/2026\/04\/27\/imigrante-realiza-testes-visuais-com-alunos-pelo-programa-saude-na-escola\/","title":{"rendered":"Imigrante realiza testes visuais com alunos pelo Programa Sa\u00fade na Escola"},"content":{"rendered":"\n<p>A Secretaria de Sa\u00fade e a Secretaria de Educa\u00e7\u00e3o de Imigrante realizaram testes visuais com seus alunos por meio do Programa Sa\u00fade na Escola, iniciativa que une profissionais das duas \u00e1reas em prol do desenvolvimento integral dos estudantes da rede p\u00fablica.<\/p>\n\n\n\n<p>Os exames oftalmol\u00f3gicos fazem parte de um compromisso que o munic\u00edpio assumiu desde a aprova\u00e7\u00e3o da Lei Municipal 2.148, de 2017, que definiu o dia\u00a07 de maio\u00a0como o Dia Municipal da Consci\u00eancia e Cuidado Oftalmol\u00f3gico. Desde ent\u00e3o, a\u00e7\u00f5es s\u00e3o realizadas periodicamente nas escolas com o objetivo de prevenir e identificar precocemente altera\u00e7\u00f5es na vis\u00e3o dos alunos. <\/p>\n\n\n\n<p>A import\u00e2ncia dessas avalia\u00e7\u00f5es vai al\u00e9m do aspecto cl\u00ednico. Problemas de vis\u00e3o n\u00e3o identificados podem comprometer diretamente o desempenho escolar da crian\u00e7a, que muitas vezes n\u00e3o percebe ou n\u00e3o consegue expressar a dificuldade que enfrenta para enxergar. Quando alguma altera\u00e7\u00e3o \u00e9 detectada, os pais ou respons\u00e1veis s\u00e3o comunicados para que providenciem o encaminhamento adequado.<\/p>\n\n\n\n<p><\/p>\n","protected":false},"excerpt":{"rendered":"<p>A Secretaria de Sa\u00fade e a Secretaria de Educa\u00e7\u00e3o de Imigrante realizaram testes visuais com seus alunos por meio do Programa Sa\u00fade na Escola, iniciativa que une profissionais das duas \u00e1reas em prol do desenvolvimento integral dos estudantes da rede p\u00fablica. Os exames oftalmol\u00f3gicos fazem parte de um compromisso que o munic\u00edpio assumiu desde a [&hellip;]<\/p>\n","protected":false},"author":8,"featured_media":211685,"comment_status":"open","ping_status":"open","sticky":false,"template":"","format":"standard","meta":{"pmpro_default_level":"","_jetpack_memberships_contains_paid_content":false,"footnotes":""},"categories":[2,3],"tags":[34,20725,4230,89],"class_list":{"0":"post-211684","1":"post","2":"type-post","3":"status-publish","4":"format-standard","5":"has-post-thumbnail","7":"category-featured","8":"category-geral","9":"tag-imigrante","10":"tag-oftalmologista","11":"tag-programa-saude-na-escola","12":"tag-saude","13":"pmpro-has-access"},"yoast_head":"<!-- This site is optimized with the Yoast SEO plugin v27.4 - https:\/\/yoast.com\/product\/yoast-seo-wordpress\/ -->\n<title>Imigrante realiza testes visuais com alunos pelo Programa Sa\u00fade na Escola - Folha Popular<\/title>\n<meta name=\"robots\" content=\"index, follow, max-snippet:-1, max-image-preview:large, max-video-preview:-1\" \/>\n<link rel=\"canonical\" href=\"https:\/\/folhapopular.info\/index.php\/2026\/04\/27\/imigrante-realiza-testes-visuais-com-alunos-pelo-programa-saude-na-escola\/\" \/>\n<meta property=\"og:locale\" content=\"pt_BR\" \/>\n<meta property=\"og:type\" content=\"article\" \/>\n<meta property=\"og:title\" content=\"Imigrante realiza testes visuais com alunos pelo Programa Sa\u00fade na Escola - Folha Popular\" \/>\n<meta property=\"og:description\" content=\"A Secretaria de Sa\u00fade e a Secretaria de Educa\u00e7\u00e3o de Imigrante realizaram testes visuais com seus alunos por meio do Programa Sa\u00fade na Escola, iniciativa que une profissionais das duas \u00e1reas em prol do desenvolvimento integral dos estudantes da rede p\u00fablica. Os exames oftalmol\u00f3gicos fazem parte de um compromisso que o munic\u00edpio assumiu desde a [&hellip;]\" \/>\n<meta property=\"og:url\" content=\"https:\/\/folhapopular.info\/index.php\/2026\/04\/27\/imigrante-realiza-testes-visuais-com-alunos-pelo-programa-saude-na-escola\/\" \/>\n<meta property=\"og:site_name\" content=\"Folha Popular\" \/>\n<meta property=\"article:published_time\" content=\"2026-04-27T19:00:00+00:00\" \/>\n<meta property=\"og:image\" content=\"https:\/\/folhapopular.info\/wp-content\/uploads\/2026\/04\/CTS_1486.jpg\" \/>\n\t<meta property=\"og:image:width\" content=\"1\" \/>\n\t<meta property=\"og:image:height\" content=\"1\" \/>\n\t<meta property=\"og:image:type\" content=\"image\/jpeg\" \/>\n<meta name=\"author\" content=\"Reda\u00e7\u00e3o Folha Popular\" \/>\n<meta name=\"twitter:card\" content=\"summary_large_image\" \/>\n<meta name=\"twitter:label1\" content=\"Escrito por\" \/>\n\t<meta name=\"twitter:data1\" content=\"Reda\u00e7\u00e3o Folha Popular\" \/>\n\t<meta name=\"twitter:label2\" content=\"Est. tempo de leitura\" \/>\n\t<meta name=\"twitter:data2\" content=\"2 minutos\" \/>\n<script type=\"application\/ld+json\" class=\"yoast-schema-graph\">{\"@context\":\"https:\\\/\\\/schema.org\",\"@graph\":[{\"@type\":\"Article\",\"@id\":\"https:\\\/\\\/folhapopular.info\\\/index.php\\\/2026\\\/04\\\/27\\\/imigrante-realiza-testes-visuais-com-alunos-pelo-programa-saude-na-escola\\\/#article\",\"isPartOf\":{\"@id\":\"https:\\\/\\\/folhapopular.info\\\/index.php\\\/2026\\\/04\\\/27\\\/imigrante-realiza-testes-visuais-com-alunos-pelo-programa-saude-na-escola\\\/\"},\"author\":{\"name\":\"Reda\u00e7\u00e3o Folha Popular\",\"@id\":\"https:\\\/\\\/folhapopular.info\\\/#\\\/schema\\\/person\\\/2814e8a0df7643585a9ca38bc6eb9d4b\"},\"headline\":\"Imigrante realiza testes visuais com alunos pelo Programa Sa\u00fade na Escola\",\"datePublished\":\"2026-04-27T19:00:00+00:00\",\"mainEntityOfPage\":{\"@id\":\"https:\\\/\\\/folhapopular.info\\\/index.php\\\/2026\\\/04\\\/27\\\/imigrante-realiza-testes-visuais-com-alunos-pelo-programa-saude-na-escola\\\/\"},\"wordCount\":187,\"commentCount\":0,\"image\":{\"@id\":\"https:\\\/\\\/folhapopular.info\\\/index.php\\\/2026\\\/04\\\/27\\\/imigrante-realiza-testes-visuais-com-alunos-pelo-programa-saude-na-escola\\\/#primaryimage\"},\"thumbnailUrl\":\"https:\\\/\\\/folhapopular.info\\\/wp-content\\\/uploads\\\/2026\\\/04\\\/CTS_1486.jpg\",\"keywords\":[\"Imigrante\",\"Oftalmologista\",\"Programa Sa\u00fade na Escola\",\"Sa\u00fade\"],\"articleSection\":[\"Destaques\",\"Geral\"],\"inLanguage\":\"pt-BR\",\"potentialAction\":[{\"@type\":\"CommentAction\",\"name\":\"Comment\",\"target\":[\"https:\\\/\\\/folhapopular.info\\\/index.php\\\/2026\\\/04\\\/27\\\/imigrante-realiza-testes-visuais-com-alunos-pelo-programa-saude-na-escola\\\/#respond\"]}]},{\"@type\":\"WebPage\",\"@id\":\"https:\\\/\\\/folhapopular.info\\\/index.php\\\/2026\\\/04\\\/27\\\/imigrante-realiza-testes-visuais-com-alunos-pelo-programa-saude-na-escola\\\/\",\"url\":\"https:\\\/\\\/folhapopular.info\\\/index.php\\\/2026\\\/04\\\/27\\\/imigrante-realiza-testes-visuais-com-alunos-pelo-programa-saude-na-escola\\\/\",\"name\":\"Imigrante realiza testes visuais com alunos pelo Programa Sa\u00fade na Escola - Folha Popular\",\"isPartOf\":{\"@id\":\"https:\\\/\\\/folhapopular.info\\\/#website\"},\"primaryImageOfPage\":{\"@id\":\"https:\\\/\\\/folhapopular.info\\\/index.php\\\/2026\\\/04\\\/27\\\/imigrante-realiza-testes-visuais-com-alunos-pelo-programa-saude-na-escola\\\/#primaryimage\"},\"image\":{\"@id\":\"https:\\\/\\\/folhapopular.info\\\/index.php\\\/2026\\\/04\\\/27\\\/imigrante-realiza-testes-visuais-com-alunos-pelo-programa-saude-na-escola\\\/#primaryimage\"},\"thumbnailUrl\":\"https:\\\/\\\/folhapopular.info\\\/wp-content\\\/uploads\\\/2026\\\/04\\\/CTS_1486.jpg\",\"datePublished\":\"2026-04-27T19:00:00+00:00\",\"author\":{\"@id\":\"https:\\\/\\\/folhapopular.info\\\/#\\\/schema\\\/person\\\/2814e8a0df7643585a9ca38bc6eb9d4b\"},\"breadcrumb\":{\"@id\":\"https:\\\/\\\/folhapopular.info\\\/index.php\\\/2026\\\/04\\\/27\\\/imigrante-realiza-testes-visuais-com-alunos-pelo-programa-saude-na-escola\\\/#breadcrumb\"},\"inLanguage\":\"pt-BR\",\"potentialAction\":[{\"@type\":\"ReadAction\",\"target\":[\"https:\\\/\\\/folhapopular.info\\\/index.php\\\/2026\\\/04\\\/27\\\/imigrante-realiza-testes-visuais-com-alunos-pelo-programa-saude-na-escola\\\/\"]}]},{\"@type\":\"ImageObject\",\"inLanguage\":\"pt-BR\",\"@id\":\"https:\\\/\\\/folhapopular.info\\\/index.php\\\/2026\\\/04\\\/27\\\/imigrante-realiza-testes-visuais-com-alunos-pelo-programa-saude-na-escola\\\/#primaryimage\",\"url\":\"https:\\\/\\\/folhapopular.info\\\/wp-content\\\/uploads\\\/2026\\\/04\\\/CTS_1486.jpg\",\"contentUrl\":\"https:\\\/\\\/folhapopular.info\\\/wp-content\\\/uploads\\\/2026\\\/04\\\/CTS_1486.jpg\",\"caption\":\"Cr\u00e9dito: Cris Thom\u00e9 \\\/ Divulga\u00e7\u00e3o\"},{\"@type\":\"BreadcrumbList\",\"@id\":\"https:\\\/\\\/folhapopular.info\\\/index.php\\\/2026\\\/04\\\/27\\\/imigrante-realiza-testes-visuais-com-alunos-pelo-programa-saude-na-escola\\\/#breadcrumb\",\"itemListElement\":[{\"@type\":\"ListItem\",\"position\":1,\"name\":\"In\u00edcio\",\"item\":\"https:\\\/\\\/folhapopular.info\\\/\"},{\"@type\":\"ListItem\",\"position\":2,\"name\":\"Imigrante realiza testes visuais com alunos pelo Programa Sa\u00fade na Escola\"}]},{\"@type\":\"WebSite\",\"@id\":\"https:\\\/\\\/folhapopular.info\\\/#website\",\"url\":\"https:\\\/\\\/folhapopular.info\\\/\",\"name\":\"Folha Popular\",\"description\":\"Onde voc\u00ea tem vez e voz\",\"potentialAction\":[{\"@type\":\"SearchAction\",\"target\":{\"@type\":\"EntryPoint\",\"urlTemplate\":\"https:\\\/\\\/folhapopular.info\\\/?s={search_term_string}\"},\"query-input\":{\"@type\":\"PropertyValueSpecification\",\"valueRequired\":true,\"valueName\":\"search_term_string\"}}],\"inLanguage\":\"pt-BR\"},{\"@type\":\"Person\",\"@id\":\"https:\\\/\\\/folhapopular.info\\\/#\\\/schema\\\/person\\\/2814e8a0df7643585a9ca38bc6eb9d4b\",\"name\":\"Reda\u00e7\u00e3o Folha Popular\",\"image\":{\"@type\":\"ImageObject\",\"inLanguage\":\"pt-BR\",\"@id\":\"https:\\\/\\\/folhapopular.info\\\/wp-content\\\/uploads\\\/2026\\\/04\\\/Folha-1.webp\",\"url\":\"https:\\\/\\\/folhapopular.info\\\/wp-content\\\/uploads\\\/2026\\\/04\\\/Folha-1.webp\",\"contentUrl\":\"https:\\\/\\\/folhapopular.info\\\/wp-content\\\/uploads\\\/2026\\\/04\\\/Folha-1.webp\",\"caption\":\"Reda\u00e7\u00e3o Folha Popular\"},\"url\":\"https:\\\/\\\/folhapopular.info\\\/index.php\\\/author\\\/redacao\\\/\"}]}<\/script>\n<!-- \/ Yoast SEO plugin. -->","yoast_head_json":{"title":"Imigrante realiza testes visuais com alunos pelo Programa Sa\u00fade na Escola - Folha Popular","robots":{"index":"index","follow":"follow","max-snippet":"max-snippet:-1","max-image-preview":"max-image-preview:large","max-video-preview":"max-video-preview:-1"},"canonical":"https:\/\/folhapopular.info\/index.php\/2026\/04\/27\/imigrante-realiza-testes-visuais-com-alunos-pelo-programa-saude-na-escola\/","og_locale":"pt_BR","og_type":"article","og_title":"Imigrante realiza testes visuais com alunos pelo Programa Sa\u00fade na Escola - Folha Popular","og_description":"A Secretaria de Sa\u00fade e a Secretaria de Educa\u00e7\u00e3o de Imigrante realizaram testes visuais com seus alunos por meio do Programa Sa\u00fade na Escola, iniciativa que une profissionais das duas \u00e1reas em prol do desenvolvimento integral dos estudantes da rede p\u00fablica. Os exames oftalmol\u00f3gicos fazem parte de um compromisso que o munic\u00edpio assumiu desde a [&hellip;]","og_url":"https:\/\/folhapopular.info\/index.php\/2026\/04\/27\/imigrante-realiza-testes-visuais-com-alunos-pelo-programa-saude-na-escola\/","og_site_name":"Folha Popular","article_published_time":"2026-04-27T19:00:00+00:00","og_image":[{"url":"https:\/\/folhapopular.info\/wp-content\/uploads\/2026\/04\/CTS_1486.jpg","width":1,"height":1,"type":"image\/jpeg"}],"author":"Reda\u00e7\u00e3o Folha Popular","twitter_card":"summary_large_image","twitter_misc":{"Escrito por":"Reda\u00e7\u00e3o Folha Popular","Est. tempo de leitura":"2 minutos"},"schema":{"@context":"https:\/\/schema.org","@graph":[{"@type":"Article","@id":"https:\/\/folhapopular.info\/index.php\/2026\/04\/27\/imigrante-realiza-testes-visuais-com-alunos-pelo-programa-saude-na-escola\/#article","isPartOf":{"@id":"https:\/\/folhapopular.info\/index.php\/2026\/04\/27\/imigrante-realiza-testes-visuais-com-alunos-pelo-programa-saude-na-escola\/"},"author":{"name":"Reda\u00e7\u00e3o Folha Popular","@id":"https:\/\/folhapopular.info\/#\/schema\/person\/2814e8a0df7643585a9ca38bc6eb9d4b"},"headline":"Imigrante realiza testes visuais com alunos pelo Programa Sa\u00fade na Escola","datePublished":"2026-04-27T19:00:00+00:00","mainEntityOfPage":{"@id":"https:\/\/folhapopular.info\/index.php\/2026\/04\/27\/imigrante-realiza-testes-visuais-com-alunos-pelo-programa-saude-na-escola\/"},"wordCount":187,"commentCount":0,"image":{"@id":"https:\/\/folhapopular.info\/index.php\/2026\/04\/27\/imigrante-realiza-testes-visuais-com-alunos-pelo-programa-saude-na-escola\/#primaryimage"},"thumbnailUrl":"https:\/\/folhapopular.info\/wp-content\/uploads\/2026\/04\/CTS_1486.jpg","keywords":["Imigrante","Oftalmologista","Programa Sa\u00fade na Escola","Sa\u00fade"],"articleSection":["Destaques","Geral"],"inLanguage":"pt-BR","potentialAction":[{"@type":"CommentAction","name":"Comment","target":["https:\/\/folhapopular.info\/index.php\/2026\/04\/27\/imigrante-realiza-testes-visuais-com-alunos-pelo-programa-saude-na-escola\/#respond"]}]},{"@type":"WebPage","@id":"https:\/\/folhapopular.info\/index.php\/2026\/04\/27\/imigrante-realiza-testes-visuais-com-alunos-pelo-programa-saude-na-escola\/","url":"https:\/\/folhapopular.info\/index.php\/2026\/04\/27\/imigrante-realiza-testes-visuais-com-alunos-pelo-programa-saude-na-escola\/","name":"Imigrante realiza testes visuais com alunos pelo Programa Sa\u00fade na Escola - Folha Popular","isPartOf":{"@id":"https:\/\/folhapopular.info\/#website"},"primaryImageOfPage":{"@id":"https:\/\/folhapopular.info\/index.php\/2026\/04\/27\/imigrante-realiza-testes-visuais-com-alunos-pelo-programa-saude-na-escola\/#primaryimage"},"image":{"@id":"https:\/\/folhapopular.info\/index.php\/2026\/04\/27\/imigrante-realiza-testes-visuais-com-alunos-pelo-programa-saude-na-escola\/#primaryimage"},"thumbnailUrl":"https:\/\/folhapopular.info\/wp-content\/uploads\/2026\/04\/CTS_1486.jpg","datePublished":"2026-04-27T19:00:00+00:00","author":{"@id":"https:\/\/folhapopular.info\/#\/schema\/person\/2814e8a0df7643585a9ca38bc6eb9d4b"},"breadcrumb":{"@id":"https:\/\/folhapopular.info\/index.php\/2026\/04\/27\/imigrante-realiza-testes-visuais-com-alunos-pelo-programa-saude-na-escola\/#breadcrumb"},"inLanguage":"pt-BR","potentialAction":[{"@type":"ReadAction","target":["https:\/\/folhapopular.info\/index.php\/2026\/04\/27\/imigrante-realiza-testes-visuais-com-alunos-pelo-programa-saude-na-escola\/"]}]},{"@type":"ImageObject","inLanguage":"pt-BR","@id":"https:\/\/folhapopular.info\/index.php\/2026\/04\/27\/imigrante-realiza-testes-visuais-com-alunos-pelo-programa-saude-na-escola\/#primaryimage","url":"https:\/\/folhapopular.info\/wp-content\/uploads\/2026\/04\/CTS_1486.jpg","contentUrl":"https:\/\/folhapopular.info\/wp-content\/uploads\/2026\/04\/CTS_1486.jpg","caption":"Cr\u00e9dito: Cris Thom\u00e9 \/ Divulga\u00e7\u00e3o"},{"@type":"BreadcrumbList","@id":"https:\/\/folhapopular.info\/index.php\/2026\/04\/27\/imigrante-realiza-testes-visuais-com-alunos-pelo-programa-saude-na-escola\/#breadcrumb","itemListElement":[{"@type":"ListItem","position":1,"name":"In\u00edcio","item":"https:\/\/folhapopular.info\/"},{"@type":"ListItem","position":2,"name":"Imigrante realiza testes visuais com alunos pelo Programa Sa\u00fade na Escola"}]},{"@type":"WebSite","@id":"https:\/\/folhapopular.info\/#website","url":"https:\/\/folhapopular.info\/","name":"Folha Popular","description":"Onde voc\u00ea tem vez e voz","potentialAction":[{"@type":"SearchAction","target":{"@type":"EntryPoint","urlTemplate":"https:\/\/folhapopular.info\/?s={search_term_string}"},"query-input":{"@type":"PropertyValueSpecification","valueRequired":true,"valueName":"search_term_string"}}],"inLanguage":"pt-BR"},{"@type":"Person","@id":"https:\/\/folhapopular.info\/#\/schema\/person\/2814e8a0df7643585a9ca38bc6eb9d4b","name":"Reda\u00e7\u00e3o Folha Popular","image":{"@type":"ImageObject","inLanguage":"pt-BR","@id":"https:\/\/folhapopular.info\/wp-content\/uploads\/2026\/04\/Folha-1.webp","url":"https:\/\/folhapopular.info\/wp-content\/uploads\/2026\/04\/Folha-1.webp","contentUrl":"https:\/\/folhapopular.info\/wp-content\/uploads\/2026\/04\/Folha-1.webp","caption":"Reda\u00e7\u00e3o Folha Popular"},"url":"https:\/\/folhapopular.info\/index.php\/author\/redacao\/"}]}},"jetpack_featured_media_url":"https:\/\/folhapopular.info\/wp-content\/uploads\/2026\/04\/CTS_1486.jpg","jetpack_sharing_enabled":true,"amp_enabled":true,"_links":{"self":[{"href":"https:\/\/folhapopular.info\/index.php\/wp-json\/wp\/v2\/posts\/211684","targetHints":{"allow":["GET"]}}],"collection":[{"href":"https:\/\/folhapopular.info\/index.php\/wp-json\/wp\/v2\/posts"}],"about":[{"href":"https:\/\/folhapopular.info\/index.php\/wp-json\/wp\/v2\/types\/post"}],"author":[{"embeddable":true,"href":"https:\/\/folhapopular.info\/index.php\/wp-json\/wp\/v2\/users\/8"}],"replies":[{"embeddable":true,"href":"https:\/\/folhapopular.info\/index.php\/wp-json\/wp\/v2\/comments?post=211684"}],"version-history":[{"count":1,"href":"https:\/\/folhapopular.info\/index.php\/wp-json\/wp\/v2\/posts\/211684\/revisions"}],"predecessor-version":[{"id":211686,"href":"https:\/\/folhapopular.info\/index.php\/wp-json\/wp\/v2\/posts\/211684\/revisions\/211686"}],"wp:featuredmedia":[{"embeddable":true,"href":"https:\/\/folhapopular.info\/index.php\/wp-json\/wp\/v2\/media\/211685"}],"wp:attachment":[{"href":"https:\/\/folhapopular.info\/index.php\/wp-json\/wp\/v2\/media?parent=211684"}],"wp:term":[{"taxonomy":"category","embeddable":true,"href":"https:\/\/folhapopular.info\/index.php\/wp-json\/wp\/v2\/categories?post=211684"},{"taxonomy":"post_tag","embeddable":true,"href":"https:\/\/folhapopular.info\/index.php\/wp-json\/wp\/v2\/tags?post=211684"}],"curies":[{"name":"wp","href":"https:\/\/api.w.org\/{rel}","templated":true}]}}