{"id":211687,"date":"2026-04-27T15:37:31","date_gmt":"2026-04-27T18:37:31","guid":{"rendered":"https:\/\/folhapopular.info\/?p=211687"},"modified":"2026-04-27T15:37:33","modified_gmt":"2026-04-27T18:37:33","slug":"cic-vt-reune-entidades-do-vale-em-noite-especial-com-palestra","status":"publish","type":"post","link":"https:\/\/folhapopular.info\/index.php\/2026\/04\/27\/cic-vt-reune-entidades-do-vale-em-noite-especial-com-palestra\/","title":{"rendered":"CIC-VT re\u00fane entidades do Vale em noite especial com palestra"},"content":{"rendered":"\n<p>O Vale do Taquari ser\u00e1 palco de uma noite marcada por integra\u00e7\u00e3o, troca de experi\u00eancias e valoriza\u00e7\u00e3o do associativismo. Nesta segunda-feira (27\/4), \u00e0s 19h, a CIC-VT realiza o evento de encerramento da 4\u00aa edi\u00e7\u00e3o da Campanha do Dia Nacional do Associativismo na CIC Teut\u00f4nia, com o tema \u201cConex\u00f5es que Transformam o Vale\u201d.<\/p>\n\n\n\n<p>A campanha foi lan\u00e7ada com o objetivo de fortalecer os v\u00ednculos entre as associa\u00e7\u00f5es comerciais, c\u00e2maras de ind\u00fastria, servi\u00e7os e demais entidades empresariais que fazem parte da rede.<\/p>\n\n\n\n<p>Um dos pontos altos desta edi\u00e7\u00e3o foi o \u201cAmigo Secreto\u201d, envolvendo 17 entidades associadas. Ap\u00f3s o sorteio, cada participante passou a conhecer melhor outra entidade, produzindo v\u00eddeos que destacaram suas principais a\u00e7\u00f5es e sua contribui\u00e7\u00e3o para a regi\u00e3o. As publica\u00e7\u00f5es desses v\u00eddeos come\u00e7aram no dia 20 de abril e t\u00eam promovido ampla visibilidade ao trabalho das associa\u00e7\u00f5es envolvidas.<\/p>\n\n\n\n<p>Vilson Noer, consultor especialista em varejo ir\u00e1 palestrar sobre o tema &#8220;O papel do associativismo no fortalecimento das entidades empresariais locais&#8221;.<\/p>\n\n\n\n<p><\/p>\n","protected":false},"excerpt":{"rendered":"<p>O Vale do Taquari ser\u00e1 palco de uma noite marcada por integra\u00e7\u00e3o, troca de experi\u00eancias e valoriza\u00e7\u00e3o do associativismo. Nesta segunda-feira (27\/4), \u00e0s 19h, a CIC-VT realiza o evento de encerramento da 4\u00aa edi\u00e7\u00e3o da Campanha do Dia Nacional do Associativismo na CIC Teut\u00f4nia, com o tema \u201cConex\u00f5es que Transformam o Vale\u201d. A campanha foi [&hellip;]<\/p>\n","protected":false},"author":8,"featured_media":211688,"comment_status":"open","ping_status":"open","sticky":false,"template":"","format":"standard","meta":{"pmpro_default_level":"","_jetpack_memberships_contains_paid_content":false,"footnotes":""},"categories":[10991],"tags":[178,5955,21095,18073],"class_list":{"0":"post-211687","1":"post","2":"type-post","3":"status-publish","4":"format-standard","5":"has-post-thumbnail","7":"category-economia","8":"tag-cic-teutonia","9":"tag-cic-vt","10":"tag-conexoes-que-transformam-o-vale","11":"tag-dia-nacional-do-associativismo","12":"pmpro-has-access"},"yoast_head":"<!-- This site is optimized with the Yoast SEO plugin v27.4 - https:\/\/yoast.com\/product\/yoast-seo-wordpress\/ -->\n<title>CIC-VT re\u00fane entidades do Vale em noite especial com palestra - Folha Popular<\/title>\n<meta name=\"robots\" content=\"index, follow, max-snippet:-1, max-image-preview:large, max-video-preview:-1\" \/>\n<link rel=\"canonical\" href=\"https:\/\/folhapopular.info\/index.php\/2026\/04\/27\/cic-vt-reune-entidades-do-vale-em-noite-especial-com-palestra\/\" \/>\n<meta property=\"og:locale\" content=\"pt_BR\" \/>\n<meta property=\"og:type\" content=\"article\" \/>\n<meta property=\"og:title\" content=\"CIC-VT re\u00fane entidades do Vale em noite especial com palestra - Folha Popular\" \/>\n<meta property=\"og:description\" content=\"O Vale do Taquari ser\u00e1 palco de uma noite marcada por integra\u00e7\u00e3o, troca de experi\u00eancias e valoriza\u00e7\u00e3o do associativismo. Nesta segunda-feira (27\/4), \u00e0s 19h, a CIC-VT realiza o evento de encerramento da 4\u00aa edi\u00e7\u00e3o da Campanha do Dia Nacional do Associativismo na CIC Teut\u00f4nia, com o tema \u201cConex\u00f5es que Transformam o Vale\u201d. A campanha foi [&hellip;]\" \/>\n<meta property=\"og:url\" content=\"https:\/\/folhapopular.info\/index.php\/2026\/04\/27\/cic-vt-reune-entidades-do-vale-em-noite-especial-com-palestra\/\" \/>\n<meta property=\"og:site_name\" content=\"Folha Popular\" \/>\n<meta property=\"article:published_time\" content=\"2026-04-27T18:37:31+00:00\" \/>\n<meta property=\"article:modified_time\" content=\"2026-04-27T18:37:33+00:00\" \/>\n<meta property=\"og:image\" content=\"https:\/\/folhapopular.info\/wp-content\/uploads\/2026\/04\/CARD-CONVITE-27.-FINAL.jpg\" \/>\n\t<meta property=\"og:image:width\" content=\"1600\" \/>\n\t<meta property=\"og:image:height\" content=\"1600\" \/>\n\t<meta property=\"og:image:type\" content=\"image\/jpeg\" \/>\n<meta name=\"author\" content=\"Reda\u00e7\u00e3o Folha Popular\" \/>\n<meta name=\"twitter:card\" content=\"summary_large_image\" \/>\n<meta name=\"twitter:label1\" content=\"Escrito por\" \/>\n\t<meta name=\"twitter:data1\" content=\"Reda\u00e7\u00e3o Folha Popular\" \/>\n\t<meta name=\"twitter:label2\" content=\"Est. tempo de leitura\" \/>\n\t<meta name=\"twitter:data2\" content=\"2 minutos\" \/>\n<script type=\"application\/ld+json\" class=\"yoast-schema-graph\">{\"@context\":\"https:\\\/\\\/schema.org\",\"@graph\":[{\"@type\":\"Article\",\"@id\":\"https:\\\/\\\/folhapopular.info\\\/index.php\\\/2026\\\/04\\\/27\\\/cic-vt-reune-entidades-do-vale-em-noite-especial-com-palestra\\\/#article\",\"isPartOf\":{\"@id\":\"https:\\\/\\\/folhapopular.info\\\/index.php\\\/2026\\\/04\\\/27\\\/cic-vt-reune-entidades-do-vale-em-noite-especial-com-palestra\\\/\"},\"author\":{\"name\":\"Reda\u00e7\u00e3o Folha Popular\",\"@id\":\"https:\\\/\\\/folhapopular.info\\\/#\\\/schema\\\/person\\\/2814e8a0df7643585a9ca38bc6eb9d4b\"},\"headline\":\"CIC-VT re\u00fane entidades do Vale em noite especial com palestra\",\"datePublished\":\"2026-04-27T18:37:31+00:00\",\"dateModified\":\"2026-04-27T18:37:33+00:00\",\"mainEntityOfPage\":{\"@id\":\"https:\\\/\\\/folhapopular.info\\\/index.php\\\/2026\\\/04\\\/27\\\/cic-vt-reune-entidades-do-vale-em-noite-especial-com-palestra\\\/\"},\"wordCount\":189,\"commentCount\":0,\"image\":{\"@id\":\"https:\\\/\\\/folhapopular.info\\\/index.php\\\/2026\\\/04\\\/27\\\/cic-vt-reune-entidades-do-vale-em-noite-especial-com-palestra\\\/#primaryimage\"},\"thumbnailUrl\":\"https:\\\/\\\/folhapopular.info\\\/wp-content\\\/uploads\\\/2026\\\/04\\\/CARD-CONVITE-27.-FINAL.jpg\",\"keywords\":[\"CIC Teut\u00f4nia\",\"CIC VT\",\"Conex\u00f5es que Transformam o Vale\",\"Dia Nacional do Associativismo\"],\"articleSection\":[\"Economia\"],\"inLanguage\":\"pt-BR\",\"potentialAction\":[{\"@type\":\"CommentAction\",\"name\":\"Comment\",\"target\":[\"https:\\\/\\\/folhapopular.info\\\/index.php\\\/2026\\\/04\\\/27\\\/cic-vt-reune-entidades-do-vale-em-noite-especial-com-palestra\\\/#respond\"]}]},{\"@type\":\"WebPage\",\"@id\":\"https:\\\/\\\/folhapopular.info\\\/index.php\\\/2026\\\/04\\\/27\\\/cic-vt-reune-entidades-do-vale-em-noite-especial-com-palestra\\\/\",\"url\":\"https:\\\/\\\/folhapopular.info\\\/index.php\\\/2026\\\/04\\\/27\\\/cic-vt-reune-entidades-do-vale-em-noite-especial-com-palestra\\\/\",\"name\":\"CIC-VT re\u00fane entidades do Vale em noite especial com palestra - Folha Popular\",\"isPartOf\":{\"@id\":\"https:\\\/\\\/folhapopular.info\\\/#website\"},\"primaryImageOfPage\":{\"@id\":\"https:\\\/\\\/folhapopular.info\\\/index.php\\\/2026\\\/04\\\/27\\\/cic-vt-reune-entidades-do-vale-em-noite-especial-com-palestra\\\/#primaryimage\"},\"image\":{\"@id\":\"https:\\\/\\\/folhapopular.info\\\/index.php\\\/2026\\\/04\\\/27\\\/cic-vt-reune-entidades-do-vale-em-noite-especial-com-palestra\\\/#primaryimage\"},\"thumbnailUrl\":\"https:\\\/\\\/folhapopular.info\\\/wp-content\\\/uploads\\\/2026\\\/04\\\/CARD-CONVITE-27.-FINAL.jpg\",\"datePublished\":\"2026-04-27T18:37:31+00:00\",\"dateModified\":\"2026-04-27T18:37:33+00:00\",\"author\":{\"@id\":\"https:\\\/\\\/folhapopular.info\\\/#\\\/schema\\\/person\\\/2814e8a0df7643585a9ca38bc6eb9d4b\"},\"breadcrumb\":{\"@id\":\"https:\\\/\\\/folhapopular.info\\\/index.php\\\/2026\\\/04\\\/27\\\/cic-vt-reune-entidades-do-vale-em-noite-especial-com-palestra\\\/#breadcrumb\"},\"inLanguage\":\"pt-BR\",\"potentialAction\":[{\"@type\":\"ReadAction\",\"target\":[\"https:\\\/\\\/folhapopular.info\\\/index.php\\\/2026\\\/04\\\/27\\\/cic-vt-reune-entidades-do-vale-em-noite-especial-com-palestra\\\/\"]}]},{\"@type\":\"ImageObject\",\"inLanguage\":\"pt-BR\",\"@id\":\"https:\\\/\\\/folhapopular.info\\\/index.php\\\/2026\\\/04\\\/27\\\/cic-vt-reune-entidades-do-vale-em-noite-especial-com-palestra\\\/#primaryimage\",\"url\":\"https:\\\/\\\/folhapopular.info\\\/wp-content\\\/uploads\\\/2026\\\/04\\\/CARD-CONVITE-27.-FINAL.jpg\",\"contentUrl\":\"https:\\\/\\\/folhapopular.info\\\/wp-content\\\/uploads\\\/2026\\\/04\\\/CARD-CONVITE-27.-FINAL.jpg\",\"width\":1600,\"height\":1600},{\"@type\":\"BreadcrumbList\",\"@id\":\"https:\\\/\\\/folhapopular.info\\\/index.php\\\/2026\\\/04\\\/27\\\/cic-vt-reune-entidades-do-vale-em-noite-especial-com-palestra\\\/#breadcrumb\",\"itemListElement\":[{\"@type\":\"ListItem\",\"position\":1,\"name\":\"In\u00edcio\",\"item\":\"https:\\\/\\\/folhapopular.info\\\/\"},{\"@type\":\"ListItem\",\"position\":2,\"name\":\"CIC-VT re\u00fane entidades do Vale em noite especial com palestra\"}]},{\"@type\":\"WebSite\",\"@id\":\"https:\\\/\\\/folhapopular.info\\\/#website\",\"url\":\"https:\\\/\\\/folhapopular.info\\\/\",\"name\":\"Folha Popular\",\"description\":\"Onde voc\u00ea tem vez e voz\",\"potentialAction\":[{\"@type\":\"SearchAction\",\"target\":{\"@type\":\"EntryPoint\",\"urlTemplate\":\"https:\\\/\\\/folhapopular.info\\\/?s={search_term_string}\"},\"query-input\":{\"@type\":\"PropertyValueSpecification\",\"valueRequired\":true,\"valueName\":\"search_term_string\"}}],\"inLanguage\":\"pt-BR\"},{\"@type\":\"Person\",\"@id\":\"https:\\\/\\\/folhapopular.info\\\/#\\\/schema\\\/person\\\/2814e8a0df7643585a9ca38bc6eb9d4b\",\"name\":\"Reda\u00e7\u00e3o Folha Popular\",\"image\":{\"@type\":\"ImageObject\",\"inLanguage\":\"pt-BR\",\"@id\":\"https:\\\/\\\/folhapopular.info\\\/wp-content\\\/uploads\\\/2026\\\/04\\\/Folha-1.webp\",\"url\":\"https:\\\/\\\/folhapopular.info\\\/wp-content\\\/uploads\\\/2026\\\/04\\\/Folha-1.webp\",\"contentUrl\":\"https:\\\/\\\/folhapopular.info\\\/wp-content\\\/uploads\\\/2026\\\/04\\\/Folha-1.webp\",\"caption\":\"Reda\u00e7\u00e3o Folha Popular\"},\"url\":\"https:\\\/\\\/folhapopular.info\\\/index.php\\\/author\\\/redacao\\\/\"}]}<\/script>\n<!-- \/ Yoast SEO plugin. -->","yoast_head_json":{"title":"CIC-VT re\u00fane entidades do Vale em noite especial com palestra - Folha Popular","robots":{"index":"index","follow":"follow","max-snippet":"max-snippet:-1","max-image-preview":"max-image-preview:large","max-video-preview":"max-video-preview:-1"},"canonical":"https:\/\/folhapopular.info\/index.php\/2026\/04\/27\/cic-vt-reune-entidades-do-vale-em-noite-especial-com-palestra\/","og_locale":"pt_BR","og_type":"article","og_title":"CIC-VT re\u00fane entidades do Vale em noite especial com palestra - Folha Popular","og_description":"O Vale do Taquari ser\u00e1 palco de uma noite marcada por integra\u00e7\u00e3o, troca de experi\u00eancias e valoriza\u00e7\u00e3o do associativismo. Nesta segunda-feira (27\/4), \u00e0s 19h, a CIC-VT realiza o evento de encerramento da 4\u00aa edi\u00e7\u00e3o da Campanha do Dia Nacional do Associativismo na CIC Teut\u00f4nia, com o tema \u201cConex\u00f5es que Transformam o Vale\u201d. A campanha foi [&hellip;]","og_url":"https:\/\/folhapopular.info\/index.php\/2026\/04\/27\/cic-vt-reune-entidades-do-vale-em-noite-especial-com-palestra\/","og_site_name":"Folha Popular","article_published_time":"2026-04-27T18:37:31+00:00","article_modified_time":"2026-04-27T18:37:33+00:00","og_image":[{"width":1600,"height":1600,"url":"https:\/\/folhapopular.info\/wp-content\/uploads\/2026\/04\/CARD-CONVITE-27.-FINAL.jpg","type":"image\/jpeg"}],"author":"Reda\u00e7\u00e3o Folha Popular","twitter_card":"summary_large_image","twitter_misc":{"Escrito por":"Reda\u00e7\u00e3o Folha Popular","Est. tempo de leitura":"2 minutos"},"schema":{"@context":"https:\/\/schema.org","@graph":[{"@type":"Article","@id":"https:\/\/folhapopular.info\/index.php\/2026\/04\/27\/cic-vt-reune-entidades-do-vale-em-noite-especial-com-palestra\/#article","isPartOf":{"@id":"https:\/\/folhapopular.info\/index.php\/2026\/04\/27\/cic-vt-reune-entidades-do-vale-em-noite-especial-com-palestra\/"},"author":{"name":"Reda\u00e7\u00e3o Folha Popular","@id":"https:\/\/folhapopular.info\/#\/schema\/person\/2814e8a0df7643585a9ca38bc6eb9d4b"},"headline":"CIC-VT re\u00fane entidades do Vale em noite especial com palestra","datePublished":"2026-04-27T18:37:31+00:00","dateModified":"2026-04-27T18:37:33+00:00","mainEntityOfPage":{"@id":"https:\/\/folhapopular.info\/index.php\/2026\/04\/27\/cic-vt-reune-entidades-do-vale-em-noite-especial-com-palestra\/"},"wordCount":189,"commentCount":0,"image":{"@id":"https:\/\/folhapopular.info\/index.php\/2026\/04\/27\/cic-vt-reune-entidades-do-vale-em-noite-especial-com-palestra\/#primaryimage"},"thumbnailUrl":"https:\/\/folhapopular.info\/wp-content\/uploads\/2026\/04\/CARD-CONVITE-27.-FINAL.jpg","keywords":["CIC Teut\u00f4nia","CIC VT","Conex\u00f5es que Transformam o Vale","Dia Nacional do Associativismo"],"articleSection":["Economia"],"inLanguage":"pt-BR","potentialAction":[{"@type":"CommentAction","name":"Comment","target":["https:\/\/folhapopular.info\/index.php\/2026\/04\/27\/cic-vt-reune-entidades-do-vale-em-noite-especial-com-palestra\/#respond"]}]},{"@type":"WebPage","@id":"https:\/\/folhapopular.info\/index.php\/2026\/04\/27\/cic-vt-reune-entidades-do-vale-em-noite-especial-com-palestra\/","url":"https:\/\/folhapopular.info\/index.php\/2026\/04\/27\/cic-vt-reune-entidades-do-vale-em-noite-especial-com-palestra\/","name":"CIC-VT re\u00fane entidades do Vale em noite especial com palestra - Folha Popular","isPartOf":{"@id":"https:\/\/folhapopular.info\/#website"},"primaryImageOfPage":{"@id":"https:\/\/folhapopular.info\/index.php\/2026\/04\/27\/cic-vt-reune-entidades-do-vale-em-noite-especial-com-palestra\/#primaryimage"},"image":{"@id":"https:\/\/folhapopular.info\/index.php\/2026\/04\/27\/cic-vt-reune-entidades-do-vale-em-noite-especial-com-palestra\/#primaryimage"},"thumbnailUrl":"https:\/\/folhapopular.info\/wp-content\/uploads\/2026\/04\/CARD-CONVITE-27.-FINAL.jpg","datePublished":"2026-04-27T18:37:31+00:00","dateModified":"2026-04-27T18:37:33+00:00","author":{"@id":"https:\/\/folhapopular.info\/#\/schema\/person\/2814e8a0df7643585a9ca38bc6eb9d4b"},"breadcrumb":{"@id":"https:\/\/folhapopular.info\/index.php\/2026\/04\/27\/cic-vt-reune-entidades-do-vale-em-noite-especial-com-palestra\/#breadcrumb"},"inLanguage":"pt-BR","potentialAction":[{"@type":"ReadAction","target":["https:\/\/folhapopular.info\/index.php\/2026\/04\/27\/cic-vt-reune-entidades-do-vale-em-noite-especial-com-palestra\/"]}]},{"@type":"ImageObject","inLanguage":"pt-BR","@id":"https:\/\/folhapopular.info\/index.php\/2026\/04\/27\/cic-vt-reune-entidades-do-vale-em-noite-especial-com-palestra\/#primaryimage","url":"https:\/\/folhapopular.info\/wp-content\/uploads\/2026\/04\/CARD-CONVITE-27.-FINAL.jpg","contentUrl":"https:\/\/folhapopular.info\/wp-content\/uploads\/2026\/04\/CARD-CONVITE-27.-FINAL.jpg","width":1600,"height":1600},{"@type":"BreadcrumbList","@id":"https:\/\/folhapopular.info\/index.php\/2026\/04\/27\/cic-vt-reune-entidades-do-vale-em-noite-especial-com-palestra\/#breadcrumb","itemListElement":[{"@type":"ListItem","position":1,"name":"In\u00edcio","item":"https:\/\/folhapopular.info\/"},{"@type":"ListItem","position":2,"name":"CIC-VT re\u00fane entidades do Vale em noite especial com palestra"}]},{"@type":"WebSite","@id":"https:\/\/folhapopular.info\/#website","url":"https:\/\/folhapopular.info\/","name":"Folha Popular","description":"Onde voc\u00ea tem vez e voz","potentialAction":[{"@type":"SearchAction","target":{"@type":"EntryPoint","urlTemplate":"https:\/\/folhapopular.info\/?s={search_term_string}"},"query-input":{"@type":"PropertyValueSpecification","valueRequired":true,"valueName":"search_term_string"}}],"inLanguage":"pt-BR"},{"@type":"Person","@id":"https:\/\/folhapopular.info\/#\/schema\/person\/2814e8a0df7643585a9ca38bc6eb9d4b","name":"Reda\u00e7\u00e3o Folha Popular","image":{"@type":"ImageObject","inLanguage":"pt-BR","@id":"https:\/\/folhapopular.info\/wp-content\/uploads\/2026\/04\/Folha-1.webp","url":"https:\/\/folhapopular.info\/wp-content\/uploads\/2026\/04\/Folha-1.webp","contentUrl":"https:\/\/folhapopular.info\/wp-content\/uploads\/2026\/04\/Folha-1.webp","caption":"Reda\u00e7\u00e3o Folha Popular"},"url":"https:\/\/folhapopular.info\/index.php\/author\/redacao\/"}]}},"jetpack_featured_media_url":"https:\/\/folhapopular.info\/wp-content\/uploads\/2026\/04\/CARD-CONVITE-27.-FINAL.jpg","jetpack_sharing_enabled":true,"amp_enabled":true,"_links":{"self":[{"href":"https:\/\/folhapopular.info\/index.php\/wp-json\/wp\/v2\/posts\/211687","targetHints":{"allow":["GET"]}}],"collection":[{"href":"https:\/\/folhapopular.info\/index.php\/wp-json\/wp\/v2\/posts"}],"about":[{"href":"https:\/\/folhapopular.info\/index.php\/wp-json\/wp\/v2\/types\/post"}],"author":[{"embeddable":true,"href":"https:\/\/folhapopular.info\/index.php\/wp-json\/wp\/v2\/users\/8"}],"replies":[{"embeddable":true,"href":"https:\/\/folhapopular.info\/index.php\/wp-json\/wp\/v2\/comments?post=211687"}],"version-history":[{"count":2,"href":"https:\/\/folhapopular.info\/index.php\/wp-json\/wp\/v2\/posts\/211687\/revisions"}],"predecessor-version":[{"id":211705,"href":"https:\/\/folhapopular.info\/index.php\/wp-json\/wp\/v2\/posts\/211687\/revisions\/211705"}],"wp:featuredmedia":[{"embeddable":true,"href":"https:\/\/folhapopular.info\/index.php\/wp-json\/wp\/v2\/media\/211688"}],"wp:attachment":[{"href":"https:\/\/folhapopular.info\/index.php\/wp-json\/wp\/v2\/media?parent=211687"}],"wp:term":[{"taxonomy":"category","embeddable":true,"href":"https:\/\/folhapopular.info\/index.php\/wp-json\/wp\/v2\/categories?post=211687"},{"taxonomy":"post_tag","embeddable":true,"href":"https:\/\/folhapopular.info\/index.php\/wp-json\/wp\/v2\/tags?post=211687"}],"curies":[{"name":"wp","href":"https:\/\/api.w.org\/{rel}","templated":true}]}}