{"id":211691,"date":"2026-04-27T15:21:30","date_gmt":"2026-04-27T18:21:30","guid":{"rendered":"https:\/\/folhapopular.info\/?p=211691"},"modified":"2026-04-27T15:21:32","modified_gmt":"2026-04-27T18:21:32","slug":"univates-abre-inscricoes-para-o-vestibular-de-inverno","status":"publish","type":"post","link":"https:\/\/folhapopular.info\/index.php\/2026\/04\/27\/univates-abre-inscricoes-para-o-vestibular-de-inverno\/","title":{"rendered":"Univates abre inscri\u00e7\u00f5es para o Vestibular de Inverno"},"content":{"rendered":"\n<p>J\u00e1 est\u00e3o abertas as inscri\u00e7\u00f5es para o Vestibular de Inverno da\u00a0<a href=\"http:\/\/www.univates.br\/\" target=\"_blank\" rel=\"noreferrer noopener\">Universidade do Vale do Taquari &#8211; Univates<\/a>. O processo seletivo \u00e9 voltado aos candidatos interessados em iniciar um curso de gradua\u00e7\u00e3o presencial, semipresencial ou a dist\u00e2ncia (EaD) no segundo semestre deste ano.\u00a0 As inscri\u00e7\u00f5es s\u00e3o gratuitas e devem ser realizadas no\u00a0<em>site<\/em>\u00a0<a href=\"http:\/\/www.univates.br\/vestibular\" target=\"_blank\" rel=\"noreferrer noopener\">univates.br\/vestibular<\/a>\u00a0ou pelo\u00a0<em>WhatsApp<\/em>\u00a0(51) 3714-7043.<\/p>\n\n\n\n<p>Para iniciar um curso t\u00e9cnico na Univates no pr\u00f3ximo semestre, n\u00e3o \u00e9 necess\u00e1rio realizar prova. As inscri\u00e7\u00f5es podem ser feitas diretamente no\u00a0<em>site<\/em>\u00a0<a href=\"http:\/\/www.univates.br\/cursostecnicos\" target=\"_blank\" rel=\"noreferrer noopener\">univates.br\/cursostecnicos<\/a>\u00a0ou pelo\u00a0<em>WhatsApp<\/em>. As aulas dos cursos de gradua\u00e7\u00e3o presenciais e semipresenciais e t\u00e9cnicos iniciam no dia 27 de julho.\u00a0<\/p>\n\n\n\n<p><strong>Bolsas de estudo<\/strong><\/p>\n\n\n\n<p>A Univates conta com diferentes programas de bolsas de estudo para facilitar o acesso ao Ensino Superior. A Bolsa Prov\u00e3o concede um semestre gratuito para candidatos que obtiverem as melhores notas na prova&nbsp;<em>on-line<\/em>. S\u00e3o quatro bolsas para os cursos de gradua\u00e7\u00e3o presenciais, exceto Medicina, e duas para os cursos semipresenciais.<\/p>\n\n\n\n<p>Para concorrer a uma bolsa, o candidato precisa se inscrever na op\u00e7\u00e3o Vestibular On-line no formul\u00e1rio de inscri\u00e7\u00e3o do Vestibular. A prova ser\u00e1 composta por uma reda\u00e7\u00e3o, e o vestibulando deve escolher um dos dias de aplica\u00e7\u00e3o para participar: 15, 16 ou 17 de junho.&nbsp;<\/p>\n\n\n\n<p>A Bolsa Impulsiona garante aos estudantes at\u00e9 80% de desconto nas mensalidades dos cursos de gradua\u00e7\u00e3o presenciais (exceto Medicina) e nos cursos de licenciatura oferecidos nos formatos presencial e semipresencial.<\/p>\n\n\n\n<p>Ser\u00e3o destinadas 112 bolsas a estudantes que conclu\u00edram o Ensino M\u00e9dio em escola p\u00fablica ou como bolsistas em institui\u00e7\u00e3o privada. A sele\u00e7\u00e3o considera a nota do Enem ou o desempenho na reda\u00e7\u00e3o da prova&nbsp;<em>on-line<\/em>&nbsp;do Vestibular.<\/p>\n\n\n\n<p>Os estudantes contemplados ter\u00e3o dois anos de mensalidades com valores reduzidos, sendo 80% de desconto nas mensalidades do semestre 2026B, 60% de desconto no semestre 2027A, 45% de desconto em 2027B e 30% de desconto no semestre 2028A. Para os cursos superiores de tecnologia, cujo tempo de integraliza\u00e7\u00e3o \u00e9 menor, a bolsa ser\u00e1 concedida no primeiro ano do curso, sendo 80% de desconto nas mensalidades do semestre 2026B e 60% de desconto no semestre 2027A.<\/p>\n\n\n\n<p>Do total, 28 bolsas de estudo s\u00e3o destinadas a a\u00e7\u00f5es afirmativas, que concedem desconto de 100% por quatro semestres (2026B, 2027A, 2027B e 2028A). Em caso de cursos superiores de tecnologia, a bolsa ser\u00e1 concedida somente no primeiro ano do curso.<\/p>\n\n\n\n<p>Os editais das bolsas de estudo est\u00e3o dispon\u00edveis para consulta no&nbsp;<em>site<\/em>&nbsp;da Univates, na p\u00e1gina&nbsp;<a href=\"http:\/\/www.univates.br\/editais\" target=\"_blank\" rel=\"noreferrer noopener\">univates.br\/editais<\/a>. Outras informa\u00e7\u00f5es sobre o processo seletivo podem ser obtidas pelo telefone 0800 707 08 09 ou pelo&nbsp;<em>e-mail<\/em>&nbsp;<a href=\"mailto:vemprauni@univates.br\" target=\"_blank\" rel=\"noreferrer noopener\">vemprauni@univates.br<\/a>.<\/p>\n","protected":false},"excerpt":{"rendered":"<p>J\u00e1 est\u00e3o abertas as inscri\u00e7\u00f5es para o Vestibular de Inverno da\u00a0Universidade do Vale do Taquari &#8211; Univates. O processo seletivo \u00e9 voltado aos candidatos interessados em iniciar um curso de gradua\u00e7\u00e3o presencial, semipresencial ou a dist\u00e2ncia (EaD) no segundo semestre deste ano.\u00a0 As inscri\u00e7\u00f5es s\u00e3o gratuitas e devem ser realizadas no\u00a0site\u00a0univates.br\/vestibular\u00a0ou pelo\u00a0WhatsApp\u00a0(51) 3714-7043. Para iniciar [&hellip;]<\/p>\n","protected":false},"author":8,"featured_media":211693,"comment_status":"open","ping_status":"open","sticky":false,"template":"","format":"standard","meta":{"pmpro_default_level":"","_jetpack_memberships_contains_paid_content":false,"footnotes":""},"categories":[2,10988,3],"tags":[946,83,110,2585],"class_list":{"0":"post-211691","1":"post","2":"type-post","3":"status-publish","4":"format-standard","5":"has-post-thumbnail","7":"category-featured","8":"category-educacao","9":"category-geral","10":"tag-inscricoes","11":"tag-univates","12":"tag-vestibular","13":"tag-vestibular-de-inverno","14":"pmpro-has-access"},"yoast_head":"<!-- This site is optimized with the Yoast SEO plugin v27.4 - https:\/\/yoast.com\/product\/yoast-seo-wordpress\/ -->\n<title>Univates abre inscri\u00e7\u00f5es para o Vestibular de Inverno - Folha Popular<\/title>\n<meta name=\"robots\" content=\"index, follow, max-snippet:-1, max-image-preview:large, max-video-preview:-1\" \/>\n<link rel=\"canonical\" href=\"https:\/\/folhapopular.info\/index.php\/2026\/04\/27\/univates-abre-inscricoes-para-o-vestibular-de-inverno\/\" \/>\n<meta property=\"og:locale\" content=\"pt_BR\" \/>\n<meta property=\"og:type\" content=\"article\" \/>\n<meta property=\"og:title\" content=\"Univates abre inscri\u00e7\u00f5es para o Vestibular de Inverno - Folha Popular\" \/>\n<meta property=\"og:description\" content=\"J\u00e1 est\u00e3o abertas as inscri\u00e7\u00f5es para o Vestibular de Inverno da\u00a0Universidade do Vale do Taquari &#8211; Univates. O processo seletivo \u00e9 voltado aos candidatos interessados em iniciar um curso de gradua\u00e7\u00e3o presencial, semipresencial ou a dist\u00e2ncia (EaD) no segundo semestre deste ano.\u00a0 As inscri\u00e7\u00f5es s\u00e3o gratuitas e devem ser realizadas no\u00a0site\u00a0univates.br\/vestibular\u00a0ou pelo\u00a0WhatsApp\u00a0(51) 3714-7043. Para iniciar [&hellip;]\" \/>\n<meta property=\"og:url\" content=\"https:\/\/folhapopular.info\/index.php\/2026\/04\/27\/univates-abre-inscricoes-para-o-vestibular-de-inverno\/\" \/>\n<meta property=\"og:site_name\" content=\"Folha Popular\" \/>\n<meta property=\"article:published_time\" content=\"2026-04-27T18:21:30+00:00\" \/>\n<meta property=\"article:modified_time\" content=\"2026-04-27T18:21:32+00:00\" \/>\n<meta property=\"og:image\" content=\"https:\/\/folhapopular.info\/wp-content\/uploads\/2026\/04\/1-Aulas-iniciam-em-julho-Credito-Mateus-Scheibel-.jpg\" \/>\n\t<meta property=\"og:image:width\" content=\"1\" \/>\n\t<meta property=\"og:image:height\" content=\"1\" \/>\n\t<meta property=\"og:image:type\" content=\"image\/jpeg\" \/>\n<meta name=\"author\" content=\"Reda\u00e7\u00e3o Folha Popular\" \/>\n<meta name=\"twitter:card\" content=\"summary_large_image\" \/>\n<meta name=\"twitter:label1\" content=\"Escrito por\" \/>\n\t<meta name=\"twitter:data1\" content=\"Reda\u00e7\u00e3o Folha Popular\" \/>\n\t<meta name=\"twitter:label2\" content=\"Est. tempo de leitura\" \/>\n\t<meta name=\"twitter:data2\" content=\"3 minutos\" \/>\n<script type=\"application\/ld+json\" class=\"yoast-schema-graph\">{\"@context\":\"https:\\\/\\\/schema.org\",\"@graph\":[{\"@type\":\"Article\",\"@id\":\"https:\\\/\\\/folhapopular.info\\\/index.php\\\/2026\\\/04\\\/27\\\/univates-abre-inscricoes-para-o-vestibular-de-inverno\\\/#article\",\"isPartOf\":{\"@id\":\"https:\\\/\\\/folhapopular.info\\\/index.php\\\/2026\\\/04\\\/27\\\/univates-abre-inscricoes-para-o-vestibular-de-inverno\\\/\"},\"author\":{\"name\":\"Reda\u00e7\u00e3o Folha Popular\",\"@id\":\"https:\\\/\\\/folhapopular.info\\\/#\\\/schema\\\/person\\\/2814e8a0df7643585a9ca38bc6eb9d4b\"},\"headline\":\"Univates abre inscri\u00e7\u00f5es para o Vestibular de Inverno\",\"datePublished\":\"2026-04-27T18:21:30+00:00\",\"dateModified\":\"2026-04-27T18:21:32+00:00\",\"mainEntityOfPage\":{\"@id\":\"https:\\\/\\\/folhapopular.info\\\/index.php\\\/2026\\\/04\\\/27\\\/univates-abre-inscricoes-para-o-vestibular-de-inverno\\\/\"},\"wordCount\":462,\"commentCount\":0,\"image\":{\"@id\":\"https:\\\/\\\/folhapopular.info\\\/index.php\\\/2026\\\/04\\\/27\\\/univates-abre-inscricoes-para-o-vestibular-de-inverno\\\/#primaryimage\"},\"thumbnailUrl\":\"https:\\\/\\\/folhapopular.info\\\/wp-content\\\/uploads\\\/2026\\\/04\\\/1-Aulas-iniciam-em-julho-Credito-Mateus-Scheibel-.jpg\",\"keywords\":[\"Inscri\u00e7\u00f5es\",\"Univates\",\"Vestibular\",\"Vestibular de Inverno\"],\"articleSection\":[\"Destaques\",\"Educa\u00e7\u00e3o\",\"Geral\"],\"inLanguage\":\"pt-BR\",\"potentialAction\":[{\"@type\":\"CommentAction\",\"name\":\"Comment\",\"target\":[\"https:\\\/\\\/folhapopular.info\\\/index.php\\\/2026\\\/04\\\/27\\\/univates-abre-inscricoes-para-o-vestibular-de-inverno\\\/#respond\"]}]},{\"@type\":\"WebPage\",\"@id\":\"https:\\\/\\\/folhapopular.info\\\/index.php\\\/2026\\\/04\\\/27\\\/univates-abre-inscricoes-para-o-vestibular-de-inverno\\\/\",\"url\":\"https:\\\/\\\/folhapopular.info\\\/index.php\\\/2026\\\/04\\\/27\\\/univates-abre-inscricoes-para-o-vestibular-de-inverno\\\/\",\"name\":\"Univates abre inscri\u00e7\u00f5es para o Vestibular de Inverno - Folha Popular\",\"isPartOf\":{\"@id\":\"https:\\\/\\\/folhapopular.info\\\/#website\"},\"primaryImageOfPage\":{\"@id\":\"https:\\\/\\\/folhapopular.info\\\/index.php\\\/2026\\\/04\\\/27\\\/univates-abre-inscricoes-para-o-vestibular-de-inverno\\\/#primaryimage\"},\"image\":{\"@id\":\"https:\\\/\\\/folhapopular.info\\\/index.php\\\/2026\\\/04\\\/27\\\/univates-abre-inscricoes-para-o-vestibular-de-inverno\\\/#primaryimage\"},\"thumbnailUrl\":\"https:\\\/\\\/folhapopular.info\\\/wp-content\\\/uploads\\\/2026\\\/04\\\/1-Aulas-iniciam-em-julho-Credito-Mateus-Scheibel-.jpg\",\"datePublished\":\"2026-04-27T18:21:30+00:00\",\"dateModified\":\"2026-04-27T18:21:32+00:00\",\"author\":{\"@id\":\"https:\\\/\\\/folhapopular.info\\\/#\\\/schema\\\/person\\\/2814e8a0df7643585a9ca38bc6eb9d4b\"},\"breadcrumb\":{\"@id\":\"https:\\\/\\\/folhapopular.info\\\/index.php\\\/2026\\\/04\\\/27\\\/univates-abre-inscricoes-para-o-vestibular-de-inverno\\\/#breadcrumb\"},\"inLanguage\":\"pt-BR\",\"potentialAction\":[{\"@type\":\"ReadAction\",\"target\":[\"https:\\\/\\\/folhapopular.info\\\/index.php\\\/2026\\\/04\\\/27\\\/univates-abre-inscricoes-para-o-vestibular-de-inverno\\\/\"]}]},{\"@type\":\"ImageObject\",\"inLanguage\":\"pt-BR\",\"@id\":\"https:\\\/\\\/folhapopular.info\\\/index.php\\\/2026\\\/04\\\/27\\\/univates-abre-inscricoes-para-o-vestibular-de-inverno\\\/#primaryimage\",\"url\":\"https:\\\/\\\/folhapopular.info\\\/wp-content\\\/uploads\\\/2026\\\/04\\\/1-Aulas-iniciam-em-julho-Credito-Mateus-Scheibel-.jpg\",\"contentUrl\":\"https:\\\/\\\/folhapopular.info\\\/wp-content\\\/uploads\\\/2026\\\/04\\\/1-Aulas-iniciam-em-julho-Credito-Mateus-Scheibel-.jpg\",\"caption\":\"Cr\u00e9dito: Mateus Scheibel \\\/ Divulga\u00e7\u00e3o\"},{\"@type\":\"BreadcrumbList\",\"@id\":\"https:\\\/\\\/folhapopular.info\\\/index.php\\\/2026\\\/04\\\/27\\\/univates-abre-inscricoes-para-o-vestibular-de-inverno\\\/#breadcrumb\",\"itemListElement\":[{\"@type\":\"ListItem\",\"position\":1,\"name\":\"In\u00edcio\",\"item\":\"https:\\\/\\\/folhapopular.info\\\/\"},{\"@type\":\"ListItem\",\"position\":2,\"name\":\"Univates abre inscri\u00e7\u00f5es para o Vestibular de Inverno\"}]},{\"@type\":\"WebSite\",\"@id\":\"https:\\\/\\\/folhapopular.info\\\/#website\",\"url\":\"https:\\\/\\\/folhapopular.info\\\/\",\"name\":\"Folha Popular\",\"description\":\"Onde voc\u00ea tem vez e voz\",\"potentialAction\":[{\"@type\":\"SearchAction\",\"target\":{\"@type\":\"EntryPoint\",\"urlTemplate\":\"https:\\\/\\\/folhapopular.info\\\/?s={search_term_string}\"},\"query-input\":{\"@type\":\"PropertyValueSpecification\",\"valueRequired\":true,\"valueName\":\"search_term_string\"}}],\"inLanguage\":\"pt-BR\"},{\"@type\":\"Person\",\"@id\":\"https:\\\/\\\/folhapopular.info\\\/#\\\/schema\\\/person\\\/2814e8a0df7643585a9ca38bc6eb9d4b\",\"name\":\"Reda\u00e7\u00e3o Folha Popular\",\"image\":{\"@type\":\"ImageObject\",\"inLanguage\":\"pt-BR\",\"@id\":\"https:\\\/\\\/folhapopular.info\\\/wp-content\\\/uploads\\\/2026\\\/04\\\/Folha-1.webp\",\"url\":\"https:\\\/\\\/folhapopular.info\\\/wp-content\\\/uploads\\\/2026\\\/04\\\/Folha-1.webp\",\"contentUrl\":\"https:\\\/\\\/folhapopular.info\\\/wp-content\\\/uploads\\\/2026\\\/04\\\/Folha-1.webp\",\"caption\":\"Reda\u00e7\u00e3o Folha Popular\"},\"url\":\"https:\\\/\\\/folhapopular.info\\\/index.php\\\/author\\\/redacao\\\/\"}]}<\/script>\n<!-- \/ Yoast SEO plugin. -->","yoast_head_json":{"title":"Univates abre inscri\u00e7\u00f5es para o Vestibular de Inverno - Folha Popular","robots":{"index":"index","follow":"follow","max-snippet":"max-snippet:-1","max-image-preview":"max-image-preview:large","max-video-preview":"max-video-preview:-1"},"canonical":"https:\/\/folhapopular.info\/index.php\/2026\/04\/27\/univates-abre-inscricoes-para-o-vestibular-de-inverno\/","og_locale":"pt_BR","og_type":"article","og_title":"Univates abre inscri\u00e7\u00f5es para o Vestibular de Inverno - Folha Popular","og_description":"J\u00e1 est\u00e3o abertas as inscri\u00e7\u00f5es para o Vestibular de Inverno da\u00a0Universidade do Vale do Taquari &#8211; Univates. O processo seletivo \u00e9 voltado aos candidatos interessados em iniciar um curso de gradua\u00e7\u00e3o presencial, semipresencial ou a dist\u00e2ncia (EaD) no segundo semestre deste ano.\u00a0 As inscri\u00e7\u00f5es s\u00e3o gratuitas e devem ser realizadas no\u00a0site\u00a0univates.br\/vestibular\u00a0ou pelo\u00a0WhatsApp\u00a0(51) 3714-7043. Para iniciar [&hellip;]","og_url":"https:\/\/folhapopular.info\/index.php\/2026\/04\/27\/univates-abre-inscricoes-para-o-vestibular-de-inverno\/","og_site_name":"Folha Popular","article_published_time":"2026-04-27T18:21:30+00:00","article_modified_time":"2026-04-27T18:21:32+00:00","og_image":[{"url":"https:\/\/folhapopular.info\/wp-content\/uploads\/2026\/04\/1-Aulas-iniciam-em-julho-Credito-Mateus-Scheibel-.jpg","width":1,"height":1,"type":"image\/jpeg"}],"author":"Reda\u00e7\u00e3o Folha Popular","twitter_card":"summary_large_image","twitter_misc":{"Escrito por":"Reda\u00e7\u00e3o Folha Popular","Est. tempo de leitura":"3 minutos"},"schema":{"@context":"https:\/\/schema.org","@graph":[{"@type":"Article","@id":"https:\/\/folhapopular.info\/index.php\/2026\/04\/27\/univates-abre-inscricoes-para-o-vestibular-de-inverno\/#article","isPartOf":{"@id":"https:\/\/folhapopular.info\/index.php\/2026\/04\/27\/univates-abre-inscricoes-para-o-vestibular-de-inverno\/"},"author":{"name":"Reda\u00e7\u00e3o Folha Popular","@id":"https:\/\/folhapopular.info\/#\/schema\/person\/2814e8a0df7643585a9ca38bc6eb9d4b"},"headline":"Univates abre inscri\u00e7\u00f5es para o Vestibular de Inverno","datePublished":"2026-04-27T18:21:30+00:00","dateModified":"2026-04-27T18:21:32+00:00","mainEntityOfPage":{"@id":"https:\/\/folhapopular.info\/index.php\/2026\/04\/27\/univates-abre-inscricoes-para-o-vestibular-de-inverno\/"},"wordCount":462,"commentCount":0,"image":{"@id":"https:\/\/folhapopular.info\/index.php\/2026\/04\/27\/univates-abre-inscricoes-para-o-vestibular-de-inverno\/#primaryimage"},"thumbnailUrl":"https:\/\/folhapopular.info\/wp-content\/uploads\/2026\/04\/1-Aulas-iniciam-em-julho-Credito-Mateus-Scheibel-.jpg","keywords":["Inscri\u00e7\u00f5es","Univates","Vestibular","Vestibular de Inverno"],"articleSection":["Destaques","Educa\u00e7\u00e3o","Geral"],"inLanguage":"pt-BR","potentialAction":[{"@type":"CommentAction","name":"Comment","target":["https:\/\/folhapopular.info\/index.php\/2026\/04\/27\/univates-abre-inscricoes-para-o-vestibular-de-inverno\/#respond"]}]},{"@type":"WebPage","@id":"https:\/\/folhapopular.info\/index.php\/2026\/04\/27\/univates-abre-inscricoes-para-o-vestibular-de-inverno\/","url":"https:\/\/folhapopular.info\/index.php\/2026\/04\/27\/univates-abre-inscricoes-para-o-vestibular-de-inverno\/","name":"Univates abre inscri\u00e7\u00f5es para o Vestibular de Inverno - Folha Popular","isPartOf":{"@id":"https:\/\/folhapopular.info\/#website"},"primaryImageOfPage":{"@id":"https:\/\/folhapopular.info\/index.php\/2026\/04\/27\/univates-abre-inscricoes-para-o-vestibular-de-inverno\/#primaryimage"},"image":{"@id":"https:\/\/folhapopular.info\/index.php\/2026\/04\/27\/univates-abre-inscricoes-para-o-vestibular-de-inverno\/#primaryimage"},"thumbnailUrl":"https:\/\/folhapopular.info\/wp-content\/uploads\/2026\/04\/1-Aulas-iniciam-em-julho-Credito-Mateus-Scheibel-.jpg","datePublished":"2026-04-27T18:21:30+00:00","dateModified":"2026-04-27T18:21:32+00:00","author":{"@id":"https:\/\/folhapopular.info\/#\/schema\/person\/2814e8a0df7643585a9ca38bc6eb9d4b"},"breadcrumb":{"@id":"https:\/\/folhapopular.info\/index.php\/2026\/04\/27\/univates-abre-inscricoes-para-o-vestibular-de-inverno\/#breadcrumb"},"inLanguage":"pt-BR","potentialAction":[{"@type":"ReadAction","target":["https:\/\/folhapopular.info\/index.php\/2026\/04\/27\/univates-abre-inscricoes-para-o-vestibular-de-inverno\/"]}]},{"@type":"ImageObject","inLanguage":"pt-BR","@id":"https:\/\/folhapopular.info\/index.php\/2026\/04\/27\/univates-abre-inscricoes-para-o-vestibular-de-inverno\/#primaryimage","url":"https:\/\/folhapopular.info\/wp-content\/uploads\/2026\/04\/1-Aulas-iniciam-em-julho-Credito-Mateus-Scheibel-.jpg","contentUrl":"https:\/\/folhapopular.info\/wp-content\/uploads\/2026\/04\/1-Aulas-iniciam-em-julho-Credito-Mateus-Scheibel-.jpg","caption":"Cr\u00e9dito: Mateus Scheibel \/ Divulga\u00e7\u00e3o"},{"@type":"BreadcrumbList","@id":"https:\/\/folhapopular.info\/index.php\/2026\/04\/27\/univates-abre-inscricoes-para-o-vestibular-de-inverno\/#breadcrumb","itemListElement":[{"@type":"ListItem","position":1,"name":"In\u00edcio","item":"https:\/\/folhapopular.info\/"},{"@type":"ListItem","position":2,"name":"Univates abre inscri\u00e7\u00f5es para o Vestibular de Inverno"}]},{"@type":"WebSite","@id":"https:\/\/folhapopular.info\/#website","url":"https:\/\/folhapopular.info\/","name":"Folha Popular","description":"Onde voc\u00ea tem vez e voz","potentialAction":[{"@type":"SearchAction","target":{"@type":"EntryPoint","urlTemplate":"https:\/\/folhapopular.info\/?s={search_term_string}"},"query-input":{"@type":"PropertyValueSpecification","valueRequired":true,"valueName":"search_term_string"}}],"inLanguage":"pt-BR"},{"@type":"Person","@id":"https:\/\/folhapopular.info\/#\/schema\/person\/2814e8a0df7643585a9ca38bc6eb9d4b","name":"Reda\u00e7\u00e3o Folha Popular","image":{"@type":"ImageObject","inLanguage":"pt-BR","@id":"https:\/\/folhapopular.info\/wp-content\/uploads\/2026\/04\/Folha-1.webp","url":"https:\/\/folhapopular.info\/wp-content\/uploads\/2026\/04\/Folha-1.webp","contentUrl":"https:\/\/folhapopular.info\/wp-content\/uploads\/2026\/04\/Folha-1.webp","caption":"Reda\u00e7\u00e3o Folha Popular"},"url":"https:\/\/folhapopular.info\/index.php\/author\/redacao\/"}]}},"jetpack_featured_media_url":"https:\/\/folhapopular.info\/wp-content\/uploads\/2026\/04\/1-Aulas-iniciam-em-julho-Credito-Mateus-Scheibel-.jpg","jetpack_sharing_enabled":true,"amp_enabled":true,"_links":{"self":[{"href":"https:\/\/folhapopular.info\/index.php\/wp-json\/wp\/v2\/posts\/211691","targetHints":{"allow":["GET"]}}],"collection":[{"href":"https:\/\/folhapopular.info\/index.php\/wp-json\/wp\/v2\/posts"}],"about":[{"href":"https:\/\/folhapopular.info\/index.php\/wp-json\/wp\/v2\/types\/post"}],"author":[{"embeddable":true,"href":"https:\/\/folhapopular.info\/index.php\/wp-json\/wp\/v2\/users\/8"}],"replies":[{"embeddable":true,"href":"https:\/\/folhapopular.info\/index.php\/wp-json\/wp\/v2\/comments?post=211691"}],"version-history":[{"count":2,"href":"https:\/\/folhapopular.info\/index.php\/wp-json\/wp\/v2\/posts\/211691\/revisions"}],"predecessor-version":[{"id":211700,"href":"https:\/\/folhapopular.info\/index.php\/wp-json\/wp\/v2\/posts\/211691\/revisions\/211700"}],"wp:featuredmedia":[{"embeddable":true,"href":"https:\/\/folhapopular.info\/index.php\/wp-json\/wp\/v2\/media\/211693"}],"wp:attachment":[{"href":"https:\/\/folhapopular.info\/index.php\/wp-json\/wp\/v2\/media?parent=211691"}],"wp:term":[{"taxonomy":"category","embeddable":true,"href":"https:\/\/folhapopular.info\/index.php\/wp-json\/wp\/v2\/categories?post=211691"},{"taxonomy":"post_tag","embeddable":true,"href":"https:\/\/folhapopular.info\/index.php\/wp-json\/wp\/v2\/tags?post=211691"}],"curies":[{"name":"wp","href":"https:\/\/api.w.org\/{rel}","templated":true}]}}