{"id":211699,"date":"2026-04-27T15:33:10","date_gmt":"2026-04-27T18:33:10","guid":{"rendered":"https:\/\/folhapopular.info\/?p=211699"},"modified":"2026-04-27T15:33:12","modified_gmt":"2026-04-27T18:33:12","slug":"ctg-rincao-das-coxilhas-apresenta-pre-estreia-da-tematica-2026","status":"publish","type":"post","link":"https:\/\/folhapopular.info\/index.php\/2026\/04\/27\/ctg-rincao-das-coxilhas-apresenta-pre-estreia-da-tematica-2026\/","title":{"rendered":"CTG Rinc\u00e3o das Coxilhas apresenta pr\u00e9-estreia da tem\u00e1tica 2026"},"content":{"rendered":"\n<p>Na noite deste s\u00e1bado (25\/4), o CTG Rinc\u00e3o das Coxilhas realizou a pr\u00e9-estreia da tem\u00e1tica de 2026, intitulada \u201cSomos Filhos do Vento\u201d, em um evento marcado pela emo\u00e7\u00e3o, tradi\u00e7\u00e3o e expectativa para a pr\u00f3xima temporada art\u00edstica. A apresenta\u00e7\u00e3o reuniu integrantes, familiares e comunidade, que acompanharam de perto o in\u00edcio de um novo trabalho voltado \u00e0 busca por uma vaga na final do JuvENART.<\/p>\n\n\n\n<p>O grupo levou ao p\u00fablico a primeira mostra da proposta que ser\u00e1 desenvolvida ao longo do ano, evidenciando a dedica\u00e7\u00e3o e a intensidade dos ensaios j\u00e1 iniciados. A coreografia de entrada, que abriu a apresenta\u00e7\u00e3o, tem a assinatura de Helder Machado, enquanto a responsabilidade t\u00e9cnica e art\u00edstica do projeto est\u00e1 a cargo de Diego de Oliveira e Ana Paula Delarezi.<\/p>\n\n\n\n<p>Al\u00e9m da pr\u00e9via da tem\u00e1tica, um dos destaques da noite foi a apresenta\u00e7\u00e3o da indument\u00e1ria, elemento fundamental para a constru\u00e7\u00e3o est\u00e9tica e cultural do espet\u00e1culo. As vestimentas, alinhadas ao conceito de \u201cSomos Filhos do Vento\u201d, refor\u00e7am a identidade tradicionalista e ajudam a contar a narrativa que o grupo pretende levar aos palcos do JuvENART em 2026.<\/p>\n\n\n\n<p>A proposta apresentada j\u00e1 demonstra o comprometimento do CTG com a excel\u00eancia art\u00edstica, mantendo viva a tradi\u00e7\u00e3o ga\u00facha por meio da dan\u00e7a, da m\u00fasica e da valoriza\u00e7\u00e3o das ra\u00edzes culturais.<\/p>\n\n\n\n<p>Refor\u00e7 importante feito pelo CTG \u00e9 a abertura das inscri\u00e7\u00f5es para o rodeio art\u00edstico, que seguem at\u00e9 o dia 9 de maio. O evento ser\u00e1 realizado nos dias 16 e 17 de maio, reunindo competidores em modalidades como dan\u00e7as tradicionais, dan\u00e7as de sal\u00e3o e declama\u00e7\u00e3o. A expectativa \u00e9 de que o rodeio re\u00fana participantes de diferentes entidades tradicionalistas, fortalecendo o interc\u00e2mbio cultural e o incentivo \u00e0s express\u00f5es art\u00edsticas do movimento ga\u00facho.<\/p>\n","protected":false},"excerpt":{"rendered":"<p>Na noite deste s\u00e1bado (25\/4), o CTG Rinc\u00e3o das Coxilhas realizou a pr\u00e9-estreia da tem\u00e1tica de 2026, intitulada \u201cSomos Filhos do Vento\u201d, em um evento marcado pela emo\u00e7\u00e3o, tradi\u00e7\u00e3o e expectativa para a pr\u00f3xima temporada art\u00edstica. A apresenta\u00e7\u00e3o reuniu integrantes, familiares e comunidade, que acompanharam de perto o in\u00edcio de um novo trabalho voltado \u00e0 [&hellip;]<\/p>\n","protected":false},"author":773,"featured_media":211703,"comment_status":"open","ping_status":"open","sticky":false,"template":"","format":"standard","meta":{"pmpro_default_level":"","_jetpack_memberships_contains_paid_content":false,"footnotes":""},"categories":[10996,6],"tags":[3006,21094,26],"class_list":{"0":"post-211699","1":"post","2":"type-post","3":"status-publish","4":"format-standard","5":"has-post-thumbnail","7":"category-cultura","8":"category-inclusive","9":"tag-ctg","10":"tag-indumentaria-nova","11":"tag-teutonia","12":"pmpro-has-access"},"yoast_head":"<!-- This site is optimized with the Yoast SEO plugin v27.4 - https:\/\/yoast.com\/product\/yoast-seo-wordpress\/ -->\n<title>CTG Rinc\u00e3o das Coxilhas apresenta pr\u00e9-estreia da tem\u00e1tica 2026 - Folha Popular<\/title>\n<meta name=\"robots\" content=\"index, follow, max-snippet:-1, max-image-preview:large, max-video-preview:-1\" \/>\n<link rel=\"canonical\" href=\"https:\/\/folhapopular.info\/index.php\/2026\/04\/27\/ctg-rincao-das-coxilhas-apresenta-pre-estreia-da-tematica-2026\/\" \/>\n<meta property=\"og:locale\" content=\"pt_BR\" \/>\n<meta property=\"og:type\" content=\"article\" \/>\n<meta property=\"og:title\" content=\"CTG Rinc\u00e3o das Coxilhas apresenta pr\u00e9-estreia da tem\u00e1tica 2026 - Folha Popular\" \/>\n<meta property=\"og:description\" content=\"Na noite deste s\u00e1bado (25\/4), o CTG Rinc\u00e3o das Coxilhas realizou a pr\u00e9-estreia da tem\u00e1tica de 2026, intitulada \u201cSomos Filhos do Vento\u201d, em um evento marcado pela emo\u00e7\u00e3o, tradi\u00e7\u00e3o e expectativa para a pr\u00f3xima temporada art\u00edstica. A apresenta\u00e7\u00e3o reuniu integrantes, familiares e comunidade, que acompanharam de perto o in\u00edcio de um novo trabalho voltado \u00e0 [&hellip;]\" \/>\n<meta property=\"og:url\" content=\"https:\/\/folhapopular.info\/index.php\/2026\/04\/27\/ctg-rincao-das-coxilhas-apresenta-pre-estreia-da-tematica-2026\/\" \/>\n<meta property=\"og:site_name\" content=\"Folha Popular\" \/>\n<meta property=\"article:published_time\" content=\"2026-04-27T18:33:10+00:00\" \/>\n<meta property=\"article:modified_time\" content=\"2026-04-27T18:33:12+00:00\" \/>\n<meta property=\"og:image\" content=\"https:\/\/folhapopular.info\/wp-content\/uploads\/2026\/04\/Captura-de-tela-2026-04-27-152819.webp\" \/>\n\t<meta property=\"og:image:width\" content=\"818\" \/>\n\t<meta property=\"og:image:height\" content=\"447\" \/>\n\t<meta property=\"og:image:type\" content=\"image\/webp\" \/>\n<meta name=\"author\" content=\"Gabriely Hartmann Mallmann\" \/>\n<meta name=\"twitter:card\" content=\"summary_large_image\" \/>\n<meta name=\"twitter:label1\" content=\"Escrito por\" \/>\n\t<meta name=\"twitter:data1\" content=\"Gabriely Hartmann Mallmann\" \/>\n\t<meta name=\"twitter:label2\" content=\"Est. tempo de leitura\" \/>\n\t<meta name=\"twitter:data2\" content=\"2 minutos\" \/>\n<script type=\"application\/ld+json\" class=\"yoast-schema-graph\">{\"@context\":\"https:\\\/\\\/schema.org\",\"@graph\":[{\"@type\":\"Article\",\"@id\":\"https:\\\/\\\/folhapopular.info\\\/index.php\\\/2026\\\/04\\\/27\\\/ctg-rincao-das-coxilhas-apresenta-pre-estreia-da-tematica-2026\\\/#article\",\"isPartOf\":{\"@id\":\"https:\\\/\\\/folhapopular.info\\\/index.php\\\/2026\\\/04\\\/27\\\/ctg-rincao-das-coxilhas-apresenta-pre-estreia-da-tematica-2026\\\/\"},\"author\":{\"name\":\"Gabriely Hartmann Mallmann\",\"@id\":\"https:\\\/\\\/folhapopular.info\\\/#\\\/schema\\\/person\\\/41b3bb1ecf6e33e81cbab2c29b178754\"},\"headline\":\"CTG Rinc\u00e3o das Coxilhas apresenta pr\u00e9-estreia da tem\u00e1tica 2026\",\"datePublished\":\"2026-04-27T18:33:10+00:00\",\"dateModified\":\"2026-04-27T18:33:12+00:00\",\"mainEntityOfPage\":{\"@id\":\"https:\\\/\\\/folhapopular.info\\\/index.php\\\/2026\\\/04\\\/27\\\/ctg-rincao-das-coxilhas-apresenta-pre-estreia-da-tematica-2026\\\/\"},\"wordCount\":325,\"commentCount\":0,\"image\":{\"@id\":\"https:\\\/\\\/folhapopular.info\\\/index.php\\\/2026\\\/04\\\/27\\\/ctg-rincao-das-coxilhas-apresenta-pre-estreia-da-tematica-2026\\\/#primaryimage\"},\"thumbnailUrl\":\"https:\\\/\\\/folhapopular.info\\\/wp-content\\\/uploads\\\/2026\\\/04\\\/Captura-de-tela-2026-04-27-152819.webp\",\"keywords\":[\"CTG\",\"Indument\u00e1ria nova\",\"Teut\u00f4nia\"],\"articleSection\":[\"Cultura\",\"Inclusive\"],\"inLanguage\":\"pt-BR\",\"potentialAction\":[{\"@type\":\"CommentAction\",\"name\":\"Comment\",\"target\":[\"https:\\\/\\\/folhapopular.info\\\/index.php\\\/2026\\\/04\\\/27\\\/ctg-rincao-das-coxilhas-apresenta-pre-estreia-da-tematica-2026\\\/#respond\"]}]},{\"@type\":\"WebPage\",\"@id\":\"https:\\\/\\\/folhapopular.info\\\/index.php\\\/2026\\\/04\\\/27\\\/ctg-rincao-das-coxilhas-apresenta-pre-estreia-da-tematica-2026\\\/\",\"url\":\"https:\\\/\\\/folhapopular.info\\\/index.php\\\/2026\\\/04\\\/27\\\/ctg-rincao-das-coxilhas-apresenta-pre-estreia-da-tematica-2026\\\/\",\"name\":\"CTG Rinc\u00e3o das Coxilhas apresenta pr\u00e9-estreia da tem\u00e1tica 2026 - Folha Popular\",\"isPartOf\":{\"@id\":\"https:\\\/\\\/folhapopular.info\\\/#website\"},\"primaryImageOfPage\":{\"@id\":\"https:\\\/\\\/folhapopular.info\\\/index.php\\\/2026\\\/04\\\/27\\\/ctg-rincao-das-coxilhas-apresenta-pre-estreia-da-tematica-2026\\\/#primaryimage\"},\"image\":{\"@id\":\"https:\\\/\\\/folhapopular.info\\\/index.php\\\/2026\\\/04\\\/27\\\/ctg-rincao-das-coxilhas-apresenta-pre-estreia-da-tematica-2026\\\/#primaryimage\"},\"thumbnailUrl\":\"https:\\\/\\\/folhapopular.info\\\/wp-content\\\/uploads\\\/2026\\\/04\\\/Captura-de-tela-2026-04-27-152819.webp\",\"datePublished\":\"2026-04-27T18:33:10+00:00\",\"dateModified\":\"2026-04-27T18:33:12+00:00\",\"author\":{\"@id\":\"https:\\\/\\\/folhapopular.info\\\/#\\\/schema\\\/person\\\/41b3bb1ecf6e33e81cbab2c29b178754\"},\"breadcrumb\":{\"@id\":\"https:\\\/\\\/folhapopular.info\\\/index.php\\\/2026\\\/04\\\/27\\\/ctg-rincao-das-coxilhas-apresenta-pre-estreia-da-tematica-2026\\\/#breadcrumb\"},\"inLanguage\":\"pt-BR\",\"potentialAction\":[{\"@type\":\"ReadAction\",\"target\":[\"https:\\\/\\\/folhapopular.info\\\/index.php\\\/2026\\\/04\\\/27\\\/ctg-rincao-das-coxilhas-apresenta-pre-estreia-da-tematica-2026\\\/\"]}]},{\"@type\":\"ImageObject\",\"inLanguage\":\"pt-BR\",\"@id\":\"https:\\\/\\\/folhapopular.info\\\/index.php\\\/2026\\\/04\\\/27\\\/ctg-rincao-das-coxilhas-apresenta-pre-estreia-da-tematica-2026\\\/#primaryimage\",\"url\":\"https:\\\/\\\/folhapopular.info\\\/wp-content\\\/uploads\\\/2026\\\/04\\\/Captura-de-tela-2026-04-27-152819.webp\",\"contentUrl\":\"https:\\\/\\\/folhapopular.info\\\/wp-content\\\/uploads\\\/2026\\\/04\\\/Captura-de-tela-2026-04-27-152819.webp\",\"width\":818,\"height\":447,\"caption\":\"Cr\u00e9dito: Divulga\u00e7\u00e3o\"},{\"@type\":\"BreadcrumbList\",\"@id\":\"https:\\\/\\\/folhapopular.info\\\/index.php\\\/2026\\\/04\\\/27\\\/ctg-rincao-das-coxilhas-apresenta-pre-estreia-da-tematica-2026\\\/#breadcrumb\",\"itemListElement\":[{\"@type\":\"ListItem\",\"position\":1,\"name\":\"In\u00edcio\",\"item\":\"https:\\\/\\\/folhapopular.info\\\/\"},{\"@type\":\"ListItem\",\"position\":2,\"name\":\"CTG Rinc\u00e3o das Coxilhas apresenta pr\u00e9-estreia da tem\u00e1tica 2026\"}]},{\"@type\":\"WebSite\",\"@id\":\"https:\\\/\\\/folhapopular.info\\\/#website\",\"url\":\"https:\\\/\\\/folhapopular.info\\\/\",\"name\":\"Folha Popular\",\"description\":\"Onde voc\u00ea tem vez e voz\",\"potentialAction\":[{\"@type\":\"SearchAction\",\"target\":{\"@type\":\"EntryPoint\",\"urlTemplate\":\"https:\\\/\\\/folhapopular.info\\\/?s={search_term_string}\"},\"query-input\":{\"@type\":\"PropertyValueSpecification\",\"valueRequired\":true,\"valueName\":\"search_term_string\"}}],\"inLanguage\":\"pt-BR\"},{\"@type\":\"Person\",\"@id\":\"https:\\\/\\\/folhapopular.info\\\/#\\\/schema\\\/person\\\/41b3bb1ecf6e33e81cbab2c29b178754\",\"name\":\"Gabriely Hartmann Mallmann\",\"image\":{\"@type\":\"ImageObject\",\"inLanguage\":\"pt-BR\",\"@id\":\"https:\\\/\\\/secure.gravatar.com\\\/avatar\\\/92999d30b0cc9bf49e6aa3c07c592bb06855a37dcfbdc7bbe6567a4637e999ce?s=96&d=mm&r=g\",\"url\":\"https:\\\/\\\/secure.gravatar.com\\\/avatar\\\/92999d30b0cc9bf49e6aa3c07c592bb06855a37dcfbdc7bbe6567a4637e999ce?s=96&d=mm&r=g\",\"contentUrl\":\"https:\\\/\\\/secure.gravatar.com\\\/avatar\\\/92999d30b0cc9bf49e6aa3c07c592bb06855a37dcfbdc7bbe6567a4637e999ce?s=96&d=mm&r=g\",\"caption\":\"Gabriely Hartmann Mallmann\"},\"url\":\"https:\\\/\\\/folhapopular.info\\\/index.php\\\/author\\\/gabriely-hartmann-mallmann\\\/\"}]}<\/script>\n<!-- \/ Yoast SEO plugin. -->","yoast_head_json":{"title":"CTG Rinc\u00e3o das Coxilhas apresenta pr\u00e9-estreia da tem\u00e1tica 2026 - Folha Popular","robots":{"index":"index","follow":"follow","max-snippet":"max-snippet:-1","max-image-preview":"max-image-preview:large","max-video-preview":"max-video-preview:-1"},"canonical":"https:\/\/folhapopular.info\/index.php\/2026\/04\/27\/ctg-rincao-das-coxilhas-apresenta-pre-estreia-da-tematica-2026\/","og_locale":"pt_BR","og_type":"article","og_title":"CTG Rinc\u00e3o das Coxilhas apresenta pr\u00e9-estreia da tem\u00e1tica 2026 - Folha Popular","og_description":"Na noite deste s\u00e1bado (25\/4), o CTG Rinc\u00e3o das Coxilhas realizou a pr\u00e9-estreia da tem\u00e1tica de 2026, intitulada \u201cSomos Filhos do Vento\u201d, em um evento marcado pela emo\u00e7\u00e3o, tradi\u00e7\u00e3o e expectativa para a pr\u00f3xima temporada art\u00edstica. A apresenta\u00e7\u00e3o reuniu integrantes, familiares e comunidade, que acompanharam de perto o in\u00edcio de um novo trabalho voltado \u00e0 [&hellip;]","og_url":"https:\/\/folhapopular.info\/index.php\/2026\/04\/27\/ctg-rincao-das-coxilhas-apresenta-pre-estreia-da-tematica-2026\/","og_site_name":"Folha Popular","article_published_time":"2026-04-27T18:33:10+00:00","article_modified_time":"2026-04-27T18:33:12+00:00","og_image":[{"width":818,"height":447,"url":"https:\/\/folhapopular.info\/wp-content\/uploads\/2026\/04\/Captura-de-tela-2026-04-27-152819.webp","type":"image\/webp"}],"author":"Gabriely Hartmann Mallmann","twitter_card":"summary_large_image","twitter_misc":{"Escrito por":"Gabriely Hartmann Mallmann","Est. tempo de leitura":"2 minutos"},"schema":{"@context":"https:\/\/schema.org","@graph":[{"@type":"Article","@id":"https:\/\/folhapopular.info\/index.php\/2026\/04\/27\/ctg-rincao-das-coxilhas-apresenta-pre-estreia-da-tematica-2026\/#article","isPartOf":{"@id":"https:\/\/folhapopular.info\/index.php\/2026\/04\/27\/ctg-rincao-das-coxilhas-apresenta-pre-estreia-da-tematica-2026\/"},"author":{"name":"Gabriely Hartmann Mallmann","@id":"https:\/\/folhapopular.info\/#\/schema\/person\/41b3bb1ecf6e33e81cbab2c29b178754"},"headline":"CTG Rinc\u00e3o das Coxilhas apresenta pr\u00e9-estreia da tem\u00e1tica 2026","datePublished":"2026-04-27T18:33:10+00:00","dateModified":"2026-04-27T18:33:12+00:00","mainEntityOfPage":{"@id":"https:\/\/folhapopular.info\/index.php\/2026\/04\/27\/ctg-rincao-das-coxilhas-apresenta-pre-estreia-da-tematica-2026\/"},"wordCount":325,"commentCount":0,"image":{"@id":"https:\/\/folhapopular.info\/index.php\/2026\/04\/27\/ctg-rincao-das-coxilhas-apresenta-pre-estreia-da-tematica-2026\/#primaryimage"},"thumbnailUrl":"https:\/\/folhapopular.info\/wp-content\/uploads\/2026\/04\/Captura-de-tela-2026-04-27-152819.webp","keywords":["CTG","Indument\u00e1ria nova","Teut\u00f4nia"],"articleSection":["Cultura","Inclusive"],"inLanguage":"pt-BR","potentialAction":[{"@type":"CommentAction","name":"Comment","target":["https:\/\/folhapopular.info\/index.php\/2026\/04\/27\/ctg-rincao-das-coxilhas-apresenta-pre-estreia-da-tematica-2026\/#respond"]}]},{"@type":"WebPage","@id":"https:\/\/folhapopular.info\/index.php\/2026\/04\/27\/ctg-rincao-das-coxilhas-apresenta-pre-estreia-da-tematica-2026\/","url":"https:\/\/folhapopular.info\/index.php\/2026\/04\/27\/ctg-rincao-das-coxilhas-apresenta-pre-estreia-da-tematica-2026\/","name":"CTG Rinc\u00e3o das Coxilhas apresenta pr\u00e9-estreia da tem\u00e1tica 2026 - Folha Popular","isPartOf":{"@id":"https:\/\/folhapopular.info\/#website"},"primaryImageOfPage":{"@id":"https:\/\/folhapopular.info\/index.php\/2026\/04\/27\/ctg-rincao-das-coxilhas-apresenta-pre-estreia-da-tematica-2026\/#primaryimage"},"image":{"@id":"https:\/\/folhapopular.info\/index.php\/2026\/04\/27\/ctg-rincao-das-coxilhas-apresenta-pre-estreia-da-tematica-2026\/#primaryimage"},"thumbnailUrl":"https:\/\/folhapopular.info\/wp-content\/uploads\/2026\/04\/Captura-de-tela-2026-04-27-152819.webp","datePublished":"2026-04-27T18:33:10+00:00","dateModified":"2026-04-27T18:33:12+00:00","author":{"@id":"https:\/\/folhapopular.info\/#\/schema\/person\/41b3bb1ecf6e33e81cbab2c29b178754"},"breadcrumb":{"@id":"https:\/\/folhapopular.info\/index.php\/2026\/04\/27\/ctg-rincao-das-coxilhas-apresenta-pre-estreia-da-tematica-2026\/#breadcrumb"},"inLanguage":"pt-BR","potentialAction":[{"@type":"ReadAction","target":["https:\/\/folhapopular.info\/index.php\/2026\/04\/27\/ctg-rincao-das-coxilhas-apresenta-pre-estreia-da-tematica-2026\/"]}]},{"@type":"ImageObject","inLanguage":"pt-BR","@id":"https:\/\/folhapopular.info\/index.php\/2026\/04\/27\/ctg-rincao-das-coxilhas-apresenta-pre-estreia-da-tematica-2026\/#primaryimage","url":"https:\/\/folhapopular.info\/wp-content\/uploads\/2026\/04\/Captura-de-tela-2026-04-27-152819.webp","contentUrl":"https:\/\/folhapopular.info\/wp-content\/uploads\/2026\/04\/Captura-de-tela-2026-04-27-152819.webp","width":818,"height":447,"caption":"Cr\u00e9dito: Divulga\u00e7\u00e3o"},{"@type":"BreadcrumbList","@id":"https:\/\/folhapopular.info\/index.php\/2026\/04\/27\/ctg-rincao-das-coxilhas-apresenta-pre-estreia-da-tematica-2026\/#breadcrumb","itemListElement":[{"@type":"ListItem","position":1,"name":"In\u00edcio","item":"https:\/\/folhapopular.info\/"},{"@type":"ListItem","position":2,"name":"CTG Rinc\u00e3o das Coxilhas apresenta pr\u00e9-estreia da tem\u00e1tica 2026"}]},{"@type":"WebSite","@id":"https:\/\/folhapopular.info\/#website","url":"https:\/\/folhapopular.info\/","name":"Folha Popular","description":"Onde voc\u00ea tem vez e voz","potentialAction":[{"@type":"SearchAction","target":{"@type":"EntryPoint","urlTemplate":"https:\/\/folhapopular.info\/?s={search_term_string}"},"query-input":{"@type":"PropertyValueSpecification","valueRequired":true,"valueName":"search_term_string"}}],"inLanguage":"pt-BR"},{"@type":"Person","@id":"https:\/\/folhapopular.info\/#\/schema\/person\/41b3bb1ecf6e33e81cbab2c29b178754","name":"Gabriely Hartmann Mallmann","image":{"@type":"ImageObject","inLanguage":"pt-BR","@id":"https:\/\/secure.gravatar.com\/avatar\/92999d30b0cc9bf49e6aa3c07c592bb06855a37dcfbdc7bbe6567a4637e999ce?s=96&d=mm&r=g","url":"https:\/\/secure.gravatar.com\/avatar\/92999d30b0cc9bf49e6aa3c07c592bb06855a37dcfbdc7bbe6567a4637e999ce?s=96&d=mm&r=g","contentUrl":"https:\/\/secure.gravatar.com\/avatar\/92999d30b0cc9bf49e6aa3c07c592bb06855a37dcfbdc7bbe6567a4637e999ce?s=96&d=mm&r=g","caption":"Gabriely Hartmann Mallmann"},"url":"https:\/\/folhapopular.info\/index.php\/author\/gabriely-hartmann-mallmann\/"}]}},"jetpack_featured_media_url":"https:\/\/folhapopular.info\/wp-content\/uploads\/2026\/04\/Captura-de-tela-2026-04-27-152819.webp","jetpack_sharing_enabled":true,"amp_enabled":true,"_links":{"self":[{"href":"https:\/\/folhapopular.info\/index.php\/wp-json\/wp\/v2\/posts\/211699","targetHints":{"allow":["GET"]}}],"collection":[{"href":"https:\/\/folhapopular.info\/index.php\/wp-json\/wp\/v2\/posts"}],"about":[{"href":"https:\/\/folhapopular.info\/index.php\/wp-json\/wp\/v2\/types\/post"}],"author":[{"embeddable":true,"href":"https:\/\/folhapopular.info\/index.php\/wp-json\/wp\/v2\/users\/773"}],"replies":[{"embeddable":true,"href":"https:\/\/folhapopular.info\/index.php\/wp-json\/wp\/v2\/comments?post=211699"}],"version-history":[{"count":1,"href":"https:\/\/folhapopular.info\/index.php\/wp-json\/wp\/v2\/posts\/211699\/revisions"}],"predecessor-version":[{"id":211704,"href":"https:\/\/folhapopular.info\/index.php\/wp-json\/wp\/v2\/posts\/211699\/revisions\/211704"}],"wp:featuredmedia":[{"embeddable":true,"href":"https:\/\/folhapopular.info\/index.php\/wp-json\/wp\/v2\/media\/211703"}],"wp:attachment":[{"href":"https:\/\/folhapopular.info\/index.php\/wp-json\/wp\/v2\/media?parent=211699"}],"wp:term":[{"taxonomy":"category","embeddable":true,"href":"https:\/\/folhapopular.info\/index.php\/wp-json\/wp\/v2\/categories?post=211699"},{"taxonomy":"post_tag","embeddable":true,"href":"https:\/\/folhapopular.info\/index.php\/wp-json\/wp\/v2\/tags?post=211699"}],"curies":[{"name":"wp","href":"https:\/\/api.w.org\/{rel}","templated":true}]}}