{"id":211718,"date":"2026-04-28T08:19:40","date_gmt":"2026-04-28T11:19:40","guid":{"rendered":"https:\/\/folhapopular.info\/?p=211718"},"modified":"2026-04-28T09:05:19","modified_gmt":"2026-04-28T12:05:19","slug":"escolas-de-teutonia-e-fazenda-vilanova-sao-premiadas-pelo-programa-alfabetiza-tche","status":"publish","type":"post","link":"https:\/\/folhapopular.info\/index.php\/2026\/04\/28\/escolas-de-teutonia-e-fazenda-vilanova-sao-premiadas-pelo-programa-alfabetiza-tche\/","title":{"rendered":"Escolas de Teut\u00f4nia e Fazenda Vilanova s\u00e3o premiadas pelo programa Alfabetiza Tch\u00ea"},"content":{"rendered":"\n<p>O governador Eduardo Leite, o vice-governador Gabriel Souza e a secret\u00e1ria da Educa\u00e7\u00e3o, Raquel Teixeira, participaram da premia\u00e7\u00e3o do&nbsp;<a href=\"https:\/\/educacao.rs.gov.br\/alfabetiza-tche\" target=\"_blank\" rel=\"noreferrer noopener\"><strong>Programa Alfabetiza Tch\u00ea<\/strong><\/a> nesta segunda-feira (27\/4). A premia\u00e7\u00e3o integrou as 200 escolas estaduais e municipais que obtiveram os melhores indicadores de alfabetiza\u00e7\u00e3o no \u00faltimo ano. A cerim\u00f4nia ocorreu no audit\u00f3rio do Teatro da Orquestra Sinf\u00f4nica de Porto Alegre (Ospa), em Porto Alegre.<\/p>\n\n\n\n<p>O evento reuniu autoridades, educadores e estudantes. As escolas premiadas recebem incentivos financeiros entre R$ 40 mil e R$ 80 mil para investir em projetos pedag\u00f3gicos. Al\u00e9m disso, elas assumem o compromisso de atuar como escolas mentoras por dois anos. Ao mesmo tempo, as institui\u00e7\u00f5es apoiadas pelo programa recebem recursos para implementar planos de melhoria.<\/p>\n\n\n\n<p>As Escolas Municipais de Ensino Fundamental (Emefs) Professor Alfredo Schneider, Bento Gon\u00e7alves e Leopoldo Klepker, de Teut\u00f4nia, foram premiadas. Em Fazenda Vilanova, o destaque ficou para a Escola Municipal de Ensino Fundamental de Turno Integral (Emefti) Jos\u00e9 Victor Mairesse.<\/p>\n\n\n\n<p>Ainda na 3\u00aa Coordenadoria Regional de Educa\u00e7\u00e3o (CRE), escolas de Arroio do Meio, Bom Retiro do Sul, Doutor Ricardo, Nova Br\u00e9scia e Progresso foram premiadas.<\/p>\n\n\n\n<h3 class=\"wp-block-heading\"><strong>Alfabetiza Tch\u00ea <\/strong><\/h3>\n\n\n\n<p>O Alfabetiza Tch\u00ea conta com a ades\u00e3o de todos os 497 munic\u00edpios ga\u00fachos. Al\u00e9m da premia\u00e7\u00e3o, a pol\u00edtica inclui ainda forma\u00e7\u00e3o de professores e gestores e a cria\u00e7\u00e3o de materiais pedag\u00f3gicos. Desde 2023, as a\u00e7\u00f5es do Alfabetiza Tch\u00ea totalizaram R$ 34 milh\u00f5es em investimentos, com o objetivo de alfabetizar plenamente os estudantes das escolas p\u00fablicas at\u00e9 o 2\u00b0 ano do Ensino Fundamental.<\/p>\n\n\n\n<h2 class=\"wp-block-heading\"><strong>Destaques da 3\u00aa CRE<\/strong><\/h2>\n\n\n\n<figure class=\"wp-block-table\"><table class=\"has-fixed-layout\"><thead><tr><th>Munic\u00edpio<\/th><th>Escola<\/th><\/tr><\/thead><tbody><tr><td>Doutor Ricardo<\/td><td>Emef Olavo Bilac<\/td><\/tr><tr><td>Arroio do Meio<\/td><td>Emef  Dona Rita<\/td><\/tr><tr><td>Nova Br\u00e9scia<\/td><td>Emef Madre Assunta<\/td><\/tr><tr><td>Teut\u00f4nia<\/td><td>Emef Bento Gon\u00e7alves<\/td><\/tr><tr><td>Teut\u00f4nia<\/td><td>Emef Professor Alfredo Schneider<\/td><\/tr><tr><td>Teut\u00f4nia<\/td><td>Emef Leopoldo Klepker<\/td><\/tr><tr><td>Fazenda Vilanova<\/td><td>Emefti Jos\u00e9 Victor Mairesse<\/td><\/tr><tr><td>Progresso<\/td><td>Emef Fid\u00eancio Battisti<\/td><\/tr><tr><td>Bom Retiro do Sul<\/td><td>Emef Anita Ferreira de Moraes<\/td><\/tr><\/tbody><\/table><\/figure>\n\n\n\n<p><\/p>\n","protected":false},"excerpt":{"rendered":"<p>O governador Eduardo Leite, o vice-governador Gabriel Souza e a secret\u00e1ria da Educa\u00e7\u00e3o, Raquel Teixeira, participaram da premia\u00e7\u00e3o do&nbsp;Programa Alfabetiza Tch\u00ea nesta segunda-feira (27\/4). A premia\u00e7\u00e3o integrou as 200 escolas estaduais e municipais que obtiveram os melhores indicadores de alfabetiza\u00e7\u00e3o no \u00faltimo ano. A cerim\u00f4nia ocorreu no audit\u00f3rio do Teatro da Orquestra Sinf\u00f4nica de Porto [&hellip;]<\/p>\n","protected":false},"author":673,"featured_media":211720,"comment_status":"open","ping_status":"open","sticky":false,"template":"","format":"standard","meta":{"pmpro_default_level":"","_jetpack_memberships_contains_paid_content":false,"footnotes":""},"categories":[2,10988,3],"tags":[20533,6761,801,26],"class_list":{"0":"post-211718","1":"post","2":"type-post","3":"status-publish","4":"format-standard","5":"has-post-thumbnail","7":"category-featured","8":"category-educacao","9":"category-geral","10":"tag-alfabetiza-tche","11":"tag-alfabetizacao","12":"tag-fazenda-vilanova","13":"tag-teutonia","14":"pmpro-has-access"},"yoast_head":"<!-- This site is optimized with the Yoast SEO plugin v27.5 - https:\/\/yoast.com\/product\/yoast-seo-wordpress\/ -->\n<title>Escolas de Teut\u00f4nia e Fazenda Vilanova s\u00e3o premiadas pelo programa Alfabetiza Tch\u00ea - Folha Popular<\/title>\n<meta name=\"robots\" content=\"index, follow, max-snippet:-1, max-image-preview:large, max-video-preview:-1\" \/>\n<link rel=\"canonical\" href=\"https:\/\/folhapopular.info\/index.php\/2026\/04\/28\/escolas-de-teutonia-e-fazenda-vilanova-sao-premiadas-pelo-programa-alfabetiza-tche\/\" \/>\n<meta property=\"og:locale\" content=\"pt_BR\" \/>\n<meta property=\"og:type\" content=\"article\" \/>\n<meta property=\"og:title\" content=\"Escolas de Teut\u00f4nia e Fazenda Vilanova s\u00e3o premiadas pelo programa Alfabetiza Tch\u00ea - Folha Popular\" \/>\n<meta property=\"og:description\" content=\"O governador Eduardo Leite, o vice-governador Gabriel Souza e a secret\u00e1ria da Educa\u00e7\u00e3o, Raquel Teixeira, participaram da premia\u00e7\u00e3o do&nbsp;Programa Alfabetiza Tch\u00ea nesta segunda-feira (27\/4). A premia\u00e7\u00e3o integrou as 200 escolas estaduais e municipais que obtiveram os melhores indicadores de alfabetiza\u00e7\u00e3o no \u00faltimo ano. A cerim\u00f4nia ocorreu no audit\u00f3rio do Teatro da Orquestra Sinf\u00f4nica de Porto [&hellip;]\" \/>\n<meta property=\"og:url\" content=\"https:\/\/folhapopular.info\/index.php\/2026\/04\/28\/escolas-de-teutonia-e-fazenda-vilanova-sao-premiadas-pelo-programa-alfabetiza-tche\/\" \/>\n<meta property=\"og:site_name\" content=\"Folha Popular\" \/>\n<meta property=\"article:published_time\" content=\"2026-04-28T11:19:40+00:00\" \/>\n<meta property=\"article:modified_time\" content=\"2026-04-28T12:05:19+00:00\" \/>\n<meta property=\"og:image\" content=\"https:\/\/folhapopular.info\/wp-content\/uploads\/2026\/04\/27154648_336634_GDO.jpeg\" \/>\n\t<meta property=\"og:image:width\" content=\"800\" \/>\n\t<meta property=\"og:image:height\" content=\"533\" \/>\n\t<meta property=\"og:image:type\" content=\"image\/jpeg\" \/>\n<meta name=\"author\" content=\"Let\u00edcia Echer\" \/>\n<meta name=\"twitter:card\" content=\"summary_large_image\" \/>\n<meta name=\"twitter:label1\" content=\"Escrito por\" \/>\n\t<meta name=\"twitter:data1\" content=\"Let\u00edcia Echer\" \/>\n\t<meta name=\"twitter:label2\" content=\"Est. tempo de leitura\" \/>\n\t<meta name=\"twitter:data2\" content=\"2 minutos\" \/>\n<script type=\"application\/ld+json\" class=\"yoast-schema-graph\">{\"@context\":\"https:\\\/\\\/schema.org\",\"@graph\":[{\"@type\":\"Article\",\"@id\":\"https:\\\/\\\/folhapopular.info\\\/index.php\\\/2026\\\/04\\\/28\\\/escolas-de-teutonia-e-fazenda-vilanova-sao-premiadas-pelo-programa-alfabetiza-tche\\\/#article\",\"isPartOf\":{\"@id\":\"https:\\\/\\\/folhapopular.info\\\/index.php\\\/2026\\\/04\\\/28\\\/escolas-de-teutonia-e-fazenda-vilanova-sao-premiadas-pelo-programa-alfabetiza-tche\\\/\"},\"author\":{\"name\":\"Let\u00edcia Echer\",\"@id\":\"https:\\\/\\\/folhapopular.info\\\/#\\\/schema\\\/person\\\/52b95b9c1c41ec0e826e7518183d0cc0\"},\"headline\":\"Escolas de Teut\u00f4nia e Fazenda Vilanova s\u00e3o premiadas pelo programa Alfabetiza Tch\u00ea\",\"datePublished\":\"2026-04-28T11:19:40+00:00\",\"dateModified\":\"2026-04-28T12:05:19+00:00\",\"mainEntityOfPage\":{\"@id\":\"https:\\\/\\\/folhapopular.info\\\/index.php\\\/2026\\\/04\\\/28\\\/escolas-de-teutonia-e-fazenda-vilanova-sao-premiadas-pelo-programa-alfabetiza-tche\\\/\"},\"wordCount\":337,\"commentCount\":0,\"image\":{\"@id\":\"https:\\\/\\\/folhapopular.info\\\/index.php\\\/2026\\\/04\\\/28\\\/escolas-de-teutonia-e-fazenda-vilanova-sao-premiadas-pelo-programa-alfabetiza-tche\\\/#primaryimage\"},\"thumbnailUrl\":\"https:\\\/\\\/folhapopular.info\\\/wp-content\\\/uploads\\\/2026\\\/04\\\/27154648_336634_GDO.jpeg\",\"keywords\":[\"Alfabetiza Tch\u00ea\",\"Alfabetiza\u00e7\u00e3o\",\"Fazenda Vilanova\",\"Teut\u00f4nia\"],\"articleSection\":[\"Destaques\",\"Educa\u00e7\u00e3o\",\"Geral\"],\"inLanguage\":\"pt-BR\",\"potentialAction\":[{\"@type\":\"CommentAction\",\"name\":\"Comment\",\"target\":[\"https:\\\/\\\/folhapopular.info\\\/index.php\\\/2026\\\/04\\\/28\\\/escolas-de-teutonia-e-fazenda-vilanova-sao-premiadas-pelo-programa-alfabetiza-tche\\\/#respond\"]}]},{\"@type\":\"WebPage\",\"@id\":\"https:\\\/\\\/folhapopular.info\\\/index.php\\\/2026\\\/04\\\/28\\\/escolas-de-teutonia-e-fazenda-vilanova-sao-premiadas-pelo-programa-alfabetiza-tche\\\/\",\"url\":\"https:\\\/\\\/folhapopular.info\\\/index.php\\\/2026\\\/04\\\/28\\\/escolas-de-teutonia-e-fazenda-vilanova-sao-premiadas-pelo-programa-alfabetiza-tche\\\/\",\"name\":\"Escolas de Teut\u00f4nia e Fazenda Vilanova s\u00e3o premiadas pelo programa Alfabetiza Tch\u00ea - Folha Popular\",\"isPartOf\":{\"@id\":\"https:\\\/\\\/folhapopular.info\\\/#website\"},\"primaryImageOfPage\":{\"@id\":\"https:\\\/\\\/folhapopular.info\\\/index.php\\\/2026\\\/04\\\/28\\\/escolas-de-teutonia-e-fazenda-vilanova-sao-premiadas-pelo-programa-alfabetiza-tche\\\/#primaryimage\"},\"image\":{\"@id\":\"https:\\\/\\\/folhapopular.info\\\/index.php\\\/2026\\\/04\\\/28\\\/escolas-de-teutonia-e-fazenda-vilanova-sao-premiadas-pelo-programa-alfabetiza-tche\\\/#primaryimage\"},\"thumbnailUrl\":\"https:\\\/\\\/folhapopular.info\\\/wp-content\\\/uploads\\\/2026\\\/04\\\/27154648_336634_GDO.jpeg\",\"datePublished\":\"2026-04-28T11:19:40+00:00\",\"dateModified\":\"2026-04-28T12:05:19+00:00\",\"author\":{\"@id\":\"https:\\\/\\\/folhapopular.info\\\/#\\\/schema\\\/person\\\/52b95b9c1c41ec0e826e7518183d0cc0\"},\"breadcrumb\":{\"@id\":\"https:\\\/\\\/folhapopular.info\\\/index.php\\\/2026\\\/04\\\/28\\\/escolas-de-teutonia-e-fazenda-vilanova-sao-premiadas-pelo-programa-alfabetiza-tche\\\/#breadcrumb\"},\"inLanguage\":\"pt-BR\",\"potentialAction\":[{\"@type\":\"ReadAction\",\"target\":[\"https:\\\/\\\/folhapopular.info\\\/index.php\\\/2026\\\/04\\\/28\\\/escolas-de-teutonia-e-fazenda-vilanova-sao-premiadas-pelo-programa-alfabetiza-tche\\\/\"]}]},{\"@type\":\"ImageObject\",\"inLanguage\":\"pt-BR\",\"@id\":\"https:\\\/\\\/folhapopular.info\\\/index.php\\\/2026\\\/04\\\/28\\\/escolas-de-teutonia-e-fazenda-vilanova-sao-premiadas-pelo-programa-alfabetiza-tche\\\/#primaryimage\",\"url\":\"https:\\\/\\\/folhapopular.info\\\/wp-content\\\/uploads\\\/2026\\\/04\\\/27154648_336634_GDO.jpeg\",\"contentUrl\":\"https:\\\/\\\/folhapopular.info\\\/wp-content\\\/uploads\\\/2026\\\/04\\\/27154648_336634_GDO.jpeg\",\"width\":800,\"height\":533,\"caption\":\"Cr\u00e9dito: Vitor Rosa \\\/ Secom \\\/ Divulga\u00e7\u00e3o\"},{\"@type\":\"BreadcrumbList\",\"@id\":\"https:\\\/\\\/folhapopular.info\\\/index.php\\\/2026\\\/04\\\/28\\\/escolas-de-teutonia-e-fazenda-vilanova-sao-premiadas-pelo-programa-alfabetiza-tche\\\/#breadcrumb\",\"itemListElement\":[{\"@type\":\"ListItem\",\"position\":1,\"name\":\"In\u00edcio\",\"item\":\"https:\\\/\\\/folhapopular.info\\\/\"},{\"@type\":\"ListItem\",\"position\":2,\"name\":\"Escolas de Teut\u00f4nia e Fazenda Vilanova s\u00e3o premiadas pelo programa Alfabetiza Tch\u00ea\"}]},{\"@type\":\"WebSite\",\"@id\":\"https:\\\/\\\/folhapopular.info\\\/#website\",\"url\":\"https:\\\/\\\/folhapopular.info\\\/\",\"name\":\"Folha Popular\",\"description\":\"Onde voc\u00ea tem vez e voz\",\"potentialAction\":[{\"@type\":\"SearchAction\",\"target\":{\"@type\":\"EntryPoint\",\"urlTemplate\":\"https:\\\/\\\/folhapopular.info\\\/?s={search_term_string}\"},\"query-input\":{\"@type\":\"PropertyValueSpecification\",\"valueRequired\":true,\"valueName\":\"search_term_string\"}}],\"inLanguage\":\"pt-BR\"},{\"@type\":\"Person\",\"@id\":\"https:\\\/\\\/folhapopular.info\\\/#\\\/schema\\\/person\\\/52b95b9c1c41ec0e826e7518183d0cc0\",\"name\":\"Let\u00edcia Echer\",\"image\":{\"@type\":\"ImageObject\",\"inLanguage\":\"pt-BR\",\"@id\":\"https:\\\/\\\/secure.gravatar.com\\\/avatar\\\/303201b45d8f4e048c95808925ff8953fa7ebc0e52cb5b3af1fc9e3d52c95645?s=96&d=mm&r=g\",\"url\":\"https:\\\/\\\/secure.gravatar.com\\\/avatar\\\/303201b45d8f4e048c95808925ff8953fa7ebc0e52cb5b3af1fc9e3d52c95645?s=96&d=mm&r=g\",\"contentUrl\":\"https:\\\/\\\/secure.gravatar.com\\\/avatar\\\/303201b45d8f4e048c95808925ff8953fa7ebc0e52cb5b3af1fc9e3d52c95645?s=96&d=mm&r=g\",\"caption\":\"Let\u00edcia Echer\"},\"url\":\"https:\\\/\\\/folhapopular.info\\\/index.php\\\/author\\\/leticiaecher04gmail-com\\\/\"}]}<\/script>\n<!-- \/ Yoast SEO plugin. -->","yoast_head_json":{"title":"Escolas de Teut\u00f4nia e Fazenda Vilanova s\u00e3o premiadas pelo programa Alfabetiza Tch\u00ea - Folha Popular","robots":{"index":"index","follow":"follow","max-snippet":"max-snippet:-1","max-image-preview":"max-image-preview:large","max-video-preview":"max-video-preview:-1"},"canonical":"https:\/\/folhapopular.info\/index.php\/2026\/04\/28\/escolas-de-teutonia-e-fazenda-vilanova-sao-premiadas-pelo-programa-alfabetiza-tche\/","og_locale":"pt_BR","og_type":"article","og_title":"Escolas de Teut\u00f4nia e Fazenda Vilanova s\u00e3o premiadas pelo programa Alfabetiza Tch\u00ea - Folha Popular","og_description":"O governador Eduardo Leite, o vice-governador Gabriel Souza e a secret\u00e1ria da Educa\u00e7\u00e3o, Raquel Teixeira, participaram da premia\u00e7\u00e3o do&nbsp;Programa Alfabetiza Tch\u00ea nesta segunda-feira (27\/4). A premia\u00e7\u00e3o integrou as 200 escolas estaduais e municipais que obtiveram os melhores indicadores de alfabetiza\u00e7\u00e3o no \u00faltimo ano. A cerim\u00f4nia ocorreu no audit\u00f3rio do Teatro da Orquestra Sinf\u00f4nica de Porto [&hellip;]","og_url":"https:\/\/folhapopular.info\/index.php\/2026\/04\/28\/escolas-de-teutonia-e-fazenda-vilanova-sao-premiadas-pelo-programa-alfabetiza-tche\/","og_site_name":"Folha Popular","article_published_time":"2026-04-28T11:19:40+00:00","article_modified_time":"2026-04-28T12:05:19+00:00","og_image":[{"width":800,"height":533,"url":"https:\/\/folhapopular.info\/wp-content\/uploads\/2026\/04\/27154648_336634_GDO.jpeg","type":"image\/jpeg"}],"author":"Let\u00edcia Echer","twitter_card":"summary_large_image","twitter_misc":{"Escrito por":"Let\u00edcia Echer","Est. tempo de leitura":"2 minutos"},"schema":{"@context":"https:\/\/schema.org","@graph":[{"@type":"Article","@id":"https:\/\/folhapopular.info\/index.php\/2026\/04\/28\/escolas-de-teutonia-e-fazenda-vilanova-sao-premiadas-pelo-programa-alfabetiza-tche\/#article","isPartOf":{"@id":"https:\/\/folhapopular.info\/index.php\/2026\/04\/28\/escolas-de-teutonia-e-fazenda-vilanova-sao-premiadas-pelo-programa-alfabetiza-tche\/"},"author":{"name":"Let\u00edcia Echer","@id":"https:\/\/folhapopular.info\/#\/schema\/person\/52b95b9c1c41ec0e826e7518183d0cc0"},"headline":"Escolas de Teut\u00f4nia e Fazenda Vilanova s\u00e3o premiadas pelo programa Alfabetiza Tch\u00ea","datePublished":"2026-04-28T11:19:40+00:00","dateModified":"2026-04-28T12:05:19+00:00","mainEntityOfPage":{"@id":"https:\/\/folhapopular.info\/index.php\/2026\/04\/28\/escolas-de-teutonia-e-fazenda-vilanova-sao-premiadas-pelo-programa-alfabetiza-tche\/"},"wordCount":337,"commentCount":0,"image":{"@id":"https:\/\/folhapopular.info\/index.php\/2026\/04\/28\/escolas-de-teutonia-e-fazenda-vilanova-sao-premiadas-pelo-programa-alfabetiza-tche\/#primaryimage"},"thumbnailUrl":"https:\/\/folhapopular.info\/wp-content\/uploads\/2026\/04\/27154648_336634_GDO.jpeg","keywords":["Alfabetiza Tch\u00ea","Alfabetiza\u00e7\u00e3o","Fazenda Vilanova","Teut\u00f4nia"],"articleSection":["Destaques","Educa\u00e7\u00e3o","Geral"],"inLanguage":"pt-BR","potentialAction":[{"@type":"CommentAction","name":"Comment","target":["https:\/\/folhapopular.info\/index.php\/2026\/04\/28\/escolas-de-teutonia-e-fazenda-vilanova-sao-premiadas-pelo-programa-alfabetiza-tche\/#respond"]}]},{"@type":"WebPage","@id":"https:\/\/folhapopular.info\/index.php\/2026\/04\/28\/escolas-de-teutonia-e-fazenda-vilanova-sao-premiadas-pelo-programa-alfabetiza-tche\/","url":"https:\/\/folhapopular.info\/index.php\/2026\/04\/28\/escolas-de-teutonia-e-fazenda-vilanova-sao-premiadas-pelo-programa-alfabetiza-tche\/","name":"Escolas de Teut\u00f4nia e Fazenda Vilanova s\u00e3o premiadas pelo programa Alfabetiza Tch\u00ea - Folha Popular","isPartOf":{"@id":"https:\/\/folhapopular.info\/#website"},"primaryImageOfPage":{"@id":"https:\/\/folhapopular.info\/index.php\/2026\/04\/28\/escolas-de-teutonia-e-fazenda-vilanova-sao-premiadas-pelo-programa-alfabetiza-tche\/#primaryimage"},"image":{"@id":"https:\/\/folhapopular.info\/index.php\/2026\/04\/28\/escolas-de-teutonia-e-fazenda-vilanova-sao-premiadas-pelo-programa-alfabetiza-tche\/#primaryimage"},"thumbnailUrl":"https:\/\/folhapopular.info\/wp-content\/uploads\/2026\/04\/27154648_336634_GDO.jpeg","datePublished":"2026-04-28T11:19:40+00:00","dateModified":"2026-04-28T12:05:19+00:00","author":{"@id":"https:\/\/folhapopular.info\/#\/schema\/person\/52b95b9c1c41ec0e826e7518183d0cc0"},"breadcrumb":{"@id":"https:\/\/folhapopular.info\/index.php\/2026\/04\/28\/escolas-de-teutonia-e-fazenda-vilanova-sao-premiadas-pelo-programa-alfabetiza-tche\/#breadcrumb"},"inLanguage":"pt-BR","potentialAction":[{"@type":"ReadAction","target":["https:\/\/folhapopular.info\/index.php\/2026\/04\/28\/escolas-de-teutonia-e-fazenda-vilanova-sao-premiadas-pelo-programa-alfabetiza-tche\/"]}]},{"@type":"ImageObject","inLanguage":"pt-BR","@id":"https:\/\/folhapopular.info\/index.php\/2026\/04\/28\/escolas-de-teutonia-e-fazenda-vilanova-sao-premiadas-pelo-programa-alfabetiza-tche\/#primaryimage","url":"https:\/\/folhapopular.info\/wp-content\/uploads\/2026\/04\/27154648_336634_GDO.jpeg","contentUrl":"https:\/\/folhapopular.info\/wp-content\/uploads\/2026\/04\/27154648_336634_GDO.jpeg","width":800,"height":533,"caption":"Cr\u00e9dito: Vitor Rosa \/ Secom \/ Divulga\u00e7\u00e3o"},{"@type":"BreadcrumbList","@id":"https:\/\/folhapopular.info\/index.php\/2026\/04\/28\/escolas-de-teutonia-e-fazenda-vilanova-sao-premiadas-pelo-programa-alfabetiza-tche\/#breadcrumb","itemListElement":[{"@type":"ListItem","position":1,"name":"In\u00edcio","item":"https:\/\/folhapopular.info\/"},{"@type":"ListItem","position":2,"name":"Escolas de Teut\u00f4nia e Fazenda Vilanova s\u00e3o premiadas pelo programa Alfabetiza Tch\u00ea"}]},{"@type":"WebSite","@id":"https:\/\/folhapopular.info\/#website","url":"https:\/\/folhapopular.info\/","name":"Folha Popular","description":"Onde voc\u00ea tem vez e voz","potentialAction":[{"@type":"SearchAction","target":{"@type":"EntryPoint","urlTemplate":"https:\/\/folhapopular.info\/?s={search_term_string}"},"query-input":{"@type":"PropertyValueSpecification","valueRequired":true,"valueName":"search_term_string"}}],"inLanguage":"pt-BR"},{"@type":"Person","@id":"https:\/\/folhapopular.info\/#\/schema\/person\/52b95b9c1c41ec0e826e7518183d0cc0","name":"Let\u00edcia Echer","image":{"@type":"ImageObject","inLanguage":"pt-BR","@id":"https:\/\/secure.gravatar.com\/avatar\/303201b45d8f4e048c95808925ff8953fa7ebc0e52cb5b3af1fc9e3d52c95645?s=96&d=mm&r=g","url":"https:\/\/secure.gravatar.com\/avatar\/303201b45d8f4e048c95808925ff8953fa7ebc0e52cb5b3af1fc9e3d52c95645?s=96&d=mm&r=g","contentUrl":"https:\/\/secure.gravatar.com\/avatar\/303201b45d8f4e048c95808925ff8953fa7ebc0e52cb5b3af1fc9e3d52c95645?s=96&d=mm&r=g","caption":"Let\u00edcia Echer"},"url":"https:\/\/folhapopular.info\/index.php\/author\/leticiaecher04gmail-com\/"}]}},"jetpack_featured_media_url":"https:\/\/folhapopular.info\/wp-content\/uploads\/2026\/04\/27154648_336634_GDO.jpeg","jetpack_sharing_enabled":true,"amp_enabled":true,"_links":{"self":[{"href":"https:\/\/folhapopular.info\/index.php\/wp-json\/wp\/v2\/posts\/211718","targetHints":{"allow":["GET"]}}],"collection":[{"href":"https:\/\/folhapopular.info\/index.php\/wp-json\/wp\/v2\/posts"}],"about":[{"href":"https:\/\/folhapopular.info\/index.php\/wp-json\/wp\/v2\/types\/post"}],"author":[{"embeddable":true,"href":"https:\/\/folhapopular.info\/index.php\/wp-json\/wp\/v2\/users\/673"}],"replies":[{"embeddable":true,"href":"https:\/\/folhapopular.info\/index.php\/wp-json\/wp\/v2\/comments?post=211718"}],"version-history":[{"count":2,"href":"https:\/\/folhapopular.info\/index.php\/wp-json\/wp\/v2\/posts\/211718\/revisions"}],"predecessor-version":[{"id":211726,"href":"https:\/\/folhapopular.info\/index.php\/wp-json\/wp\/v2\/posts\/211718\/revisions\/211726"}],"wp:featuredmedia":[{"embeddable":true,"href":"https:\/\/folhapopular.info\/index.php\/wp-json\/wp\/v2\/media\/211720"}],"wp:attachment":[{"href":"https:\/\/folhapopular.info\/index.php\/wp-json\/wp\/v2\/media?parent=211718"}],"wp:term":[{"taxonomy":"category","embeddable":true,"href":"https:\/\/folhapopular.info\/index.php\/wp-json\/wp\/v2\/categories?post=211718"},{"taxonomy":"post_tag","embeddable":true,"href":"https:\/\/folhapopular.info\/index.php\/wp-json\/wp\/v2\/tags?post=211718"}],"curies":[{"name":"wp","href":"https:\/\/api.w.org\/{rel}","templated":true}]}}