{"id":211727,"date":"2026-04-28T09:43:31","date_gmt":"2026-04-28T12:43:31","guid":{"rendered":"https:\/\/folhapopular.info\/?p=211727"},"modified":"2026-04-28T09:43:33","modified_gmt":"2026-04-28T12:43:33","slug":"programa-construir-juntos-busca-fortalecer-organizacoes-e-escolas-atingidas-pelas-enchentes","status":"publish","type":"post","link":"https:\/\/folhapopular.info\/index.php\/2026\/04\/28\/programa-construir-juntos-busca-fortalecer-organizacoes-e-escolas-atingidas-pelas-enchentes\/","title":{"rendered":"Programa Construir Juntos busca fortalecer organiza\u00e7\u00f5es e escolas atingidas pelas enchentes"},"content":{"rendered":"\n<p>A ONG Parceiros Volunt\u00e1rios lan\u00e7ou o programa Construir Juntos. A iniciativa \u00e9 voltada ao fortalecimento de organiza\u00e7\u00f5es da sociedade civil (OSCs), escolas p\u00fablicas e redes de aten\u00e7\u00e3o prim\u00e1ria impactadas pelas enchentes de 2024. Ap\u00f3s atuar no atendimento emergencial \u00e0s v\u00edtimas, a Parceiros Volunt\u00e1rios prop\u00f5e transformar a resposta imediata em solu\u00e7\u00f5es estruturais de longo prazo.<\/p>\n\n\n\n<p>\u201cO Construir Juntos surge com o prop\u00f3sito de promover melhorias sociais e estruturais baseadas na sustentabilidade, colabora\u00e7\u00e3o e prepara\u00e7\u00e3o para eventos futuro, fortalecendo a gest\u00e3o da resili\u00eancia nos territ\u00f3rios atingidos\u201d destaca Graziela Loureiro, presidente do Conselho de Administra\u00e7\u00e3o da Parceiros Volunt\u00e1rios. <\/p>\n\n\n\n<p>O programa tem como objetivo estruturar uma rede de organiza\u00e7\u00f5es mais aut\u00f4nomas e preparadas para atuar em contextos de emerg\u00eancia. O Construir Juntos prev\u00ea a participa\u00e7\u00e3o de at\u00e9 250 OSCs e 40 escolas. <\/p>\n\n\n\n<p>O programa oferece um conjunto de a\u00e7\u00f5es integradas, incluindo apoio financeiro de at\u00e9 50 OSCs, no valor de R$ 20 mil por organiza\u00e7\u00e3o, por meio do Fundo Semente para Resili\u00eancia; capacita\u00e7\u00e3o e mentoria em gest\u00e3o institucional, transpar\u00eancia e levantamento de riscos; elabora\u00e7\u00e3o de planos de conting\u00eancia para situa\u00e7\u00f5es de crise; trilhas de aprendizagem voltadas a professores e estudantes das regi\u00f5es afetadas pelas cheias de 2024 e articula\u00e7\u00e3o em rede com empresas, poder p\u00fablico e outras organiza\u00e7\u00f5es.<\/p>\n\n\n\n<p>O edital \u00e9 destinado a organiza\u00e7\u00f5es da sociedade civil localizadas em \u00e1reas atingidas pelas enchentes, especialmente nas regi\u00f5es Metropolitana, Vale do Taquari, Vale do Sinos e Serra, com destaque para as cidades de Porto Alegre, Canoas, S\u00e3o Leopoldo, Novo Hamburgo, Eldorado do Sul, Gua\u00edba, Esteio, Sapucaia do Sul, Montenegro, Lajeado, Estrela, Mu\u00e7um, Encantado, Bento Gon\u00e7alves e Caxias do Sul.<\/p>\n\n\n\n<p>As inscri\u00e7\u00f5es para o programa est\u00e3o abertas at\u00e9 8 de maio e devem ser realizadas por meio do link\u00a0<a href=\"https:\/\/parceirosvoluntarios.org.br\/construir-juntos\/\" target=\"_blank\" rel=\"noreferrer noopener\">https:\/\/parceirosvoluntarios.org.br\/construir-juntos\/<\/a>.<\/p>\n","protected":false},"excerpt":{"rendered":"<p>A ONG Parceiros Volunt\u00e1rios lan\u00e7ou o programa Construir Juntos. A iniciativa \u00e9 voltada ao fortalecimento de organiza\u00e7\u00f5es da sociedade civil (OSCs), escolas p\u00fablicas e redes de aten\u00e7\u00e3o prim\u00e1ria impactadas pelas enchentes de 2024. Ap\u00f3s atuar no atendimento emergencial \u00e0s v\u00edtimas, a Parceiros Volunt\u00e1rios prop\u00f5e transformar a resposta imediata em solu\u00e7\u00f5es estruturais de longo prazo. \u201cO [&hellip;]<\/p>\n","protected":false},"author":8,"featured_media":211728,"comment_status":"open","ping_status":"open","sticky":false,"template":"","format":"standard","meta":{"pmpro_default_level":"","_jetpack_memberships_contains_paid_content":false,"footnotes":""},"categories":[2,14970,3],"tags":[214,4170,227,21096],"class_list":{"0":"post-211727","1":"post","2":"type-post","3":"status-publish","4":"format-standard","5":"has-post-thumbnail","7":"category-featured","8":"category-enchentes","9":"category-geral","10":"tag-acil","11":"tag-enchente","12":"tag-parceiros-voluntarios","13":"tag-programa-construir-juntos","14":"pmpro-has-access"},"yoast_head":"<!-- This site is optimized with the Yoast SEO plugin v27.5 - https:\/\/yoast.com\/product\/yoast-seo-wordpress\/ -->\n<title>Programa Construir Juntos busca fortalecer organiza\u00e7\u00f5es e escolas atingidas pelas enchentes - Folha Popular<\/title>\n<meta name=\"robots\" content=\"index, follow, max-snippet:-1, max-image-preview:large, max-video-preview:-1\" \/>\n<link rel=\"canonical\" href=\"https:\/\/folhapopular.info\/index.php\/2026\/04\/28\/programa-construir-juntos-busca-fortalecer-organizacoes-e-escolas-atingidas-pelas-enchentes\/\" \/>\n<meta property=\"og:locale\" content=\"pt_BR\" \/>\n<meta property=\"og:type\" content=\"article\" \/>\n<meta property=\"og:title\" content=\"Programa Construir Juntos busca fortalecer organiza\u00e7\u00f5es e escolas atingidas pelas enchentes - Folha Popular\" \/>\n<meta property=\"og:description\" content=\"A ONG Parceiros Volunt\u00e1rios lan\u00e7ou o programa Construir Juntos. A iniciativa \u00e9 voltada ao fortalecimento de organiza\u00e7\u00f5es da sociedade civil (OSCs), escolas p\u00fablicas e redes de aten\u00e7\u00e3o prim\u00e1ria impactadas pelas enchentes de 2024. Ap\u00f3s atuar no atendimento emergencial \u00e0s v\u00edtimas, a Parceiros Volunt\u00e1rios prop\u00f5e transformar a resposta imediata em solu\u00e7\u00f5es estruturais de longo prazo. \u201cO [&hellip;]\" \/>\n<meta property=\"og:url\" content=\"https:\/\/folhapopular.info\/index.php\/2026\/04\/28\/programa-construir-juntos-busca-fortalecer-organizacoes-e-escolas-atingidas-pelas-enchentes\/\" \/>\n<meta property=\"og:site_name\" content=\"Folha Popular\" \/>\n<meta property=\"article:published_time\" content=\"2026-04-28T12:43:31+00:00\" \/>\n<meta property=\"article:modified_time\" content=\"2026-04-28T12:43:33+00:00\" \/>\n<meta property=\"og:image\" content=\"https:\/\/folhapopular.info\/wp-content\/uploads\/2026\/04\/464890_1200256_construir_juntos-scaled.jpg\" \/>\n\t<meta property=\"og:image:width\" content=\"2560\" \/>\n\t<meta property=\"og:image:height\" content=\"1824\" \/>\n\t<meta property=\"og:image:type\" content=\"image\/jpeg\" \/>\n<meta name=\"author\" content=\"Reda\u00e7\u00e3o Folha Popular\" \/>\n<meta name=\"twitter:card\" content=\"summary_large_image\" \/>\n<meta name=\"twitter:label1\" content=\"Escrito por\" \/>\n\t<meta name=\"twitter:data1\" content=\"Reda\u00e7\u00e3o Folha Popular\" \/>\n\t<meta name=\"twitter:label2\" content=\"Est. tempo de leitura\" \/>\n\t<meta name=\"twitter:data2\" content=\"2 minutos\" \/>\n<script type=\"application\/ld+json\" class=\"yoast-schema-graph\">{\"@context\":\"https:\\\/\\\/schema.org\",\"@graph\":[{\"@type\":\"Article\",\"@id\":\"https:\\\/\\\/folhapopular.info\\\/index.php\\\/2026\\\/04\\\/28\\\/programa-construir-juntos-busca-fortalecer-organizacoes-e-escolas-atingidas-pelas-enchentes\\\/#article\",\"isPartOf\":{\"@id\":\"https:\\\/\\\/folhapopular.info\\\/index.php\\\/2026\\\/04\\\/28\\\/programa-construir-juntos-busca-fortalecer-organizacoes-e-escolas-atingidas-pelas-enchentes\\\/\"},\"author\":{\"name\":\"Reda\u00e7\u00e3o Folha Popular\",\"@id\":\"https:\\\/\\\/folhapopular.info\\\/#\\\/schema\\\/person\\\/2814e8a0df7643585a9ca38bc6eb9d4b\"},\"headline\":\"Programa Construir Juntos busca fortalecer organiza\u00e7\u00f5es e escolas atingidas pelas enchentes\",\"datePublished\":\"2026-04-28T12:43:31+00:00\",\"dateModified\":\"2026-04-28T12:43:33+00:00\",\"mainEntityOfPage\":{\"@id\":\"https:\\\/\\\/folhapopular.info\\\/index.php\\\/2026\\\/04\\\/28\\\/programa-construir-juntos-busca-fortalecer-organizacoes-e-escolas-atingidas-pelas-enchentes\\\/\"},\"wordCount\":334,\"commentCount\":0,\"image\":{\"@id\":\"https:\\\/\\\/folhapopular.info\\\/index.php\\\/2026\\\/04\\\/28\\\/programa-construir-juntos-busca-fortalecer-organizacoes-e-escolas-atingidas-pelas-enchentes\\\/#primaryimage\"},\"thumbnailUrl\":\"https:\\\/\\\/folhapopular.info\\\/wp-content\\\/uploads\\\/2026\\\/04\\\/464890_1200256_construir_juntos-scaled.jpg\",\"keywords\":[\"Acil\",\"Enchente\",\"Parceiros Volunt\u00e1rios\",\"Programa Construir Juntos\"],\"articleSection\":[\"Destaques\",\"Enchentes\",\"Geral\"],\"inLanguage\":\"pt-BR\",\"potentialAction\":[{\"@type\":\"CommentAction\",\"name\":\"Comment\",\"target\":[\"https:\\\/\\\/folhapopular.info\\\/index.php\\\/2026\\\/04\\\/28\\\/programa-construir-juntos-busca-fortalecer-organizacoes-e-escolas-atingidas-pelas-enchentes\\\/#respond\"]}]},{\"@type\":\"WebPage\",\"@id\":\"https:\\\/\\\/folhapopular.info\\\/index.php\\\/2026\\\/04\\\/28\\\/programa-construir-juntos-busca-fortalecer-organizacoes-e-escolas-atingidas-pelas-enchentes\\\/\",\"url\":\"https:\\\/\\\/folhapopular.info\\\/index.php\\\/2026\\\/04\\\/28\\\/programa-construir-juntos-busca-fortalecer-organizacoes-e-escolas-atingidas-pelas-enchentes\\\/\",\"name\":\"Programa Construir Juntos busca fortalecer organiza\u00e7\u00f5es e escolas atingidas pelas enchentes - Folha Popular\",\"isPartOf\":{\"@id\":\"https:\\\/\\\/folhapopular.info\\\/#website\"},\"primaryImageOfPage\":{\"@id\":\"https:\\\/\\\/folhapopular.info\\\/index.php\\\/2026\\\/04\\\/28\\\/programa-construir-juntos-busca-fortalecer-organizacoes-e-escolas-atingidas-pelas-enchentes\\\/#primaryimage\"},\"image\":{\"@id\":\"https:\\\/\\\/folhapopular.info\\\/index.php\\\/2026\\\/04\\\/28\\\/programa-construir-juntos-busca-fortalecer-organizacoes-e-escolas-atingidas-pelas-enchentes\\\/#primaryimage\"},\"thumbnailUrl\":\"https:\\\/\\\/folhapopular.info\\\/wp-content\\\/uploads\\\/2026\\\/04\\\/464890_1200256_construir_juntos-scaled.jpg\",\"datePublished\":\"2026-04-28T12:43:31+00:00\",\"dateModified\":\"2026-04-28T12:43:33+00:00\",\"author\":{\"@id\":\"https:\\\/\\\/folhapopular.info\\\/#\\\/schema\\\/person\\\/2814e8a0df7643585a9ca38bc6eb9d4b\"},\"breadcrumb\":{\"@id\":\"https:\\\/\\\/folhapopular.info\\\/index.php\\\/2026\\\/04\\\/28\\\/programa-construir-juntos-busca-fortalecer-organizacoes-e-escolas-atingidas-pelas-enchentes\\\/#breadcrumb\"},\"inLanguage\":\"pt-BR\",\"potentialAction\":[{\"@type\":\"ReadAction\",\"target\":[\"https:\\\/\\\/folhapopular.info\\\/index.php\\\/2026\\\/04\\\/28\\\/programa-construir-juntos-busca-fortalecer-organizacoes-e-escolas-atingidas-pelas-enchentes\\\/\"]}]},{\"@type\":\"ImageObject\",\"inLanguage\":\"pt-BR\",\"@id\":\"https:\\\/\\\/folhapopular.info\\\/index.php\\\/2026\\\/04\\\/28\\\/programa-construir-juntos-busca-fortalecer-organizacoes-e-escolas-atingidas-pelas-enchentes\\\/#primaryimage\",\"url\":\"https:\\\/\\\/folhapopular.info\\\/wp-content\\\/uploads\\\/2026\\\/04\\\/464890_1200256_construir_juntos-scaled.jpg\",\"contentUrl\":\"https:\\\/\\\/folhapopular.info\\\/wp-content\\\/uploads\\\/2026\\\/04\\\/464890_1200256_construir_juntos-scaled.jpg\",\"width\":2560,\"height\":1824,\"caption\":\"Cr\u00e9dito: Divulga\u00e7\u00e3o\"},{\"@type\":\"BreadcrumbList\",\"@id\":\"https:\\\/\\\/folhapopular.info\\\/index.php\\\/2026\\\/04\\\/28\\\/programa-construir-juntos-busca-fortalecer-organizacoes-e-escolas-atingidas-pelas-enchentes\\\/#breadcrumb\",\"itemListElement\":[{\"@type\":\"ListItem\",\"position\":1,\"name\":\"In\u00edcio\",\"item\":\"https:\\\/\\\/folhapopular.info\\\/\"},{\"@type\":\"ListItem\",\"position\":2,\"name\":\"Programa Construir Juntos busca fortalecer organiza\u00e7\u00f5es e escolas atingidas pelas enchentes\"}]},{\"@type\":\"WebSite\",\"@id\":\"https:\\\/\\\/folhapopular.info\\\/#website\",\"url\":\"https:\\\/\\\/folhapopular.info\\\/\",\"name\":\"Folha Popular\",\"description\":\"Onde voc\u00ea tem vez e voz\",\"potentialAction\":[{\"@type\":\"SearchAction\",\"target\":{\"@type\":\"EntryPoint\",\"urlTemplate\":\"https:\\\/\\\/folhapopular.info\\\/?s={search_term_string}\"},\"query-input\":{\"@type\":\"PropertyValueSpecification\",\"valueRequired\":true,\"valueName\":\"search_term_string\"}}],\"inLanguage\":\"pt-BR\"},{\"@type\":\"Person\",\"@id\":\"https:\\\/\\\/folhapopular.info\\\/#\\\/schema\\\/person\\\/2814e8a0df7643585a9ca38bc6eb9d4b\",\"name\":\"Reda\u00e7\u00e3o Folha Popular\",\"image\":{\"@type\":\"ImageObject\",\"inLanguage\":\"pt-BR\",\"@id\":\"https:\\\/\\\/folhapopular.info\\\/wp-content\\\/uploads\\\/2026\\\/04\\\/Folha-1.webp\",\"url\":\"https:\\\/\\\/folhapopular.info\\\/wp-content\\\/uploads\\\/2026\\\/04\\\/Folha-1.webp\",\"contentUrl\":\"https:\\\/\\\/folhapopular.info\\\/wp-content\\\/uploads\\\/2026\\\/04\\\/Folha-1.webp\",\"caption\":\"Reda\u00e7\u00e3o Folha Popular\"},\"url\":\"https:\\\/\\\/folhapopular.info\\\/index.php\\\/author\\\/redacao\\\/\"}]}<\/script>\n<!-- \/ Yoast SEO plugin. -->","yoast_head_json":{"title":"Programa Construir Juntos busca fortalecer organiza\u00e7\u00f5es e escolas atingidas pelas enchentes - Folha Popular","robots":{"index":"index","follow":"follow","max-snippet":"max-snippet:-1","max-image-preview":"max-image-preview:large","max-video-preview":"max-video-preview:-1"},"canonical":"https:\/\/folhapopular.info\/index.php\/2026\/04\/28\/programa-construir-juntos-busca-fortalecer-organizacoes-e-escolas-atingidas-pelas-enchentes\/","og_locale":"pt_BR","og_type":"article","og_title":"Programa Construir Juntos busca fortalecer organiza\u00e7\u00f5es e escolas atingidas pelas enchentes - Folha Popular","og_description":"A ONG Parceiros Volunt\u00e1rios lan\u00e7ou o programa Construir Juntos. A iniciativa \u00e9 voltada ao fortalecimento de organiza\u00e7\u00f5es da sociedade civil (OSCs), escolas p\u00fablicas e redes de aten\u00e7\u00e3o prim\u00e1ria impactadas pelas enchentes de 2024. Ap\u00f3s atuar no atendimento emergencial \u00e0s v\u00edtimas, a Parceiros Volunt\u00e1rios prop\u00f5e transformar a resposta imediata em solu\u00e7\u00f5es estruturais de longo prazo. \u201cO [&hellip;]","og_url":"https:\/\/folhapopular.info\/index.php\/2026\/04\/28\/programa-construir-juntos-busca-fortalecer-organizacoes-e-escolas-atingidas-pelas-enchentes\/","og_site_name":"Folha Popular","article_published_time":"2026-04-28T12:43:31+00:00","article_modified_time":"2026-04-28T12:43:33+00:00","og_image":[{"width":2560,"height":1824,"url":"https:\/\/folhapopular.info\/wp-content\/uploads\/2026\/04\/464890_1200256_construir_juntos-scaled.jpg","type":"image\/jpeg"}],"author":"Reda\u00e7\u00e3o Folha Popular","twitter_card":"summary_large_image","twitter_misc":{"Escrito por":"Reda\u00e7\u00e3o Folha Popular","Est. tempo de leitura":"2 minutos"},"schema":{"@context":"https:\/\/schema.org","@graph":[{"@type":"Article","@id":"https:\/\/folhapopular.info\/index.php\/2026\/04\/28\/programa-construir-juntos-busca-fortalecer-organizacoes-e-escolas-atingidas-pelas-enchentes\/#article","isPartOf":{"@id":"https:\/\/folhapopular.info\/index.php\/2026\/04\/28\/programa-construir-juntos-busca-fortalecer-organizacoes-e-escolas-atingidas-pelas-enchentes\/"},"author":{"name":"Reda\u00e7\u00e3o Folha Popular","@id":"https:\/\/folhapopular.info\/#\/schema\/person\/2814e8a0df7643585a9ca38bc6eb9d4b"},"headline":"Programa Construir Juntos busca fortalecer organiza\u00e7\u00f5es e escolas atingidas pelas enchentes","datePublished":"2026-04-28T12:43:31+00:00","dateModified":"2026-04-28T12:43:33+00:00","mainEntityOfPage":{"@id":"https:\/\/folhapopular.info\/index.php\/2026\/04\/28\/programa-construir-juntos-busca-fortalecer-organizacoes-e-escolas-atingidas-pelas-enchentes\/"},"wordCount":334,"commentCount":0,"image":{"@id":"https:\/\/folhapopular.info\/index.php\/2026\/04\/28\/programa-construir-juntos-busca-fortalecer-organizacoes-e-escolas-atingidas-pelas-enchentes\/#primaryimage"},"thumbnailUrl":"https:\/\/folhapopular.info\/wp-content\/uploads\/2026\/04\/464890_1200256_construir_juntos-scaled.jpg","keywords":["Acil","Enchente","Parceiros Volunt\u00e1rios","Programa Construir Juntos"],"articleSection":["Destaques","Enchentes","Geral"],"inLanguage":"pt-BR","potentialAction":[{"@type":"CommentAction","name":"Comment","target":["https:\/\/folhapopular.info\/index.php\/2026\/04\/28\/programa-construir-juntos-busca-fortalecer-organizacoes-e-escolas-atingidas-pelas-enchentes\/#respond"]}]},{"@type":"WebPage","@id":"https:\/\/folhapopular.info\/index.php\/2026\/04\/28\/programa-construir-juntos-busca-fortalecer-organizacoes-e-escolas-atingidas-pelas-enchentes\/","url":"https:\/\/folhapopular.info\/index.php\/2026\/04\/28\/programa-construir-juntos-busca-fortalecer-organizacoes-e-escolas-atingidas-pelas-enchentes\/","name":"Programa Construir Juntos busca fortalecer organiza\u00e7\u00f5es e escolas atingidas pelas enchentes - Folha Popular","isPartOf":{"@id":"https:\/\/folhapopular.info\/#website"},"primaryImageOfPage":{"@id":"https:\/\/folhapopular.info\/index.php\/2026\/04\/28\/programa-construir-juntos-busca-fortalecer-organizacoes-e-escolas-atingidas-pelas-enchentes\/#primaryimage"},"image":{"@id":"https:\/\/folhapopular.info\/index.php\/2026\/04\/28\/programa-construir-juntos-busca-fortalecer-organizacoes-e-escolas-atingidas-pelas-enchentes\/#primaryimage"},"thumbnailUrl":"https:\/\/folhapopular.info\/wp-content\/uploads\/2026\/04\/464890_1200256_construir_juntos-scaled.jpg","datePublished":"2026-04-28T12:43:31+00:00","dateModified":"2026-04-28T12:43:33+00:00","author":{"@id":"https:\/\/folhapopular.info\/#\/schema\/person\/2814e8a0df7643585a9ca38bc6eb9d4b"},"breadcrumb":{"@id":"https:\/\/folhapopular.info\/index.php\/2026\/04\/28\/programa-construir-juntos-busca-fortalecer-organizacoes-e-escolas-atingidas-pelas-enchentes\/#breadcrumb"},"inLanguage":"pt-BR","potentialAction":[{"@type":"ReadAction","target":["https:\/\/folhapopular.info\/index.php\/2026\/04\/28\/programa-construir-juntos-busca-fortalecer-organizacoes-e-escolas-atingidas-pelas-enchentes\/"]}]},{"@type":"ImageObject","inLanguage":"pt-BR","@id":"https:\/\/folhapopular.info\/index.php\/2026\/04\/28\/programa-construir-juntos-busca-fortalecer-organizacoes-e-escolas-atingidas-pelas-enchentes\/#primaryimage","url":"https:\/\/folhapopular.info\/wp-content\/uploads\/2026\/04\/464890_1200256_construir_juntos-scaled.jpg","contentUrl":"https:\/\/folhapopular.info\/wp-content\/uploads\/2026\/04\/464890_1200256_construir_juntos-scaled.jpg","width":2560,"height":1824,"caption":"Cr\u00e9dito: Divulga\u00e7\u00e3o"},{"@type":"BreadcrumbList","@id":"https:\/\/folhapopular.info\/index.php\/2026\/04\/28\/programa-construir-juntos-busca-fortalecer-organizacoes-e-escolas-atingidas-pelas-enchentes\/#breadcrumb","itemListElement":[{"@type":"ListItem","position":1,"name":"In\u00edcio","item":"https:\/\/folhapopular.info\/"},{"@type":"ListItem","position":2,"name":"Programa Construir Juntos busca fortalecer organiza\u00e7\u00f5es e escolas atingidas pelas enchentes"}]},{"@type":"WebSite","@id":"https:\/\/folhapopular.info\/#website","url":"https:\/\/folhapopular.info\/","name":"Folha Popular","description":"Onde voc\u00ea tem vez e voz","potentialAction":[{"@type":"SearchAction","target":{"@type":"EntryPoint","urlTemplate":"https:\/\/folhapopular.info\/?s={search_term_string}"},"query-input":{"@type":"PropertyValueSpecification","valueRequired":true,"valueName":"search_term_string"}}],"inLanguage":"pt-BR"},{"@type":"Person","@id":"https:\/\/folhapopular.info\/#\/schema\/person\/2814e8a0df7643585a9ca38bc6eb9d4b","name":"Reda\u00e7\u00e3o Folha Popular","image":{"@type":"ImageObject","inLanguage":"pt-BR","@id":"https:\/\/folhapopular.info\/wp-content\/uploads\/2026\/04\/Folha-1.webp","url":"https:\/\/folhapopular.info\/wp-content\/uploads\/2026\/04\/Folha-1.webp","contentUrl":"https:\/\/folhapopular.info\/wp-content\/uploads\/2026\/04\/Folha-1.webp","caption":"Reda\u00e7\u00e3o Folha Popular"},"url":"https:\/\/folhapopular.info\/index.php\/author\/redacao\/"}]}},"jetpack_featured_media_url":"https:\/\/folhapopular.info\/wp-content\/uploads\/2026\/04\/464890_1200256_construir_juntos-scaled.jpg","jetpack_sharing_enabled":true,"amp_enabled":true,"_links":{"self":[{"href":"https:\/\/folhapopular.info\/index.php\/wp-json\/wp\/v2\/posts\/211727","targetHints":{"allow":["GET"]}}],"collection":[{"href":"https:\/\/folhapopular.info\/index.php\/wp-json\/wp\/v2\/posts"}],"about":[{"href":"https:\/\/folhapopular.info\/index.php\/wp-json\/wp\/v2\/types\/post"}],"author":[{"embeddable":true,"href":"https:\/\/folhapopular.info\/index.php\/wp-json\/wp\/v2\/users\/8"}],"replies":[{"embeddable":true,"href":"https:\/\/folhapopular.info\/index.php\/wp-json\/wp\/v2\/comments?post=211727"}],"version-history":[{"count":1,"href":"https:\/\/folhapopular.info\/index.php\/wp-json\/wp\/v2\/posts\/211727\/revisions"}],"predecessor-version":[{"id":211729,"href":"https:\/\/folhapopular.info\/index.php\/wp-json\/wp\/v2\/posts\/211727\/revisions\/211729"}],"wp:featuredmedia":[{"embeddable":true,"href":"https:\/\/folhapopular.info\/index.php\/wp-json\/wp\/v2\/media\/211728"}],"wp:attachment":[{"href":"https:\/\/folhapopular.info\/index.php\/wp-json\/wp\/v2\/media?parent=211727"}],"wp:term":[{"taxonomy":"category","embeddable":true,"href":"https:\/\/folhapopular.info\/index.php\/wp-json\/wp\/v2\/categories?post=211727"},{"taxonomy":"post_tag","embeddable":true,"href":"https:\/\/folhapopular.info\/index.php\/wp-json\/wp\/v2\/tags?post=211727"}],"curies":[{"name":"wp","href":"https:\/\/api.w.org\/{rel}","templated":true}]}}