{"id":211737,"date":"2026-04-28T20:32:43","date_gmt":"2026-04-28T23:32:43","guid":{"rendered":"https:\/\/folhapopular.info\/?p=211737"},"modified":"2026-04-28T20:38:29","modified_gmt":"2026-04-28T23:38:29","slug":"andreas-hamester-recebe-medalha-de-honra-ao-merito-dos-vereadores-de-estrela","status":"publish","type":"post","link":"https:\/\/folhapopular.info\/index.php\/2026\/04\/28\/andreas-hamester-recebe-medalha-de-honra-ao-merito-dos-vereadores-de-estrela\/","title":{"rendered":"Andr\u00e9as Hamester recebe medalha de Honra ao M\u00e9rito dos vereadores de Estrela"},"content":{"rendered":"\n<p>Nessa segunda-feira (27\/4), os vereadores de Estrela entregaram o t\u00edtulo de Honra ao M\u00e9rito a Andr\u00e9as Hamester. A homenagem proposta por Pedro Ant\u00f4nio Barth reconhece sua atua\u00e7\u00e3o na promo\u00e7\u00e3o da cultura no munic\u00edpio, especialmente pelo trabalho desenvolvido junto aos grupos folcl\u00f3ricos, que contribui para a preserva\u00e7\u00e3o das tradi\u00e7\u00f5es culturais e o fortalecimento da identidade local.<\/p>\n\n\n\n<p>\u201cTivemos in\u00fameros problemas e derrotas, mas a persist\u00eancia fez com que cheg\u00e1ssemos at\u00e9 aqui. Naquela \u00e9poca, disse aos primeiros casais dos grupos folcl\u00f3ricos que t\u00ednhamos dois caminhos: continuar fazendo o que faz\u00edamos ou sermos os maiores e conhecermos o mundo. Passado tanto tempo, realmente somos os maiores e continuamos crescendo\u201d, apontou Hamester.<\/p>\n\n\n\n<p>Ele conta ter sido criado em um ambiente voltado para a quest\u00e3o cultural e de fam\u00edlia, dentro da comunidade evang\u00e9lica luterana: \u201cDan\u00e7o desde os 3 anos de idade. At\u00e9 1984 eu j\u00e1 tinha passado em todas as categorias e houve a oportunidade, ent\u00e3o, de me tornar instrutor de dan\u00e7as, assumindo em mar\u00e7o de 1985, 42 anos atr\u00e1s\u201d.<\/p>\n\n\n\n<p>A partir de ent\u00e3o, Hamester assumiu cargos relacionados \u00e0 cultura em diversas administra\u00e7\u00f5es municipais. \u201cO primeiro foi o Departamento Cultural. Modificamos bastante as caracter\u00edsticas da cidade em rela\u00e7\u00e3o \u00e0 cultura. Criamos uma das primeiras Casas de Cultura da regi\u00e3o, e hoje n\u00f3s temos duas: uma se transformou em memorial, a outra \u00e9 a nova Casa de Cultura, um lugar lindo\u201d, ressalta. O instrutor tamb\u00e9m participou da cria\u00e7\u00e3o do N\u00facleo Cultural de Estrela, que hoje tem 500 alunos, bem como da Associa\u00e7\u00e3o dos Artes\u00e3os.<\/p>\n\n\n\n<p>Em paralelo, os grupos folcl\u00f3ricos foram o carro-chefe do seu trabalho. \u201cNa \u00e9poca que assumi, t\u00ednhamos 80, 90 dan\u00e7arinos. Hoje s\u00e3o quase 500 componentes e 3.000 ex-dan\u00e7arinos, 14 categorias. No ano passado, batemos o recorde de apresenta\u00e7\u00f5es pelo Brasil e em mais cinco pa\u00edses, entre Am\u00e9rica Latina e Europa\u201d, lembra Hamester.<\/p>\n\n\n\n<p>Andr\u00e9as conclui que as demonstra\u00e7\u00f5es art\u00edsticas est\u00e3o dentro de cada pessoa, mas falta serem descobertas. \u201cQuando n\u00e3o \u00e9 descoberto, isso pode fazer muita falta para a pessoa. Por isso \u00e9 preciso destacar o valor da cultura e do esporte, para que as pessoas tenham uma vida bonita pela frente\u201d, conclui.<\/p>\n\n\n\n<figure class=\"wp-block-image size-large is-resized\"><img loading=\"lazy\" decoding=\"async\" width=\"1024\" height=\"473\" src=\"https:\/\/folhapopular.info\/wp-content\/uploads\/2026\/04\/CAMARA-Hamester-foi-aplaudido-pela-comunidade-e-membros-dos-grupos-de-danca_AI-Camara-de-Vereadores-de-Estrela_DIV-1024x473.jpeg\" alt=\"\" class=\"wp-image-211764\" style=\"width:704px;height:auto\" srcset=\"https:\/\/folhapopular.info\/wp-content\/uploads\/2026\/04\/CAMARA-Hamester-foi-aplaudido-pela-comunidade-e-membros-dos-grupos-de-danca_AI-Camara-de-Vereadores-de-Estrela_DIV-1024x473.jpeg 1024w, https:\/\/folhapopular.info\/wp-content\/uploads\/2026\/04\/CAMARA-Hamester-foi-aplaudido-pela-comunidade-e-membros-dos-grupos-de-danca_AI-Camara-de-Vereadores-de-Estrela_DIV-300x139.jpeg 300w, https:\/\/folhapopular.info\/wp-content\/uploads\/2026\/04\/CAMARA-Hamester-foi-aplaudido-pela-comunidade-e-membros-dos-grupos-de-danca_AI-Camara-de-Vereadores-de-Estrela_DIV-768x355.jpeg 768w, https:\/\/folhapopular.info\/wp-content\/uploads\/2026\/04\/CAMARA-Hamester-foi-aplaudido-pela-comunidade-e-membros-dos-grupos-de-danca_AI-Camara-de-Vereadores-de-Estrela_DIV-1536x709.jpeg 1536w, https:\/\/folhapopular.info\/wp-content\/uploads\/2026\/04\/CAMARA-Hamester-foi-aplaudido-pela-comunidade-e-membros-dos-grupos-de-danca_AI-Camara-de-Vereadores-de-Estrela_DIV-909x420.jpeg 909w, https:\/\/folhapopular.info\/wp-content\/uploads\/2026\/04\/CAMARA-Hamester-foi-aplaudido-pela-comunidade-e-membros-dos-grupos-de-danca_AI-Camara-de-Vereadores-de-Estrela_DIV-696x321.jpeg 696w, https:\/\/folhapopular.info\/wp-content\/uploads\/2026\/04\/CAMARA-Hamester-foi-aplaudido-pela-comunidade-e-membros-dos-grupos-de-danca_AI-Camara-de-Vereadores-de-Estrela_DIV-1068x493.jpeg 1068w, https:\/\/folhapopular.info\/wp-content\/uploads\/2026\/04\/CAMARA-Hamester-foi-aplaudido-pela-comunidade-e-membros-dos-grupos-de-danca_AI-Camara-de-Vereadores-de-Estrela_DIV.jpeg 1600w\" sizes=\"auto, (max-width: 1024px) 100vw, 1024px\" \/><figcaption class=\"wp-element-caption\">Hamester foi aplaudido pela comunidade e membros dos grupos de dan\u00e7a. Cr\u00e9dito: AI C\u00e2mara de Vereadores de Estrela \/ Divulga\u00e7\u00e3o<\/figcaption><\/figure>\n\n\n\n<figure class=\"wp-block-image size-large is-resized\"><img loading=\"lazy\" decoding=\"async\" width=\"1024\" height=\"558\" src=\"https:\/\/folhapopular.info\/wp-content\/uploads\/2026\/04\/CAMARA-Hamester-com-os-vereadores-na-sessao-dessa-segunda-feira_AI-Camara-de-Vereadores-de-Estrela_Divulgacao-1024x558.jpeg\" alt=\"\" class=\"wp-image-211763\" style=\"aspect-ratio:1.8351126177832753;width:718px;height:auto\" srcset=\"https:\/\/folhapopular.info\/wp-content\/uploads\/2026\/04\/CAMARA-Hamester-com-os-vereadores-na-sessao-dessa-segunda-feira_AI-Camara-de-Vereadores-de-Estrela_Divulgacao-1024x558.jpeg 1024w, https:\/\/folhapopular.info\/wp-content\/uploads\/2026\/04\/CAMARA-Hamester-com-os-vereadores-na-sessao-dessa-segunda-feira_AI-Camara-de-Vereadores-de-Estrela_Divulgacao-300x164.jpeg 300w, https:\/\/folhapopular.info\/wp-content\/uploads\/2026\/04\/CAMARA-Hamester-com-os-vereadores-na-sessao-dessa-segunda-feira_AI-Camara-de-Vereadores-de-Estrela_Divulgacao-768x419.jpeg 768w, https:\/\/folhapopular.info\/wp-content\/uploads\/2026\/04\/CAMARA-Hamester-com-os-vereadores-na-sessao-dessa-segunda-feira_AI-Camara-de-Vereadores-de-Estrela_Divulgacao-1536x837.jpeg 1536w, https:\/\/folhapopular.info\/wp-content\/uploads\/2026\/04\/CAMARA-Hamester-com-os-vereadores-na-sessao-dessa-segunda-feira_AI-Camara-de-Vereadores-de-Estrela_Divulgacao-771x420.jpeg 771w, https:\/\/folhapopular.info\/wp-content\/uploads\/2026\/04\/CAMARA-Hamester-com-os-vereadores-na-sessao-dessa-segunda-feira_AI-Camara-de-Vereadores-de-Estrela_Divulgacao-696x379.jpeg 696w, https:\/\/folhapopular.info\/wp-content\/uploads\/2026\/04\/CAMARA-Hamester-com-os-vereadores-na-sessao-dessa-segunda-feira_AI-Camara-de-Vereadores-de-Estrela_Divulgacao-1068x582.jpeg 1068w, https:\/\/folhapopular.info\/wp-content\/uploads\/2026\/04\/CAMARA-Hamester-com-os-vereadores-na-sessao-dessa-segunda-feira_AI-Camara-de-Vereadores-de-Estrela_Divulgacao.jpeg 1600w\" sizes=\"auto, (max-width: 1024px) 100vw, 1024px\" \/><figcaption class=\"wp-element-caption\">Hamester com os vereadores na sess\u00e3o dessa segunda-feira. Cr\u00e9dito: AI C\u00e2mara de Vereadores de Estrela \/ Divulga\u00e7\u00e3o<\/figcaption><\/figure>\n\n\n\n<h2 class=\"wp-block-heading\"><strong>Projetos<\/strong><\/h2>\n\n\n\n<p>Na sess\u00e3o tamb\u00e9m foram aprovados sete projetos de lei. Entre eles est\u00e3o as autoriza\u00e7\u00f5es de repasse de at\u00e9 R$ 100 mil \u00e0 Associa\u00e7\u00e3o Estrelense de Prote\u00e7\u00e3o aos Animais (Aepa) e de at\u00e9 R$ 50 mil \u00e0 Liga de Combate ao C\u00e2ncer, para a reforma de sua nova sede.<\/p>\n\n\n\n<p>Tamb\u00e9m foi aprovada a atualiza\u00e7\u00e3o da legisla\u00e7\u00e3o do Ber\u00e7\u00e1rio Industrial, que passa a permitir a sele\u00e7\u00e3o de empresas por meio de credenciamento. No campo das pol\u00edticas p\u00fablicas, foi institu\u00edda a Coordenadoria Municipal da Mulher, com a finalidade de articular e integrar a\u00e7\u00f5es voltadas \u00e0 promo\u00e7\u00e3o de direitos e \u00e0 prote\u00e7\u00e3o das mulheres.<\/p>\n\n\n\n<p>Outro destaque \u00e9 a cria\u00e7\u00e3o do Programa Municipal de Apoio e Transi\u00e7\u00e3o para Jovens Egressos de Acolhimento Institucional &#8211; \u201cPrograma Travessia Estrela\u201d. O projeto \u00e9 voltado a jovens de 18 a 21 anos, com a\u00e7\u00f5es integradas de assist\u00eancia social, sa\u00fade e inser\u00e7\u00e3o no mercado de trabalho.<\/p>\n","protected":false},"excerpt":{"rendered":"<p>Nessa segunda-feira (27\/4), os vereadores de Estrela entregaram o t\u00edtulo de Honra ao M\u00e9rito a Andr\u00e9as Hamester. A homenagem proposta por Pedro Ant\u00f4nio Barth reconhece sua atua\u00e7\u00e3o na promo\u00e7\u00e3o da cultura no munic\u00edpio, especialmente pelo trabalho desenvolvido junto aos grupos folcl\u00f3ricos, que contribui para a preserva\u00e7\u00e3o das tradi\u00e7\u00f5es culturais e o fortalecimento da identidade local. [&hellip;]<\/p>\n","protected":false},"author":639,"featured_media":211765,"comment_status":"open","ping_status":"open","sticky":false,"template":"","format":"standard","meta":{"pmpro_default_level":"","_jetpack_memberships_contains_paid_content":false,"footnotes":""},"categories":[18469,2],"tags":[21100,10346,344,21101],"class_list":{"0":"post-211737","1":"post","2":"type-post","3":"status-publish","4":"format-standard","5":"has-post-thumbnail","7":"category-camara-de-vereadores-de-estrela","8":"category-featured","9":"tag-andreas-hamester","10":"tag-camara-de-vereadores-de-estrela","11":"tag-cultura","12":"tag-honra-ao-merito","13":"pmpro-has-access"},"yoast_head":"<!-- This site is optimized with the Yoast SEO plugin v27.5 - https:\/\/yoast.com\/product\/yoast-seo-wordpress\/ -->\n<title>Andr\u00e9as Hamester recebe medalha de Honra ao M\u00e9rito dos vereadores de Estrela - Folha Popular<\/title>\n<meta name=\"description\" content=\"Andr\u00e9as Hamester recebeu medalha de Honra ao M\u00e9rito dos vereadores de Estrela na noite dessa segunda-feira (27\/4).\" \/>\n<meta name=\"robots\" content=\"index, follow, max-snippet:-1, max-image-preview:large, max-video-preview:-1\" \/>\n<link rel=\"canonical\" href=\"https:\/\/folhapopular.info\/index.php\/2026\/04\/28\/andreas-hamester-recebe-medalha-de-honra-ao-merito-dos-vereadores-de-estrela\/\" \/>\n<meta property=\"og:locale\" content=\"pt_BR\" \/>\n<meta property=\"og:type\" content=\"article\" \/>\n<meta property=\"og:title\" content=\"Andr\u00e9as Hamester recebe medalha de Honra ao M\u00e9rito dos vereadores de Estrela - Folha Popular\" \/>\n<meta property=\"og:description\" content=\"Andr\u00e9as Hamester recebeu medalha de Honra ao M\u00e9rito dos vereadores de Estrela na noite dessa segunda-feira (27\/4).\" \/>\n<meta property=\"og:url\" content=\"https:\/\/folhapopular.info\/index.php\/2026\/04\/28\/andreas-hamester-recebe-medalha-de-honra-ao-merito-dos-vereadores-de-estrela\/\" \/>\n<meta property=\"og:site_name\" content=\"Folha Popular\" \/>\n<meta property=\"article:published_time\" content=\"2026-04-28T23:32:43+00:00\" \/>\n<meta property=\"article:modified_time\" content=\"2026-04-28T23:38:29+00:00\" \/>\n<meta property=\"og:image\" content=\"https:\/\/folhapopular.info\/wp-content\/uploads\/2026\/04\/CAMARA-Homenagem-foi-entregue-a-Hamester-pelo-proponente-vereador-Pedro-Barth_AI-Camara-de-Vereadores-de-Estrela_Divulgacao.jpeg\" \/>\n\t<meta property=\"og:image:width\" content=\"1490\" \/>\n\t<meta property=\"og:image:height\" content=\"924\" \/>\n\t<meta property=\"og:image:type\" content=\"image\/jpeg\" \/>\n<meta name=\"author\" content=\"Camille Lenz da Silva\" \/>\n<meta name=\"twitter:card\" content=\"summary_large_image\" \/>\n<meta name=\"twitter:label1\" content=\"Escrito por\" \/>\n\t<meta name=\"twitter:data1\" content=\"Camille Lenz da Silva\" \/>\n\t<meta name=\"twitter:label2\" content=\"Est. tempo de leitura\" \/>\n\t<meta name=\"twitter:data2\" content=\"4 minutos\" \/>\n<script type=\"application\/ld+json\" class=\"yoast-schema-graph\">{\"@context\":\"https:\\\/\\\/schema.org\",\"@graph\":[{\"@type\":\"Article\",\"@id\":\"https:\\\/\\\/folhapopular.info\\\/index.php\\\/2026\\\/04\\\/28\\\/andreas-hamester-recebe-medalha-de-honra-ao-merito-dos-vereadores-de-estrela\\\/#article\",\"isPartOf\":{\"@id\":\"https:\\\/\\\/folhapopular.info\\\/index.php\\\/2026\\\/04\\\/28\\\/andreas-hamester-recebe-medalha-de-honra-ao-merito-dos-vereadores-de-estrela\\\/\"},\"author\":{\"name\":\"Camille Lenz da Silva\",\"@id\":\"https:\\\/\\\/folhapopular.info\\\/#\\\/schema\\\/person\\\/f0b811f932ef2505faf473ffaef49df5\"},\"headline\":\"Andr\u00e9as Hamester recebe medalha de Honra ao M\u00e9rito dos vereadores de Estrela\",\"datePublished\":\"2026-04-28T23:32:43+00:00\",\"dateModified\":\"2026-04-28T23:38:29+00:00\",\"mainEntityOfPage\":{\"@id\":\"https:\\\/\\\/folhapopular.info\\\/index.php\\\/2026\\\/04\\\/28\\\/andreas-hamester-recebe-medalha-de-honra-ao-merito-dos-vereadores-de-estrela\\\/\"},\"wordCount\":598,\"commentCount\":0,\"image\":{\"@id\":\"https:\\\/\\\/folhapopular.info\\\/index.php\\\/2026\\\/04\\\/28\\\/andreas-hamester-recebe-medalha-de-honra-ao-merito-dos-vereadores-de-estrela\\\/#primaryimage\"},\"thumbnailUrl\":\"https:\\\/\\\/folhapopular.info\\\/wp-content\\\/uploads\\\/2026\\\/04\\\/CAMARA-Homenagem-foi-entregue-a-Hamester-pelo-proponente-vereador-Pedro-Barth_AI-Camara-de-Vereadores-de-Estrela_Divulgacao.jpeg\",\"keywords\":[\"Andr\u00e9as Hamester\",\"c\u00e2mara de vereadores de estrela\",\"Cultura\",\"Honra ao M\u00e9rito\"],\"articleSection\":[\"C\u00e2mara de Vereadores de Estrela\",\"Destaques\"],\"inLanguage\":\"pt-BR\",\"potentialAction\":[{\"@type\":\"CommentAction\",\"name\":\"Comment\",\"target\":[\"https:\\\/\\\/folhapopular.info\\\/index.php\\\/2026\\\/04\\\/28\\\/andreas-hamester-recebe-medalha-de-honra-ao-merito-dos-vereadores-de-estrela\\\/#respond\"]}]},{\"@type\":\"WebPage\",\"@id\":\"https:\\\/\\\/folhapopular.info\\\/index.php\\\/2026\\\/04\\\/28\\\/andreas-hamester-recebe-medalha-de-honra-ao-merito-dos-vereadores-de-estrela\\\/\",\"url\":\"https:\\\/\\\/folhapopular.info\\\/index.php\\\/2026\\\/04\\\/28\\\/andreas-hamester-recebe-medalha-de-honra-ao-merito-dos-vereadores-de-estrela\\\/\",\"name\":\"Andr\u00e9as Hamester recebe medalha de Honra ao M\u00e9rito dos vereadores de Estrela - Folha Popular\",\"isPartOf\":{\"@id\":\"https:\\\/\\\/folhapopular.info\\\/#website\"},\"primaryImageOfPage\":{\"@id\":\"https:\\\/\\\/folhapopular.info\\\/index.php\\\/2026\\\/04\\\/28\\\/andreas-hamester-recebe-medalha-de-honra-ao-merito-dos-vereadores-de-estrela\\\/#primaryimage\"},\"image\":{\"@id\":\"https:\\\/\\\/folhapopular.info\\\/index.php\\\/2026\\\/04\\\/28\\\/andreas-hamester-recebe-medalha-de-honra-ao-merito-dos-vereadores-de-estrela\\\/#primaryimage\"},\"thumbnailUrl\":\"https:\\\/\\\/folhapopular.info\\\/wp-content\\\/uploads\\\/2026\\\/04\\\/CAMARA-Homenagem-foi-entregue-a-Hamester-pelo-proponente-vereador-Pedro-Barth_AI-Camara-de-Vereadores-de-Estrela_Divulgacao.jpeg\",\"datePublished\":\"2026-04-28T23:32:43+00:00\",\"dateModified\":\"2026-04-28T23:38:29+00:00\",\"author\":{\"@id\":\"https:\\\/\\\/folhapopular.info\\\/#\\\/schema\\\/person\\\/f0b811f932ef2505faf473ffaef49df5\"},\"description\":\"Andr\u00e9as Hamester recebeu medalha de Honra ao M\u00e9rito dos vereadores de Estrela na noite dessa segunda-feira (27\\\/4).\",\"breadcrumb\":{\"@id\":\"https:\\\/\\\/folhapopular.info\\\/index.php\\\/2026\\\/04\\\/28\\\/andreas-hamester-recebe-medalha-de-honra-ao-merito-dos-vereadores-de-estrela\\\/#breadcrumb\"},\"inLanguage\":\"pt-BR\",\"potentialAction\":[{\"@type\":\"ReadAction\",\"target\":[\"https:\\\/\\\/folhapopular.info\\\/index.php\\\/2026\\\/04\\\/28\\\/andreas-hamester-recebe-medalha-de-honra-ao-merito-dos-vereadores-de-estrela\\\/\"]}]},{\"@type\":\"ImageObject\",\"inLanguage\":\"pt-BR\",\"@id\":\"https:\\\/\\\/folhapopular.info\\\/index.php\\\/2026\\\/04\\\/28\\\/andreas-hamester-recebe-medalha-de-honra-ao-merito-dos-vereadores-de-estrela\\\/#primaryimage\",\"url\":\"https:\\\/\\\/folhapopular.info\\\/wp-content\\\/uploads\\\/2026\\\/04\\\/CAMARA-Homenagem-foi-entregue-a-Hamester-pelo-proponente-vereador-Pedro-Barth_AI-Camara-de-Vereadores-de-Estrela_Divulgacao.jpeg\",\"contentUrl\":\"https:\\\/\\\/folhapopular.info\\\/wp-content\\\/uploads\\\/2026\\\/04\\\/CAMARA-Homenagem-foi-entregue-a-Hamester-pelo-proponente-vereador-Pedro-Barth_AI-Camara-de-Vereadores-de-Estrela_Divulgacao.jpeg\",\"width\":1490,\"height\":924,\"caption\":\"Homenagem foi entregue a Hamester pelo proponente, vereador Pedro Barth. Cr\u00e9dito: AI C\u00e2mara de Vereadores de Estrela \\\/ Divulga\u00e7\u00e3o\"},{\"@type\":\"BreadcrumbList\",\"@id\":\"https:\\\/\\\/folhapopular.info\\\/index.php\\\/2026\\\/04\\\/28\\\/andreas-hamester-recebe-medalha-de-honra-ao-merito-dos-vereadores-de-estrela\\\/#breadcrumb\",\"itemListElement\":[{\"@type\":\"ListItem\",\"position\":1,\"name\":\"In\u00edcio\",\"item\":\"https:\\\/\\\/folhapopular.info\\\/\"},{\"@type\":\"ListItem\",\"position\":2,\"name\":\"Andr\u00e9as Hamester recebe medalha de Honra ao M\u00e9rito dos vereadores de Estrela\"}]},{\"@type\":\"WebSite\",\"@id\":\"https:\\\/\\\/folhapopular.info\\\/#website\",\"url\":\"https:\\\/\\\/folhapopular.info\\\/\",\"name\":\"Folha Popular\",\"description\":\"Onde voc\u00ea tem vez e voz\",\"potentialAction\":[{\"@type\":\"SearchAction\",\"target\":{\"@type\":\"EntryPoint\",\"urlTemplate\":\"https:\\\/\\\/folhapopular.info\\\/?s={search_term_string}\"},\"query-input\":{\"@type\":\"PropertyValueSpecification\",\"valueRequired\":true,\"valueName\":\"search_term_string\"}}],\"inLanguage\":\"pt-BR\"},{\"@type\":\"Person\",\"@id\":\"https:\\\/\\\/folhapopular.info\\\/#\\\/schema\\\/person\\\/f0b811f932ef2505faf473ffaef49df5\",\"name\":\"Camille Lenz da Silva\",\"image\":{\"@type\":\"ImageObject\",\"inLanguage\":\"pt-BR\",\"@id\":\"https:\\\/\\\/secure.gravatar.com\\\/avatar\\\/50be826d73ca259ec0e0a88a407f5de800c576c46cfdc57e50ef28551e216fff?s=96&d=mm&r=g\",\"url\":\"https:\\\/\\\/secure.gravatar.com\\\/avatar\\\/50be826d73ca259ec0e0a88a407f5de800c576c46cfdc57e50ef28551e216fff?s=96&d=mm&r=g\",\"contentUrl\":\"https:\\\/\\\/secure.gravatar.com\\\/avatar\\\/50be826d73ca259ec0e0a88a407f5de800c576c46cfdc57e50ef28551e216fff?s=96&d=mm&r=g\",\"caption\":\"Camille Lenz da Silva\"},\"url\":\"https:\\\/\\\/folhapopular.info\\\/index.php\\\/author\\\/camillelenzgmail-com\\\/\"}]}<\/script>\n<!-- \/ Yoast SEO plugin. -->","yoast_head_json":{"title":"Andr\u00e9as Hamester recebe medalha de Honra ao M\u00e9rito dos vereadores de Estrela - Folha Popular","description":"Andr\u00e9as Hamester recebeu medalha de Honra ao M\u00e9rito dos vereadores de Estrela na noite dessa segunda-feira (27\/4).","robots":{"index":"index","follow":"follow","max-snippet":"max-snippet:-1","max-image-preview":"max-image-preview:large","max-video-preview":"max-video-preview:-1"},"canonical":"https:\/\/folhapopular.info\/index.php\/2026\/04\/28\/andreas-hamester-recebe-medalha-de-honra-ao-merito-dos-vereadores-de-estrela\/","og_locale":"pt_BR","og_type":"article","og_title":"Andr\u00e9as Hamester recebe medalha de Honra ao M\u00e9rito dos vereadores de Estrela - Folha Popular","og_description":"Andr\u00e9as Hamester recebeu medalha de Honra ao M\u00e9rito dos vereadores de Estrela na noite dessa segunda-feira (27\/4).","og_url":"https:\/\/folhapopular.info\/index.php\/2026\/04\/28\/andreas-hamester-recebe-medalha-de-honra-ao-merito-dos-vereadores-de-estrela\/","og_site_name":"Folha Popular","article_published_time":"2026-04-28T23:32:43+00:00","article_modified_time":"2026-04-28T23:38:29+00:00","og_image":[{"width":1490,"height":924,"url":"https:\/\/folhapopular.info\/wp-content\/uploads\/2026\/04\/CAMARA-Homenagem-foi-entregue-a-Hamester-pelo-proponente-vereador-Pedro-Barth_AI-Camara-de-Vereadores-de-Estrela_Divulgacao.jpeg","type":"image\/jpeg"}],"author":"Camille Lenz da Silva","twitter_card":"summary_large_image","twitter_misc":{"Escrito por":"Camille Lenz da Silva","Est. tempo de leitura":"4 minutos"},"schema":{"@context":"https:\/\/schema.org","@graph":[{"@type":"Article","@id":"https:\/\/folhapopular.info\/index.php\/2026\/04\/28\/andreas-hamester-recebe-medalha-de-honra-ao-merito-dos-vereadores-de-estrela\/#article","isPartOf":{"@id":"https:\/\/folhapopular.info\/index.php\/2026\/04\/28\/andreas-hamester-recebe-medalha-de-honra-ao-merito-dos-vereadores-de-estrela\/"},"author":{"name":"Camille Lenz da Silva","@id":"https:\/\/folhapopular.info\/#\/schema\/person\/f0b811f932ef2505faf473ffaef49df5"},"headline":"Andr\u00e9as Hamester recebe medalha de Honra ao M\u00e9rito dos vereadores de Estrela","datePublished":"2026-04-28T23:32:43+00:00","dateModified":"2026-04-28T23:38:29+00:00","mainEntityOfPage":{"@id":"https:\/\/folhapopular.info\/index.php\/2026\/04\/28\/andreas-hamester-recebe-medalha-de-honra-ao-merito-dos-vereadores-de-estrela\/"},"wordCount":598,"commentCount":0,"image":{"@id":"https:\/\/folhapopular.info\/index.php\/2026\/04\/28\/andreas-hamester-recebe-medalha-de-honra-ao-merito-dos-vereadores-de-estrela\/#primaryimage"},"thumbnailUrl":"https:\/\/folhapopular.info\/wp-content\/uploads\/2026\/04\/CAMARA-Homenagem-foi-entregue-a-Hamester-pelo-proponente-vereador-Pedro-Barth_AI-Camara-de-Vereadores-de-Estrela_Divulgacao.jpeg","keywords":["Andr\u00e9as Hamester","c\u00e2mara de vereadores de estrela","Cultura","Honra ao M\u00e9rito"],"articleSection":["C\u00e2mara de Vereadores de Estrela","Destaques"],"inLanguage":"pt-BR","potentialAction":[{"@type":"CommentAction","name":"Comment","target":["https:\/\/folhapopular.info\/index.php\/2026\/04\/28\/andreas-hamester-recebe-medalha-de-honra-ao-merito-dos-vereadores-de-estrela\/#respond"]}]},{"@type":"WebPage","@id":"https:\/\/folhapopular.info\/index.php\/2026\/04\/28\/andreas-hamester-recebe-medalha-de-honra-ao-merito-dos-vereadores-de-estrela\/","url":"https:\/\/folhapopular.info\/index.php\/2026\/04\/28\/andreas-hamester-recebe-medalha-de-honra-ao-merito-dos-vereadores-de-estrela\/","name":"Andr\u00e9as Hamester recebe medalha de Honra ao M\u00e9rito dos vereadores de Estrela - Folha Popular","isPartOf":{"@id":"https:\/\/folhapopular.info\/#website"},"primaryImageOfPage":{"@id":"https:\/\/folhapopular.info\/index.php\/2026\/04\/28\/andreas-hamester-recebe-medalha-de-honra-ao-merito-dos-vereadores-de-estrela\/#primaryimage"},"image":{"@id":"https:\/\/folhapopular.info\/index.php\/2026\/04\/28\/andreas-hamester-recebe-medalha-de-honra-ao-merito-dos-vereadores-de-estrela\/#primaryimage"},"thumbnailUrl":"https:\/\/folhapopular.info\/wp-content\/uploads\/2026\/04\/CAMARA-Homenagem-foi-entregue-a-Hamester-pelo-proponente-vereador-Pedro-Barth_AI-Camara-de-Vereadores-de-Estrela_Divulgacao.jpeg","datePublished":"2026-04-28T23:32:43+00:00","dateModified":"2026-04-28T23:38:29+00:00","author":{"@id":"https:\/\/folhapopular.info\/#\/schema\/person\/f0b811f932ef2505faf473ffaef49df5"},"description":"Andr\u00e9as Hamester recebeu medalha de Honra ao M\u00e9rito dos vereadores de Estrela na noite dessa segunda-feira (27\/4).","breadcrumb":{"@id":"https:\/\/folhapopular.info\/index.php\/2026\/04\/28\/andreas-hamester-recebe-medalha-de-honra-ao-merito-dos-vereadores-de-estrela\/#breadcrumb"},"inLanguage":"pt-BR","potentialAction":[{"@type":"ReadAction","target":["https:\/\/folhapopular.info\/index.php\/2026\/04\/28\/andreas-hamester-recebe-medalha-de-honra-ao-merito-dos-vereadores-de-estrela\/"]}]},{"@type":"ImageObject","inLanguage":"pt-BR","@id":"https:\/\/folhapopular.info\/index.php\/2026\/04\/28\/andreas-hamester-recebe-medalha-de-honra-ao-merito-dos-vereadores-de-estrela\/#primaryimage","url":"https:\/\/folhapopular.info\/wp-content\/uploads\/2026\/04\/CAMARA-Homenagem-foi-entregue-a-Hamester-pelo-proponente-vereador-Pedro-Barth_AI-Camara-de-Vereadores-de-Estrela_Divulgacao.jpeg","contentUrl":"https:\/\/folhapopular.info\/wp-content\/uploads\/2026\/04\/CAMARA-Homenagem-foi-entregue-a-Hamester-pelo-proponente-vereador-Pedro-Barth_AI-Camara-de-Vereadores-de-Estrela_Divulgacao.jpeg","width":1490,"height":924,"caption":"Homenagem foi entregue a Hamester pelo proponente, vereador Pedro Barth. Cr\u00e9dito: AI C\u00e2mara de Vereadores de Estrela \/ Divulga\u00e7\u00e3o"},{"@type":"BreadcrumbList","@id":"https:\/\/folhapopular.info\/index.php\/2026\/04\/28\/andreas-hamester-recebe-medalha-de-honra-ao-merito-dos-vereadores-de-estrela\/#breadcrumb","itemListElement":[{"@type":"ListItem","position":1,"name":"In\u00edcio","item":"https:\/\/folhapopular.info\/"},{"@type":"ListItem","position":2,"name":"Andr\u00e9as Hamester recebe medalha de Honra ao M\u00e9rito dos vereadores de Estrela"}]},{"@type":"WebSite","@id":"https:\/\/folhapopular.info\/#website","url":"https:\/\/folhapopular.info\/","name":"Folha Popular","description":"Onde voc\u00ea tem vez e voz","potentialAction":[{"@type":"SearchAction","target":{"@type":"EntryPoint","urlTemplate":"https:\/\/folhapopular.info\/?s={search_term_string}"},"query-input":{"@type":"PropertyValueSpecification","valueRequired":true,"valueName":"search_term_string"}}],"inLanguage":"pt-BR"},{"@type":"Person","@id":"https:\/\/folhapopular.info\/#\/schema\/person\/f0b811f932ef2505faf473ffaef49df5","name":"Camille Lenz da Silva","image":{"@type":"ImageObject","inLanguage":"pt-BR","@id":"https:\/\/secure.gravatar.com\/avatar\/50be826d73ca259ec0e0a88a407f5de800c576c46cfdc57e50ef28551e216fff?s=96&d=mm&r=g","url":"https:\/\/secure.gravatar.com\/avatar\/50be826d73ca259ec0e0a88a407f5de800c576c46cfdc57e50ef28551e216fff?s=96&d=mm&r=g","contentUrl":"https:\/\/secure.gravatar.com\/avatar\/50be826d73ca259ec0e0a88a407f5de800c576c46cfdc57e50ef28551e216fff?s=96&d=mm&r=g","caption":"Camille Lenz da Silva"},"url":"https:\/\/folhapopular.info\/index.php\/author\/camillelenzgmail-com\/"}]}},"jetpack_featured_media_url":"https:\/\/folhapopular.info\/wp-content\/uploads\/2026\/04\/CAMARA-Homenagem-foi-entregue-a-Hamester-pelo-proponente-vereador-Pedro-Barth_AI-Camara-de-Vereadores-de-Estrela_Divulgacao.jpeg","jetpack_sharing_enabled":true,"amp_enabled":true,"_links":{"self":[{"href":"https:\/\/folhapopular.info\/index.php\/wp-json\/wp\/v2\/posts\/211737","targetHints":{"allow":["GET"]}}],"collection":[{"href":"https:\/\/folhapopular.info\/index.php\/wp-json\/wp\/v2\/posts"}],"about":[{"href":"https:\/\/folhapopular.info\/index.php\/wp-json\/wp\/v2\/types\/post"}],"author":[{"embeddable":true,"href":"https:\/\/folhapopular.info\/index.php\/wp-json\/wp\/v2\/users\/639"}],"replies":[{"embeddable":true,"href":"https:\/\/folhapopular.info\/index.php\/wp-json\/wp\/v2\/comments?post=211737"}],"version-history":[{"count":3,"href":"https:\/\/folhapopular.info\/index.php\/wp-json\/wp\/v2\/posts\/211737\/revisions"}],"predecessor-version":[{"id":211770,"href":"https:\/\/folhapopular.info\/index.php\/wp-json\/wp\/v2\/posts\/211737\/revisions\/211770"}],"wp:featuredmedia":[{"embeddable":true,"href":"https:\/\/folhapopular.info\/index.php\/wp-json\/wp\/v2\/media\/211765"}],"wp:attachment":[{"href":"https:\/\/folhapopular.info\/index.php\/wp-json\/wp\/v2\/media?parent=211737"}],"wp:term":[{"taxonomy":"category","embeddable":true,"href":"https:\/\/folhapopular.info\/index.php\/wp-json\/wp\/v2\/categories?post=211737"},{"taxonomy":"post_tag","embeddable":true,"href":"https:\/\/folhapopular.info\/index.php\/wp-json\/wp\/v2\/tags?post=211737"}],"curies":[{"name":"wp","href":"https:\/\/api.w.org\/{rel}","templated":true}]}}