{"id":211738,"date":"2026-04-28T11:26:32","date_gmt":"2026-04-28T14:26:32","guid":{"rendered":"https:\/\/folhapopular.info\/?p=211738"},"modified":"2026-04-28T11:26:40","modified_gmt":"2026-04-28T14:26:40","slug":"carreta-carregada-com-frango-tomba-na-br-386-em-montenegro","status":"publish","type":"post","link":"https:\/\/folhapopular.info\/index.php\/2026\/04\/28\/carreta-carregada-com-frango-tomba-na-br-386-em-montenegro\/","title":{"rendered":"Carreta carregada com frango tomba na BR-386, em Montenegro"},"content":{"rendered":"\n<p>Um acidente envolvendo um ve\u00edculo de carga foi registrado na noite desta segunda-feira (27\/4), na BR-386, em Montenegro. Conforme a Pol\u00edcia Rodovi\u00e1ria Federal, o caso ocorreu por volta das 19h30, no km 417 da rodovia, no sentido interior\u2013capital.<\/p>\n\n\n\n<p>Uma carreta carregada com frango congelado, com origem em Imbituba (SC), saiu da pista e tombou \u00e0s margens da rodovia. O motorista sofreu les\u00f5es leves e foi encaminhado para avalia\u00e7\u00e3o m\u00e9dica. N\u00e3o h\u00e1 registro de outros feridos.<\/p>\n\n\n\n<p>A carreta permaneceu fora da pista e, segundo a PRF, ser\u00e1 necess\u00e1rio realizar o transbordo da carga antes da remo\u00e7\u00e3o do ve\u00edculo.<\/p>\n\n\n\n<p>Apesar do acidente, n\u00e3o houve bloqueio total da rodovia.<\/p>\n\n\n\n<p>As circunst\u00e2ncias do ocorrido ser\u00e3o apuradas.<\/p>\n","protected":false},"excerpt":{"rendered":"<p>Um acidente envolvendo um ve\u00edculo de carga foi registrado na noite desta segunda-feira (27\/4), na BR-386, em Montenegro. Conforme a Pol\u00edcia Rodovi\u00e1ria Federal, o caso ocorreu por volta das 19h30, no km 417 da rodovia, no sentido interior\u2013capital. Uma carreta carregada com frango congelado, com origem em Imbituba (SC), saiu da pista e tombou \u00e0s [&hellip;]<\/p>\n","protected":false},"author":8,"featured_media":189599,"comment_status":"open","ping_status":"open","sticky":false,"template":"","format":"standard","meta":{"pmpro_default_level":"","_jetpack_memberships_contains_paid_content":false,"footnotes":""},"categories":[7,10983],"tags":[91,1228],"class_list":{"0":"post-211738","1":"post","2":"type-post","3":"status-publish","4":"format-standard","5":"has-post-thumbnail","7":"category-seguranca","8":"category-transito","9":"tag-br-386","10":"tag-saida-de-pista","11":"pmpro-has-access"},"yoast_head":"<!-- This site is optimized with the Yoast SEO plugin v27.5 - https:\/\/yoast.com\/product\/yoast-seo-wordpress\/ -->\n<title>Carreta carregada com frango tomba na BR-386, em Montenegro - Folha Popular<\/title>\n<meta name=\"robots\" content=\"index, follow, max-snippet:-1, max-image-preview:large, max-video-preview:-1\" \/>\n<link rel=\"canonical\" href=\"https:\/\/folhapopular.info\/index.php\/2026\/04\/28\/carreta-carregada-com-frango-tomba-na-br-386-em-montenegro\/\" \/>\n<meta property=\"og:locale\" content=\"pt_BR\" \/>\n<meta property=\"og:type\" content=\"article\" \/>\n<meta property=\"og:title\" content=\"Carreta carregada com frango tomba na BR-386, em Montenegro - Folha Popular\" \/>\n<meta property=\"og:description\" content=\"Um acidente envolvendo um ve\u00edculo de carga foi registrado na noite desta segunda-feira (27\/4), na BR-386, em Montenegro. Conforme a Pol\u00edcia Rodovi\u00e1ria Federal, o caso ocorreu por volta das 19h30, no km 417 da rodovia, no sentido interior\u2013capital. Uma carreta carregada com frango congelado, com origem em Imbituba (SC), saiu da pista e tombou \u00e0s [&hellip;]\" \/>\n<meta property=\"og:url\" content=\"https:\/\/folhapopular.info\/index.php\/2026\/04\/28\/carreta-carregada-com-frango-tomba-na-br-386-em-montenegro\/\" \/>\n<meta property=\"og:site_name\" content=\"Folha Popular\" \/>\n<meta property=\"article:published_time\" content=\"2026-04-28T14:26:32+00:00\" \/>\n<meta property=\"article:modified_time\" content=\"2026-04-28T14:26:40+00:00\" \/>\n<meta property=\"og:image\" content=\"https:\/\/folhapopular.info\/wp-content\/uploads\/2025\/07\/folhapopular.info-2.png\" \/>\n\t<meta property=\"og:image:width\" content=\"1920\" \/>\n\t<meta property=\"og:image:height\" content=\"1080\" \/>\n\t<meta property=\"og:image:type\" content=\"image\/png\" \/>\n<meta name=\"author\" content=\"Reda\u00e7\u00e3o Folha Popular\" \/>\n<meta name=\"twitter:card\" content=\"summary_large_image\" \/>\n<meta name=\"twitter:label1\" content=\"Escrito por\" \/>\n\t<meta name=\"twitter:data1\" content=\"Reda\u00e7\u00e3o Folha Popular\" \/>\n\t<meta name=\"twitter:label2\" content=\"Est. tempo de leitura\" \/>\n\t<meta name=\"twitter:data2\" content=\"1 minuto\" \/>\n<script type=\"application\/ld+json\" class=\"yoast-schema-graph\">{\"@context\":\"https:\\\/\\\/schema.org\",\"@graph\":[{\"@type\":\"Article\",\"@id\":\"https:\\\/\\\/folhapopular.info\\\/index.php\\\/2026\\\/04\\\/28\\\/carreta-carregada-com-frango-tomba-na-br-386-em-montenegro\\\/#article\",\"isPartOf\":{\"@id\":\"https:\\\/\\\/folhapopular.info\\\/index.php\\\/2026\\\/04\\\/28\\\/carreta-carregada-com-frango-tomba-na-br-386-em-montenegro\\\/\"},\"author\":{\"name\":\"Reda\u00e7\u00e3o Folha Popular\",\"@id\":\"https:\\\/\\\/folhapopular.info\\\/#\\\/schema\\\/person\\\/2814e8a0df7643585a9ca38bc6eb9d4b\"},\"headline\":\"Carreta carregada com frango tomba na BR-386, em Montenegro\",\"datePublished\":\"2026-04-28T14:26:32+00:00\",\"dateModified\":\"2026-04-28T14:26:40+00:00\",\"mainEntityOfPage\":{\"@id\":\"https:\\\/\\\/folhapopular.info\\\/index.php\\\/2026\\\/04\\\/28\\\/carreta-carregada-com-frango-tomba-na-br-386-em-montenegro\\\/\"},\"wordCount\":133,\"commentCount\":0,\"image\":{\"@id\":\"https:\\\/\\\/folhapopular.info\\\/index.php\\\/2026\\\/04\\\/28\\\/carreta-carregada-com-frango-tomba-na-br-386-em-montenegro\\\/#primaryimage\"},\"thumbnailUrl\":\"https:\\\/\\\/folhapopular.info\\\/wp-content\\\/uploads\\\/2025\\\/07\\\/folhapopular.info-2.png\",\"keywords\":[\"BR-386\",\"Sa\u00edda de Pista\"],\"articleSection\":[\"Seguran\u00e7a\",\"Tr\u00e2nsito\"],\"inLanguage\":\"pt-BR\",\"potentialAction\":[{\"@type\":\"CommentAction\",\"name\":\"Comment\",\"target\":[\"https:\\\/\\\/folhapopular.info\\\/index.php\\\/2026\\\/04\\\/28\\\/carreta-carregada-com-frango-tomba-na-br-386-em-montenegro\\\/#respond\"]}]},{\"@type\":\"WebPage\",\"@id\":\"https:\\\/\\\/folhapopular.info\\\/index.php\\\/2026\\\/04\\\/28\\\/carreta-carregada-com-frango-tomba-na-br-386-em-montenegro\\\/\",\"url\":\"https:\\\/\\\/folhapopular.info\\\/index.php\\\/2026\\\/04\\\/28\\\/carreta-carregada-com-frango-tomba-na-br-386-em-montenegro\\\/\",\"name\":\"Carreta carregada com frango tomba na BR-386, em Montenegro - Folha Popular\",\"isPartOf\":{\"@id\":\"https:\\\/\\\/folhapopular.info\\\/#website\"},\"primaryImageOfPage\":{\"@id\":\"https:\\\/\\\/folhapopular.info\\\/index.php\\\/2026\\\/04\\\/28\\\/carreta-carregada-com-frango-tomba-na-br-386-em-montenegro\\\/#primaryimage\"},\"image\":{\"@id\":\"https:\\\/\\\/folhapopular.info\\\/index.php\\\/2026\\\/04\\\/28\\\/carreta-carregada-com-frango-tomba-na-br-386-em-montenegro\\\/#primaryimage\"},\"thumbnailUrl\":\"https:\\\/\\\/folhapopular.info\\\/wp-content\\\/uploads\\\/2025\\\/07\\\/folhapopular.info-2.png\",\"datePublished\":\"2026-04-28T14:26:32+00:00\",\"dateModified\":\"2026-04-28T14:26:40+00:00\",\"author\":{\"@id\":\"https:\\\/\\\/folhapopular.info\\\/#\\\/schema\\\/person\\\/2814e8a0df7643585a9ca38bc6eb9d4b\"},\"breadcrumb\":{\"@id\":\"https:\\\/\\\/folhapopular.info\\\/index.php\\\/2026\\\/04\\\/28\\\/carreta-carregada-com-frango-tomba-na-br-386-em-montenegro\\\/#breadcrumb\"},\"inLanguage\":\"pt-BR\",\"potentialAction\":[{\"@type\":\"ReadAction\",\"target\":[\"https:\\\/\\\/folhapopular.info\\\/index.php\\\/2026\\\/04\\\/28\\\/carreta-carregada-com-frango-tomba-na-br-386-em-montenegro\\\/\"]}]},{\"@type\":\"ImageObject\",\"inLanguage\":\"pt-BR\",\"@id\":\"https:\\\/\\\/folhapopular.info\\\/index.php\\\/2026\\\/04\\\/28\\\/carreta-carregada-com-frango-tomba-na-br-386-em-montenegro\\\/#primaryimage\",\"url\":\"https:\\\/\\\/folhapopular.info\\\/wp-content\\\/uploads\\\/2025\\\/07\\\/folhapopular.info-2.png\",\"contentUrl\":\"https:\\\/\\\/folhapopular.info\\\/wp-content\\\/uploads\\\/2025\\\/07\\\/folhapopular.info-2.png\",\"width\":1920,\"height\":1080},{\"@type\":\"BreadcrumbList\",\"@id\":\"https:\\\/\\\/folhapopular.info\\\/index.php\\\/2026\\\/04\\\/28\\\/carreta-carregada-com-frango-tomba-na-br-386-em-montenegro\\\/#breadcrumb\",\"itemListElement\":[{\"@type\":\"ListItem\",\"position\":1,\"name\":\"In\u00edcio\",\"item\":\"https:\\\/\\\/folhapopular.info\\\/\"},{\"@type\":\"ListItem\",\"position\":2,\"name\":\"Carreta carregada com frango tomba na BR-386, em Montenegro\"}]},{\"@type\":\"WebSite\",\"@id\":\"https:\\\/\\\/folhapopular.info\\\/#website\",\"url\":\"https:\\\/\\\/folhapopular.info\\\/\",\"name\":\"Folha Popular\",\"description\":\"Onde voc\u00ea tem vez e voz\",\"potentialAction\":[{\"@type\":\"SearchAction\",\"target\":{\"@type\":\"EntryPoint\",\"urlTemplate\":\"https:\\\/\\\/folhapopular.info\\\/?s={search_term_string}\"},\"query-input\":{\"@type\":\"PropertyValueSpecification\",\"valueRequired\":true,\"valueName\":\"search_term_string\"}}],\"inLanguage\":\"pt-BR\"},{\"@type\":\"Person\",\"@id\":\"https:\\\/\\\/folhapopular.info\\\/#\\\/schema\\\/person\\\/2814e8a0df7643585a9ca38bc6eb9d4b\",\"name\":\"Reda\u00e7\u00e3o Folha Popular\",\"image\":{\"@type\":\"ImageObject\",\"inLanguage\":\"pt-BR\",\"@id\":\"https:\\\/\\\/folhapopular.info\\\/wp-content\\\/uploads\\\/2026\\\/04\\\/Folha-1.webp\",\"url\":\"https:\\\/\\\/folhapopular.info\\\/wp-content\\\/uploads\\\/2026\\\/04\\\/Folha-1.webp\",\"contentUrl\":\"https:\\\/\\\/folhapopular.info\\\/wp-content\\\/uploads\\\/2026\\\/04\\\/Folha-1.webp\",\"caption\":\"Reda\u00e7\u00e3o Folha Popular\"},\"url\":\"https:\\\/\\\/folhapopular.info\\\/index.php\\\/author\\\/redacao\\\/\"}]}<\/script>\n<!-- \/ Yoast SEO plugin. -->","yoast_head_json":{"title":"Carreta carregada com frango tomba na BR-386, em Montenegro - Folha Popular","robots":{"index":"index","follow":"follow","max-snippet":"max-snippet:-1","max-image-preview":"max-image-preview:large","max-video-preview":"max-video-preview:-1"},"canonical":"https:\/\/folhapopular.info\/index.php\/2026\/04\/28\/carreta-carregada-com-frango-tomba-na-br-386-em-montenegro\/","og_locale":"pt_BR","og_type":"article","og_title":"Carreta carregada com frango tomba na BR-386, em Montenegro - Folha Popular","og_description":"Um acidente envolvendo um ve\u00edculo de carga foi registrado na noite desta segunda-feira (27\/4), na BR-386, em Montenegro. Conforme a Pol\u00edcia Rodovi\u00e1ria Federal, o caso ocorreu por volta das 19h30, no km 417 da rodovia, no sentido interior\u2013capital. Uma carreta carregada com frango congelado, com origem em Imbituba (SC), saiu da pista e tombou \u00e0s [&hellip;]","og_url":"https:\/\/folhapopular.info\/index.php\/2026\/04\/28\/carreta-carregada-com-frango-tomba-na-br-386-em-montenegro\/","og_site_name":"Folha Popular","article_published_time":"2026-04-28T14:26:32+00:00","article_modified_time":"2026-04-28T14:26:40+00:00","og_image":[{"width":1920,"height":1080,"url":"https:\/\/folhapopular.info\/wp-content\/uploads\/2025\/07\/folhapopular.info-2.png","type":"image\/png"}],"author":"Reda\u00e7\u00e3o Folha Popular","twitter_card":"summary_large_image","twitter_misc":{"Escrito por":"Reda\u00e7\u00e3o Folha Popular","Est. tempo de leitura":"1 minuto"},"schema":{"@context":"https:\/\/schema.org","@graph":[{"@type":"Article","@id":"https:\/\/folhapopular.info\/index.php\/2026\/04\/28\/carreta-carregada-com-frango-tomba-na-br-386-em-montenegro\/#article","isPartOf":{"@id":"https:\/\/folhapopular.info\/index.php\/2026\/04\/28\/carreta-carregada-com-frango-tomba-na-br-386-em-montenegro\/"},"author":{"name":"Reda\u00e7\u00e3o Folha Popular","@id":"https:\/\/folhapopular.info\/#\/schema\/person\/2814e8a0df7643585a9ca38bc6eb9d4b"},"headline":"Carreta carregada com frango tomba na BR-386, em Montenegro","datePublished":"2026-04-28T14:26:32+00:00","dateModified":"2026-04-28T14:26:40+00:00","mainEntityOfPage":{"@id":"https:\/\/folhapopular.info\/index.php\/2026\/04\/28\/carreta-carregada-com-frango-tomba-na-br-386-em-montenegro\/"},"wordCount":133,"commentCount":0,"image":{"@id":"https:\/\/folhapopular.info\/index.php\/2026\/04\/28\/carreta-carregada-com-frango-tomba-na-br-386-em-montenegro\/#primaryimage"},"thumbnailUrl":"https:\/\/folhapopular.info\/wp-content\/uploads\/2025\/07\/folhapopular.info-2.png","keywords":["BR-386","Sa\u00edda de Pista"],"articleSection":["Seguran\u00e7a","Tr\u00e2nsito"],"inLanguage":"pt-BR","potentialAction":[{"@type":"CommentAction","name":"Comment","target":["https:\/\/folhapopular.info\/index.php\/2026\/04\/28\/carreta-carregada-com-frango-tomba-na-br-386-em-montenegro\/#respond"]}]},{"@type":"WebPage","@id":"https:\/\/folhapopular.info\/index.php\/2026\/04\/28\/carreta-carregada-com-frango-tomba-na-br-386-em-montenegro\/","url":"https:\/\/folhapopular.info\/index.php\/2026\/04\/28\/carreta-carregada-com-frango-tomba-na-br-386-em-montenegro\/","name":"Carreta carregada com frango tomba na BR-386, em Montenegro - Folha Popular","isPartOf":{"@id":"https:\/\/folhapopular.info\/#website"},"primaryImageOfPage":{"@id":"https:\/\/folhapopular.info\/index.php\/2026\/04\/28\/carreta-carregada-com-frango-tomba-na-br-386-em-montenegro\/#primaryimage"},"image":{"@id":"https:\/\/folhapopular.info\/index.php\/2026\/04\/28\/carreta-carregada-com-frango-tomba-na-br-386-em-montenegro\/#primaryimage"},"thumbnailUrl":"https:\/\/folhapopular.info\/wp-content\/uploads\/2025\/07\/folhapopular.info-2.png","datePublished":"2026-04-28T14:26:32+00:00","dateModified":"2026-04-28T14:26:40+00:00","author":{"@id":"https:\/\/folhapopular.info\/#\/schema\/person\/2814e8a0df7643585a9ca38bc6eb9d4b"},"breadcrumb":{"@id":"https:\/\/folhapopular.info\/index.php\/2026\/04\/28\/carreta-carregada-com-frango-tomba-na-br-386-em-montenegro\/#breadcrumb"},"inLanguage":"pt-BR","potentialAction":[{"@type":"ReadAction","target":["https:\/\/folhapopular.info\/index.php\/2026\/04\/28\/carreta-carregada-com-frango-tomba-na-br-386-em-montenegro\/"]}]},{"@type":"ImageObject","inLanguage":"pt-BR","@id":"https:\/\/folhapopular.info\/index.php\/2026\/04\/28\/carreta-carregada-com-frango-tomba-na-br-386-em-montenegro\/#primaryimage","url":"https:\/\/folhapopular.info\/wp-content\/uploads\/2025\/07\/folhapopular.info-2.png","contentUrl":"https:\/\/folhapopular.info\/wp-content\/uploads\/2025\/07\/folhapopular.info-2.png","width":1920,"height":1080},{"@type":"BreadcrumbList","@id":"https:\/\/folhapopular.info\/index.php\/2026\/04\/28\/carreta-carregada-com-frango-tomba-na-br-386-em-montenegro\/#breadcrumb","itemListElement":[{"@type":"ListItem","position":1,"name":"In\u00edcio","item":"https:\/\/folhapopular.info\/"},{"@type":"ListItem","position":2,"name":"Carreta carregada com frango tomba na BR-386, em Montenegro"}]},{"@type":"WebSite","@id":"https:\/\/folhapopular.info\/#website","url":"https:\/\/folhapopular.info\/","name":"Folha Popular","description":"Onde voc\u00ea tem vez e voz","potentialAction":[{"@type":"SearchAction","target":{"@type":"EntryPoint","urlTemplate":"https:\/\/folhapopular.info\/?s={search_term_string}"},"query-input":{"@type":"PropertyValueSpecification","valueRequired":true,"valueName":"search_term_string"}}],"inLanguage":"pt-BR"},{"@type":"Person","@id":"https:\/\/folhapopular.info\/#\/schema\/person\/2814e8a0df7643585a9ca38bc6eb9d4b","name":"Reda\u00e7\u00e3o Folha Popular","image":{"@type":"ImageObject","inLanguage":"pt-BR","@id":"https:\/\/folhapopular.info\/wp-content\/uploads\/2026\/04\/Folha-1.webp","url":"https:\/\/folhapopular.info\/wp-content\/uploads\/2026\/04\/Folha-1.webp","contentUrl":"https:\/\/folhapopular.info\/wp-content\/uploads\/2026\/04\/Folha-1.webp","caption":"Reda\u00e7\u00e3o Folha Popular"},"url":"https:\/\/folhapopular.info\/index.php\/author\/redacao\/"}]}},"jetpack_featured_media_url":"https:\/\/folhapopular.info\/wp-content\/uploads\/2025\/07\/folhapopular.info-2.png","jetpack_sharing_enabled":true,"amp_enabled":true,"_links":{"self":[{"href":"https:\/\/folhapopular.info\/index.php\/wp-json\/wp\/v2\/posts\/211738","targetHints":{"allow":["GET"]}}],"collection":[{"href":"https:\/\/folhapopular.info\/index.php\/wp-json\/wp\/v2\/posts"}],"about":[{"href":"https:\/\/folhapopular.info\/index.php\/wp-json\/wp\/v2\/types\/post"}],"author":[{"embeddable":true,"href":"https:\/\/folhapopular.info\/index.php\/wp-json\/wp\/v2\/users\/8"}],"replies":[{"embeddable":true,"href":"https:\/\/folhapopular.info\/index.php\/wp-json\/wp\/v2\/comments?post=211738"}],"version-history":[{"count":1,"href":"https:\/\/folhapopular.info\/index.php\/wp-json\/wp\/v2\/posts\/211738\/revisions"}],"predecessor-version":[{"id":211739,"href":"https:\/\/folhapopular.info\/index.php\/wp-json\/wp\/v2\/posts\/211738\/revisions\/211739"}],"wp:featuredmedia":[{"embeddable":true,"href":"https:\/\/folhapopular.info\/index.php\/wp-json\/wp\/v2\/media\/189599"}],"wp:attachment":[{"href":"https:\/\/folhapopular.info\/index.php\/wp-json\/wp\/v2\/media?parent=211738"}],"wp:term":[{"taxonomy":"category","embeddable":true,"href":"https:\/\/folhapopular.info\/index.php\/wp-json\/wp\/v2\/categories?post=211738"},{"taxonomy":"post_tag","embeddable":true,"href":"https:\/\/folhapopular.info\/index.php\/wp-json\/wp\/v2\/tags?post=211738"}],"curies":[{"name":"wp","href":"https:\/\/api.w.org\/{rel}","templated":true}]}}