{"id":211751,"date":"2026-04-28T15:13:33","date_gmt":"2026-04-28T18:13:33","guid":{"rendered":"https:\/\/folhapopular.info\/?p=211751"},"modified":"2026-04-28T15:13:35","modified_gmt":"2026-04-28T18:13:35","slug":"maifest-celebra-os-150-anos-de-estrela-com-programacao-diversificada","status":"publish","type":"post","link":"https:\/\/folhapopular.info\/index.php\/2026\/04\/28\/maifest-celebra-os-150-anos-de-estrela-com-programacao-diversificada\/","title":{"rendered":"Maifest celebra os 150 anos de Estrela com programa\u00e7\u00e3o diversificada"},"content":{"rendered":"\n<p>Estrela prepara uma edi\u00e7\u00e3o ampliada da Maifest 2026 ao longo de todo o m\u00eas de maio, com foco na valoriza\u00e7\u00e3o das tradi\u00e7\u00f5es, no incentivo \u00e0 conviv\u00eancia comunit\u00e1ria e na atra\u00e7\u00e3o de p\u00fablico regional. Entre os destaques est\u00e1 a realiza\u00e7\u00e3o do Rodeio de Barretos itinerante entre os dias 8 e 10 de maio, no Porto de Estrela. O projeto leva a experi\u00eancia de um dos maiores rodeios da Am\u00e9rica Latina para diferentes munic\u00edpios brasileiros. A programa\u00e7\u00e3o inclui ainda o Paleta Atl\u00e2ntida, no dia 30 de maio, no Parque da Lagoa.<\/p>\n\n\n\n<p>A tradicional ParkChoppFest, realizada em parceria com o Rotary Clube de Estrela, re\u00fane atividades como os Jogos Germ\u00e2nicos, Grenais e atra\u00e7\u00f5es culturais no Parque Princesa do Vale. J\u00e1 o Festival do Chucrute e os o Caf\u00e9s Coloniais, realizados pela Comunidade Evang\u00e9lica de Estrela, complementam as atra\u00e7\u00f5es tradicionais de comemora\u00e7\u00e3o do anivers\u00e1rio do munic\u00edpio. <\/p>\n\n\n\n<p>A agenda contempla ainda eventos esportivos, encontros tem\u00e1ticos, feiras e atividades voltadas a diferentes p\u00fablicos, incluindo crian\u00e7as, idosos e fam\u00edlias, distribu\u00eddas em diversos espa\u00e7os do munic\u00edpio.<\/p>\n\n\n\n<p>Para o secret\u00e1rio municipal de Cultura, Andreas Hamester, destaca que a programa\u00e7\u00e3o foi constru\u00edda para valorizar as tradi\u00e7\u00f5es locais e, ao mesmo tempo, ampliar a capacidade de atra\u00e7\u00e3o do munic\u00edpio. \u201cA Maifest cresce ao integrar diferentes formatos de evento, fortalecendo a identidade cultural e criando oportunidades para que mais pessoas venham a Estrela viver essa experi\u00eancia\u201d, afirma.<\/p>\n\n\n\n<h2 class=\"wp-block-heading\"><strong>Confira a programa\u00e7\u00e3o completa<\/strong><\/h2>\n\n\n\n<p><strong>8 a 10 de maio <br><\/strong>Rodeio de Barretos; Porto de Estrela;<\/p>\n\n\n\n<p><strong>15 de maio \u2013 Sexta-feira<br><\/strong>19h &#8211; Torneio do Boi; <br>19h &#8211; Lan\u00e7amento do livro 150 Anos de Estrela \u2013 Ba\u00fa de Mem\u00f3rias; <\/p>\n\n\n\n<p><strong>16 de maio \u2013 S\u00e1bado<br><\/strong>8h &#8211; Encontro dos Motociclistas Bodes do Asfalto; <br>13h30 &#8211; Jogos Germ\u00e2nicos<br>20h &#8211; Baile do Chucrute<\/p>\n\n\n\n<p><strong>17 de maio \u2013 Domingo<br><\/strong>10h &#8211; Grenal Categoria M\u00e1ster (+50); <br>10h &#8211; Arte na Escadaria;<br>14h &#8211; Grenal Categoria Feminino; <br>14h &#8211; Brinquedos infl\u00e1veis; <br>15h &#8211; Grenal Categoria Veterano (+40);<br>15h &#8211; Caf\u00e9 Colonial;<br>16h &#8211; Grenal Categoria Livre; <br>17h &#8211; Pagode Favorito;<\/p>\n\n\n\n<p><strong>18 de maio \u2013 Segunda-feira<br><\/strong>9h30 &#8211; Baile da Feliz Idade com escolha da Corte;<\/p>\n\n\n\n<p><strong>19 de maio \u2013 Ter\u00e7a-feira<br><\/strong>20h &#8211; Jantar Cacis;<\/p>\n\n\n\n<p><strong>20 de maio \u2013 Quarta-feira<br><\/strong>9h &#8211; Baile de Idosos \u2013 Caminhando Juntos; Centro Comunit\u00e1rio Cristo Rei;<br>14h &#8211; Feira de Artesanato e Feira MEI; <br>15h30 &#8211; Orquestra de Estrela;<br>16h &#8211; Turn\u00ea Lebes 70 anos \u2013 Show de Rodrigo Saltton;<br>17h -About Owls &amp; Folks; <br>18h &#8211; Banda Ramalhos; <br>19h &#8211; Banda Rosas; <\/p>\n\n\n\n<p><strong>21 de maio \u2013 Quinta-feira<br><\/strong>Festa das Apaes; <\/p>\n\n\n\n<p><strong>23 de maio \u2013 S\u00e1bado<br><\/strong>20h &#8211; Baile do Chucrute \u2013 Super Banda Chopp\u00e3o; <\/p>\n\n\n\n<p><strong>24 de maio \u2013 Domingo<br><\/strong>10h &#8211; 2\u00ba Encontro de Carros Antigos na Polar; <br>15h &#8211; Caf\u00e9 Colonial \u2013 Festival do Chucrute; <\/p>\n\n\n\n<p><strong>25 de maio \u2013 Segunda-feira<br><\/strong>18h30 &#8211; Lan\u00e7amento do livro C\u00e2mara de Vereadores de Estrela \u2013 A Casa do Povo;<\/p>\n\n\n\n<p><strong>30 de maio \u2013 Domingo<br><\/strong>Paleta Atl\u00e2ntida.<\/p>\n","protected":false},"excerpt":{"rendered":"<p>Estrela prepara uma edi\u00e7\u00e3o ampliada da Maifest 2026 ao longo de todo o m\u00eas de maio, com foco na valoriza\u00e7\u00e3o das tradi\u00e7\u00f5es, no incentivo \u00e0 conviv\u00eancia comunit\u00e1ria e na atra\u00e7\u00e3o de p\u00fablico regional. Entre os destaques est\u00e1 a realiza\u00e7\u00e3o do Rodeio de Barretos itinerante entre os dias 8 e 10 de maio, no Porto de [&hellip;]<\/p>\n","protected":false},"author":8,"featured_media":211753,"comment_status":"open","ping_status":"open","sticky":false,"template":"","format":"standard","meta":{"pmpro_default_level":"","_jetpack_memberships_contains_paid_content":false,"footnotes":""},"categories":[10996,2,6],"tags":[8,2546,2597,21097,20442,21098],"class_list":{"0":"post-211751","1":"post","2":"type-post","3":"status-publish","4":"format-standard","5":"has-post-thumbnail","7":"category-cultura","8":"category-featured","9":"category-inclusive","10":"tag-estrela","11":"tag-festival-do-chucrute","12":"tag-maifest","13":"tag-maifest-2026","14":"tag-paleta-atlantida","15":"tag-rodeio-de-barretos","16":"pmpro-has-access"},"yoast_head":"<!-- This site is optimized with the Yoast SEO plugin v27.5 - https:\/\/yoast.com\/product\/yoast-seo-wordpress\/ -->\n<title>Maifest celebra os 150 anos de Estrela com programa\u00e7\u00e3o diversificada - Folha Popular<\/title>\n<meta name=\"robots\" content=\"index, follow, max-snippet:-1, max-image-preview:large, max-video-preview:-1\" \/>\n<link rel=\"canonical\" href=\"https:\/\/folhapopular.info\/index.php\/2026\/04\/28\/maifest-celebra-os-150-anos-de-estrela-com-programacao-diversificada\/\" \/>\n<meta property=\"og:locale\" content=\"pt_BR\" \/>\n<meta property=\"og:type\" content=\"article\" \/>\n<meta property=\"og:title\" content=\"Maifest celebra os 150 anos de Estrela com programa\u00e7\u00e3o diversificada - Folha Popular\" \/>\n<meta property=\"og:description\" content=\"Estrela prepara uma edi\u00e7\u00e3o ampliada da Maifest 2026 ao longo de todo o m\u00eas de maio, com foco na valoriza\u00e7\u00e3o das tradi\u00e7\u00f5es, no incentivo \u00e0 conviv\u00eancia comunit\u00e1ria e na atra\u00e7\u00e3o de p\u00fablico regional. Entre os destaques est\u00e1 a realiza\u00e7\u00e3o do Rodeio de Barretos itinerante entre os dias 8 e 10 de maio, no Porto de [&hellip;]\" \/>\n<meta property=\"og:url\" content=\"https:\/\/folhapopular.info\/index.php\/2026\/04\/28\/maifest-celebra-os-150-anos-de-estrela-com-programacao-diversificada\/\" \/>\n<meta property=\"og:site_name\" content=\"Folha Popular\" \/>\n<meta property=\"article:published_time\" content=\"2026-04-28T18:13:33+00:00\" \/>\n<meta property=\"article:modified_time\" content=\"2026-04-28T18:13:35+00:00\" \/>\n<meta property=\"og:image\" content=\"https:\/\/folhapopular.info\/wp-content\/uploads\/2026\/04\/WhatsApp-Image-2026-04-27-at-15.03.29.jpeg\" \/>\n\t<meta property=\"og:image:width\" content=\"1024\" \/>\n\t<meta property=\"og:image:height\" content=\"683\" \/>\n\t<meta property=\"og:image:type\" content=\"image\/jpeg\" \/>\n<meta name=\"author\" content=\"Reda\u00e7\u00e3o Folha Popular\" \/>\n<meta name=\"twitter:card\" content=\"summary_large_image\" \/>\n<meta name=\"twitter:label1\" content=\"Escrito por\" \/>\n\t<meta name=\"twitter:data1\" content=\"Reda\u00e7\u00e3o Folha Popular\" \/>\n\t<meta name=\"twitter:label2\" content=\"Est. tempo de leitura\" \/>\n\t<meta name=\"twitter:data2\" content=\"3 minutos\" \/>\n<script type=\"application\/ld+json\" class=\"yoast-schema-graph\">{\"@context\":\"https:\\\/\\\/schema.org\",\"@graph\":[{\"@type\":\"Article\",\"@id\":\"https:\\\/\\\/folhapopular.info\\\/index.php\\\/2026\\\/04\\\/28\\\/maifest-celebra-os-150-anos-de-estrela-com-programacao-diversificada\\\/#article\",\"isPartOf\":{\"@id\":\"https:\\\/\\\/folhapopular.info\\\/index.php\\\/2026\\\/04\\\/28\\\/maifest-celebra-os-150-anos-de-estrela-com-programacao-diversificada\\\/\"},\"author\":{\"name\":\"Reda\u00e7\u00e3o Folha Popular\",\"@id\":\"https:\\\/\\\/folhapopular.info\\\/#\\\/schema\\\/person\\\/2814e8a0df7643585a9ca38bc6eb9d4b\"},\"headline\":\"Maifest celebra os 150 anos de Estrela com programa\u00e7\u00e3o diversificada\",\"datePublished\":\"2026-04-28T18:13:33+00:00\",\"dateModified\":\"2026-04-28T18:13:35+00:00\",\"mainEntityOfPage\":{\"@id\":\"https:\\\/\\\/folhapopular.info\\\/index.php\\\/2026\\\/04\\\/28\\\/maifest-celebra-os-150-anos-de-estrela-com-programacao-diversificada\\\/\"},\"wordCount\":499,\"commentCount\":0,\"image\":{\"@id\":\"https:\\\/\\\/folhapopular.info\\\/index.php\\\/2026\\\/04\\\/28\\\/maifest-celebra-os-150-anos-de-estrela-com-programacao-diversificada\\\/#primaryimage\"},\"thumbnailUrl\":\"https:\\\/\\\/folhapopular.info\\\/wp-content\\\/uploads\\\/2026\\\/04\\\/WhatsApp-Image-2026-04-27-at-15.03.29.jpeg\",\"keywords\":[\"Estrela\",\"Festival do Chucrute\",\"Maifest\",\"Maifest 2026\",\"Paleta Atl\u00e2ntida\",\"Rodeio de Barretos\"],\"articleSection\":[\"Cultura\",\"Destaques\",\"Inclusive\"],\"inLanguage\":\"pt-BR\",\"potentialAction\":[{\"@type\":\"CommentAction\",\"name\":\"Comment\",\"target\":[\"https:\\\/\\\/folhapopular.info\\\/index.php\\\/2026\\\/04\\\/28\\\/maifest-celebra-os-150-anos-de-estrela-com-programacao-diversificada\\\/#respond\"]}]},{\"@type\":\"WebPage\",\"@id\":\"https:\\\/\\\/folhapopular.info\\\/index.php\\\/2026\\\/04\\\/28\\\/maifest-celebra-os-150-anos-de-estrela-com-programacao-diversificada\\\/\",\"url\":\"https:\\\/\\\/folhapopular.info\\\/index.php\\\/2026\\\/04\\\/28\\\/maifest-celebra-os-150-anos-de-estrela-com-programacao-diversificada\\\/\",\"name\":\"Maifest celebra os 150 anos de Estrela com programa\u00e7\u00e3o diversificada - Folha Popular\",\"isPartOf\":{\"@id\":\"https:\\\/\\\/folhapopular.info\\\/#website\"},\"primaryImageOfPage\":{\"@id\":\"https:\\\/\\\/folhapopular.info\\\/index.php\\\/2026\\\/04\\\/28\\\/maifest-celebra-os-150-anos-de-estrela-com-programacao-diversificada\\\/#primaryimage\"},\"image\":{\"@id\":\"https:\\\/\\\/folhapopular.info\\\/index.php\\\/2026\\\/04\\\/28\\\/maifest-celebra-os-150-anos-de-estrela-com-programacao-diversificada\\\/#primaryimage\"},\"thumbnailUrl\":\"https:\\\/\\\/folhapopular.info\\\/wp-content\\\/uploads\\\/2026\\\/04\\\/WhatsApp-Image-2026-04-27-at-15.03.29.jpeg\",\"datePublished\":\"2026-04-28T18:13:33+00:00\",\"dateModified\":\"2026-04-28T18:13:35+00:00\",\"author\":{\"@id\":\"https:\\\/\\\/folhapopular.info\\\/#\\\/schema\\\/person\\\/2814e8a0df7643585a9ca38bc6eb9d4b\"},\"breadcrumb\":{\"@id\":\"https:\\\/\\\/folhapopular.info\\\/index.php\\\/2026\\\/04\\\/28\\\/maifest-celebra-os-150-anos-de-estrela-com-programacao-diversificada\\\/#breadcrumb\"},\"inLanguage\":\"pt-BR\",\"potentialAction\":[{\"@type\":\"ReadAction\",\"target\":[\"https:\\\/\\\/folhapopular.info\\\/index.php\\\/2026\\\/04\\\/28\\\/maifest-celebra-os-150-anos-de-estrela-com-programacao-diversificada\\\/\"]}]},{\"@type\":\"ImageObject\",\"inLanguage\":\"pt-BR\",\"@id\":\"https:\\\/\\\/folhapopular.info\\\/index.php\\\/2026\\\/04\\\/28\\\/maifest-celebra-os-150-anos-de-estrela-com-programacao-diversificada\\\/#primaryimage\",\"url\":\"https:\\\/\\\/folhapopular.info\\\/wp-content\\\/uploads\\\/2026\\\/04\\\/WhatsApp-Image-2026-04-27-at-15.03.29.jpeg\",\"contentUrl\":\"https:\\\/\\\/folhapopular.info\\\/wp-content\\\/uploads\\\/2026\\\/04\\\/WhatsApp-Image-2026-04-27-at-15.03.29.jpeg\",\"width\":1024,\"height\":683,\"caption\":\"Cr\u00e9dito: AI Estrela \\\/ Arquivo\"},{\"@type\":\"BreadcrumbList\",\"@id\":\"https:\\\/\\\/folhapopular.info\\\/index.php\\\/2026\\\/04\\\/28\\\/maifest-celebra-os-150-anos-de-estrela-com-programacao-diversificada\\\/#breadcrumb\",\"itemListElement\":[{\"@type\":\"ListItem\",\"position\":1,\"name\":\"In\u00edcio\",\"item\":\"https:\\\/\\\/folhapopular.info\\\/\"},{\"@type\":\"ListItem\",\"position\":2,\"name\":\"Maifest celebra os 150 anos de Estrela com programa\u00e7\u00e3o diversificada\"}]},{\"@type\":\"WebSite\",\"@id\":\"https:\\\/\\\/folhapopular.info\\\/#website\",\"url\":\"https:\\\/\\\/folhapopular.info\\\/\",\"name\":\"Folha Popular\",\"description\":\"Onde voc\u00ea tem vez e voz\",\"potentialAction\":[{\"@type\":\"SearchAction\",\"target\":{\"@type\":\"EntryPoint\",\"urlTemplate\":\"https:\\\/\\\/folhapopular.info\\\/?s={search_term_string}\"},\"query-input\":{\"@type\":\"PropertyValueSpecification\",\"valueRequired\":true,\"valueName\":\"search_term_string\"}}],\"inLanguage\":\"pt-BR\"},{\"@type\":\"Person\",\"@id\":\"https:\\\/\\\/folhapopular.info\\\/#\\\/schema\\\/person\\\/2814e8a0df7643585a9ca38bc6eb9d4b\",\"name\":\"Reda\u00e7\u00e3o Folha Popular\",\"image\":{\"@type\":\"ImageObject\",\"inLanguage\":\"pt-BR\",\"@id\":\"https:\\\/\\\/folhapopular.info\\\/wp-content\\\/uploads\\\/2026\\\/04\\\/Folha-1.webp\",\"url\":\"https:\\\/\\\/folhapopular.info\\\/wp-content\\\/uploads\\\/2026\\\/04\\\/Folha-1.webp\",\"contentUrl\":\"https:\\\/\\\/folhapopular.info\\\/wp-content\\\/uploads\\\/2026\\\/04\\\/Folha-1.webp\",\"caption\":\"Reda\u00e7\u00e3o Folha Popular\"},\"url\":\"https:\\\/\\\/folhapopular.info\\\/index.php\\\/author\\\/redacao\\\/\"}]}<\/script>\n<!-- \/ Yoast SEO plugin. -->","yoast_head_json":{"title":"Maifest celebra os 150 anos de Estrela com programa\u00e7\u00e3o diversificada - Folha Popular","robots":{"index":"index","follow":"follow","max-snippet":"max-snippet:-1","max-image-preview":"max-image-preview:large","max-video-preview":"max-video-preview:-1"},"canonical":"https:\/\/folhapopular.info\/index.php\/2026\/04\/28\/maifest-celebra-os-150-anos-de-estrela-com-programacao-diversificada\/","og_locale":"pt_BR","og_type":"article","og_title":"Maifest celebra os 150 anos de Estrela com programa\u00e7\u00e3o diversificada - Folha Popular","og_description":"Estrela prepara uma edi\u00e7\u00e3o ampliada da Maifest 2026 ao longo de todo o m\u00eas de maio, com foco na valoriza\u00e7\u00e3o das tradi\u00e7\u00f5es, no incentivo \u00e0 conviv\u00eancia comunit\u00e1ria e na atra\u00e7\u00e3o de p\u00fablico regional. Entre os destaques est\u00e1 a realiza\u00e7\u00e3o do Rodeio de Barretos itinerante entre os dias 8 e 10 de maio, no Porto de [&hellip;]","og_url":"https:\/\/folhapopular.info\/index.php\/2026\/04\/28\/maifest-celebra-os-150-anos-de-estrela-com-programacao-diversificada\/","og_site_name":"Folha Popular","article_published_time":"2026-04-28T18:13:33+00:00","article_modified_time":"2026-04-28T18:13:35+00:00","og_image":[{"width":1024,"height":683,"url":"https:\/\/folhapopular.info\/wp-content\/uploads\/2026\/04\/WhatsApp-Image-2026-04-27-at-15.03.29.jpeg","type":"image\/jpeg"}],"author":"Reda\u00e7\u00e3o Folha Popular","twitter_card":"summary_large_image","twitter_misc":{"Escrito por":"Reda\u00e7\u00e3o Folha Popular","Est. tempo de leitura":"3 minutos"},"schema":{"@context":"https:\/\/schema.org","@graph":[{"@type":"Article","@id":"https:\/\/folhapopular.info\/index.php\/2026\/04\/28\/maifest-celebra-os-150-anos-de-estrela-com-programacao-diversificada\/#article","isPartOf":{"@id":"https:\/\/folhapopular.info\/index.php\/2026\/04\/28\/maifest-celebra-os-150-anos-de-estrela-com-programacao-diversificada\/"},"author":{"name":"Reda\u00e7\u00e3o Folha Popular","@id":"https:\/\/folhapopular.info\/#\/schema\/person\/2814e8a0df7643585a9ca38bc6eb9d4b"},"headline":"Maifest celebra os 150 anos de Estrela com programa\u00e7\u00e3o diversificada","datePublished":"2026-04-28T18:13:33+00:00","dateModified":"2026-04-28T18:13:35+00:00","mainEntityOfPage":{"@id":"https:\/\/folhapopular.info\/index.php\/2026\/04\/28\/maifest-celebra-os-150-anos-de-estrela-com-programacao-diversificada\/"},"wordCount":499,"commentCount":0,"image":{"@id":"https:\/\/folhapopular.info\/index.php\/2026\/04\/28\/maifest-celebra-os-150-anos-de-estrela-com-programacao-diversificada\/#primaryimage"},"thumbnailUrl":"https:\/\/folhapopular.info\/wp-content\/uploads\/2026\/04\/WhatsApp-Image-2026-04-27-at-15.03.29.jpeg","keywords":["Estrela","Festival do Chucrute","Maifest","Maifest 2026","Paleta Atl\u00e2ntida","Rodeio de Barretos"],"articleSection":["Cultura","Destaques","Inclusive"],"inLanguage":"pt-BR","potentialAction":[{"@type":"CommentAction","name":"Comment","target":["https:\/\/folhapopular.info\/index.php\/2026\/04\/28\/maifest-celebra-os-150-anos-de-estrela-com-programacao-diversificada\/#respond"]}]},{"@type":"WebPage","@id":"https:\/\/folhapopular.info\/index.php\/2026\/04\/28\/maifest-celebra-os-150-anos-de-estrela-com-programacao-diversificada\/","url":"https:\/\/folhapopular.info\/index.php\/2026\/04\/28\/maifest-celebra-os-150-anos-de-estrela-com-programacao-diversificada\/","name":"Maifest celebra os 150 anos de Estrela com programa\u00e7\u00e3o diversificada - Folha Popular","isPartOf":{"@id":"https:\/\/folhapopular.info\/#website"},"primaryImageOfPage":{"@id":"https:\/\/folhapopular.info\/index.php\/2026\/04\/28\/maifest-celebra-os-150-anos-de-estrela-com-programacao-diversificada\/#primaryimage"},"image":{"@id":"https:\/\/folhapopular.info\/index.php\/2026\/04\/28\/maifest-celebra-os-150-anos-de-estrela-com-programacao-diversificada\/#primaryimage"},"thumbnailUrl":"https:\/\/folhapopular.info\/wp-content\/uploads\/2026\/04\/WhatsApp-Image-2026-04-27-at-15.03.29.jpeg","datePublished":"2026-04-28T18:13:33+00:00","dateModified":"2026-04-28T18:13:35+00:00","author":{"@id":"https:\/\/folhapopular.info\/#\/schema\/person\/2814e8a0df7643585a9ca38bc6eb9d4b"},"breadcrumb":{"@id":"https:\/\/folhapopular.info\/index.php\/2026\/04\/28\/maifest-celebra-os-150-anos-de-estrela-com-programacao-diversificada\/#breadcrumb"},"inLanguage":"pt-BR","potentialAction":[{"@type":"ReadAction","target":["https:\/\/folhapopular.info\/index.php\/2026\/04\/28\/maifest-celebra-os-150-anos-de-estrela-com-programacao-diversificada\/"]}]},{"@type":"ImageObject","inLanguage":"pt-BR","@id":"https:\/\/folhapopular.info\/index.php\/2026\/04\/28\/maifest-celebra-os-150-anos-de-estrela-com-programacao-diversificada\/#primaryimage","url":"https:\/\/folhapopular.info\/wp-content\/uploads\/2026\/04\/WhatsApp-Image-2026-04-27-at-15.03.29.jpeg","contentUrl":"https:\/\/folhapopular.info\/wp-content\/uploads\/2026\/04\/WhatsApp-Image-2026-04-27-at-15.03.29.jpeg","width":1024,"height":683,"caption":"Cr\u00e9dito: AI Estrela \/ Arquivo"},{"@type":"BreadcrumbList","@id":"https:\/\/folhapopular.info\/index.php\/2026\/04\/28\/maifest-celebra-os-150-anos-de-estrela-com-programacao-diversificada\/#breadcrumb","itemListElement":[{"@type":"ListItem","position":1,"name":"In\u00edcio","item":"https:\/\/folhapopular.info\/"},{"@type":"ListItem","position":2,"name":"Maifest celebra os 150 anos de Estrela com programa\u00e7\u00e3o diversificada"}]},{"@type":"WebSite","@id":"https:\/\/folhapopular.info\/#website","url":"https:\/\/folhapopular.info\/","name":"Folha Popular","description":"Onde voc\u00ea tem vez e voz","potentialAction":[{"@type":"SearchAction","target":{"@type":"EntryPoint","urlTemplate":"https:\/\/folhapopular.info\/?s={search_term_string}"},"query-input":{"@type":"PropertyValueSpecification","valueRequired":true,"valueName":"search_term_string"}}],"inLanguage":"pt-BR"},{"@type":"Person","@id":"https:\/\/folhapopular.info\/#\/schema\/person\/2814e8a0df7643585a9ca38bc6eb9d4b","name":"Reda\u00e7\u00e3o Folha Popular","image":{"@type":"ImageObject","inLanguage":"pt-BR","@id":"https:\/\/folhapopular.info\/wp-content\/uploads\/2026\/04\/Folha-1.webp","url":"https:\/\/folhapopular.info\/wp-content\/uploads\/2026\/04\/Folha-1.webp","contentUrl":"https:\/\/folhapopular.info\/wp-content\/uploads\/2026\/04\/Folha-1.webp","caption":"Reda\u00e7\u00e3o Folha Popular"},"url":"https:\/\/folhapopular.info\/index.php\/author\/redacao\/"}]}},"jetpack_featured_media_url":"https:\/\/folhapopular.info\/wp-content\/uploads\/2026\/04\/WhatsApp-Image-2026-04-27-at-15.03.29.jpeg","jetpack_sharing_enabled":true,"amp_enabled":true,"_links":{"self":[{"href":"https:\/\/folhapopular.info\/index.php\/wp-json\/wp\/v2\/posts\/211751","targetHints":{"allow":["GET"]}}],"collection":[{"href":"https:\/\/folhapopular.info\/index.php\/wp-json\/wp\/v2\/posts"}],"about":[{"href":"https:\/\/folhapopular.info\/index.php\/wp-json\/wp\/v2\/types\/post"}],"author":[{"embeddable":true,"href":"https:\/\/folhapopular.info\/index.php\/wp-json\/wp\/v2\/users\/8"}],"replies":[{"embeddable":true,"href":"https:\/\/folhapopular.info\/index.php\/wp-json\/wp\/v2\/comments?post=211751"}],"version-history":[{"count":1,"href":"https:\/\/folhapopular.info\/index.php\/wp-json\/wp\/v2\/posts\/211751\/revisions"}],"predecessor-version":[{"id":211754,"href":"https:\/\/folhapopular.info\/index.php\/wp-json\/wp\/v2\/posts\/211751\/revisions\/211754"}],"wp:featuredmedia":[{"embeddable":true,"href":"https:\/\/folhapopular.info\/index.php\/wp-json\/wp\/v2\/media\/211753"}],"wp:attachment":[{"href":"https:\/\/folhapopular.info\/index.php\/wp-json\/wp\/v2\/media?parent=211751"}],"wp:term":[{"taxonomy":"category","embeddable":true,"href":"https:\/\/folhapopular.info\/index.php\/wp-json\/wp\/v2\/categories?post=211751"},{"taxonomy":"post_tag","embeddable":true,"href":"https:\/\/folhapopular.info\/index.php\/wp-json\/wp\/v2\/tags?post=211751"}],"curies":[{"name":"wp","href":"https:\/\/api.w.org\/{rel}","templated":true}]}}