{"id":211772,"date":"2026-04-28T21:57:56","date_gmt":"2026-04-29T00:57:56","guid":{"rendered":"https:\/\/folhapopular.info\/?p=211772"},"modified":"2026-04-28T21:57:59","modified_gmt":"2026-04-29T00:57:59","slug":"incendio-destroi-caminhao-no-bairro-bom-pastor-em-lajeado","status":"publish","type":"post","link":"https:\/\/folhapopular.info\/index.php\/2026\/04\/28\/incendio-destroi-caminhao-no-bairro-bom-pastor-em-lajeado\/","title":{"rendered":"Inc\u00eandio destr\u00f3i caminh\u00e3o no bairro Bom Pastor, em Lajeado"},"content":{"rendered":"\n<p>Um caminh\u00e3o foi destru\u00eddo por um inc\u00eandio na tarde desta ter\u00e7a-feira (28\/4), em Lajeado. O caso ocorreu por volta das 14h30, na Rua Carlos Henrique Schmidt, no bairro Bom Pastor, nas proximidades da BR-386.<\/p>\n\n\n\n<p>O Corpo de Bombeiros Militar foi acionado e, ao chegar ao local, encontrou o ve\u00edculo j\u00e1 tomado pelas chamas. O fogo foi controlado, mas o caminh\u00e3o teve perda total. Apesar da intensidade do inc\u00eandio, n\u00e3o houve danos significativos a uma empresa do ramo el\u00e9trico localizada ao lado.<\/p>\n\n\n\n<p>O motorista, Edemar Ant\u00f4nio Kunrath, de 52 anos, morador de Progresso, n\u00e3o se feriu. Segundo ele, o caminh\u00e3o apresentou problemas mec\u00e2nicos durante o trajeto e, ao parar no local, o fogo j\u00e1 havia iniciado.<\/p>\n\n\n\n<p>O ve\u00edculo, utilizado no transporte de serragem e casca de arroz, estava vazio no momento do incidente e pertence a uma transportadora de Marques de Souza.<\/p>\n\n\n\n<p>As causas do inc\u00eandio ser\u00e3o apuradas.<\/p>\n","protected":false},"excerpt":{"rendered":"<p>Um caminh\u00e3o foi destru\u00eddo por um inc\u00eandio na tarde desta ter\u00e7a-feira (28\/4), em Lajeado. O caso ocorreu por volta das 14h30, na Rua Carlos Henrique Schmidt, no bairro Bom Pastor, nas proximidades da BR-386. O Corpo de Bombeiros Militar foi acionado e, ao chegar ao local, encontrou o ve\u00edculo j\u00e1 tomado pelas chamas. O fogo [&hellip;]<\/p>\n","protected":false},"author":8,"featured_media":189601,"comment_status":"open","ping_status":"open","sticky":false,"template":"","format":"standard","meta":{"pmpro_default_level":"","_jetpack_memberships_contains_paid_content":false,"footnotes":""},"categories":[10984,7],"tags":[1987,42,27],"class_list":{"0":"post-211772","1":"post","2":"type-post","3":"status-publish","4":"format-standard","5":"has-post-thumbnail","7":"category-bombeiros","8":"category-seguranca","9":"tag-caminhao","10":"tag-incendio","11":"tag-lajeado","12":"pmpro-has-access"},"yoast_head":"<!-- This site is optimized with the Yoast SEO plugin v27.5 - https:\/\/yoast.com\/product\/yoast-seo-wordpress\/ -->\n<title>Inc\u00eandio destr\u00f3i caminh\u00e3o no bairro Bom Pastor, em Lajeado - Folha Popular<\/title>\n<meta name=\"robots\" content=\"index, follow, max-snippet:-1, max-image-preview:large, max-video-preview:-1\" \/>\n<link rel=\"canonical\" href=\"https:\/\/folhapopular.info\/index.php\/2026\/04\/28\/incendio-destroi-caminhao-no-bairro-bom-pastor-em-lajeado\/\" \/>\n<meta property=\"og:locale\" content=\"pt_BR\" \/>\n<meta property=\"og:type\" content=\"article\" \/>\n<meta property=\"og:title\" content=\"Inc\u00eandio destr\u00f3i caminh\u00e3o no bairro Bom Pastor, em Lajeado - Folha Popular\" \/>\n<meta property=\"og:description\" content=\"Um caminh\u00e3o foi destru\u00eddo por um inc\u00eandio na tarde desta ter\u00e7a-feira (28\/4), em Lajeado. O caso ocorreu por volta das 14h30, na Rua Carlos Henrique Schmidt, no bairro Bom Pastor, nas proximidades da BR-386. O Corpo de Bombeiros Militar foi acionado e, ao chegar ao local, encontrou o ve\u00edculo j\u00e1 tomado pelas chamas. O fogo [&hellip;]\" \/>\n<meta property=\"og:url\" content=\"https:\/\/folhapopular.info\/index.php\/2026\/04\/28\/incendio-destroi-caminhao-no-bairro-bom-pastor-em-lajeado\/\" \/>\n<meta property=\"og:site_name\" content=\"Folha Popular\" \/>\n<meta property=\"article:published_time\" content=\"2026-04-29T00:57:56+00:00\" \/>\n<meta property=\"article:modified_time\" content=\"2026-04-29T00:57:59+00:00\" \/>\n<meta property=\"og:image\" content=\"https:\/\/folhapopular.info\/wp-content\/uploads\/2025\/07\/folhapopular.info_.png\" \/>\n\t<meta property=\"og:image:width\" content=\"1920\" \/>\n\t<meta property=\"og:image:height\" content=\"1080\" \/>\n\t<meta property=\"og:image:type\" content=\"image\/png\" \/>\n<meta name=\"author\" content=\"Reda\u00e7\u00e3o Folha Popular\" \/>\n<meta name=\"twitter:card\" content=\"summary_large_image\" \/>\n<meta name=\"twitter:label1\" content=\"Escrito por\" \/>\n\t<meta name=\"twitter:data1\" content=\"Reda\u00e7\u00e3o Folha Popular\" \/>\n\t<meta name=\"twitter:label2\" content=\"Est. tempo de leitura\" \/>\n\t<meta name=\"twitter:data2\" content=\"2 minutos\" \/>\n<script type=\"application\/ld+json\" class=\"yoast-schema-graph\">{\"@context\":\"https:\\\/\\\/schema.org\",\"@graph\":[{\"@type\":\"Article\",\"@id\":\"https:\\\/\\\/folhapopular.info\\\/index.php\\\/2026\\\/04\\\/28\\\/incendio-destroi-caminhao-no-bairro-bom-pastor-em-lajeado\\\/#article\",\"isPartOf\":{\"@id\":\"https:\\\/\\\/folhapopular.info\\\/index.php\\\/2026\\\/04\\\/28\\\/incendio-destroi-caminhao-no-bairro-bom-pastor-em-lajeado\\\/\"},\"author\":{\"name\":\"Reda\u00e7\u00e3o Folha Popular\",\"@id\":\"https:\\\/\\\/folhapopular.info\\\/#\\\/schema\\\/person\\\/2814e8a0df7643585a9ca38bc6eb9d4b\"},\"headline\":\"Inc\u00eandio destr\u00f3i caminh\u00e3o no bairro Bom Pastor, em Lajeado\",\"datePublished\":\"2026-04-29T00:57:56+00:00\",\"dateModified\":\"2026-04-29T00:57:59+00:00\",\"mainEntityOfPage\":{\"@id\":\"https:\\\/\\\/folhapopular.info\\\/index.php\\\/2026\\\/04\\\/28\\\/incendio-destroi-caminhao-no-bairro-bom-pastor-em-lajeado\\\/\"},\"wordCount\":173,\"commentCount\":0,\"image\":{\"@id\":\"https:\\\/\\\/folhapopular.info\\\/index.php\\\/2026\\\/04\\\/28\\\/incendio-destroi-caminhao-no-bairro-bom-pastor-em-lajeado\\\/#primaryimage\"},\"thumbnailUrl\":\"https:\\\/\\\/folhapopular.info\\\/wp-content\\\/uploads\\\/2025\\\/07\\\/folhapopular.info_.png\",\"keywords\":[\"Caminh\u00e3o\",\"Inc\u00eandio\",\"Lajeado\"],\"articleSection\":[\"Bombeiros\",\"Seguran\u00e7a\"],\"inLanguage\":\"pt-BR\",\"potentialAction\":[{\"@type\":\"CommentAction\",\"name\":\"Comment\",\"target\":[\"https:\\\/\\\/folhapopular.info\\\/index.php\\\/2026\\\/04\\\/28\\\/incendio-destroi-caminhao-no-bairro-bom-pastor-em-lajeado\\\/#respond\"]}]},{\"@type\":\"WebPage\",\"@id\":\"https:\\\/\\\/folhapopular.info\\\/index.php\\\/2026\\\/04\\\/28\\\/incendio-destroi-caminhao-no-bairro-bom-pastor-em-lajeado\\\/\",\"url\":\"https:\\\/\\\/folhapopular.info\\\/index.php\\\/2026\\\/04\\\/28\\\/incendio-destroi-caminhao-no-bairro-bom-pastor-em-lajeado\\\/\",\"name\":\"Inc\u00eandio destr\u00f3i caminh\u00e3o no bairro Bom Pastor, em Lajeado - Folha Popular\",\"isPartOf\":{\"@id\":\"https:\\\/\\\/folhapopular.info\\\/#website\"},\"primaryImageOfPage\":{\"@id\":\"https:\\\/\\\/folhapopular.info\\\/index.php\\\/2026\\\/04\\\/28\\\/incendio-destroi-caminhao-no-bairro-bom-pastor-em-lajeado\\\/#primaryimage\"},\"image\":{\"@id\":\"https:\\\/\\\/folhapopular.info\\\/index.php\\\/2026\\\/04\\\/28\\\/incendio-destroi-caminhao-no-bairro-bom-pastor-em-lajeado\\\/#primaryimage\"},\"thumbnailUrl\":\"https:\\\/\\\/folhapopular.info\\\/wp-content\\\/uploads\\\/2025\\\/07\\\/folhapopular.info_.png\",\"datePublished\":\"2026-04-29T00:57:56+00:00\",\"dateModified\":\"2026-04-29T00:57:59+00:00\",\"author\":{\"@id\":\"https:\\\/\\\/folhapopular.info\\\/#\\\/schema\\\/person\\\/2814e8a0df7643585a9ca38bc6eb9d4b\"},\"breadcrumb\":{\"@id\":\"https:\\\/\\\/folhapopular.info\\\/index.php\\\/2026\\\/04\\\/28\\\/incendio-destroi-caminhao-no-bairro-bom-pastor-em-lajeado\\\/#breadcrumb\"},\"inLanguage\":\"pt-BR\",\"potentialAction\":[{\"@type\":\"ReadAction\",\"target\":[\"https:\\\/\\\/folhapopular.info\\\/index.php\\\/2026\\\/04\\\/28\\\/incendio-destroi-caminhao-no-bairro-bom-pastor-em-lajeado\\\/\"]}]},{\"@type\":\"ImageObject\",\"inLanguage\":\"pt-BR\",\"@id\":\"https:\\\/\\\/folhapopular.info\\\/index.php\\\/2026\\\/04\\\/28\\\/incendio-destroi-caminhao-no-bairro-bom-pastor-em-lajeado\\\/#primaryimage\",\"url\":\"https:\\\/\\\/folhapopular.info\\\/wp-content\\\/uploads\\\/2025\\\/07\\\/folhapopular.info_.png\",\"contentUrl\":\"https:\\\/\\\/folhapopular.info\\\/wp-content\\\/uploads\\\/2025\\\/07\\\/folhapopular.info_.png\",\"width\":1920,\"height\":1080},{\"@type\":\"BreadcrumbList\",\"@id\":\"https:\\\/\\\/folhapopular.info\\\/index.php\\\/2026\\\/04\\\/28\\\/incendio-destroi-caminhao-no-bairro-bom-pastor-em-lajeado\\\/#breadcrumb\",\"itemListElement\":[{\"@type\":\"ListItem\",\"position\":1,\"name\":\"In\u00edcio\",\"item\":\"https:\\\/\\\/folhapopular.info\\\/\"},{\"@type\":\"ListItem\",\"position\":2,\"name\":\"Inc\u00eandio destr\u00f3i caminh\u00e3o no bairro Bom Pastor, em Lajeado\"}]},{\"@type\":\"WebSite\",\"@id\":\"https:\\\/\\\/folhapopular.info\\\/#website\",\"url\":\"https:\\\/\\\/folhapopular.info\\\/\",\"name\":\"Folha Popular\",\"description\":\"Onde voc\u00ea tem vez e voz\",\"potentialAction\":[{\"@type\":\"SearchAction\",\"target\":{\"@type\":\"EntryPoint\",\"urlTemplate\":\"https:\\\/\\\/folhapopular.info\\\/?s={search_term_string}\"},\"query-input\":{\"@type\":\"PropertyValueSpecification\",\"valueRequired\":true,\"valueName\":\"search_term_string\"}}],\"inLanguage\":\"pt-BR\"},{\"@type\":\"Person\",\"@id\":\"https:\\\/\\\/folhapopular.info\\\/#\\\/schema\\\/person\\\/2814e8a0df7643585a9ca38bc6eb9d4b\",\"name\":\"Reda\u00e7\u00e3o Folha Popular\",\"image\":{\"@type\":\"ImageObject\",\"inLanguage\":\"pt-BR\",\"@id\":\"https:\\\/\\\/folhapopular.info\\\/wp-content\\\/uploads\\\/2026\\\/04\\\/Folha-1.webp\",\"url\":\"https:\\\/\\\/folhapopular.info\\\/wp-content\\\/uploads\\\/2026\\\/04\\\/Folha-1.webp\",\"contentUrl\":\"https:\\\/\\\/folhapopular.info\\\/wp-content\\\/uploads\\\/2026\\\/04\\\/Folha-1.webp\",\"caption\":\"Reda\u00e7\u00e3o Folha Popular\"},\"url\":\"https:\\\/\\\/folhapopular.info\\\/index.php\\\/author\\\/redacao\\\/\"}]}<\/script>\n<!-- \/ Yoast SEO plugin. -->","yoast_head_json":{"title":"Inc\u00eandio destr\u00f3i caminh\u00e3o no bairro Bom Pastor, em Lajeado - Folha Popular","robots":{"index":"index","follow":"follow","max-snippet":"max-snippet:-1","max-image-preview":"max-image-preview:large","max-video-preview":"max-video-preview:-1"},"canonical":"https:\/\/folhapopular.info\/index.php\/2026\/04\/28\/incendio-destroi-caminhao-no-bairro-bom-pastor-em-lajeado\/","og_locale":"pt_BR","og_type":"article","og_title":"Inc\u00eandio destr\u00f3i caminh\u00e3o no bairro Bom Pastor, em Lajeado - Folha Popular","og_description":"Um caminh\u00e3o foi destru\u00eddo por um inc\u00eandio na tarde desta ter\u00e7a-feira (28\/4), em Lajeado. O caso ocorreu por volta das 14h30, na Rua Carlos Henrique Schmidt, no bairro Bom Pastor, nas proximidades da BR-386. O Corpo de Bombeiros Militar foi acionado e, ao chegar ao local, encontrou o ve\u00edculo j\u00e1 tomado pelas chamas. O fogo [&hellip;]","og_url":"https:\/\/folhapopular.info\/index.php\/2026\/04\/28\/incendio-destroi-caminhao-no-bairro-bom-pastor-em-lajeado\/","og_site_name":"Folha Popular","article_published_time":"2026-04-29T00:57:56+00:00","article_modified_time":"2026-04-29T00:57:59+00:00","og_image":[{"width":1920,"height":1080,"url":"https:\/\/folhapopular.info\/wp-content\/uploads\/2025\/07\/folhapopular.info_.png","type":"image\/png"}],"author":"Reda\u00e7\u00e3o Folha Popular","twitter_card":"summary_large_image","twitter_misc":{"Escrito por":"Reda\u00e7\u00e3o Folha Popular","Est. tempo de leitura":"2 minutos"},"schema":{"@context":"https:\/\/schema.org","@graph":[{"@type":"Article","@id":"https:\/\/folhapopular.info\/index.php\/2026\/04\/28\/incendio-destroi-caminhao-no-bairro-bom-pastor-em-lajeado\/#article","isPartOf":{"@id":"https:\/\/folhapopular.info\/index.php\/2026\/04\/28\/incendio-destroi-caminhao-no-bairro-bom-pastor-em-lajeado\/"},"author":{"name":"Reda\u00e7\u00e3o Folha Popular","@id":"https:\/\/folhapopular.info\/#\/schema\/person\/2814e8a0df7643585a9ca38bc6eb9d4b"},"headline":"Inc\u00eandio destr\u00f3i caminh\u00e3o no bairro Bom Pastor, em Lajeado","datePublished":"2026-04-29T00:57:56+00:00","dateModified":"2026-04-29T00:57:59+00:00","mainEntityOfPage":{"@id":"https:\/\/folhapopular.info\/index.php\/2026\/04\/28\/incendio-destroi-caminhao-no-bairro-bom-pastor-em-lajeado\/"},"wordCount":173,"commentCount":0,"image":{"@id":"https:\/\/folhapopular.info\/index.php\/2026\/04\/28\/incendio-destroi-caminhao-no-bairro-bom-pastor-em-lajeado\/#primaryimage"},"thumbnailUrl":"https:\/\/folhapopular.info\/wp-content\/uploads\/2025\/07\/folhapopular.info_.png","keywords":["Caminh\u00e3o","Inc\u00eandio","Lajeado"],"articleSection":["Bombeiros","Seguran\u00e7a"],"inLanguage":"pt-BR","potentialAction":[{"@type":"CommentAction","name":"Comment","target":["https:\/\/folhapopular.info\/index.php\/2026\/04\/28\/incendio-destroi-caminhao-no-bairro-bom-pastor-em-lajeado\/#respond"]}]},{"@type":"WebPage","@id":"https:\/\/folhapopular.info\/index.php\/2026\/04\/28\/incendio-destroi-caminhao-no-bairro-bom-pastor-em-lajeado\/","url":"https:\/\/folhapopular.info\/index.php\/2026\/04\/28\/incendio-destroi-caminhao-no-bairro-bom-pastor-em-lajeado\/","name":"Inc\u00eandio destr\u00f3i caminh\u00e3o no bairro Bom Pastor, em Lajeado - Folha Popular","isPartOf":{"@id":"https:\/\/folhapopular.info\/#website"},"primaryImageOfPage":{"@id":"https:\/\/folhapopular.info\/index.php\/2026\/04\/28\/incendio-destroi-caminhao-no-bairro-bom-pastor-em-lajeado\/#primaryimage"},"image":{"@id":"https:\/\/folhapopular.info\/index.php\/2026\/04\/28\/incendio-destroi-caminhao-no-bairro-bom-pastor-em-lajeado\/#primaryimage"},"thumbnailUrl":"https:\/\/folhapopular.info\/wp-content\/uploads\/2025\/07\/folhapopular.info_.png","datePublished":"2026-04-29T00:57:56+00:00","dateModified":"2026-04-29T00:57:59+00:00","author":{"@id":"https:\/\/folhapopular.info\/#\/schema\/person\/2814e8a0df7643585a9ca38bc6eb9d4b"},"breadcrumb":{"@id":"https:\/\/folhapopular.info\/index.php\/2026\/04\/28\/incendio-destroi-caminhao-no-bairro-bom-pastor-em-lajeado\/#breadcrumb"},"inLanguage":"pt-BR","potentialAction":[{"@type":"ReadAction","target":["https:\/\/folhapopular.info\/index.php\/2026\/04\/28\/incendio-destroi-caminhao-no-bairro-bom-pastor-em-lajeado\/"]}]},{"@type":"ImageObject","inLanguage":"pt-BR","@id":"https:\/\/folhapopular.info\/index.php\/2026\/04\/28\/incendio-destroi-caminhao-no-bairro-bom-pastor-em-lajeado\/#primaryimage","url":"https:\/\/folhapopular.info\/wp-content\/uploads\/2025\/07\/folhapopular.info_.png","contentUrl":"https:\/\/folhapopular.info\/wp-content\/uploads\/2025\/07\/folhapopular.info_.png","width":1920,"height":1080},{"@type":"BreadcrumbList","@id":"https:\/\/folhapopular.info\/index.php\/2026\/04\/28\/incendio-destroi-caminhao-no-bairro-bom-pastor-em-lajeado\/#breadcrumb","itemListElement":[{"@type":"ListItem","position":1,"name":"In\u00edcio","item":"https:\/\/folhapopular.info\/"},{"@type":"ListItem","position":2,"name":"Inc\u00eandio destr\u00f3i caminh\u00e3o no bairro Bom Pastor, em Lajeado"}]},{"@type":"WebSite","@id":"https:\/\/folhapopular.info\/#website","url":"https:\/\/folhapopular.info\/","name":"Folha Popular","description":"Onde voc\u00ea tem vez e voz","potentialAction":[{"@type":"SearchAction","target":{"@type":"EntryPoint","urlTemplate":"https:\/\/folhapopular.info\/?s={search_term_string}"},"query-input":{"@type":"PropertyValueSpecification","valueRequired":true,"valueName":"search_term_string"}}],"inLanguage":"pt-BR"},{"@type":"Person","@id":"https:\/\/folhapopular.info\/#\/schema\/person\/2814e8a0df7643585a9ca38bc6eb9d4b","name":"Reda\u00e7\u00e3o Folha Popular","image":{"@type":"ImageObject","inLanguage":"pt-BR","@id":"https:\/\/folhapopular.info\/wp-content\/uploads\/2026\/04\/Folha-1.webp","url":"https:\/\/folhapopular.info\/wp-content\/uploads\/2026\/04\/Folha-1.webp","contentUrl":"https:\/\/folhapopular.info\/wp-content\/uploads\/2026\/04\/Folha-1.webp","caption":"Reda\u00e7\u00e3o Folha Popular"},"url":"https:\/\/folhapopular.info\/index.php\/author\/redacao\/"}]}},"jetpack_featured_media_url":"https:\/\/folhapopular.info\/wp-content\/uploads\/2025\/07\/folhapopular.info_.png","jetpack_sharing_enabled":true,"amp_enabled":true,"_links":{"self":[{"href":"https:\/\/folhapopular.info\/index.php\/wp-json\/wp\/v2\/posts\/211772","targetHints":{"allow":["GET"]}}],"collection":[{"href":"https:\/\/folhapopular.info\/index.php\/wp-json\/wp\/v2\/posts"}],"about":[{"href":"https:\/\/folhapopular.info\/index.php\/wp-json\/wp\/v2\/types\/post"}],"author":[{"embeddable":true,"href":"https:\/\/folhapopular.info\/index.php\/wp-json\/wp\/v2\/users\/8"}],"replies":[{"embeddable":true,"href":"https:\/\/folhapopular.info\/index.php\/wp-json\/wp\/v2\/comments?post=211772"}],"version-history":[{"count":1,"href":"https:\/\/folhapopular.info\/index.php\/wp-json\/wp\/v2\/posts\/211772\/revisions"}],"predecessor-version":[{"id":211773,"href":"https:\/\/folhapopular.info\/index.php\/wp-json\/wp\/v2\/posts\/211772\/revisions\/211773"}],"wp:featuredmedia":[{"embeddable":true,"href":"https:\/\/folhapopular.info\/index.php\/wp-json\/wp\/v2\/media\/189601"}],"wp:attachment":[{"href":"https:\/\/folhapopular.info\/index.php\/wp-json\/wp\/v2\/media?parent=211772"}],"wp:term":[{"taxonomy":"category","embeddable":true,"href":"https:\/\/folhapopular.info\/index.php\/wp-json\/wp\/v2\/categories?post=211772"},{"taxonomy":"post_tag","embeddable":true,"href":"https:\/\/folhapopular.info\/index.php\/wp-json\/wp\/v2\/tags?post=211772"}],"curies":[{"name":"wp","href":"https:\/\/api.w.org\/{rel}","templated":true}]}}