{"id":211774,"date":"2026-04-28T21:59:40","date_gmt":"2026-04-29T00:59:40","guid":{"rendered":"https:\/\/folhapopular.info\/?p=211774"},"modified":"2026-04-28T21:59:42","modified_gmt":"2026-04-29T00:59:42","slug":"agricultor-morre-apos-acidente-com-trator-no-interior-de-colinas","status":"publish","type":"post","link":"https:\/\/folhapopular.info\/index.php\/2026\/04\/28\/agricultor-morre-apos-acidente-com-trator-no-interior-de-colinas\/","title":{"rendered":"Agricultor morre ap\u00f3s acidente com trator no interior de Colinas"},"content":{"rendered":"\n<p>Um agricultor morreu na tarde desta ter\u00e7a-feira (28\/4) ap\u00f3s um acidente com trator no interior de Colinas.<\/p>\n\n\n\n<p>A v\u00edtima foi identificada como Eweraldo Jos\u00e9 Egewarth, de 58 anos, morador do munic\u00edpio.<\/p>\n\n\n\n<p>De acordo com os bombeiros volunt\u00e1rios, a guarni\u00e7\u00e3o foi acionada, mas ao chegar ao local a equipe de sa\u00fade, acompanhada de m\u00e9dico, j\u00e1 havia constatado o \u00f3bito.<\/p>\n\n\n\n<p>Conforme relatos, o homem trabalhava na propriedade quando o trator tombou em uma valeta, deixando a v\u00edtima prensada sob o ve\u00edculo.<\/p>\n\n\n\n<p>A Brigada Militar e a Pol\u00edcia Civil tamb\u00e9m atenderam a ocorr\u00eancia.<\/p>\n","protected":false},"excerpt":{"rendered":"<p>Um agricultor morreu na tarde desta ter\u00e7a-feira (28\/4) ap\u00f3s um acidente com trator no interior de Colinas. A v\u00edtima foi identificada como Eweraldo Jos\u00e9 Egewarth, de 58 anos, morador do munic\u00edpio. De acordo com os bombeiros volunt\u00e1rios, a guarni\u00e7\u00e3o foi acionada, mas ao chegar ao local a equipe de sa\u00fade, acompanhada de m\u00e9dico, j\u00e1 havia [&hellip;]<\/p>\n","protected":false},"author":8,"featured_media":189601,"comment_status":"open","ping_status":"open","sticky":false,"template":"","format":"standard","meta":{"pmpro_default_level":"","_jetpack_memberships_contains_paid_content":false,"footnotes":""},"categories":[10984,7],"tags":[195,8359,183,629],"class_list":{"0":"post-211774","1":"post","2":"type-post","3":"status-publish","4":"format-standard","5":"has-post-thumbnail","7":"category-bombeiros","8":"category-seguranca","9":"tag-acidente","10":"tag-agricultor","11":"tag-colinas","12":"tag-morte","13":"pmpro-has-access"},"yoast_head":"<!-- This site is optimized with the Yoast SEO plugin v27.5 - https:\/\/yoast.com\/product\/yoast-seo-wordpress\/ -->\n<title>Agricultor morre ap\u00f3s acidente com trator no interior de Colinas - Folha Popular<\/title>\n<meta name=\"robots\" content=\"index, follow, max-snippet:-1, max-image-preview:large, max-video-preview:-1\" \/>\n<link rel=\"canonical\" href=\"https:\/\/folhapopular.info\/index.php\/2026\/04\/28\/agricultor-morre-apos-acidente-com-trator-no-interior-de-colinas\/\" \/>\n<meta property=\"og:locale\" content=\"pt_BR\" \/>\n<meta property=\"og:type\" content=\"article\" \/>\n<meta property=\"og:title\" content=\"Agricultor morre ap\u00f3s acidente com trator no interior de Colinas - Folha Popular\" \/>\n<meta property=\"og:description\" content=\"Um agricultor morreu na tarde desta ter\u00e7a-feira (28\/4) ap\u00f3s um acidente com trator no interior de Colinas. A v\u00edtima foi identificada como Eweraldo Jos\u00e9 Egewarth, de 58 anos, morador do munic\u00edpio. De acordo com os bombeiros volunt\u00e1rios, a guarni\u00e7\u00e3o foi acionada, mas ao chegar ao local a equipe de sa\u00fade, acompanhada de m\u00e9dico, j\u00e1 havia [&hellip;]\" \/>\n<meta property=\"og:url\" content=\"https:\/\/folhapopular.info\/index.php\/2026\/04\/28\/agricultor-morre-apos-acidente-com-trator-no-interior-de-colinas\/\" \/>\n<meta property=\"og:site_name\" content=\"Folha Popular\" \/>\n<meta property=\"article:published_time\" content=\"2026-04-29T00:59:40+00:00\" \/>\n<meta property=\"article:modified_time\" content=\"2026-04-29T00:59:42+00:00\" \/>\n<meta property=\"og:image\" content=\"https:\/\/folhapopular.info\/wp-content\/uploads\/2025\/07\/folhapopular.info_.png\" \/>\n\t<meta property=\"og:image:width\" content=\"1920\" \/>\n\t<meta property=\"og:image:height\" content=\"1080\" \/>\n\t<meta property=\"og:image:type\" content=\"image\/png\" \/>\n<meta name=\"author\" content=\"Reda\u00e7\u00e3o Folha Popular\" \/>\n<meta name=\"twitter:card\" content=\"summary_large_image\" \/>\n<meta name=\"twitter:label1\" content=\"Escrito por\" \/>\n\t<meta name=\"twitter:data1\" content=\"Reda\u00e7\u00e3o Folha Popular\" \/>\n\t<meta name=\"twitter:label2\" content=\"Est. tempo de leitura\" \/>\n\t<meta name=\"twitter:data2\" content=\"1 minuto\" \/>\n<script type=\"application\/ld+json\" class=\"yoast-schema-graph\">{\"@context\":\"https:\\\/\\\/schema.org\",\"@graph\":[{\"@type\":\"Article\",\"@id\":\"https:\\\/\\\/folhapopular.info\\\/index.php\\\/2026\\\/04\\\/28\\\/agricultor-morre-apos-acidente-com-trator-no-interior-de-colinas\\\/#article\",\"isPartOf\":{\"@id\":\"https:\\\/\\\/folhapopular.info\\\/index.php\\\/2026\\\/04\\\/28\\\/agricultor-morre-apos-acidente-com-trator-no-interior-de-colinas\\\/\"},\"author\":{\"name\":\"Reda\u00e7\u00e3o Folha Popular\",\"@id\":\"https:\\\/\\\/folhapopular.info\\\/#\\\/schema\\\/person\\\/2814e8a0df7643585a9ca38bc6eb9d4b\"},\"headline\":\"Agricultor morre ap\u00f3s acidente com trator no interior de Colinas\",\"datePublished\":\"2026-04-29T00:59:40+00:00\",\"dateModified\":\"2026-04-29T00:59:42+00:00\",\"mainEntityOfPage\":{\"@id\":\"https:\\\/\\\/folhapopular.info\\\/index.php\\\/2026\\\/04\\\/28\\\/agricultor-morre-apos-acidente-com-trator-no-interior-de-colinas\\\/\"},\"wordCount\":112,\"commentCount\":0,\"image\":{\"@id\":\"https:\\\/\\\/folhapopular.info\\\/index.php\\\/2026\\\/04\\\/28\\\/agricultor-morre-apos-acidente-com-trator-no-interior-de-colinas\\\/#primaryimage\"},\"thumbnailUrl\":\"https:\\\/\\\/folhapopular.info\\\/wp-content\\\/uploads\\\/2025\\\/07\\\/folhapopular.info_.png\",\"keywords\":[\"Acidente\",\"Agricultor\",\"Colinas\",\"morte\"],\"articleSection\":[\"Bombeiros\",\"Seguran\u00e7a\"],\"inLanguage\":\"pt-BR\",\"potentialAction\":[{\"@type\":\"CommentAction\",\"name\":\"Comment\",\"target\":[\"https:\\\/\\\/folhapopular.info\\\/index.php\\\/2026\\\/04\\\/28\\\/agricultor-morre-apos-acidente-com-trator-no-interior-de-colinas\\\/#respond\"]}]},{\"@type\":\"WebPage\",\"@id\":\"https:\\\/\\\/folhapopular.info\\\/index.php\\\/2026\\\/04\\\/28\\\/agricultor-morre-apos-acidente-com-trator-no-interior-de-colinas\\\/\",\"url\":\"https:\\\/\\\/folhapopular.info\\\/index.php\\\/2026\\\/04\\\/28\\\/agricultor-morre-apos-acidente-com-trator-no-interior-de-colinas\\\/\",\"name\":\"Agricultor morre ap\u00f3s acidente com trator no interior de Colinas - Folha Popular\",\"isPartOf\":{\"@id\":\"https:\\\/\\\/folhapopular.info\\\/#website\"},\"primaryImageOfPage\":{\"@id\":\"https:\\\/\\\/folhapopular.info\\\/index.php\\\/2026\\\/04\\\/28\\\/agricultor-morre-apos-acidente-com-trator-no-interior-de-colinas\\\/#primaryimage\"},\"image\":{\"@id\":\"https:\\\/\\\/folhapopular.info\\\/index.php\\\/2026\\\/04\\\/28\\\/agricultor-morre-apos-acidente-com-trator-no-interior-de-colinas\\\/#primaryimage\"},\"thumbnailUrl\":\"https:\\\/\\\/folhapopular.info\\\/wp-content\\\/uploads\\\/2025\\\/07\\\/folhapopular.info_.png\",\"datePublished\":\"2026-04-29T00:59:40+00:00\",\"dateModified\":\"2026-04-29T00:59:42+00:00\",\"author\":{\"@id\":\"https:\\\/\\\/folhapopular.info\\\/#\\\/schema\\\/person\\\/2814e8a0df7643585a9ca38bc6eb9d4b\"},\"breadcrumb\":{\"@id\":\"https:\\\/\\\/folhapopular.info\\\/index.php\\\/2026\\\/04\\\/28\\\/agricultor-morre-apos-acidente-com-trator-no-interior-de-colinas\\\/#breadcrumb\"},\"inLanguage\":\"pt-BR\",\"potentialAction\":[{\"@type\":\"ReadAction\",\"target\":[\"https:\\\/\\\/folhapopular.info\\\/index.php\\\/2026\\\/04\\\/28\\\/agricultor-morre-apos-acidente-com-trator-no-interior-de-colinas\\\/\"]}]},{\"@type\":\"ImageObject\",\"inLanguage\":\"pt-BR\",\"@id\":\"https:\\\/\\\/folhapopular.info\\\/index.php\\\/2026\\\/04\\\/28\\\/agricultor-morre-apos-acidente-com-trator-no-interior-de-colinas\\\/#primaryimage\",\"url\":\"https:\\\/\\\/folhapopular.info\\\/wp-content\\\/uploads\\\/2025\\\/07\\\/folhapopular.info_.png\",\"contentUrl\":\"https:\\\/\\\/folhapopular.info\\\/wp-content\\\/uploads\\\/2025\\\/07\\\/folhapopular.info_.png\",\"width\":1920,\"height\":1080},{\"@type\":\"BreadcrumbList\",\"@id\":\"https:\\\/\\\/folhapopular.info\\\/index.php\\\/2026\\\/04\\\/28\\\/agricultor-morre-apos-acidente-com-trator-no-interior-de-colinas\\\/#breadcrumb\",\"itemListElement\":[{\"@type\":\"ListItem\",\"position\":1,\"name\":\"In\u00edcio\",\"item\":\"https:\\\/\\\/folhapopular.info\\\/\"},{\"@type\":\"ListItem\",\"position\":2,\"name\":\"Agricultor morre ap\u00f3s acidente com trator no interior de Colinas\"}]},{\"@type\":\"WebSite\",\"@id\":\"https:\\\/\\\/folhapopular.info\\\/#website\",\"url\":\"https:\\\/\\\/folhapopular.info\\\/\",\"name\":\"Folha Popular\",\"description\":\"Onde voc\u00ea tem vez e voz\",\"potentialAction\":[{\"@type\":\"SearchAction\",\"target\":{\"@type\":\"EntryPoint\",\"urlTemplate\":\"https:\\\/\\\/folhapopular.info\\\/?s={search_term_string}\"},\"query-input\":{\"@type\":\"PropertyValueSpecification\",\"valueRequired\":true,\"valueName\":\"search_term_string\"}}],\"inLanguage\":\"pt-BR\"},{\"@type\":\"Person\",\"@id\":\"https:\\\/\\\/folhapopular.info\\\/#\\\/schema\\\/person\\\/2814e8a0df7643585a9ca38bc6eb9d4b\",\"name\":\"Reda\u00e7\u00e3o Folha Popular\",\"image\":{\"@type\":\"ImageObject\",\"inLanguage\":\"pt-BR\",\"@id\":\"https:\\\/\\\/folhapopular.info\\\/wp-content\\\/uploads\\\/2026\\\/04\\\/Folha-1.webp\",\"url\":\"https:\\\/\\\/folhapopular.info\\\/wp-content\\\/uploads\\\/2026\\\/04\\\/Folha-1.webp\",\"contentUrl\":\"https:\\\/\\\/folhapopular.info\\\/wp-content\\\/uploads\\\/2026\\\/04\\\/Folha-1.webp\",\"caption\":\"Reda\u00e7\u00e3o Folha Popular\"},\"url\":\"https:\\\/\\\/folhapopular.info\\\/index.php\\\/author\\\/redacao\\\/\"}]}<\/script>\n<!-- \/ Yoast SEO plugin. -->","yoast_head_json":{"title":"Agricultor morre ap\u00f3s acidente com trator no interior de Colinas - Folha Popular","robots":{"index":"index","follow":"follow","max-snippet":"max-snippet:-1","max-image-preview":"max-image-preview:large","max-video-preview":"max-video-preview:-1"},"canonical":"https:\/\/folhapopular.info\/index.php\/2026\/04\/28\/agricultor-morre-apos-acidente-com-trator-no-interior-de-colinas\/","og_locale":"pt_BR","og_type":"article","og_title":"Agricultor morre ap\u00f3s acidente com trator no interior de Colinas - Folha Popular","og_description":"Um agricultor morreu na tarde desta ter\u00e7a-feira (28\/4) ap\u00f3s um acidente com trator no interior de Colinas. A v\u00edtima foi identificada como Eweraldo Jos\u00e9 Egewarth, de 58 anos, morador do munic\u00edpio. De acordo com os bombeiros volunt\u00e1rios, a guarni\u00e7\u00e3o foi acionada, mas ao chegar ao local a equipe de sa\u00fade, acompanhada de m\u00e9dico, j\u00e1 havia [&hellip;]","og_url":"https:\/\/folhapopular.info\/index.php\/2026\/04\/28\/agricultor-morre-apos-acidente-com-trator-no-interior-de-colinas\/","og_site_name":"Folha Popular","article_published_time":"2026-04-29T00:59:40+00:00","article_modified_time":"2026-04-29T00:59:42+00:00","og_image":[{"width":1920,"height":1080,"url":"https:\/\/folhapopular.info\/wp-content\/uploads\/2025\/07\/folhapopular.info_.png","type":"image\/png"}],"author":"Reda\u00e7\u00e3o Folha Popular","twitter_card":"summary_large_image","twitter_misc":{"Escrito por":"Reda\u00e7\u00e3o Folha Popular","Est. tempo de leitura":"1 minuto"},"schema":{"@context":"https:\/\/schema.org","@graph":[{"@type":"Article","@id":"https:\/\/folhapopular.info\/index.php\/2026\/04\/28\/agricultor-morre-apos-acidente-com-trator-no-interior-de-colinas\/#article","isPartOf":{"@id":"https:\/\/folhapopular.info\/index.php\/2026\/04\/28\/agricultor-morre-apos-acidente-com-trator-no-interior-de-colinas\/"},"author":{"name":"Reda\u00e7\u00e3o Folha Popular","@id":"https:\/\/folhapopular.info\/#\/schema\/person\/2814e8a0df7643585a9ca38bc6eb9d4b"},"headline":"Agricultor morre ap\u00f3s acidente com trator no interior de Colinas","datePublished":"2026-04-29T00:59:40+00:00","dateModified":"2026-04-29T00:59:42+00:00","mainEntityOfPage":{"@id":"https:\/\/folhapopular.info\/index.php\/2026\/04\/28\/agricultor-morre-apos-acidente-com-trator-no-interior-de-colinas\/"},"wordCount":112,"commentCount":0,"image":{"@id":"https:\/\/folhapopular.info\/index.php\/2026\/04\/28\/agricultor-morre-apos-acidente-com-trator-no-interior-de-colinas\/#primaryimage"},"thumbnailUrl":"https:\/\/folhapopular.info\/wp-content\/uploads\/2025\/07\/folhapopular.info_.png","keywords":["Acidente","Agricultor","Colinas","morte"],"articleSection":["Bombeiros","Seguran\u00e7a"],"inLanguage":"pt-BR","potentialAction":[{"@type":"CommentAction","name":"Comment","target":["https:\/\/folhapopular.info\/index.php\/2026\/04\/28\/agricultor-morre-apos-acidente-com-trator-no-interior-de-colinas\/#respond"]}]},{"@type":"WebPage","@id":"https:\/\/folhapopular.info\/index.php\/2026\/04\/28\/agricultor-morre-apos-acidente-com-trator-no-interior-de-colinas\/","url":"https:\/\/folhapopular.info\/index.php\/2026\/04\/28\/agricultor-morre-apos-acidente-com-trator-no-interior-de-colinas\/","name":"Agricultor morre ap\u00f3s acidente com trator no interior de Colinas - Folha Popular","isPartOf":{"@id":"https:\/\/folhapopular.info\/#website"},"primaryImageOfPage":{"@id":"https:\/\/folhapopular.info\/index.php\/2026\/04\/28\/agricultor-morre-apos-acidente-com-trator-no-interior-de-colinas\/#primaryimage"},"image":{"@id":"https:\/\/folhapopular.info\/index.php\/2026\/04\/28\/agricultor-morre-apos-acidente-com-trator-no-interior-de-colinas\/#primaryimage"},"thumbnailUrl":"https:\/\/folhapopular.info\/wp-content\/uploads\/2025\/07\/folhapopular.info_.png","datePublished":"2026-04-29T00:59:40+00:00","dateModified":"2026-04-29T00:59:42+00:00","author":{"@id":"https:\/\/folhapopular.info\/#\/schema\/person\/2814e8a0df7643585a9ca38bc6eb9d4b"},"breadcrumb":{"@id":"https:\/\/folhapopular.info\/index.php\/2026\/04\/28\/agricultor-morre-apos-acidente-com-trator-no-interior-de-colinas\/#breadcrumb"},"inLanguage":"pt-BR","potentialAction":[{"@type":"ReadAction","target":["https:\/\/folhapopular.info\/index.php\/2026\/04\/28\/agricultor-morre-apos-acidente-com-trator-no-interior-de-colinas\/"]}]},{"@type":"ImageObject","inLanguage":"pt-BR","@id":"https:\/\/folhapopular.info\/index.php\/2026\/04\/28\/agricultor-morre-apos-acidente-com-trator-no-interior-de-colinas\/#primaryimage","url":"https:\/\/folhapopular.info\/wp-content\/uploads\/2025\/07\/folhapopular.info_.png","contentUrl":"https:\/\/folhapopular.info\/wp-content\/uploads\/2025\/07\/folhapopular.info_.png","width":1920,"height":1080},{"@type":"BreadcrumbList","@id":"https:\/\/folhapopular.info\/index.php\/2026\/04\/28\/agricultor-morre-apos-acidente-com-trator-no-interior-de-colinas\/#breadcrumb","itemListElement":[{"@type":"ListItem","position":1,"name":"In\u00edcio","item":"https:\/\/folhapopular.info\/"},{"@type":"ListItem","position":2,"name":"Agricultor morre ap\u00f3s acidente com trator no interior de Colinas"}]},{"@type":"WebSite","@id":"https:\/\/folhapopular.info\/#website","url":"https:\/\/folhapopular.info\/","name":"Folha Popular","description":"Onde voc\u00ea tem vez e voz","potentialAction":[{"@type":"SearchAction","target":{"@type":"EntryPoint","urlTemplate":"https:\/\/folhapopular.info\/?s={search_term_string}"},"query-input":{"@type":"PropertyValueSpecification","valueRequired":true,"valueName":"search_term_string"}}],"inLanguage":"pt-BR"},{"@type":"Person","@id":"https:\/\/folhapopular.info\/#\/schema\/person\/2814e8a0df7643585a9ca38bc6eb9d4b","name":"Reda\u00e7\u00e3o Folha Popular","image":{"@type":"ImageObject","inLanguage":"pt-BR","@id":"https:\/\/folhapopular.info\/wp-content\/uploads\/2026\/04\/Folha-1.webp","url":"https:\/\/folhapopular.info\/wp-content\/uploads\/2026\/04\/Folha-1.webp","contentUrl":"https:\/\/folhapopular.info\/wp-content\/uploads\/2026\/04\/Folha-1.webp","caption":"Reda\u00e7\u00e3o Folha Popular"},"url":"https:\/\/folhapopular.info\/index.php\/author\/redacao\/"}]}},"jetpack_featured_media_url":"https:\/\/folhapopular.info\/wp-content\/uploads\/2025\/07\/folhapopular.info_.png","jetpack_sharing_enabled":true,"amp_enabled":true,"_links":{"self":[{"href":"https:\/\/folhapopular.info\/index.php\/wp-json\/wp\/v2\/posts\/211774","targetHints":{"allow":["GET"]}}],"collection":[{"href":"https:\/\/folhapopular.info\/index.php\/wp-json\/wp\/v2\/posts"}],"about":[{"href":"https:\/\/folhapopular.info\/index.php\/wp-json\/wp\/v2\/types\/post"}],"author":[{"embeddable":true,"href":"https:\/\/folhapopular.info\/index.php\/wp-json\/wp\/v2\/users\/8"}],"replies":[{"embeddable":true,"href":"https:\/\/folhapopular.info\/index.php\/wp-json\/wp\/v2\/comments?post=211774"}],"version-history":[{"count":1,"href":"https:\/\/folhapopular.info\/index.php\/wp-json\/wp\/v2\/posts\/211774\/revisions"}],"predecessor-version":[{"id":211775,"href":"https:\/\/folhapopular.info\/index.php\/wp-json\/wp\/v2\/posts\/211774\/revisions\/211775"}],"wp:featuredmedia":[{"embeddable":true,"href":"https:\/\/folhapopular.info\/index.php\/wp-json\/wp\/v2\/media\/189601"}],"wp:attachment":[{"href":"https:\/\/folhapopular.info\/index.php\/wp-json\/wp\/v2\/media?parent=211774"}],"wp:term":[{"taxonomy":"category","embeddable":true,"href":"https:\/\/folhapopular.info\/index.php\/wp-json\/wp\/v2\/categories?post=211774"},{"taxonomy":"post_tag","embeddable":true,"href":"https:\/\/folhapopular.info\/index.php\/wp-json\/wp\/v2\/tags?post=211774"}],"curies":[{"name":"wp","href":"https:\/\/api.w.org\/{rel}","templated":true}]}}