{"id":211784,"date":"2026-04-29T08:00:00","date_gmt":"2026-04-29T11:00:00","guid":{"rendered":"https:\/\/folhapopular.info\/?p=211784"},"modified":"2026-04-29T10:48:06","modified_gmt":"2026-04-29T13:48:06","slug":"centro-cultural-de-sao-pedro-da-serra-leva-musica-danca-e-identidade-em-turne","status":"publish","type":"post","link":"https:\/\/folhapopular.info\/index.php\/2026\/04\/29\/centro-cultural-de-sao-pedro-da-serra-leva-musica-danca-e-identidade-em-turne\/","title":{"rendered":"Centro Cultural de S\u00e3o Pedro da Serra leva m\u00fasica, dan\u00e7a e identidade em turn\u00ea"},"content":{"rendered":"\n<p>O Centro Cultural de S\u00e3o Pedro da Serra viveu uma das experi\u00eancias mais marcantes de sua exist\u00eancia. Durante 15 dias (de 16 a 30 de abril), o grupo participou da Europa <em>Tour<\/em>, viagem que uniu a Orquestra Municipal, grupo de dan\u00e7as e o cantor convidado, Acilino Alves da Silva \u201cPino\u201d (ex-Atuais), em turn\u00ea pela Alemanha, Fran\u00e7a e \u00c1ustria.<\/p>\n\n\n\n<p>A circula\u00e7\u00e3o come\u00e7ou em clima de sonho realizado. Antes do embarque, o grupo j\u00e1 tratava a viagem como um projeto muito planejado e aguardado. A expectativa se confirmou na pr\u00e1tica, pois os integrantes embarcaram com hist\u00f3rias, tradi\u00e7\u00e3o e o orgulho de representar S\u00e3o Pedro da Serra em outro continente.<\/p>\n\n\n\n<p>Segundo o professor Rodrigo Persch, a iniciativa nasceu ainda em 2023, quando foi estruturado o trabalho entre a Orquestra Municipal, o grupo de dan\u00e7as e o vocalista Pino.<\/p>\n\n\n\n<p>A proposta era levar um espet\u00e1culo que reunisse m\u00fasica, dan\u00e7a e identidade cultural, com repert\u00f3rio variado e voltado ao di\u00e1logo para o p\u00fablico estrangeiro. \u201cEncaixamos m\u00fasicas sul-americanas e o ritmo do baile. Essa mescla fez muito sucesso\u201d, afirma. A montagem ainda incluiu can\u00e7\u00f5es adaptadas para as coreografias.<\/p>\n\n\n\n<h2 class=\"wp-block-heading\"><strong>Cinco concertos,<\/strong> <strong>in\u00fameras trocas<\/strong><\/h2>\n\n\n\n<p>Na Alemanha, a turn\u00ea ganhou corpo com cinco concertos em cidades diferentes. As apresenta\u00e7\u00f5es ocorreram em <em>Schwall<\/em>, <em>Kirchberg<\/em>, <em>Boppard<\/em>, <em>Spatzenhausen<\/em> e <em>Bad<\/em> <em>Bayersoien<\/em>, sempre com boa recep\u00e7\u00e3o do p\u00fablico. Em cada palco, a combina\u00e7\u00e3o entre orquestra, dan\u00e7a e voz trouxe ao roteiro um espet\u00e1culo que, segundo os participantes, foi de \u201cenergia, emo\u00e7\u00e3o e acolhimento\u201d.<\/p>\n\n\n\n<p>Em <em>Schwall<\/em>, o grupo celebrou o primeiro concerto da viagem e destacou a alegria da recep\u00e7\u00e3o. A apresenta\u00e7\u00e3o de <em>Kirchberg<\/em> foi cheia de energia. Na cidade coirm\u00e3 de Arroio do Meio, <em>Boppard<\/em>, a passagem teve paisagens e experi\u00eancias inesquec\u00edveis. O encerramento dos concertos aconteceu em <em>Bad<\/em> <em>Bayersoien<\/em>.<\/p>\n\n\n\n<p>As fam\u00edlias hospedeiras tamb\u00e9m tiveram papel importante. Cl\u00e1udia Brune, uma das participantes, relata que o grupo foi acolhido com muita cordialidade. \u201cNos receberam de forma calorosa. Foram momentos de aprendizado e desafios com as l\u00ednguas alem\u00e3 e inglesa\u201d, conta.<\/p>\n\n\n\n<p>Pelo olhar de quem viveu a turn\u00ea, a experi\u00eancia foi al\u00e9m da agenda art\u00edstica. \u201cVisitamos Paris e Estrasburgo, na Fran\u00e7a, e tamb\u00e9m <em>Innsbruck<\/em>, na \u00c1ustria. Na Alemanha, estivemos em v\u00e1rias cidades. As apresenta\u00e7\u00f5es foram lindas e com muita participa\u00e7\u00e3o do p\u00fablico\u201d, resume Cl\u00e1udia.<\/p>\n\n\n\n<p>Ela destaca ainda a presen\u00e7a de Pino nas apresenta\u00e7\u00f5es e a oportunidade de levar elementos da cultura regional ao exterior, com refer\u00eancias que dialogam com as tradi\u00e7\u00f5es alem\u00e3s presentes em S\u00e3o Pedro da Serra e na regi\u00e3o.<\/p>\n\n\n\n<p>A passagem pela Fran\u00e7a acrescentou um forte simbolismo. Em Paris, o grupo viveu dias de contato com a chamada \u201cCidade Luz\u201d, ao visitar pontos tur\u00edsticos como a Torre <em>Eiffel<\/em> e a Bas\u00edlica do <em>Sacr\u00e9 Coeur<\/em>.<\/p>\n\n\n\n<p>De volta \u00e0 Alemanha, o grupo ainda teve oportunidade de conhecer locais hist\u00f3ricos e emblem\u00e1ticos, como o Castelo de <em>Neuschwanstein<\/em>, constru\u00eddo na segunda metade do s\u00e9culo 19 e considerado um dos \u00edcones da Baviera.<\/p>\n\n\n\n<figure class=\"wp-block-gallery has-nested-images columns-default is-cropped wp-block-gallery-1 is-layout-flex wp-block-gallery-is-layout-flex\">\n<figure class=\"wp-block-image size-large\"><img loading=\"lazy\" decoding=\"async\" width=\"768\" height=\"1024\" data-id=\"211808\" src=\"https:\/\/folhapopular.info\/wp-content\/uploads\/2026\/04\/ORQUESTRA_Participantes-puderam-realizar-o-sonho-de-conhecer-a-Europa_Arquivo-Pessoal-768x1024.jpg\" alt=\"\" class=\"wp-image-211808\" srcset=\"https:\/\/folhapopular.info\/wp-content\/uploads\/2026\/04\/ORQUESTRA_Participantes-puderam-realizar-o-sonho-de-conhecer-a-Europa_Arquivo-Pessoal-768x1024.jpg 768w, https:\/\/folhapopular.info\/wp-content\/uploads\/2026\/04\/ORQUESTRA_Participantes-puderam-realizar-o-sonho-de-conhecer-a-Europa_Arquivo-Pessoal-225x300.jpg 225w, https:\/\/folhapopular.info\/wp-content\/uploads\/2026\/04\/ORQUESTRA_Participantes-puderam-realizar-o-sonho-de-conhecer-a-Europa_Arquivo-Pessoal-1152x1536.jpg 1152w, https:\/\/folhapopular.info\/wp-content\/uploads\/2026\/04\/ORQUESTRA_Participantes-puderam-realizar-o-sonho-de-conhecer-a-Europa_Arquivo-Pessoal-315x420.jpg 315w, https:\/\/folhapopular.info\/wp-content\/uploads\/2026\/04\/ORQUESTRA_Participantes-puderam-realizar-o-sonho-de-conhecer-a-Europa_Arquivo-Pessoal-696x928.jpg 696w, https:\/\/folhapopular.info\/wp-content\/uploads\/2026\/04\/ORQUESTRA_Participantes-puderam-realizar-o-sonho-de-conhecer-a-Europa_Arquivo-Pessoal-1068x1424.jpg 1068w, https:\/\/folhapopular.info\/wp-content\/uploads\/2026\/04\/ORQUESTRA_Participantes-puderam-realizar-o-sonho-de-conhecer-a-Europa_Arquivo-Pessoal.jpg 1440w\" sizes=\"auto, (max-width: 768px) 100vw, 768px\" \/><figcaption class=\"wp-element-caption\">Participantes puderam realizar o sonho de conhecer a Europa<br>Cr\u00e9dito: Arquivo Pessoal<\/figcaption><\/figure>\n<\/figure>\n\n\n\n<h2 class=\"wp-block-heading\"><strong>Da quadra para o palco<\/strong><\/h2>\n\n\n\n<p>Entre os nomes que integraram a viagem, a professora e \u00e1rbitra da Liga Ga\u00facha de Futsal (LGF), Joana Klein, natural de Po\u00e7o das Antas e residente em Brochier, chamou aten\u00e7\u00e3o por viver a turn\u00ea sob outro \u00e2ngulo: o do esporte.<\/p>\n\n\n\n<p>Joana incluiu visitas a est\u00e1dios e experi\u00eancias ligadas ao futebol no roteiro. Em Paris, esteve no <em>Parc<\/em> <em>des<\/em> <em>Princes<\/em> no jogo entre <em>Paris <\/em><em>Saint-Germain<\/em> e Nantes. Na Alemanha, assistiu a uma partida em Polling, na Baviera, e se impressionou com a simplicidade do ambiente, em um campo sem alambrados, com a torcida muito pr\u00f3xima ao gramado.<\/p>\n\n\n\n<p>Ainda, teve visita \u00e0 <em>Allianz<\/em> Arena, casa do Bayern de Munique, e ao <em>Olympiapark<\/em>, palco dos Jogos Ol\u00edmpicos de 1972. A viagem extrapolou o campo art\u00edstico e abriu espa\u00e7o para experi\u00eancias pessoais, com realiza\u00e7\u00f5es e paix\u00f5es de cada integrante.<\/p>\n\n\n\n<p>Para Joana, estar na Europa e, ao mesmo tempo, viver o futebol em diferentes formatos tornou a viagem ainda mais especial. Sua pr\u00f3pria trajet\u00f3ria a ajuda a refor\u00e7ar uma das marcas da turn\u00ea: a capacidade de unir universos distintos em uma mesma experi\u00eancia coletiva.<\/p>\n\n\n\n<p>No seu caso, a ponte entre esporte e m\u00fasica mostrou que sonhos tamb\u00e9m podem se encontrar em caminhos improv\u00e1veis. \u201cRealizar o sonho de conhecer a Europa e participar do futebol, mesmo que do outro lado do oceano, \u00e9 gratificante demais\u201d, relata.<\/p>\n\n\n\n<figure class=\"wp-block-gallery has-nested-images columns-default is-cropped wp-block-gallery-2 is-layout-flex wp-block-gallery-is-layout-flex\">\n<figure class=\"wp-block-image size-large\"><img loading=\"lazy\" decoding=\"async\" width=\"768\" height=\"1024\" data-id=\"211812\" src=\"https:\/\/folhapopular.info\/wp-content\/uploads\/2026\/04\/ORQUESTRA_Joana-ainda-pode-viver-experiencias-relacionadas-ao-futebol_Arquivo-Pessoal-2-768x1024.jpg\" alt=\"\" class=\"wp-image-211812\" srcset=\"https:\/\/folhapopular.info\/wp-content\/uploads\/2026\/04\/ORQUESTRA_Joana-ainda-pode-viver-experiencias-relacionadas-ao-futebol_Arquivo-Pessoal-2-768x1024.jpg 768w, https:\/\/folhapopular.info\/wp-content\/uploads\/2026\/04\/ORQUESTRA_Joana-ainda-pode-viver-experiencias-relacionadas-ao-futebol_Arquivo-Pessoal-2-225x300.jpg 225w, https:\/\/folhapopular.info\/wp-content\/uploads\/2026\/04\/ORQUESTRA_Joana-ainda-pode-viver-experiencias-relacionadas-ao-futebol_Arquivo-Pessoal-2-1152x1536.jpg 1152w, https:\/\/folhapopular.info\/wp-content\/uploads\/2026\/04\/ORQUESTRA_Joana-ainda-pode-viver-experiencias-relacionadas-ao-futebol_Arquivo-Pessoal-2-1536x2048.jpg 1536w, https:\/\/folhapopular.info\/wp-content\/uploads\/2026\/04\/ORQUESTRA_Joana-ainda-pode-viver-experiencias-relacionadas-ao-futebol_Arquivo-Pessoal-2-315x420.jpg 315w, https:\/\/folhapopular.info\/wp-content\/uploads\/2026\/04\/ORQUESTRA_Joana-ainda-pode-viver-experiencias-relacionadas-ao-futebol_Arquivo-Pessoal-2-696x928.jpg 696w, https:\/\/folhapopular.info\/wp-content\/uploads\/2026\/04\/ORQUESTRA_Joana-ainda-pode-viver-experiencias-relacionadas-ao-futebol_Arquivo-Pessoal-2-1068x1424.jpg 1068w, https:\/\/folhapopular.info\/wp-content\/uploads\/2026\/04\/ORQUESTRA_Joana-ainda-pode-viver-experiencias-relacionadas-ao-futebol_Arquivo-Pessoal-2-scaled.jpg 1920w\" sizes=\"auto, (max-width: 768px) 100vw, 768px\" \/><\/figure>\n\n\n\n<figure class=\"wp-block-image size-large\"><img loading=\"lazy\" decoding=\"async\" width=\"768\" height=\"1024\" data-id=\"211811\" src=\"https:\/\/folhapopular.info\/wp-content\/uploads\/2026\/04\/ORQUESTRA_Joana-ainda-pode-viver-experiencias-relacionadas-ao-futebol_Arquivo-Pessoal-1-768x1024.jpg\" alt=\"\" class=\"wp-image-211811\" srcset=\"https:\/\/folhapopular.info\/wp-content\/uploads\/2026\/04\/ORQUESTRA_Joana-ainda-pode-viver-experiencias-relacionadas-ao-futebol_Arquivo-Pessoal-1-768x1024.jpg 768w, https:\/\/folhapopular.info\/wp-content\/uploads\/2026\/04\/ORQUESTRA_Joana-ainda-pode-viver-experiencias-relacionadas-ao-futebol_Arquivo-Pessoal-1-225x300.jpg 225w, https:\/\/folhapopular.info\/wp-content\/uploads\/2026\/04\/ORQUESTRA_Joana-ainda-pode-viver-experiencias-relacionadas-ao-futebol_Arquivo-Pessoal-1-1152x1536.jpg 1152w, https:\/\/folhapopular.info\/wp-content\/uploads\/2026\/04\/ORQUESTRA_Joana-ainda-pode-viver-experiencias-relacionadas-ao-futebol_Arquivo-Pessoal-1-1536x2048.jpg 1536w, https:\/\/folhapopular.info\/wp-content\/uploads\/2026\/04\/ORQUESTRA_Joana-ainda-pode-viver-experiencias-relacionadas-ao-futebol_Arquivo-Pessoal-1-315x420.jpg 315w, https:\/\/folhapopular.info\/wp-content\/uploads\/2026\/04\/ORQUESTRA_Joana-ainda-pode-viver-experiencias-relacionadas-ao-futebol_Arquivo-Pessoal-1-696x928.jpg 696w, https:\/\/folhapopular.info\/wp-content\/uploads\/2026\/04\/ORQUESTRA_Joana-ainda-pode-viver-experiencias-relacionadas-ao-futebol_Arquivo-Pessoal-1-1068x1424.jpg 1068w, https:\/\/folhapopular.info\/wp-content\/uploads\/2026\/04\/ORQUESTRA_Joana-ainda-pode-viver-experiencias-relacionadas-ao-futebol_Arquivo-Pessoal-1-scaled.jpg 1920w\" sizes=\"auto, (max-width: 768px) 100vw, 768px\" \/><\/figure>\n<figcaption class=\"blocks-gallery-caption wp-element-caption\">Joana ainda pode viver experi\u00eancias relacionadas ao futebol<br>Cr\u00e9dito: Arquivo Pessoal<\/figcaption><\/figure>\n\n\n\n<h2 class=\"wp-block-heading\"><strong>Despedida com espet\u00e1culo<\/strong><\/h2>\n\n\n\n<p>A turn\u00ea terminou com a sensa\u00e7\u00e3o de miss\u00e3o cumprida. Ao todo, foram cinco apresenta\u00e7\u00f5es que reuniram m\u00fasica e dan\u00e7a em um espet\u00e1culo constru\u00eddo com cuidado e apresentado com sucesso em diferentes cidades alem\u00e3s. O grupo agradece o apoio de quem acompanhou os concertos presencialmente ou pelas transmiss\u00f5es ao vivo.<\/p>\n\n\n\n<p>A uni\u00e3o entre orquestra, dan\u00e7a e voz deu forma a um trabalho que levou a identidade cultural de S\u00e3o Pedro da Serra ao exterior e, ao mesmo tempo, devolveu \u00e0 comunidade uma experi\u00eancia enriquecida por novas refer\u00eancias.<\/p>\n\n\n\n<p>Antes mesmo da partida, Pino j\u00e1 adiantava o sentimento que acompanharia a turn\u00ea. \u201c\u00c9 uma oportunidade de poder mostrar o trabalho que realizamos no Brasil para os europeus\u201d, afirma.<\/p>\n\n\n\n<p>A vis\u00e3o de Pino estava certa. No fim da jornada, o que ficou foi a certeza de que a cultura, quando bem conduzida, atravessa fronteiras e transforma cada apresenta\u00e7\u00e3o em mem\u00f3ria e registro hist\u00f3rico. Por sinal, o grupo se apresenta na noite desta sexta-feira (1\u00ba\/5) em S\u00e3o Pedro da Serra, a partir das 19h30, no Sal\u00e3o Paroquial, com entrada franca.<\/p>\n\n\n\n<figure class=\"wp-block-gallery has-nested-images columns-default is-cropped wp-block-gallery-3 is-layout-flex wp-block-gallery-is-layout-flex\">\n<figure class=\"wp-block-image size-large\"><img loading=\"lazy\" decoding=\"async\" width=\"768\" height=\"1024\" data-id=\"211809\" src=\"https:\/\/folhapopular.info\/wp-content\/uploads\/2026\/04\/ORQUESTRA_Apresentacoes-rodaram-o-velho-continente_Arquivo-Pessoal-768x1024.jpg\" alt=\"\" class=\"wp-image-211809\" srcset=\"https:\/\/folhapopular.info\/wp-content\/uploads\/2026\/04\/ORQUESTRA_Apresentacoes-rodaram-o-velho-continente_Arquivo-Pessoal-768x1024.jpg 768w, https:\/\/folhapopular.info\/wp-content\/uploads\/2026\/04\/ORQUESTRA_Apresentacoes-rodaram-o-velho-continente_Arquivo-Pessoal-225x300.jpg 225w, https:\/\/folhapopular.info\/wp-content\/uploads\/2026\/04\/ORQUESTRA_Apresentacoes-rodaram-o-velho-continente_Arquivo-Pessoal-1152x1536.jpg 1152w, https:\/\/folhapopular.info\/wp-content\/uploads\/2026\/04\/ORQUESTRA_Apresentacoes-rodaram-o-velho-continente_Arquivo-Pessoal-315x420.jpg 315w, https:\/\/folhapopular.info\/wp-content\/uploads\/2026\/04\/ORQUESTRA_Apresentacoes-rodaram-o-velho-continente_Arquivo-Pessoal-696x928.jpg 696w, https:\/\/folhapopular.info\/wp-content\/uploads\/2026\/04\/ORQUESTRA_Apresentacoes-rodaram-o-velho-continente_Arquivo-Pessoal-1068x1424.jpg 1068w, https:\/\/folhapopular.info\/wp-content\/uploads\/2026\/04\/ORQUESTRA_Apresentacoes-rodaram-o-velho-continente_Arquivo-Pessoal.jpg 1440w\" sizes=\"auto, (max-width: 768px) 100vw, 768px\" \/><figcaption class=\"wp-element-caption\">Apresenta\u00e7\u00f5es passaram por tr\u00eas pa\u00edses<br>Cr\u00e9dito: Arquivo Pessoal<\/figcaption><\/figure>\n<\/figure>\n","protected":false},"excerpt":{"rendered":"<p>O Centro Cultural de S\u00e3o Pedro da Serra viveu uma das experi\u00eancias mais marcantes de sua exist\u00eancia. Durante 15 dias (de 16 a 30 de abril), o grupo participou da Europa Tour, viagem que uniu a Orquestra Municipal, grupo de dan\u00e7as e o cantor convidado, Acilino Alves da Silva \u201cPino\u201d (ex-Atuais), em turn\u00ea pela Alemanha, [&hellip;]<\/p>\n","protected":false},"author":732,"featured_media":211785,"comment_status":"open","ping_status":"open","sticky":false,"template":"","format":"standard","meta":{"pmpro_default_level":"","_jetpack_memberships_contains_paid_content":false,"footnotes":""},"categories":[10996,2,6],"tags":[3803,9880,21102,5380,17645,5597],"class_list":{"0":"post-211784","1":"post","2":"type-post","3":"status-publish","4":"format-standard","5":"has-post-thumbnail","7":"category-cultura","8":"category-featured","9":"category-inclusive","10":"tag-centro-cultural","11":"tag-europa","12":"tag-europa-tour","13":"tag-orquestra","14":"tag-sao-pedro-da-serra","15":"tag-turne","16":"pmpro-has-access"},"yoast_head":"<!-- This site is optimized with the Yoast SEO plugin v27.5 - https:\/\/yoast.com\/product\/yoast-seo-wordpress\/ -->\n<title>Centro Cultural de S\u00e3o Pedro da Serra leva m\u00fasica, dan\u00e7a e identidade em turn\u00ea - Folha Popular<\/title>\n<meta name=\"description\" content=\"O Centro Cultural de S\u00e3o Pedro da Serra viveu uma das experi\u00eancias mais marcantes de sua exist\u00eancia. Durante 15 dias (de 16 a 30 de abril), o grupo participou da Europa Tour.\" \/>\n<meta name=\"robots\" content=\"index, follow, max-snippet:-1, max-image-preview:large, max-video-preview:-1\" \/>\n<link rel=\"canonical\" href=\"https:\/\/folhapopular.info\/index.php\/2026\/04\/29\/centro-cultural-de-sao-pedro-da-serra-leva-musica-danca-e-identidade-em-turne\/\" \/>\n<meta property=\"og:locale\" content=\"pt_BR\" \/>\n<meta property=\"og:type\" content=\"article\" \/>\n<meta property=\"og:title\" content=\"Centro Cultural de S\u00e3o Pedro da Serra leva m\u00fasica, dan\u00e7a e identidade em turn\u00ea - Folha Popular\" \/>\n<meta property=\"og:description\" content=\"O Centro Cultural de S\u00e3o Pedro da Serra viveu uma das experi\u00eancias mais marcantes de sua exist\u00eancia. Durante 15 dias (de 16 a 30 de abril), o grupo participou da Europa Tour.\" \/>\n<meta property=\"og:url\" content=\"https:\/\/folhapopular.info\/index.php\/2026\/04\/29\/centro-cultural-de-sao-pedro-da-serra-leva-musica-danca-e-identidade-em-turne\/\" \/>\n<meta property=\"og:site_name\" content=\"Folha Popular\" \/>\n<meta property=\"article:author\" content=\"https:\/\/www.facebook.com\/luis.huppes\/\" \/>\n<meta property=\"article:published_time\" content=\"2026-04-29T11:00:00+00:00\" \/>\n<meta property=\"article:modified_time\" content=\"2026-04-29T13:48:06+00:00\" \/>\n<meta property=\"og:image\" content=\"https:\/\/folhapopular.info\/wp-content\/uploads\/2026\/04\/ORQUESTRA_Concertos-levaram-a-cultura-da-regiao-para-a-Europa_Arquivo-Pessoal.jpg\" \/>\n\t<meta property=\"og:image:width\" content=\"1280\" \/>\n\t<meta property=\"og:image:height\" content=\"960\" \/>\n\t<meta property=\"og:image:type\" content=\"image\/jpeg\" \/>\n<meta name=\"author\" content=\"Luis Augusto Huppes\" \/>\n<meta name=\"twitter:card\" content=\"summary_large_image\" \/>\n<meta name=\"twitter:label1\" content=\"Escrito por\" \/>\n\t<meta name=\"twitter:data1\" content=\"Luis Augusto Huppes\" \/>\n\t<meta name=\"twitter:label2\" content=\"Est. tempo de leitura\" \/>\n\t<meta name=\"twitter:data2\" content=\"7 minutos\" \/>\n<script type=\"application\/ld+json\" class=\"yoast-schema-graph\">{\"@context\":\"https:\\\/\\\/schema.org\",\"@graph\":[{\"@type\":\"Article\",\"@id\":\"https:\\\/\\\/folhapopular.info\\\/index.php\\\/2026\\\/04\\\/29\\\/centro-cultural-de-sao-pedro-da-serra-leva-musica-danca-e-identidade-em-turne\\\/#article\",\"isPartOf\":{\"@id\":\"https:\\\/\\\/folhapopular.info\\\/index.php\\\/2026\\\/04\\\/29\\\/centro-cultural-de-sao-pedro-da-serra-leva-musica-danca-e-identidade-em-turne\\\/\"},\"author\":{\"name\":\"Luis Augusto Huppes\",\"@id\":\"https:\\\/\\\/folhapopular.info\\\/#\\\/schema\\\/person\\\/e852c327371714676d02e58cf917fd9f\"},\"headline\":\"Centro Cultural de S\u00e3o Pedro da Serra leva m\u00fasica, dan\u00e7a e identidade em turn\u00ea\",\"datePublished\":\"2026-04-29T11:00:00+00:00\",\"dateModified\":\"2026-04-29T13:48:06+00:00\",\"mainEntityOfPage\":{\"@id\":\"https:\\\/\\\/folhapopular.info\\\/index.php\\\/2026\\\/04\\\/29\\\/centro-cultural-de-sao-pedro-da-serra-leva-musica-danca-e-identidade-em-turne\\\/\"},\"wordCount\":1018,\"commentCount\":0,\"image\":{\"@id\":\"https:\\\/\\\/folhapopular.info\\\/index.php\\\/2026\\\/04\\\/29\\\/centro-cultural-de-sao-pedro-da-serra-leva-musica-danca-e-identidade-em-turne\\\/#primaryimage\"},\"thumbnailUrl\":\"https:\\\/\\\/folhapopular.info\\\/wp-content\\\/uploads\\\/2026\\\/04\\\/ORQUESTRA_Concertos-levaram-a-cultura-da-regiao-para-a-Europa_Arquivo-Pessoal.jpg\",\"keywords\":[\"Centro Cultural\",\"Europa\",\"Europa Tour\",\"Orquestra\",\"S\u00e3o Pedro da Serra\",\"Turn\u00ea\"],\"articleSection\":[\"Cultura\",\"Destaques\",\"Inclusive\"],\"inLanguage\":\"pt-BR\",\"potentialAction\":[{\"@type\":\"CommentAction\",\"name\":\"Comment\",\"target\":[\"https:\\\/\\\/folhapopular.info\\\/index.php\\\/2026\\\/04\\\/29\\\/centro-cultural-de-sao-pedro-da-serra-leva-musica-danca-e-identidade-em-turne\\\/#respond\"]}]},{\"@type\":\"WebPage\",\"@id\":\"https:\\\/\\\/folhapopular.info\\\/index.php\\\/2026\\\/04\\\/29\\\/centro-cultural-de-sao-pedro-da-serra-leva-musica-danca-e-identidade-em-turne\\\/\",\"url\":\"https:\\\/\\\/folhapopular.info\\\/index.php\\\/2026\\\/04\\\/29\\\/centro-cultural-de-sao-pedro-da-serra-leva-musica-danca-e-identidade-em-turne\\\/\",\"name\":\"Centro Cultural de S\u00e3o Pedro da Serra leva m\u00fasica, dan\u00e7a e identidade em turn\u00ea - Folha Popular\",\"isPartOf\":{\"@id\":\"https:\\\/\\\/folhapopular.info\\\/#website\"},\"primaryImageOfPage\":{\"@id\":\"https:\\\/\\\/folhapopular.info\\\/index.php\\\/2026\\\/04\\\/29\\\/centro-cultural-de-sao-pedro-da-serra-leva-musica-danca-e-identidade-em-turne\\\/#primaryimage\"},\"image\":{\"@id\":\"https:\\\/\\\/folhapopular.info\\\/index.php\\\/2026\\\/04\\\/29\\\/centro-cultural-de-sao-pedro-da-serra-leva-musica-danca-e-identidade-em-turne\\\/#primaryimage\"},\"thumbnailUrl\":\"https:\\\/\\\/folhapopular.info\\\/wp-content\\\/uploads\\\/2026\\\/04\\\/ORQUESTRA_Concertos-levaram-a-cultura-da-regiao-para-a-Europa_Arquivo-Pessoal.jpg\",\"datePublished\":\"2026-04-29T11:00:00+00:00\",\"dateModified\":\"2026-04-29T13:48:06+00:00\",\"author\":{\"@id\":\"https:\\\/\\\/folhapopular.info\\\/#\\\/schema\\\/person\\\/e852c327371714676d02e58cf917fd9f\"},\"description\":\"O Centro Cultural de S\u00e3o Pedro da Serra viveu uma das experi\u00eancias mais marcantes de sua exist\u00eancia. Durante 15 dias (de 16 a 30 de abril), o grupo participou da Europa Tour.\",\"breadcrumb\":{\"@id\":\"https:\\\/\\\/folhapopular.info\\\/index.php\\\/2026\\\/04\\\/29\\\/centro-cultural-de-sao-pedro-da-serra-leva-musica-danca-e-identidade-em-turne\\\/#breadcrumb\"},\"inLanguage\":\"pt-BR\",\"potentialAction\":[{\"@type\":\"ReadAction\",\"target\":[\"https:\\\/\\\/folhapopular.info\\\/index.php\\\/2026\\\/04\\\/29\\\/centro-cultural-de-sao-pedro-da-serra-leva-musica-danca-e-identidade-em-turne\\\/\"]}]},{\"@type\":\"ImageObject\",\"inLanguage\":\"pt-BR\",\"@id\":\"https:\\\/\\\/folhapopular.info\\\/index.php\\\/2026\\\/04\\\/29\\\/centro-cultural-de-sao-pedro-da-serra-leva-musica-danca-e-identidade-em-turne\\\/#primaryimage\",\"url\":\"https:\\\/\\\/folhapopular.info\\\/wp-content\\\/uploads\\\/2026\\\/04\\\/ORQUESTRA_Concertos-levaram-a-cultura-da-regiao-para-a-Europa_Arquivo-Pessoal.jpg\",\"contentUrl\":\"https:\\\/\\\/folhapopular.info\\\/wp-content\\\/uploads\\\/2026\\\/04\\\/ORQUESTRA_Concertos-levaram-a-cultura-da-regiao-para-a-Europa_Arquivo-Pessoal.jpg\",\"width\":1280,\"height\":960,\"caption\":\"Concertos levaram a cultura da regi\u00e3o para a Europa - Cr\u00e9dito: Arquivo Pessoal\"},{\"@type\":\"BreadcrumbList\",\"@id\":\"https:\\\/\\\/folhapopular.info\\\/index.php\\\/2026\\\/04\\\/29\\\/centro-cultural-de-sao-pedro-da-serra-leva-musica-danca-e-identidade-em-turne\\\/#breadcrumb\",\"itemListElement\":[{\"@type\":\"ListItem\",\"position\":1,\"name\":\"In\u00edcio\",\"item\":\"https:\\\/\\\/folhapopular.info\\\/\"},{\"@type\":\"ListItem\",\"position\":2,\"name\":\"Centro Cultural de S\u00e3o Pedro da Serra leva m\u00fasica, dan\u00e7a e identidade em turn\u00ea\"}]},{\"@type\":\"WebSite\",\"@id\":\"https:\\\/\\\/folhapopular.info\\\/#website\",\"url\":\"https:\\\/\\\/folhapopular.info\\\/\",\"name\":\"Folha Popular\",\"description\":\"Onde voc\u00ea tem vez e voz\",\"potentialAction\":[{\"@type\":\"SearchAction\",\"target\":{\"@type\":\"EntryPoint\",\"urlTemplate\":\"https:\\\/\\\/folhapopular.info\\\/?s={search_term_string}\"},\"query-input\":{\"@type\":\"PropertyValueSpecification\",\"valueRequired\":true,\"valueName\":\"search_term_string\"}}],\"inLanguage\":\"pt-BR\"},{\"@type\":\"Person\",\"@id\":\"https:\\\/\\\/folhapopular.info\\\/#\\\/schema\\\/person\\\/e852c327371714676d02e58cf917fd9f\",\"name\":\"Luis Augusto Huppes\",\"image\":{\"@type\":\"ImageObject\",\"inLanguage\":\"pt-BR\",\"@id\":\"https:\\\/\\\/folhapopular.info\\\/wp-content\\\/uploads\\\/2026\\\/04\\\/Luis-Augusto-Huppes-1-1.webp\",\"url\":\"https:\\\/\\\/folhapopular.info\\\/wp-content\\\/uploads\\\/2026\\\/04\\\/Luis-Augusto-Huppes-1-1.webp\",\"contentUrl\":\"https:\\\/\\\/folhapopular.info\\\/wp-content\\\/uploads\\\/2026\\\/04\\\/Luis-Augusto-Huppes-1-1.webp\",\"caption\":\"Luis Augusto Huppes\"},\"sameAs\":[\"https:\\\/\\\/www.facebook.com\\\/luis.huppes\\\/\",\"https:\\\/\\\/www.instagram.com\\\/luis.huppes\\\/\",\"https:\\\/\\\/www.linkedin.com\\\/in\\\/luis-augusto-huppes-2554b52b7\\\/\"],\"url\":\"https:\\\/\\\/folhapopular.info\\\/index.php\\\/author\\\/luis-augusto-huppes\\\/\"}]}<\/script>\n<!-- \/ Yoast SEO plugin. -->","yoast_head_json":{"title":"Centro Cultural de S\u00e3o Pedro da Serra leva m\u00fasica, dan\u00e7a e identidade em turn\u00ea - Folha Popular","description":"O Centro Cultural de S\u00e3o Pedro da Serra viveu uma das experi\u00eancias mais marcantes de sua exist\u00eancia. Durante 15 dias (de 16 a 30 de abril), o grupo participou da Europa Tour.","robots":{"index":"index","follow":"follow","max-snippet":"max-snippet:-1","max-image-preview":"max-image-preview:large","max-video-preview":"max-video-preview:-1"},"canonical":"https:\/\/folhapopular.info\/index.php\/2026\/04\/29\/centro-cultural-de-sao-pedro-da-serra-leva-musica-danca-e-identidade-em-turne\/","og_locale":"pt_BR","og_type":"article","og_title":"Centro Cultural de S\u00e3o Pedro da Serra leva m\u00fasica, dan\u00e7a e identidade em turn\u00ea - Folha Popular","og_description":"O Centro Cultural de S\u00e3o Pedro da Serra viveu uma das experi\u00eancias mais marcantes de sua exist\u00eancia. Durante 15 dias (de 16 a 30 de abril), o grupo participou da Europa Tour.","og_url":"https:\/\/folhapopular.info\/index.php\/2026\/04\/29\/centro-cultural-de-sao-pedro-da-serra-leva-musica-danca-e-identidade-em-turne\/","og_site_name":"Folha Popular","article_author":"https:\/\/www.facebook.com\/luis.huppes\/","article_published_time":"2026-04-29T11:00:00+00:00","article_modified_time":"2026-04-29T13:48:06+00:00","og_image":[{"width":1280,"height":960,"url":"https:\/\/folhapopular.info\/wp-content\/uploads\/2026\/04\/ORQUESTRA_Concertos-levaram-a-cultura-da-regiao-para-a-Europa_Arquivo-Pessoal.jpg","type":"image\/jpeg"}],"author":"Luis Augusto Huppes","twitter_card":"summary_large_image","twitter_misc":{"Escrito por":"Luis Augusto Huppes","Est. tempo de leitura":"7 minutos"},"schema":{"@context":"https:\/\/schema.org","@graph":[{"@type":"Article","@id":"https:\/\/folhapopular.info\/index.php\/2026\/04\/29\/centro-cultural-de-sao-pedro-da-serra-leva-musica-danca-e-identidade-em-turne\/#article","isPartOf":{"@id":"https:\/\/folhapopular.info\/index.php\/2026\/04\/29\/centro-cultural-de-sao-pedro-da-serra-leva-musica-danca-e-identidade-em-turne\/"},"author":{"name":"Luis Augusto Huppes","@id":"https:\/\/folhapopular.info\/#\/schema\/person\/e852c327371714676d02e58cf917fd9f"},"headline":"Centro Cultural de S\u00e3o Pedro da Serra leva m\u00fasica, dan\u00e7a e identidade em turn\u00ea","datePublished":"2026-04-29T11:00:00+00:00","dateModified":"2026-04-29T13:48:06+00:00","mainEntityOfPage":{"@id":"https:\/\/folhapopular.info\/index.php\/2026\/04\/29\/centro-cultural-de-sao-pedro-da-serra-leva-musica-danca-e-identidade-em-turne\/"},"wordCount":1018,"commentCount":0,"image":{"@id":"https:\/\/folhapopular.info\/index.php\/2026\/04\/29\/centro-cultural-de-sao-pedro-da-serra-leva-musica-danca-e-identidade-em-turne\/#primaryimage"},"thumbnailUrl":"https:\/\/folhapopular.info\/wp-content\/uploads\/2026\/04\/ORQUESTRA_Concertos-levaram-a-cultura-da-regiao-para-a-Europa_Arquivo-Pessoal.jpg","keywords":["Centro Cultural","Europa","Europa Tour","Orquestra","S\u00e3o Pedro da Serra","Turn\u00ea"],"articleSection":["Cultura","Destaques","Inclusive"],"inLanguage":"pt-BR","potentialAction":[{"@type":"CommentAction","name":"Comment","target":["https:\/\/folhapopular.info\/index.php\/2026\/04\/29\/centro-cultural-de-sao-pedro-da-serra-leva-musica-danca-e-identidade-em-turne\/#respond"]}]},{"@type":"WebPage","@id":"https:\/\/folhapopular.info\/index.php\/2026\/04\/29\/centro-cultural-de-sao-pedro-da-serra-leva-musica-danca-e-identidade-em-turne\/","url":"https:\/\/folhapopular.info\/index.php\/2026\/04\/29\/centro-cultural-de-sao-pedro-da-serra-leva-musica-danca-e-identidade-em-turne\/","name":"Centro Cultural de S\u00e3o Pedro da Serra leva m\u00fasica, dan\u00e7a e identidade em turn\u00ea - Folha Popular","isPartOf":{"@id":"https:\/\/folhapopular.info\/#website"},"primaryImageOfPage":{"@id":"https:\/\/folhapopular.info\/index.php\/2026\/04\/29\/centro-cultural-de-sao-pedro-da-serra-leva-musica-danca-e-identidade-em-turne\/#primaryimage"},"image":{"@id":"https:\/\/folhapopular.info\/index.php\/2026\/04\/29\/centro-cultural-de-sao-pedro-da-serra-leva-musica-danca-e-identidade-em-turne\/#primaryimage"},"thumbnailUrl":"https:\/\/folhapopular.info\/wp-content\/uploads\/2026\/04\/ORQUESTRA_Concertos-levaram-a-cultura-da-regiao-para-a-Europa_Arquivo-Pessoal.jpg","datePublished":"2026-04-29T11:00:00+00:00","dateModified":"2026-04-29T13:48:06+00:00","author":{"@id":"https:\/\/folhapopular.info\/#\/schema\/person\/e852c327371714676d02e58cf917fd9f"},"description":"O Centro Cultural de S\u00e3o Pedro da Serra viveu uma das experi\u00eancias mais marcantes de sua exist\u00eancia. Durante 15 dias (de 16 a 30 de abril), o grupo participou da Europa Tour.","breadcrumb":{"@id":"https:\/\/folhapopular.info\/index.php\/2026\/04\/29\/centro-cultural-de-sao-pedro-da-serra-leva-musica-danca-e-identidade-em-turne\/#breadcrumb"},"inLanguage":"pt-BR","potentialAction":[{"@type":"ReadAction","target":["https:\/\/folhapopular.info\/index.php\/2026\/04\/29\/centro-cultural-de-sao-pedro-da-serra-leva-musica-danca-e-identidade-em-turne\/"]}]},{"@type":"ImageObject","inLanguage":"pt-BR","@id":"https:\/\/folhapopular.info\/index.php\/2026\/04\/29\/centro-cultural-de-sao-pedro-da-serra-leva-musica-danca-e-identidade-em-turne\/#primaryimage","url":"https:\/\/folhapopular.info\/wp-content\/uploads\/2026\/04\/ORQUESTRA_Concertos-levaram-a-cultura-da-regiao-para-a-Europa_Arquivo-Pessoal.jpg","contentUrl":"https:\/\/folhapopular.info\/wp-content\/uploads\/2026\/04\/ORQUESTRA_Concertos-levaram-a-cultura-da-regiao-para-a-Europa_Arquivo-Pessoal.jpg","width":1280,"height":960,"caption":"Concertos levaram a cultura da regi\u00e3o para a Europa - Cr\u00e9dito: Arquivo Pessoal"},{"@type":"BreadcrumbList","@id":"https:\/\/folhapopular.info\/index.php\/2026\/04\/29\/centro-cultural-de-sao-pedro-da-serra-leva-musica-danca-e-identidade-em-turne\/#breadcrumb","itemListElement":[{"@type":"ListItem","position":1,"name":"In\u00edcio","item":"https:\/\/folhapopular.info\/"},{"@type":"ListItem","position":2,"name":"Centro Cultural de S\u00e3o Pedro da Serra leva m\u00fasica, dan\u00e7a e identidade em turn\u00ea"}]},{"@type":"WebSite","@id":"https:\/\/folhapopular.info\/#website","url":"https:\/\/folhapopular.info\/","name":"Folha Popular","description":"Onde voc\u00ea tem vez e voz","potentialAction":[{"@type":"SearchAction","target":{"@type":"EntryPoint","urlTemplate":"https:\/\/folhapopular.info\/?s={search_term_string}"},"query-input":{"@type":"PropertyValueSpecification","valueRequired":true,"valueName":"search_term_string"}}],"inLanguage":"pt-BR"},{"@type":"Person","@id":"https:\/\/folhapopular.info\/#\/schema\/person\/e852c327371714676d02e58cf917fd9f","name":"Luis Augusto Huppes","image":{"@type":"ImageObject","inLanguage":"pt-BR","@id":"https:\/\/folhapopular.info\/wp-content\/uploads\/2026\/04\/Luis-Augusto-Huppes-1-1.webp","url":"https:\/\/folhapopular.info\/wp-content\/uploads\/2026\/04\/Luis-Augusto-Huppes-1-1.webp","contentUrl":"https:\/\/folhapopular.info\/wp-content\/uploads\/2026\/04\/Luis-Augusto-Huppes-1-1.webp","caption":"Luis Augusto Huppes"},"sameAs":["https:\/\/www.facebook.com\/luis.huppes\/","https:\/\/www.instagram.com\/luis.huppes\/","https:\/\/www.linkedin.com\/in\/luis-augusto-huppes-2554b52b7\/"],"url":"https:\/\/folhapopular.info\/index.php\/author\/luis-augusto-huppes\/"}]}},"jetpack_featured_media_url":"https:\/\/folhapopular.info\/wp-content\/uploads\/2026\/04\/ORQUESTRA_Concertos-levaram-a-cultura-da-regiao-para-a-Europa_Arquivo-Pessoal.jpg","jetpack_sharing_enabled":true,"amp_enabled":true,"_links":{"self":[{"href":"https:\/\/folhapopular.info\/index.php\/wp-json\/wp\/v2\/posts\/211784","targetHints":{"allow":["GET"]}}],"collection":[{"href":"https:\/\/folhapopular.info\/index.php\/wp-json\/wp\/v2\/posts"}],"about":[{"href":"https:\/\/folhapopular.info\/index.php\/wp-json\/wp\/v2\/types\/post"}],"author":[{"embeddable":true,"href":"https:\/\/folhapopular.info\/index.php\/wp-json\/wp\/v2\/users\/732"}],"replies":[{"embeddable":true,"href":"https:\/\/folhapopular.info\/index.php\/wp-json\/wp\/v2\/comments?post=211784"}],"version-history":[{"count":2,"href":"https:\/\/folhapopular.info\/index.php\/wp-json\/wp\/v2\/posts\/211784\/revisions"}],"predecessor-version":[{"id":211814,"href":"https:\/\/folhapopular.info\/index.php\/wp-json\/wp\/v2\/posts\/211784\/revisions\/211814"}],"wp:featuredmedia":[{"embeddable":true,"href":"https:\/\/folhapopular.info\/index.php\/wp-json\/wp\/v2\/media\/211785"}],"wp:attachment":[{"href":"https:\/\/folhapopular.info\/index.php\/wp-json\/wp\/v2\/media?parent=211784"}],"wp:term":[{"taxonomy":"category","embeddable":true,"href":"https:\/\/folhapopular.info\/index.php\/wp-json\/wp\/v2\/categories?post=211784"},{"taxonomy":"post_tag","embeddable":true,"href":"https:\/\/folhapopular.info\/index.php\/wp-json\/wp\/v2\/tags?post=211784"}],"curies":[{"name":"wp","href":"https:\/\/api.w.org\/{rel}","templated":true}]}}