{"id":211792,"date":"2026-04-29T10:00:00","date_gmt":"2026-04-29T13:00:00","guid":{"rendered":"https:\/\/folhapopular.info\/?p=211792"},"modified":"2026-04-29T08:25:25","modified_gmt":"2026-04-29T11:25:25","slug":"nota-eletronica-se-torna-definitivamente-obrigatoria-para-produtores-rurais","status":"publish","type":"post","link":"https:\/\/folhapopular.info\/index.php\/2026\/04\/29\/nota-eletronica-se-torna-definitivamente-obrigatoria-para-produtores-rurais\/","title":{"rendered":"Nota eletr\u00f4nica se torna definitivamente obrigat\u00f3ria para produtores rurais"},"content":{"rendered":"\n<p>A obrigatoriedade da emiss\u00e3o de nota fiscal eletr\u00f4nica para produtores rurais entra em vigor a partir desta sexta-feira (1\u00ba\/5). A data encerra um ciclo de quase seis d\u00e9cadas de utiliza\u00e7\u00e3o do tradicional bloco de produtor e marca uma transi\u00e7\u00e3o estrutural na forma de comercializa\u00e7\u00e3o da produ\u00e7\u00e3o prim\u00e1ria.<\/p>\n\n\n\n<p>Para a presidente do Sindicato dos Trabalhadores Rurais de Teut\u00f4nia, Westf\u00e1lia e Po\u00e7o das Antas, Liane Brackmann, o setor j\u00e1 vinha se preparando para essa mudan\u00e7a desde o in\u00edcio do ano. \u201cConseguimos uma prorroga\u00e7\u00e3o at\u00e9 o fim de abril para quem ainda tinha notas no bloco. A partir de agora, a comercializa\u00e7\u00e3o deve ocorrer exclusivamente por meio da nota eletr\u00f4nica\u201d, afirma.<\/p>\n\n\n\n<p>O modelo f\u00edsico, conhecido como \u201cbloco de produtor\u201d ou modelo 15, teve origem ainda na d\u00e9cada de 1960 e se consolidou nos anos 1970, acompanhando a cria\u00e7\u00e3o de mecanismos como o Funrural. Ao longo dos anos, passou por mudan\u00e7as de formato e apar\u00eancia, mas se manteve como principal instrumento fiscal do setor prim\u00e1rio. Com a digitaliza\u00e7\u00e3o, o sistema f\u00edsico ser\u00e1 definitivamente descontinuado.<\/p>\n\n\n\n<p>A dirigente reconhece que a mudan\u00e7a ainda gera resist\u00eancia. Segundo Liane, produtores questionam por que mudar algo que sempre funcionou. Dados levantados pelo sindicato indicam que, no in\u00edcio de 2026, cerca de 60% dos produtores ainda n\u00e3o utilizavam o sistema eletr\u00f4nico. Hoje, a estimativa \u00e9 de que entre 50% e 55% dos agricultores necessitem de suporte mais pr\u00f3ximo neste momento.<\/p>\n\n\n\n<h2 class=\"wp-block-heading\"><strong>Aplicativo<\/strong><\/h2>\n\n\n\n<p>A principal ferramenta para essa transi\u00e7\u00e3o \u00e9 o aplicativo Nota Fiscal F\u00e1cil, disponibilizado pela Receita Estadual, que permite a emiss\u00e3o diretamente pelo celular. Conforme Liane, essa solu\u00e7\u00e3o foi defendida pelas entidades justamente para evitar custos adicionais aos produtores. \u201cN\u00e3o faria sentido exigir impressora, certifica\u00e7\u00e3o digital e estrutura para quem emite poucas notas por ano\u201d, pontua ela.<\/p>\n\n\n\n<p>Para atender a demanda de adapta\u00e7\u00e3o ao aplicativo, o sindicato refor\u00e7ou a estrutura de atendimento nos tr\u00eas munic\u00edpios de abrang\u00eancia. Liane afirma que escrit\u00f3rios est\u00e3o preparados para orientar, auxiliar na emiss\u00e3o das notas e esclarecer d\u00favidas. \u201cNossa preocupa\u00e7\u00e3o sempre foi garantir que ningu\u00e9m fique desassistido nessa mudan\u00e7a\u201d, destaca.<\/p>\n","protected":false},"excerpt":{"rendered":"<p>A obrigatoriedade da emiss\u00e3o de nota fiscal eletr\u00f4nica para produtores rurais entra em vigor a partir desta sexta-feira (1\u00ba\/5). A data encerra um ciclo de quase seis d\u00e9cadas de utiliza\u00e7\u00e3o do tradicional bloco de produtor e marca uma transi\u00e7\u00e3o estrutural na forma de comercializa\u00e7\u00e3o da produ\u00e7\u00e3o prim\u00e1ria. Para a presidente do Sindicato dos Trabalhadores Rurais [&hellip;]<\/p>\n","protected":false},"author":771,"featured_media":211793,"comment_status":"open","ping_status":"open","sticky":false,"template":"","format":"standard","meta":{"pmpro_default_level":"","_jetpack_memberships_contains_paid_content":false,"footnotes":""},"categories":[2,10991,10994],"tags":[602,882,6122,40,4059,26,25],"class_list":{"0":"post-211792","1":"post","2":"type-post","3":"status-publish","4":"format-standard","5":"has-post-thumbnail","7":"category-featured","8":"category-economia","9":"category-rural","10":"tag-nota-fiscal","11":"tag-nota-fiscal-eletronica","12":"tag-nota-fiscal-facil","13":"tag-poco-das-antas","14":"tag-talao-do-produtor","15":"tag-teutonia","16":"tag-westfalia","17":"pmpro-has-access"},"yoast_head":"<!-- This site is optimized with the Yoast SEO plugin v27.5 - https:\/\/yoast.com\/product\/yoast-seo-wordpress\/ -->\n<title>Nota eletr\u00f4nica se torna definitivamente obrigat\u00f3ria para produtores rurais - Folha Popular<\/title>\n<meta name=\"robots\" content=\"index, follow, max-snippet:-1, max-image-preview:large, max-video-preview:-1\" \/>\n<link rel=\"canonical\" href=\"https:\/\/folhapopular.info\/index.php\/2026\/04\/29\/nota-eletronica-se-torna-definitivamente-obrigatoria-para-produtores-rurais\/\" \/>\n<meta property=\"og:locale\" content=\"pt_BR\" \/>\n<meta property=\"og:type\" content=\"article\" \/>\n<meta property=\"og:title\" content=\"Nota eletr\u00f4nica se torna definitivamente obrigat\u00f3ria para produtores rurais - Folha Popular\" \/>\n<meta property=\"og:description\" content=\"A obrigatoriedade da emiss\u00e3o de nota fiscal eletr\u00f4nica para produtores rurais entra em vigor a partir desta sexta-feira (1\u00ba\/5). A data encerra um ciclo de quase seis d\u00e9cadas de utiliza\u00e7\u00e3o do tradicional bloco de produtor e marca uma transi\u00e7\u00e3o estrutural na forma de comercializa\u00e7\u00e3o da produ\u00e7\u00e3o prim\u00e1ria. Para a presidente do Sindicato dos Trabalhadores Rurais [&hellip;]\" \/>\n<meta property=\"og:url\" content=\"https:\/\/folhapopular.info\/index.php\/2026\/04\/29\/nota-eletronica-se-torna-definitivamente-obrigatoria-para-produtores-rurais\/\" \/>\n<meta property=\"og:site_name\" content=\"Folha Popular\" \/>\n<meta property=\"article:published_time\" content=\"2026-04-29T13:00:00+00:00\" \/>\n<meta property=\"og:image\" content=\"https:\/\/folhapopular.info\/wp-content\/uploads\/2026\/04\/Nota-Fiscal.jpeg\" \/>\n\t<meta property=\"og:image:width\" content=\"1200\" \/>\n\t<meta property=\"og:image:height\" content=\"800\" \/>\n\t<meta property=\"og:image:type\" content=\"image\/jpeg\" \/>\n<meta name=\"author\" content=\"Thiago Maurique\" \/>\n<meta name=\"twitter:card\" content=\"summary_large_image\" \/>\n<meta name=\"twitter:label1\" content=\"Escrito por\" \/>\n\t<meta name=\"twitter:data1\" content=\"Thiago Maurique\" \/>\n\t<meta name=\"twitter:label2\" content=\"Est. tempo de leitura\" \/>\n\t<meta name=\"twitter:data2\" content=\"3 minutos\" \/>\n<script type=\"application\/ld+json\" class=\"yoast-schema-graph\">{\"@context\":\"https:\\\/\\\/schema.org\",\"@graph\":[{\"@type\":\"Article\",\"@id\":\"https:\\\/\\\/folhapopular.info\\\/index.php\\\/2026\\\/04\\\/29\\\/nota-eletronica-se-torna-definitivamente-obrigatoria-para-produtores-rurais\\\/#article\",\"isPartOf\":{\"@id\":\"https:\\\/\\\/folhapopular.info\\\/index.php\\\/2026\\\/04\\\/29\\\/nota-eletronica-se-torna-definitivamente-obrigatoria-para-produtores-rurais\\\/\"},\"author\":{\"name\":\"Thiago Maurique\",\"@id\":\"https:\\\/\\\/folhapopular.info\\\/#\\\/schema\\\/person\\\/da0b2794f793376cb5dd908e88ca6911\"},\"headline\":\"Nota eletr\u00f4nica se torna definitivamente obrigat\u00f3ria para produtores rurais\",\"datePublished\":\"2026-04-29T13:00:00+00:00\",\"mainEntityOfPage\":{\"@id\":\"https:\\\/\\\/folhapopular.info\\\/index.php\\\/2026\\\/04\\\/29\\\/nota-eletronica-se-torna-definitivamente-obrigatoria-para-produtores-rurais\\\/\"},\"wordCount\":384,\"commentCount\":0,\"image\":{\"@id\":\"https:\\\/\\\/folhapopular.info\\\/index.php\\\/2026\\\/04\\\/29\\\/nota-eletronica-se-torna-definitivamente-obrigatoria-para-produtores-rurais\\\/#primaryimage\"},\"thumbnailUrl\":\"https:\\\/\\\/folhapopular.info\\\/wp-content\\\/uploads\\\/2026\\\/04\\\/Nota-Fiscal.jpeg\",\"keywords\":[\"Nota Fiscal\",\"Nota Fiscal Eletr\u00f4nica\",\"Nota Fiscal F\u00e1cil\",\"Po\u00e7o das Antas\",\"Tal\u00e3o do produtor\",\"Teut\u00f4nia\",\"Westf\u00e1lia\"],\"articleSection\":[\"Destaques\",\"Economia\",\"Rural\"],\"inLanguage\":\"pt-BR\",\"potentialAction\":[{\"@type\":\"CommentAction\",\"name\":\"Comment\",\"target\":[\"https:\\\/\\\/folhapopular.info\\\/index.php\\\/2026\\\/04\\\/29\\\/nota-eletronica-se-torna-definitivamente-obrigatoria-para-produtores-rurais\\\/#respond\"]}]},{\"@type\":\"WebPage\",\"@id\":\"https:\\\/\\\/folhapopular.info\\\/index.php\\\/2026\\\/04\\\/29\\\/nota-eletronica-se-torna-definitivamente-obrigatoria-para-produtores-rurais\\\/\",\"url\":\"https:\\\/\\\/folhapopular.info\\\/index.php\\\/2026\\\/04\\\/29\\\/nota-eletronica-se-torna-definitivamente-obrigatoria-para-produtores-rurais\\\/\",\"name\":\"Nota eletr\u00f4nica se torna definitivamente obrigat\u00f3ria para produtores rurais - Folha Popular\",\"isPartOf\":{\"@id\":\"https:\\\/\\\/folhapopular.info\\\/#website\"},\"primaryImageOfPage\":{\"@id\":\"https:\\\/\\\/folhapopular.info\\\/index.php\\\/2026\\\/04\\\/29\\\/nota-eletronica-se-torna-definitivamente-obrigatoria-para-produtores-rurais\\\/#primaryimage\"},\"image\":{\"@id\":\"https:\\\/\\\/folhapopular.info\\\/index.php\\\/2026\\\/04\\\/29\\\/nota-eletronica-se-torna-definitivamente-obrigatoria-para-produtores-rurais\\\/#primaryimage\"},\"thumbnailUrl\":\"https:\\\/\\\/folhapopular.info\\\/wp-content\\\/uploads\\\/2026\\\/04\\\/Nota-Fiscal.jpeg\",\"datePublished\":\"2026-04-29T13:00:00+00:00\",\"author\":{\"@id\":\"https:\\\/\\\/folhapopular.info\\\/#\\\/schema\\\/person\\\/da0b2794f793376cb5dd908e88ca6911\"},\"breadcrumb\":{\"@id\":\"https:\\\/\\\/folhapopular.info\\\/index.php\\\/2026\\\/04\\\/29\\\/nota-eletronica-se-torna-definitivamente-obrigatoria-para-produtores-rurais\\\/#breadcrumb\"},\"inLanguage\":\"pt-BR\",\"potentialAction\":[{\"@type\":\"ReadAction\",\"target\":[\"https:\\\/\\\/folhapopular.info\\\/index.php\\\/2026\\\/04\\\/29\\\/nota-eletronica-se-torna-definitivamente-obrigatoria-para-produtores-rurais\\\/\"]}]},{\"@type\":\"ImageObject\",\"inLanguage\":\"pt-BR\",\"@id\":\"https:\\\/\\\/folhapopular.info\\\/index.php\\\/2026\\\/04\\\/29\\\/nota-eletronica-se-torna-definitivamente-obrigatoria-para-produtores-rurais\\\/#primaryimage\",\"url\":\"https:\\\/\\\/folhapopular.info\\\/wp-content\\\/uploads\\\/2026\\\/04\\\/Nota-Fiscal.jpeg\",\"contentUrl\":\"https:\\\/\\\/folhapopular.info\\\/wp-content\\\/uploads\\\/2026\\\/04\\\/Nota-Fiscal.jpeg\",\"width\":1200,\"height\":800,\"caption\":\"Padr\u00e3o que durou seis d\u00e9cadas, Tal\u00e3o do Produtor deixar\u00e1 de ser utilizado a partir do dia 1\u00ba de maio \\\/ Cr\u00e9dito: Thiago Maurique\"},{\"@type\":\"BreadcrumbList\",\"@id\":\"https:\\\/\\\/folhapopular.info\\\/index.php\\\/2026\\\/04\\\/29\\\/nota-eletronica-se-torna-definitivamente-obrigatoria-para-produtores-rurais\\\/#breadcrumb\",\"itemListElement\":[{\"@type\":\"ListItem\",\"position\":1,\"name\":\"In\u00edcio\",\"item\":\"https:\\\/\\\/folhapopular.info\\\/\"},{\"@type\":\"ListItem\",\"position\":2,\"name\":\"Nota eletr\u00f4nica se torna definitivamente obrigat\u00f3ria para produtores rurais\"}]},{\"@type\":\"WebSite\",\"@id\":\"https:\\\/\\\/folhapopular.info\\\/#website\",\"url\":\"https:\\\/\\\/folhapopular.info\\\/\",\"name\":\"Folha Popular\",\"description\":\"Onde voc\u00ea tem vez e voz\",\"potentialAction\":[{\"@type\":\"SearchAction\",\"target\":{\"@type\":\"EntryPoint\",\"urlTemplate\":\"https:\\\/\\\/folhapopular.info\\\/?s={search_term_string}\"},\"query-input\":{\"@type\":\"PropertyValueSpecification\",\"valueRequired\":true,\"valueName\":\"search_term_string\"}}],\"inLanguage\":\"pt-BR\"},{\"@type\":\"Person\",\"@id\":\"https:\\\/\\\/folhapopular.info\\\/#\\\/schema\\\/person\\\/da0b2794f793376cb5dd908e88ca6911\",\"name\":\"Thiago Maurique\",\"image\":{\"@type\":\"ImageObject\",\"inLanguage\":\"pt-BR\",\"@id\":\"https:\\\/\\\/folhapopular.info\\\/wp-content\\\/uploads\\\/2026\\\/04\\\/THIAGO-MAURIQUE-1-1.webp\",\"url\":\"https:\\\/\\\/folhapopular.info\\\/wp-content\\\/uploads\\\/2026\\\/04\\\/THIAGO-MAURIQUE-1-1.webp\",\"contentUrl\":\"https:\\\/\\\/folhapopular.info\\\/wp-content\\\/uploads\\\/2026\\\/04\\\/THIAGO-MAURIQUE-1-1.webp\",\"caption\":\"Thiago Maurique\"},\"url\":\"https:\\\/\\\/folhapopular.info\\\/index.php\\\/author\\\/thiago-maurique\\\/\"}]}<\/script>\n<!-- \/ Yoast SEO plugin. -->","yoast_head_json":{"title":"Nota eletr\u00f4nica se torna definitivamente obrigat\u00f3ria para produtores rurais - Folha Popular","robots":{"index":"index","follow":"follow","max-snippet":"max-snippet:-1","max-image-preview":"max-image-preview:large","max-video-preview":"max-video-preview:-1"},"canonical":"https:\/\/folhapopular.info\/index.php\/2026\/04\/29\/nota-eletronica-se-torna-definitivamente-obrigatoria-para-produtores-rurais\/","og_locale":"pt_BR","og_type":"article","og_title":"Nota eletr\u00f4nica se torna definitivamente obrigat\u00f3ria para produtores rurais - Folha Popular","og_description":"A obrigatoriedade da emiss\u00e3o de nota fiscal eletr\u00f4nica para produtores rurais entra em vigor a partir desta sexta-feira (1\u00ba\/5). A data encerra um ciclo de quase seis d\u00e9cadas de utiliza\u00e7\u00e3o do tradicional bloco de produtor e marca uma transi\u00e7\u00e3o estrutural na forma de comercializa\u00e7\u00e3o da produ\u00e7\u00e3o prim\u00e1ria. Para a presidente do Sindicato dos Trabalhadores Rurais [&hellip;]","og_url":"https:\/\/folhapopular.info\/index.php\/2026\/04\/29\/nota-eletronica-se-torna-definitivamente-obrigatoria-para-produtores-rurais\/","og_site_name":"Folha Popular","article_published_time":"2026-04-29T13:00:00+00:00","og_image":[{"width":1200,"height":800,"url":"https:\/\/folhapopular.info\/wp-content\/uploads\/2026\/04\/Nota-Fiscal.jpeg","type":"image\/jpeg"}],"author":"Thiago Maurique","twitter_card":"summary_large_image","twitter_misc":{"Escrito por":"Thiago Maurique","Est. tempo de leitura":"3 minutos"},"schema":{"@context":"https:\/\/schema.org","@graph":[{"@type":"Article","@id":"https:\/\/folhapopular.info\/index.php\/2026\/04\/29\/nota-eletronica-se-torna-definitivamente-obrigatoria-para-produtores-rurais\/#article","isPartOf":{"@id":"https:\/\/folhapopular.info\/index.php\/2026\/04\/29\/nota-eletronica-se-torna-definitivamente-obrigatoria-para-produtores-rurais\/"},"author":{"name":"Thiago Maurique","@id":"https:\/\/folhapopular.info\/#\/schema\/person\/da0b2794f793376cb5dd908e88ca6911"},"headline":"Nota eletr\u00f4nica se torna definitivamente obrigat\u00f3ria para produtores rurais","datePublished":"2026-04-29T13:00:00+00:00","mainEntityOfPage":{"@id":"https:\/\/folhapopular.info\/index.php\/2026\/04\/29\/nota-eletronica-se-torna-definitivamente-obrigatoria-para-produtores-rurais\/"},"wordCount":384,"commentCount":0,"image":{"@id":"https:\/\/folhapopular.info\/index.php\/2026\/04\/29\/nota-eletronica-se-torna-definitivamente-obrigatoria-para-produtores-rurais\/#primaryimage"},"thumbnailUrl":"https:\/\/folhapopular.info\/wp-content\/uploads\/2026\/04\/Nota-Fiscal.jpeg","keywords":["Nota Fiscal","Nota Fiscal Eletr\u00f4nica","Nota Fiscal F\u00e1cil","Po\u00e7o das Antas","Tal\u00e3o do produtor","Teut\u00f4nia","Westf\u00e1lia"],"articleSection":["Destaques","Economia","Rural"],"inLanguage":"pt-BR","potentialAction":[{"@type":"CommentAction","name":"Comment","target":["https:\/\/folhapopular.info\/index.php\/2026\/04\/29\/nota-eletronica-se-torna-definitivamente-obrigatoria-para-produtores-rurais\/#respond"]}]},{"@type":"WebPage","@id":"https:\/\/folhapopular.info\/index.php\/2026\/04\/29\/nota-eletronica-se-torna-definitivamente-obrigatoria-para-produtores-rurais\/","url":"https:\/\/folhapopular.info\/index.php\/2026\/04\/29\/nota-eletronica-se-torna-definitivamente-obrigatoria-para-produtores-rurais\/","name":"Nota eletr\u00f4nica se torna definitivamente obrigat\u00f3ria para produtores rurais - Folha Popular","isPartOf":{"@id":"https:\/\/folhapopular.info\/#website"},"primaryImageOfPage":{"@id":"https:\/\/folhapopular.info\/index.php\/2026\/04\/29\/nota-eletronica-se-torna-definitivamente-obrigatoria-para-produtores-rurais\/#primaryimage"},"image":{"@id":"https:\/\/folhapopular.info\/index.php\/2026\/04\/29\/nota-eletronica-se-torna-definitivamente-obrigatoria-para-produtores-rurais\/#primaryimage"},"thumbnailUrl":"https:\/\/folhapopular.info\/wp-content\/uploads\/2026\/04\/Nota-Fiscal.jpeg","datePublished":"2026-04-29T13:00:00+00:00","author":{"@id":"https:\/\/folhapopular.info\/#\/schema\/person\/da0b2794f793376cb5dd908e88ca6911"},"breadcrumb":{"@id":"https:\/\/folhapopular.info\/index.php\/2026\/04\/29\/nota-eletronica-se-torna-definitivamente-obrigatoria-para-produtores-rurais\/#breadcrumb"},"inLanguage":"pt-BR","potentialAction":[{"@type":"ReadAction","target":["https:\/\/folhapopular.info\/index.php\/2026\/04\/29\/nota-eletronica-se-torna-definitivamente-obrigatoria-para-produtores-rurais\/"]}]},{"@type":"ImageObject","inLanguage":"pt-BR","@id":"https:\/\/folhapopular.info\/index.php\/2026\/04\/29\/nota-eletronica-se-torna-definitivamente-obrigatoria-para-produtores-rurais\/#primaryimage","url":"https:\/\/folhapopular.info\/wp-content\/uploads\/2026\/04\/Nota-Fiscal.jpeg","contentUrl":"https:\/\/folhapopular.info\/wp-content\/uploads\/2026\/04\/Nota-Fiscal.jpeg","width":1200,"height":800,"caption":"Padr\u00e3o que durou seis d\u00e9cadas, Tal\u00e3o do Produtor deixar\u00e1 de ser utilizado a partir do dia 1\u00ba de maio \/ Cr\u00e9dito: Thiago Maurique"},{"@type":"BreadcrumbList","@id":"https:\/\/folhapopular.info\/index.php\/2026\/04\/29\/nota-eletronica-se-torna-definitivamente-obrigatoria-para-produtores-rurais\/#breadcrumb","itemListElement":[{"@type":"ListItem","position":1,"name":"In\u00edcio","item":"https:\/\/folhapopular.info\/"},{"@type":"ListItem","position":2,"name":"Nota eletr\u00f4nica se torna definitivamente obrigat\u00f3ria para produtores rurais"}]},{"@type":"WebSite","@id":"https:\/\/folhapopular.info\/#website","url":"https:\/\/folhapopular.info\/","name":"Folha Popular","description":"Onde voc\u00ea tem vez e voz","potentialAction":[{"@type":"SearchAction","target":{"@type":"EntryPoint","urlTemplate":"https:\/\/folhapopular.info\/?s={search_term_string}"},"query-input":{"@type":"PropertyValueSpecification","valueRequired":true,"valueName":"search_term_string"}}],"inLanguage":"pt-BR"},{"@type":"Person","@id":"https:\/\/folhapopular.info\/#\/schema\/person\/da0b2794f793376cb5dd908e88ca6911","name":"Thiago Maurique","image":{"@type":"ImageObject","inLanguage":"pt-BR","@id":"https:\/\/folhapopular.info\/wp-content\/uploads\/2026\/04\/THIAGO-MAURIQUE-1-1.webp","url":"https:\/\/folhapopular.info\/wp-content\/uploads\/2026\/04\/THIAGO-MAURIQUE-1-1.webp","contentUrl":"https:\/\/folhapopular.info\/wp-content\/uploads\/2026\/04\/THIAGO-MAURIQUE-1-1.webp","caption":"Thiago Maurique"},"url":"https:\/\/folhapopular.info\/index.php\/author\/thiago-maurique\/"}]}},"jetpack_featured_media_url":"https:\/\/folhapopular.info\/wp-content\/uploads\/2026\/04\/Nota-Fiscal.jpeg","jetpack_sharing_enabled":true,"amp_enabled":true,"_links":{"self":[{"href":"https:\/\/folhapopular.info\/index.php\/wp-json\/wp\/v2\/posts\/211792","targetHints":{"allow":["GET"]}}],"collection":[{"href":"https:\/\/folhapopular.info\/index.php\/wp-json\/wp\/v2\/posts"}],"about":[{"href":"https:\/\/folhapopular.info\/index.php\/wp-json\/wp\/v2\/types\/post"}],"author":[{"embeddable":true,"href":"https:\/\/folhapopular.info\/index.php\/wp-json\/wp\/v2\/users\/771"}],"replies":[{"embeddable":true,"href":"https:\/\/folhapopular.info\/index.php\/wp-json\/wp\/v2\/comments?post=211792"}],"version-history":[{"count":1,"href":"https:\/\/folhapopular.info\/index.php\/wp-json\/wp\/v2\/posts\/211792\/revisions"}],"predecessor-version":[{"id":211794,"href":"https:\/\/folhapopular.info\/index.php\/wp-json\/wp\/v2\/posts\/211792\/revisions\/211794"}],"wp:featuredmedia":[{"embeddable":true,"href":"https:\/\/folhapopular.info\/index.php\/wp-json\/wp\/v2\/media\/211793"}],"wp:attachment":[{"href":"https:\/\/folhapopular.info\/index.php\/wp-json\/wp\/v2\/media?parent=211792"}],"wp:term":[{"taxonomy":"category","embeddable":true,"href":"https:\/\/folhapopular.info\/index.php\/wp-json\/wp\/v2\/categories?post=211792"},{"taxonomy":"post_tag","embeddable":true,"href":"https:\/\/folhapopular.info\/index.php\/wp-json\/wp\/v2\/tags?post=211792"}],"curies":[{"name":"wp","href":"https:\/\/api.w.org\/{rel}","templated":true}]}}