{"id":211798,"date":"2026-04-29T12:00:00","date_gmt":"2026-04-29T15:00:00","guid":{"rendered":"https:\/\/folhapopular.info\/?p=211798"},"modified":"2026-04-29T08:32:45","modified_gmt":"2026-04-29T11:32:45","slug":"sucessao-planejada-e-alternancia-fortalecem-a-gestao-na-cooperagri","status":"publish","type":"post","link":"https:\/\/folhapopular.info\/index.php\/2026\/04\/29\/sucessao-planejada-e-alternancia-fortalecem-a-gestao-na-cooperagri\/","title":{"rendered":"Sucess\u00e3o planejada e altern\u00e2ncia fortalecem a gest\u00e3o na Cooperagri"},"content":{"rendered":"\n<p>A Cooperativa Agroindustrial S\u00e3o Jac\u00f3 (Cooperagri) aposta em um modelo de gest\u00e3o que tem a altern\u00e2ncia como princ\u00edpio de fortalecimento institucional. A passagem do cargo de Edson Ricardo Dahmer para Cl\u00e9o Maur\u00edcio Ahlert, em mar\u00e7o, representa a continuidade de uma filosofia constru\u00edda ao longo dos anos dentro da cooperativa.<\/p>\n\n\n\n<p>Integrante do conselho desde 2011, Edson explica que a altern\u00e2ncia foi sendo consolidada como uma pr\u00e1tica interna, mesmo sem imposi\u00e7\u00e3o direta do estatuto. \u201cO que a gente procurou estabelecer l\u00e1 dentro foi fazer trocas, mas n\u00e3o trocar todo mundo, para ter pessoas com experi\u00eancia e, claro, puxar gente nova para oxigenar as ideias\u201d, afirma.<\/p>\n\n\n\n<p>Segundo ele, esse modelo tem garantido equil\u00edbrio entre renova\u00e7\u00e3o e continuidade. \u201cEst\u00e1 funcionando muito bem. Fica uma parte, vem gente nova e, assim, a gente vai alternando\u201d, complementa.<\/p>\n\n\n\n<p>Embora o estatuto permita reelei\u00e7\u00f5es sucessivas, a decis\u00e3o de n\u00e3o prolongar mandatos surgiu de um entendimento interno. \u201cEu poderia ir de novo e de novo sem problema algum, mas n\u00e3o vejo a necessidade de me perpetuar. Vamos dar chance aos outros\u201d, destaca Edson.<\/p>\n\n\n\n<p>Cl\u00e9o Maur\u00edcio Ahlert assume a presid\u00eancia dentro desse contexto, ap\u00f3s j\u00e1 ter participado do conselho e acompanhado de perto a gest\u00e3o anterior. Ele admite que o convite inicial foi recebido com cautela, principalmente pelas demandas da propriedade rural. \u201cEu relutei um pouquinho no in\u00edcio, tamb\u00e9m porque n\u00e3o tinha muita folga para assumir a cooperativa no momento\u201d, conta.<\/p>\n\n\n\n<p>Ainda assim, o v\u00ednculo com a Cooperagri e o conhecimento acumulado ao longo dos anos pesaram na decis\u00e3o: \u201cA gente vai pegando gosto pela coisa, conhece bem o pessoal e tenta sempre ajudar da melhor forma poss\u00edvel\u201d.<\/p>\n\n\n\n<p>Para o novo presidente, a altern\u00e2ncia \u00e9 essencial para preservar o car\u00e1ter coletivo da cooperativa. \u201cAcho que n\u00e3o pode se criar ra\u00edzes l\u00e1 dentro. Tem pessoas e ideias novas que podem agregar. A cooperativa \u00e9 dos associados, n\u00e3o pode ser uma pessoa s\u00f3 no comando\u201d, ressalta.<\/p>\n\n\n\n<p>Esse modelo tamb\u00e9m dialoga com a pr\u00f3pria estrutura do cooperativismo, na qual os dirigentes s\u00e3o produtores e precisam conciliar a gest\u00e3o com suas atividades no campo. Cl\u00e9o atua na cooperativa em per\u00edodos espec\u00edficos da semana, tendo a propriedade como prioridade. \u201cA exig\u00eancia \u00e9 que 50% da renda venha da agricultura, ent\u00e3o \u00e9 dif\u00edcil largar tudo para assumir integralmente\u201d, complementa o presidente.<\/p>\n\n\n\n<p>A sucess\u00e3o, nesse sentido, n\u00e3o rompe com a gest\u00e3o anterior, mas mant\u00e9m uma linha de continuidade apoiada na experi\u00eancia acumulada e no trabalho em equipe. Edson refor\u00e7a a confian\u00e7a no sucessor. \u201cA Cooperagri est\u00e1 em \u00f3timas m\u00e3os. Disso eu n\u00e3o tenho d\u00favida\u201d, afirma.<\/p>\n\n\n\n<p>Mesmo com o foco na transi\u00e7\u00e3o de lideran\u00e7a, os desafios do setor seguem no radar. A cooperativa vem de um ano positivo em 2025, com crescimento de 13% e resultado l\u00edquido expressivo, mesmo diante de dificuldades no setor leiteiro.<\/p>\n\n\n\n<p>Para 2026, no entanto, o cen\u00e1rio \u00e9 mais incerto, com metas mais conservadoras e influ\u00eancia de fatores externos, como custos de insumos e instabilidade de mercado.<\/p>\n\n\n\n<p>Ainda assim, a base constru\u00edda pela cooperativa e o modelo de governan\u00e7a adotado refor\u00e7am a confian\u00e7a no futuro. A mensagem dos dirigentes \u00e9 de continuidade e abertura. \u201cO associado pode chegar l\u00e1, as portas est\u00e3o sempre abertas\u201d, afirma Cl\u00e9o. J\u00e1 Edson refor\u00e7a o compromisso com a transpar\u00eancia. \u201cOs n\u00fameros s\u00e3o mostrados como realmente s\u00e3o. N\u00e3o tem maquiagem\u201d, conclui.<\/p>\n","protected":false},"excerpt":{"rendered":"<p>A Cooperativa Agroindustrial S\u00e3o Jac\u00f3 (Cooperagri) aposta em um modelo de gest\u00e3o que tem a altern\u00e2ncia como princ\u00edpio de fortalecimento institucional. A passagem do cargo de Edson Ricardo Dahmer para Cl\u00e9o Maur\u00edcio Ahlert, em mar\u00e7o, representa a continuidade de uma filosofia constru\u00edda ao longo dos anos dentro da cooperativa. Integrante do conselho desde 2011, Edson [&hellip;]<\/p>\n","protected":false},"author":782,"featured_media":211799,"comment_status":"open","ping_status":"open","sticky":false,"template":"","format":"standard","meta":{"pmpro_default_level":"","_jetpack_memberships_contains_paid_content":false,"footnotes":""},"categories":[2,10991,10994],"tags":[20774,2226,19258,2303],"class_list":{"0":"post-211798","1":"post","2":"type-post","3":"status-publish","4":"format-standard","5":"has-post-thumbnail","7":"category-featured","8":"category-economia","9":"category-rural","10":"tag-cleo-mauricio-ahlert","11":"tag-cooperagri","12":"tag-cooperativa-agroindustrial-sao-jaco","13":"tag-cooperativismo","14":"pmpro-has-access"},"yoast_head":"<!-- This site is optimized with the Yoast SEO plugin v27.5 - https:\/\/yoast.com\/product\/yoast-seo-wordpress\/ -->\n<title>Sucess\u00e3o planejada e altern\u00e2ncia fortalecem a gest\u00e3o na Cooperagri - Folha Popular<\/title>\n<meta name=\"robots\" content=\"index, follow, max-snippet:-1, max-image-preview:large, max-video-preview:-1\" \/>\n<link rel=\"canonical\" href=\"https:\/\/folhapopular.info\/index.php\/2026\/04\/29\/sucessao-planejada-e-alternancia-fortalecem-a-gestao-na-cooperagri\/\" \/>\n<meta property=\"og:locale\" content=\"pt_BR\" \/>\n<meta property=\"og:type\" content=\"article\" \/>\n<meta property=\"og:title\" content=\"Sucess\u00e3o planejada e altern\u00e2ncia fortalecem a gest\u00e3o na Cooperagri - Folha Popular\" \/>\n<meta property=\"og:description\" content=\"A Cooperativa Agroindustrial S\u00e3o Jac\u00f3 (Cooperagri) aposta em um modelo de gest\u00e3o que tem a altern\u00e2ncia como princ\u00edpio de fortalecimento institucional. A passagem do cargo de Edson Ricardo Dahmer para Cl\u00e9o Maur\u00edcio Ahlert, em mar\u00e7o, representa a continuidade de uma filosofia constru\u00edda ao longo dos anos dentro da cooperativa. Integrante do conselho desde 2011, Edson [&hellip;]\" \/>\n<meta property=\"og:url\" content=\"https:\/\/folhapopular.info\/index.php\/2026\/04\/29\/sucessao-planejada-e-alternancia-fortalecem-a-gestao-na-cooperagri\/\" \/>\n<meta property=\"og:site_name\" content=\"Folha Popular\" \/>\n<meta property=\"article:published_time\" content=\"2026-04-29T15:00:00+00:00\" \/>\n<meta property=\"og:image\" content=\"https:\/\/folhapopular.info\/wp-content\/uploads\/2026\/04\/COOPERAGRI-Cleo-assume-a-gestao-enquanto-o-ex-presidente-Edson-fica-na-retaguarda-como-secretario_LLB.jpeg\" \/>\n\t<meta property=\"og:image:width\" content=\"1280\" \/>\n\t<meta property=\"og:image:height\" content=\"960\" \/>\n\t<meta property=\"og:image:type\" content=\"image\/jpeg\" \/>\n<meta name=\"author\" content=\"Rafaela Zappaz\" \/>\n<meta name=\"twitter:card\" content=\"summary_large_image\" \/>\n<meta name=\"twitter:label1\" content=\"Escrito por\" \/>\n\t<meta name=\"twitter:data1\" content=\"Rafaela Zappaz\" \/>\n\t<meta name=\"twitter:label2\" content=\"Est. tempo de leitura\" \/>\n\t<meta name=\"twitter:data2\" content=\"4 minutos\" \/>\n<script type=\"application\/ld+json\" class=\"yoast-schema-graph\">{\"@context\":\"https:\\\/\\\/schema.org\",\"@graph\":[{\"@type\":\"Article\",\"@id\":\"https:\\\/\\\/folhapopular.info\\\/index.php\\\/2026\\\/04\\\/29\\\/sucessao-planejada-e-alternancia-fortalecem-a-gestao-na-cooperagri\\\/#article\",\"isPartOf\":{\"@id\":\"https:\\\/\\\/folhapopular.info\\\/index.php\\\/2026\\\/04\\\/29\\\/sucessao-planejada-e-alternancia-fortalecem-a-gestao-na-cooperagri\\\/\"},\"author\":{\"name\":\"Rafaela Zappaz\",\"@id\":\"https:\\\/\\\/folhapopular.info\\\/#\\\/schema\\\/person\\\/87aa1d7488478bf03a40dc0a852db19d\"},\"headline\":\"Sucess\u00e3o planejada e altern\u00e2ncia fortalecem a gest\u00e3o na Cooperagri\",\"datePublished\":\"2026-04-29T15:00:00+00:00\",\"mainEntityOfPage\":{\"@id\":\"https:\\\/\\\/folhapopular.info\\\/index.php\\\/2026\\\/04\\\/29\\\/sucessao-planejada-e-alternancia-fortalecem-a-gestao-na-cooperagri\\\/\"},\"wordCount\":614,\"commentCount\":0,\"image\":{\"@id\":\"https:\\\/\\\/folhapopular.info\\\/index.php\\\/2026\\\/04\\\/29\\\/sucessao-planejada-e-alternancia-fortalecem-a-gestao-na-cooperagri\\\/#primaryimage\"},\"thumbnailUrl\":\"https:\\\/\\\/folhapopular.info\\\/wp-content\\\/uploads\\\/2026\\\/04\\\/COOPERAGRI-Cleo-assume-a-gestao-enquanto-o-ex-presidente-Edson-fica-na-retaguarda-como-secretario_LLB.jpeg\",\"keywords\":[\"Cl\u00e9o Maur\u00edcio Ahlert\",\"Cooperagri\",\"Cooperativa Agroindustrial S\u00e3o Jac\u00f3\",\"cooperativismo\"],\"articleSection\":[\"Destaques\",\"Economia\",\"Rural\"],\"inLanguage\":\"pt-BR\",\"potentialAction\":[{\"@type\":\"CommentAction\",\"name\":\"Comment\",\"target\":[\"https:\\\/\\\/folhapopular.info\\\/index.php\\\/2026\\\/04\\\/29\\\/sucessao-planejada-e-alternancia-fortalecem-a-gestao-na-cooperagri\\\/#respond\"]}]},{\"@type\":\"WebPage\",\"@id\":\"https:\\\/\\\/folhapopular.info\\\/index.php\\\/2026\\\/04\\\/29\\\/sucessao-planejada-e-alternancia-fortalecem-a-gestao-na-cooperagri\\\/\",\"url\":\"https:\\\/\\\/folhapopular.info\\\/index.php\\\/2026\\\/04\\\/29\\\/sucessao-planejada-e-alternancia-fortalecem-a-gestao-na-cooperagri\\\/\",\"name\":\"Sucess\u00e3o planejada e altern\u00e2ncia fortalecem a gest\u00e3o na Cooperagri - Folha Popular\",\"isPartOf\":{\"@id\":\"https:\\\/\\\/folhapopular.info\\\/#website\"},\"primaryImageOfPage\":{\"@id\":\"https:\\\/\\\/folhapopular.info\\\/index.php\\\/2026\\\/04\\\/29\\\/sucessao-planejada-e-alternancia-fortalecem-a-gestao-na-cooperagri\\\/#primaryimage\"},\"image\":{\"@id\":\"https:\\\/\\\/folhapopular.info\\\/index.php\\\/2026\\\/04\\\/29\\\/sucessao-planejada-e-alternancia-fortalecem-a-gestao-na-cooperagri\\\/#primaryimage\"},\"thumbnailUrl\":\"https:\\\/\\\/folhapopular.info\\\/wp-content\\\/uploads\\\/2026\\\/04\\\/COOPERAGRI-Cleo-assume-a-gestao-enquanto-o-ex-presidente-Edson-fica-na-retaguarda-como-secretario_LLB.jpeg\",\"datePublished\":\"2026-04-29T15:00:00+00:00\",\"author\":{\"@id\":\"https:\\\/\\\/folhapopular.info\\\/#\\\/schema\\\/person\\\/87aa1d7488478bf03a40dc0a852db19d\"},\"breadcrumb\":{\"@id\":\"https:\\\/\\\/folhapopular.info\\\/index.php\\\/2026\\\/04\\\/29\\\/sucessao-planejada-e-alternancia-fortalecem-a-gestao-na-cooperagri\\\/#breadcrumb\"},\"inLanguage\":\"pt-BR\",\"potentialAction\":[{\"@type\":\"ReadAction\",\"target\":[\"https:\\\/\\\/folhapopular.info\\\/index.php\\\/2026\\\/04\\\/29\\\/sucessao-planejada-e-alternancia-fortalecem-a-gestao-na-cooperagri\\\/\"]}]},{\"@type\":\"ImageObject\",\"inLanguage\":\"pt-BR\",\"@id\":\"https:\\\/\\\/folhapopular.info\\\/index.php\\\/2026\\\/04\\\/29\\\/sucessao-planejada-e-alternancia-fortalecem-a-gestao-na-cooperagri\\\/#primaryimage\",\"url\":\"https:\\\/\\\/folhapopular.info\\\/wp-content\\\/uploads\\\/2026\\\/04\\\/COOPERAGRI-Cleo-assume-a-gestao-enquanto-o-ex-presidente-Edson-fica-na-retaguarda-como-secretario_LLB.jpeg\",\"contentUrl\":\"https:\\\/\\\/folhapopular.info\\\/wp-content\\\/uploads\\\/2026\\\/04\\\/COOPERAGRI-Cleo-assume-a-gestao-enquanto-o-ex-presidente-Edson-fica-na-retaguarda-como-secretario_LLB.jpeg\",\"width\":1280,\"height\":960,\"caption\":\"Cl\u00e9o assume a gest\u00e3o, enquanto o ex-presidente Edson fica na retaguarda, como secret\u00e1rio \\\/ Lucas Leandro Brune\"},{\"@type\":\"BreadcrumbList\",\"@id\":\"https:\\\/\\\/folhapopular.info\\\/index.php\\\/2026\\\/04\\\/29\\\/sucessao-planejada-e-alternancia-fortalecem-a-gestao-na-cooperagri\\\/#breadcrumb\",\"itemListElement\":[{\"@type\":\"ListItem\",\"position\":1,\"name\":\"In\u00edcio\",\"item\":\"https:\\\/\\\/folhapopular.info\\\/\"},{\"@type\":\"ListItem\",\"position\":2,\"name\":\"Sucess\u00e3o planejada e altern\u00e2ncia fortalecem a gest\u00e3o na Cooperagri\"}]},{\"@type\":\"WebSite\",\"@id\":\"https:\\\/\\\/folhapopular.info\\\/#website\",\"url\":\"https:\\\/\\\/folhapopular.info\\\/\",\"name\":\"Folha Popular\",\"description\":\"Onde voc\u00ea tem vez e voz\",\"potentialAction\":[{\"@type\":\"SearchAction\",\"target\":{\"@type\":\"EntryPoint\",\"urlTemplate\":\"https:\\\/\\\/folhapopular.info\\\/?s={search_term_string}\"},\"query-input\":{\"@type\":\"PropertyValueSpecification\",\"valueRequired\":true,\"valueName\":\"search_term_string\"}}],\"inLanguage\":\"pt-BR\"},{\"@type\":\"Person\",\"@id\":\"https:\\\/\\\/folhapopular.info\\\/#\\\/schema\\\/person\\\/87aa1d7488478bf03a40dc0a852db19d\",\"name\":\"Rafaela Zappaz\",\"image\":{\"@type\":\"ImageObject\",\"inLanguage\":\"pt-BR\",\"@id\":\"https:\\\/\\\/secure.gravatar.com\\\/avatar\\\/7b6259df2b1311e565e2e930bcf599e41eca901dc1e0e850d699f28cc7ea8de8?s=96&d=mm&r=g\",\"url\":\"https:\\\/\\\/secure.gravatar.com\\\/avatar\\\/7b6259df2b1311e565e2e930bcf599e41eca901dc1e0e850d699f28cc7ea8de8?s=96&d=mm&r=g\",\"contentUrl\":\"https:\\\/\\\/secure.gravatar.com\\\/avatar\\\/7b6259df2b1311e565e2e930bcf599e41eca901dc1e0e850d699f28cc7ea8de8?s=96&d=mm&r=g\",\"caption\":\"Rafaela Zappaz\"},\"url\":\"https:\\\/\\\/folhapopular.info\\\/index.php\\\/author\\\/rafaela-zappaz\\\/\"}]}<\/script>\n<!-- \/ Yoast SEO plugin. -->","yoast_head_json":{"title":"Sucess\u00e3o planejada e altern\u00e2ncia fortalecem a gest\u00e3o na Cooperagri - Folha Popular","robots":{"index":"index","follow":"follow","max-snippet":"max-snippet:-1","max-image-preview":"max-image-preview:large","max-video-preview":"max-video-preview:-1"},"canonical":"https:\/\/folhapopular.info\/index.php\/2026\/04\/29\/sucessao-planejada-e-alternancia-fortalecem-a-gestao-na-cooperagri\/","og_locale":"pt_BR","og_type":"article","og_title":"Sucess\u00e3o planejada e altern\u00e2ncia fortalecem a gest\u00e3o na Cooperagri - Folha Popular","og_description":"A Cooperativa Agroindustrial S\u00e3o Jac\u00f3 (Cooperagri) aposta em um modelo de gest\u00e3o que tem a altern\u00e2ncia como princ\u00edpio de fortalecimento institucional. A passagem do cargo de Edson Ricardo Dahmer para Cl\u00e9o Maur\u00edcio Ahlert, em mar\u00e7o, representa a continuidade de uma filosofia constru\u00edda ao longo dos anos dentro da cooperativa. Integrante do conselho desde 2011, Edson [&hellip;]","og_url":"https:\/\/folhapopular.info\/index.php\/2026\/04\/29\/sucessao-planejada-e-alternancia-fortalecem-a-gestao-na-cooperagri\/","og_site_name":"Folha Popular","article_published_time":"2026-04-29T15:00:00+00:00","og_image":[{"width":1280,"height":960,"url":"https:\/\/folhapopular.info\/wp-content\/uploads\/2026\/04\/COOPERAGRI-Cleo-assume-a-gestao-enquanto-o-ex-presidente-Edson-fica-na-retaguarda-como-secretario_LLB.jpeg","type":"image\/jpeg"}],"author":"Rafaela Zappaz","twitter_card":"summary_large_image","twitter_misc":{"Escrito por":"Rafaela Zappaz","Est. tempo de leitura":"4 minutos"},"schema":{"@context":"https:\/\/schema.org","@graph":[{"@type":"Article","@id":"https:\/\/folhapopular.info\/index.php\/2026\/04\/29\/sucessao-planejada-e-alternancia-fortalecem-a-gestao-na-cooperagri\/#article","isPartOf":{"@id":"https:\/\/folhapopular.info\/index.php\/2026\/04\/29\/sucessao-planejada-e-alternancia-fortalecem-a-gestao-na-cooperagri\/"},"author":{"name":"Rafaela Zappaz","@id":"https:\/\/folhapopular.info\/#\/schema\/person\/87aa1d7488478bf03a40dc0a852db19d"},"headline":"Sucess\u00e3o planejada e altern\u00e2ncia fortalecem a gest\u00e3o na Cooperagri","datePublished":"2026-04-29T15:00:00+00:00","mainEntityOfPage":{"@id":"https:\/\/folhapopular.info\/index.php\/2026\/04\/29\/sucessao-planejada-e-alternancia-fortalecem-a-gestao-na-cooperagri\/"},"wordCount":614,"commentCount":0,"image":{"@id":"https:\/\/folhapopular.info\/index.php\/2026\/04\/29\/sucessao-planejada-e-alternancia-fortalecem-a-gestao-na-cooperagri\/#primaryimage"},"thumbnailUrl":"https:\/\/folhapopular.info\/wp-content\/uploads\/2026\/04\/COOPERAGRI-Cleo-assume-a-gestao-enquanto-o-ex-presidente-Edson-fica-na-retaguarda-como-secretario_LLB.jpeg","keywords":["Cl\u00e9o Maur\u00edcio Ahlert","Cooperagri","Cooperativa Agroindustrial S\u00e3o Jac\u00f3","cooperativismo"],"articleSection":["Destaques","Economia","Rural"],"inLanguage":"pt-BR","potentialAction":[{"@type":"CommentAction","name":"Comment","target":["https:\/\/folhapopular.info\/index.php\/2026\/04\/29\/sucessao-planejada-e-alternancia-fortalecem-a-gestao-na-cooperagri\/#respond"]}]},{"@type":"WebPage","@id":"https:\/\/folhapopular.info\/index.php\/2026\/04\/29\/sucessao-planejada-e-alternancia-fortalecem-a-gestao-na-cooperagri\/","url":"https:\/\/folhapopular.info\/index.php\/2026\/04\/29\/sucessao-planejada-e-alternancia-fortalecem-a-gestao-na-cooperagri\/","name":"Sucess\u00e3o planejada e altern\u00e2ncia fortalecem a gest\u00e3o na Cooperagri - Folha Popular","isPartOf":{"@id":"https:\/\/folhapopular.info\/#website"},"primaryImageOfPage":{"@id":"https:\/\/folhapopular.info\/index.php\/2026\/04\/29\/sucessao-planejada-e-alternancia-fortalecem-a-gestao-na-cooperagri\/#primaryimage"},"image":{"@id":"https:\/\/folhapopular.info\/index.php\/2026\/04\/29\/sucessao-planejada-e-alternancia-fortalecem-a-gestao-na-cooperagri\/#primaryimage"},"thumbnailUrl":"https:\/\/folhapopular.info\/wp-content\/uploads\/2026\/04\/COOPERAGRI-Cleo-assume-a-gestao-enquanto-o-ex-presidente-Edson-fica-na-retaguarda-como-secretario_LLB.jpeg","datePublished":"2026-04-29T15:00:00+00:00","author":{"@id":"https:\/\/folhapopular.info\/#\/schema\/person\/87aa1d7488478bf03a40dc0a852db19d"},"breadcrumb":{"@id":"https:\/\/folhapopular.info\/index.php\/2026\/04\/29\/sucessao-planejada-e-alternancia-fortalecem-a-gestao-na-cooperagri\/#breadcrumb"},"inLanguage":"pt-BR","potentialAction":[{"@type":"ReadAction","target":["https:\/\/folhapopular.info\/index.php\/2026\/04\/29\/sucessao-planejada-e-alternancia-fortalecem-a-gestao-na-cooperagri\/"]}]},{"@type":"ImageObject","inLanguage":"pt-BR","@id":"https:\/\/folhapopular.info\/index.php\/2026\/04\/29\/sucessao-planejada-e-alternancia-fortalecem-a-gestao-na-cooperagri\/#primaryimage","url":"https:\/\/folhapopular.info\/wp-content\/uploads\/2026\/04\/COOPERAGRI-Cleo-assume-a-gestao-enquanto-o-ex-presidente-Edson-fica-na-retaguarda-como-secretario_LLB.jpeg","contentUrl":"https:\/\/folhapopular.info\/wp-content\/uploads\/2026\/04\/COOPERAGRI-Cleo-assume-a-gestao-enquanto-o-ex-presidente-Edson-fica-na-retaguarda-como-secretario_LLB.jpeg","width":1280,"height":960,"caption":"Cl\u00e9o assume a gest\u00e3o, enquanto o ex-presidente Edson fica na retaguarda, como secret\u00e1rio \/ Lucas Leandro Brune"},{"@type":"BreadcrumbList","@id":"https:\/\/folhapopular.info\/index.php\/2026\/04\/29\/sucessao-planejada-e-alternancia-fortalecem-a-gestao-na-cooperagri\/#breadcrumb","itemListElement":[{"@type":"ListItem","position":1,"name":"In\u00edcio","item":"https:\/\/folhapopular.info\/"},{"@type":"ListItem","position":2,"name":"Sucess\u00e3o planejada e altern\u00e2ncia fortalecem a gest\u00e3o na Cooperagri"}]},{"@type":"WebSite","@id":"https:\/\/folhapopular.info\/#website","url":"https:\/\/folhapopular.info\/","name":"Folha Popular","description":"Onde voc\u00ea tem vez e voz","potentialAction":[{"@type":"SearchAction","target":{"@type":"EntryPoint","urlTemplate":"https:\/\/folhapopular.info\/?s={search_term_string}"},"query-input":{"@type":"PropertyValueSpecification","valueRequired":true,"valueName":"search_term_string"}}],"inLanguage":"pt-BR"},{"@type":"Person","@id":"https:\/\/folhapopular.info\/#\/schema\/person\/87aa1d7488478bf03a40dc0a852db19d","name":"Rafaela Zappaz","image":{"@type":"ImageObject","inLanguage":"pt-BR","@id":"https:\/\/secure.gravatar.com\/avatar\/7b6259df2b1311e565e2e930bcf599e41eca901dc1e0e850d699f28cc7ea8de8?s=96&d=mm&r=g","url":"https:\/\/secure.gravatar.com\/avatar\/7b6259df2b1311e565e2e930bcf599e41eca901dc1e0e850d699f28cc7ea8de8?s=96&d=mm&r=g","contentUrl":"https:\/\/secure.gravatar.com\/avatar\/7b6259df2b1311e565e2e930bcf599e41eca901dc1e0e850d699f28cc7ea8de8?s=96&d=mm&r=g","caption":"Rafaela Zappaz"},"url":"https:\/\/folhapopular.info\/index.php\/author\/rafaela-zappaz\/"}]}},"jetpack_featured_media_url":"https:\/\/folhapopular.info\/wp-content\/uploads\/2026\/04\/COOPERAGRI-Cleo-assume-a-gestao-enquanto-o-ex-presidente-Edson-fica-na-retaguarda-como-secretario_LLB.jpeg","jetpack_sharing_enabled":true,"amp_enabled":true,"_links":{"self":[{"href":"https:\/\/folhapopular.info\/index.php\/wp-json\/wp\/v2\/posts\/211798","targetHints":{"allow":["GET"]}}],"collection":[{"href":"https:\/\/folhapopular.info\/index.php\/wp-json\/wp\/v2\/posts"}],"about":[{"href":"https:\/\/folhapopular.info\/index.php\/wp-json\/wp\/v2\/types\/post"}],"author":[{"embeddable":true,"href":"https:\/\/folhapopular.info\/index.php\/wp-json\/wp\/v2\/users\/782"}],"replies":[{"embeddable":true,"href":"https:\/\/folhapopular.info\/index.php\/wp-json\/wp\/v2\/comments?post=211798"}],"version-history":[{"count":1,"href":"https:\/\/folhapopular.info\/index.php\/wp-json\/wp\/v2\/posts\/211798\/revisions"}],"predecessor-version":[{"id":211800,"href":"https:\/\/folhapopular.info\/index.php\/wp-json\/wp\/v2\/posts\/211798\/revisions\/211800"}],"wp:featuredmedia":[{"embeddable":true,"href":"https:\/\/folhapopular.info\/index.php\/wp-json\/wp\/v2\/media\/211799"}],"wp:attachment":[{"href":"https:\/\/folhapopular.info\/index.php\/wp-json\/wp\/v2\/media?parent=211798"}],"wp:term":[{"taxonomy":"category","embeddable":true,"href":"https:\/\/folhapopular.info\/index.php\/wp-json\/wp\/v2\/categories?post=211798"},{"taxonomy":"post_tag","embeddable":true,"href":"https:\/\/folhapopular.info\/index.php\/wp-json\/wp\/v2\/tags?post=211798"}],"curies":[{"name":"wp","href":"https:\/\/api.w.org\/{rel}","templated":true}]}}