{"id":211801,"date":"2026-04-29T16:00:00","date_gmt":"2026-04-29T19:00:00","guid":{"rendered":"https:\/\/folhapopular.info\/?p=211801"},"modified":"2026-04-29T08:41:23","modified_gmt":"2026-04-29T11:41:23","slug":"bombeiros-de-teutonia-celebram-aniversario-com-nova-turma-de-voluntarios","status":"publish","type":"post","link":"https:\/\/folhapopular.info\/index.php\/2026\/04\/29\/bombeiros-de-teutonia-celebram-aniversario-com-nova-turma-de-voluntarios\/","title":{"rendered":"Bombeiros de Teut\u00f4nia celebram anivers\u00e1rio com nova turma de volunt\u00e1rios"},"content":{"rendered":"\n<p>O Corpo de Bombeiros Volunt\u00e1rios de Teut\u00f4nia completou 24 anos de hist\u00f3ria na sexta-feira (24\/4). A corpora\u00e7\u00e3o atende os munic\u00edpios de Teut\u00f4nia, Paverama, Po\u00e7o das Antas e Westf\u00e1lia. No momento, 47 volunt\u00e1rios fazem parte do grupo. Mas uma nova turma, com 19 alunos, est\u00e1 em forma\u00e7\u00e3o. A formatura ser\u00e1 no dia 24 de outubro.<\/p>\n\n\n\n<p>Uma das alunas, Rochelle Carvalho da Cruz (22), conta que a motiva\u00e7\u00e3o para se voluntariar foi aprender e se preparar para situa\u00e7\u00f5es de emerg\u00eancia. \u201cJ\u00e1 presenciei alguns acidentes e queria ajudar de alguma forma, mas me sentia despreparada, com medo de agir como n\u00e3o deveria. Depois de conhecer o trabalho da corpora\u00e7\u00e3o, vi que ali conseguiria adquirir esse conhecimento\u201d, explica.<\/p>\n\n\n\n<p>At\u00e9 o momento, os participantes j\u00e1 tiveram dois m\u00f3dulos do curso. As aulas ocorrem no s\u00e1bado e domingo, de forma quinzenal. O treinamento engloba as diferentes tarefas do profissional, de atendimentos simples a resgates e acidentes. \u201cOs instrutores montam diversas cenas, desde uma press\u00e3o baixa at\u00e9 um atropelamento com m\u00faltiplas v\u00edtimas\u201d, relata Rochelle.<\/p>\n\n\n\n<p>Ela tamb\u00e9m agradece a corpora\u00e7\u00e3o pelo aprendizado e capacita\u00e7\u00e3o. \u201cOs instrutores s\u00e3o muito bem preparados, t\u00eam um conhecimento admir\u00e1vel\u201d, afirma.<\/p>\n\n\n\n<p>O voluntariado \u00e9 mais do que uma escolha, \u00e9 um compromisso com a comunidade. \u201cQuando eu vejo o al\u00edvio de um familiar vendo a equipe, confiando no nosso trabalho, o financeiro vira s\u00f3 um detalhe\u201d, aponta Rochelle.<\/p>\n\n\n\n<p>Os volunt\u00e1rios se disp\u00f5em a trabalhar quando algu\u00e9m mais precisa, a enfrentar situa\u00e7\u00f5es dif\u00edceis diariamente e a atuar em favor da comunidade sem retorno financeiro. Para ela, assim como para os outros volunt\u00e1rios, o que realmente importa \u00e9 fazer a diferen\u00e7a e salvar vidas.<\/p>\n\n\n\n<h2 class=\"wp-block-heading\"><strong>Atua\u00e7\u00e3o na comunidade<\/strong><\/h2>\n\n\n\n<p>Al\u00e9m do servi\u00e7o prestado diariamente, a corpora\u00e7\u00e3o ministra o projeto \u201cPrimeiros Socorros nas Escolas\u201d para todos os 9\u00ba anos do munic\u00edpio. O projeto surgiu atrav\u00e9s da aluna Diana Lenz durante o programa Jovem Empreendedor e hoje se concretiza junto ao poder p\u00fablico.<\/p>\n\n\n\n<p>O principal objetivo \u00e9 capacitar os estudantes para agirem em situa\u00e7\u00f5es de emerg\u00eancia, oferecendo conhecimentos que podem fazer a diferen\u00e7a at\u00e9 a chegada do atendimento especializado.<\/p>\n\n\n\n<p>O trabalho da corpora\u00e7\u00e3o j\u00e1 rendeu homenagens. Neste ano, em reconhecimento pelo trabalho durante \u00e0s enchentes, os Bombeiros Volunt\u00e1rios de Teut\u00f4nia receberam a medalha Her\u00f3is do Rio Grande. A iniciativa \u00e9 da Frente Parlamentar de Prote\u00e7\u00e3o e Defesa Civil da Assembleia Legislativa do Estado.<\/p>\n\n\n\n<h2 class=\"wp-block-heading\"><strong>Trajet\u00f3ria<\/strong><\/h2>\n\n\n\n<p>A cria\u00e7\u00e3o da corpora\u00e7\u00e3o em Teut\u00f4nia come\u00e7ou a ser articulada em 1997, em resposta \u00e0 necessidade de atendimentos mais \u00e1geis na regi\u00e3o. Na \u00e9poca, o servi\u00e7o de refer\u00eancia era o Corpo de Bombeiros Militar de Estrela.<\/p>\n\n\n\n<p>Sem a perspectiva de instala\u00e7\u00e3o de uma unidade militar no munic\u00edpio, a comunidade garantiu o atendimento por conta pr\u00f3pria e volunt\u00e1ria. Brigadistas de empresas locais se uniram para formar o grupo com o apoio de empresas privadas e da popula\u00e7\u00e3o. A Prefeitura de Teut\u00f4nia cedeu o terreno para a sede e a comunidade doou os materiais.<\/p>\n\n\n\n<p>Hoje, a equipe possui duas ambul\u00e2ncias, tr\u00eas caminh\u00f5es (um em atua\u00e7\u00e3o), uma camionete e uma embarca\u00e7\u00e3o. O alojamento acomoda 17 pessoas.<\/p>\n","protected":false},"excerpt":{"rendered":"<p>O Corpo de Bombeiros Volunt\u00e1rios de Teut\u00f4nia completou 24 anos de hist\u00f3ria na sexta-feira (24\/4). A corpora\u00e7\u00e3o atende os munic\u00edpios de Teut\u00f4nia, Paverama, Po\u00e7o das Antas e Westf\u00e1lia. No momento, 47 volunt\u00e1rios fazem parte do grupo. Mas uma nova turma, com 19 alunos, est\u00e1 em forma\u00e7\u00e3o. A formatura ser\u00e1 no dia 24 de outubro. Uma [&hellip;]<\/p>\n","protected":false},"author":673,"featured_media":211802,"comment_status":"open","ping_status":"open","sticky":false,"template":"","format":"standard","meta":{"pmpro_default_level":"","_jetpack_memberships_contains_paid_content":false,"footnotes":""},"categories":[2,6],"tags":[354,1372,46,40,26,11452],"class_list":{"0":"post-211801","1":"post","2":"type-post","3":"status-publish","4":"format-standard","5":"has-post-thumbnail","7":"category-featured","8":"category-inclusive","9":"tag-bombeiros-voluntarios","10":"tag-bombeiros-voluntarios-de-teutonia","11":"tag-paverama","12":"tag-poco-das-antas","13":"tag-teutonia","14":"tag-westfalia-5","15":"pmpro-has-access"},"yoast_head":"<!-- This site is optimized with the Yoast SEO plugin v27.5 - https:\/\/yoast.com\/product\/yoast-seo-wordpress\/ -->\n<title>Bombeiros de Teut\u00f4nia celebram anivers\u00e1rio com nova turma de volunt\u00e1rios - Folha Popular<\/title>\n<meta name=\"robots\" content=\"index, follow, max-snippet:-1, max-image-preview:large, max-video-preview:-1\" \/>\n<link rel=\"canonical\" href=\"https:\/\/folhapopular.info\/index.php\/2026\/04\/29\/bombeiros-de-teutonia-celebram-aniversario-com-nova-turma-de-voluntarios\/\" \/>\n<meta property=\"og:locale\" content=\"pt_BR\" \/>\n<meta property=\"og:type\" content=\"article\" \/>\n<meta property=\"og:title\" content=\"Bombeiros de Teut\u00f4nia celebram anivers\u00e1rio com nova turma de volunt\u00e1rios - Folha Popular\" \/>\n<meta property=\"og:description\" content=\"O Corpo de Bombeiros Volunt\u00e1rios de Teut\u00f4nia completou 24 anos de hist\u00f3ria na sexta-feira (24\/4). A corpora\u00e7\u00e3o atende os munic\u00edpios de Teut\u00f4nia, Paverama, Po\u00e7o das Antas e Westf\u00e1lia. No momento, 47 volunt\u00e1rios fazem parte do grupo. Mas uma nova turma, com 19 alunos, est\u00e1 em forma\u00e7\u00e3o. A formatura ser\u00e1 no dia 24 de outubro. Uma [&hellip;]\" \/>\n<meta property=\"og:url\" content=\"https:\/\/folhapopular.info\/index.php\/2026\/04\/29\/bombeiros-de-teutonia-celebram-aniversario-com-nova-turma-de-voluntarios\/\" \/>\n<meta property=\"og:site_name\" content=\"Folha Popular\" \/>\n<meta property=\"article:published_time\" content=\"2026-04-29T19:00:00+00:00\" \/>\n<meta property=\"og:image\" content=\"https:\/\/folhapopular.info\/wp-content\/uploads\/2026\/04\/Mais-19-voluntarios-irao-integrar-a-corporacao-em-outubro.jpeg\" \/>\n\t<meta property=\"og:image:width\" content=\"1600\" \/>\n\t<meta property=\"og:image:height\" content=\"1200\" \/>\n\t<meta property=\"og:image:type\" content=\"image\/jpeg\" \/>\n<meta name=\"author\" content=\"Let\u00edcia Echer\" \/>\n<meta name=\"twitter:card\" content=\"summary_large_image\" \/>\n<meta name=\"twitter:label1\" content=\"Escrito por\" \/>\n\t<meta name=\"twitter:data1\" content=\"Let\u00edcia Echer\" \/>\n\t<meta name=\"twitter:label2\" content=\"Est. tempo de leitura\" \/>\n\t<meta name=\"twitter:data2\" content=\"3 minutos\" \/>\n<script type=\"application\/ld+json\" class=\"yoast-schema-graph\">{\"@context\":\"https:\\\/\\\/schema.org\",\"@graph\":[{\"@type\":\"Article\",\"@id\":\"https:\\\/\\\/folhapopular.info\\\/index.php\\\/2026\\\/04\\\/29\\\/bombeiros-de-teutonia-celebram-aniversario-com-nova-turma-de-voluntarios\\\/#article\",\"isPartOf\":{\"@id\":\"https:\\\/\\\/folhapopular.info\\\/index.php\\\/2026\\\/04\\\/29\\\/bombeiros-de-teutonia-celebram-aniversario-com-nova-turma-de-voluntarios\\\/\"},\"author\":{\"name\":\"Let\u00edcia Echer\",\"@id\":\"https:\\\/\\\/folhapopular.info\\\/#\\\/schema\\\/person\\\/52b95b9c1c41ec0e826e7518183d0cc0\"},\"headline\":\"Bombeiros de Teut\u00f4nia celebram anivers\u00e1rio com nova turma de volunt\u00e1rios\",\"datePublished\":\"2026-04-29T19:00:00+00:00\",\"mainEntityOfPage\":{\"@id\":\"https:\\\/\\\/folhapopular.info\\\/index.php\\\/2026\\\/04\\\/29\\\/bombeiros-de-teutonia-celebram-aniversario-com-nova-turma-de-voluntarios\\\/\"},\"wordCount\":563,\"commentCount\":0,\"image\":{\"@id\":\"https:\\\/\\\/folhapopular.info\\\/index.php\\\/2026\\\/04\\\/29\\\/bombeiros-de-teutonia-celebram-aniversario-com-nova-turma-de-voluntarios\\\/#primaryimage\"},\"thumbnailUrl\":\"https:\\\/\\\/folhapopular.info\\\/wp-content\\\/uploads\\\/2026\\\/04\\\/Mais-19-voluntarios-irao-integrar-a-corporacao-em-outubro.jpeg\",\"keywords\":[\"Bombeiros Volunt\u00e1rios\",\"Bombeiros Volunt\u00e1rios de Teut\u00f4nia\",\"Paverama\",\"Po\u00e7o das Antas\",\"Teut\u00f4nia\",\"WESTF\u00c1LIA\"],\"articleSection\":[\"Destaques\",\"Inclusive\"],\"inLanguage\":\"pt-BR\",\"potentialAction\":[{\"@type\":\"CommentAction\",\"name\":\"Comment\",\"target\":[\"https:\\\/\\\/folhapopular.info\\\/index.php\\\/2026\\\/04\\\/29\\\/bombeiros-de-teutonia-celebram-aniversario-com-nova-turma-de-voluntarios\\\/#respond\"]}]},{\"@type\":\"WebPage\",\"@id\":\"https:\\\/\\\/folhapopular.info\\\/index.php\\\/2026\\\/04\\\/29\\\/bombeiros-de-teutonia-celebram-aniversario-com-nova-turma-de-voluntarios\\\/\",\"url\":\"https:\\\/\\\/folhapopular.info\\\/index.php\\\/2026\\\/04\\\/29\\\/bombeiros-de-teutonia-celebram-aniversario-com-nova-turma-de-voluntarios\\\/\",\"name\":\"Bombeiros de Teut\u00f4nia celebram anivers\u00e1rio com nova turma de volunt\u00e1rios - Folha Popular\",\"isPartOf\":{\"@id\":\"https:\\\/\\\/folhapopular.info\\\/#website\"},\"primaryImageOfPage\":{\"@id\":\"https:\\\/\\\/folhapopular.info\\\/index.php\\\/2026\\\/04\\\/29\\\/bombeiros-de-teutonia-celebram-aniversario-com-nova-turma-de-voluntarios\\\/#primaryimage\"},\"image\":{\"@id\":\"https:\\\/\\\/folhapopular.info\\\/index.php\\\/2026\\\/04\\\/29\\\/bombeiros-de-teutonia-celebram-aniversario-com-nova-turma-de-voluntarios\\\/#primaryimage\"},\"thumbnailUrl\":\"https:\\\/\\\/folhapopular.info\\\/wp-content\\\/uploads\\\/2026\\\/04\\\/Mais-19-voluntarios-irao-integrar-a-corporacao-em-outubro.jpeg\",\"datePublished\":\"2026-04-29T19:00:00+00:00\",\"author\":{\"@id\":\"https:\\\/\\\/folhapopular.info\\\/#\\\/schema\\\/person\\\/52b95b9c1c41ec0e826e7518183d0cc0\"},\"breadcrumb\":{\"@id\":\"https:\\\/\\\/folhapopular.info\\\/index.php\\\/2026\\\/04\\\/29\\\/bombeiros-de-teutonia-celebram-aniversario-com-nova-turma-de-voluntarios\\\/#breadcrumb\"},\"inLanguage\":\"pt-BR\",\"potentialAction\":[{\"@type\":\"ReadAction\",\"target\":[\"https:\\\/\\\/folhapopular.info\\\/index.php\\\/2026\\\/04\\\/29\\\/bombeiros-de-teutonia-celebram-aniversario-com-nova-turma-de-voluntarios\\\/\"]}]},{\"@type\":\"ImageObject\",\"inLanguage\":\"pt-BR\",\"@id\":\"https:\\\/\\\/folhapopular.info\\\/index.php\\\/2026\\\/04\\\/29\\\/bombeiros-de-teutonia-celebram-aniversario-com-nova-turma-de-voluntarios\\\/#primaryimage\",\"url\":\"https:\\\/\\\/folhapopular.info\\\/wp-content\\\/uploads\\\/2026\\\/04\\\/Mais-19-voluntarios-irao-integrar-a-corporacao-em-outubro.jpeg\",\"contentUrl\":\"https:\\\/\\\/folhapopular.info\\\/wp-content\\\/uploads\\\/2026\\\/04\\\/Mais-19-voluntarios-irao-integrar-a-corporacao-em-outubro.jpeg\",\"width\":1600,\"height\":1200,\"caption\":\"Mais 19 volunt\u00e1rios ir\u00e3o integrar a corpora\u00e7\u00e3o em outubro \\\/ Cr\u00e9dito: Divulga\u00e7\u00e3o\"},{\"@type\":\"BreadcrumbList\",\"@id\":\"https:\\\/\\\/folhapopular.info\\\/index.php\\\/2026\\\/04\\\/29\\\/bombeiros-de-teutonia-celebram-aniversario-com-nova-turma-de-voluntarios\\\/#breadcrumb\",\"itemListElement\":[{\"@type\":\"ListItem\",\"position\":1,\"name\":\"In\u00edcio\",\"item\":\"https:\\\/\\\/folhapopular.info\\\/\"},{\"@type\":\"ListItem\",\"position\":2,\"name\":\"Bombeiros de Teut\u00f4nia celebram anivers\u00e1rio com nova turma de volunt\u00e1rios\"}]},{\"@type\":\"WebSite\",\"@id\":\"https:\\\/\\\/folhapopular.info\\\/#website\",\"url\":\"https:\\\/\\\/folhapopular.info\\\/\",\"name\":\"Folha Popular\",\"description\":\"Onde voc\u00ea tem vez e voz\",\"potentialAction\":[{\"@type\":\"SearchAction\",\"target\":{\"@type\":\"EntryPoint\",\"urlTemplate\":\"https:\\\/\\\/folhapopular.info\\\/?s={search_term_string}\"},\"query-input\":{\"@type\":\"PropertyValueSpecification\",\"valueRequired\":true,\"valueName\":\"search_term_string\"}}],\"inLanguage\":\"pt-BR\"},{\"@type\":\"Person\",\"@id\":\"https:\\\/\\\/folhapopular.info\\\/#\\\/schema\\\/person\\\/52b95b9c1c41ec0e826e7518183d0cc0\",\"name\":\"Let\u00edcia Echer\",\"image\":{\"@type\":\"ImageObject\",\"inLanguage\":\"pt-BR\",\"@id\":\"https:\\\/\\\/secure.gravatar.com\\\/avatar\\\/303201b45d8f4e048c95808925ff8953fa7ebc0e52cb5b3af1fc9e3d52c95645?s=96&d=mm&r=g\",\"url\":\"https:\\\/\\\/secure.gravatar.com\\\/avatar\\\/303201b45d8f4e048c95808925ff8953fa7ebc0e52cb5b3af1fc9e3d52c95645?s=96&d=mm&r=g\",\"contentUrl\":\"https:\\\/\\\/secure.gravatar.com\\\/avatar\\\/303201b45d8f4e048c95808925ff8953fa7ebc0e52cb5b3af1fc9e3d52c95645?s=96&d=mm&r=g\",\"caption\":\"Let\u00edcia Echer\"},\"url\":\"https:\\\/\\\/folhapopular.info\\\/index.php\\\/author\\\/leticiaecher04gmail-com\\\/\"}]}<\/script>\n<!-- \/ Yoast SEO plugin. -->","yoast_head_json":{"title":"Bombeiros de Teut\u00f4nia celebram anivers\u00e1rio com nova turma de volunt\u00e1rios - Folha Popular","robots":{"index":"index","follow":"follow","max-snippet":"max-snippet:-1","max-image-preview":"max-image-preview:large","max-video-preview":"max-video-preview:-1"},"canonical":"https:\/\/folhapopular.info\/index.php\/2026\/04\/29\/bombeiros-de-teutonia-celebram-aniversario-com-nova-turma-de-voluntarios\/","og_locale":"pt_BR","og_type":"article","og_title":"Bombeiros de Teut\u00f4nia celebram anivers\u00e1rio com nova turma de volunt\u00e1rios - Folha Popular","og_description":"O Corpo de Bombeiros Volunt\u00e1rios de Teut\u00f4nia completou 24 anos de hist\u00f3ria na sexta-feira (24\/4). A corpora\u00e7\u00e3o atende os munic\u00edpios de Teut\u00f4nia, Paverama, Po\u00e7o das Antas e Westf\u00e1lia. No momento, 47 volunt\u00e1rios fazem parte do grupo. Mas uma nova turma, com 19 alunos, est\u00e1 em forma\u00e7\u00e3o. A formatura ser\u00e1 no dia 24 de outubro. Uma [&hellip;]","og_url":"https:\/\/folhapopular.info\/index.php\/2026\/04\/29\/bombeiros-de-teutonia-celebram-aniversario-com-nova-turma-de-voluntarios\/","og_site_name":"Folha Popular","article_published_time":"2026-04-29T19:00:00+00:00","og_image":[{"width":1600,"height":1200,"url":"https:\/\/folhapopular.info\/wp-content\/uploads\/2026\/04\/Mais-19-voluntarios-irao-integrar-a-corporacao-em-outubro.jpeg","type":"image\/jpeg"}],"author":"Let\u00edcia Echer","twitter_card":"summary_large_image","twitter_misc":{"Escrito por":"Let\u00edcia Echer","Est. tempo de leitura":"3 minutos"},"schema":{"@context":"https:\/\/schema.org","@graph":[{"@type":"Article","@id":"https:\/\/folhapopular.info\/index.php\/2026\/04\/29\/bombeiros-de-teutonia-celebram-aniversario-com-nova-turma-de-voluntarios\/#article","isPartOf":{"@id":"https:\/\/folhapopular.info\/index.php\/2026\/04\/29\/bombeiros-de-teutonia-celebram-aniversario-com-nova-turma-de-voluntarios\/"},"author":{"name":"Let\u00edcia Echer","@id":"https:\/\/folhapopular.info\/#\/schema\/person\/52b95b9c1c41ec0e826e7518183d0cc0"},"headline":"Bombeiros de Teut\u00f4nia celebram anivers\u00e1rio com nova turma de volunt\u00e1rios","datePublished":"2026-04-29T19:00:00+00:00","mainEntityOfPage":{"@id":"https:\/\/folhapopular.info\/index.php\/2026\/04\/29\/bombeiros-de-teutonia-celebram-aniversario-com-nova-turma-de-voluntarios\/"},"wordCount":563,"commentCount":0,"image":{"@id":"https:\/\/folhapopular.info\/index.php\/2026\/04\/29\/bombeiros-de-teutonia-celebram-aniversario-com-nova-turma-de-voluntarios\/#primaryimage"},"thumbnailUrl":"https:\/\/folhapopular.info\/wp-content\/uploads\/2026\/04\/Mais-19-voluntarios-irao-integrar-a-corporacao-em-outubro.jpeg","keywords":["Bombeiros Volunt\u00e1rios","Bombeiros Volunt\u00e1rios de Teut\u00f4nia","Paverama","Po\u00e7o das Antas","Teut\u00f4nia","WESTF\u00c1LIA"],"articleSection":["Destaques","Inclusive"],"inLanguage":"pt-BR","potentialAction":[{"@type":"CommentAction","name":"Comment","target":["https:\/\/folhapopular.info\/index.php\/2026\/04\/29\/bombeiros-de-teutonia-celebram-aniversario-com-nova-turma-de-voluntarios\/#respond"]}]},{"@type":"WebPage","@id":"https:\/\/folhapopular.info\/index.php\/2026\/04\/29\/bombeiros-de-teutonia-celebram-aniversario-com-nova-turma-de-voluntarios\/","url":"https:\/\/folhapopular.info\/index.php\/2026\/04\/29\/bombeiros-de-teutonia-celebram-aniversario-com-nova-turma-de-voluntarios\/","name":"Bombeiros de Teut\u00f4nia celebram anivers\u00e1rio com nova turma de volunt\u00e1rios - Folha Popular","isPartOf":{"@id":"https:\/\/folhapopular.info\/#website"},"primaryImageOfPage":{"@id":"https:\/\/folhapopular.info\/index.php\/2026\/04\/29\/bombeiros-de-teutonia-celebram-aniversario-com-nova-turma-de-voluntarios\/#primaryimage"},"image":{"@id":"https:\/\/folhapopular.info\/index.php\/2026\/04\/29\/bombeiros-de-teutonia-celebram-aniversario-com-nova-turma-de-voluntarios\/#primaryimage"},"thumbnailUrl":"https:\/\/folhapopular.info\/wp-content\/uploads\/2026\/04\/Mais-19-voluntarios-irao-integrar-a-corporacao-em-outubro.jpeg","datePublished":"2026-04-29T19:00:00+00:00","author":{"@id":"https:\/\/folhapopular.info\/#\/schema\/person\/52b95b9c1c41ec0e826e7518183d0cc0"},"breadcrumb":{"@id":"https:\/\/folhapopular.info\/index.php\/2026\/04\/29\/bombeiros-de-teutonia-celebram-aniversario-com-nova-turma-de-voluntarios\/#breadcrumb"},"inLanguage":"pt-BR","potentialAction":[{"@type":"ReadAction","target":["https:\/\/folhapopular.info\/index.php\/2026\/04\/29\/bombeiros-de-teutonia-celebram-aniversario-com-nova-turma-de-voluntarios\/"]}]},{"@type":"ImageObject","inLanguage":"pt-BR","@id":"https:\/\/folhapopular.info\/index.php\/2026\/04\/29\/bombeiros-de-teutonia-celebram-aniversario-com-nova-turma-de-voluntarios\/#primaryimage","url":"https:\/\/folhapopular.info\/wp-content\/uploads\/2026\/04\/Mais-19-voluntarios-irao-integrar-a-corporacao-em-outubro.jpeg","contentUrl":"https:\/\/folhapopular.info\/wp-content\/uploads\/2026\/04\/Mais-19-voluntarios-irao-integrar-a-corporacao-em-outubro.jpeg","width":1600,"height":1200,"caption":"Mais 19 volunt\u00e1rios ir\u00e3o integrar a corpora\u00e7\u00e3o em outubro \/ Cr\u00e9dito: Divulga\u00e7\u00e3o"},{"@type":"BreadcrumbList","@id":"https:\/\/folhapopular.info\/index.php\/2026\/04\/29\/bombeiros-de-teutonia-celebram-aniversario-com-nova-turma-de-voluntarios\/#breadcrumb","itemListElement":[{"@type":"ListItem","position":1,"name":"In\u00edcio","item":"https:\/\/folhapopular.info\/"},{"@type":"ListItem","position":2,"name":"Bombeiros de Teut\u00f4nia celebram anivers\u00e1rio com nova turma de volunt\u00e1rios"}]},{"@type":"WebSite","@id":"https:\/\/folhapopular.info\/#website","url":"https:\/\/folhapopular.info\/","name":"Folha Popular","description":"Onde voc\u00ea tem vez e voz","potentialAction":[{"@type":"SearchAction","target":{"@type":"EntryPoint","urlTemplate":"https:\/\/folhapopular.info\/?s={search_term_string}"},"query-input":{"@type":"PropertyValueSpecification","valueRequired":true,"valueName":"search_term_string"}}],"inLanguage":"pt-BR"},{"@type":"Person","@id":"https:\/\/folhapopular.info\/#\/schema\/person\/52b95b9c1c41ec0e826e7518183d0cc0","name":"Let\u00edcia Echer","image":{"@type":"ImageObject","inLanguage":"pt-BR","@id":"https:\/\/secure.gravatar.com\/avatar\/303201b45d8f4e048c95808925ff8953fa7ebc0e52cb5b3af1fc9e3d52c95645?s=96&d=mm&r=g","url":"https:\/\/secure.gravatar.com\/avatar\/303201b45d8f4e048c95808925ff8953fa7ebc0e52cb5b3af1fc9e3d52c95645?s=96&d=mm&r=g","contentUrl":"https:\/\/secure.gravatar.com\/avatar\/303201b45d8f4e048c95808925ff8953fa7ebc0e52cb5b3af1fc9e3d52c95645?s=96&d=mm&r=g","caption":"Let\u00edcia Echer"},"url":"https:\/\/folhapopular.info\/index.php\/author\/leticiaecher04gmail-com\/"}]}},"jetpack_featured_media_url":"https:\/\/folhapopular.info\/wp-content\/uploads\/2026\/04\/Mais-19-voluntarios-irao-integrar-a-corporacao-em-outubro.jpeg","jetpack_sharing_enabled":true,"amp_enabled":true,"_links":{"self":[{"href":"https:\/\/folhapopular.info\/index.php\/wp-json\/wp\/v2\/posts\/211801","targetHints":{"allow":["GET"]}}],"collection":[{"href":"https:\/\/folhapopular.info\/index.php\/wp-json\/wp\/v2\/posts"}],"about":[{"href":"https:\/\/folhapopular.info\/index.php\/wp-json\/wp\/v2\/types\/post"}],"author":[{"embeddable":true,"href":"https:\/\/folhapopular.info\/index.php\/wp-json\/wp\/v2\/users\/673"}],"replies":[{"embeddable":true,"href":"https:\/\/folhapopular.info\/index.php\/wp-json\/wp\/v2\/comments?post=211801"}],"version-history":[{"count":1,"href":"https:\/\/folhapopular.info\/index.php\/wp-json\/wp\/v2\/posts\/211801\/revisions"}],"predecessor-version":[{"id":211803,"href":"https:\/\/folhapopular.info\/index.php\/wp-json\/wp\/v2\/posts\/211801\/revisions\/211803"}],"wp:featuredmedia":[{"embeddable":true,"href":"https:\/\/folhapopular.info\/index.php\/wp-json\/wp\/v2\/media\/211802"}],"wp:attachment":[{"href":"https:\/\/folhapopular.info\/index.php\/wp-json\/wp\/v2\/media?parent=211801"}],"wp:term":[{"taxonomy":"category","embeddable":true,"href":"https:\/\/folhapopular.info\/index.php\/wp-json\/wp\/v2\/categories?post=211801"},{"taxonomy":"post_tag","embeddable":true,"href":"https:\/\/folhapopular.info\/index.php\/wp-json\/wp\/v2\/tags?post=211801"}],"curies":[{"name":"wp","href":"https:\/\/api.w.org\/{rel}","templated":true}]}}