{"id":211804,"date":"2026-04-29T17:00:00","date_gmt":"2026-04-29T20:00:00","guid":{"rendered":"https:\/\/folhapopular.info\/?p=211804"},"modified":"2026-04-29T10:55:59","modified_gmt":"2026-04-29T13:55:59","slug":"obra-do-cd-passarela-avanca-para-fase-estrutural","status":"publish","type":"post","link":"https:\/\/folhapopular.info\/index.php\/2026\/04\/29\/obra-do-cd-passarela-avanca-para-fase-estrutural\/","title":{"rendered":"Obra do CD Passarela avan\u00e7a para fase estrutural"},"content":{"rendered":"\n<p>A obra de implanta\u00e7\u00e3o do Centro de Distribui\u00e7\u00e3o (CD) do Grupo Passarela em Teut\u00f4nia avan\u00e7a para uma nova etapa e consolida o munic\u00edpio como um dos principais pontos log\u00edsticos da regi\u00e3o.<\/p>\n\n\n\n<p>Liderado pela LV Administradora de Im\u00f3veis LTDA, o empreendimento est\u00e1 atualmente em fase de terraplenagem e deve iniciar, nas pr\u00f3ximas semanas, a constru\u00e7\u00e3o da estrutura f\u00edsica, com a concretagem das sapatas e posterior montagem do pr\u00e9-moldado, j\u00e1 em fabrica\u00e7\u00e3o.<\/p>\n\n\n\n<p>Com \u00e1rea superior a 100 mil metros quadrados, o projeto prev\u00ea a constru\u00e7\u00e3o de um pavilh\u00e3o com cerca de 13,7 mil metros quadrados, podendo ultrapassar os 15 mil metros de \u00e1rea de armazenamento. Ser\u00e3o 46 docas para carga e descarga e um p\u00e1tio de aproximadamente 7 mil metros quadrados voltado ao estacionamento de caminh\u00f5es.<\/p>\n\n\n\n<p>O projeto tamb\u00e9m foi planejado com perspectiva de expans\u00e3o e possibilidade de dobrar a capacidade instalada. Al\u00e9m disso, a \u00e1rea onde o empreendimento \u00e9 implantado possui espa\u00e7os dispon\u00edveis para novos investimentos industriais e comerciais.<\/p>\n\n\n\n<p>A Administra\u00e7\u00e3o Municipal afirma que a obra amplia o potencial de forma\u00e7\u00e3o de um novo eixo de desenvolvimento em Teut\u00f4nia, com impactos diretos na atra\u00e7\u00e3o de empresas e na gera\u00e7\u00e3o de empregos: \u201cContribui diretamente para consolidar Teut\u00f4nia como um ambiente preparado para receber novos neg\u00f3cios e projetar um futuro ainda mais promissor\u201d.<\/p>\n\n\n\n<h2 class=\"wp-block-heading\"><strong>CD Passarela<\/strong><\/h2>\n\n\n\n<p>Opera\u00e7\u00e3o \u00e2ncora do empreendimento, o CD do Grupo Passarela ter\u00e1 capacidade para atender praticamente todas as unidades da rede no estado, com exce\u00e7\u00e3o de Erechim. De acordo com o diretor do grupo, Alexandre Simioni, a escolha por Teut\u00f4nia est\u00e1 diretamente ligada \u00e0 localiza\u00e7\u00e3o estrat\u00e9gica do munic\u00edpio. \u201cO Centro de Distribui\u00e7\u00e3o foi decidido para a cidade de Teut\u00f4nia justamente pela quest\u00e3o estrat\u00e9gica de localiza\u00e7\u00e3o\u201d, afirma.<\/p>\n\n\n\n<p>Segundo ele, o in\u00edcio das opera\u00e7\u00f5es deve ocorrer entre outubro e novembro. \u201cSer\u00e1 um CD completo, com estrutura para congelados, resfriados, hortifr\u00fati e para a parte seca\u201d, acrescenta.<\/p>\n\n\n\n<p>O investimento supera R$ 60 milh\u00f5es apenas na execu\u00e7\u00e3o da obra, o que refor\u00e7a o impacto econ\u00f4mico direto do projeto.<\/p>\n\n\n\n<p>Simioni tamb\u00e9m destaca o reflexo da expans\u00e3o na forma\u00e7\u00e3o de equipes. Segundo ele, a presen\u00e7a da empresa no munic\u00edpio j\u00e1 come\u00e7a a impactar o mercado de trabalho. \u201cAs pessoas come\u00e7am a perceber que a empresa oferece boas condi\u00e7\u00f5es de trabalho e oportunidades de crescimento. J\u00e1 temos pessoas que come\u00e7aram em Teut\u00f4nia e hoje ocupam posi\u00e7\u00f5es de lideran\u00e7a em outras lojas\u201d, observa.<\/p>\n\n\n\n<p>Para o Executivo, esse movimento fortalece a imagem da empresa como empregadora e contribui para a qualifica\u00e7\u00e3o dos servi\u00e7os prestados ao consumidor.<\/p>\n","protected":false},"excerpt":{"rendered":"<p>A obra de implanta\u00e7\u00e3o do Centro de Distribui\u00e7\u00e3o (CD) do Grupo Passarela em Teut\u00f4nia avan\u00e7a para uma nova etapa e consolida o munic\u00edpio como um dos principais pontos log\u00edsticos da regi\u00e3o. Liderado pela LV Administradora de Im\u00f3veis LTDA, o empreendimento est\u00e1 atualmente em fase de terraplenagem e deve iniciar, nas pr\u00f3ximas semanas, a constru\u00e7\u00e3o da [&hellip;]<\/p>\n","protected":false},"author":771,"featured_media":211805,"comment_status":"open","ping_status":"open","sticky":false,"template":"","format":"standard","meta":{"pmpro_default_level":"","_jetpack_memberships_contains_paid_content":false,"footnotes":""},"categories":[2,10991],"tags":[21105,644,14923,26],"class_list":{"0":"post-211804","1":"post","2":"type-post","3":"status-publish","4":"format-standard","5":"has-post-thumbnail","7":"category-featured","8":"category-economia","9":"tag-cd-passarela","10":"tag-passarela","11":"tag-passarela-supermercados","12":"tag-teutonia","13":"pmpro-has-access"},"yoast_head":"<!-- This site is optimized with the Yoast SEO plugin v27.5 - https:\/\/yoast.com\/product\/yoast-seo-wordpress\/ -->\n<title>Obra do CD Passarela avan\u00e7a para fase estrutural - Folha Popular<\/title>\n<meta name=\"robots\" content=\"index, follow, max-snippet:-1, max-image-preview:large, max-video-preview:-1\" \/>\n<link rel=\"canonical\" href=\"https:\/\/folhapopular.info\/index.php\/2026\/04\/29\/obra-do-cd-passarela-avanca-para-fase-estrutural\/\" \/>\n<meta property=\"og:locale\" content=\"pt_BR\" \/>\n<meta property=\"og:type\" content=\"article\" \/>\n<meta property=\"og:title\" content=\"Obra do CD Passarela avan\u00e7a para fase estrutural - Folha Popular\" \/>\n<meta property=\"og:description\" content=\"A obra de implanta\u00e7\u00e3o do Centro de Distribui\u00e7\u00e3o (CD) do Grupo Passarela em Teut\u00f4nia avan\u00e7a para uma nova etapa e consolida o munic\u00edpio como um dos principais pontos log\u00edsticos da regi\u00e3o. Liderado pela LV Administradora de Im\u00f3veis LTDA, o empreendimento est\u00e1 atualmente em fase de terraplenagem e deve iniciar, nas pr\u00f3ximas semanas, a constru\u00e7\u00e3o da [&hellip;]\" \/>\n<meta property=\"og:url\" content=\"https:\/\/folhapopular.info\/index.php\/2026\/04\/29\/obra-do-cd-passarela-avanca-para-fase-estrutural\/\" \/>\n<meta property=\"og:site_name\" content=\"Folha Popular\" \/>\n<meta property=\"article:published_time\" content=\"2026-04-29T20:00:00+00:00\" \/>\n<meta property=\"og:image\" content=\"https:\/\/folhapopular.info\/wp-content\/uploads\/2026\/04\/CD-Passarela-scaled.jpeg\" \/>\n\t<meta property=\"og:image:width\" content=\"2560\" \/>\n\t<meta property=\"og:image:height\" content=\"1920\" \/>\n\t<meta property=\"og:image:type\" content=\"image\/jpeg\" \/>\n<meta name=\"author\" content=\"Thiago Maurique\" \/>\n<meta name=\"twitter:card\" content=\"summary_large_image\" \/>\n<meta name=\"twitter:label1\" content=\"Escrito por\" \/>\n\t<meta name=\"twitter:data1\" content=\"Thiago Maurique\" \/>\n\t<meta name=\"twitter:label2\" content=\"Est. tempo de leitura\" \/>\n\t<meta name=\"twitter:data2\" content=\"3 minutos\" \/>\n<script type=\"application\/ld+json\" class=\"yoast-schema-graph\">{\"@context\":\"https:\\\/\\\/schema.org\",\"@graph\":[{\"@type\":\"Article\",\"@id\":\"https:\\\/\\\/folhapopular.info\\\/index.php\\\/2026\\\/04\\\/29\\\/obra-do-cd-passarela-avanca-para-fase-estrutural\\\/#article\",\"isPartOf\":{\"@id\":\"https:\\\/\\\/folhapopular.info\\\/index.php\\\/2026\\\/04\\\/29\\\/obra-do-cd-passarela-avanca-para-fase-estrutural\\\/\"},\"author\":{\"name\":\"Thiago Maurique\",\"@id\":\"https:\\\/\\\/folhapopular.info\\\/#\\\/schema\\\/person\\\/da0b2794f793376cb5dd908e88ca6911\"},\"headline\":\"Obra do CD Passarela avan\u00e7a para fase estrutural\",\"datePublished\":\"2026-04-29T20:00:00+00:00\",\"mainEntityOfPage\":{\"@id\":\"https:\\\/\\\/folhapopular.info\\\/index.php\\\/2026\\\/04\\\/29\\\/obra-do-cd-passarela-avanca-para-fase-estrutural\\\/\"},\"wordCount\":470,\"commentCount\":0,\"image\":{\"@id\":\"https:\\\/\\\/folhapopular.info\\\/index.php\\\/2026\\\/04\\\/29\\\/obra-do-cd-passarela-avanca-para-fase-estrutural\\\/#primaryimage\"},\"thumbnailUrl\":\"https:\\\/\\\/folhapopular.info\\\/wp-content\\\/uploads\\\/2026\\\/04\\\/CD-Passarela-scaled.jpeg\",\"keywords\":[\"CD Passarela\",\"Passarela\",\"Passarela Supermercados\",\"Teut\u00f4nia\"],\"articleSection\":[\"Destaques\",\"Economia\"],\"inLanguage\":\"pt-BR\",\"potentialAction\":[{\"@type\":\"CommentAction\",\"name\":\"Comment\",\"target\":[\"https:\\\/\\\/folhapopular.info\\\/index.php\\\/2026\\\/04\\\/29\\\/obra-do-cd-passarela-avanca-para-fase-estrutural\\\/#respond\"]}]},{\"@type\":\"WebPage\",\"@id\":\"https:\\\/\\\/folhapopular.info\\\/index.php\\\/2026\\\/04\\\/29\\\/obra-do-cd-passarela-avanca-para-fase-estrutural\\\/\",\"url\":\"https:\\\/\\\/folhapopular.info\\\/index.php\\\/2026\\\/04\\\/29\\\/obra-do-cd-passarela-avanca-para-fase-estrutural\\\/\",\"name\":\"Obra do CD Passarela avan\u00e7a para fase estrutural - Folha Popular\",\"isPartOf\":{\"@id\":\"https:\\\/\\\/folhapopular.info\\\/#website\"},\"primaryImageOfPage\":{\"@id\":\"https:\\\/\\\/folhapopular.info\\\/index.php\\\/2026\\\/04\\\/29\\\/obra-do-cd-passarela-avanca-para-fase-estrutural\\\/#primaryimage\"},\"image\":{\"@id\":\"https:\\\/\\\/folhapopular.info\\\/index.php\\\/2026\\\/04\\\/29\\\/obra-do-cd-passarela-avanca-para-fase-estrutural\\\/#primaryimage\"},\"thumbnailUrl\":\"https:\\\/\\\/folhapopular.info\\\/wp-content\\\/uploads\\\/2026\\\/04\\\/CD-Passarela-scaled.jpeg\",\"datePublished\":\"2026-04-29T20:00:00+00:00\",\"author\":{\"@id\":\"https:\\\/\\\/folhapopular.info\\\/#\\\/schema\\\/person\\\/da0b2794f793376cb5dd908e88ca6911\"},\"breadcrumb\":{\"@id\":\"https:\\\/\\\/folhapopular.info\\\/index.php\\\/2026\\\/04\\\/29\\\/obra-do-cd-passarela-avanca-para-fase-estrutural\\\/#breadcrumb\"},\"inLanguage\":\"pt-BR\",\"potentialAction\":[{\"@type\":\"ReadAction\",\"target\":[\"https:\\\/\\\/folhapopular.info\\\/index.php\\\/2026\\\/04\\\/29\\\/obra-do-cd-passarela-avanca-para-fase-estrutural\\\/\"]}]},{\"@type\":\"ImageObject\",\"inLanguage\":\"pt-BR\",\"@id\":\"https:\\\/\\\/folhapopular.info\\\/index.php\\\/2026\\\/04\\\/29\\\/obra-do-cd-passarela-avanca-para-fase-estrutural\\\/#primaryimage\",\"url\":\"https:\\\/\\\/folhapopular.info\\\/wp-content\\\/uploads\\\/2026\\\/04\\\/CD-Passarela-scaled.jpeg\",\"contentUrl\":\"https:\\\/\\\/folhapopular.info\\\/wp-content\\\/uploads\\\/2026\\\/04\\\/CD-Passarela-scaled.jpeg\",\"width\":2560,\"height\":1920,\"caption\":\"Investimento supera R$ 60 milh\u00f5es apenas na execu\u00e7\u00e3o da obra \\\/ Cr\u00e9dito: Thiago Maurique\"},{\"@type\":\"BreadcrumbList\",\"@id\":\"https:\\\/\\\/folhapopular.info\\\/index.php\\\/2026\\\/04\\\/29\\\/obra-do-cd-passarela-avanca-para-fase-estrutural\\\/#breadcrumb\",\"itemListElement\":[{\"@type\":\"ListItem\",\"position\":1,\"name\":\"In\u00edcio\",\"item\":\"https:\\\/\\\/folhapopular.info\\\/\"},{\"@type\":\"ListItem\",\"position\":2,\"name\":\"Obra do CD Passarela avan\u00e7a para fase estrutural\"}]},{\"@type\":\"WebSite\",\"@id\":\"https:\\\/\\\/folhapopular.info\\\/#website\",\"url\":\"https:\\\/\\\/folhapopular.info\\\/\",\"name\":\"Folha Popular\",\"description\":\"Onde voc\u00ea tem vez e voz\",\"potentialAction\":[{\"@type\":\"SearchAction\",\"target\":{\"@type\":\"EntryPoint\",\"urlTemplate\":\"https:\\\/\\\/folhapopular.info\\\/?s={search_term_string}\"},\"query-input\":{\"@type\":\"PropertyValueSpecification\",\"valueRequired\":true,\"valueName\":\"search_term_string\"}}],\"inLanguage\":\"pt-BR\"},{\"@type\":\"Person\",\"@id\":\"https:\\\/\\\/folhapopular.info\\\/#\\\/schema\\\/person\\\/da0b2794f793376cb5dd908e88ca6911\",\"name\":\"Thiago Maurique\",\"image\":{\"@type\":\"ImageObject\",\"inLanguage\":\"pt-BR\",\"@id\":\"https:\\\/\\\/folhapopular.info\\\/wp-content\\\/uploads\\\/2026\\\/04\\\/THIAGO-MAURIQUE-1-1.webp\",\"url\":\"https:\\\/\\\/folhapopular.info\\\/wp-content\\\/uploads\\\/2026\\\/04\\\/THIAGO-MAURIQUE-1-1.webp\",\"contentUrl\":\"https:\\\/\\\/folhapopular.info\\\/wp-content\\\/uploads\\\/2026\\\/04\\\/THIAGO-MAURIQUE-1-1.webp\",\"caption\":\"Thiago Maurique\"},\"url\":\"https:\\\/\\\/folhapopular.info\\\/index.php\\\/author\\\/thiago-maurique\\\/\"}]}<\/script>\n<!-- \/ Yoast SEO plugin. -->","yoast_head_json":{"title":"Obra do CD Passarela avan\u00e7a para fase estrutural - Folha Popular","robots":{"index":"index","follow":"follow","max-snippet":"max-snippet:-1","max-image-preview":"max-image-preview:large","max-video-preview":"max-video-preview:-1"},"canonical":"https:\/\/folhapopular.info\/index.php\/2026\/04\/29\/obra-do-cd-passarela-avanca-para-fase-estrutural\/","og_locale":"pt_BR","og_type":"article","og_title":"Obra do CD Passarela avan\u00e7a para fase estrutural - Folha Popular","og_description":"A obra de implanta\u00e7\u00e3o do Centro de Distribui\u00e7\u00e3o (CD) do Grupo Passarela em Teut\u00f4nia avan\u00e7a para uma nova etapa e consolida o munic\u00edpio como um dos principais pontos log\u00edsticos da regi\u00e3o. Liderado pela LV Administradora de Im\u00f3veis LTDA, o empreendimento est\u00e1 atualmente em fase de terraplenagem e deve iniciar, nas pr\u00f3ximas semanas, a constru\u00e7\u00e3o da [&hellip;]","og_url":"https:\/\/folhapopular.info\/index.php\/2026\/04\/29\/obra-do-cd-passarela-avanca-para-fase-estrutural\/","og_site_name":"Folha Popular","article_published_time":"2026-04-29T20:00:00+00:00","og_image":[{"width":2560,"height":1920,"url":"https:\/\/folhapopular.info\/wp-content\/uploads\/2026\/04\/CD-Passarela-scaled.jpeg","type":"image\/jpeg"}],"author":"Thiago Maurique","twitter_card":"summary_large_image","twitter_misc":{"Escrito por":"Thiago Maurique","Est. tempo de leitura":"3 minutos"},"schema":{"@context":"https:\/\/schema.org","@graph":[{"@type":"Article","@id":"https:\/\/folhapopular.info\/index.php\/2026\/04\/29\/obra-do-cd-passarela-avanca-para-fase-estrutural\/#article","isPartOf":{"@id":"https:\/\/folhapopular.info\/index.php\/2026\/04\/29\/obra-do-cd-passarela-avanca-para-fase-estrutural\/"},"author":{"name":"Thiago Maurique","@id":"https:\/\/folhapopular.info\/#\/schema\/person\/da0b2794f793376cb5dd908e88ca6911"},"headline":"Obra do CD Passarela avan\u00e7a para fase estrutural","datePublished":"2026-04-29T20:00:00+00:00","mainEntityOfPage":{"@id":"https:\/\/folhapopular.info\/index.php\/2026\/04\/29\/obra-do-cd-passarela-avanca-para-fase-estrutural\/"},"wordCount":470,"commentCount":0,"image":{"@id":"https:\/\/folhapopular.info\/index.php\/2026\/04\/29\/obra-do-cd-passarela-avanca-para-fase-estrutural\/#primaryimage"},"thumbnailUrl":"https:\/\/folhapopular.info\/wp-content\/uploads\/2026\/04\/CD-Passarela-scaled.jpeg","keywords":["CD Passarela","Passarela","Passarela Supermercados","Teut\u00f4nia"],"articleSection":["Destaques","Economia"],"inLanguage":"pt-BR","potentialAction":[{"@type":"CommentAction","name":"Comment","target":["https:\/\/folhapopular.info\/index.php\/2026\/04\/29\/obra-do-cd-passarela-avanca-para-fase-estrutural\/#respond"]}]},{"@type":"WebPage","@id":"https:\/\/folhapopular.info\/index.php\/2026\/04\/29\/obra-do-cd-passarela-avanca-para-fase-estrutural\/","url":"https:\/\/folhapopular.info\/index.php\/2026\/04\/29\/obra-do-cd-passarela-avanca-para-fase-estrutural\/","name":"Obra do CD Passarela avan\u00e7a para fase estrutural - Folha Popular","isPartOf":{"@id":"https:\/\/folhapopular.info\/#website"},"primaryImageOfPage":{"@id":"https:\/\/folhapopular.info\/index.php\/2026\/04\/29\/obra-do-cd-passarela-avanca-para-fase-estrutural\/#primaryimage"},"image":{"@id":"https:\/\/folhapopular.info\/index.php\/2026\/04\/29\/obra-do-cd-passarela-avanca-para-fase-estrutural\/#primaryimage"},"thumbnailUrl":"https:\/\/folhapopular.info\/wp-content\/uploads\/2026\/04\/CD-Passarela-scaled.jpeg","datePublished":"2026-04-29T20:00:00+00:00","author":{"@id":"https:\/\/folhapopular.info\/#\/schema\/person\/da0b2794f793376cb5dd908e88ca6911"},"breadcrumb":{"@id":"https:\/\/folhapopular.info\/index.php\/2026\/04\/29\/obra-do-cd-passarela-avanca-para-fase-estrutural\/#breadcrumb"},"inLanguage":"pt-BR","potentialAction":[{"@type":"ReadAction","target":["https:\/\/folhapopular.info\/index.php\/2026\/04\/29\/obra-do-cd-passarela-avanca-para-fase-estrutural\/"]}]},{"@type":"ImageObject","inLanguage":"pt-BR","@id":"https:\/\/folhapopular.info\/index.php\/2026\/04\/29\/obra-do-cd-passarela-avanca-para-fase-estrutural\/#primaryimage","url":"https:\/\/folhapopular.info\/wp-content\/uploads\/2026\/04\/CD-Passarela-scaled.jpeg","contentUrl":"https:\/\/folhapopular.info\/wp-content\/uploads\/2026\/04\/CD-Passarela-scaled.jpeg","width":2560,"height":1920,"caption":"Investimento supera R$ 60 milh\u00f5es apenas na execu\u00e7\u00e3o da obra \/ Cr\u00e9dito: Thiago Maurique"},{"@type":"BreadcrumbList","@id":"https:\/\/folhapopular.info\/index.php\/2026\/04\/29\/obra-do-cd-passarela-avanca-para-fase-estrutural\/#breadcrumb","itemListElement":[{"@type":"ListItem","position":1,"name":"In\u00edcio","item":"https:\/\/folhapopular.info\/"},{"@type":"ListItem","position":2,"name":"Obra do CD Passarela avan\u00e7a para fase estrutural"}]},{"@type":"WebSite","@id":"https:\/\/folhapopular.info\/#website","url":"https:\/\/folhapopular.info\/","name":"Folha Popular","description":"Onde voc\u00ea tem vez e voz","potentialAction":[{"@type":"SearchAction","target":{"@type":"EntryPoint","urlTemplate":"https:\/\/folhapopular.info\/?s={search_term_string}"},"query-input":{"@type":"PropertyValueSpecification","valueRequired":true,"valueName":"search_term_string"}}],"inLanguage":"pt-BR"},{"@type":"Person","@id":"https:\/\/folhapopular.info\/#\/schema\/person\/da0b2794f793376cb5dd908e88ca6911","name":"Thiago Maurique","image":{"@type":"ImageObject","inLanguage":"pt-BR","@id":"https:\/\/folhapopular.info\/wp-content\/uploads\/2026\/04\/THIAGO-MAURIQUE-1-1.webp","url":"https:\/\/folhapopular.info\/wp-content\/uploads\/2026\/04\/THIAGO-MAURIQUE-1-1.webp","contentUrl":"https:\/\/folhapopular.info\/wp-content\/uploads\/2026\/04\/THIAGO-MAURIQUE-1-1.webp","caption":"Thiago Maurique"},"url":"https:\/\/folhapopular.info\/index.php\/author\/thiago-maurique\/"}]}},"jetpack_featured_media_url":"https:\/\/folhapopular.info\/wp-content\/uploads\/2026\/04\/CD-Passarela-scaled.jpeg","jetpack_sharing_enabled":true,"amp_enabled":true,"_links":{"self":[{"href":"https:\/\/folhapopular.info\/index.php\/wp-json\/wp\/v2\/posts\/211804","targetHints":{"allow":["GET"]}}],"collection":[{"href":"https:\/\/folhapopular.info\/index.php\/wp-json\/wp\/v2\/posts"}],"about":[{"href":"https:\/\/folhapopular.info\/index.php\/wp-json\/wp\/v2\/types\/post"}],"author":[{"embeddable":true,"href":"https:\/\/folhapopular.info\/index.php\/wp-json\/wp\/v2\/users\/771"}],"replies":[{"embeddable":true,"href":"https:\/\/folhapopular.info\/index.php\/wp-json\/wp\/v2\/comments?post=211804"}],"version-history":[{"count":1,"href":"https:\/\/folhapopular.info\/index.php\/wp-json\/wp\/v2\/posts\/211804\/revisions"}],"predecessor-version":[{"id":211819,"href":"https:\/\/folhapopular.info\/index.php\/wp-json\/wp\/v2\/posts\/211804\/revisions\/211819"}],"wp:featuredmedia":[{"embeddable":true,"href":"https:\/\/folhapopular.info\/index.php\/wp-json\/wp\/v2\/media\/211805"}],"wp:attachment":[{"href":"https:\/\/folhapopular.info\/index.php\/wp-json\/wp\/v2\/media?parent=211804"}],"wp:term":[{"taxonomy":"category","embeddable":true,"href":"https:\/\/folhapopular.info\/index.php\/wp-json\/wp\/v2\/categories?post=211804"},{"taxonomy":"post_tag","embeddable":true,"href":"https:\/\/folhapopular.info\/index.php\/wp-json\/wp\/v2\/tags?post=211804"}],"curies":[{"name":"wp","href":"https:\/\/api.w.org\/{rel}","templated":true}]}}