{"id":211806,"date":"2026-04-29T15:48:53","date_gmt":"2026-04-29T18:48:53","guid":{"rendered":"https:\/\/folhapopular.info\/?p=211806"},"modified":"2026-04-29T15:48:58","modified_gmt":"2026-04-29T18:48:58","slug":"projeto-primeiros-socorros-nas-escolas-e-ampliado-a-todas-as-turmas-de-9o-ano-da-rede-municipal-de-teutonia","status":"publish","type":"post","link":"https:\/\/folhapopular.info\/index.php\/2026\/04\/29\/projeto-primeiros-socorros-nas-escolas-e-ampliado-a-todas-as-turmas-de-9o-ano-da-rede-municipal-de-teutonia\/","title":{"rendered":"Projeto \u201cPrimeiros Socorros nas Escolas\u201d \u00e9 ampliado a todas as turmas de 9\u00ba ano da rede municipal de Teut\u00f4nia"},"content":{"rendered":"\n<p>A Administra\u00e7\u00e3o Municipal de Teut\u00f4nia, por meio da Secretaria de Educa\u00e7\u00e3o, em parceria com o Corpo de Bombeiros Volunt\u00e1rios de Teut\u00f4nia, amplia em 2026 o projeto \u201cPrimeiros Socorros nas Escolas\u201d para todos os alunos dos 9\u00ba anos da rede municipal de ensino.<\/p>\n\n\n\n<p>A iniciativa teve origem em 2025, a partir de um projeto desenvolvido pela aluna Diana Lenz durante o programa Jovem Empreendedor, promovido pelo Instituto Manager com apoio da Prefeitura. Como etapa inicial, a proposta foi aplicada de forma piloto na Emef Leopoldo Klepker, envolvendo estudantes do 9\u00ba ano.<\/p>\n\n\n\n<p>Com resultados positivos, o projeto foi expandido e passa, neste ano, a integrar o cronograma das escolas municipais, levando no\u00e7\u00f5es b\u00e1sicas de primeiros socorros aos jovens.<\/p>\n\n\n\n<p>O principal objetivo \u00e9 capacitar os estudantes para agir em situa\u00e7\u00f5es de emerg\u00eancia, oferecendo conhecimentos que podem fazer a diferen\u00e7a at\u00e9 a chegada de atendimento especializado. Al\u00e9m disso, a proposta tamb\u00e9m incentiva que os alunos se tornem multiplicadores dessas informa\u00e7\u00f5es, compartilhando o aprendizado com familiares e a comunidade.<\/p>\n\n\n\n<figure class=\"wp-block-image size-large\"><img loading=\"lazy\" decoding=\"async\" width=\"1024\" height=\"768\" src=\"https:\/\/folhapopular.info\/wp-content\/uploads\/2026\/04\/WhatsApp-Image-2026-04-28-at-10.46.19-1024x768.jpeg\" alt=\"\" class=\"wp-image-211884\" srcset=\"https:\/\/folhapopular.info\/wp-content\/uploads\/2026\/04\/WhatsApp-Image-2026-04-28-at-10.46.19-1024x768.jpeg 1024w, https:\/\/folhapopular.info\/wp-content\/uploads\/2026\/04\/WhatsApp-Image-2026-04-28-at-10.46.19-300x225.jpeg 300w, https:\/\/folhapopular.info\/wp-content\/uploads\/2026\/04\/WhatsApp-Image-2026-04-28-at-10.46.19-768x576.jpeg 768w, https:\/\/folhapopular.info\/wp-content\/uploads\/2026\/04\/WhatsApp-Image-2026-04-28-at-10.46.19-560x420.jpeg 560w, https:\/\/folhapopular.info\/wp-content\/uploads\/2026\/04\/WhatsApp-Image-2026-04-28-at-10.46.19-80x60.jpeg 80w, https:\/\/folhapopular.info\/wp-content\/uploads\/2026\/04\/WhatsApp-Image-2026-04-28-at-10.46.19-696x522.jpeg 696w, https:\/\/folhapopular.info\/wp-content\/uploads\/2026\/04\/WhatsApp-Image-2026-04-28-at-10.46.19-1068x801.jpeg 1068w, https:\/\/folhapopular.info\/wp-content\/uploads\/2026\/04\/WhatsApp-Image-2026-04-28-at-10.46.19.jpeg 1280w\" sizes=\"auto, (max-width: 1024px) 100vw, 1024px\" \/><figcaption class=\"wp-element-caption\">Cr\u00e9dito: Alana Gaussmann Flores \/ AI Prefeitura de Teut\u00f4nia<\/figcaption><\/figure>\n\n\n\n<h2 class=\"wp-block-heading\">Mat\u00e9ria relacionada<\/h2>\n\n\n\n<figure class=\"wp-block-embed is-type-wp-embed is-provider-folha-popular wp-block-embed-folha-popular\"><div class=\"wp-block-embed__wrapper\">\n<blockquote class=\"wp-embedded-content\" data-secret=\"j27UTD44MK\"><a href=\"https:\/\/folhapopular.info\/index.php\/2025\/11\/16\/projeto-de-teutonia-vence-etapa-regional-da-olimpiada-do-jovem-empreendedor\/\">Projeto de Teut\u00f4nia vence etapa regional da Olimp\u00edada do Jovem Empreendedor<\/a><\/blockquote><iframe loading=\"lazy\" class=\"wp-embedded-content\" sandbox=\"allow-scripts\" security=\"restricted\" style=\"position: absolute; visibility: hidden;\" title=\"&#8220;Projeto de Teut\u00f4nia vence etapa regional da Olimp\u00edada do Jovem Empreendedor&#8221; &#8212; Folha Popular\" src=\"https:\/\/folhapopular.info\/index.php\/2025\/11\/16\/projeto-de-teutonia-vence-etapa-regional-da-olimpiada-do-jovem-empreendedor\/embed\/#?secret=rhnLpK1Ypb#?secret=j27UTD44MK\" data-secret=\"j27UTD44MK\" width=\"600\" height=\"338\" frameborder=\"0\" marginwidth=\"0\" marginheight=\"0\" scrolling=\"no\"><\/iframe>\n<\/div><\/figure>\n","protected":false},"excerpt":{"rendered":"<p>A Administra\u00e7\u00e3o Municipal de Teut\u00f4nia, por meio da Secretaria de Educa\u00e7\u00e3o, em parceria com o Corpo de Bombeiros Volunt\u00e1rios de Teut\u00f4nia, amplia em 2026 o projeto \u201cPrimeiros Socorros nas Escolas\u201d para todos os alunos dos 9\u00ba anos da rede municipal de ensino. A iniciativa teve origem em 2025, a partir de um projeto desenvolvido pela [&hellip;]<\/p>\n","protected":false},"author":8,"featured_media":211883,"comment_status":"open","ping_status":"open","sticky":false,"template":"","format":"standard","meta":{"pmpro_default_level":"","_jetpack_memberships_contains_paid_content":false,"footnotes":""},"categories":[2,3,10986],"tags":[1372,73,21120,3587,26],"class_list":{"0":"post-211806","1":"post","2":"type-post","3":"status-publish","4":"format-standard","5":"has-post-thumbnail","7":"category-featured","8":"category-geral","9":"category-saude","10":"tag-bombeiros-voluntarios-de-teutonia","11":"tag-educacao","12":"tag-primeiros-socorros-nas-escolas","13":"tag-rede-municipal-de-ensino","14":"tag-teutonia","15":"pmpro-has-access"},"yoast_head":"<!-- This site is optimized with the Yoast SEO plugin v27.5 - https:\/\/yoast.com\/product\/yoast-seo-wordpress\/ -->\n<title>Projeto \u201cPrimeiros Socorros nas Escolas\u201d \u00e9 ampliado a todas as turmas de 9\u00ba ano da rede municipal de Teut\u00f4nia - Folha Popular<\/title>\n<meta name=\"description\" content=\"Projeto \u201cPrimeiros Socorros nas Escolas\u201d \u00e9 ampliado a todas as turmas de 9\u00ba ano da rede municipal de Teut\u00f4nia.\" \/>\n<meta name=\"robots\" content=\"index, follow, max-snippet:-1, max-image-preview:large, max-video-preview:-1\" \/>\n<link rel=\"canonical\" href=\"https:\/\/folhapopular.info\/index.php\/2026\/04\/29\/projeto-primeiros-socorros-nas-escolas-e-ampliado-a-todas-as-turmas-de-9o-ano-da-rede-municipal-de-teutonia\/\" \/>\n<meta property=\"og:locale\" content=\"pt_BR\" \/>\n<meta property=\"og:type\" content=\"article\" \/>\n<meta property=\"og:title\" content=\"Projeto \u201cPrimeiros Socorros nas Escolas\u201d \u00e9 ampliado a todas as turmas de 9\u00ba ano da rede municipal de Teut\u00f4nia - Folha Popular\" \/>\n<meta property=\"og:description\" content=\"Projeto \u201cPrimeiros Socorros nas Escolas\u201d \u00e9 ampliado a todas as turmas de 9\u00ba ano da rede municipal de Teut\u00f4nia.\" \/>\n<meta property=\"og:url\" content=\"https:\/\/folhapopular.info\/index.php\/2026\/04\/29\/projeto-primeiros-socorros-nas-escolas-e-ampliado-a-todas-as-turmas-de-9o-ano-da-rede-municipal-de-teutonia\/\" \/>\n<meta property=\"og:site_name\" content=\"Folha Popular\" \/>\n<meta property=\"article:published_time\" content=\"2026-04-29T18:48:53+00:00\" \/>\n<meta property=\"article:modified_time\" content=\"2026-04-29T18:48:58+00:00\" \/>\n<meta property=\"og:image\" content=\"https:\/\/folhapopular.info\/wp-content\/uploads\/2026\/04\/WhatsApp-Image-2026-04-28-at-10.46.129.jpeg\" \/>\n\t<meta property=\"og:image:width\" content=\"1280\" \/>\n\t<meta property=\"og:image:height\" content=\"960\" \/>\n\t<meta property=\"og:image:type\" content=\"image\/jpeg\" \/>\n<meta name=\"author\" content=\"Reda\u00e7\u00e3o Folha Popular\" \/>\n<meta name=\"twitter:card\" content=\"summary_large_image\" \/>\n<meta name=\"twitter:label1\" content=\"Escrito por\" \/>\n\t<meta name=\"twitter:data1\" content=\"Reda\u00e7\u00e3o Folha Popular\" \/>\n\t<meta name=\"twitter:label2\" content=\"Est. tempo de leitura\" \/>\n\t<meta name=\"twitter:data2\" content=\"2 minutos\" \/>\n<script type=\"application\/ld+json\" class=\"yoast-schema-graph\">{\"@context\":\"https:\\\/\\\/schema.org\",\"@graph\":[{\"@type\":\"Article\",\"@id\":\"https:\\\/\\\/folhapopular.info\\\/index.php\\\/2026\\\/04\\\/29\\\/projeto-primeiros-socorros-nas-escolas-e-ampliado-a-todas-as-turmas-de-9o-ano-da-rede-municipal-de-teutonia\\\/#article\",\"isPartOf\":{\"@id\":\"https:\\\/\\\/folhapopular.info\\\/index.php\\\/2026\\\/04\\\/29\\\/projeto-primeiros-socorros-nas-escolas-e-ampliado-a-todas-as-turmas-de-9o-ano-da-rede-municipal-de-teutonia\\\/\"},\"author\":{\"name\":\"Reda\u00e7\u00e3o Folha Popular\",\"@id\":\"https:\\\/\\\/folhapopular.info\\\/#\\\/schema\\\/person\\\/2814e8a0df7643585a9ca38bc6eb9d4b\"},\"headline\":\"Projeto \u201cPrimeiros Socorros nas Escolas\u201d \u00e9 ampliado a todas as turmas de 9\u00ba ano da rede municipal de Teut\u00f4nia\",\"datePublished\":\"2026-04-29T18:48:53+00:00\",\"dateModified\":\"2026-04-29T18:48:58+00:00\",\"mainEntityOfPage\":{\"@id\":\"https:\\\/\\\/folhapopular.info\\\/index.php\\\/2026\\\/04\\\/29\\\/projeto-primeiros-socorros-nas-escolas-e-ampliado-a-todas-as-turmas-de-9o-ano-da-rede-municipal-de-teutonia\\\/\"},\"wordCount\":209,\"commentCount\":0,\"image\":{\"@id\":\"https:\\\/\\\/folhapopular.info\\\/index.php\\\/2026\\\/04\\\/29\\\/projeto-primeiros-socorros-nas-escolas-e-ampliado-a-todas-as-turmas-de-9o-ano-da-rede-municipal-de-teutonia\\\/#primaryimage\"},\"thumbnailUrl\":\"https:\\\/\\\/folhapopular.info\\\/wp-content\\\/uploads\\\/2026\\\/04\\\/WhatsApp-Image-2026-04-28-at-10.46.129.jpeg\",\"keywords\":[\"Bombeiros Volunt\u00e1rios de Teut\u00f4nia\",\"Educa\u00e7\u00e3o\",\"Primeiros Socorros nas Escolas\",\"Rede Municipal de Ensino\",\"Teut\u00f4nia\"],\"articleSection\":[\"Destaques\",\"Geral\",\"Sa\u00fade\"],\"inLanguage\":\"pt-BR\",\"potentialAction\":[{\"@type\":\"CommentAction\",\"name\":\"Comment\",\"target\":[\"https:\\\/\\\/folhapopular.info\\\/index.php\\\/2026\\\/04\\\/29\\\/projeto-primeiros-socorros-nas-escolas-e-ampliado-a-todas-as-turmas-de-9o-ano-da-rede-municipal-de-teutonia\\\/#respond\"]}]},{\"@type\":\"WebPage\",\"@id\":\"https:\\\/\\\/folhapopular.info\\\/index.php\\\/2026\\\/04\\\/29\\\/projeto-primeiros-socorros-nas-escolas-e-ampliado-a-todas-as-turmas-de-9o-ano-da-rede-municipal-de-teutonia\\\/\",\"url\":\"https:\\\/\\\/folhapopular.info\\\/index.php\\\/2026\\\/04\\\/29\\\/projeto-primeiros-socorros-nas-escolas-e-ampliado-a-todas-as-turmas-de-9o-ano-da-rede-municipal-de-teutonia\\\/\",\"name\":\"Projeto \u201cPrimeiros Socorros nas Escolas\u201d \u00e9 ampliado a todas as turmas de 9\u00ba ano da rede municipal de Teut\u00f4nia - Folha Popular\",\"isPartOf\":{\"@id\":\"https:\\\/\\\/folhapopular.info\\\/#website\"},\"primaryImageOfPage\":{\"@id\":\"https:\\\/\\\/folhapopular.info\\\/index.php\\\/2026\\\/04\\\/29\\\/projeto-primeiros-socorros-nas-escolas-e-ampliado-a-todas-as-turmas-de-9o-ano-da-rede-municipal-de-teutonia\\\/#primaryimage\"},\"image\":{\"@id\":\"https:\\\/\\\/folhapopular.info\\\/index.php\\\/2026\\\/04\\\/29\\\/projeto-primeiros-socorros-nas-escolas-e-ampliado-a-todas-as-turmas-de-9o-ano-da-rede-municipal-de-teutonia\\\/#primaryimage\"},\"thumbnailUrl\":\"https:\\\/\\\/folhapopular.info\\\/wp-content\\\/uploads\\\/2026\\\/04\\\/WhatsApp-Image-2026-04-28-at-10.46.129.jpeg\",\"datePublished\":\"2026-04-29T18:48:53+00:00\",\"dateModified\":\"2026-04-29T18:48:58+00:00\",\"author\":{\"@id\":\"https:\\\/\\\/folhapopular.info\\\/#\\\/schema\\\/person\\\/2814e8a0df7643585a9ca38bc6eb9d4b\"},\"description\":\"Projeto \u201cPrimeiros Socorros nas Escolas\u201d \u00e9 ampliado a todas as turmas de 9\u00ba ano da rede municipal de Teut\u00f4nia.\",\"breadcrumb\":{\"@id\":\"https:\\\/\\\/folhapopular.info\\\/index.php\\\/2026\\\/04\\\/29\\\/projeto-primeiros-socorros-nas-escolas-e-ampliado-a-todas-as-turmas-de-9o-ano-da-rede-municipal-de-teutonia\\\/#breadcrumb\"},\"inLanguage\":\"pt-BR\",\"potentialAction\":[{\"@type\":\"ReadAction\",\"target\":[\"https:\\\/\\\/folhapopular.info\\\/index.php\\\/2026\\\/04\\\/29\\\/projeto-primeiros-socorros-nas-escolas-e-ampliado-a-todas-as-turmas-de-9o-ano-da-rede-municipal-de-teutonia\\\/\"]}]},{\"@type\":\"ImageObject\",\"inLanguage\":\"pt-BR\",\"@id\":\"https:\\\/\\\/folhapopular.info\\\/index.php\\\/2026\\\/04\\\/29\\\/projeto-primeiros-socorros-nas-escolas-e-ampliado-a-todas-as-turmas-de-9o-ano-da-rede-municipal-de-teutonia\\\/#primaryimage\",\"url\":\"https:\\\/\\\/folhapopular.info\\\/wp-content\\\/uploads\\\/2026\\\/04\\\/WhatsApp-Image-2026-04-28-at-10.46.129.jpeg\",\"contentUrl\":\"https:\\\/\\\/folhapopular.info\\\/wp-content\\\/uploads\\\/2026\\\/04\\\/WhatsApp-Image-2026-04-28-at-10.46.129.jpeg\",\"width\":1280,\"height\":960,\"caption\":\"Cr\u00e9dito: Alana Gaussmann Flores \\\/ AI Prefeitura de Teut\u00f4nia\"},{\"@type\":\"BreadcrumbList\",\"@id\":\"https:\\\/\\\/folhapopular.info\\\/index.php\\\/2026\\\/04\\\/29\\\/projeto-primeiros-socorros-nas-escolas-e-ampliado-a-todas-as-turmas-de-9o-ano-da-rede-municipal-de-teutonia\\\/#breadcrumb\",\"itemListElement\":[{\"@type\":\"ListItem\",\"position\":1,\"name\":\"In\u00edcio\",\"item\":\"https:\\\/\\\/folhapopular.info\\\/\"},{\"@type\":\"ListItem\",\"position\":2,\"name\":\"Projeto \u201cPrimeiros Socorros nas Escolas\u201d \u00e9 ampliado a todas as turmas de 9\u00ba ano da rede municipal de Teut\u00f4nia\"}]},{\"@type\":\"WebSite\",\"@id\":\"https:\\\/\\\/folhapopular.info\\\/#website\",\"url\":\"https:\\\/\\\/folhapopular.info\\\/\",\"name\":\"Folha Popular\",\"description\":\"Onde voc\u00ea tem vez e voz\",\"potentialAction\":[{\"@type\":\"SearchAction\",\"target\":{\"@type\":\"EntryPoint\",\"urlTemplate\":\"https:\\\/\\\/folhapopular.info\\\/?s={search_term_string}\"},\"query-input\":{\"@type\":\"PropertyValueSpecification\",\"valueRequired\":true,\"valueName\":\"search_term_string\"}}],\"inLanguage\":\"pt-BR\"},{\"@type\":\"Person\",\"@id\":\"https:\\\/\\\/folhapopular.info\\\/#\\\/schema\\\/person\\\/2814e8a0df7643585a9ca38bc6eb9d4b\",\"name\":\"Reda\u00e7\u00e3o Folha Popular\",\"image\":{\"@type\":\"ImageObject\",\"inLanguage\":\"pt-BR\",\"@id\":\"https:\\\/\\\/folhapopular.info\\\/wp-content\\\/uploads\\\/2026\\\/04\\\/Folha-1.webp\",\"url\":\"https:\\\/\\\/folhapopular.info\\\/wp-content\\\/uploads\\\/2026\\\/04\\\/Folha-1.webp\",\"contentUrl\":\"https:\\\/\\\/folhapopular.info\\\/wp-content\\\/uploads\\\/2026\\\/04\\\/Folha-1.webp\",\"caption\":\"Reda\u00e7\u00e3o Folha Popular\"},\"url\":\"https:\\\/\\\/folhapopular.info\\\/index.php\\\/author\\\/redacao\\\/\"}]}<\/script>\n<!-- \/ Yoast SEO plugin. -->","yoast_head_json":{"title":"Projeto \u201cPrimeiros Socorros nas Escolas\u201d \u00e9 ampliado a todas as turmas de 9\u00ba ano da rede municipal de Teut\u00f4nia - Folha Popular","description":"Projeto \u201cPrimeiros Socorros nas Escolas\u201d \u00e9 ampliado a todas as turmas de 9\u00ba ano da rede municipal de Teut\u00f4nia.","robots":{"index":"index","follow":"follow","max-snippet":"max-snippet:-1","max-image-preview":"max-image-preview:large","max-video-preview":"max-video-preview:-1"},"canonical":"https:\/\/folhapopular.info\/index.php\/2026\/04\/29\/projeto-primeiros-socorros-nas-escolas-e-ampliado-a-todas-as-turmas-de-9o-ano-da-rede-municipal-de-teutonia\/","og_locale":"pt_BR","og_type":"article","og_title":"Projeto \u201cPrimeiros Socorros nas Escolas\u201d \u00e9 ampliado a todas as turmas de 9\u00ba ano da rede municipal de Teut\u00f4nia - Folha Popular","og_description":"Projeto \u201cPrimeiros Socorros nas Escolas\u201d \u00e9 ampliado a todas as turmas de 9\u00ba ano da rede municipal de Teut\u00f4nia.","og_url":"https:\/\/folhapopular.info\/index.php\/2026\/04\/29\/projeto-primeiros-socorros-nas-escolas-e-ampliado-a-todas-as-turmas-de-9o-ano-da-rede-municipal-de-teutonia\/","og_site_name":"Folha Popular","article_published_time":"2026-04-29T18:48:53+00:00","article_modified_time":"2026-04-29T18:48:58+00:00","og_image":[{"width":1280,"height":960,"url":"https:\/\/folhapopular.info\/wp-content\/uploads\/2026\/04\/WhatsApp-Image-2026-04-28-at-10.46.129.jpeg","type":"image\/jpeg"}],"author":"Reda\u00e7\u00e3o Folha Popular","twitter_card":"summary_large_image","twitter_misc":{"Escrito por":"Reda\u00e7\u00e3o Folha Popular","Est. tempo de leitura":"2 minutos"},"schema":{"@context":"https:\/\/schema.org","@graph":[{"@type":"Article","@id":"https:\/\/folhapopular.info\/index.php\/2026\/04\/29\/projeto-primeiros-socorros-nas-escolas-e-ampliado-a-todas-as-turmas-de-9o-ano-da-rede-municipal-de-teutonia\/#article","isPartOf":{"@id":"https:\/\/folhapopular.info\/index.php\/2026\/04\/29\/projeto-primeiros-socorros-nas-escolas-e-ampliado-a-todas-as-turmas-de-9o-ano-da-rede-municipal-de-teutonia\/"},"author":{"name":"Reda\u00e7\u00e3o Folha Popular","@id":"https:\/\/folhapopular.info\/#\/schema\/person\/2814e8a0df7643585a9ca38bc6eb9d4b"},"headline":"Projeto \u201cPrimeiros Socorros nas Escolas\u201d \u00e9 ampliado a todas as turmas de 9\u00ba ano da rede municipal de Teut\u00f4nia","datePublished":"2026-04-29T18:48:53+00:00","dateModified":"2026-04-29T18:48:58+00:00","mainEntityOfPage":{"@id":"https:\/\/folhapopular.info\/index.php\/2026\/04\/29\/projeto-primeiros-socorros-nas-escolas-e-ampliado-a-todas-as-turmas-de-9o-ano-da-rede-municipal-de-teutonia\/"},"wordCount":209,"commentCount":0,"image":{"@id":"https:\/\/folhapopular.info\/index.php\/2026\/04\/29\/projeto-primeiros-socorros-nas-escolas-e-ampliado-a-todas-as-turmas-de-9o-ano-da-rede-municipal-de-teutonia\/#primaryimage"},"thumbnailUrl":"https:\/\/folhapopular.info\/wp-content\/uploads\/2026\/04\/WhatsApp-Image-2026-04-28-at-10.46.129.jpeg","keywords":["Bombeiros Volunt\u00e1rios de Teut\u00f4nia","Educa\u00e7\u00e3o","Primeiros Socorros nas Escolas","Rede Municipal de Ensino","Teut\u00f4nia"],"articleSection":["Destaques","Geral","Sa\u00fade"],"inLanguage":"pt-BR","potentialAction":[{"@type":"CommentAction","name":"Comment","target":["https:\/\/folhapopular.info\/index.php\/2026\/04\/29\/projeto-primeiros-socorros-nas-escolas-e-ampliado-a-todas-as-turmas-de-9o-ano-da-rede-municipal-de-teutonia\/#respond"]}]},{"@type":"WebPage","@id":"https:\/\/folhapopular.info\/index.php\/2026\/04\/29\/projeto-primeiros-socorros-nas-escolas-e-ampliado-a-todas-as-turmas-de-9o-ano-da-rede-municipal-de-teutonia\/","url":"https:\/\/folhapopular.info\/index.php\/2026\/04\/29\/projeto-primeiros-socorros-nas-escolas-e-ampliado-a-todas-as-turmas-de-9o-ano-da-rede-municipal-de-teutonia\/","name":"Projeto \u201cPrimeiros Socorros nas Escolas\u201d \u00e9 ampliado a todas as turmas de 9\u00ba ano da rede municipal de Teut\u00f4nia - Folha Popular","isPartOf":{"@id":"https:\/\/folhapopular.info\/#website"},"primaryImageOfPage":{"@id":"https:\/\/folhapopular.info\/index.php\/2026\/04\/29\/projeto-primeiros-socorros-nas-escolas-e-ampliado-a-todas-as-turmas-de-9o-ano-da-rede-municipal-de-teutonia\/#primaryimage"},"image":{"@id":"https:\/\/folhapopular.info\/index.php\/2026\/04\/29\/projeto-primeiros-socorros-nas-escolas-e-ampliado-a-todas-as-turmas-de-9o-ano-da-rede-municipal-de-teutonia\/#primaryimage"},"thumbnailUrl":"https:\/\/folhapopular.info\/wp-content\/uploads\/2026\/04\/WhatsApp-Image-2026-04-28-at-10.46.129.jpeg","datePublished":"2026-04-29T18:48:53+00:00","dateModified":"2026-04-29T18:48:58+00:00","author":{"@id":"https:\/\/folhapopular.info\/#\/schema\/person\/2814e8a0df7643585a9ca38bc6eb9d4b"},"description":"Projeto \u201cPrimeiros Socorros nas Escolas\u201d \u00e9 ampliado a todas as turmas de 9\u00ba ano da rede municipal de Teut\u00f4nia.","breadcrumb":{"@id":"https:\/\/folhapopular.info\/index.php\/2026\/04\/29\/projeto-primeiros-socorros-nas-escolas-e-ampliado-a-todas-as-turmas-de-9o-ano-da-rede-municipal-de-teutonia\/#breadcrumb"},"inLanguage":"pt-BR","potentialAction":[{"@type":"ReadAction","target":["https:\/\/folhapopular.info\/index.php\/2026\/04\/29\/projeto-primeiros-socorros-nas-escolas-e-ampliado-a-todas-as-turmas-de-9o-ano-da-rede-municipal-de-teutonia\/"]}]},{"@type":"ImageObject","inLanguage":"pt-BR","@id":"https:\/\/folhapopular.info\/index.php\/2026\/04\/29\/projeto-primeiros-socorros-nas-escolas-e-ampliado-a-todas-as-turmas-de-9o-ano-da-rede-municipal-de-teutonia\/#primaryimage","url":"https:\/\/folhapopular.info\/wp-content\/uploads\/2026\/04\/WhatsApp-Image-2026-04-28-at-10.46.129.jpeg","contentUrl":"https:\/\/folhapopular.info\/wp-content\/uploads\/2026\/04\/WhatsApp-Image-2026-04-28-at-10.46.129.jpeg","width":1280,"height":960,"caption":"Cr\u00e9dito: Alana Gaussmann Flores \/ AI Prefeitura de Teut\u00f4nia"},{"@type":"BreadcrumbList","@id":"https:\/\/folhapopular.info\/index.php\/2026\/04\/29\/projeto-primeiros-socorros-nas-escolas-e-ampliado-a-todas-as-turmas-de-9o-ano-da-rede-municipal-de-teutonia\/#breadcrumb","itemListElement":[{"@type":"ListItem","position":1,"name":"In\u00edcio","item":"https:\/\/folhapopular.info\/"},{"@type":"ListItem","position":2,"name":"Projeto \u201cPrimeiros Socorros nas Escolas\u201d \u00e9 ampliado a todas as turmas de 9\u00ba ano da rede municipal de Teut\u00f4nia"}]},{"@type":"WebSite","@id":"https:\/\/folhapopular.info\/#website","url":"https:\/\/folhapopular.info\/","name":"Folha Popular","description":"Onde voc\u00ea tem vez e voz","potentialAction":[{"@type":"SearchAction","target":{"@type":"EntryPoint","urlTemplate":"https:\/\/folhapopular.info\/?s={search_term_string}"},"query-input":{"@type":"PropertyValueSpecification","valueRequired":true,"valueName":"search_term_string"}}],"inLanguage":"pt-BR"},{"@type":"Person","@id":"https:\/\/folhapopular.info\/#\/schema\/person\/2814e8a0df7643585a9ca38bc6eb9d4b","name":"Reda\u00e7\u00e3o Folha Popular","image":{"@type":"ImageObject","inLanguage":"pt-BR","@id":"https:\/\/folhapopular.info\/wp-content\/uploads\/2026\/04\/Folha-1.webp","url":"https:\/\/folhapopular.info\/wp-content\/uploads\/2026\/04\/Folha-1.webp","contentUrl":"https:\/\/folhapopular.info\/wp-content\/uploads\/2026\/04\/Folha-1.webp","caption":"Reda\u00e7\u00e3o Folha Popular"},"url":"https:\/\/folhapopular.info\/index.php\/author\/redacao\/"}]}},"jetpack_featured_media_url":"https:\/\/folhapopular.info\/wp-content\/uploads\/2026\/04\/WhatsApp-Image-2026-04-28-at-10.46.129.jpeg","jetpack_sharing_enabled":true,"amp_enabled":true,"_links":{"self":[{"href":"https:\/\/folhapopular.info\/index.php\/wp-json\/wp\/v2\/posts\/211806","targetHints":{"allow":["GET"]}}],"collection":[{"href":"https:\/\/folhapopular.info\/index.php\/wp-json\/wp\/v2\/posts"}],"about":[{"href":"https:\/\/folhapopular.info\/index.php\/wp-json\/wp\/v2\/types\/post"}],"author":[{"embeddable":true,"href":"https:\/\/folhapopular.info\/index.php\/wp-json\/wp\/v2\/users\/8"}],"replies":[{"embeddable":true,"href":"https:\/\/folhapopular.info\/index.php\/wp-json\/wp\/v2\/comments?post=211806"}],"version-history":[{"count":1,"href":"https:\/\/folhapopular.info\/index.php\/wp-json\/wp\/v2\/posts\/211806\/revisions"}],"predecessor-version":[{"id":211885,"href":"https:\/\/folhapopular.info\/index.php\/wp-json\/wp\/v2\/posts\/211806\/revisions\/211885"}],"wp:featuredmedia":[{"embeddable":true,"href":"https:\/\/folhapopular.info\/index.php\/wp-json\/wp\/v2\/media\/211883"}],"wp:attachment":[{"href":"https:\/\/folhapopular.info\/index.php\/wp-json\/wp\/v2\/media?parent=211806"}],"wp:term":[{"taxonomy":"category","embeddable":true,"href":"https:\/\/folhapopular.info\/index.php\/wp-json\/wp\/v2\/categories?post=211806"},{"taxonomy":"post_tag","embeddable":true,"href":"https:\/\/folhapopular.info\/index.php\/wp-json\/wp\/v2\/tags?post=211806"}],"curies":[{"name":"wp","href":"https:\/\/api.w.org\/{rel}","templated":true}]}}