{"id":211822,"date":"2026-04-30T08:00:00","date_gmt":"2026-04-30T11:00:00","guid":{"rendered":"https:\/\/folhapopular.info\/?p=211822"},"modified":"2026-04-29T11:19:35","modified_gmt":"2026-04-29T14:19:35","slug":"paverama-investe-r-229-mil-na-ampliacao-da-emei-pingo-de-gente","status":"publish","type":"post","link":"https:\/\/folhapopular.info\/index.php\/2026\/04\/30\/paverama-investe-r-229-mil-na-ampliacao-da-emei-pingo-de-gente\/","title":{"rendered":"Paverama investe R$ 229 mil na amplia\u00e7\u00e3o da Emei Pingo de Gente"},"content":{"rendered":"\n<p>A amplia\u00e7\u00e3o da oferta de vagas na Educa\u00e7\u00e3o Infantil de Paverama ganhou um novo refor\u00e7o com o in\u00edcio da constru\u00e7\u00e3o de duas salas para as turmas de Pr\u00e9 I e Pr\u00e9 II na Escola Municipal de Educa\u00e7\u00e3o Infantil (Emei) Pingo de Gente.<\/p>\n\n\n\n<p>Or\u00e7ada em R$ 229 mil, a obra foi viabilizada com recursos remanescentes do or\u00e7amento municipal de 2025, agora reinvestidos na \u00e1rea da Educa\u00e7\u00e3o.<\/p>\n\n\n\n<p>O novo espa\u00e7o acrescentar\u00e1 duas salas de aula e dois banheiros \u00e0 estrutura atual para garantir o desenvolvimento das crian\u00e7as. A iniciativa integra o conjunto de a\u00e7\u00f5es da Administra\u00e7\u00e3o Municipal voltadas ao fortalecimento do ensino infantil.<\/p>\n\n\n\n<p>A prefeita Michele Caroline de Vargas destaca a relev\u00e2ncia do investimento para a comunidade. \u201cEstamos aplicando com responsabilidade os recursos p\u00fablicos, priorizando \u00e1reas essenciais como a Educa\u00e7\u00e3o e a Sa\u00fade. Essa obra representa mais oportunidades para as nossas crian\u00e7as, qualificando tamb\u00e9m o ensino\u201d, afirma.<\/p>\n\n\n\n<p>O vice-prefeito David Luciano Rosa de Moura tamb\u00e9m enfatiza o impacto da amplia\u00e7\u00e3o. \u201cCada nova vaga criada \u00e9 um avan\u00e7o significativo. Estamos trabalhando para atender a demanda e oferecer uma estrutura adequada, que contribua para o desenvolvimento dos alunos desde os primeiros anos\u201d, diz ele.<\/p>\n\n\n\n<h2 class=\"wp-block-heading\"><strong>Lista zerada<\/strong><\/h2>\n\n\n\n<p>Segundo a Administra\u00e7\u00e3o Municipal, hoje Paverama n\u00e3o tem lista de espera na Educa\u00e7\u00e3o Infantil. A Emei atende 41 alunos, sendo 19 no Maternal e 22 no Pr\u00e9. As tr\u00eas creches e as duas Pr\u00f3-Inf\u00e2ncia atendem 100% em tempo integral.<\/p>\n\n\n\n<p>J\u00e1 no Ensino Fundamental, as tr\u00eas escolas do campo desenvolvem atividades em conjunto. S\u00e3o tr\u00eas turmas de tempo integral, sendo uma turma de 1\u00ba ano e uma de 2\u00ba ano na Emef Prud\u00eancio (Bairro Morro Bonito) e uma turma de 1\u00ba ano na Emef Reinaldo Markus (Bairro Fazenda S\u00e3o Jos\u00e9)<\/p>\n\n\n\n<p>J\u00e1 a Emef Gon\u00e7alina (Bairro Cidade Baixa) atende turmas de 1\u00ba ao 3\u00ba ano em contraturno, no espa\u00e7o da Sociedade Alian\u00e7a, uma vez que o educand\u00e1rio n\u00e3o possui estrutura f\u00edsica para este atendimento.<\/p>\n\n\n\n<h2 class=\"wp-block-heading\"><strong>A\u00e7\u00f5es educacionais<\/strong><\/h2>\n\n\n\n<p>Em trabalho conjunto, as secretarias de Educa\u00e7\u00e3o e Sa\u00fade iniciaram medita\u00e7\u00e3o com um terapeuta ocupacional com as turmas de 1\u00ba ao 3\u00ba ano, atrav\u00e9s do programa do Programa Sa\u00fade na Escola (PSE).<\/p>\n\n\n\n<p>A secretaria de Educa\u00e7\u00e3o ainda realiza reuni\u00f5es pedag\u00f3gicas em n\u00edvel municipal, de acordo com as modalidades de ensino, tanto para organizar os planos como para analisar as avalia\u00e7\u00f5es internas e externas, de forma a planejar da melhor forma a educa\u00e7\u00e3o de Paverama.<\/p>\n\n\n\n<p>O Munic\u00edpio ainda est\u00e1 com Forma\u00e7\u00e3o Continuada voltada a todos os professores da rede, atrav\u00e9s da Univates, e 100% dos professores da Educa\u00e7\u00e3o Infantil realizam a Forma\u00e7\u00e3o da Leitura e Escrita na Educa\u00e7\u00e3o Infantil (LEEI).<\/p>\n","protected":false},"excerpt":{"rendered":"<p>A amplia\u00e7\u00e3o da oferta de vagas na Educa\u00e7\u00e3o Infantil de Paverama ganhou um novo refor\u00e7o com o in\u00edcio da constru\u00e7\u00e3o de duas salas para as turmas de Pr\u00e9 I e Pr\u00e9 II na Escola Municipal de Educa\u00e7\u00e3o Infantil (Emei) Pingo de Gente. Or\u00e7ada em R$ 229 mil, a obra foi viabilizada com recursos remanescentes do [&hellip;]<\/p>\n","protected":false},"author":639,"featured_media":211827,"comment_status":"open","ping_status":"open","sticky":false,"template":"","format":"standard","meta":{"pmpro_default_level":"","_jetpack_memberships_contains_paid_content":false,"footnotes":""},"categories":[2,10988,3],"tags":[3347,73,21107,46],"class_list":{"0":"post-211822","1":"post","2":"type-post","3":"status-publish","4":"format-standard","5":"has-post-thumbnail","7":"category-featured","8":"category-educacao","9":"category-geral","10":"tag-ampliacao","11":"tag-educacao","12":"tag-emei-pingo-de-gente","13":"tag-paverama","14":"pmpro-has-access"},"yoast_head":"<!-- This site is optimized with the Yoast SEO plugin v27.5 - https:\/\/yoast.com\/product\/yoast-seo-wordpress\/ -->\n<title>Paverama investe R$ 229 mil na amplia\u00e7\u00e3o da Emei Pingo de Gente - Folha Popular<\/title>\n<meta name=\"robots\" content=\"index, follow, max-snippet:-1, max-image-preview:large, max-video-preview:-1\" \/>\n<link rel=\"canonical\" href=\"https:\/\/folhapopular.info\/index.php\/2026\/04\/30\/paverama-investe-r-229-mil-na-ampliacao-da-emei-pingo-de-gente\/\" \/>\n<meta property=\"og:locale\" content=\"pt_BR\" \/>\n<meta property=\"og:type\" content=\"article\" \/>\n<meta property=\"og:title\" content=\"Paverama investe R$ 229 mil na amplia\u00e7\u00e3o da Emei Pingo de Gente - Folha Popular\" \/>\n<meta property=\"og:description\" content=\"A amplia\u00e7\u00e3o da oferta de vagas na Educa\u00e7\u00e3o Infantil de Paverama ganhou um novo refor\u00e7o com o in\u00edcio da constru\u00e7\u00e3o de duas salas para as turmas de Pr\u00e9 I e Pr\u00e9 II na Escola Municipal de Educa\u00e7\u00e3o Infantil (Emei) Pingo de Gente. Or\u00e7ada em R$ 229 mil, a obra foi viabilizada com recursos remanescentes do [&hellip;]\" \/>\n<meta property=\"og:url\" content=\"https:\/\/folhapopular.info\/index.php\/2026\/04\/30\/paverama-investe-r-229-mil-na-ampliacao-da-emei-pingo-de-gente\/\" \/>\n<meta property=\"og:site_name\" content=\"Folha Popular\" \/>\n<meta property=\"article:published_time\" content=\"2026-04-30T11:00:00+00:00\" \/>\n<meta property=\"og:image\" content=\"https:\/\/folhapopular.info\/wp-content\/uploads\/2026\/04\/EMEI-Educandario-atende-hoje-41-alunos-no-Pre-e-Maternal_Paloma-Valandro_AI-Prefeitura-de-Paverama.jpeg\" \/>\n\t<meta property=\"og:image:width\" content=\"1280\" \/>\n\t<meta property=\"og:image:height\" content=\"960\" \/>\n\t<meta property=\"og:image:type\" content=\"image\/jpeg\" \/>\n<meta name=\"author\" content=\"Camille Lenz da Silva\" \/>\n<meta name=\"twitter:card\" content=\"summary_large_image\" \/>\n<meta name=\"twitter:label1\" content=\"Escrito por\" \/>\n\t<meta name=\"twitter:data1\" content=\"Camille Lenz da Silva\" \/>\n\t<meta name=\"twitter:label2\" content=\"Est. tempo de leitura\" \/>\n\t<meta name=\"twitter:data2\" content=\"3 minutos\" \/>\n<script type=\"application\/ld+json\" class=\"yoast-schema-graph\">{\"@context\":\"https:\\\/\\\/schema.org\",\"@graph\":[{\"@type\":\"Article\",\"@id\":\"https:\\\/\\\/folhapopular.info\\\/index.php\\\/2026\\\/04\\\/30\\\/paverama-investe-r-229-mil-na-ampliacao-da-emei-pingo-de-gente\\\/#article\",\"isPartOf\":{\"@id\":\"https:\\\/\\\/folhapopular.info\\\/index.php\\\/2026\\\/04\\\/30\\\/paverama-investe-r-229-mil-na-ampliacao-da-emei-pingo-de-gente\\\/\"},\"author\":{\"name\":\"Camille Lenz da Silva\",\"@id\":\"https:\\\/\\\/folhapopular.info\\\/#\\\/schema\\\/person\\\/f0b811f932ef2505faf473ffaef49df5\"},\"headline\":\"Paverama investe R$ 229 mil na amplia\u00e7\u00e3o da Emei Pingo de Gente\",\"datePublished\":\"2026-04-30T11:00:00+00:00\",\"mainEntityOfPage\":{\"@id\":\"https:\\\/\\\/folhapopular.info\\\/index.php\\\/2026\\\/04\\\/30\\\/paverama-investe-r-229-mil-na-ampliacao-da-emei-pingo-de-gente\\\/\"},\"wordCount\":478,\"commentCount\":0,\"image\":{\"@id\":\"https:\\\/\\\/folhapopular.info\\\/index.php\\\/2026\\\/04\\\/30\\\/paverama-investe-r-229-mil-na-ampliacao-da-emei-pingo-de-gente\\\/#primaryimage\"},\"thumbnailUrl\":\"https:\\\/\\\/folhapopular.info\\\/wp-content\\\/uploads\\\/2026\\\/04\\\/EMEI-Educandario-atende-hoje-41-alunos-no-Pre-e-Maternal_Paloma-Valandro_AI-Prefeitura-de-Paverama.jpeg\",\"keywords\":[\"Amplia\u00e7\u00e3o\",\"Educa\u00e7\u00e3o\",\"Emei Pingo de Gente\",\"Paverama\"],\"articleSection\":[\"Destaques\",\"Educa\u00e7\u00e3o\",\"Geral\"],\"inLanguage\":\"pt-BR\",\"potentialAction\":[{\"@type\":\"CommentAction\",\"name\":\"Comment\",\"target\":[\"https:\\\/\\\/folhapopular.info\\\/index.php\\\/2026\\\/04\\\/30\\\/paverama-investe-r-229-mil-na-ampliacao-da-emei-pingo-de-gente\\\/#respond\"]}]},{\"@type\":\"WebPage\",\"@id\":\"https:\\\/\\\/folhapopular.info\\\/index.php\\\/2026\\\/04\\\/30\\\/paverama-investe-r-229-mil-na-ampliacao-da-emei-pingo-de-gente\\\/\",\"url\":\"https:\\\/\\\/folhapopular.info\\\/index.php\\\/2026\\\/04\\\/30\\\/paverama-investe-r-229-mil-na-ampliacao-da-emei-pingo-de-gente\\\/\",\"name\":\"Paverama investe R$ 229 mil na amplia\u00e7\u00e3o da Emei Pingo de Gente - Folha Popular\",\"isPartOf\":{\"@id\":\"https:\\\/\\\/folhapopular.info\\\/#website\"},\"primaryImageOfPage\":{\"@id\":\"https:\\\/\\\/folhapopular.info\\\/index.php\\\/2026\\\/04\\\/30\\\/paverama-investe-r-229-mil-na-ampliacao-da-emei-pingo-de-gente\\\/#primaryimage\"},\"image\":{\"@id\":\"https:\\\/\\\/folhapopular.info\\\/index.php\\\/2026\\\/04\\\/30\\\/paverama-investe-r-229-mil-na-ampliacao-da-emei-pingo-de-gente\\\/#primaryimage\"},\"thumbnailUrl\":\"https:\\\/\\\/folhapopular.info\\\/wp-content\\\/uploads\\\/2026\\\/04\\\/EMEI-Educandario-atende-hoje-41-alunos-no-Pre-e-Maternal_Paloma-Valandro_AI-Prefeitura-de-Paverama.jpeg\",\"datePublished\":\"2026-04-30T11:00:00+00:00\",\"author\":{\"@id\":\"https:\\\/\\\/folhapopular.info\\\/#\\\/schema\\\/person\\\/f0b811f932ef2505faf473ffaef49df5\"},\"breadcrumb\":{\"@id\":\"https:\\\/\\\/folhapopular.info\\\/index.php\\\/2026\\\/04\\\/30\\\/paverama-investe-r-229-mil-na-ampliacao-da-emei-pingo-de-gente\\\/#breadcrumb\"},\"inLanguage\":\"pt-BR\",\"potentialAction\":[{\"@type\":\"ReadAction\",\"target\":[\"https:\\\/\\\/folhapopular.info\\\/index.php\\\/2026\\\/04\\\/30\\\/paverama-investe-r-229-mil-na-ampliacao-da-emei-pingo-de-gente\\\/\"]}]},{\"@type\":\"ImageObject\",\"inLanguage\":\"pt-BR\",\"@id\":\"https:\\\/\\\/folhapopular.info\\\/index.php\\\/2026\\\/04\\\/30\\\/paverama-investe-r-229-mil-na-ampliacao-da-emei-pingo-de-gente\\\/#primaryimage\",\"url\":\"https:\\\/\\\/folhapopular.info\\\/wp-content\\\/uploads\\\/2026\\\/04\\\/EMEI-Educandario-atende-hoje-41-alunos-no-Pre-e-Maternal_Paloma-Valandro_AI-Prefeitura-de-Paverama.jpeg\",\"contentUrl\":\"https:\\\/\\\/folhapopular.info\\\/wp-content\\\/uploads\\\/2026\\\/04\\\/EMEI-Educandario-atende-hoje-41-alunos-no-Pre-e-Maternal_Paloma-Valandro_AI-Prefeitura-de-Paverama.jpeg\",\"width\":1280,\"height\":960,\"caption\":\"EMEI Educand\u00e1rio atende hoje 41 alunos no Pr\u00e9 e Maternal \\\/ Cr\u00e9dito: Paloma Valandro - Prefeitura de Paverama\"},{\"@type\":\"BreadcrumbList\",\"@id\":\"https:\\\/\\\/folhapopular.info\\\/index.php\\\/2026\\\/04\\\/30\\\/paverama-investe-r-229-mil-na-ampliacao-da-emei-pingo-de-gente\\\/#breadcrumb\",\"itemListElement\":[{\"@type\":\"ListItem\",\"position\":1,\"name\":\"In\u00edcio\",\"item\":\"https:\\\/\\\/folhapopular.info\\\/\"},{\"@type\":\"ListItem\",\"position\":2,\"name\":\"Paverama investe R$ 229 mil na amplia\u00e7\u00e3o da Emei Pingo de Gente\"}]},{\"@type\":\"WebSite\",\"@id\":\"https:\\\/\\\/folhapopular.info\\\/#website\",\"url\":\"https:\\\/\\\/folhapopular.info\\\/\",\"name\":\"Folha Popular\",\"description\":\"Onde voc\u00ea tem vez e voz\",\"potentialAction\":[{\"@type\":\"SearchAction\",\"target\":{\"@type\":\"EntryPoint\",\"urlTemplate\":\"https:\\\/\\\/folhapopular.info\\\/?s={search_term_string}\"},\"query-input\":{\"@type\":\"PropertyValueSpecification\",\"valueRequired\":true,\"valueName\":\"search_term_string\"}}],\"inLanguage\":\"pt-BR\"},{\"@type\":\"Person\",\"@id\":\"https:\\\/\\\/folhapopular.info\\\/#\\\/schema\\\/person\\\/f0b811f932ef2505faf473ffaef49df5\",\"name\":\"Camille Lenz da Silva\",\"image\":{\"@type\":\"ImageObject\",\"inLanguage\":\"pt-BR\",\"@id\":\"https:\\\/\\\/secure.gravatar.com\\\/avatar\\\/50be826d73ca259ec0e0a88a407f5de800c576c46cfdc57e50ef28551e216fff?s=96&d=mm&r=g\",\"url\":\"https:\\\/\\\/secure.gravatar.com\\\/avatar\\\/50be826d73ca259ec0e0a88a407f5de800c576c46cfdc57e50ef28551e216fff?s=96&d=mm&r=g\",\"contentUrl\":\"https:\\\/\\\/secure.gravatar.com\\\/avatar\\\/50be826d73ca259ec0e0a88a407f5de800c576c46cfdc57e50ef28551e216fff?s=96&d=mm&r=g\",\"caption\":\"Camille Lenz da Silva\"},\"url\":\"https:\\\/\\\/folhapopular.info\\\/index.php\\\/author\\\/camillelenzgmail-com\\\/\"}]}<\/script>\n<!-- \/ Yoast SEO plugin. -->","yoast_head_json":{"title":"Paverama investe R$ 229 mil na amplia\u00e7\u00e3o da Emei Pingo de Gente - Folha Popular","robots":{"index":"index","follow":"follow","max-snippet":"max-snippet:-1","max-image-preview":"max-image-preview:large","max-video-preview":"max-video-preview:-1"},"canonical":"https:\/\/folhapopular.info\/index.php\/2026\/04\/30\/paverama-investe-r-229-mil-na-ampliacao-da-emei-pingo-de-gente\/","og_locale":"pt_BR","og_type":"article","og_title":"Paverama investe R$ 229 mil na amplia\u00e7\u00e3o da Emei Pingo de Gente - Folha Popular","og_description":"A amplia\u00e7\u00e3o da oferta de vagas na Educa\u00e7\u00e3o Infantil de Paverama ganhou um novo refor\u00e7o com o in\u00edcio da constru\u00e7\u00e3o de duas salas para as turmas de Pr\u00e9 I e Pr\u00e9 II na Escola Municipal de Educa\u00e7\u00e3o Infantil (Emei) Pingo de Gente. Or\u00e7ada em R$ 229 mil, a obra foi viabilizada com recursos remanescentes do [&hellip;]","og_url":"https:\/\/folhapopular.info\/index.php\/2026\/04\/30\/paverama-investe-r-229-mil-na-ampliacao-da-emei-pingo-de-gente\/","og_site_name":"Folha Popular","article_published_time":"2026-04-30T11:00:00+00:00","og_image":[{"width":1280,"height":960,"url":"https:\/\/folhapopular.info\/wp-content\/uploads\/2026\/04\/EMEI-Educandario-atende-hoje-41-alunos-no-Pre-e-Maternal_Paloma-Valandro_AI-Prefeitura-de-Paverama.jpeg","type":"image\/jpeg"}],"author":"Camille Lenz da Silva","twitter_card":"summary_large_image","twitter_misc":{"Escrito por":"Camille Lenz da Silva","Est. tempo de leitura":"3 minutos"},"schema":{"@context":"https:\/\/schema.org","@graph":[{"@type":"Article","@id":"https:\/\/folhapopular.info\/index.php\/2026\/04\/30\/paverama-investe-r-229-mil-na-ampliacao-da-emei-pingo-de-gente\/#article","isPartOf":{"@id":"https:\/\/folhapopular.info\/index.php\/2026\/04\/30\/paverama-investe-r-229-mil-na-ampliacao-da-emei-pingo-de-gente\/"},"author":{"name":"Camille Lenz da Silva","@id":"https:\/\/folhapopular.info\/#\/schema\/person\/f0b811f932ef2505faf473ffaef49df5"},"headline":"Paverama investe R$ 229 mil na amplia\u00e7\u00e3o da Emei Pingo de Gente","datePublished":"2026-04-30T11:00:00+00:00","mainEntityOfPage":{"@id":"https:\/\/folhapopular.info\/index.php\/2026\/04\/30\/paverama-investe-r-229-mil-na-ampliacao-da-emei-pingo-de-gente\/"},"wordCount":478,"commentCount":0,"image":{"@id":"https:\/\/folhapopular.info\/index.php\/2026\/04\/30\/paverama-investe-r-229-mil-na-ampliacao-da-emei-pingo-de-gente\/#primaryimage"},"thumbnailUrl":"https:\/\/folhapopular.info\/wp-content\/uploads\/2026\/04\/EMEI-Educandario-atende-hoje-41-alunos-no-Pre-e-Maternal_Paloma-Valandro_AI-Prefeitura-de-Paverama.jpeg","keywords":["Amplia\u00e7\u00e3o","Educa\u00e7\u00e3o","Emei Pingo de Gente","Paverama"],"articleSection":["Destaques","Educa\u00e7\u00e3o","Geral"],"inLanguage":"pt-BR","potentialAction":[{"@type":"CommentAction","name":"Comment","target":["https:\/\/folhapopular.info\/index.php\/2026\/04\/30\/paverama-investe-r-229-mil-na-ampliacao-da-emei-pingo-de-gente\/#respond"]}]},{"@type":"WebPage","@id":"https:\/\/folhapopular.info\/index.php\/2026\/04\/30\/paverama-investe-r-229-mil-na-ampliacao-da-emei-pingo-de-gente\/","url":"https:\/\/folhapopular.info\/index.php\/2026\/04\/30\/paverama-investe-r-229-mil-na-ampliacao-da-emei-pingo-de-gente\/","name":"Paverama investe R$ 229 mil na amplia\u00e7\u00e3o da Emei Pingo de Gente - Folha Popular","isPartOf":{"@id":"https:\/\/folhapopular.info\/#website"},"primaryImageOfPage":{"@id":"https:\/\/folhapopular.info\/index.php\/2026\/04\/30\/paverama-investe-r-229-mil-na-ampliacao-da-emei-pingo-de-gente\/#primaryimage"},"image":{"@id":"https:\/\/folhapopular.info\/index.php\/2026\/04\/30\/paverama-investe-r-229-mil-na-ampliacao-da-emei-pingo-de-gente\/#primaryimage"},"thumbnailUrl":"https:\/\/folhapopular.info\/wp-content\/uploads\/2026\/04\/EMEI-Educandario-atende-hoje-41-alunos-no-Pre-e-Maternal_Paloma-Valandro_AI-Prefeitura-de-Paverama.jpeg","datePublished":"2026-04-30T11:00:00+00:00","author":{"@id":"https:\/\/folhapopular.info\/#\/schema\/person\/f0b811f932ef2505faf473ffaef49df5"},"breadcrumb":{"@id":"https:\/\/folhapopular.info\/index.php\/2026\/04\/30\/paverama-investe-r-229-mil-na-ampliacao-da-emei-pingo-de-gente\/#breadcrumb"},"inLanguage":"pt-BR","potentialAction":[{"@type":"ReadAction","target":["https:\/\/folhapopular.info\/index.php\/2026\/04\/30\/paverama-investe-r-229-mil-na-ampliacao-da-emei-pingo-de-gente\/"]}]},{"@type":"ImageObject","inLanguage":"pt-BR","@id":"https:\/\/folhapopular.info\/index.php\/2026\/04\/30\/paverama-investe-r-229-mil-na-ampliacao-da-emei-pingo-de-gente\/#primaryimage","url":"https:\/\/folhapopular.info\/wp-content\/uploads\/2026\/04\/EMEI-Educandario-atende-hoje-41-alunos-no-Pre-e-Maternal_Paloma-Valandro_AI-Prefeitura-de-Paverama.jpeg","contentUrl":"https:\/\/folhapopular.info\/wp-content\/uploads\/2026\/04\/EMEI-Educandario-atende-hoje-41-alunos-no-Pre-e-Maternal_Paloma-Valandro_AI-Prefeitura-de-Paverama.jpeg","width":1280,"height":960,"caption":"EMEI Educand\u00e1rio atende hoje 41 alunos no Pr\u00e9 e Maternal \/ Cr\u00e9dito: Paloma Valandro - Prefeitura de Paverama"},{"@type":"BreadcrumbList","@id":"https:\/\/folhapopular.info\/index.php\/2026\/04\/30\/paverama-investe-r-229-mil-na-ampliacao-da-emei-pingo-de-gente\/#breadcrumb","itemListElement":[{"@type":"ListItem","position":1,"name":"In\u00edcio","item":"https:\/\/folhapopular.info\/"},{"@type":"ListItem","position":2,"name":"Paverama investe R$ 229 mil na amplia\u00e7\u00e3o da Emei Pingo de Gente"}]},{"@type":"WebSite","@id":"https:\/\/folhapopular.info\/#website","url":"https:\/\/folhapopular.info\/","name":"Folha Popular","description":"Onde voc\u00ea tem vez e voz","potentialAction":[{"@type":"SearchAction","target":{"@type":"EntryPoint","urlTemplate":"https:\/\/folhapopular.info\/?s={search_term_string}"},"query-input":{"@type":"PropertyValueSpecification","valueRequired":true,"valueName":"search_term_string"}}],"inLanguage":"pt-BR"},{"@type":"Person","@id":"https:\/\/folhapopular.info\/#\/schema\/person\/f0b811f932ef2505faf473ffaef49df5","name":"Camille Lenz da Silva","image":{"@type":"ImageObject","inLanguage":"pt-BR","@id":"https:\/\/secure.gravatar.com\/avatar\/50be826d73ca259ec0e0a88a407f5de800c576c46cfdc57e50ef28551e216fff?s=96&d=mm&r=g","url":"https:\/\/secure.gravatar.com\/avatar\/50be826d73ca259ec0e0a88a407f5de800c576c46cfdc57e50ef28551e216fff?s=96&d=mm&r=g","contentUrl":"https:\/\/secure.gravatar.com\/avatar\/50be826d73ca259ec0e0a88a407f5de800c576c46cfdc57e50ef28551e216fff?s=96&d=mm&r=g","caption":"Camille Lenz da Silva"},"url":"https:\/\/folhapopular.info\/index.php\/author\/camillelenzgmail-com\/"}]}},"jetpack_featured_media_url":"https:\/\/folhapopular.info\/wp-content\/uploads\/2026\/04\/EMEI-Educandario-atende-hoje-41-alunos-no-Pre-e-Maternal_Paloma-Valandro_AI-Prefeitura-de-Paverama.jpeg","jetpack_sharing_enabled":true,"amp_enabled":true,"_links":{"self":[{"href":"https:\/\/folhapopular.info\/index.php\/wp-json\/wp\/v2\/posts\/211822","targetHints":{"allow":["GET"]}}],"collection":[{"href":"https:\/\/folhapopular.info\/index.php\/wp-json\/wp\/v2\/posts"}],"about":[{"href":"https:\/\/folhapopular.info\/index.php\/wp-json\/wp\/v2\/types\/post"}],"author":[{"embeddable":true,"href":"https:\/\/folhapopular.info\/index.php\/wp-json\/wp\/v2\/users\/639"}],"replies":[{"embeddable":true,"href":"https:\/\/folhapopular.info\/index.php\/wp-json\/wp\/v2\/comments?post=211822"}],"version-history":[{"count":1,"href":"https:\/\/folhapopular.info\/index.php\/wp-json\/wp\/v2\/posts\/211822\/revisions"}],"predecessor-version":[{"id":211828,"href":"https:\/\/folhapopular.info\/index.php\/wp-json\/wp\/v2\/posts\/211822\/revisions\/211828"}],"wp:featuredmedia":[{"embeddable":true,"href":"https:\/\/folhapopular.info\/index.php\/wp-json\/wp\/v2\/media\/211827"}],"wp:attachment":[{"href":"https:\/\/folhapopular.info\/index.php\/wp-json\/wp\/v2\/media?parent=211822"}],"wp:term":[{"taxonomy":"category","embeddable":true,"href":"https:\/\/folhapopular.info\/index.php\/wp-json\/wp\/v2\/categories?post=211822"},{"taxonomy":"post_tag","embeddable":true,"href":"https:\/\/folhapopular.info\/index.php\/wp-json\/wp\/v2\/tags?post=211822"}],"curies":[{"name":"wp","href":"https:\/\/api.w.org\/{rel}","templated":true}]}}