{"id":211826,"date":"2026-04-29T11:20:14","date_gmt":"2026-04-29T14:20:14","guid":{"rendered":"https:\/\/folhapopular.info\/?p=211826"},"modified":"2026-04-29T11:20:17","modified_gmt":"2026-04-29T14:20:17","slug":"incendio-destroi-residencia-no-centro-de-colinas","status":"publish","type":"post","link":"https:\/\/folhapopular.info\/index.php\/2026\/04\/29\/incendio-destroi-residencia-no-centro-de-colinas\/","title":{"rendered":"Inc\u00eandio destr\u00f3i resid\u00eancia no Centro de Colinas"},"content":{"rendered":"\n<p>Um inc\u00eandio destruiu uma resid\u00eancia na noite desta ter\u00e7a-feira (28\/4), em Colinas. A ocorr\u00eancia foi registrada por volta das 23h, na Rua General Os\u00f3rio, no Centro do munic\u00edpio.<\/p>\n\n\n\n<p>No local, uma casa de madeira foi completamente consumida pelas chamas, resultando em perda total da estrutura. Apenas um anexo de material, nos fundos do terreno, n\u00e3o foi atingido. Apesar dos danos, ningu\u00e9m ficou ferido.<\/p>\n\n\n\n<p>O combate ao inc\u00eandio contou com apoio do caminh\u00e3o-pipa da Prefeitura de Colinas, servidores municipais e da Brigada Militar. Ao todo, foram utilizados cerca de 15 mil litros de \u00e1gua na opera\u00e7\u00e3o.<\/p>\n\n\n\n<p>Segundo os moradores, o inc\u00eandio pode ter sido causado por um curto-circuito.<\/p>\n","protected":false},"excerpt":{"rendered":"<p>Um inc\u00eandio destruiu uma resid\u00eancia na noite desta ter\u00e7a-feira (28\/4), em Colinas. A ocorr\u00eancia foi registrada por volta das 23h, na Rua General Os\u00f3rio, no Centro do munic\u00edpio. No local, uma casa de madeira foi completamente consumida pelas chamas, resultando em perda total da estrutura. Apenas um anexo de material, nos fundos do terreno, n\u00e3o [&hellip;]<\/p>\n","protected":false},"author":8,"featured_media":211829,"comment_status":"open","ping_status":"open","sticky":false,"template":"","format":"standard","meta":{"pmpro_default_level":"","_jetpack_memberships_contains_paid_content":false,"footnotes":""},"categories":[10984,7],"tags":[42],"class_list":{"0":"post-211826","1":"post","2":"type-post","3":"status-publish","4":"format-standard","5":"has-post-thumbnail","7":"category-bombeiros","8":"category-seguranca","9":"tag-incendio","10":"pmpro-has-access"},"yoast_head":"<!-- This site is optimized with the Yoast SEO plugin v27.5 - https:\/\/yoast.com\/product\/yoast-seo-wordpress\/ -->\n<title>Inc\u00eandio destr\u00f3i resid\u00eancia no Centro de Colinas - Folha Popular<\/title>\n<meta name=\"robots\" content=\"index, follow, max-snippet:-1, max-image-preview:large, max-video-preview:-1\" \/>\n<link rel=\"canonical\" href=\"https:\/\/folhapopular.info\/index.php\/2026\/04\/29\/incendio-destroi-residencia-no-centro-de-colinas\/\" \/>\n<meta property=\"og:locale\" content=\"pt_BR\" \/>\n<meta property=\"og:type\" content=\"article\" \/>\n<meta property=\"og:title\" content=\"Inc\u00eandio destr\u00f3i resid\u00eancia no Centro de Colinas - Folha Popular\" \/>\n<meta property=\"og:description\" content=\"Um inc\u00eandio destruiu uma resid\u00eancia na noite desta ter\u00e7a-feira (28\/4), em Colinas. A ocorr\u00eancia foi registrada por volta das 23h, na Rua General Os\u00f3rio, no Centro do munic\u00edpio. No local, uma casa de madeira foi completamente consumida pelas chamas, resultando em perda total da estrutura. Apenas um anexo de material, nos fundos do terreno, n\u00e3o [&hellip;]\" \/>\n<meta property=\"og:url\" content=\"https:\/\/folhapopular.info\/index.php\/2026\/04\/29\/incendio-destroi-residencia-no-centro-de-colinas\/\" \/>\n<meta property=\"og:site_name\" content=\"Folha Popular\" \/>\n<meta property=\"article:published_time\" content=\"2026-04-29T14:20:14+00:00\" \/>\n<meta property=\"article:modified_time\" content=\"2026-04-29T14:20:17+00:00\" \/>\n<meta property=\"og:image\" content=\"https:\/\/folhapopular.info\/wp-content\/uploads\/2026\/04\/WhatsApp-Image-2026-04-29-at-11.15.04.jpeg\" \/>\n\t<meta property=\"og:image:width\" content=\"837\" \/>\n\t<meta property=\"og:image:height\" content=\"839\" \/>\n\t<meta property=\"og:image:type\" content=\"image\/jpeg\" \/>\n<meta name=\"author\" content=\"Reda\u00e7\u00e3o Folha Popular\" \/>\n<meta name=\"twitter:card\" content=\"summary_large_image\" \/>\n<meta name=\"twitter:label1\" content=\"Escrito por\" \/>\n\t<meta name=\"twitter:data1\" content=\"Reda\u00e7\u00e3o Folha Popular\" \/>\n\t<meta name=\"twitter:label2\" content=\"Est. tempo de leitura\" \/>\n\t<meta name=\"twitter:data2\" content=\"1 minuto\" \/>\n<script type=\"application\/ld+json\" class=\"yoast-schema-graph\">{\"@context\":\"https:\\\/\\\/schema.org\",\"@graph\":[{\"@type\":\"Article\",\"@id\":\"https:\\\/\\\/folhapopular.info\\\/index.php\\\/2026\\\/04\\\/29\\\/incendio-destroi-residencia-no-centro-de-colinas\\\/#article\",\"isPartOf\":{\"@id\":\"https:\\\/\\\/folhapopular.info\\\/index.php\\\/2026\\\/04\\\/29\\\/incendio-destroi-residencia-no-centro-de-colinas\\\/\"},\"author\":{\"name\":\"Reda\u00e7\u00e3o Folha Popular\",\"@id\":\"https:\\\/\\\/folhapopular.info\\\/#\\\/schema\\\/person\\\/2814e8a0df7643585a9ca38bc6eb9d4b\"},\"headline\":\"Inc\u00eandio destr\u00f3i resid\u00eancia no Centro de Colinas\",\"datePublished\":\"2026-04-29T14:20:14+00:00\",\"dateModified\":\"2026-04-29T14:20:17+00:00\",\"mainEntityOfPage\":{\"@id\":\"https:\\\/\\\/folhapopular.info\\\/index.php\\\/2026\\\/04\\\/29\\\/incendio-destroi-residencia-no-centro-de-colinas\\\/\"},\"wordCount\":127,\"commentCount\":0,\"image\":{\"@id\":\"https:\\\/\\\/folhapopular.info\\\/index.php\\\/2026\\\/04\\\/29\\\/incendio-destroi-residencia-no-centro-de-colinas\\\/#primaryimage\"},\"thumbnailUrl\":\"https:\\\/\\\/folhapopular.info\\\/wp-content\\\/uploads\\\/2026\\\/04\\\/WhatsApp-Image-2026-04-29-at-11.15.04.jpeg\",\"keywords\":[\"Inc\u00eandio\"],\"articleSection\":[\"Bombeiros\",\"Seguran\u00e7a\"],\"inLanguage\":\"pt-BR\",\"potentialAction\":[{\"@type\":\"CommentAction\",\"name\":\"Comment\",\"target\":[\"https:\\\/\\\/folhapopular.info\\\/index.php\\\/2026\\\/04\\\/29\\\/incendio-destroi-residencia-no-centro-de-colinas\\\/#respond\"]}]},{\"@type\":\"WebPage\",\"@id\":\"https:\\\/\\\/folhapopular.info\\\/index.php\\\/2026\\\/04\\\/29\\\/incendio-destroi-residencia-no-centro-de-colinas\\\/\",\"url\":\"https:\\\/\\\/folhapopular.info\\\/index.php\\\/2026\\\/04\\\/29\\\/incendio-destroi-residencia-no-centro-de-colinas\\\/\",\"name\":\"Inc\u00eandio destr\u00f3i resid\u00eancia no Centro de Colinas - Folha Popular\",\"isPartOf\":{\"@id\":\"https:\\\/\\\/folhapopular.info\\\/#website\"},\"primaryImageOfPage\":{\"@id\":\"https:\\\/\\\/folhapopular.info\\\/index.php\\\/2026\\\/04\\\/29\\\/incendio-destroi-residencia-no-centro-de-colinas\\\/#primaryimage\"},\"image\":{\"@id\":\"https:\\\/\\\/folhapopular.info\\\/index.php\\\/2026\\\/04\\\/29\\\/incendio-destroi-residencia-no-centro-de-colinas\\\/#primaryimage\"},\"thumbnailUrl\":\"https:\\\/\\\/folhapopular.info\\\/wp-content\\\/uploads\\\/2026\\\/04\\\/WhatsApp-Image-2026-04-29-at-11.15.04.jpeg\",\"datePublished\":\"2026-04-29T14:20:14+00:00\",\"dateModified\":\"2026-04-29T14:20:17+00:00\",\"author\":{\"@id\":\"https:\\\/\\\/folhapopular.info\\\/#\\\/schema\\\/person\\\/2814e8a0df7643585a9ca38bc6eb9d4b\"},\"breadcrumb\":{\"@id\":\"https:\\\/\\\/folhapopular.info\\\/index.php\\\/2026\\\/04\\\/29\\\/incendio-destroi-residencia-no-centro-de-colinas\\\/#breadcrumb\"},\"inLanguage\":\"pt-BR\",\"potentialAction\":[{\"@type\":\"ReadAction\",\"target\":[\"https:\\\/\\\/folhapopular.info\\\/index.php\\\/2026\\\/04\\\/29\\\/incendio-destroi-residencia-no-centro-de-colinas\\\/\"]}]},{\"@type\":\"ImageObject\",\"inLanguage\":\"pt-BR\",\"@id\":\"https:\\\/\\\/folhapopular.info\\\/index.php\\\/2026\\\/04\\\/29\\\/incendio-destroi-residencia-no-centro-de-colinas\\\/#primaryimage\",\"url\":\"https:\\\/\\\/folhapopular.info\\\/wp-content\\\/uploads\\\/2026\\\/04\\\/WhatsApp-Image-2026-04-29-at-11.15.04.jpeg\",\"contentUrl\":\"https:\\\/\\\/folhapopular.info\\\/wp-content\\\/uploads\\\/2026\\\/04\\\/WhatsApp-Image-2026-04-29-at-11.15.04.jpeg\",\"width\":837,\"height\":839},{\"@type\":\"BreadcrumbList\",\"@id\":\"https:\\\/\\\/folhapopular.info\\\/index.php\\\/2026\\\/04\\\/29\\\/incendio-destroi-residencia-no-centro-de-colinas\\\/#breadcrumb\",\"itemListElement\":[{\"@type\":\"ListItem\",\"position\":1,\"name\":\"In\u00edcio\",\"item\":\"https:\\\/\\\/folhapopular.info\\\/\"},{\"@type\":\"ListItem\",\"position\":2,\"name\":\"Inc\u00eandio destr\u00f3i resid\u00eancia no Centro de Colinas\"}]},{\"@type\":\"WebSite\",\"@id\":\"https:\\\/\\\/folhapopular.info\\\/#website\",\"url\":\"https:\\\/\\\/folhapopular.info\\\/\",\"name\":\"Folha Popular\",\"description\":\"Onde voc\u00ea tem vez e voz\",\"potentialAction\":[{\"@type\":\"SearchAction\",\"target\":{\"@type\":\"EntryPoint\",\"urlTemplate\":\"https:\\\/\\\/folhapopular.info\\\/?s={search_term_string}\"},\"query-input\":{\"@type\":\"PropertyValueSpecification\",\"valueRequired\":true,\"valueName\":\"search_term_string\"}}],\"inLanguage\":\"pt-BR\"},{\"@type\":\"Person\",\"@id\":\"https:\\\/\\\/folhapopular.info\\\/#\\\/schema\\\/person\\\/2814e8a0df7643585a9ca38bc6eb9d4b\",\"name\":\"Reda\u00e7\u00e3o Folha Popular\",\"image\":{\"@type\":\"ImageObject\",\"inLanguage\":\"pt-BR\",\"@id\":\"https:\\\/\\\/folhapopular.info\\\/wp-content\\\/uploads\\\/2026\\\/04\\\/Folha-1.webp\",\"url\":\"https:\\\/\\\/folhapopular.info\\\/wp-content\\\/uploads\\\/2026\\\/04\\\/Folha-1.webp\",\"contentUrl\":\"https:\\\/\\\/folhapopular.info\\\/wp-content\\\/uploads\\\/2026\\\/04\\\/Folha-1.webp\",\"caption\":\"Reda\u00e7\u00e3o Folha Popular\"},\"url\":\"https:\\\/\\\/folhapopular.info\\\/index.php\\\/author\\\/redacao\\\/\"}]}<\/script>\n<!-- \/ Yoast SEO plugin. -->","yoast_head_json":{"title":"Inc\u00eandio destr\u00f3i resid\u00eancia no Centro de Colinas - Folha Popular","robots":{"index":"index","follow":"follow","max-snippet":"max-snippet:-1","max-image-preview":"max-image-preview:large","max-video-preview":"max-video-preview:-1"},"canonical":"https:\/\/folhapopular.info\/index.php\/2026\/04\/29\/incendio-destroi-residencia-no-centro-de-colinas\/","og_locale":"pt_BR","og_type":"article","og_title":"Inc\u00eandio destr\u00f3i resid\u00eancia no Centro de Colinas - Folha Popular","og_description":"Um inc\u00eandio destruiu uma resid\u00eancia na noite desta ter\u00e7a-feira (28\/4), em Colinas. A ocorr\u00eancia foi registrada por volta das 23h, na Rua General Os\u00f3rio, no Centro do munic\u00edpio. No local, uma casa de madeira foi completamente consumida pelas chamas, resultando em perda total da estrutura. Apenas um anexo de material, nos fundos do terreno, n\u00e3o [&hellip;]","og_url":"https:\/\/folhapopular.info\/index.php\/2026\/04\/29\/incendio-destroi-residencia-no-centro-de-colinas\/","og_site_name":"Folha Popular","article_published_time":"2026-04-29T14:20:14+00:00","article_modified_time":"2026-04-29T14:20:17+00:00","og_image":[{"width":837,"height":839,"url":"https:\/\/folhapopular.info\/wp-content\/uploads\/2026\/04\/WhatsApp-Image-2026-04-29-at-11.15.04.jpeg","type":"image\/jpeg"}],"author":"Reda\u00e7\u00e3o Folha Popular","twitter_card":"summary_large_image","twitter_misc":{"Escrito por":"Reda\u00e7\u00e3o Folha Popular","Est. tempo de leitura":"1 minuto"},"schema":{"@context":"https:\/\/schema.org","@graph":[{"@type":"Article","@id":"https:\/\/folhapopular.info\/index.php\/2026\/04\/29\/incendio-destroi-residencia-no-centro-de-colinas\/#article","isPartOf":{"@id":"https:\/\/folhapopular.info\/index.php\/2026\/04\/29\/incendio-destroi-residencia-no-centro-de-colinas\/"},"author":{"name":"Reda\u00e7\u00e3o Folha Popular","@id":"https:\/\/folhapopular.info\/#\/schema\/person\/2814e8a0df7643585a9ca38bc6eb9d4b"},"headline":"Inc\u00eandio destr\u00f3i resid\u00eancia no Centro de Colinas","datePublished":"2026-04-29T14:20:14+00:00","dateModified":"2026-04-29T14:20:17+00:00","mainEntityOfPage":{"@id":"https:\/\/folhapopular.info\/index.php\/2026\/04\/29\/incendio-destroi-residencia-no-centro-de-colinas\/"},"wordCount":127,"commentCount":0,"image":{"@id":"https:\/\/folhapopular.info\/index.php\/2026\/04\/29\/incendio-destroi-residencia-no-centro-de-colinas\/#primaryimage"},"thumbnailUrl":"https:\/\/folhapopular.info\/wp-content\/uploads\/2026\/04\/WhatsApp-Image-2026-04-29-at-11.15.04.jpeg","keywords":["Inc\u00eandio"],"articleSection":["Bombeiros","Seguran\u00e7a"],"inLanguage":"pt-BR","potentialAction":[{"@type":"CommentAction","name":"Comment","target":["https:\/\/folhapopular.info\/index.php\/2026\/04\/29\/incendio-destroi-residencia-no-centro-de-colinas\/#respond"]}]},{"@type":"WebPage","@id":"https:\/\/folhapopular.info\/index.php\/2026\/04\/29\/incendio-destroi-residencia-no-centro-de-colinas\/","url":"https:\/\/folhapopular.info\/index.php\/2026\/04\/29\/incendio-destroi-residencia-no-centro-de-colinas\/","name":"Inc\u00eandio destr\u00f3i resid\u00eancia no Centro de Colinas - Folha Popular","isPartOf":{"@id":"https:\/\/folhapopular.info\/#website"},"primaryImageOfPage":{"@id":"https:\/\/folhapopular.info\/index.php\/2026\/04\/29\/incendio-destroi-residencia-no-centro-de-colinas\/#primaryimage"},"image":{"@id":"https:\/\/folhapopular.info\/index.php\/2026\/04\/29\/incendio-destroi-residencia-no-centro-de-colinas\/#primaryimage"},"thumbnailUrl":"https:\/\/folhapopular.info\/wp-content\/uploads\/2026\/04\/WhatsApp-Image-2026-04-29-at-11.15.04.jpeg","datePublished":"2026-04-29T14:20:14+00:00","dateModified":"2026-04-29T14:20:17+00:00","author":{"@id":"https:\/\/folhapopular.info\/#\/schema\/person\/2814e8a0df7643585a9ca38bc6eb9d4b"},"breadcrumb":{"@id":"https:\/\/folhapopular.info\/index.php\/2026\/04\/29\/incendio-destroi-residencia-no-centro-de-colinas\/#breadcrumb"},"inLanguage":"pt-BR","potentialAction":[{"@type":"ReadAction","target":["https:\/\/folhapopular.info\/index.php\/2026\/04\/29\/incendio-destroi-residencia-no-centro-de-colinas\/"]}]},{"@type":"ImageObject","inLanguage":"pt-BR","@id":"https:\/\/folhapopular.info\/index.php\/2026\/04\/29\/incendio-destroi-residencia-no-centro-de-colinas\/#primaryimage","url":"https:\/\/folhapopular.info\/wp-content\/uploads\/2026\/04\/WhatsApp-Image-2026-04-29-at-11.15.04.jpeg","contentUrl":"https:\/\/folhapopular.info\/wp-content\/uploads\/2026\/04\/WhatsApp-Image-2026-04-29-at-11.15.04.jpeg","width":837,"height":839},{"@type":"BreadcrumbList","@id":"https:\/\/folhapopular.info\/index.php\/2026\/04\/29\/incendio-destroi-residencia-no-centro-de-colinas\/#breadcrumb","itemListElement":[{"@type":"ListItem","position":1,"name":"In\u00edcio","item":"https:\/\/folhapopular.info\/"},{"@type":"ListItem","position":2,"name":"Inc\u00eandio destr\u00f3i resid\u00eancia no Centro de Colinas"}]},{"@type":"WebSite","@id":"https:\/\/folhapopular.info\/#website","url":"https:\/\/folhapopular.info\/","name":"Folha Popular","description":"Onde voc\u00ea tem vez e voz","potentialAction":[{"@type":"SearchAction","target":{"@type":"EntryPoint","urlTemplate":"https:\/\/folhapopular.info\/?s={search_term_string}"},"query-input":{"@type":"PropertyValueSpecification","valueRequired":true,"valueName":"search_term_string"}}],"inLanguage":"pt-BR"},{"@type":"Person","@id":"https:\/\/folhapopular.info\/#\/schema\/person\/2814e8a0df7643585a9ca38bc6eb9d4b","name":"Reda\u00e7\u00e3o Folha Popular","image":{"@type":"ImageObject","inLanguage":"pt-BR","@id":"https:\/\/folhapopular.info\/wp-content\/uploads\/2026\/04\/Folha-1.webp","url":"https:\/\/folhapopular.info\/wp-content\/uploads\/2026\/04\/Folha-1.webp","contentUrl":"https:\/\/folhapopular.info\/wp-content\/uploads\/2026\/04\/Folha-1.webp","caption":"Reda\u00e7\u00e3o Folha Popular"},"url":"https:\/\/folhapopular.info\/index.php\/author\/redacao\/"}]}},"jetpack_featured_media_url":"https:\/\/folhapopular.info\/wp-content\/uploads\/2026\/04\/WhatsApp-Image-2026-04-29-at-11.15.04.jpeg","jetpack_sharing_enabled":true,"amp_enabled":true,"_links":{"self":[{"href":"https:\/\/folhapopular.info\/index.php\/wp-json\/wp\/v2\/posts\/211826","targetHints":{"allow":["GET"]}}],"collection":[{"href":"https:\/\/folhapopular.info\/index.php\/wp-json\/wp\/v2\/posts"}],"about":[{"href":"https:\/\/folhapopular.info\/index.php\/wp-json\/wp\/v2\/types\/post"}],"author":[{"embeddable":true,"href":"https:\/\/folhapopular.info\/index.php\/wp-json\/wp\/v2\/users\/8"}],"replies":[{"embeddable":true,"href":"https:\/\/folhapopular.info\/index.php\/wp-json\/wp\/v2\/comments?post=211826"}],"version-history":[{"count":1,"href":"https:\/\/folhapopular.info\/index.php\/wp-json\/wp\/v2\/posts\/211826\/revisions"}],"predecessor-version":[{"id":211831,"href":"https:\/\/folhapopular.info\/index.php\/wp-json\/wp\/v2\/posts\/211826\/revisions\/211831"}],"wp:featuredmedia":[{"embeddable":true,"href":"https:\/\/folhapopular.info\/index.php\/wp-json\/wp\/v2\/media\/211829"}],"wp:attachment":[{"href":"https:\/\/folhapopular.info\/index.php\/wp-json\/wp\/v2\/media?parent=211826"}],"wp:term":[{"taxonomy":"category","embeddable":true,"href":"https:\/\/folhapopular.info\/index.php\/wp-json\/wp\/v2\/categories?post=211826"},{"taxonomy":"post_tag","embeddable":true,"href":"https:\/\/folhapopular.info\/index.php\/wp-json\/wp\/v2\/tags?post=211826"}],"curies":[{"name":"wp","href":"https:\/\/api.w.org\/{rel}","templated":true}]}}