{"id":211839,"date":"2026-04-29T11:49:34","date_gmt":"2026-04-29T14:49:34","guid":{"rendered":"https:\/\/folhapopular.info\/?p=211839"},"modified":"2026-04-29T11:49:36","modified_gmt":"2026-04-29T14:49:36","slug":"copa-rota-da-serra-com-imigrante-lider-da-forca-livre-e-teutonia-na-ponta-da-sub-15","status":"publish","type":"post","link":"https:\/\/folhapopular.info\/index.php\/2026\/04\/29\/copa-rota-da-serra-com-imigrante-lider-da-forca-livre-e-teutonia-na-ponta-da-sub-15\/","title":{"rendered":"Copa Rota da Serra com Imigrante l\u00edder da For\u00e7a Livre e Teut\u00f4nia na ponta da Sub-15"},"content":{"rendered":"\n<p>A 4\u00aa Copa Rota da Serra Sicoob de Futsal 2026 teve mais uma rodada equilibrada e de gols na noite da quinta-feira (23\/4), no Gin\u00e1sio da Associa\u00e7\u00e3o Pr\u00f3-Desenvolvimento de Languiru (ADPL), em Teut\u00f4nia. As partidas envolveram as categorias Sub-15 e For\u00e7a Livre e tiveram influ\u00eancia direta na configura\u00e7\u00e3o das tabelas.<\/p>\n\n\n\n<p>Na Sub-15, Bar\u00e3o e Imigrante fizeram um duelo equilibrado e empataram em 1 a 1 na abertura da rodada. As duas equipes criaram oportunidades, mas n\u00e3o conseguiram transformar o volume de jogo em vantagem.<\/p>\n\n\n\n<p>Na sequ\u00eancia, Teut\u00f4nia teve atua\u00e7\u00e3o de destaque e goleou Westf\u00e1lia pelo placar de 7 a 0. O resultado garantiu a lideran\u00e7a da categoria, com 9 pontos em quatro jogos. Al\u00e9m da pontua\u00e7\u00e3o, o time tamb\u00e9m se destaca pelo saldo de gols, crit\u00e9rio importante na classifica\u00e7\u00e3o.<\/p>\n\n\n\n<p>Pela categoria For\u00e7a Livre, Imigrante confirmou o bom momento ao vencer Bar\u00e3o por 4 a 0, manter 100% de aproveitamento e a lideran\u00e7a isolada, com 9 pontos em tr\u00eas partidas. Para fechar a rodada, Teut\u00f4nia e Westf\u00e1lia empataram em 1 a 1, com confronto equilibrado, altern\u00e2ncia de dom\u00ednio e boas defesas dos goleiros.<\/p>\n\n\n\n<h2 class=\"wp-block-heading\"><strong>Partidas<\/strong><\/h2>\n\n\n\n<figure class=\"wp-block-table is-style-stripes\"><table class=\"has-light-green-cyan-to-vivid-green-cyan-gradient-background has-background\"><tbody><tr><td class=\"has-text-align-center\" data-align=\"center\" colspan=\"4\"><strong>Teut\u00f4nia &#8211; 5\u00aa rodada &#8211; 23\/4<\/strong><\/td><\/tr><tr><td class=\"has-text-align-center\" data-align=\"center\"><strong>Categoria<\/strong><\/td><td><\/td><td class=\"has-text-align-center\" data-align=\"center\"><strong>Resultado<\/strong><\/td><td><\/td><\/tr><tr><td class=\"has-text-align-center\" data-align=\"center\">Sub-15<\/td><td class=\"has-text-align-center\" data-align=\"center\">Bar\u00e3o<\/td><td class=\"has-text-align-center\" data-align=\"center\">1&#215;1<\/td><td class=\"has-text-align-center\" data-align=\"center\">Imigrante<\/td><\/tr><tr><td class=\"has-text-align-center\" data-align=\"center\">Sub-15<\/td><td class=\"has-text-align-center\" data-align=\"center\">Teut\u00f4nia<\/td><td class=\"has-text-align-center\" data-align=\"center\">7&#215;0<\/td><td class=\"has-text-align-center\" data-align=\"center\">Westf\u00e1lia<\/td><\/tr><tr><td class=\"has-text-align-center\" data-align=\"center\">F. Livre<\/td><td class=\"has-text-align-center\" data-align=\"center\">Bar\u00e3o<\/td><td class=\"has-text-align-center\" data-align=\"center\">0x4<\/td><td class=\"has-text-align-center\" data-align=\"center\">Imigrante<\/td><\/tr><tr><td class=\"has-text-align-center\" data-align=\"center\">F. Livre<\/td><td class=\"has-text-align-center\" data-align=\"center\">Teut\u00f4nia<\/td><td class=\"has-text-align-center\" data-align=\"center\">1&#215;1<\/td><td class=\"has-text-align-center\" data-align=\"center\">Westf\u00e1lia<\/td><\/tr><\/tbody><\/table><\/figure>\n\n\n\n<h2 class=\"wp-block-heading\"><strong>Sequ\u00eancia<\/strong><\/h2>\n\n\n\n<p>A pr\u00f3xima rodada ser\u00e1 disputada nesta quinta-feira (30\/4), em Imigrante, v\u00e1lida pela 6\u00aa rodada. A programa\u00e7\u00e3o inicia \u00e0s 19h45, com Bar\u00e3o x Coronel Pilar pela Sub-15. \u00c0s 20h30, Imigrante enfrenta Boa Vista do Sul.<\/p>\n\n\n\n<p>Na sequ\u00eancia, pela For\u00e7a Livre, Bar\u00e3o encara Coronel Pilar \u00e0s 21h30, e Imigrante fecha a noite contra Boa Vista do Sul, \u00e0s 22h30.<\/p>\n\n\n\n<figure class=\"wp-block-table is-style-stripes\"><table class=\"has-light-green-cyan-to-vivid-green-cyan-gradient-background has-background\"><tbody><tr><td class=\"has-text-align-center\" data-align=\"center\" colspan=\"4\"><strong>Imigrante &#8211; 6\u00aa rodada &#8211; 30\/4<\/strong><\/td><\/tr><tr><td class=\"has-text-align-center\" data-align=\"center\"><strong>Categoria<\/strong><\/td><td><\/td><td class=\"has-text-align-center\" data-align=\"center\"><strong>Partida<\/strong><\/td><td><\/td><\/tr><tr><td class=\"has-text-align-center\" data-align=\"center\">Sub-15<\/td><td class=\"has-text-align-center\" data-align=\"center\">Bar\u00e3o<\/td><td class=\"has-text-align-center\" data-align=\"center\">x<\/td><td class=\"has-text-align-center\" data-align=\"center\">Coronel Pilar<\/td><\/tr><tr><td class=\"has-text-align-center\" data-align=\"center\">Sub-15<\/td><td class=\"has-text-align-center\" data-align=\"center\">Imigrante<\/td><td class=\"has-text-align-center\" data-align=\"center\">x<\/td><td class=\"has-text-align-center\" data-align=\"center\">Boa Vista do Sul<\/td><\/tr><tr><td class=\"has-text-align-center\" data-align=\"center\">F. Livre<\/td><td class=\"has-text-align-center\" data-align=\"center\">Bar\u00e3o<\/td><td class=\"has-text-align-center\" data-align=\"center\">x<\/td><td class=\"has-text-align-center\" data-align=\"center\">Coronel Pilar<\/td><\/tr><tr><td class=\"has-text-align-center\" data-align=\"center\">F. Livre<\/td><td class=\"has-text-align-center\" data-align=\"center\">Imigrante<\/td><td class=\"has-text-align-center\" data-align=\"center\">x<\/td><td class=\"has-text-align-center\" data-align=\"center\">Boa Vista do Sul<\/td><\/tr><\/tbody><\/table><\/figure>\n\n\n\n<h2 class=\"wp-block-heading\"><strong>Tabelas<\/strong><\/h2>\n\n\n\n<p>Com os resultados, a Sub-15 tem Teut\u00f4nia na ponta, seguida por Fazenda Vilanova, com 7 pontos em tr\u00eas jogos. Boa Vista do Sul aparece com 4, enquanto Coronel Pilar soma 3. Westf\u00e1lia, Imigrante e Bar\u00e3o t\u00eam 1 ponto cada.<\/p>\n\n\n\n<p>Na For\u00e7a Livre, Imigrante lidera com 9 pontos e campanha perfeita. Coronel Pilar \u00e9 2\u00ba colocado, com 6 pontos, seguido por Teut\u00f4nia, que soma 5. Westf\u00e1lia tem 4, Boa Vista do Sul aparece com 3, Bar\u00e3o tem 1 e Fazenda Vilanova ainda n\u00e3o pontuou.<\/p>\n\n\n\n<figure class=\"wp-block-table is-style-stripes\"><table class=\"has-light-green-cyan-to-vivid-green-cyan-gradient-background has-background\"><tbody><tr><td class=\"has-text-align-center\" data-align=\"center\" colspan=\"11\"><strong>Classifica\u00e7\u00e3o &#8211; Sub-15<\/strong><\/td><\/tr><tr><td class=\"has-text-align-center\" data-align=\"center\"><strong>#<\/strong><\/td><td class=\"has-text-align-center\" data-align=\"center\"><strong>Equipe<\/strong><\/td><td class=\"has-text-align-center\" data-align=\"center\"><strong>PG<\/strong><\/td><td class=\"has-text-align-center\" data-align=\"center\"><strong>J<\/strong><\/td><td class=\"has-text-align-center\" data-align=\"center\"><strong>V<\/strong><\/td><td class=\"has-text-align-center\" data-align=\"center\"><strong>E<\/strong><\/td><td class=\"has-text-align-center\" data-align=\"center\"><strong>D<\/strong><\/td><td class=\"has-text-align-center\" data-align=\"center\"><strong>GP<\/strong><\/td><td class=\"has-text-align-center\" data-align=\"center\"><strong>GS<\/strong><\/td><td class=\"has-text-align-center\" data-align=\"center\"><strong>SG<\/strong><\/td><td class=\"has-text-align-center\" data-align=\"center\"><strong>%<\/strong><\/td><\/tr><tr><td class=\"has-text-align-center\" data-align=\"center\">1\u00ba<\/td><td class=\"has-text-align-center\" data-align=\"center\">Teut\u00f4nia<\/td><td class=\"has-text-align-center\" data-align=\"center\">9<\/td><td class=\"has-text-align-center\" data-align=\"center\">4<\/td><td class=\"has-text-align-center\" data-align=\"center\">3<\/td><td class=\"has-text-align-center\" data-align=\"center\">0<\/td><td class=\"has-text-align-center\" data-align=\"center\">1<\/td><td class=\"has-text-align-center\" data-align=\"center\">13<\/td><td class=\"has-text-align-center\" data-align=\"center\">3<\/td><td class=\"has-text-align-center\" data-align=\"center\">10<\/td><td class=\"has-text-align-center\" data-align=\"center\">75<\/td><\/tr><tr><td class=\"has-text-align-center\" data-align=\"center\">2\u00ba<\/td><td class=\"has-text-align-center\" data-align=\"center\">Fazenda Vilanova<\/td><td class=\"has-text-align-center\" data-align=\"center\">7<\/td><td class=\"has-text-align-center\" data-align=\"center\">3<\/td><td class=\"has-text-align-center\" data-align=\"center\">2<\/td><td class=\"has-text-align-center\" data-align=\"center\">1<\/td><td class=\"has-text-align-center\" data-align=\"center\">0<\/td><td class=\"has-text-align-center\" data-align=\"center\">8<\/td><td class=\"has-text-align-center\" data-align=\"center\">2<\/td><td class=\"has-text-align-center\" data-align=\"center\">6<\/td><td class=\"has-text-align-center\" data-align=\"center\">78<\/td><\/tr><tr><td class=\"has-text-align-center\" data-align=\"center\">3\u00ba<\/td><td class=\"has-text-align-center\" data-align=\"center\">Boa Vista do Sul<\/td><td class=\"has-text-align-center\" data-align=\"center\">4<\/td><td class=\"has-text-align-center\" data-align=\"center\">2<\/td><td class=\"has-text-align-center\" data-align=\"center\">1<\/td><td class=\"has-text-align-center\" data-align=\"center\">1<\/td><td class=\"has-text-align-center\" data-align=\"center\">0<\/td><td class=\"has-text-align-center\" data-align=\"center\">2<\/td><td class=\"has-text-align-center\" data-align=\"center\">1<\/td><td class=\"has-text-align-center\" data-align=\"center\">1<\/td><td class=\"has-text-align-center\" data-align=\"center\">67<\/td><\/tr><tr><td class=\"has-text-align-center\" data-align=\"center\">4\u00ba<\/td><td class=\"has-text-align-center\" data-align=\"center\">Coronel Pilar<\/td><td class=\"has-text-align-center\" data-align=\"center\">3<\/td><td class=\"has-text-align-center\" data-align=\"center\">3<\/td><td class=\"has-text-align-center\" data-align=\"center\">0<\/td><td class=\"has-text-align-center\" data-align=\"center\">3<\/td><td class=\"has-text-align-center\" data-align=\"center\">0<\/td><td class=\"has-text-align-center\" data-align=\"center\">3<\/td><td class=\"has-text-align-center\" data-align=\"center\">3<\/td><td class=\"has-text-align-center\" data-align=\"center\">0<\/td><td class=\"has-text-align-center\" data-align=\"center\">33<\/td><\/tr><tr><td class=\"has-text-align-center\" data-align=\"center\">5\u00ba<\/td><td class=\"has-text-align-center\" data-align=\"center\">Westf\u00e1lia<\/td><td class=\"has-text-align-center\" data-align=\"center\">1<\/td><td class=\"has-text-align-center\" data-align=\"center\">3<\/td><td class=\"has-text-align-center\" data-align=\"center\">0<\/td><td class=\"has-text-align-center\" data-align=\"center\">1<\/td><td class=\"has-text-align-center\" data-align=\"center\">2<\/td><td class=\"has-text-align-center\" data-align=\"center\">2<\/td><td class=\"has-text-align-center\" data-align=\"center\">10<\/td><td class=\"has-text-align-center\" data-align=\"center\">-8<\/td><td class=\"has-text-align-center\" data-align=\"center\">11<\/td><\/tr><tr><td class=\"has-text-align-center\" data-align=\"center\">6\u00ba<\/td><td class=\"has-text-align-center\" data-align=\"center\">Imigrante<\/td><td class=\"has-text-align-center\" data-align=\"center\">1<\/td><td class=\"has-text-align-center\" data-align=\"center\">3<\/td><td class=\"has-text-align-center\" data-align=\"center\">0<\/td><td class=\"has-text-align-center\" data-align=\"center\">1<\/td><td class=\"has-text-align-center\" data-align=\"center\">2<\/td><td class=\"has-text-align-center\" data-align=\"center\">4<\/td><td class=\"has-text-align-center\" data-align=\"center\">12<\/td><td class=\"has-text-align-center\" data-align=\"center\">-8<\/td><td class=\"has-text-align-center\" data-align=\"center\">11<\/td><\/tr><tr><td class=\"has-text-align-center\" data-align=\"center\">7\u00ba<\/td><td class=\"has-text-align-center\" data-align=\"center\">Bar\u00e3o<\/td><td class=\"has-text-align-center\" data-align=\"center\">1<\/td><td class=\"has-text-align-center\" data-align=\"center\">2<\/td><td class=\"has-text-align-center\" data-align=\"center\">0<\/td><td class=\"has-text-align-center\" data-align=\"center\">1<\/td><td class=\"has-text-align-center\" data-align=\"center\">1<\/td><td class=\"has-text-align-center\" data-align=\"center\">1<\/td><td class=\"has-text-align-center\" data-align=\"center\">2<\/td><td class=\"has-text-align-center\" data-align=\"center\">-1<\/td><td class=\"has-text-align-center\" data-align=\"center\">17<\/td><\/tr><\/tbody><\/table><\/figure>\n\n\n\n<figure class=\"wp-block-table is-style-stripes\"><table class=\"has-light-green-cyan-to-vivid-green-cyan-gradient-background has-background\"><tbody><tr><td class=\"has-text-align-center\" data-align=\"center\" colspan=\"11\"><strong>Classifica\u00e7\u00e3o &#8211; For\u00e7a Livre<\/strong><\/td><\/tr><tr><td class=\"has-text-align-center\" data-align=\"center\"><strong>#<\/strong><\/td><td class=\"has-text-align-center\" data-align=\"center\"><strong>Equipe<\/strong><\/td><td class=\"has-text-align-center\" data-align=\"center\"><strong>PG<\/strong><\/td><td class=\"has-text-align-center\" data-align=\"center\"><strong>J<\/strong><\/td><td class=\"has-text-align-center\" data-align=\"center\"><strong>V<\/strong><\/td><td class=\"has-text-align-center\" data-align=\"center\"><strong>E<\/strong><\/td><td class=\"has-text-align-center\" data-align=\"center\"><strong>D<\/strong><\/td><td class=\"has-text-align-center\" data-align=\"center\"><strong>GP<\/strong><\/td><td class=\"has-text-align-center\" data-align=\"center\"><strong>GS<\/strong><\/td><td class=\"has-text-align-center\" data-align=\"center\"><strong>SG<\/strong><\/td><td class=\"has-text-align-center\" data-align=\"center\"><strong>%<\/strong><\/td><\/tr><tr><td class=\"has-text-align-center\" data-align=\"center\">1\u00ba<\/td><td class=\"has-text-align-center\" data-align=\"center\">Imigrante<\/td><td class=\"has-text-align-center\" data-align=\"center\">9<\/td><td class=\"has-text-align-center\" data-align=\"center\">3<\/td><td class=\"has-text-align-center\" data-align=\"center\">3<\/td><td class=\"has-text-align-center\" data-align=\"center\">0<\/td><td class=\"has-text-align-center\" data-align=\"center\">0<\/td><td class=\"has-text-align-center\" data-align=\"center\">14<\/td><td class=\"has-text-align-center\" data-align=\"center\">4<\/td><td class=\"has-text-align-center\" data-align=\"center\">10<\/td><td class=\"has-text-align-center\" data-align=\"center\">100<\/td><\/tr><tr><td class=\"has-text-align-center\" data-align=\"center\">2\u00ba<\/td><td class=\"has-text-align-center\" data-align=\"center\">Coronel Pilar<\/td><td class=\"has-text-align-center\" data-align=\"center\">6<\/td><td class=\"has-text-align-center\" data-align=\"center\">3<\/td><td class=\"has-text-align-center\" data-align=\"center\">2<\/td><td class=\"has-text-align-center\" data-align=\"center\">0<\/td><td class=\"has-text-align-center\" data-align=\"center\">1<\/td><td class=\"has-text-align-center\" data-align=\"center\">11<\/td><td class=\"has-text-align-center\" data-align=\"center\">10<\/td><td class=\"has-text-align-center\" data-align=\"center\">1<\/td><td class=\"has-text-align-center\" data-align=\"center\">67<\/td><\/tr><tr><td class=\"has-text-align-center\" data-align=\"center\">3\u00ba<\/td><td class=\"has-text-align-center\" data-align=\"center\">Teut\u00f4nia<\/td><td class=\"has-text-align-center\" data-align=\"center\">5<\/td><td class=\"has-text-align-center\" data-align=\"center\">4<\/td><td class=\"has-text-align-center\" data-align=\"center\">1<\/td><td class=\"has-text-align-center\" data-align=\"center\">2<\/td><td class=\"has-text-align-center\" data-align=\"center\">1<\/td><td class=\"has-text-align-center\" data-align=\"center\">14<\/td><td class=\"has-text-align-center\" data-align=\"center\">12<\/td><td class=\"has-text-align-center\" data-align=\"center\">2<\/td><td class=\"has-text-align-center\" data-align=\"center\">42<\/td><\/tr><tr><td class=\"has-text-align-center\" data-align=\"center\">4\u00ba<\/td><td class=\"has-text-align-center\" data-align=\"center\">Westf\u00e1lia<\/td><td class=\"has-text-align-center\" data-align=\"center\">4<\/td><td class=\"has-text-align-center\" data-align=\"center\">3<\/td><td class=\"has-text-align-center\" data-align=\"center\">1<\/td><td class=\"has-text-align-center\" data-align=\"center\">1<\/td><td class=\"has-text-align-center\" data-align=\"center\">1<\/td><td class=\"has-text-align-center\" data-align=\"center\">10<\/td><td class=\"has-text-align-center\" data-align=\"center\">9<\/td><td class=\"has-text-align-center\" data-align=\"center\">1<\/td><td class=\"has-text-align-center\" data-align=\"center\">44<\/td><\/tr><tr><td class=\"has-text-align-center\" data-align=\"center\">5\u00ba<\/td><td class=\"has-text-align-center\" data-align=\"center\">Boa Vista do Sul<\/td><td class=\"has-text-align-center\" data-align=\"center\">3<\/td><td class=\"has-text-align-center\" data-align=\"center\">2<\/td><td class=\"has-text-align-center\" data-align=\"center\">1<\/td><td class=\"has-text-align-center\" data-align=\"center\">0<\/td><td class=\"has-text-align-center\" data-align=\"center\">1<\/td><td class=\"has-text-align-center\" data-align=\"center\">7<\/td><td class=\"has-text-align-center\" data-align=\"center\">8<\/td><td class=\"has-text-align-center\" data-align=\"center\">-1<\/td><td class=\"has-text-align-center\" data-align=\"center\">50<\/td><\/tr><tr><td class=\"has-text-align-center\" data-align=\"center\">6\u00ba<\/td><td class=\"has-text-align-center\" data-align=\"center\">Bar\u00e3o<\/td><td class=\"has-text-align-center\" data-align=\"center\">1<\/td><td class=\"has-text-align-center\" data-align=\"center\">2<\/td><td class=\"has-text-align-center\" data-align=\"center\">0<\/td><td class=\"has-text-align-center\" data-align=\"center\">1<\/td><td class=\"has-text-align-center\" data-align=\"center\">1<\/td><td class=\"has-text-align-center\" data-align=\"center\">2<\/td><td class=\"has-text-align-center\" data-align=\"center\">6<\/td><td class=\"has-text-align-center\" data-align=\"center\">-4<\/td><td class=\"has-text-align-center\" data-align=\"center\">17<\/td><\/tr><tr><td class=\"has-text-align-center\" data-align=\"center\">7\u00ba<\/td><td class=\"has-text-align-center\" data-align=\"center\">Fazenda Vilanova<\/td><td class=\"has-text-align-center\" data-align=\"center\">0<\/td><td class=\"has-text-align-center\" data-align=\"center\">3<\/td><td class=\"has-text-align-center\" data-align=\"center\">0<\/td><td class=\"has-text-align-center\" data-align=\"center\">0<\/td><td class=\"has-text-align-center\" data-align=\"center\">3<\/td><td class=\"has-text-align-center\" data-align=\"center\">8<\/td><td class=\"has-text-align-center\" data-align=\"center\">17<\/td><td class=\"has-text-align-center\" data-align=\"center\">-9<\/td><td class=\"has-text-align-center\" data-align=\"center\">0<\/td><\/tr><\/tbody><\/table><\/figure>\n","protected":false},"excerpt":{"rendered":"<p>A 4\u00aa Copa Rota da Serra Sicoob de Futsal 2026 teve mais uma rodada equilibrada e de gols na noite da quinta-feira (23\/4), no Gin\u00e1sio da Associa\u00e7\u00e3o Pr\u00f3-Desenvolvimento de Languiru (ADPL), em Teut\u00f4nia. As partidas envolveram as categorias Sub-15 e For\u00e7a Livre e tiveram influ\u00eancia direta na configura\u00e7\u00e3o das tabelas. Na Sub-15, Bar\u00e3o e Imigrante [&hellip;]<\/p>\n","protected":false},"author":732,"featured_media":211840,"comment_status":"open","ping_status":"open","sticky":false,"template":"","format":"standard","meta":{"pmpro_default_level":"","_jetpack_memberships_contains_paid_content":false,"footnotes":""},"categories":[5,530],"tags":[10480,31,34,18258,26],"class_list":{"0":"post-211839","1":"post","2":"type-post","3":"status-publish","4":"format-standard","5":"has-post-thumbnail","7":"category-esportes","8":"category-futsal","9":"tag-copa-rota-da-serra","10":"tag-futsal","11":"tag-imigrante","12":"tag-rota-da-serra","13":"tag-teutonia","14":"pmpro-has-access"},"yoast_head":"<!-- This site is optimized with the Yoast SEO plugin v27.5 - https:\/\/yoast.com\/product\/yoast-seo-wordpress\/ -->\n<title>Copa Rota da Serra com Imigrante l\u00edder da For\u00e7a Livre e Teut\u00f4nia na ponta da Sub-15 - Folha Popular<\/title>\n<meta name=\"description\" content=\"A Copa Rota da Serra teve mais uma rodada equilibrada e de gols na noite da quinta-feira (23\/4), na APDL, em Teut\u00f4nia.\" \/>\n<meta name=\"robots\" content=\"index, follow, max-snippet:-1, max-image-preview:large, max-video-preview:-1\" \/>\n<link rel=\"canonical\" href=\"https:\/\/folhapopular.info\/index.php\/2026\/04\/29\/copa-rota-da-serra-com-imigrante-lider-da-forca-livre-e-teutonia-na-ponta-da-sub-15\/\" \/>\n<meta property=\"og:locale\" content=\"pt_BR\" \/>\n<meta property=\"og:type\" content=\"article\" \/>\n<meta property=\"og:title\" content=\"Copa Rota da Serra com Imigrante l\u00edder da For\u00e7a Livre e Teut\u00f4nia na ponta da Sub-15 - Folha Popular\" \/>\n<meta property=\"og:description\" content=\"A Copa Rota da Serra teve mais uma rodada equilibrada e de gols na noite da quinta-feira (23\/4), na APDL, em Teut\u00f4nia.\" \/>\n<meta property=\"og:url\" content=\"https:\/\/folhapopular.info\/index.php\/2026\/04\/29\/copa-rota-da-serra-com-imigrante-lider-da-forca-livre-e-teutonia-na-ponta-da-sub-15\/\" \/>\n<meta property=\"og:site_name\" content=\"Folha Popular\" \/>\n<meta property=\"article:author\" content=\"https:\/\/www.facebook.com\/luis.huppes\/\" \/>\n<meta property=\"article:published_time\" content=\"2026-04-29T14:49:34+00:00\" \/>\n<meta property=\"article:modified_time\" content=\"2026-04-29T14:49:36+00:00\" \/>\n<meta property=\"og:image\" content=\"https:\/\/folhapopular.info\/wp-content\/uploads\/2026\/04\/ROTA-DA-SERRA_Confrontos-da-APDL-foram-interessantes_Gabriely-scaled.jpeg\" \/>\n\t<meta property=\"og:image:width\" content=\"2560\" \/>\n\t<meta property=\"og:image:height\" content=\"1920\" \/>\n\t<meta property=\"og:image:type\" content=\"image\/jpeg\" \/>\n<meta name=\"author\" content=\"Luis Augusto Huppes\" \/>\n<meta name=\"twitter:card\" content=\"summary_large_image\" \/>\n<meta name=\"twitter:label1\" content=\"Escrito por\" \/>\n\t<meta name=\"twitter:data1\" content=\"Luis Augusto Huppes\" \/>\n\t<meta name=\"twitter:label2\" content=\"Est. tempo de leitura\" \/>\n\t<meta name=\"twitter:data2\" content=\"4 minutos\" \/>\n<script type=\"application\/ld+json\" class=\"yoast-schema-graph\">{\"@context\":\"https:\\\/\\\/schema.org\",\"@graph\":[{\"@type\":\"Article\",\"@id\":\"https:\\\/\\\/folhapopular.info\\\/index.php\\\/2026\\\/04\\\/29\\\/copa-rota-da-serra-com-imigrante-lider-da-forca-livre-e-teutonia-na-ponta-da-sub-15\\\/#article\",\"isPartOf\":{\"@id\":\"https:\\\/\\\/folhapopular.info\\\/index.php\\\/2026\\\/04\\\/29\\\/copa-rota-da-serra-com-imigrante-lider-da-forca-livre-e-teutonia-na-ponta-da-sub-15\\\/\"},\"author\":{\"name\":\"Luis Augusto Huppes\",\"@id\":\"https:\\\/\\\/folhapopular.info\\\/#\\\/schema\\\/person\\\/e852c327371714676d02e58cf917fd9f\"},\"headline\":\"Copa Rota da Serra com Imigrante l\u00edder da For\u00e7a Livre e Teut\u00f4nia na ponta da Sub-15\",\"datePublished\":\"2026-04-29T14:49:34+00:00\",\"dateModified\":\"2026-04-29T14:49:36+00:00\",\"mainEntityOfPage\":{\"@id\":\"https:\\\/\\\/folhapopular.info\\\/index.php\\\/2026\\\/04\\\/29\\\/copa-rota-da-serra-com-imigrante-lider-da-forca-livre-e-teutonia-na-ponta-da-sub-15\\\/\"},\"wordCount\":490,\"commentCount\":0,\"image\":{\"@id\":\"https:\\\/\\\/folhapopular.info\\\/index.php\\\/2026\\\/04\\\/29\\\/copa-rota-da-serra-com-imigrante-lider-da-forca-livre-e-teutonia-na-ponta-da-sub-15\\\/#primaryimage\"},\"thumbnailUrl\":\"https:\\\/\\\/folhapopular.info\\\/wp-content\\\/uploads\\\/2026\\\/04\\\/ROTA-DA-SERRA_Confrontos-da-APDL-foram-interessantes_Gabriely-scaled.jpeg\",\"keywords\":[\"Copa Rota da Serra\",\"Futsal\",\"Imigrante\",\"Rota da Serra\",\"Teut\u00f4nia\"],\"articleSection\":[\"Esportes\",\"Futsal\"],\"inLanguage\":\"pt-BR\",\"potentialAction\":[{\"@type\":\"CommentAction\",\"name\":\"Comment\",\"target\":[\"https:\\\/\\\/folhapopular.info\\\/index.php\\\/2026\\\/04\\\/29\\\/copa-rota-da-serra-com-imigrante-lider-da-forca-livre-e-teutonia-na-ponta-da-sub-15\\\/#respond\"]}]},{\"@type\":\"WebPage\",\"@id\":\"https:\\\/\\\/folhapopular.info\\\/index.php\\\/2026\\\/04\\\/29\\\/copa-rota-da-serra-com-imigrante-lider-da-forca-livre-e-teutonia-na-ponta-da-sub-15\\\/\",\"url\":\"https:\\\/\\\/folhapopular.info\\\/index.php\\\/2026\\\/04\\\/29\\\/copa-rota-da-serra-com-imigrante-lider-da-forca-livre-e-teutonia-na-ponta-da-sub-15\\\/\",\"name\":\"Copa Rota da Serra com Imigrante l\u00edder da For\u00e7a Livre e Teut\u00f4nia na ponta da Sub-15 - Folha Popular\",\"isPartOf\":{\"@id\":\"https:\\\/\\\/folhapopular.info\\\/#website\"},\"primaryImageOfPage\":{\"@id\":\"https:\\\/\\\/folhapopular.info\\\/index.php\\\/2026\\\/04\\\/29\\\/copa-rota-da-serra-com-imigrante-lider-da-forca-livre-e-teutonia-na-ponta-da-sub-15\\\/#primaryimage\"},\"image\":{\"@id\":\"https:\\\/\\\/folhapopular.info\\\/index.php\\\/2026\\\/04\\\/29\\\/copa-rota-da-serra-com-imigrante-lider-da-forca-livre-e-teutonia-na-ponta-da-sub-15\\\/#primaryimage\"},\"thumbnailUrl\":\"https:\\\/\\\/folhapopular.info\\\/wp-content\\\/uploads\\\/2026\\\/04\\\/ROTA-DA-SERRA_Confrontos-da-APDL-foram-interessantes_Gabriely-scaled.jpeg\",\"datePublished\":\"2026-04-29T14:49:34+00:00\",\"dateModified\":\"2026-04-29T14:49:36+00:00\",\"author\":{\"@id\":\"https:\\\/\\\/folhapopular.info\\\/#\\\/schema\\\/person\\\/e852c327371714676d02e58cf917fd9f\"},\"description\":\"A Copa Rota da Serra teve mais uma rodada equilibrada e de gols na noite da quinta-feira (23\\\/4), na APDL, em Teut\u00f4nia.\",\"breadcrumb\":{\"@id\":\"https:\\\/\\\/folhapopular.info\\\/index.php\\\/2026\\\/04\\\/29\\\/copa-rota-da-serra-com-imigrante-lider-da-forca-livre-e-teutonia-na-ponta-da-sub-15\\\/#breadcrumb\"},\"inLanguage\":\"pt-BR\",\"potentialAction\":[{\"@type\":\"ReadAction\",\"target\":[\"https:\\\/\\\/folhapopular.info\\\/index.php\\\/2026\\\/04\\\/29\\\/copa-rota-da-serra-com-imigrante-lider-da-forca-livre-e-teutonia-na-ponta-da-sub-15\\\/\"]}]},{\"@type\":\"ImageObject\",\"inLanguage\":\"pt-BR\",\"@id\":\"https:\\\/\\\/folhapopular.info\\\/index.php\\\/2026\\\/04\\\/29\\\/copa-rota-da-serra-com-imigrante-lider-da-forca-livre-e-teutonia-na-ponta-da-sub-15\\\/#primaryimage\",\"url\":\"https:\\\/\\\/folhapopular.info\\\/wp-content\\\/uploads\\\/2026\\\/04\\\/ROTA-DA-SERRA_Confrontos-da-APDL-foram-interessantes_Gabriely-scaled.jpeg\",\"contentUrl\":\"https:\\\/\\\/folhapopular.info\\\/wp-content\\\/uploads\\\/2026\\\/04\\\/ROTA-DA-SERRA_Confrontos-da-APDL-foram-interessantes_Gabriely-scaled.jpeg\",\"width\":2560,\"height\":1920,\"caption\":\"Confrontos da APDL foram interessantes - Cr\u00e9dito: Gabriely Hartmann Mallmann\"},{\"@type\":\"BreadcrumbList\",\"@id\":\"https:\\\/\\\/folhapopular.info\\\/index.php\\\/2026\\\/04\\\/29\\\/copa-rota-da-serra-com-imigrante-lider-da-forca-livre-e-teutonia-na-ponta-da-sub-15\\\/#breadcrumb\",\"itemListElement\":[{\"@type\":\"ListItem\",\"position\":1,\"name\":\"In\u00edcio\",\"item\":\"https:\\\/\\\/folhapopular.info\\\/\"},{\"@type\":\"ListItem\",\"position\":2,\"name\":\"Copa Rota da Serra com Imigrante l\u00edder da For\u00e7a Livre e Teut\u00f4nia na ponta da Sub-15\"}]},{\"@type\":\"WebSite\",\"@id\":\"https:\\\/\\\/folhapopular.info\\\/#website\",\"url\":\"https:\\\/\\\/folhapopular.info\\\/\",\"name\":\"Folha Popular\",\"description\":\"Onde voc\u00ea tem vez e voz\",\"potentialAction\":[{\"@type\":\"SearchAction\",\"target\":{\"@type\":\"EntryPoint\",\"urlTemplate\":\"https:\\\/\\\/folhapopular.info\\\/?s={search_term_string}\"},\"query-input\":{\"@type\":\"PropertyValueSpecification\",\"valueRequired\":true,\"valueName\":\"search_term_string\"}}],\"inLanguage\":\"pt-BR\"},{\"@type\":\"Person\",\"@id\":\"https:\\\/\\\/folhapopular.info\\\/#\\\/schema\\\/person\\\/e852c327371714676d02e58cf917fd9f\",\"name\":\"Luis Augusto Huppes\",\"image\":{\"@type\":\"ImageObject\",\"inLanguage\":\"pt-BR\",\"@id\":\"https:\\\/\\\/folhapopular.info\\\/wp-content\\\/uploads\\\/2026\\\/04\\\/Luis-Augusto-Huppes-1-1.webp\",\"url\":\"https:\\\/\\\/folhapopular.info\\\/wp-content\\\/uploads\\\/2026\\\/04\\\/Luis-Augusto-Huppes-1-1.webp\",\"contentUrl\":\"https:\\\/\\\/folhapopular.info\\\/wp-content\\\/uploads\\\/2026\\\/04\\\/Luis-Augusto-Huppes-1-1.webp\",\"caption\":\"Luis Augusto Huppes\"},\"sameAs\":[\"https:\\\/\\\/www.facebook.com\\\/luis.huppes\\\/\",\"https:\\\/\\\/www.instagram.com\\\/luis.huppes\\\/\",\"https:\\\/\\\/www.linkedin.com\\\/in\\\/luis-augusto-huppes-2554b52b7\\\/\"],\"url\":\"https:\\\/\\\/folhapopular.info\\\/index.php\\\/author\\\/luis-augusto-huppes\\\/\"}]}<\/script>\n<!-- \/ Yoast SEO plugin. -->","yoast_head_json":{"title":"Copa Rota da Serra com Imigrante l\u00edder da For\u00e7a Livre e Teut\u00f4nia na ponta da Sub-15 - Folha Popular","description":"A Copa Rota da Serra teve mais uma rodada equilibrada e de gols na noite da quinta-feira (23\/4), na APDL, em Teut\u00f4nia.","robots":{"index":"index","follow":"follow","max-snippet":"max-snippet:-1","max-image-preview":"max-image-preview:large","max-video-preview":"max-video-preview:-1"},"canonical":"https:\/\/folhapopular.info\/index.php\/2026\/04\/29\/copa-rota-da-serra-com-imigrante-lider-da-forca-livre-e-teutonia-na-ponta-da-sub-15\/","og_locale":"pt_BR","og_type":"article","og_title":"Copa Rota da Serra com Imigrante l\u00edder da For\u00e7a Livre e Teut\u00f4nia na ponta da Sub-15 - Folha Popular","og_description":"A Copa Rota da Serra teve mais uma rodada equilibrada e de gols na noite da quinta-feira (23\/4), na APDL, em Teut\u00f4nia.","og_url":"https:\/\/folhapopular.info\/index.php\/2026\/04\/29\/copa-rota-da-serra-com-imigrante-lider-da-forca-livre-e-teutonia-na-ponta-da-sub-15\/","og_site_name":"Folha Popular","article_author":"https:\/\/www.facebook.com\/luis.huppes\/","article_published_time":"2026-04-29T14:49:34+00:00","article_modified_time":"2026-04-29T14:49:36+00:00","og_image":[{"width":2560,"height":1920,"url":"https:\/\/folhapopular.info\/wp-content\/uploads\/2026\/04\/ROTA-DA-SERRA_Confrontos-da-APDL-foram-interessantes_Gabriely-scaled.jpeg","type":"image\/jpeg"}],"author":"Luis Augusto Huppes","twitter_card":"summary_large_image","twitter_misc":{"Escrito por":"Luis Augusto Huppes","Est. tempo de leitura":"4 minutos"},"schema":{"@context":"https:\/\/schema.org","@graph":[{"@type":"Article","@id":"https:\/\/folhapopular.info\/index.php\/2026\/04\/29\/copa-rota-da-serra-com-imigrante-lider-da-forca-livre-e-teutonia-na-ponta-da-sub-15\/#article","isPartOf":{"@id":"https:\/\/folhapopular.info\/index.php\/2026\/04\/29\/copa-rota-da-serra-com-imigrante-lider-da-forca-livre-e-teutonia-na-ponta-da-sub-15\/"},"author":{"name":"Luis Augusto Huppes","@id":"https:\/\/folhapopular.info\/#\/schema\/person\/e852c327371714676d02e58cf917fd9f"},"headline":"Copa Rota da Serra com Imigrante l\u00edder da For\u00e7a Livre e Teut\u00f4nia na ponta da Sub-15","datePublished":"2026-04-29T14:49:34+00:00","dateModified":"2026-04-29T14:49:36+00:00","mainEntityOfPage":{"@id":"https:\/\/folhapopular.info\/index.php\/2026\/04\/29\/copa-rota-da-serra-com-imigrante-lider-da-forca-livre-e-teutonia-na-ponta-da-sub-15\/"},"wordCount":490,"commentCount":0,"image":{"@id":"https:\/\/folhapopular.info\/index.php\/2026\/04\/29\/copa-rota-da-serra-com-imigrante-lider-da-forca-livre-e-teutonia-na-ponta-da-sub-15\/#primaryimage"},"thumbnailUrl":"https:\/\/folhapopular.info\/wp-content\/uploads\/2026\/04\/ROTA-DA-SERRA_Confrontos-da-APDL-foram-interessantes_Gabriely-scaled.jpeg","keywords":["Copa Rota da Serra","Futsal","Imigrante","Rota da Serra","Teut\u00f4nia"],"articleSection":["Esportes","Futsal"],"inLanguage":"pt-BR","potentialAction":[{"@type":"CommentAction","name":"Comment","target":["https:\/\/folhapopular.info\/index.php\/2026\/04\/29\/copa-rota-da-serra-com-imigrante-lider-da-forca-livre-e-teutonia-na-ponta-da-sub-15\/#respond"]}]},{"@type":"WebPage","@id":"https:\/\/folhapopular.info\/index.php\/2026\/04\/29\/copa-rota-da-serra-com-imigrante-lider-da-forca-livre-e-teutonia-na-ponta-da-sub-15\/","url":"https:\/\/folhapopular.info\/index.php\/2026\/04\/29\/copa-rota-da-serra-com-imigrante-lider-da-forca-livre-e-teutonia-na-ponta-da-sub-15\/","name":"Copa Rota da Serra com Imigrante l\u00edder da For\u00e7a Livre e Teut\u00f4nia na ponta da Sub-15 - Folha Popular","isPartOf":{"@id":"https:\/\/folhapopular.info\/#website"},"primaryImageOfPage":{"@id":"https:\/\/folhapopular.info\/index.php\/2026\/04\/29\/copa-rota-da-serra-com-imigrante-lider-da-forca-livre-e-teutonia-na-ponta-da-sub-15\/#primaryimage"},"image":{"@id":"https:\/\/folhapopular.info\/index.php\/2026\/04\/29\/copa-rota-da-serra-com-imigrante-lider-da-forca-livre-e-teutonia-na-ponta-da-sub-15\/#primaryimage"},"thumbnailUrl":"https:\/\/folhapopular.info\/wp-content\/uploads\/2026\/04\/ROTA-DA-SERRA_Confrontos-da-APDL-foram-interessantes_Gabriely-scaled.jpeg","datePublished":"2026-04-29T14:49:34+00:00","dateModified":"2026-04-29T14:49:36+00:00","author":{"@id":"https:\/\/folhapopular.info\/#\/schema\/person\/e852c327371714676d02e58cf917fd9f"},"description":"A Copa Rota da Serra teve mais uma rodada equilibrada e de gols na noite da quinta-feira (23\/4), na APDL, em Teut\u00f4nia.","breadcrumb":{"@id":"https:\/\/folhapopular.info\/index.php\/2026\/04\/29\/copa-rota-da-serra-com-imigrante-lider-da-forca-livre-e-teutonia-na-ponta-da-sub-15\/#breadcrumb"},"inLanguage":"pt-BR","potentialAction":[{"@type":"ReadAction","target":["https:\/\/folhapopular.info\/index.php\/2026\/04\/29\/copa-rota-da-serra-com-imigrante-lider-da-forca-livre-e-teutonia-na-ponta-da-sub-15\/"]}]},{"@type":"ImageObject","inLanguage":"pt-BR","@id":"https:\/\/folhapopular.info\/index.php\/2026\/04\/29\/copa-rota-da-serra-com-imigrante-lider-da-forca-livre-e-teutonia-na-ponta-da-sub-15\/#primaryimage","url":"https:\/\/folhapopular.info\/wp-content\/uploads\/2026\/04\/ROTA-DA-SERRA_Confrontos-da-APDL-foram-interessantes_Gabriely-scaled.jpeg","contentUrl":"https:\/\/folhapopular.info\/wp-content\/uploads\/2026\/04\/ROTA-DA-SERRA_Confrontos-da-APDL-foram-interessantes_Gabriely-scaled.jpeg","width":2560,"height":1920,"caption":"Confrontos da APDL foram interessantes - Cr\u00e9dito: Gabriely Hartmann Mallmann"},{"@type":"BreadcrumbList","@id":"https:\/\/folhapopular.info\/index.php\/2026\/04\/29\/copa-rota-da-serra-com-imigrante-lider-da-forca-livre-e-teutonia-na-ponta-da-sub-15\/#breadcrumb","itemListElement":[{"@type":"ListItem","position":1,"name":"In\u00edcio","item":"https:\/\/folhapopular.info\/"},{"@type":"ListItem","position":2,"name":"Copa Rota da Serra com Imigrante l\u00edder da For\u00e7a Livre e Teut\u00f4nia na ponta da Sub-15"}]},{"@type":"WebSite","@id":"https:\/\/folhapopular.info\/#website","url":"https:\/\/folhapopular.info\/","name":"Folha Popular","description":"Onde voc\u00ea tem vez e voz","potentialAction":[{"@type":"SearchAction","target":{"@type":"EntryPoint","urlTemplate":"https:\/\/folhapopular.info\/?s={search_term_string}"},"query-input":{"@type":"PropertyValueSpecification","valueRequired":true,"valueName":"search_term_string"}}],"inLanguage":"pt-BR"},{"@type":"Person","@id":"https:\/\/folhapopular.info\/#\/schema\/person\/e852c327371714676d02e58cf917fd9f","name":"Luis Augusto Huppes","image":{"@type":"ImageObject","inLanguage":"pt-BR","@id":"https:\/\/folhapopular.info\/wp-content\/uploads\/2026\/04\/Luis-Augusto-Huppes-1-1.webp","url":"https:\/\/folhapopular.info\/wp-content\/uploads\/2026\/04\/Luis-Augusto-Huppes-1-1.webp","contentUrl":"https:\/\/folhapopular.info\/wp-content\/uploads\/2026\/04\/Luis-Augusto-Huppes-1-1.webp","caption":"Luis Augusto Huppes"},"sameAs":["https:\/\/www.facebook.com\/luis.huppes\/","https:\/\/www.instagram.com\/luis.huppes\/","https:\/\/www.linkedin.com\/in\/luis-augusto-huppes-2554b52b7\/"],"url":"https:\/\/folhapopular.info\/index.php\/author\/luis-augusto-huppes\/"}]}},"jetpack_featured_media_url":"https:\/\/folhapopular.info\/wp-content\/uploads\/2026\/04\/ROTA-DA-SERRA_Confrontos-da-APDL-foram-interessantes_Gabriely-scaled.jpeg","jetpack_sharing_enabled":true,"amp_enabled":true,"_links":{"self":[{"href":"https:\/\/folhapopular.info\/index.php\/wp-json\/wp\/v2\/posts\/211839","targetHints":{"allow":["GET"]}}],"collection":[{"href":"https:\/\/folhapopular.info\/index.php\/wp-json\/wp\/v2\/posts"}],"about":[{"href":"https:\/\/folhapopular.info\/index.php\/wp-json\/wp\/v2\/types\/post"}],"author":[{"embeddable":true,"href":"https:\/\/folhapopular.info\/index.php\/wp-json\/wp\/v2\/users\/732"}],"replies":[{"embeddable":true,"href":"https:\/\/folhapopular.info\/index.php\/wp-json\/wp\/v2\/comments?post=211839"}],"version-history":[{"count":1,"href":"https:\/\/folhapopular.info\/index.php\/wp-json\/wp\/v2\/posts\/211839\/revisions"}],"predecessor-version":[{"id":211841,"href":"https:\/\/folhapopular.info\/index.php\/wp-json\/wp\/v2\/posts\/211839\/revisions\/211841"}],"wp:featuredmedia":[{"embeddable":true,"href":"https:\/\/folhapopular.info\/index.php\/wp-json\/wp\/v2\/media\/211840"}],"wp:attachment":[{"href":"https:\/\/folhapopular.info\/index.php\/wp-json\/wp\/v2\/media?parent=211839"}],"wp:term":[{"taxonomy":"category","embeddable":true,"href":"https:\/\/folhapopular.info\/index.php\/wp-json\/wp\/v2\/categories?post=211839"},{"taxonomy":"post_tag","embeddable":true,"href":"https:\/\/folhapopular.info\/index.php\/wp-json\/wp\/v2\/tags?post=211839"}],"curies":[{"name":"wp","href":"https:\/\/api.w.org\/{rel}","templated":true}]}}