{"id":211845,"date":"2026-05-01T11:11:00","date_gmt":"2026-05-01T14:11:00","guid":{"rendered":"https:\/\/folhapopular.info\/?p=211845"},"modified":"2026-04-29T15:33:35","modified_gmt":"2026-04-29T18:33:35","slug":"11-amigos-celebra-70-anos-com-jantar-baile","status":"publish","type":"post","link":"https:\/\/folhapopular.info\/index.php\/2026\/05\/01\/11-amigos-celebra-70-anos-com-jantar-baile\/","title":{"rendered":"11 Amigos celebra 70 anos com jantar baile"},"content":{"rendered":"\n<p>Parte da comunidade de Po\u00e7o das Antas se mobiliza para uma noite de celebra\u00e7\u00e3o e mem\u00f3ria neste s\u00e1bado (2\/5). O Esporte Clube 11 Amigos comemora seus 70 anos com um jantar baile no Centro Comunit\u00e1rio Boa Vista (Cebovi), em Boa Vista.<\/p>\n\n\n\n<p>O evento deve reunir comunidade, ex-atletas, dirigentes e torcedores em momento de valoriza\u00e7\u00e3o da trajet\u00f3ria constru\u00edda desde 1956.<\/p>\n\n\n\n<p>O anivers\u00e1rio representa a continuidade de um clube que se mant\u00e9m ativo h\u00e1 sete d\u00e9cadas. A proposta da comemora\u00e7\u00e3o \u00e9 justamente refor\u00e7ar esse legado, que passa por gera\u00e7\u00f5es e se mant\u00e9m vivo no cotidiano da comunidade.<\/p>\n\n\n\n<p>\u201cFalamos de um marco constru\u00eddo ao longo do tempo e carregado por muitas pessoas\u201d, afirma Jenifer Kunzler Beckenbach, integrante da dire\u00e7\u00e3o e torcedora. Segundo ela, a ideia foi transformar os 70 anos em um movimento que ultrapassa o dia da festa.<\/p>\n\n\n\n<p>Nos primeiros meses de 2026, o clube j\u00e1 promoveu a\u00e7\u00f5es alusivas \u00e0 data, como o lan\u00e7amento de camisetas e uniformes comemorativos, para aproximar atletas, torcedores e apoiadores dessa celebra\u00e7\u00e3o.<\/p>\n\n\n\n<p>Um dos destaques do jantar baile ser\u00e1 o resgate hist\u00f3rico preparado especialmente para a ocasi\u00e3o. Durante o evento, o p\u00fablico poder\u00e1 conferir a galeria de trof\u00e9us, registros e materiais que ajudam a contar a trajet\u00f3ria do 11 Amigos desde a funda\u00e7\u00e3o.<\/p>\n\n\n\n<p>\u201cResgatar esses momentos \u00e9 a nossa forma de homenagear quem fez parte dessa caminhada. Tem muita gente envolvida nisso, desde a organiza\u00e7\u00e3o at\u00e9 quem ajudou a preservar esses registros ao longo dos anos\u201d, explica Jenifer.<\/p>\n\n\n\n<p>O material foi reunido com o apoio de volunt\u00e1rios e membros da diretoria, que trabalharam na digitaliza\u00e7\u00e3o e organiza\u00e7\u00e3o dos conte\u00fados. A proposta \u00e9 valorizar n\u00e3o apenas os t\u00edtulos, mas tamb\u00e9m as hist\u00f3rias e personagens que marcaram o clube.<\/p>\n\n\n\n<h2 class=\"wp-block-heading\"><strong>Mobiliza\u00e7\u00e3o<\/strong> <strong>e programa\u00e7\u00e3o<\/strong><\/h2>\n\n\n\n<p>A prepara\u00e7\u00e3o para o evento mobiliza a comunidade h\u00e1 semanas. A venda de cart\u00f5es, a busca por patrocinadores e a organiza\u00e7\u00e3o da estrutura envolvem um grande n\u00famero de pessoas.<\/p>\n\n\n\n<p>\u201c\u00c9 um trabalho de muitas m\u00e3os. Tem gente focada na decora\u00e7\u00e3o, cozinha, parte hist\u00f3rica, redes sociais. Cada um contribui com o que pode para que tudo aconte\u00e7a\u201d, destaca Jenifer.<\/p>\n\n\n\n<p>Ela tamb\u00e9m chama aten\u00e7\u00e3o para a participa\u00e7\u00e3o feminina. \u201cAs mulheres est\u00e3o muito presentes, ajudam em todas as frentes. Isso \u00e9 fundamental para que um evento desse porte aconte\u00e7a\u201d, ressalta.<\/p>\n\n\n\n<p>A programa\u00e7\u00e3o do s\u00e1bado come\u00e7a \u00e0s 19h30, com recep\u00e7\u00e3o aos convidados. \u00c0s 20h ser\u00e1 o jantar, preparado e servido na mesa.<\/p>\n\n\n\n<p>Na sequ\u00eancia, a noite segue com baile animado pela Orquestra La Montanara, a partir das 22h, e pelo <em>DJ<\/em> Darlan, que assume a programa\u00e7\u00e3o na madrugada. O evento tamb\u00e9m ter\u00e1 sorteio de pr\u00eamios e homenagens ao longo da noite.<\/p>\n\n\n\n<p>\u201cPensamos em algo din\u00e2mico, com momentos de celebra\u00e7\u00e3o, mas tamb\u00e9m, deixamos espa\u00e7o para as pessoas confraternizarem, se reencontrarem e aproveitarem\u201d, comenta Jenifer.<\/p>\n\n\n\n<h2 class=\"wp-block-heading\"><strong>Encontro de gera\u00e7\u00f5es<\/strong><\/h2>\n\n\n\n<p>A expectativa \u00e9 de grande p\u00fablico, com a presen\u00e7a de diferentes gera\u00e7\u00f5es que ajudaram a construir a hist\u00f3ria do clube. Ex-jogadores, antigos dirigentes e fam\u00edlias da comunidade devem marcar presen\u00e7a.<\/p>\n\n\n\n<p>\u201c\u00c9 um momento de olhar para tr\u00e1s e reconhecer tudo o que foi feito, celebrar o presente e pensar no futuro\u201d, afirma ela.<\/p>\n\n\n\n<p>Os cart\u00f5es para o jantar seguem sendo comercializados com a diretoria, e a expectativa \u00e9 de casa cheia. A organiza\u00e7\u00e3o orienta que os interessados garantam presen\u00e7a antecipadamente.<\/p>\n\n\n\n<p>\u201cVai ser uma noite muito especial. Convidamos toda a comunidade de Po\u00e7o das Antas e da regi\u00e3o para participar e celebrar com a gente esses 70 anos de hist\u00f3ria\u201d, refor\u00e7a Jenifer.<\/p>\n\n\n\n<p>Entre mem\u00f3rias, reencontros e homenagens, o 11 Amigos prepara uma comemora\u00e7\u00e3o que traduz sua ess\u00eancia: um clube constru\u00eddo coletivamente e que segue parte importante da identidade da comunidade.<\/p>\n\n\n\n<h2 class=\"wp-block-heading\"><strong>Assista \u00e0 entrevista:<\/strong><\/h2>\n\n\n\n<figure class=\"wp-block-embed is-type-video is-provider-youtube wp-block-embed-youtube wp-embed-aspect-16-9 wp-has-aspect-ratio\"><div class=\"wp-block-embed__wrapper\">\n<iframe loading=\"lazy\" title=\"TERCEIRO TEMPO | AO VIVO\" width=\"696\" height=\"392\" src=\"https:\/\/www.youtube.com\/embed\/RDS9NjScEXU?feature=oembed\" frameborder=\"0\" allow=\"accelerometer; autoplay; clipboard-write; encrypted-media; gyroscope; picture-in-picture; web-share\" referrerpolicy=\"strict-origin-when-cross-origin\" allowfullscreen><\/iframe>\n<\/div><\/figure>\n","protected":false},"excerpt":{"rendered":"<p>Parte da comunidade de Po\u00e7o das Antas se mobiliza para uma noite de celebra\u00e7\u00e3o e mem\u00f3ria neste s\u00e1bado (2\/5). O Esporte Clube 11 Amigos comemora seus 70 anos com um jantar baile no Centro Comunit\u00e1rio Boa Vista (Cebovi), em Boa Vista. O evento deve reunir comunidade, ex-atletas, dirigentes e torcedores em momento de valoriza\u00e7\u00e3o da [&hellip;]<\/p>\n","protected":false},"author":732,"featured_media":211846,"comment_status":"open","ping_status":"open","sticky":false,"template":"","format":"standard","meta":{"pmpro_default_level":"","_jetpack_memberships_contains_paid_content":false,"footnotes":""},"categories":[5,240],"tags":[4335,9530,147,40],"class_list":{"0":"post-211845","1":"post","2":"type-post","3":"status-publish","4":"format-standard","5":"has-post-thumbnail","7":"category-esportes","8":"category-futebol-amador","9":"tag-11-amigos","10":"tag-70-anos","11":"tag-futebol-amador","12":"tag-poco-das-antas","13":"pmpro-has-access"},"yoast_head":"<!-- This site is optimized with the Yoast SEO plugin v27.5 - https:\/\/yoast.com\/product\/yoast-seo-wordpress\/ -->\n<title>11 Amigos celebra 70 anos com jantar baile - Folha Popular<\/title>\n<meta name=\"description\" content=\"O 11 Amigos, de Po\u00e7o das Antas, realiza jantar baile na noite do s\u00e1bado para celebrar seus 70 anos de exist\u00eancia.\" \/>\n<meta name=\"robots\" content=\"index, follow, max-snippet:-1, max-image-preview:large, max-video-preview:-1\" \/>\n<link rel=\"canonical\" href=\"https:\/\/folhapopular.info\/index.php\/2026\/05\/01\/11-amigos-celebra-70-anos-com-jantar-baile\/\" \/>\n<meta property=\"og:locale\" content=\"pt_BR\" \/>\n<meta property=\"og:type\" content=\"article\" \/>\n<meta property=\"og:title\" content=\"11 Amigos celebra 70 anos com jantar baile - Folha Popular\" \/>\n<meta property=\"og:description\" content=\"O 11 Amigos, de Po\u00e7o das Antas, realiza jantar baile na noite do s\u00e1bado para celebrar seus 70 anos de exist\u00eancia.\" \/>\n<meta property=\"og:url\" content=\"https:\/\/folhapopular.info\/index.php\/2026\/05\/01\/11-amigos-celebra-70-anos-com-jantar-baile\/\" \/>\n<meta property=\"og:site_name\" content=\"Folha Popular\" \/>\n<meta property=\"article:author\" content=\"https:\/\/www.facebook.com\/luis.huppes\/\" \/>\n<meta property=\"article:published_time\" content=\"2026-05-01T14:11:00+00:00\" \/>\n<meta property=\"og:image\" content=\"https:\/\/folhapopular.info\/wp-content\/uploads\/2026\/04\/11-AMIGOS_Festejos-sao-voltados-para-a-comunidade_CLS.jpg\" \/>\n\t<meta property=\"og:image:width\" content=\"1\" \/>\n\t<meta property=\"og:image:height\" content=\"1\" \/>\n\t<meta property=\"og:image:type\" content=\"image\/jpeg\" \/>\n<meta name=\"author\" content=\"Luis Augusto Huppes\" \/>\n<meta name=\"twitter:card\" content=\"summary_large_image\" \/>\n<meta name=\"twitter:label1\" content=\"Escrito por\" \/>\n\t<meta name=\"twitter:data1\" content=\"Luis Augusto Huppes\" \/>\n\t<meta name=\"twitter:label2\" content=\"Est. tempo de leitura\" \/>\n\t<meta name=\"twitter:data2\" content=\"4 minutos\" \/>\n<script type=\"application\/ld+json\" class=\"yoast-schema-graph\">{\"@context\":\"https:\\\/\\\/schema.org\",\"@graph\":[{\"@type\":\"Article\",\"@id\":\"https:\\\/\\\/folhapopular.info\\\/index.php\\\/2026\\\/05\\\/01\\\/11-amigos-celebra-70-anos-com-jantar-baile\\\/#article\",\"isPartOf\":{\"@id\":\"https:\\\/\\\/folhapopular.info\\\/index.php\\\/2026\\\/05\\\/01\\\/11-amigos-celebra-70-anos-com-jantar-baile\\\/\"},\"author\":{\"name\":\"Luis Augusto Huppes\",\"@id\":\"https:\\\/\\\/folhapopular.info\\\/#\\\/schema\\\/person\\\/e852c327371714676d02e58cf917fd9f\"},\"headline\":\"11 Amigos celebra 70 anos com jantar baile\",\"datePublished\":\"2026-05-01T14:11:00+00:00\",\"mainEntityOfPage\":{\"@id\":\"https:\\\/\\\/folhapopular.info\\\/index.php\\\/2026\\\/05\\\/01\\\/11-amigos-celebra-70-anos-com-jantar-baile\\\/\"},\"wordCount\":670,\"commentCount\":0,\"image\":{\"@id\":\"https:\\\/\\\/folhapopular.info\\\/index.php\\\/2026\\\/05\\\/01\\\/11-amigos-celebra-70-anos-com-jantar-baile\\\/#primaryimage\"},\"thumbnailUrl\":\"https:\\\/\\\/folhapopular.info\\\/wp-content\\\/uploads\\\/2026\\\/04\\\/11-AMIGOS_Festejos-sao-voltados-para-a-comunidade_CLS.jpg\",\"keywords\":[\"11 Amigos\",\"70 anos\",\"futebol amador\",\"Po\u00e7o das Antas\"],\"articleSection\":[\"Esportes\",\"Futebol Amador\"],\"inLanguage\":\"pt-BR\",\"potentialAction\":[{\"@type\":\"CommentAction\",\"name\":\"Comment\",\"target\":[\"https:\\\/\\\/folhapopular.info\\\/index.php\\\/2026\\\/05\\\/01\\\/11-amigos-celebra-70-anos-com-jantar-baile\\\/#respond\"]}]},{\"@type\":\"WebPage\",\"@id\":\"https:\\\/\\\/folhapopular.info\\\/index.php\\\/2026\\\/05\\\/01\\\/11-amigos-celebra-70-anos-com-jantar-baile\\\/\",\"url\":\"https:\\\/\\\/folhapopular.info\\\/index.php\\\/2026\\\/05\\\/01\\\/11-amigos-celebra-70-anos-com-jantar-baile\\\/\",\"name\":\"11 Amigos celebra 70 anos com jantar baile - Folha Popular\",\"isPartOf\":{\"@id\":\"https:\\\/\\\/folhapopular.info\\\/#website\"},\"primaryImageOfPage\":{\"@id\":\"https:\\\/\\\/folhapopular.info\\\/index.php\\\/2026\\\/05\\\/01\\\/11-amigos-celebra-70-anos-com-jantar-baile\\\/#primaryimage\"},\"image\":{\"@id\":\"https:\\\/\\\/folhapopular.info\\\/index.php\\\/2026\\\/05\\\/01\\\/11-amigos-celebra-70-anos-com-jantar-baile\\\/#primaryimage\"},\"thumbnailUrl\":\"https:\\\/\\\/folhapopular.info\\\/wp-content\\\/uploads\\\/2026\\\/04\\\/11-AMIGOS_Festejos-sao-voltados-para-a-comunidade_CLS.jpg\",\"datePublished\":\"2026-05-01T14:11:00+00:00\",\"author\":{\"@id\":\"https:\\\/\\\/folhapopular.info\\\/#\\\/schema\\\/person\\\/e852c327371714676d02e58cf917fd9f\"},\"description\":\"O 11 Amigos, de Po\u00e7o das Antas, realiza jantar baile na noite do s\u00e1bado para celebrar seus 70 anos de exist\u00eancia.\",\"breadcrumb\":{\"@id\":\"https:\\\/\\\/folhapopular.info\\\/index.php\\\/2026\\\/05\\\/01\\\/11-amigos-celebra-70-anos-com-jantar-baile\\\/#breadcrumb\"},\"inLanguage\":\"pt-BR\",\"potentialAction\":[{\"@type\":\"ReadAction\",\"target\":[\"https:\\\/\\\/folhapopular.info\\\/index.php\\\/2026\\\/05\\\/01\\\/11-amigos-celebra-70-anos-com-jantar-baile\\\/\"]}]},{\"@type\":\"ImageObject\",\"inLanguage\":\"pt-BR\",\"@id\":\"https:\\\/\\\/folhapopular.info\\\/index.php\\\/2026\\\/05\\\/01\\\/11-amigos-celebra-70-anos-com-jantar-baile\\\/#primaryimage\",\"url\":\"https:\\\/\\\/folhapopular.info\\\/wp-content\\\/uploads\\\/2026\\\/04\\\/11-AMIGOS_Festejos-sao-voltados-para-a-comunidade_CLS.jpg\",\"contentUrl\":\"https:\\\/\\\/folhapopular.info\\\/wp-content\\\/uploads\\\/2026\\\/04\\\/11-AMIGOS_Festejos-sao-voltados-para-a-comunidade_CLS.jpg\",\"caption\":\"Festejos s\u00e3o voltados para a comunidade - Cr\u00e9dito: Camille Lenz da Silva\"},{\"@type\":\"BreadcrumbList\",\"@id\":\"https:\\\/\\\/folhapopular.info\\\/index.php\\\/2026\\\/05\\\/01\\\/11-amigos-celebra-70-anos-com-jantar-baile\\\/#breadcrumb\",\"itemListElement\":[{\"@type\":\"ListItem\",\"position\":1,\"name\":\"In\u00edcio\",\"item\":\"https:\\\/\\\/folhapopular.info\\\/\"},{\"@type\":\"ListItem\",\"position\":2,\"name\":\"11 Amigos celebra 70 anos com jantar baile\"}]},{\"@type\":\"WebSite\",\"@id\":\"https:\\\/\\\/folhapopular.info\\\/#website\",\"url\":\"https:\\\/\\\/folhapopular.info\\\/\",\"name\":\"Folha Popular\",\"description\":\"Onde voc\u00ea tem vez e voz\",\"potentialAction\":[{\"@type\":\"SearchAction\",\"target\":{\"@type\":\"EntryPoint\",\"urlTemplate\":\"https:\\\/\\\/folhapopular.info\\\/?s={search_term_string}\"},\"query-input\":{\"@type\":\"PropertyValueSpecification\",\"valueRequired\":true,\"valueName\":\"search_term_string\"}}],\"inLanguage\":\"pt-BR\"},{\"@type\":\"Person\",\"@id\":\"https:\\\/\\\/folhapopular.info\\\/#\\\/schema\\\/person\\\/e852c327371714676d02e58cf917fd9f\",\"name\":\"Luis Augusto Huppes\",\"image\":{\"@type\":\"ImageObject\",\"inLanguage\":\"pt-BR\",\"@id\":\"https:\\\/\\\/folhapopular.info\\\/wp-content\\\/uploads\\\/2026\\\/04\\\/Luis-Augusto-Huppes-1-1.webp\",\"url\":\"https:\\\/\\\/folhapopular.info\\\/wp-content\\\/uploads\\\/2026\\\/04\\\/Luis-Augusto-Huppes-1-1.webp\",\"contentUrl\":\"https:\\\/\\\/folhapopular.info\\\/wp-content\\\/uploads\\\/2026\\\/04\\\/Luis-Augusto-Huppes-1-1.webp\",\"caption\":\"Luis Augusto Huppes\"},\"sameAs\":[\"https:\\\/\\\/www.facebook.com\\\/luis.huppes\\\/\",\"https:\\\/\\\/www.instagram.com\\\/luis.huppes\\\/\",\"https:\\\/\\\/www.linkedin.com\\\/in\\\/luis-augusto-huppes-2554b52b7\\\/\"],\"url\":\"https:\\\/\\\/folhapopular.info\\\/index.php\\\/author\\\/luis-augusto-huppes\\\/\"}]}<\/script>\n<!-- \/ Yoast SEO plugin. -->","yoast_head_json":{"title":"11 Amigos celebra 70 anos com jantar baile - Folha Popular","description":"O 11 Amigos, de Po\u00e7o das Antas, realiza jantar baile na noite do s\u00e1bado para celebrar seus 70 anos de exist\u00eancia.","robots":{"index":"index","follow":"follow","max-snippet":"max-snippet:-1","max-image-preview":"max-image-preview:large","max-video-preview":"max-video-preview:-1"},"canonical":"https:\/\/folhapopular.info\/index.php\/2026\/05\/01\/11-amigos-celebra-70-anos-com-jantar-baile\/","og_locale":"pt_BR","og_type":"article","og_title":"11 Amigos celebra 70 anos com jantar baile - Folha Popular","og_description":"O 11 Amigos, de Po\u00e7o das Antas, realiza jantar baile na noite do s\u00e1bado para celebrar seus 70 anos de exist\u00eancia.","og_url":"https:\/\/folhapopular.info\/index.php\/2026\/05\/01\/11-amigos-celebra-70-anos-com-jantar-baile\/","og_site_name":"Folha Popular","article_author":"https:\/\/www.facebook.com\/luis.huppes\/","article_published_time":"2026-05-01T14:11:00+00:00","og_image":[{"url":"https:\/\/folhapopular.info\/wp-content\/uploads\/2026\/04\/11-AMIGOS_Festejos-sao-voltados-para-a-comunidade_CLS.jpg","width":1,"height":1,"type":"image\/jpeg"}],"author":"Luis Augusto Huppes","twitter_card":"summary_large_image","twitter_misc":{"Escrito por":"Luis Augusto Huppes","Est. tempo de leitura":"4 minutos"},"schema":{"@context":"https:\/\/schema.org","@graph":[{"@type":"Article","@id":"https:\/\/folhapopular.info\/index.php\/2026\/05\/01\/11-amigos-celebra-70-anos-com-jantar-baile\/#article","isPartOf":{"@id":"https:\/\/folhapopular.info\/index.php\/2026\/05\/01\/11-amigos-celebra-70-anos-com-jantar-baile\/"},"author":{"name":"Luis Augusto Huppes","@id":"https:\/\/folhapopular.info\/#\/schema\/person\/e852c327371714676d02e58cf917fd9f"},"headline":"11 Amigos celebra 70 anos com jantar baile","datePublished":"2026-05-01T14:11:00+00:00","mainEntityOfPage":{"@id":"https:\/\/folhapopular.info\/index.php\/2026\/05\/01\/11-amigos-celebra-70-anos-com-jantar-baile\/"},"wordCount":670,"commentCount":0,"image":{"@id":"https:\/\/folhapopular.info\/index.php\/2026\/05\/01\/11-amigos-celebra-70-anos-com-jantar-baile\/#primaryimage"},"thumbnailUrl":"https:\/\/folhapopular.info\/wp-content\/uploads\/2026\/04\/11-AMIGOS_Festejos-sao-voltados-para-a-comunidade_CLS.jpg","keywords":["11 Amigos","70 anos","futebol amador","Po\u00e7o das Antas"],"articleSection":["Esportes","Futebol Amador"],"inLanguage":"pt-BR","potentialAction":[{"@type":"CommentAction","name":"Comment","target":["https:\/\/folhapopular.info\/index.php\/2026\/05\/01\/11-amigos-celebra-70-anos-com-jantar-baile\/#respond"]}]},{"@type":"WebPage","@id":"https:\/\/folhapopular.info\/index.php\/2026\/05\/01\/11-amigos-celebra-70-anos-com-jantar-baile\/","url":"https:\/\/folhapopular.info\/index.php\/2026\/05\/01\/11-amigos-celebra-70-anos-com-jantar-baile\/","name":"11 Amigos celebra 70 anos com jantar baile - Folha Popular","isPartOf":{"@id":"https:\/\/folhapopular.info\/#website"},"primaryImageOfPage":{"@id":"https:\/\/folhapopular.info\/index.php\/2026\/05\/01\/11-amigos-celebra-70-anos-com-jantar-baile\/#primaryimage"},"image":{"@id":"https:\/\/folhapopular.info\/index.php\/2026\/05\/01\/11-amigos-celebra-70-anos-com-jantar-baile\/#primaryimage"},"thumbnailUrl":"https:\/\/folhapopular.info\/wp-content\/uploads\/2026\/04\/11-AMIGOS_Festejos-sao-voltados-para-a-comunidade_CLS.jpg","datePublished":"2026-05-01T14:11:00+00:00","author":{"@id":"https:\/\/folhapopular.info\/#\/schema\/person\/e852c327371714676d02e58cf917fd9f"},"description":"O 11 Amigos, de Po\u00e7o das Antas, realiza jantar baile na noite do s\u00e1bado para celebrar seus 70 anos de exist\u00eancia.","breadcrumb":{"@id":"https:\/\/folhapopular.info\/index.php\/2026\/05\/01\/11-amigos-celebra-70-anos-com-jantar-baile\/#breadcrumb"},"inLanguage":"pt-BR","potentialAction":[{"@type":"ReadAction","target":["https:\/\/folhapopular.info\/index.php\/2026\/05\/01\/11-amigos-celebra-70-anos-com-jantar-baile\/"]}]},{"@type":"ImageObject","inLanguage":"pt-BR","@id":"https:\/\/folhapopular.info\/index.php\/2026\/05\/01\/11-amigos-celebra-70-anos-com-jantar-baile\/#primaryimage","url":"https:\/\/folhapopular.info\/wp-content\/uploads\/2026\/04\/11-AMIGOS_Festejos-sao-voltados-para-a-comunidade_CLS.jpg","contentUrl":"https:\/\/folhapopular.info\/wp-content\/uploads\/2026\/04\/11-AMIGOS_Festejos-sao-voltados-para-a-comunidade_CLS.jpg","caption":"Festejos s\u00e3o voltados para a comunidade - Cr\u00e9dito: Camille Lenz da Silva"},{"@type":"BreadcrumbList","@id":"https:\/\/folhapopular.info\/index.php\/2026\/05\/01\/11-amigos-celebra-70-anos-com-jantar-baile\/#breadcrumb","itemListElement":[{"@type":"ListItem","position":1,"name":"In\u00edcio","item":"https:\/\/folhapopular.info\/"},{"@type":"ListItem","position":2,"name":"11 Amigos celebra 70 anos com jantar baile"}]},{"@type":"WebSite","@id":"https:\/\/folhapopular.info\/#website","url":"https:\/\/folhapopular.info\/","name":"Folha Popular","description":"Onde voc\u00ea tem vez e voz","potentialAction":[{"@type":"SearchAction","target":{"@type":"EntryPoint","urlTemplate":"https:\/\/folhapopular.info\/?s={search_term_string}"},"query-input":{"@type":"PropertyValueSpecification","valueRequired":true,"valueName":"search_term_string"}}],"inLanguage":"pt-BR"},{"@type":"Person","@id":"https:\/\/folhapopular.info\/#\/schema\/person\/e852c327371714676d02e58cf917fd9f","name":"Luis Augusto Huppes","image":{"@type":"ImageObject","inLanguage":"pt-BR","@id":"https:\/\/folhapopular.info\/wp-content\/uploads\/2026\/04\/Luis-Augusto-Huppes-1-1.webp","url":"https:\/\/folhapopular.info\/wp-content\/uploads\/2026\/04\/Luis-Augusto-Huppes-1-1.webp","contentUrl":"https:\/\/folhapopular.info\/wp-content\/uploads\/2026\/04\/Luis-Augusto-Huppes-1-1.webp","caption":"Luis Augusto Huppes"},"sameAs":["https:\/\/www.facebook.com\/luis.huppes\/","https:\/\/www.instagram.com\/luis.huppes\/","https:\/\/www.linkedin.com\/in\/luis-augusto-huppes-2554b52b7\/"],"url":"https:\/\/folhapopular.info\/index.php\/author\/luis-augusto-huppes\/"}]}},"jetpack_featured_media_url":"https:\/\/folhapopular.info\/wp-content\/uploads\/2026\/04\/11-AMIGOS_Festejos-sao-voltados-para-a-comunidade_CLS.jpg","jetpack_sharing_enabled":true,"amp_enabled":true,"_links":{"self":[{"href":"https:\/\/folhapopular.info\/index.php\/wp-json\/wp\/v2\/posts\/211845","targetHints":{"allow":["GET"]}}],"collection":[{"href":"https:\/\/folhapopular.info\/index.php\/wp-json\/wp\/v2\/posts"}],"about":[{"href":"https:\/\/folhapopular.info\/index.php\/wp-json\/wp\/v2\/types\/post"}],"author":[{"embeddable":true,"href":"https:\/\/folhapopular.info\/index.php\/wp-json\/wp\/v2\/users\/732"}],"replies":[{"embeddable":true,"href":"https:\/\/folhapopular.info\/index.php\/wp-json\/wp\/v2\/comments?post=211845"}],"version-history":[{"count":1,"href":"https:\/\/folhapopular.info\/index.php\/wp-json\/wp\/v2\/posts\/211845\/revisions"}],"predecessor-version":[{"id":211847,"href":"https:\/\/folhapopular.info\/index.php\/wp-json\/wp\/v2\/posts\/211845\/revisions\/211847"}],"wp:featuredmedia":[{"embeddable":true,"href":"https:\/\/folhapopular.info\/index.php\/wp-json\/wp\/v2\/media\/211846"}],"wp:attachment":[{"href":"https:\/\/folhapopular.info\/index.php\/wp-json\/wp\/v2\/media?parent=211845"}],"wp:term":[{"taxonomy":"category","embeddable":true,"href":"https:\/\/folhapopular.info\/index.php\/wp-json\/wp\/v2\/categories?post=211845"},{"taxonomy":"post_tag","embeddable":true,"href":"https:\/\/folhapopular.info\/index.php\/wp-json\/wp\/v2\/tags?post=211845"}],"curies":[{"name":"wp","href":"https:\/\/api.w.org\/{rel}","templated":true}]}}