{"id":211854,"date":"2026-04-29T13:51:36","date_gmt":"2026-04-29T16:51:36","guid":{"rendered":"https:\/\/folhapopular.info\/?p=211854"},"modified":"2026-04-29T13:51:37","modified_gmt":"2026-04-29T16:51:37","slug":"fruki-bebidas-celebra-102-anos-com-quatro-premios-no-top-of-mind-2026","status":"publish","type":"post","link":"https:\/\/folhapopular.info\/index.php\/2026\/04\/29\/fruki-bebidas-celebra-102-anos-com-quatro-premios-no-top-of-mind-2026\/","title":{"rendered":"Fruki Bebidas celebra 102 anos com quatro pr\u00eamios no Top of Mind 2026\u00a0"},"content":{"rendered":"\n<p>Na noite desta ter\u00e7a-feira (28), a Fruki Bebidas foi agraciada com quatro pr\u00eamios no Top of Mind 2026, ampliando suas certifica\u00e7\u00f5es no n\u00famero de categorias da pesquisa. O levantamento indicou, pela 12\u00aa vez seguida, a \u00c1gua da Pedra como a marca mais lembrada na categoria \u00c1gua Mineral. As marcas Fruki e Elev Energy Drink permanecem nas segunda e terceira coloca\u00e7\u00f5es, respectivamente, em refrigerantes e energ\u00e9ticos. Para a ind\u00fastria de bebidas ga\u00facha, a grande novidade deste ano foi a presen\u00e7a da empresa no Top 10 da lembran\u00e7a entre as Grandes Marcas Corporativas. A cerim\u00f4nia de an\u00fancio dos vencedores foi realizada no Teatro do CIEE, em Porto Alegre. As conquistas ocorrem em um contexto de anivers\u00e1rio da empresa, que celebra 102 anos nesta quarta-feira (29).<\/p>\n\n\n\n<p>&#8220;Chegar aos 102 anos e estar na seleta lista de 10 grandes marcas corporativas, ao lado de gigantes, \u00e9 muito significativo para n\u00f3s, principalmente mantendo as certifica\u00e7\u00f5es com tr\u00eas marcas do nosso portf\u00f3lio. Conquistamos a lideran\u00e7a absoluta com \u00c1gua da Pedra, o segundo lugar em refrigerantes com Fruki, concorrendo com gigantes globais, e, pela segunda vez seguida, estamos presentes com Elev, em um mercado de energ\u00e9ticos acelerado e com marcas grandes e consolidadas. Ano ap\u00f3s ano, o Top of Mind refor\u00e7a que estamos no caminho certo&#8221;, enfatiza Maria Eduarda Bastos Gigena, gerente de Marketing da Fruki Bebidas.<\/p>\n\n\n\n<p>Produzido pelo Grupo Amanh\u00e3 em parceria com a Engaje Pesquisas, o Top of Mind integra o projeto As Marcas do Rio Grande e mede, anualmente, desde 1991, as marcas mais lembradas pelo p\u00fablico em cerca de cem categorias. Pelo rigor metodol\u00f3gico, e a s\u00e9rie hist\u00f3rica das suas edi\u00e7\u00f5es, tornou-se refer\u00eancia para os gestores das empresas e institui\u00e7\u00f5es ga\u00fachas.<\/p>\n\n\n\n<p>Desde que foi publicada no Brasil, em 1991, a pesquisa Top of Mind RS As Marcas do Rio Grande segue uma metodologia que demonstra a representa\u00e7\u00e3o de todos os habitantes do estado, reproduzindo, com fidelidade, classes sociais, faixas et\u00e1rias, localiza\u00e7\u00e3o e o n\u00famero de entrevistados. A distribui\u00e7\u00e3o das entrevistas adota, por crit\u00e9rio, questionar a opini\u00e3o dos moradores das sete mesorregi\u00f5es do Rio Grande do Sul. A pesquisa tem grau de confian\u00e7a de 95% para uma margem de erro de at\u00e9 4 pontos percentuais, para mais ou para menos. A realiza\u00e7\u00e3o das entrevistas foi entre os dias 5 e 20 de janeiro de 2026.<\/p>\n\n\n\n<p>O evento reuniu l\u00edderes empresariais do Rio Grande do Sul, profissionais da \u00e1rea de marketing e comunica\u00e7\u00e3o, al\u00e9m de convidados especiais.<\/p>\n\n\n\n<p><strong>A Fruki Bebidas no Top of Mind 2026<\/strong><\/p>\n\n\n\n<p>Categoria \u00c1gua Mineral<\/p>\n\n\n\n<p>Top 1 &#8211; \u00c1gua da Pedra &#8211; Mais lembrada<\/p>\n\n\n\n<p>Categoria Refrigerantes<\/p>\n\n\n\n<p>Top 2 &#8211; Fruki &#8211; Mais lembrada<\/p>\n\n\n\n<p>Categoria Energ\u00e9ticos<\/p>\n\n\n\n<p>Top 3 &#8211; Elev Energy Drink &#8211; Mais lembrado<\/p>\n\n\n\n<p>Marcas Corporativas\/Grandes Marcas<\/p>\n\n\n\n<p>Top 10 &#8211; Fruki Bebidas<\/p>\n","protected":false},"excerpt":{"rendered":"<p>Na noite desta ter\u00e7a-feira (28), a Fruki Bebidas foi agraciada com quatro pr\u00eamios no Top of Mind 2026, ampliando suas certifica\u00e7\u00f5es no n\u00famero de categorias da pesquisa. O levantamento indicou, pela 12\u00aa vez seguida, a \u00c1gua da Pedra como a marca mais lembrada na categoria \u00c1gua Mineral. As marcas Fruki e Elev Energy Drink permanecem [&hellip;]<\/p>\n","protected":false},"author":8,"featured_media":211859,"comment_status":"open","ping_status":"open","sticky":false,"template":"","format":"standard","meta":{"pmpro_default_level":"","_jetpack_memberships_contains_paid_content":false,"footnotes":""},"categories":[2,10991,12473],"tags":[21115,21116,1375,21114,21113,9652],"class_list":{"0":"post-211854","1":"post","2":"type-post","3":"status-publish","4":"format-standard","5":"has-post-thumbnail","7":"category-featured","8":"category-economia","9":"category-negocios","10":"tag-agua-da-pedra-2","11":"tag-elev","12":"tag-fruki","13":"tag-of-mind","14":"tag-top","15":"tag-top-of-mind","16":"pmpro-has-access"},"yoast_head":"<!-- This site is optimized with the Yoast SEO plugin v27.5 - https:\/\/yoast.com\/product\/yoast-seo-wordpress\/ -->\n<title>Fruki Bebidas celebra 102 anos com quatro pr\u00eamios no Top of Mind<\/title>\n<meta name=\"description\" content=\"Fruki Bebidas celebra 102 anos com quatro pr\u00eamios no Top of Mind 2026\u00a0com as marcas \u00c1gua da Pedra, Fruki Refrigerantes e Elev Energy Drink,\" \/>\n<meta name=\"robots\" content=\"index, follow, max-snippet:-1, max-image-preview:large, max-video-preview:-1\" \/>\n<link rel=\"canonical\" href=\"https:\/\/folhapopular.info\/index.php\/2026\/04\/29\/fruki-bebidas-celebra-102-anos-com-quatro-premios-no-top-of-mind-2026\/\" \/>\n<meta property=\"og:locale\" content=\"pt_BR\" \/>\n<meta property=\"og:type\" content=\"article\" \/>\n<meta property=\"og:title\" content=\"Fruki Bebidas celebra 102 anos com quatro pr\u00eamios no Top of Mind\" \/>\n<meta property=\"og:description\" content=\"Fruki Bebidas celebra 102 anos com quatro pr\u00eamios no Top of Mind 2026\u00a0com as marcas \u00c1gua da Pedra, Fruki Refrigerantes e Elev Energy Drink,\" \/>\n<meta property=\"og:url\" content=\"https:\/\/folhapopular.info\/index.php\/2026\/04\/29\/fruki-bebidas-celebra-102-anos-com-quatro-premios-no-top-of-mind-2026\/\" \/>\n<meta property=\"og:site_name\" content=\"Folha Popular\" \/>\n<meta property=\"article:published_time\" content=\"2026-04-29T16:51:36+00:00\" \/>\n<meta property=\"article:modified_time\" content=\"2026-04-29T16:51:37+00:00\" \/>\n<meta property=\"og:image\" content=\"https:\/\/folhapopular.info\/wp-content\/uploads\/2026\/04\/Gerente-de-Marketing-da-Fruki-Bebidas_-Maria-Eduarda-Gigena-_D_-representou-a-empresa-no-Top-of-Mind.jpg\" \/>\n\t<meta property=\"og:image:width\" content=\"1\" \/>\n\t<meta property=\"og:image:height\" content=\"1\" \/>\n\t<meta property=\"og:image:type\" content=\"image\/jpeg\" \/>\n<meta name=\"author\" content=\"Reda\u00e7\u00e3o Folha Popular\" \/>\n<meta name=\"twitter:card\" content=\"summary_large_image\" \/>\n<meta name=\"twitter:label1\" content=\"Escrito por\" \/>\n\t<meta name=\"twitter:data1\" content=\"Reda\u00e7\u00e3o Folha Popular\" \/>\n\t<meta name=\"twitter:label2\" content=\"Est. tempo de leitura\" \/>\n\t<meta name=\"twitter:data2\" content=\"3 minutos\" \/>\n<script type=\"application\/ld+json\" class=\"yoast-schema-graph\">{\"@context\":\"https:\\\/\\\/schema.org\",\"@graph\":[{\"@type\":\"Article\",\"@id\":\"https:\\\/\\\/folhapopular.info\\\/index.php\\\/2026\\\/04\\\/29\\\/fruki-bebidas-celebra-102-anos-com-quatro-premios-no-top-of-mind-2026\\\/#article\",\"isPartOf\":{\"@id\":\"https:\\\/\\\/folhapopular.info\\\/index.php\\\/2026\\\/04\\\/29\\\/fruki-bebidas-celebra-102-anos-com-quatro-premios-no-top-of-mind-2026\\\/\"},\"author\":{\"name\":\"Reda\u00e7\u00e3o Folha Popular\",\"@id\":\"https:\\\/\\\/folhapopular.info\\\/#\\\/schema\\\/person\\\/2814e8a0df7643585a9ca38bc6eb9d4b\"},\"headline\":\"Fruki Bebidas celebra 102 anos com quatro pr\u00eamios no Top of Mind 2026\u00a0\",\"datePublished\":\"2026-04-29T16:51:36+00:00\",\"dateModified\":\"2026-04-29T16:51:37+00:00\",\"mainEntityOfPage\":{\"@id\":\"https:\\\/\\\/folhapopular.info\\\/index.php\\\/2026\\\/04\\\/29\\\/fruki-bebidas-celebra-102-anos-com-quatro-premios-no-top-of-mind-2026\\\/\"},\"wordCount\":485,\"commentCount\":0,\"image\":{\"@id\":\"https:\\\/\\\/folhapopular.info\\\/index.php\\\/2026\\\/04\\\/29\\\/fruki-bebidas-celebra-102-anos-com-quatro-premios-no-top-of-mind-2026\\\/#primaryimage\"},\"thumbnailUrl\":\"https:\\\/\\\/folhapopular.info\\\/wp-content\\\/uploads\\\/2026\\\/04\\\/Gerente-de-Marketing-da-Fruki-Bebidas_-Maria-Eduarda-Gigena-_D_-representou-a-empresa-no-Top-of-Mind.jpg\",\"keywords\":[\"Agua da Pedra\",\"Elev\",\"Fruki\",\"Of Mind\",\"Top\",\"Top of Mind\"],\"articleSection\":[\"Destaques\",\"Economia\",\"Neg\u00f3cios\"],\"inLanguage\":\"pt-BR\",\"potentialAction\":[{\"@type\":\"CommentAction\",\"name\":\"Comment\",\"target\":[\"https:\\\/\\\/folhapopular.info\\\/index.php\\\/2026\\\/04\\\/29\\\/fruki-bebidas-celebra-102-anos-com-quatro-premios-no-top-of-mind-2026\\\/#respond\"]}]},{\"@type\":\"WebPage\",\"@id\":\"https:\\\/\\\/folhapopular.info\\\/index.php\\\/2026\\\/04\\\/29\\\/fruki-bebidas-celebra-102-anos-com-quatro-premios-no-top-of-mind-2026\\\/\",\"url\":\"https:\\\/\\\/folhapopular.info\\\/index.php\\\/2026\\\/04\\\/29\\\/fruki-bebidas-celebra-102-anos-com-quatro-premios-no-top-of-mind-2026\\\/\",\"name\":\"Fruki Bebidas celebra 102 anos com quatro pr\u00eamios no Top of Mind\",\"isPartOf\":{\"@id\":\"https:\\\/\\\/folhapopular.info\\\/#website\"},\"primaryImageOfPage\":{\"@id\":\"https:\\\/\\\/folhapopular.info\\\/index.php\\\/2026\\\/04\\\/29\\\/fruki-bebidas-celebra-102-anos-com-quatro-premios-no-top-of-mind-2026\\\/#primaryimage\"},\"image\":{\"@id\":\"https:\\\/\\\/folhapopular.info\\\/index.php\\\/2026\\\/04\\\/29\\\/fruki-bebidas-celebra-102-anos-com-quatro-premios-no-top-of-mind-2026\\\/#primaryimage\"},\"thumbnailUrl\":\"https:\\\/\\\/folhapopular.info\\\/wp-content\\\/uploads\\\/2026\\\/04\\\/Gerente-de-Marketing-da-Fruki-Bebidas_-Maria-Eduarda-Gigena-_D_-representou-a-empresa-no-Top-of-Mind.jpg\",\"datePublished\":\"2026-04-29T16:51:36+00:00\",\"dateModified\":\"2026-04-29T16:51:37+00:00\",\"author\":{\"@id\":\"https:\\\/\\\/folhapopular.info\\\/#\\\/schema\\\/person\\\/2814e8a0df7643585a9ca38bc6eb9d4b\"},\"description\":\"Fruki Bebidas celebra 102 anos com quatro pr\u00eamios no Top of Mind 2026\u00a0com as marcas \u00c1gua da Pedra, Fruki Refrigerantes e Elev Energy Drink,\",\"breadcrumb\":{\"@id\":\"https:\\\/\\\/folhapopular.info\\\/index.php\\\/2026\\\/04\\\/29\\\/fruki-bebidas-celebra-102-anos-com-quatro-premios-no-top-of-mind-2026\\\/#breadcrumb\"},\"inLanguage\":\"pt-BR\",\"potentialAction\":[{\"@type\":\"ReadAction\",\"target\":[\"https:\\\/\\\/folhapopular.info\\\/index.php\\\/2026\\\/04\\\/29\\\/fruki-bebidas-celebra-102-anos-com-quatro-premios-no-top-of-mind-2026\\\/\"]}]},{\"@type\":\"ImageObject\",\"inLanguage\":\"pt-BR\",\"@id\":\"https:\\\/\\\/folhapopular.info\\\/index.php\\\/2026\\\/04\\\/29\\\/fruki-bebidas-celebra-102-anos-com-quatro-premios-no-top-of-mind-2026\\\/#primaryimage\",\"url\":\"https:\\\/\\\/folhapopular.info\\\/wp-content\\\/uploads\\\/2026\\\/04\\\/Gerente-de-Marketing-da-Fruki-Bebidas_-Maria-Eduarda-Gigena-_D_-representou-a-empresa-no-Top-of-Mind.jpg\",\"contentUrl\":\"https:\\\/\\\/folhapopular.info\\\/wp-content\\\/uploads\\\/2026\\\/04\\\/Gerente-de-Marketing-da-Fruki-Bebidas_-Maria-Eduarda-Gigena-_D_-representou-a-empresa-no-Top-of-Mind.jpg\",\"caption\":\"https:\\\/\\\/folhapopular.info\\\/index.php\\\/2026\\\/04\\\/09\\\/quiero-cafe-amplia-estrutura-e-reforca-operacao-pioneira\\\/\"},{\"@type\":\"BreadcrumbList\",\"@id\":\"https:\\\/\\\/folhapopular.info\\\/index.php\\\/2026\\\/04\\\/29\\\/fruki-bebidas-celebra-102-anos-com-quatro-premios-no-top-of-mind-2026\\\/#breadcrumb\",\"itemListElement\":[{\"@type\":\"ListItem\",\"position\":1,\"name\":\"In\u00edcio\",\"item\":\"https:\\\/\\\/folhapopular.info\\\/\"},{\"@type\":\"ListItem\",\"position\":2,\"name\":\"Fruki Bebidas celebra 102 anos com quatro pr\u00eamios no Top of Mind 2026\u00a0\"}]},{\"@type\":\"WebSite\",\"@id\":\"https:\\\/\\\/folhapopular.info\\\/#website\",\"url\":\"https:\\\/\\\/folhapopular.info\\\/\",\"name\":\"Folha Popular\",\"description\":\"Onde voc\u00ea tem vez e voz\",\"potentialAction\":[{\"@type\":\"SearchAction\",\"target\":{\"@type\":\"EntryPoint\",\"urlTemplate\":\"https:\\\/\\\/folhapopular.info\\\/?s={search_term_string}\"},\"query-input\":{\"@type\":\"PropertyValueSpecification\",\"valueRequired\":true,\"valueName\":\"search_term_string\"}}],\"inLanguage\":\"pt-BR\"},{\"@type\":\"Person\",\"@id\":\"https:\\\/\\\/folhapopular.info\\\/#\\\/schema\\\/person\\\/2814e8a0df7643585a9ca38bc6eb9d4b\",\"name\":\"Reda\u00e7\u00e3o Folha Popular\",\"image\":{\"@type\":\"ImageObject\",\"inLanguage\":\"pt-BR\",\"@id\":\"https:\\\/\\\/folhapopular.info\\\/wp-content\\\/uploads\\\/2026\\\/04\\\/Folha-1.webp\",\"url\":\"https:\\\/\\\/folhapopular.info\\\/wp-content\\\/uploads\\\/2026\\\/04\\\/Folha-1.webp\",\"contentUrl\":\"https:\\\/\\\/folhapopular.info\\\/wp-content\\\/uploads\\\/2026\\\/04\\\/Folha-1.webp\",\"caption\":\"Reda\u00e7\u00e3o Folha Popular\"},\"url\":\"https:\\\/\\\/folhapopular.info\\\/index.php\\\/author\\\/redacao\\\/\"}]}<\/script>\n<!-- \/ Yoast SEO plugin. -->","yoast_head_json":{"title":"Fruki Bebidas celebra 102 anos com quatro pr\u00eamios no Top of Mind","description":"Fruki Bebidas celebra 102 anos com quatro pr\u00eamios no Top of Mind 2026\u00a0com as marcas \u00c1gua da Pedra, Fruki Refrigerantes e Elev Energy Drink,","robots":{"index":"index","follow":"follow","max-snippet":"max-snippet:-1","max-image-preview":"max-image-preview:large","max-video-preview":"max-video-preview:-1"},"canonical":"https:\/\/folhapopular.info\/index.php\/2026\/04\/29\/fruki-bebidas-celebra-102-anos-com-quatro-premios-no-top-of-mind-2026\/","og_locale":"pt_BR","og_type":"article","og_title":"Fruki Bebidas celebra 102 anos com quatro pr\u00eamios no Top of Mind","og_description":"Fruki Bebidas celebra 102 anos com quatro pr\u00eamios no Top of Mind 2026\u00a0com as marcas \u00c1gua da Pedra, Fruki Refrigerantes e Elev Energy Drink,","og_url":"https:\/\/folhapopular.info\/index.php\/2026\/04\/29\/fruki-bebidas-celebra-102-anos-com-quatro-premios-no-top-of-mind-2026\/","og_site_name":"Folha Popular","article_published_time":"2026-04-29T16:51:36+00:00","article_modified_time":"2026-04-29T16:51:37+00:00","og_image":[{"url":"https:\/\/folhapopular.info\/wp-content\/uploads\/2026\/04\/Gerente-de-Marketing-da-Fruki-Bebidas_-Maria-Eduarda-Gigena-_D_-representou-a-empresa-no-Top-of-Mind.jpg","width":1,"height":1,"type":"image\/jpeg"}],"author":"Reda\u00e7\u00e3o Folha Popular","twitter_card":"summary_large_image","twitter_misc":{"Escrito por":"Reda\u00e7\u00e3o Folha Popular","Est. tempo de leitura":"3 minutos"},"schema":{"@context":"https:\/\/schema.org","@graph":[{"@type":"Article","@id":"https:\/\/folhapopular.info\/index.php\/2026\/04\/29\/fruki-bebidas-celebra-102-anos-com-quatro-premios-no-top-of-mind-2026\/#article","isPartOf":{"@id":"https:\/\/folhapopular.info\/index.php\/2026\/04\/29\/fruki-bebidas-celebra-102-anos-com-quatro-premios-no-top-of-mind-2026\/"},"author":{"name":"Reda\u00e7\u00e3o Folha Popular","@id":"https:\/\/folhapopular.info\/#\/schema\/person\/2814e8a0df7643585a9ca38bc6eb9d4b"},"headline":"Fruki Bebidas celebra 102 anos com quatro pr\u00eamios no Top of Mind 2026\u00a0","datePublished":"2026-04-29T16:51:36+00:00","dateModified":"2026-04-29T16:51:37+00:00","mainEntityOfPage":{"@id":"https:\/\/folhapopular.info\/index.php\/2026\/04\/29\/fruki-bebidas-celebra-102-anos-com-quatro-premios-no-top-of-mind-2026\/"},"wordCount":485,"commentCount":0,"image":{"@id":"https:\/\/folhapopular.info\/index.php\/2026\/04\/29\/fruki-bebidas-celebra-102-anos-com-quatro-premios-no-top-of-mind-2026\/#primaryimage"},"thumbnailUrl":"https:\/\/folhapopular.info\/wp-content\/uploads\/2026\/04\/Gerente-de-Marketing-da-Fruki-Bebidas_-Maria-Eduarda-Gigena-_D_-representou-a-empresa-no-Top-of-Mind.jpg","keywords":["Agua da Pedra","Elev","Fruki","Of Mind","Top","Top of Mind"],"articleSection":["Destaques","Economia","Neg\u00f3cios"],"inLanguage":"pt-BR","potentialAction":[{"@type":"CommentAction","name":"Comment","target":["https:\/\/folhapopular.info\/index.php\/2026\/04\/29\/fruki-bebidas-celebra-102-anos-com-quatro-premios-no-top-of-mind-2026\/#respond"]}]},{"@type":"WebPage","@id":"https:\/\/folhapopular.info\/index.php\/2026\/04\/29\/fruki-bebidas-celebra-102-anos-com-quatro-premios-no-top-of-mind-2026\/","url":"https:\/\/folhapopular.info\/index.php\/2026\/04\/29\/fruki-bebidas-celebra-102-anos-com-quatro-premios-no-top-of-mind-2026\/","name":"Fruki Bebidas celebra 102 anos com quatro pr\u00eamios no Top of Mind","isPartOf":{"@id":"https:\/\/folhapopular.info\/#website"},"primaryImageOfPage":{"@id":"https:\/\/folhapopular.info\/index.php\/2026\/04\/29\/fruki-bebidas-celebra-102-anos-com-quatro-premios-no-top-of-mind-2026\/#primaryimage"},"image":{"@id":"https:\/\/folhapopular.info\/index.php\/2026\/04\/29\/fruki-bebidas-celebra-102-anos-com-quatro-premios-no-top-of-mind-2026\/#primaryimage"},"thumbnailUrl":"https:\/\/folhapopular.info\/wp-content\/uploads\/2026\/04\/Gerente-de-Marketing-da-Fruki-Bebidas_-Maria-Eduarda-Gigena-_D_-representou-a-empresa-no-Top-of-Mind.jpg","datePublished":"2026-04-29T16:51:36+00:00","dateModified":"2026-04-29T16:51:37+00:00","author":{"@id":"https:\/\/folhapopular.info\/#\/schema\/person\/2814e8a0df7643585a9ca38bc6eb9d4b"},"description":"Fruki Bebidas celebra 102 anos com quatro pr\u00eamios no Top of Mind 2026\u00a0com as marcas \u00c1gua da Pedra, Fruki Refrigerantes e Elev Energy Drink,","breadcrumb":{"@id":"https:\/\/folhapopular.info\/index.php\/2026\/04\/29\/fruki-bebidas-celebra-102-anos-com-quatro-premios-no-top-of-mind-2026\/#breadcrumb"},"inLanguage":"pt-BR","potentialAction":[{"@type":"ReadAction","target":["https:\/\/folhapopular.info\/index.php\/2026\/04\/29\/fruki-bebidas-celebra-102-anos-com-quatro-premios-no-top-of-mind-2026\/"]}]},{"@type":"ImageObject","inLanguage":"pt-BR","@id":"https:\/\/folhapopular.info\/index.php\/2026\/04\/29\/fruki-bebidas-celebra-102-anos-com-quatro-premios-no-top-of-mind-2026\/#primaryimage","url":"https:\/\/folhapopular.info\/wp-content\/uploads\/2026\/04\/Gerente-de-Marketing-da-Fruki-Bebidas_-Maria-Eduarda-Gigena-_D_-representou-a-empresa-no-Top-of-Mind.jpg","contentUrl":"https:\/\/folhapopular.info\/wp-content\/uploads\/2026\/04\/Gerente-de-Marketing-da-Fruki-Bebidas_-Maria-Eduarda-Gigena-_D_-representou-a-empresa-no-Top-of-Mind.jpg","caption":"https:\/\/folhapopular.info\/index.php\/2026\/04\/09\/quiero-cafe-amplia-estrutura-e-reforca-operacao-pioneira\/"},{"@type":"BreadcrumbList","@id":"https:\/\/folhapopular.info\/index.php\/2026\/04\/29\/fruki-bebidas-celebra-102-anos-com-quatro-premios-no-top-of-mind-2026\/#breadcrumb","itemListElement":[{"@type":"ListItem","position":1,"name":"In\u00edcio","item":"https:\/\/folhapopular.info\/"},{"@type":"ListItem","position":2,"name":"Fruki Bebidas celebra 102 anos com quatro pr\u00eamios no Top of Mind 2026\u00a0"}]},{"@type":"WebSite","@id":"https:\/\/folhapopular.info\/#website","url":"https:\/\/folhapopular.info\/","name":"Folha Popular","description":"Onde voc\u00ea tem vez e voz","potentialAction":[{"@type":"SearchAction","target":{"@type":"EntryPoint","urlTemplate":"https:\/\/folhapopular.info\/?s={search_term_string}"},"query-input":{"@type":"PropertyValueSpecification","valueRequired":true,"valueName":"search_term_string"}}],"inLanguage":"pt-BR"},{"@type":"Person","@id":"https:\/\/folhapopular.info\/#\/schema\/person\/2814e8a0df7643585a9ca38bc6eb9d4b","name":"Reda\u00e7\u00e3o Folha Popular","image":{"@type":"ImageObject","inLanguage":"pt-BR","@id":"https:\/\/folhapopular.info\/wp-content\/uploads\/2026\/04\/Folha-1.webp","url":"https:\/\/folhapopular.info\/wp-content\/uploads\/2026\/04\/Folha-1.webp","contentUrl":"https:\/\/folhapopular.info\/wp-content\/uploads\/2026\/04\/Folha-1.webp","caption":"Reda\u00e7\u00e3o Folha Popular"},"url":"https:\/\/folhapopular.info\/index.php\/author\/redacao\/"}]}},"jetpack_featured_media_url":"https:\/\/folhapopular.info\/wp-content\/uploads\/2026\/04\/Gerente-de-Marketing-da-Fruki-Bebidas_-Maria-Eduarda-Gigena-_D_-representou-a-empresa-no-Top-of-Mind.jpg","jetpack_sharing_enabled":true,"amp_enabled":true,"_links":{"self":[{"href":"https:\/\/folhapopular.info\/index.php\/wp-json\/wp\/v2\/posts\/211854","targetHints":{"allow":["GET"]}}],"collection":[{"href":"https:\/\/folhapopular.info\/index.php\/wp-json\/wp\/v2\/posts"}],"about":[{"href":"https:\/\/folhapopular.info\/index.php\/wp-json\/wp\/v2\/types\/post"}],"author":[{"embeddable":true,"href":"https:\/\/folhapopular.info\/index.php\/wp-json\/wp\/v2\/users\/8"}],"replies":[{"embeddable":true,"href":"https:\/\/folhapopular.info\/index.php\/wp-json\/wp\/v2\/comments?post=211854"}],"version-history":[{"count":1,"href":"https:\/\/folhapopular.info\/index.php\/wp-json\/wp\/v2\/posts\/211854\/revisions"}],"predecessor-version":[{"id":211860,"href":"https:\/\/folhapopular.info\/index.php\/wp-json\/wp\/v2\/posts\/211854\/revisions\/211860"}],"wp:featuredmedia":[{"embeddable":true,"href":"https:\/\/folhapopular.info\/index.php\/wp-json\/wp\/v2\/media\/211859"}],"wp:attachment":[{"href":"https:\/\/folhapopular.info\/index.php\/wp-json\/wp\/v2\/media?parent=211854"}],"wp:term":[{"taxonomy":"category","embeddable":true,"href":"https:\/\/folhapopular.info\/index.php\/wp-json\/wp\/v2\/categories?post=211854"},{"taxonomy":"post_tag","embeddable":true,"href":"https:\/\/folhapopular.info\/index.php\/wp-json\/wp\/v2\/tags?post=211854"}],"curies":[{"name":"wp","href":"https:\/\/api.w.org\/{rel}","templated":true}]}}