{"id":211858,"date":"2026-04-30T14:00:00","date_gmt":"2026-04-30T17:00:00","guid":{"rendered":"https:\/\/folhapopular.info\/?p=211858"},"modified":"2026-04-29T13:56:55","modified_gmt":"2026-04-29T16:56:55","slug":"23o-baile-das-nacoes-celebra-cultura-turca-e-reforca-intercambio-como-ponte-entre-povos","status":"publish","type":"post","link":"https:\/\/folhapopular.info\/index.php\/2026\/04\/30\/23o-baile-das-nacoes-celebra-cultura-turca-e-reforca-intercambio-como-ponte-entre-povos\/","title":{"rendered":"23\u00ba Baile das Na\u00e7\u00f5es celebra cultura turca e refor\u00e7a interc\u00e2mbio como ponte entre povos"},"content":{"rendered":"\n<p>Uma noite de cultura, sabores e conex\u00f5es marcou o 23\u00ba Baile das Na\u00e7\u00f5es, promovido pelo Rotary <em>Club<\/em> de Teut\u00f4nia no s\u00e1bado (25\/4), na Associa\u00e7\u00e3o Pr\u00f3-Desenvolvimento Languiru (APDL). A edi\u00e7\u00e3o homenageou a Turquia e ganhou significado especial com a presen\u00e7a da intercambista Zeynep Karakusoglu, a \u201cZey\u201d, em seus \u00faltimos dias no Brasil.<\/p>\n\n\n\n<p>A coincid\u00eancia entre o tema e a participa\u00e7\u00e3o da jovem chamou aten\u00e7\u00e3o. \u201cN\u00e3o foi programado. A Zey veio por convite e vive esse momento conosco\u201d, destaca a presidente do clube, Ingrid Elisa Hauschild.<\/p>\n\n\n\n<p>Logo na chegada, o p\u00fablico foi envolvido por uma ambienta\u00e7\u00e3o tem\u00e1tica. A decora\u00e7\u00e3o e a ilumina\u00e7\u00e3o criaram um clima imersivo que reuniu convidados de cidades como Ivoti, Lajeado e Sananduva.<\/p>\n\n\n\n<p>O jantar foi um dos destaques, com pratos t\u00edpicos como <em>\u00e7oban salatasi, piyaz de Antalya, kafta<\/em> e <em>moussaka<\/em>. A sobremesa, <em>ekmek<\/em> com sorvete de pistache, completou a experi\u00eancia, transformando o card\u00e1pio em um convite \u00e0 descoberta da cultura turca.<\/p>\n\n\n\n<h2 class=\"wp-block-heading\"><strong>Integra\u00e7\u00e3o e protagonismo<\/strong><\/h2>\n\n\n\n<p>A vice-presidente do Rotary de Teut\u00f4nia, Rosemar dos Santos, refor\u00e7ou o car\u00e1ter cultural ao vestir traje t\u00edpico. \u201c\u00c9 uma oportunidade de valorizar culturas que, muitas vezes, influenciam a nossa sem percebermos\u201d, afirmou.<\/p>\n\n\n\n<p>Ap\u00f3s o jantar, a integra\u00e7\u00e3o ganhou for\u00e7a com m\u00fasica e dan\u00e7a. Um dos momentos mais marcantes foi quando Zey ensinou passos de dan\u00e7a tradicional ao p\u00fablico, transformando o sal\u00e3o em um espa\u00e7o de troca e descontra\u00e7\u00e3o. A noite contou ainda com show da Banda Barbarella.<\/p>\n\n\n\n<h2 class=\"wp-block-heading\"><strong>Experi\u00eancia que transforma<\/strong><\/h2>\n\n\n\n<p>Natural do Sul da Turquia, Zey est\u00e1 h\u00e1 cerca de 11 meses no Brasil pelo programa de interc\u00e2mbio do Rotary. Emocionada, resumiu a experi\u00eancia: \u201cEstou entre duas bandeiras. Tenho duas vidas agora\u201d. Ela destacou os aprendizados e v\u00ednculos constru\u00eddos durante a estadia.<\/p>\n\n\n\n<p>Mais do que uma festa, o Baile das Na\u00e7\u00f5es reafirmou seu papel como espa\u00e7o de aproxima\u00e7\u00e3o entre culturas. A presen\u00e7a da intercambista deu autenticidade \u00e0 homenagem, mostrando que, mesmo distantes, povos podem se conectar por meio de experi\u00eancias compartilhadas.<\/p>\n","protected":false},"excerpt":{"rendered":"<p>Uma noite de cultura, sabores e conex\u00f5es marcou o 23\u00ba Baile das Na\u00e7\u00f5es, promovido pelo Rotary Club de Teut\u00f4nia no s\u00e1bado (25\/4), na Associa\u00e7\u00e3o Pr\u00f3-Desenvolvimento Languiru (APDL). A edi\u00e7\u00e3o homenageou a Turquia e ganhou significado especial com a presen\u00e7a da intercambista Zeynep Karakusoglu, a \u201cZey\u201d, em seus \u00faltimos dias no Brasil. A coincid\u00eancia entre o [&hellip;]<\/p>\n","protected":false},"author":772,"featured_media":211861,"comment_status":"open","ping_status":"open","sticky":false,"template":"","format":"standard","meta":{"pmpro_default_level":"","_jetpack_memberships_contains_paid_content":false,"footnotes":""},"categories":[10996,2,6],"tags":[21042,432,18716,26,17530],"class_list":{"0":"post-211858","1":"post","2":"type-post","3":"status-publish","4":"format-standard","5":"has-post-thumbnail","7":"category-cultura","8":"category-featured","9":"category-inclusive","10":"tag-baile-das-nacoes","11":"tag-intercambio","12":"tag-rotary-club-teutonia","13":"tag-teutonia","14":"tag-turquia","15":"pmpro-has-access"},"yoast_head":"<!-- This site is optimized with the Yoast SEO plugin v27.5 - https:\/\/yoast.com\/product\/yoast-seo-wordpress\/ -->\n<title>23\u00ba Baile das Na\u00e7\u00f5es celebra cultura turca e refor\u00e7a interc\u00e2mbio como ponte entre povos - Folha Popular<\/title>\n<meta name=\"robots\" content=\"index, follow, max-snippet:-1, max-image-preview:large, max-video-preview:-1\" \/>\n<link rel=\"canonical\" href=\"https:\/\/folhapopular.info\/index.php\/2026\/04\/30\/23o-baile-das-nacoes-celebra-cultura-turca-e-reforca-intercambio-como-ponte-entre-povos\/\" \/>\n<meta property=\"og:locale\" content=\"pt_BR\" \/>\n<meta property=\"og:type\" content=\"article\" \/>\n<meta property=\"og:title\" content=\"23\u00ba Baile das Na\u00e7\u00f5es celebra cultura turca e refor\u00e7a interc\u00e2mbio como ponte entre povos - Folha Popular\" \/>\n<meta property=\"og:description\" content=\"Uma noite de cultura, sabores e conex\u00f5es marcou o 23\u00ba Baile das Na\u00e7\u00f5es, promovido pelo Rotary Club de Teut\u00f4nia no s\u00e1bado (25\/4), na Associa\u00e7\u00e3o Pr\u00f3-Desenvolvimento Languiru (APDL). A edi\u00e7\u00e3o homenageou a Turquia e ganhou significado especial com a presen\u00e7a da intercambista Zeynep Karakusoglu, a \u201cZey\u201d, em seus \u00faltimos dias no Brasil. A coincid\u00eancia entre o [&hellip;]\" \/>\n<meta property=\"og:url\" content=\"https:\/\/folhapopular.info\/index.php\/2026\/04\/30\/23o-baile-das-nacoes-celebra-cultura-turca-e-reforca-intercambio-como-ponte-entre-povos\/\" \/>\n<meta property=\"og:site_name\" content=\"Folha Popular\" \/>\n<meta property=\"article:published_time\" content=\"2026-04-30T17:00:00+00:00\" \/>\n<meta property=\"og:image\" content=\"https:\/\/folhapopular.info\/wp-content\/uploads\/2026\/04\/Baile-das-Nacoes-scaled.jpeg\" \/>\n\t<meta property=\"og:image:width\" content=\"2560\" \/>\n\t<meta property=\"og:image:height\" content=\"1920\" \/>\n\t<meta property=\"og:image:type\" content=\"image\/jpeg\" \/>\n<meta name=\"author\" content=\"Anderson Lopes\" \/>\n<meta name=\"twitter:card\" content=\"summary_large_image\" \/>\n<meta name=\"twitter:label1\" content=\"Escrito por\" \/>\n\t<meta name=\"twitter:data1\" content=\"Anderson Lopes\" \/>\n\t<meta name=\"twitter:label2\" content=\"Est. tempo de leitura\" \/>\n\t<meta name=\"twitter:data2\" content=\"2 minutos\" \/>\n<script type=\"application\/ld+json\" class=\"yoast-schema-graph\">{\"@context\":\"https:\\\/\\\/schema.org\",\"@graph\":[{\"@type\":\"Article\",\"@id\":\"https:\\\/\\\/folhapopular.info\\\/index.php\\\/2026\\\/04\\\/30\\\/23o-baile-das-nacoes-celebra-cultura-turca-e-reforca-intercambio-como-ponte-entre-povos\\\/#article\",\"isPartOf\":{\"@id\":\"https:\\\/\\\/folhapopular.info\\\/index.php\\\/2026\\\/04\\\/30\\\/23o-baile-das-nacoes-celebra-cultura-turca-e-reforca-intercambio-como-ponte-entre-povos\\\/\"},\"author\":{\"name\":\"Anderson Lopes\",\"@id\":\"https:\\\/\\\/folhapopular.info\\\/#\\\/schema\\\/person\\\/50fd7636116370b67381921e65092a49\"},\"headline\":\"23\u00ba Baile das Na\u00e7\u00f5es celebra cultura turca e refor\u00e7a interc\u00e2mbio como ponte entre povos\",\"datePublished\":\"2026-04-30T17:00:00+00:00\",\"mainEntityOfPage\":{\"@id\":\"https:\\\/\\\/folhapopular.info\\\/index.php\\\/2026\\\/04\\\/30\\\/23o-baile-das-nacoes-celebra-cultura-turca-e-reforca-intercambio-como-ponte-entre-povos\\\/\"},\"wordCount\":372,\"commentCount\":0,\"image\":{\"@id\":\"https:\\\/\\\/folhapopular.info\\\/index.php\\\/2026\\\/04\\\/30\\\/23o-baile-das-nacoes-celebra-cultura-turca-e-reforca-intercambio-como-ponte-entre-povos\\\/#primaryimage\"},\"thumbnailUrl\":\"https:\\\/\\\/folhapopular.info\\\/wp-content\\\/uploads\\\/2026\\\/04\\\/Baile-das-Nacoes-scaled.jpeg\",\"keywords\":[\"Baile das Na\u00e7\u00f5es\",\"Interc\u00e2mbio\",\"Rotary Club Teut\u00f4nia\",\"Teut\u00f4nia\",\"Turquia\"],\"articleSection\":[\"Cultura\",\"Destaques\",\"Inclusive\"],\"inLanguage\":\"pt-BR\",\"potentialAction\":[{\"@type\":\"CommentAction\",\"name\":\"Comment\",\"target\":[\"https:\\\/\\\/folhapopular.info\\\/index.php\\\/2026\\\/04\\\/30\\\/23o-baile-das-nacoes-celebra-cultura-turca-e-reforca-intercambio-como-ponte-entre-povos\\\/#respond\"]}]},{\"@type\":\"WebPage\",\"@id\":\"https:\\\/\\\/folhapopular.info\\\/index.php\\\/2026\\\/04\\\/30\\\/23o-baile-das-nacoes-celebra-cultura-turca-e-reforca-intercambio-como-ponte-entre-povos\\\/\",\"url\":\"https:\\\/\\\/folhapopular.info\\\/index.php\\\/2026\\\/04\\\/30\\\/23o-baile-das-nacoes-celebra-cultura-turca-e-reforca-intercambio-como-ponte-entre-povos\\\/\",\"name\":\"23\u00ba Baile das Na\u00e7\u00f5es celebra cultura turca e refor\u00e7a interc\u00e2mbio como ponte entre povos - Folha Popular\",\"isPartOf\":{\"@id\":\"https:\\\/\\\/folhapopular.info\\\/#website\"},\"primaryImageOfPage\":{\"@id\":\"https:\\\/\\\/folhapopular.info\\\/index.php\\\/2026\\\/04\\\/30\\\/23o-baile-das-nacoes-celebra-cultura-turca-e-reforca-intercambio-como-ponte-entre-povos\\\/#primaryimage\"},\"image\":{\"@id\":\"https:\\\/\\\/folhapopular.info\\\/index.php\\\/2026\\\/04\\\/30\\\/23o-baile-das-nacoes-celebra-cultura-turca-e-reforca-intercambio-como-ponte-entre-povos\\\/#primaryimage\"},\"thumbnailUrl\":\"https:\\\/\\\/folhapopular.info\\\/wp-content\\\/uploads\\\/2026\\\/04\\\/Baile-das-Nacoes-scaled.jpeg\",\"datePublished\":\"2026-04-30T17:00:00+00:00\",\"author\":{\"@id\":\"https:\\\/\\\/folhapopular.info\\\/#\\\/schema\\\/person\\\/50fd7636116370b67381921e65092a49\"},\"breadcrumb\":{\"@id\":\"https:\\\/\\\/folhapopular.info\\\/index.php\\\/2026\\\/04\\\/30\\\/23o-baile-das-nacoes-celebra-cultura-turca-e-reforca-intercambio-como-ponte-entre-povos\\\/#breadcrumb\"},\"inLanguage\":\"pt-BR\",\"potentialAction\":[{\"@type\":\"ReadAction\",\"target\":[\"https:\\\/\\\/folhapopular.info\\\/index.php\\\/2026\\\/04\\\/30\\\/23o-baile-das-nacoes-celebra-cultura-turca-e-reforca-intercambio-como-ponte-entre-povos\\\/\"]}]},{\"@type\":\"ImageObject\",\"inLanguage\":\"pt-BR\",\"@id\":\"https:\\\/\\\/folhapopular.info\\\/index.php\\\/2026\\\/04\\\/30\\\/23o-baile-das-nacoes-celebra-cultura-turca-e-reforca-intercambio-como-ponte-entre-povos\\\/#primaryimage\",\"url\":\"https:\\\/\\\/folhapopular.info\\\/wp-content\\\/uploads\\\/2026\\\/04\\\/Baile-das-Nacoes-scaled.jpeg\",\"contentUrl\":\"https:\\\/\\\/folhapopular.info\\\/wp-content\\\/uploads\\\/2026\\\/04\\\/Baile-das-Nacoes-scaled.jpeg\",\"width\":2560,\"height\":1920,\"caption\":\"Intercambista turca ensinou passos de dan\u00e7a t\u00edpica e promoveu a integra\u00e7\u00e3o entre os participantes \\\/ Cr\u00e9dito: Anderson Lopes\"},{\"@type\":\"BreadcrumbList\",\"@id\":\"https:\\\/\\\/folhapopular.info\\\/index.php\\\/2026\\\/04\\\/30\\\/23o-baile-das-nacoes-celebra-cultura-turca-e-reforca-intercambio-como-ponte-entre-povos\\\/#breadcrumb\",\"itemListElement\":[{\"@type\":\"ListItem\",\"position\":1,\"name\":\"In\u00edcio\",\"item\":\"https:\\\/\\\/folhapopular.info\\\/\"},{\"@type\":\"ListItem\",\"position\":2,\"name\":\"23\u00ba Baile das Na\u00e7\u00f5es celebra cultura turca e refor\u00e7a interc\u00e2mbio como ponte entre povos\"}]},{\"@type\":\"WebSite\",\"@id\":\"https:\\\/\\\/folhapopular.info\\\/#website\",\"url\":\"https:\\\/\\\/folhapopular.info\\\/\",\"name\":\"Folha Popular\",\"description\":\"Onde voc\u00ea tem vez e voz\",\"potentialAction\":[{\"@type\":\"SearchAction\",\"target\":{\"@type\":\"EntryPoint\",\"urlTemplate\":\"https:\\\/\\\/folhapopular.info\\\/?s={search_term_string}\"},\"query-input\":{\"@type\":\"PropertyValueSpecification\",\"valueRequired\":true,\"valueName\":\"search_term_string\"}}],\"inLanguage\":\"pt-BR\"},{\"@type\":\"Person\",\"@id\":\"https:\\\/\\\/folhapopular.info\\\/#\\\/schema\\\/person\\\/50fd7636116370b67381921e65092a49\",\"name\":\"Anderson Lopes\",\"image\":{\"@type\":\"ImageObject\",\"inLanguage\":\"pt-BR\",\"@id\":\"https:\\\/\\\/secure.gravatar.com\\\/avatar\\\/030f2f2574ef743bc9016552464e94d04c7e61de505d7089178f340fc50ed8c6?s=96&d=mm&r=g\",\"url\":\"https:\\\/\\\/secure.gravatar.com\\\/avatar\\\/030f2f2574ef743bc9016552464e94d04c7e61de505d7089178f340fc50ed8c6?s=96&d=mm&r=g\",\"contentUrl\":\"https:\\\/\\\/secure.gravatar.com\\\/avatar\\\/030f2f2574ef743bc9016552464e94d04c7e61de505d7089178f340fc50ed8c6?s=96&d=mm&r=g\",\"caption\":\"Anderson Lopes\"},\"url\":\"https:\\\/\\\/folhapopular.info\\\/index.php\\\/author\\\/anderson-lopes\\\/\"}]}<\/script>\n<!-- \/ Yoast SEO plugin. -->","yoast_head_json":{"title":"23\u00ba Baile das Na\u00e7\u00f5es celebra cultura turca e refor\u00e7a interc\u00e2mbio como ponte entre povos - Folha Popular","robots":{"index":"index","follow":"follow","max-snippet":"max-snippet:-1","max-image-preview":"max-image-preview:large","max-video-preview":"max-video-preview:-1"},"canonical":"https:\/\/folhapopular.info\/index.php\/2026\/04\/30\/23o-baile-das-nacoes-celebra-cultura-turca-e-reforca-intercambio-como-ponte-entre-povos\/","og_locale":"pt_BR","og_type":"article","og_title":"23\u00ba Baile das Na\u00e7\u00f5es celebra cultura turca e refor\u00e7a interc\u00e2mbio como ponte entre povos - Folha Popular","og_description":"Uma noite de cultura, sabores e conex\u00f5es marcou o 23\u00ba Baile das Na\u00e7\u00f5es, promovido pelo Rotary Club de Teut\u00f4nia no s\u00e1bado (25\/4), na Associa\u00e7\u00e3o Pr\u00f3-Desenvolvimento Languiru (APDL). A edi\u00e7\u00e3o homenageou a Turquia e ganhou significado especial com a presen\u00e7a da intercambista Zeynep Karakusoglu, a \u201cZey\u201d, em seus \u00faltimos dias no Brasil. A coincid\u00eancia entre o [&hellip;]","og_url":"https:\/\/folhapopular.info\/index.php\/2026\/04\/30\/23o-baile-das-nacoes-celebra-cultura-turca-e-reforca-intercambio-como-ponte-entre-povos\/","og_site_name":"Folha Popular","article_published_time":"2026-04-30T17:00:00+00:00","og_image":[{"width":2560,"height":1920,"url":"https:\/\/folhapopular.info\/wp-content\/uploads\/2026\/04\/Baile-das-Nacoes-scaled.jpeg","type":"image\/jpeg"}],"author":"Anderson Lopes","twitter_card":"summary_large_image","twitter_misc":{"Escrito por":"Anderson Lopes","Est. tempo de leitura":"2 minutos"},"schema":{"@context":"https:\/\/schema.org","@graph":[{"@type":"Article","@id":"https:\/\/folhapopular.info\/index.php\/2026\/04\/30\/23o-baile-das-nacoes-celebra-cultura-turca-e-reforca-intercambio-como-ponte-entre-povos\/#article","isPartOf":{"@id":"https:\/\/folhapopular.info\/index.php\/2026\/04\/30\/23o-baile-das-nacoes-celebra-cultura-turca-e-reforca-intercambio-como-ponte-entre-povos\/"},"author":{"name":"Anderson Lopes","@id":"https:\/\/folhapopular.info\/#\/schema\/person\/50fd7636116370b67381921e65092a49"},"headline":"23\u00ba Baile das Na\u00e7\u00f5es celebra cultura turca e refor\u00e7a interc\u00e2mbio como ponte entre povos","datePublished":"2026-04-30T17:00:00+00:00","mainEntityOfPage":{"@id":"https:\/\/folhapopular.info\/index.php\/2026\/04\/30\/23o-baile-das-nacoes-celebra-cultura-turca-e-reforca-intercambio-como-ponte-entre-povos\/"},"wordCount":372,"commentCount":0,"image":{"@id":"https:\/\/folhapopular.info\/index.php\/2026\/04\/30\/23o-baile-das-nacoes-celebra-cultura-turca-e-reforca-intercambio-como-ponte-entre-povos\/#primaryimage"},"thumbnailUrl":"https:\/\/folhapopular.info\/wp-content\/uploads\/2026\/04\/Baile-das-Nacoes-scaled.jpeg","keywords":["Baile das Na\u00e7\u00f5es","Interc\u00e2mbio","Rotary Club Teut\u00f4nia","Teut\u00f4nia","Turquia"],"articleSection":["Cultura","Destaques","Inclusive"],"inLanguage":"pt-BR","potentialAction":[{"@type":"CommentAction","name":"Comment","target":["https:\/\/folhapopular.info\/index.php\/2026\/04\/30\/23o-baile-das-nacoes-celebra-cultura-turca-e-reforca-intercambio-como-ponte-entre-povos\/#respond"]}]},{"@type":"WebPage","@id":"https:\/\/folhapopular.info\/index.php\/2026\/04\/30\/23o-baile-das-nacoes-celebra-cultura-turca-e-reforca-intercambio-como-ponte-entre-povos\/","url":"https:\/\/folhapopular.info\/index.php\/2026\/04\/30\/23o-baile-das-nacoes-celebra-cultura-turca-e-reforca-intercambio-como-ponte-entre-povos\/","name":"23\u00ba Baile das Na\u00e7\u00f5es celebra cultura turca e refor\u00e7a interc\u00e2mbio como ponte entre povos - Folha Popular","isPartOf":{"@id":"https:\/\/folhapopular.info\/#website"},"primaryImageOfPage":{"@id":"https:\/\/folhapopular.info\/index.php\/2026\/04\/30\/23o-baile-das-nacoes-celebra-cultura-turca-e-reforca-intercambio-como-ponte-entre-povos\/#primaryimage"},"image":{"@id":"https:\/\/folhapopular.info\/index.php\/2026\/04\/30\/23o-baile-das-nacoes-celebra-cultura-turca-e-reforca-intercambio-como-ponte-entre-povos\/#primaryimage"},"thumbnailUrl":"https:\/\/folhapopular.info\/wp-content\/uploads\/2026\/04\/Baile-das-Nacoes-scaled.jpeg","datePublished":"2026-04-30T17:00:00+00:00","author":{"@id":"https:\/\/folhapopular.info\/#\/schema\/person\/50fd7636116370b67381921e65092a49"},"breadcrumb":{"@id":"https:\/\/folhapopular.info\/index.php\/2026\/04\/30\/23o-baile-das-nacoes-celebra-cultura-turca-e-reforca-intercambio-como-ponte-entre-povos\/#breadcrumb"},"inLanguage":"pt-BR","potentialAction":[{"@type":"ReadAction","target":["https:\/\/folhapopular.info\/index.php\/2026\/04\/30\/23o-baile-das-nacoes-celebra-cultura-turca-e-reforca-intercambio-como-ponte-entre-povos\/"]}]},{"@type":"ImageObject","inLanguage":"pt-BR","@id":"https:\/\/folhapopular.info\/index.php\/2026\/04\/30\/23o-baile-das-nacoes-celebra-cultura-turca-e-reforca-intercambio-como-ponte-entre-povos\/#primaryimage","url":"https:\/\/folhapopular.info\/wp-content\/uploads\/2026\/04\/Baile-das-Nacoes-scaled.jpeg","contentUrl":"https:\/\/folhapopular.info\/wp-content\/uploads\/2026\/04\/Baile-das-Nacoes-scaled.jpeg","width":2560,"height":1920,"caption":"Intercambista turca ensinou passos de dan\u00e7a t\u00edpica e promoveu a integra\u00e7\u00e3o entre os participantes \/ Cr\u00e9dito: Anderson Lopes"},{"@type":"BreadcrumbList","@id":"https:\/\/folhapopular.info\/index.php\/2026\/04\/30\/23o-baile-das-nacoes-celebra-cultura-turca-e-reforca-intercambio-como-ponte-entre-povos\/#breadcrumb","itemListElement":[{"@type":"ListItem","position":1,"name":"In\u00edcio","item":"https:\/\/folhapopular.info\/"},{"@type":"ListItem","position":2,"name":"23\u00ba Baile das Na\u00e7\u00f5es celebra cultura turca e refor\u00e7a interc\u00e2mbio como ponte entre povos"}]},{"@type":"WebSite","@id":"https:\/\/folhapopular.info\/#website","url":"https:\/\/folhapopular.info\/","name":"Folha Popular","description":"Onde voc\u00ea tem vez e voz","potentialAction":[{"@type":"SearchAction","target":{"@type":"EntryPoint","urlTemplate":"https:\/\/folhapopular.info\/?s={search_term_string}"},"query-input":{"@type":"PropertyValueSpecification","valueRequired":true,"valueName":"search_term_string"}}],"inLanguage":"pt-BR"},{"@type":"Person","@id":"https:\/\/folhapopular.info\/#\/schema\/person\/50fd7636116370b67381921e65092a49","name":"Anderson Lopes","image":{"@type":"ImageObject","inLanguage":"pt-BR","@id":"https:\/\/secure.gravatar.com\/avatar\/030f2f2574ef743bc9016552464e94d04c7e61de505d7089178f340fc50ed8c6?s=96&d=mm&r=g","url":"https:\/\/secure.gravatar.com\/avatar\/030f2f2574ef743bc9016552464e94d04c7e61de505d7089178f340fc50ed8c6?s=96&d=mm&r=g","contentUrl":"https:\/\/secure.gravatar.com\/avatar\/030f2f2574ef743bc9016552464e94d04c7e61de505d7089178f340fc50ed8c6?s=96&d=mm&r=g","caption":"Anderson Lopes"},"url":"https:\/\/folhapopular.info\/index.php\/author\/anderson-lopes\/"}]}},"jetpack_featured_media_url":"https:\/\/folhapopular.info\/wp-content\/uploads\/2026\/04\/Baile-das-Nacoes-scaled.jpeg","jetpack_sharing_enabled":true,"amp_enabled":true,"_links":{"self":[{"href":"https:\/\/folhapopular.info\/index.php\/wp-json\/wp\/v2\/posts\/211858","targetHints":{"allow":["GET"]}}],"collection":[{"href":"https:\/\/folhapopular.info\/index.php\/wp-json\/wp\/v2\/posts"}],"about":[{"href":"https:\/\/folhapopular.info\/index.php\/wp-json\/wp\/v2\/types\/post"}],"author":[{"embeddable":true,"href":"https:\/\/folhapopular.info\/index.php\/wp-json\/wp\/v2\/users\/772"}],"replies":[{"embeddable":true,"href":"https:\/\/folhapopular.info\/index.php\/wp-json\/wp\/v2\/comments?post=211858"}],"version-history":[{"count":1,"href":"https:\/\/folhapopular.info\/index.php\/wp-json\/wp\/v2\/posts\/211858\/revisions"}],"predecessor-version":[{"id":211862,"href":"https:\/\/folhapopular.info\/index.php\/wp-json\/wp\/v2\/posts\/211858\/revisions\/211862"}],"wp:featuredmedia":[{"embeddable":true,"href":"https:\/\/folhapopular.info\/index.php\/wp-json\/wp\/v2\/media\/211861"}],"wp:attachment":[{"href":"https:\/\/folhapopular.info\/index.php\/wp-json\/wp\/v2\/media?parent=211858"}],"wp:term":[{"taxonomy":"category","embeddable":true,"href":"https:\/\/folhapopular.info\/index.php\/wp-json\/wp\/v2\/categories?post=211858"},{"taxonomy":"post_tag","embeddable":true,"href":"https:\/\/folhapopular.info\/index.php\/wp-json\/wp\/v2\/tags?post=211858"}],"curies":[{"name":"wp","href":"https:\/\/api.w.org\/{rel}","templated":true}]}}