{"id":211882,"date":"2026-04-29T21:05:30","date_gmt":"2026-04-30T00:05:30","guid":{"rendered":"https:\/\/folhapopular.info\/?p=211882"},"modified":"2026-04-29T22:02:32","modified_gmt":"2026-04-30T01:02:32","slug":"justica-decreta-prisao-preventiva-e-motorista-e-preso-por-morte-de-jovens-apos-virada-do-ano-em-teutonia","status":"publish","type":"post","link":"https:\/\/folhapopular.info\/index.php\/2026\/04\/29\/justica-decreta-prisao-preventiva-e-motorista-e-preso-por-morte-de-jovens-apos-virada-do-ano-em-teutonia\/","title":{"rendered":"Justi\u00e7a decreta pris\u00e3o preventiva e motorista \u00e9 preso por morte de jovens ap\u00f3s virada do ano em Teut\u00f4nia"},"content":{"rendered":"\n<p>A Justi\u00e7a de Teut\u00f4nia decretou a pris\u00e3o preventiva do motorista apontado como respons\u00e1vel pelo acidente que resultou na morte de dois jovens na madrugada de 1\u00ba de janeiro de 2026. A decis\u00e3o atende a pedido do Minist\u00e9rio P\u00fablico e foi assinada pelo juiz Lu\u00eds Gustavo Negri Garcia da tarde desta quarta-feira (29\/4). Cerca de 1h ap\u00f3s o mandado, ele foi preso pelos policiais militares.<\/p>\n\n\n\n<p>O mandado de pris\u00e3o foi expedido \u00e0s 15h26 e autoriza a pris\u00e3o de Jo\u00e3o Francisco Tavares da Silva (65), com recolhimento a uma unidade prisional. Na decis\u00e3o, o magistrado destaca que \u201c<strong>a magnitude do fato e a periculosidade demonstrada pelo agente exigem uma resposta estatal mais en\u00e9rgica para resguardar a ordem p\u00fablica<\/strong>\u201d .<\/p>\n\n\n\n<p>O pedido partiu do promotor de Justi\u00e7a, Andr\u00e9 Prediger, que encaminhou den\u00fancia nesta quarta-feira (29\/4). O material de nove p\u00e1ginas foi prontamente acolhido pelo juiz. &#8220;Medidas cautelares diversas da pris\u00e3o mostram-se inadequadas e insuficientes frente \u00e0 extrema gravidade concreta do fato e ao resultado letal duplo, n\u00e3o sendo capazes de neutralizar o abalo \u00e0 ordem p\u00fablica e social&#8221;, concluiu Prediger. Ele embasou o pedido em diferentes artigos legais.<\/p>\n\n\n\n<p>O promotor citou que o denunciado teve a\u00e7\u00e3o conscientemente agressiva ao volante e assumiu o risco de causar a morte ao conduzir o ve\u00edculo sob efeito de \u00e1lcool, em alta velocidade, avan\u00e7ando via preferencial e deliberando as normas de tr\u00e2nsito. &#8220;O crime \u00e9 grave. As suas consequ\u00eancias mais ainda. A vida de dois jovens foi abruptamente ceifada. <strong>As fam\u00edlias encontram-se indignadas. N\u00e3o somente com a a\u00e7\u00e3o destruidora do denunciado, que j\u00e1 leva sua vida normalmente, apresentando-se novamente nas festas e nos &#8220;bailinhos&#8221; da comunidade como se nada houvesse praticado<\/strong>&#8220;, ressalta.<\/p>\n\n\n\n<p>O MP tamb\u00e9m arrolou testemunhas para serem ouvidas. Ele cita os manifestos realizados como passeatas, cartazes e camisetas estampando imagens das v\u00edtimas e a palavra Justi\u00e7a. &#8220;<strong>Os familiares das v\u00edtimas e a sociedade de Teut\u00f4nia anseiam por uma resposta mais en\u00e9rgica das autoridades p\u00fablicas<\/strong>&#8220;, destaca Prediger.<\/p>\n\n\n\n<p>O juiz considerou presentes os requisitos legais para a pris\u00e3o preventiva, como prova da materialidade e ind\u00edcios de autoria. A decis\u00e3o tamb\u00e9m aponta que a conduta revela \u201ctotal desprezo pela vida humana e pelas normas mais elementares de conviv\u00eancia social e de tr\u00e2nsito\u201d, evidenciando risco \u00e0 ordem p\u00fablica.<\/p>\n\n\n\n<p>Al\u00e9m disso, o magistrado entendeu que medidas cautelares alternativas seriam insuficientes diante da gravidade concreta do caso. O processo tramita como a\u00e7\u00e3o penal do Tribunal do J\u00fari, com imputa\u00e7\u00e3o de duplo homic\u00eddio qualificado.<\/p>\n\n\n\n<p>Com o recebimento da den\u00fancia, o acusado dever\u00e1 ser citado para apresentar defesa no prazo legal. Ap\u00f3s essa etapa, o processo seguir\u00e1 para an\u00e1lise e poss\u00edvel designa\u00e7\u00e3o de audi\u00eancia de instru\u00e7\u00e3o e julgamento.<\/p>\n\n\n\n<h2 class=\"wp-block-heading\"><strong>Relembre o acidente<\/strong><\/h2>\n\n\n\n<p>O <strong><a href=\"https:\/\/folhapopular.info\/index.php\/2026\/01\/01\/primeira-morte-de-2026-no-transito-de-teutonia-e-registrada-na-madrugada-do-ano-novo\/\">acidente ocorreu logo ap\u00f3s a virada do ano<\/a><\/strong>, na madrugada do dia 1\u00ba de janeiro de 2026, no cruzamento das ruas Ewaldo Hilgemann e Major Bandeira, no Bairro Languiru, esquina das empresas Estilo Casa e Magras.<\/p>\n\n\n\n<p>O acusado trafegava com o VW Gol na Rua Ewaldo Hilgemann, invadiu a preferencial (Major Bandeira) em alta velocidade e atingiu a motocicleta com os jovens. Ele fez o teste do etil\u00f4metros, que acusou 0,13 mg\/L.<\/p>\n\n\n\n<p>Conforme a den\u00fancia, o acusado conduzia o ve\u00edculo sob influ\u00eancia de \u00e1lcool, em alta velocidade, quando realizou uma ultrapassagem indevida pr\u00f3xima ao cruzamento, invadiu a via preferencial e colidiu com a motocicleta das v\u00edtimas.<\/p>\n\n\n\n<p>&#8220;Realizou manobra extremamente perigosa, ultrapassagem indevida a poucos metros de cruzamento, avan\u00e7ou via preferencial sem reduzir velocidade e sem qualquer manobra de frenagem&#8221;, diz trecho do relato do promotor.<\/p>\n\n\n\n<p>O condutor da moto, Paulo Victor da Silva Costa (19) morreu \u00e0 1h10 no Hospital Ouro Branco, em Teut\u00f4nia. A <strong><a href=\"https:\/\/folhapopular.info\/index.php\/2026\/01\/02\/morre-no-hospital-caroneira-de-moto-envolvida-em-grave-acidente-no-inicio-de-2026-em-teutonia\/\">caroneira, Evelyn Marrote da Rosa<\/a><\/strong>, recebeu atendimento inicial, foi transferida para o hospital de Canoas, onde faleceu \u00e0s 18h16min do dia 1\u00ba de janeiro.<\/p>\n","protected":false},"excerpt":{"rendered":"<p>A Justi\u00e7a de Teut\u00f4nia decretou a pris\u00e3o preventiva do motorista apontado como respons\u00e1vel pelo acidente que resultou na morte de dois jovens na madrugada de 1\u00ba de janeiro de 2026. A decis\u00e3o atende a pedido do Minist\u00e9rio P\u00fablico e foi assinada pelo juiz Lu\u00eds Gustavo Negri Garcia da tarde desta quarta-feira (29\/4). Cerca de 1h [&hellip;]<\/p>\n","protected":false},"author":7,"featured_media":135674,"comment_status":"open","ping_status":"open","sticky":false,"template":"","format":"standard","meta":{"pmpro_default_level":"","_jetpack_memberships_contains_paid_content":false,"footnotes":""},"categories":[2,10982,7,10983],"tags":[195,629,1942,2816,26,113],"class_list":{"0":"post-211882","1":"post","2":"type-post","3":"status-publish","4":"format-standard","5":"has-post-thumbnail","7":"category-featured","8":"category-policia","9":"category-seguranca","10":"category-transito","11":"tag-acidente","12":"tag-morte","13":"tag-motociclista","14":"tag-rua-major-bandeira","15":"tag-teutonia","16":"tag-transito","17":"pmpro-has-access"},"yoast_head":"<!-- This site is optimized with the Yoast SEO plugin v27.5 - https:\/\/yoast.com\/product\/yoast-seo-wordpress\/ -->\n<title>Justi\u00e7a decreta pris\u00e3o preventiva e motorista \u00e9 preso por morte de jovens ap\u00f3s virada do ano em Teut\u00f4nia - Folha Popular<\/title>\n<meta name=\"robots\" content=\"index, follow, max-snippet:-1, max-image-preview:large, max-video-preview:-1\" \/>\n<link rel=\"canonical\" href=\"https:\/\/folhapopular.info\/index.php\/2026\/04\/29\/justica-decreta-prisao-preventiva-e-motorista-e-preso-por-morte-de-jovens-apos-virada-do-ano-em-teutonia\/\" \/>\n<meta property=\"og:locale\" content=\"pt_BR\" \/>\n<meta property=\"og:type\" content=\"article\" \/>\n<meta property=\"og:title\" content=\"Justi\u00e7a decreta pris\u00e3o preventiva e motorista \u00e9 preso por morte de jovens ap\u00f3s virada do ano em Teut\u00f4nia - Folha Popular\" \/>\n<meta property=\"og:description\" content=\"A Justi\u00e7a de Teut\u00f4nia decretou a pris\u00e3o preventiva do motorista apontado como respons\u00e1vel pelo acidente que resultou na morte de dois jovens na madrugada de 1\u00ba de janeiro de 2026. A decis\u00e3o atende a pedido do Minist\u00e9rio P\u00fablico e foi assinada pelo juiz Lu\u00eds Gustavo Negri Garcia da tarde desta quarta-feira (29\/4). Cerca de 1h [&hellip;]\" \/>\n<meta property=\"og:url\" content=\"https:\/\/folhapopular.info\/index.php\/2026\/04\/29\/justica-decreta-prisao-preventiva-e-motorista-e-preso-por-morte-de-jovens-apos-virada-do-ano-em-teutonia\/\" \/>\n<meta property=\"og:site_name\" content=\"Folha Popular\" \/>\n<meta property=\"article:published_time\" content=\"2026-04-30T00:05:30+00:00\" \/>\n<meta property=\"article:modified_time\" content=\"2026-04-30T01:02:32+00:00\" \/>\n<meta property=\"og:image\" content=\"https:\/\/folhapopular.info\/wp-content\/uploads\/2023\/07\/sirene-policia.jpg\" \/>\n\t<meta property=\"og:image:width\" content=\"600\" \/>\n\t<meta property=\"og:image:height\" content=\"400\" \/>\n\t<meta property=\"og:image:type\" content=\"image\/jpeg\" \/>\n<meta name=\"author\" content=\"Lucas Leandro Brune\" \/>\n<meta name=\"twitter:card\" content=\"summary_large_image\" \/>\n<meta name=\"twitter:label1\" content=\"Escrito por\" \/>\n\t<meta name=\"twitter:data1\" content=\"Lucas Leandro Brune\" \/>\n\t<meta name=\"twitter:label2\" content=\"Est. tempo de leitura\" \/>\n\t<meta name=\"twitter:data2\" content=\"4 minutos\" \/>\n<script type=\"application\/ld+json\" class=\"yoast-schema-graph\">{\"@context\":\"https:\\\/\\\/schema.org\",\"@graph\":[{\"@type\":\"Article\",\"@id\":\"https:\\\/\\\/folhapopular.info\\\/index.php\\\/2026\\\/04\\\/29\\\/justica-decreta-prisao-preventiva-e-motorista-e-preso-por-morte-de-jovens-apos-virada-do-ano-em-teutonia\\\/#article\",\"isPartOf\":{\"@id\":\"https:\\\/\\\/folhapopular.info\\\/index.php\\\/2026\\\/04\\\/29\\\/justica-decreta-prisao-preventiva-e-motorista-e-preso-por-morte-de-jovens-apos-virada-do-ano-em-teutonia\\\/\"},\"author\":{\"name\":\"Lucas Leandro Brune\",\"@id\":\"https:\\\/\\\/folhapopular.info\\\/#\\\/schema\\\/person\\\/533a15f60cd49e81ab3a90b4ca33cb36\"},\"headline\":\"Justi\u00e7a decreta pris\u00e3o preventiva e motorista \u00e9 preso por morte de jovens ap\u00f3s virada do ano em Teut\u00f4nia\",\"datePublished\":\"2026-04-30T00:05:30+00:00\",\"dateModified\":\"2026-04-30T01:02:32+00:00\",\"mainEntityOfPage\":{\"@id\":\"https:\\\/\\\/folhapopular.info\\\/index.php\\\/2026\\\/04\\\/29\\\/justica-decreta-prisao-preventiva-e-motorista-e-preso-por-morte-de-jovens-apos-virada-do-ano-em-teutonia\\\/\"},\"wordCount\":689,\"commentCount\":0,\"image\":{\"@id\":\"https:\\\/\\\/folhapopular.info\\\/index.php\\\/2026\\\/04\\\/29\\\/justica-decreta-prisao-preventiva-e-motorista-e-preso-por-morte-de-jovens-apos-virada-do-ano-em-teutonia\\\/#primaryimage\"},\"thumbnailUrl\":\"https:\\\/\\\/folhapopular.info\\\/wp-content\\\/uploads\\\/2023\\\/07\\\/sirene-policia.jpg\",\"keywords\":[\"Acidente\",\"morte\",\"motociclista\",\"Rua Major Bandeira\",\"Teut\u00f4nia\",\"Tr\u00e2nsito\"],\"articleSection\":[\"Destaques\",\"Pol\u00edcia\",\"Seguran\u00e7a\",\"Tr\u00e2nsito\"],\"inLanguage\":\"pt-BR\",\"potentialAction\":[{\"@type\":\"CommentAction\",\"name\":\"Comment\",\"target\":[\"https:\\\/\\\/folhapopular.info\\\/index.php\\\/2026\\\/04\\\/29\\\/justica-decreta-prisao-preventiva-e-motorista-e-preso-por-morte-de-jovens-apos-virada-do-ano-em-teutonia\\\/#respond\"]}]},{\"@type\":\"WebPage\",\"@id\":\"https:\\\/\\\/folhapopular.info\\\/index.php\\\/2026\\\/04\\\/29\\\/justica-decreta-prisao-preventiva-e-motorista-e-preso-por-morte-de-jovens-apos-virada-do-ano-em-teutonia\\\/\",\"url\":\"https:\\\/\\\/folhapopular.info\\\/index.php\\\/2026\\\/04\\\/29\\\/justica-decreta-prisao-preventiva-e-motorista-e-preso-por-morte-de-jovens-apos-virada-do-ano-em-teutonia\\\/\",\"name\":\"Justi\u00e7a decreta pris\u00e3o preventiva e motorista \u00e9 preso por morte de jovens ap\u00f3s virada do ano em Teut\u00f4nia - Folha Popular\",\"isPartOf\":{\"@id\":\"https:\\\/\\\/folhapopular.info\\\/#website\"},\"primaryImageOfPage\":{\"@id\":\"https:\\\/\\\/folhapopular.info\\\/index.php\\\/2026\\\/04\\\/29\\\/justica-decreta-prisao-preventiva-e-motorista-e-preso-por-morte-de-jovens-apos-virada-do-ano-em-teutonia\\\/#primaryimage\"},\"image\":{\"@id\":\"https:\\\/\\\/folhapopular.info\\\/index.php\\\/2026\\\/04\\\/29\\\/justica-decreta-prisao-preventiva-e-motorista-e-preso-por-morte-de-jovens-apos-virada-do-ano-em-teutonia\\\/#primaryimage\"},\"thumbnailUrl\":\"https:\\\/\\\/folhapopular.info\\\/wp-content\\\/uploads\\\/2023\\\/07\\\/sirene-policia.jpg\",\"datePublished\":\"2026-04-30T00:05:30+00:00\",\"dateModified\":\"2026-04-30T01:02:32+00:00\",\"author\":{\"@id\":\"https:\\\/\\\/folhapopular.info\\\/#\\\/schema\\\/person\\\/533a15f60cd49e81ab3a90b4ca33cb36\"},\"breadcrumb\":{\"@id\":\"https:\\\/\\\/folhapopular.info\\\/index.php\\\/2026\\\/04\\\/29\\\/justica-decreta-prisao-preventiva-e-motorista-e-preso-por-morte-de-jovens-apos-virada-do-ano-em-teutonia\\\/#breadcrumb\"},\"inLanguage\":\"pt-BR\",\"potentialAction\":[{\"@type\":\"ReadAction\",\"target\":[\"https:\\\/\\\/folhapopular.info\\\/index.php\\\/2026\\\/04\\\/29\\\/justica-decreta-prisao-preventiva-e-motorista-e-preso-por-morte-de-jovens-apos-virada-do-ano-em-teutonia\\\/\"]}]},{\"@type\":\"ImageObject\",\"inLanguage\":\"pt-BR\",\"@id\":\"https:\\\/\\\/folhapopular.info\\\/index.php\\\/2026\\\/04\\\/29\\\/justica-decreta-prisao-preventiva-e-motorista-e-preso-por-morte-de-jovens-apos-virada-do-ano-em-teutonia\\\/#primaryimage\",\"url\":\"https:\\\/\\\/folhapopular.info\\\/wp-content\\\/uploads\\\/2023\\\/07\\\/sirene-policia.jpg\",\"contentUrl\":\"https:\\\/\\\/folhapopular.info\\\/wp-content\\\/uploads\\\/2023\\\/07\\\/sirene-policia.jpg\",\"width\":600,\"height\":400,\"caption\":\"Imagem ilustrativa | Divulga\u00e7\u00e3o\"},{\"@type\":\"BreadcrumbList\",\"@id\":\"https:\\\/\\\/folhapopular.info\\\/index.php\\\/2026\\\/04\\\/29\\\/justica-decreta-prisao-preventiva-e-motorista-e-preso-por-morte-de-jovens-apos-virada-do-ano-em-teutonia\\\/#breadcrumb\",\"itemListElement\":[{\"@type\":\"ListItem\",\"position\":1,\"name\":\"In\u00edcio\",\"item\":\"https:\\\/\\\/folhapopular.info\\\/\"},{\"@type\":\"ListItem\",\"position\":2,\"name\":\"Justi\u00e7a decreta pris\u00e3o preventiva e motorista \u00e9 preso por morte de jovens ap\u00f3s virada do ano em Teut\u00f4nia\"}]},{\"@type\":\"WebSite\",\"@id\":\"https:\\\/\\\/folhapopular.info\\\/#website\",\"url\":\"https:\\\/\\\/folhapopular.info\\\/\",\"name\":\"Folha Popular\",\"description\":\"Onde voc\u00ea tem vez e voz\",\"potentialAction\":[{\"@type\":\"SearchAction\",\"target\":{\"@type\":\"EntryPoint\",\"urlTemplate\":\"https:\\\/\\\/folhapopular.info\\\/?s={search_term_string}\"},\"query-input\":{\"@type\":\"PropertyValueSpecification\",\"valueRequired\":true,\"valueName\":\"search_term_string\"}}],\"inLanguage\":\"pt-BR\"},{\"@type\":\"Person\",\"@id\":\"https:\\\/\\\/folhapopular.info\\\/#\\\/schema\\\/person\\\/533a15f60cd49e81ab3a90b4ca33cb36\",\"name\":\"Lucas Leandro Brune\",\"image\":{\"@type\":\"ImageObject\",\"inLanguage\":\"pt-BR\",\"@id\":\"https:\\\/\\\/folhapopular.info\\\/wp-content\\\/uploads\\\/2026\\\/04\\\/LUCAS-1-1.webp\",\"url\":\"https:\\\/\\\/folhapopular.info\\\/wp-content\\\/uploads\\\/2026\\\/04\\\/LUCAS-1-1.webp\",\"contentUrl\":\"https:\\\/\\\/folhapopular.info\\\/wp-content\\\/uploads\\\/2026\\\/04\\\/LUCAS-1-1.webp\",\"caption\":\"Lucas Leandro Brune\"},\"description\":\"Jornalista Profissional Diplomado MTB\\\/RS 14.333\",\"url\":\"https:\\\/\\\/folhapopular.info\\\/index.php\\\/author\\\/lucas-brune\\\/\"}]}<\/script>\n<!-- \/ Yoast SEO plugin. -->","yoast_head_json":{"title":"Justi\u00e7a decreta pris\u00e3o preventiva e motorista \u00e9 preso por morte de jovens ap\u00f3s virada do ano em Teut\u00f4nia - Folha Popular","robots":{"index":"index","follow":"follow","max-snippet":"max-snippet:-1","max-image-preview":"max-image-preview:large","max-video-preview":"max-video-preview:-1"},"canonical":"https:\/\/folhapopular.info\/index.php\/2026\/04\/29\/justica-decreta-prisao-preventiva-e-motorista-e-preso-por-morte-de-jovens-apos-virada-do-ano-em-teutonia\/","og_locale":"pt_BR","og_type":"article","og_title":"Justi\u00e7a decreta pris\u00e3o preventiva e motorista \u00e9 preso por morte de jovens ap\u00f3s virada do ano em Teut\u00f4nia - Folha Popular","og_description":"A Justi\u00e7a de Teut\u00f4nia decretou a pris\u00e3o preventiva do motorista apontado como respons\u00e1vel pelo acidente que resultou na morte de dois jovens na madrugada de 1\u00ba de janeiro de 2026. A decis\u00e3o atende a pedido do Minist\u00e9rio P\u00fablico e foi assinada pelo juiz Lu\u00eds Gustavo Negri Garcia da tarde desta quarta-feira (29\/4). Cerca de 1h [&hellip;]","og_url":"https:\/\/folhapopular.info\/index.php\/2026\/04\/29\/justica-decreta-prisao-preventiva-e-motorista-e-preso-por-morte-de-jovens-apos-virada-do-ano-em-teutonia\/","og_site_name":"Folha Popular","article_published_time":"2026-04-30T00:05:30+00:00","article_modified_time":"2026-04-30T01:02:32+00:00","og_image":[{"width":600,"height":400,"url":"https:\/\/folhapopular.info\/wp-content\/uploads\/2023\/07\/sirene-policia.jpg","type":"image\/jpeg"}],"author":"Lucas Leandro Brune","twitter_card":"summary_large_image","twitter_misc":{"Escrito por":"Lucas Leandro Brune","Est. tempo de leitura":"4 minutos"},"schema":{"@context":"https:\/\/schema.org","@graph":[{"@type":"Article","@id":"https:\/\/folhapopular.info\/index.php\/2026\/04\/29\/justica-decreta-prisao-preventiva-e-motorista-e-preso-por-morte-de-jovens-apos-virada-do-ano-em-teutonia\/#article","isPartOf":{"@id":"https:\/\/folhapopular.info\/index.php\/2026\/04\/29\/justica-decreta-prisao-preventiva-e-motorista-e-preso-por-morte-de-jovens-apos-virada-do-ano-em-teutonia\/"},"author":{"name":"Lucas Leandro Brune","@id":"https:\/\/folhapopular.info\/#\/schema\/person\/533a15f60cd49e81ab3a90b4ca33cb36"},"headline":"Justi\u00e7a decreta pris\u00e3o preventiva e motorista \u00e9 preso por morte de jovens ap\u00f3s virada do ano em Teut\u00f4nia","datePublished":"2026-04-30T00:05:30+00:00","dateModified":"2026-04-30T01:02:32+00:00","mainEntityOfPage":{"@id":"https:\/\/folhapopular.info\/index.php\/2026\/04\/29\/justica-decreta-prisao-preventiva-e-motorista-e-preso-por-morte-de-jovens-apos-virada-do-ano-em-teutonia\/"},"wordCount":689,"commentCount":0,"image":{"@id":"https:\/\/folhapopular.info\/index.php\/2026\/04\/29\/justica-decreta-prisao-preventiva-e-motorista-e-preso-por-morte-de-jovens-apos-virada-do-ano-em-teutonia\/#primaryimage"},"thumbnailUrl":"https:\/\/folhapopular.info\/wp-content\/uploads\/2023\/07\/sirene-policia.jpg","keywords":["Acidente","morte","motociclista","Rua Major Bandeira","Teut\u00f4nia","Tr\u00e2nsito"],"articleSection":["Destaques","Pol\u00edcia","Seguran\u00e7a","Tr\u00e2nsito"],"inLanguage":"pt-BR","potentialAction":[{"@type":"CommentAction","name":"Comment","target":["https:\/\/folhapopular.info\/index.php\/2026\/04\/29\/justica-decreta-prisao-preventiva-e-motorista-e-preso-por-morte-de-jovens-apos-virada-do-ano-em-teutonia\/#respond"]}]},{"@type":"WebPage","@id":"https:\/\/folhapopular.info\/index.php\/2026\/04\/29\/justica-decreta-prisao-preventiva-e-motorista-e-preso-por-morte-de-jovens-apos-virada-do-ano-em-teutonia\/","url":"https:\/\/folhapopular.info\/index.php\/2026\/04\/29\/justica-decreta-prisao-preventiva-e-motorista-e-preso-por-morte-de-jovens-apos-virada-do-ano-em-teutonia\/","name":"Justi\u00e7a decreta pris\u00e3o preventiva e motorista \u00e9 preso por morte de jovens ap\u00f3s virada do ano em Teut\u00f4nia - Folha Popular","isPartOf":{"@id":"https:\/\/folhapopular.info\/#website"},"primaryImageOfPage":{"@id":"https:\/\/folhapopular.info\/index.php\/2026\/04\/29\/justica-decreta-prisao-preventiva-e-motorista-e-preso-por-morte-de-jovens-apos-virada-do-ano-em-teutonia\/#primaryimage"},"image":{"@id":"https:\/\/folhapopular.info\/index.php\/2026\/04\/29\/justica-decreta-prisao-preventiva-e-motorista-e-preso-por-morte-de-jovens-apos-virada-do-ano-em-teutonia\/#primaryimage"},"thumbnailUrl":"https:\/\/folhapopular.info\/wp-content\/uploads\/2023\/07\/sirene-policia.jpg","datePublished":"2026-04-30T00:05:30+00:00","dateModified":"2026-04-30T01:02:32+00:00","author":{"@id":"https:\/\/folhapopular.info\/#\/schema\/person\/533a15f60cd49e81ab3a90b4ca33cb36"},"breadcrumb":{"@id":"https:\/\/folhapopular.info\/index.php\/2026\/04\/29\/justica-decreta-prisao-preventiva-e-motorista-e-preso-por-morte-de-jovens-apos-virada-do-ano-em-teutonia\/#breadcrumb"},"inLanguage":"pt-BR","potentialAction":[{"@type":"ReadAction","target":["https:\/\/folhapopular.info\/index.php\/2026\/04\/29\/justica-decreta-prisao-preventiva-e-motorista-e-preso-por-morte-de-jovens-apos-virada-do-ano-em-teutonia\/"]}]},{"@type":"ImageObject","inLanguage":"pt-BR","@id":"https:\/\/folhapopular.info\/index.php\/2026\/04\/29\/justica-decreta-prisao-preventiva-e-motorista-e-preso-por-morte-de-jovens-apos-virada-do-ano-em-teutonia\/#primaryimage","url":"https:\/\/folhapopular.info\/wp-content\/uploads\/2023\/07\/sirene-policia.jpg","contentUrl":"https:\/\/folhapopular.info\/wp-content\/uploads\/2023\/07\/sirene-policia.jpg","width":600,"height":400,"caption":"Imagem ilustrativa | Divulga\u00e7\u00e3o"},{"@type":"BreadcrumbList","@id":"https:\/\/folhapopular.info\/index.php\/2026\/04\/29\/justica-decreta-prisao-preventiva-e-motorista-e-preso-por-morte-de-jovens-apos-virada-do-ano-em-teutonia\/#breadcrumb","itemListElement":[{"@type":"ListItem","position":1,"name":"In\u00edcio","item":"https:\/\/folhapopular.info\/"},{"@type":"ListItem","position":2,"name":"Justi\u00e7a decreta pris\u00e3o preventiva e motorista \u00e9 preso por morte de jovens ap\u00f3s virada do ano em Teut\u00f4nia"}]},{"@type":"WebSite","@id":"https:\/\/folhapopular.info\/#website","url":"https:\/\/folhapopular.info\/","name":"Folha Popular","description":"Onde voc\u00ea tem vez e voz","potentialAction":[{"@type":"SearchAction","target":{"@type":"EntryPoint","urlTemplate":"https:\/\/folhapopular.info\/?s={search_term_string}"},"query-input":{"@type":"PropertyValueSpecification","valueRequired":true,"valueName":"search_term_string"}}],"inLanguage":"pt-BR"},{"@type":"Person","@id":"https:\/\/folhapopular.info\/#\/schema\/person\/533a15f60cd49e81ab3a90b4ca33cb36","name":"Lucas Leandro Brune","image":{"@type":"ImageObject","inLanguage":"pt-BR","@id":"https:\/\/folhapopular.info\/wp-content\/uploads\/2026\/04\/LUCAS-1-1.webp","url":"https:\/\/folhapopular.info\/wp-content\/uploads\/2026\/04\/LUCAS-1-1.webp","contentUrl":"https:\/\/folhapopular.info\/wp-content\/uploads\/2026\/04\/LUCAS-1-1.webp","caption":"Lucas Leandro Brune"},"description":"Jornalista Profissional Diplomado MTB\/RS 14.333","url":"https:\/\/folhapopular.info\/index.php\/author\/lucas-brune\/"}]}},"jetpack_featured_media_url":"https:\/\/folhapopular.info\/wp-content\/uploads\/2023\/07\/sirene-policia.jpg","jetpack_sharing_enabled":true,"amp_enabled":true,"_links":{"self":[{"href":"https:\/\/folhapopular.info\/index.php\/wp-json\/wp\/v2\/posts\/211882","targetHints":{"allow":["GET"]}}],"collection":[{"href":"https:\/\/folhapopular.info\/index.php\/wp-json\/wp\/v2\/posts"}],"about":[{"href":"https:\/\/folhapopular.info\/index.php\/wp-json\/wp\/v2\/types\/post"}],"author":[{"embeddable":true,"href":"https:\/\/folhapopular.info\/index.php\/wp-json\/wp\/v2\/users\/7"}],"replies":[{"embeddable":true,"href":"https:\/\/folhapopular.info\/index.php\/wp-json\/wp\/v2\/comments?post=211882"}],"version-history":[{"count":6,"href":"https:\/\/folhapopular.info\/index.php\/wp-json\/wp\/v2\/posts\/211882\/revisions"}],"predecessor-version":[{"id":211903,"href":"https:\/\/folhapopular.info\/index.php\/wp-json\/wp\/v2\/posts\/211882\/revisions\/211903"}],"wp:featuredmedia":[{"embeddable":true,"href":"https:\/\/folhapopular.info\/index.php\/wp-json\/wp\/v2\/media\/135674"}],"wp:attachment":[{"href":"https:\/\/folhapopular.info\/index.php\/wp-json\/wp\/v2\/media?parent=211882"}],"wp:term":[{"taxonomy":"category","embeddable":true,"href":"https:\/\/folhapopular.info\/index.php\/wp-json\/wp\/v2\/categories?post=211882"},{"taxonomy":"post_tag","embeddable":true,"href":"https:\/\/folhapopular.info\/index.php\/wp-json\/wp\/v2\/tags?post=211882"}],"curies":[{"name":"wp","href":"https:\/\/api.w.org\/{rel}","templated":true}]}}