{"id":211886,"date":"2026-04-29T16:25:27","date_gmt":"2026-04-29T19:25:27","guid":{"rendered":"https:\/\/folhapopular.info\/?p=211886"},"modified":"2026-04-29T16:25:28","modified_gmt":"2026-04-29T19:25:28","slug":"pre-candidato-a-deputado-federal-divaldo-lara-visita-o-grupo-popular","status":"publish","type":"post","link":"https:\/\/folhapopular.info\/index.php\/2026\/04\/29\/pre-candidato-a-deputado-federal-divaldo-lara-visita-o-grupo-popular\/","title":{"rendered":"Pr\u00e9-candidato a deputado federal, Divaldo Lara visita o Grupo Popular"},"content":{"rendered":"\n<p>Ex-prefeito de Bag\u00e9 por dois mandatos e agora pr\u00e9-candidato a deputado federal pelo Republicanos, Divaldo Vieira Lara visitou a sede do Grupo Popular nesta quarta-feira (29\/4).<\/p>\n\n\n\n<p>Lara quer dialogar com os votantes dos deputados federais ga\u00fachos Luciano Zucco (PL) Sanderson (Novo) e Marcel van Hattem (Novo), que devem deixar os cargos para concorrer ao governo do Rio Grande do Sul e ao Senado. <\/p>\n\n\n\n<p>O ex-prefeito se considera o candidato ga\u00facho escolhido e o &#8220;01&#8221; do pr\u00e9-candidato a presidente da Rep\u00fablica, Fl\u00e1vio Bolsonaro (PL).  <\/p>\n\n\n\n<p>Lara apresentou suas inten\u00e7\u00f5es ao cargo em conversa com o diretor do Grupo Popular, Lucas Leandro Brune. Dentre elas, defende projetos estruturantes para a sa\u00fade.<\/p>\n\n\n\n<p>Tanto em visita ao Grupo Popular quanto posteriormente ao Hospital Ouro Branco, o pr\u00e9-candidato se familiarizou sobre o projeto do Polo de Sa\u00fade. Citou suas experi\u00eancias na \u00e1rea, com a reativa\u00e7\u00e3o do hospital de Bag\u00e9 e a constru\u00e7\u00e3o da UTI, bem como a abertura de uma casa de acolhimento para abrigar pacientes e acompanhantes durante tratamentos de sa\u00fade.<\/p>\n\n\n\n<p>Enfatizou ainda ter sido o \u00fanico prefeito a manter a cidade aberta durante a pandemia de covid-19. Citou a import\u00e2ncia de emendas parlamentares efetivas, que permitam dar andamento a projetos, e n\u00e3o &#8220;pingados&#8221;.<\/p>\n\n\n\n<p>Anteriormente em Lajeado, Lara segue em visita pelo Vale do Taquari.<\/p>\n\n\n\n<p><br><br><\/p>\n","protected":false},"excerpt":{"rendered":"<p>Ex-prefeito de Bag\u00e9 por dois mandatos e agora pr\u00e9-candidato a deputado federal pelo Republicanos, Divaldo Vieira Lara visitou a sede do Grupo Popular nesta quarta-feira (29\/4). Lara quer dialogar com os votantes dos deputados federais ga\u00fachos Luciano Zucco (PL) Sanderson (Novo) e Marcel van Hattem (Novo), que devem deixar os cargos para concorrer ao governo [&hellip;]<\/p>\n","protected":false},"author":639,"featured_media":211888,"comment_status":"open","ping_status":"open","sticky":false,"template":"","format":"standard","meta":{"pmpro_default_level":"","_jetpack_memberships_contains_paid_content":false,"footnotes":""},"categories":[10985],"tags":[6982,21121,1782,2218,8076],"class_list":{"0":"post-211886","1":"post","2":"type-post","3":"status-publish","4":"format-standard","5":"has-post-thumbnail","7":"category-politica","8":"tag-deputado-federal","9":"tag-divaldo-lara","10":"tag-grupo-popular","11":"tag-politica","12":"tag-pre-candidato","13":"pmpro-has-access"},"yoast_head":"<!-- This site is optimized with the Yoast SEO plugin v27.5 - https:\/\/yoast.com\/product\/yoast-seo-wordpress\/ -->\n<title>Pr\u00e9-candidato a deputado federal, Divaldo Lara visita o Grupo Popular - Folha Popular<\/title>\n<meta name=\"robots\" content=\"index, follow, max-snippet:-1, max-image-preview:large, max-video-preview:-1\" \/>\n<link rel=\"canonical\" href=\"https:\/\/folhapopular.info\/index.php\/2026\/04\/29\/pre-candidato-a-deputado-federal-divaldo-lara-visita-o-grupo-popular\/\" \/>\n<meta property=\"og:locale\" content=\"pt_BR\" \/>\n<meta property=\"og:type\" content=\"article\" \/>\n<meta property=\"og:title\" content=\"Pr\u00e9-candidato a deputado federal, Divaldo Lara visita o Grupo Popular - Folha Popular\" \/>\n<meta property=\"og:description\" content=\"Ex-prefeito de Bag\u00e9 por dois mandatos e agora pr\u00e9-candidato a deputado federal pelo Republicanos, Divaldo Vieira Lara visitou a sede do Grupo Popular nesta quarta-feira (29\/4). Lara quer dialogar com os votantes dos deputados federais ga\u00fachos Luciano Zucco (PL) Sanderson (Novo) e Marcel van Hattem (Novo), que devem deixar os cargos para concorrer ao governo [&hellip;]\" \/>\n<meta property=\"og:url\" content=\"https:\/\/folhapopular.info\/index.php\/2026\/04\/29\/pre-candidato-a-deputado-federal-divaldo-lara-visita-o-grupo-popular\/\" \/>\n<meta property=\"og:site_name\" content=\"Folha Popular\" \/>\n<meta property=\"article:published_time\" content=\"2026-04-29T19:25:27+00:00\" \/>\n<meta property=\"article:modified_time\" content=\"2026-04-29T19:25:28+00:00\" \/>\n<meta property=\"og:image\" content=\"https:\/\/folhapopular.info\/wp-content\/uploads\/2026\/04\/WhatsApp-Image-2026-04-29-at-16.20.04-scaled-e1777490475980.jpeg\" \/>\n\t<meta property=\"og:image:width\" content=\"1920\" \/>\n\t<meta property=\"og:image:height\" content=\"1033\" \/>\n\t<meta property=\"og:image:type\" content=\"image\/jpeg\" \/>\n<meta name=\"author\" content=\"Camille Lenz da Silva\" \/>\n<meta name=\"twitter:card\" content=\"summary_large_image\" \/>\n<meta name=\"twitter:label1\" content=\"Escrito por\" \/>\n\t<meta name=\"twitter:data1\" content=\"Camille Lenz da Silva\" \/>\n\t<meta name=\"twitter:label2\" content=\"Est. tempo de leitura\" \/>\n\t<meta name=\"twitter:data2\" content=\"2 minutos\" \/>\n<script type=\"application\/ld+json\" class=\"yoast-schema-graph\">{\"@context\":\"https:\\\/\\\/schema.org\",\"@graph\":[{\"@type\":\"Article\",\"@id\":\"https:\\\/\\\/folhapopular.info\\\/index.php\\\/2026\\\/04\\\/29\\\/pre-candidato-a-deputado-federal-divaldo-lara-visita-o-grupo-popular\\\/#article\",\"isPartOf\":{\"@id\":\"https:\\\/\\\/folhapopular.info\\\/index.php\\\/2026\\\/04\\\/29\\\/pre-candidato-a-deputado-federal-divaldo-lara-visita-o-grupo-popular\\\/\"},\"author\":{\"name\":\"Camille Lenz da Silva\",\"@id\":\"https:\\\/\\\/folhapopular.info\\\/#\\\/schema\\\/person\\\/f0b811f932ef2505faf473ffaef49df5\"},\"headline\":\"Pr\u00e9-candidato a deputado federal, Divaldo Lara visita o Grupo Popular\",\"datePublished\":\"2026-04-29T19:25:27+00:00\",\"dateModified\":\"2026-04-29T19:25:28+00:00\",\"mainEntityOfPage\":{\"@id\":\"https:\\\/\\\/folhapopular.info\\\/index.php\\\/2026\\\/04\\\/29\\\/pre-candidato-a-deputado-federal-divaldo-lara-visita-o-grupo-popular\\\/\"},\"wordCount\":235,\"commentCount\":0,\"image\":{\"@id\":\"https:\\\/\\\/folhapopular.info\\\/index.php\\\/2026\\\/04\\\/29\\\/pre-candidato-a-deputado-federal-divaldo-lara-visita-o-grupo-popular\\\/#primaryimage\"},\"thumbnailUrl\":\"https:\\\/\\\/folhapopular.info\\\/wp-content\\\/uploads\\\/2026\\\/04\\\/WhatsApp-Image-2026-04-29-at-16.20.04-scaled-e1777490475980.jpeg\",\"keywords\":[\"Deputado federal\",\"Divaldo Lara\",\"Grupo Popular\",\"pol\u00edtica\",\"pr\u00e9-candidato\"],\"articleSection\":[\"Pol\u00edtica\"],\"inLanguage\":\"pt-BR\",\"potentialAction\":[{\"@type\":\"CommentAction\",\"name\":\"Comment\",\"target\":[\"https:\\\/\\\/folhapopular.info\\\/index.php\\\/2026\\\/04\\\/29\\\/pre-candidato-a-deputado-federal-divaldo-lara-visita-o-grupo-popular\\\/#respond\"]}]},{\"@type\":\"WebPage\",\"@id\":\"https:\\\/\\\/folhapopular.info\\\/index.php\\\/2026\\\/04\\\/29\\\/pre-candidato-a-deputado-federal-divaldo-lara-visita-o-grupo-popular\\\/\",\"url\":\"https:\\\/\\\/folhapopular.info\\\/index.php\\\/2026\\\/04\\\/29\\\/pre-candidato-a-deputado-federal-divaldo-lara-visita-o-grupo-popular\\\/\",\"name\":\"Pr\u00e9-candidato a deputado federal, Divaldo Lara visita o Grupo Popular - Folha Popular\",\"isPartOf\":{\"@id\":\"https:\\\/\\\/folhapopular.info\\\/#website\"},\"primaryImageOfPage\":{\"@id\":\"https:\\\/\\\/folhapopular.info\\\/index.php\\\/2026\\\/04\\\/29\\\/pre-candidato-a-deputado-federal-divaldo-lara-visita-o-grupo-popular\\\/#primaryimage\"},\"image\":{\"@id\":\"https:\\\/\\\/folhapopular.info\\\/index.php\\\/2026\\\/04\\\/29\\\/pre-candidato-a-deputado-federal-divaldo-lara-visita-o-grupo-popular\\\/#primaryimage\"},\"thumbnailUrl\":\"https:\\\/\\\/folhapopular.info\\\/wp-content\\\/uploads\\\/2026\\\/04\\\/WhatsApp-Image-2026-04-29-at-16.20.04-scaled-e1777490475980.jpeg\",\"datePublished\":\"2026-04-29T19:25:27+00:00\",\"dateModified\":\"2026-04-29T19:25:28+00:00\",\"author\":{\"@id\":\"https:\\\/\\\/folhapopular.info\\\/#\\\/schema\\\/person\\\/f0b811f932ef2505faf473ffaef49df5\"},\"breadcrumb\":{\"@id\":\"https:\\\/\\\/folhapopular.info\\\/index.php\\\/2026\\\/04\\\/29\\\/pre-candidato-a-deputado-federal-divaldo-lara-visita-o-grupo-popular\\\/#breadcrumb\"},\"inLanguage\":\"pt-BR\",\"potentialAction\":[{\"@type\":\"ReadAction\",\"target\":[\"https:\\\/\\\/folhapopular.info\\\/index.php\\\/2026\\\/04\\\/29\\\/pre-candidato-a-deputado-federal-divaldo-lara-visita-o-grupo-popular\\\/\"]}]},{\"@type\":\"ImageObject\",\"inLanguage\":\"pt-BR\",\"@id\":\"https:\\\/\\\/folhapopular.info\\\/index.php\\\/2026\\\/04\\\/29\\\/pre-candidato-a-deputado-federal-divaldo-lara-visita-o-grupo-popular\\\/#primaryimage\",\"url\":\"https:\\\/\\\/folhapopular.info\\\/wp-content\\\/uploads\\\/2026\\\/04\\\/WhatsApp-Image-2026-04-29-at-16.20.04-scaled-e1777490475980.jpeg\",\"contentUrl\":\"https:\\\/\\\/folhapopular.info\\\/wp-content\\\/uploads\\\/2026\\\/04\\\/WhatsApp-Image-2026-04-29-at-16.20.04-scaled-e1777490475980.jpeg\",\"width\":1920,\"height\":1033,\"caption\":\"Cr\u00e9dito: Camille Lenz da Silva\"},{\"@type\":\"BreadcrumbList\",\"@id\":\"https:\\\/\\\/folhapopular.info\\\/index.php\\\/2026\\\/04\\\/29\\\/pre-candidato-a-deputado-federal-divaldo-lara-visita-o-grupo-popular\\\/#breadcrumb\",\"itemListElement\":[{\"@type\":\"ListItem\",\"position\":1,\"name\":\"In\u00edcio\",\"item\":\"https:\\\/\\\/folhapopular.info\\\/\"},{\"@type\":\"ListItem\",\"position\":2,\"name\":\"Pr\u00e9-candidato a deputado federal, Divaldo Lara visita o Grupo Popular\"}]},{\"@type\":\"WebSite\",\"@id\":\"https:\\\/\\\/folhapopular.info\\\/#website\",\"url\":\"https:\\\/\\\/folhapopular.info\\\/\",\"name\":\"Folha Popular\",\"description\":\"Onde voc\u00ea tem vez e voz\",\"potentialAction\":[{\"@type\":\"SearchAction\",\"target\":{\"@type\":\"EntryPoint\",\"urlTemplate\":\"https:\\\/\\\/folhapopular.info\\\/?s={search_term_string}\"},\"query-input\":{\"@type\":\"PropertyValueSpecification\",\"valueRequired\":true,\"valueName\":\"search_term_string\"}}],\"inLanguage\":\"pt-BR\"},{\"@type\":\"Person\",\"@id\":\"https:\\\/\\\/folhapopular.info\\\/#\\\/schema\\\/person\\\/f0b811f932ef2505faf473ffaef49df5\",\"name\":\"Camille Lenz da Silva\",\"image\":{\"@type\":\"ImageObject\",\"inLanguage\":\"pt-BR\",\"@id\":\"https:\\\/\\\/secure.gravatar.com\\\/avatar\\\/50be826d73ca259ec0e0a88a407f5de800c576c46cfdc57e50ef28551e216fff?s=96&d=mm&r=g\",\"url\":\"https:\\\/\\\/secure.gravatar.com\\\/avatar\\\/50be826d73ca259ec0e0a88a407f5de800c576c46cfdc57e50ef28551e216fff?s=96&d=mm&r=g\",\"contentUrl\":\"https:\\\/\\\/secure.gravatar.com\\\/avatar\\\/50be826d73ca259ec0e0a88a407f5de800c576c46cfdc57e50ef28551e216fff?s=96&d=mm&r=g\",\"caption\":\"Camille Lenz da Silva\"},\"url\":\"https:\\\/\\\/folhapopular.info\\\/index.php\\\/author\\\/camillelenzgmail-com\\\/\"}]}<\/script>\n<!-- \/ Yoast SEO plugin. -->","yoast_head_json":{"title":"Pr\u00e9-candidato a deputado federal, Divaldo Lara visita o Grupo Popular - Folha Popular","robots":{"index":"index","follow":"follow","max-snippet":"max-snippet:-1","max-image-preview":"max-image-preview:large","max-video-preview":"max-video-preview:-1"},"canonical":"https:\/\/folhapopular.info\/index.php\/2026\/04\/29\/pre-candidato-a-deputado-federal-divaldo-lara-visita-o-grupo-popular\/","og_locale":"pt_BR","og_type":"article","og_title":"Pr\u00e9-candidato a deputado federal, Divaldo Lara visita o Grupo Popular - Folha Popular","og_description":"Ex-prefeito de Bag\u00e9 por dois mandatos e agora pr\u00e9-candidato a deputado federal pelo Republicanos, Divaldo Vieira Lara visitou a sede do Grupo Popular nesta quarta-feira (29\/4). Lara quer dialogar com os votantes dos deputados federais ga\u00fachos Luciano Zucco (PL) Sanderson (Novo) e Marcel van Hattem (Novo), que devem deixar os cargos para concorrer ao governo [&hellip;]","og_url":"https:\/\/folhapopular.info\/index.php\/2026\/04\/29\/pre-candidato-a-deputado-federal-divaldo-lara-visita-o-grupo-popular\/","og_site_name":"Folha Popular","article_published_time":"2026-04-29T19:25:27+00:00","article_modified_time":"2026-04-29T19:25:28+00:00","og_image":[{"width":1920,"height":1033,"url":"https:\/\/folhapopular.info\/wp-content\/uploads\/2026\/04\/WhatsApp-Image-2026-04-29-at-16.20.04-scaled-e1777490475980.jpeg","type":"image\/jpeg"}],"author":"Camille Lenz da Silva","twitter_card":"summary_large_image","twitter_misc":{"Escrito por":"Camille Lenz da Silva","Est. tempo de leitura":"2 minutos"},"schema":{"@context":"https:\/\/schema.org","@graph":[{"@type":"Article","@id":"https:\/\/folhapopular.info\/index.php\/2026\/04\/29\/pre-candidato-a-deputado-federal-divaldo-lara-visita-o-grupo-popular\/#article","isPartOf":{"@id":"https:\/\/folhapopular.info\/index.php\/2026\/04\/29\/pre-candidato-a-deputado-federal-divaldo-lara-visita-o-grupo-popular\/"},"author":{"name":"Camille Lenz da Silva","@id":"https:\/\/folhapopular.info\/#\/schema\/person\/f0b811f932ef2505faf473ffaef49df5"},"headline":"Pr\u00e9-candidato a deputado federal, Divaldo Lara visita o Grupo Popular","datePublished":"2026-04-29T19:25:27+00:00","dateModified":"2026-04-29T19:25:28+00:00","mainEntityOfPage":{"@id":"https:\/\/folhapopular.info\/index.php\/2026\/04\/29\/pre-candidato-a-deputado-federal-divaldo-lara-visita-o-grupo-popular\/"},"wordCount":235,"commentCount":0,"image":{"@id":"https:\/\/folhapopular.info\/index.php\/2026\/04\/29\/pre-candidato-a-deputado-federal-divaldo-lara-visita-o-grupo-popular\/#primaryimage"},"thumbnailUrl":"https:\/\/folhapopular.info\/wp-content\/uploads\/2026\/04\/WhatsApp-Image-2026-04-29-at-16.20.04-scaled-e1777490475980.jpeg","keywords":["Deputado federal","Divaldo Lara","Grupo Popular","pol\u00edtica","pr\u00e9-candidato"],"articleSection":["Pol\u00edtica"],"inLanguage":"pt-BR","potentialAction":[{"@type":"CommentAction","name":"Comment","target":["https:\/\/folhapopular.info\/index.php\/2026\/04\/29\/pre-candidato-a-deputado-federal-divaldo-lara-visita-o-grupo-popular\/#respond"]}]},{"@type":"WebPage","@id":"https:\/\/folhapopular.info\/index.php\/2026\/04\/29\/pre-candidato-a-deputado-federal-divaldo-lara-visita-o-grupo-popular\/","url":"https:\/\/folhapopular.info\/index.php\/2026\/04\/29\/pre-candidato-a-deputado-federal-divaldo-lara-visita-o-grupo-popular\/","name":"Pr\u00e9-candidato a deputado federal, Divaldo Lara visita o Grupo Popular - Folha Popular","isPartOf":{"@id":"https:\/\/folhapopular.info\/#website"},"primaryImageOfPage":{"@id":"https:\/\/folhapopular.info\/index.php\/2026\/04\/29\/pre-candidato-a-deputado-federal-divaldo-lara-visita-o-grupo-popular\/#primaryimage"},"image":{"@id":"https:\/\/folhapopular.info\/index.php\/2026\/04\/29\/pre-candidato-a-deputado-federal-divaldo-lara-visita-o-grupo-popular\/#primaryimage"},"thumbnailUrl":"https:\/\/folhapopular.info\/wp-content\/uploads\/2026\/04\/WhatsApp-Image-2026-04-29-at-16.20.04-scaled-e1777490475980.jpeg","datePublished":"2026-04-29T19:25:27+00:00","dateModified":"2026-04-29T19:25:28+00:00","author":{"@id":"https:\/\/folhapopular.info\/#\/schema\/person\/f0b811f932ef2505faf473ffaef49df5"},"breadcrumb":{"@id":"https:\/\/folhapopular.info\/index.php\/2026\/04\/29\/pre-candidato-a-deputado-federal-divaldo-lara-visita-o-grupo-popular\/#breadcrumb"},"inLanguage":"pt-BR","potentialAction":[{"@type":"ReadAction","target":["https:\/\/folhapopular.info\/index.php\/2026\/04\/29\/pre-candidato-a-deputado-federal-divaldo-lara-visita-o-grupo-popular\/"]}]},{"@type":"ImageObject","inLanguage":"pt-BR","@id":"https:\/\/folhapopular.info\/index.php\/2026\/04\/29\/pre-candidato-a-deputado-federal-divaldo-lara-visita-o-grupo-popular\/#primaryimage","url":"https:\/\/folhapopular.info\/wp-content\/uploads\/2026\/04\/WhatsApp-Image-2026-04-29-at-16.20.04-scaled-e1777490475980.jpeg","contentUrl":"https:\/\/folhapopular.info\/wp-content\/uploads\/2026\/04\/WhatsApp-Image-2026-04-29-at-16.20.04-scaled-e1777490475980.jpeg","width":1920,"height":1033,"caption":"Cr\u00e9dito: Camille Lenz da Silva"},{"@type":"BreadcrumbList","@id":"https:\/\/folhapopular.info\/index.php\/2026\/04\/29\/pre-candidato-a-deputado-federal-divaldo-lara-visita-o-grupo-popular\/#breadcrumb","itemListElement":[{"@type":"ListItem","position":1,"name":"In\u00edcio","item":"https:\/\/folhapopular.info\/"},{"@type":"ListItem","position":2,"name":"Pr\u00e9-candidato a deputado federal, Divaldo Lara visita o Grupo Popular"}]},{"@type":"WebSite","@id":"https:\/\/folhapopular.info\/#website","url":"https:\/\/folhapopular.info\/","name":"Folha Popular","description":"Onde voc\u00ea tem vez e voz","potentialAction":[{"@type":"SearchAction","target":{"@type":"EntryPoint","urlTemplate":"https:\/\/folhapopular.info\/?s={search_term_string}"},"query-input":{"@type":"PropertyValueSpecification","valueRequired":true,"valueName":"search_term_string"}}],"inLanguage":"pt-BR"},{"@type":"Person","@id":"https:\/\/folhapopular.info\/#\/schema\/person\/f0b811f932ef2505faf473ffaef49df5","name":"Camille Lenz da Silva","image":{"@type":"ImageObject","inLanguage":"pt-BR","@id":"https:\/\/secure.gravatar.com\/avatar\/50be826d73ca259ec0e0a88a407f5de800c576c46cfdc57e50ef28551e216fff?s=96&d=mm&r=g","url":"https:\/\/secure.gravatar.com\/avatar\/50be826d73ca259ec0e0a88a407f5de800c576c46cfdc57e50ef28551e216fff?s=96&d=mm&r=g","contentUrl":"https:\/\/secure.gravatar.com\/avatar\/50be826d73ca259ec0e0a88a407f5de800c576c46cfdc57e50ef28551e216fff?s=96&d=mm&r=g","caption":"Camille Lenz da Silva"},"url":"https:\/\/folhapopular.info\/index.php\/author\/camillelenzgmail-com\/"}]}},"jetpack_featured_media_url":"https:\/\/folhapopular.info\/wp-content\/uploads\/2026\/04\/WhatsApp-Image-2026-04-29-at-16.20.04-scaled-e1777490475980.jpeg","jetpack_sharing_enabled":true,"amp_enabled":true,"_links":{"self":[{"href":"https:\/\/folhapopular.info\/index.php\/wp-json\/wp\/v2\/posts\/211886","targetHints":{"allow":["GET"]}}],"collection":[{"href":"https:\/\/folhapopular.info\/index.php\/wp-json\/wp\/v2\/posts"}],"about":[{"href":"https:\/\/folhapopular.info\/index.php\/wp-json\/wp\/v2\/types\/post"}],"author":[{"embeddable":true,"href":"https:\/\/folhapopular.info\/index.php\/wp-json\/wp\/v2\/users\/639"}],"replies":[{"embeddable":true,"href":"https:\/\/folhapopular.info\/index.php\/wp-json\/wp\/v2\/comments?post=211886"}],"version-history":[{"count":1,"href":"https:\/\/folhapopular.info\/index.php\/wp-json\/wp\/v2\/posts\/211886\/revisions"}],"predecessor-version":[{"id":211889,"href":"https:\/\/folhapopular.info\/index.php\/wp-json\/wp\/v2\/posts\/211886\/revisions\/211889"}],"wp:featuredmedia":[{"embeddable":true,"href":"https:\/\/folhapopular.info\/index.php\/wp-json\/wp\/v2\/media\/211888"}],"wp:attachment":[{"href":"https:\/\/folhapopular.info\/index.php\/wp-json\/wp\/v2\/media?parent=211886"}],"wp:term":[{"taxonomy":"category","embeddable":true,"href":"https:\/\/folhapopular.info\/index.php\/wp-json\/wp\/v2\/categories?post=211886"},{"taxonomy":"post_tag","embeddable":true,"href":"https:\/\/folhapopular.info\/index.php\/wp-json\/wp\/v2\/tags?post=211886"}],"curies":[{"name":"wp","href":"https:\/\/api.w.org\/{rel}","templated":true}]}}