{"id":211910,"date":"2026-04-30T12:00:00","date_gmt":"2026-04-30T15:00:00","guid":{"rendered":"https:\/\/folhapopular.info\/?p=211910"},"modified":"2026-04-30T10:43:09","modified_gmt":"2026-04-30T13:43:09","slug":"assembleia-da-fecoergs-reelege-erineo-hennemann-e-apresenta-numeros-de-2025","status":"publish","type":"post","link":"https:\/\/folhapopular.info\/index.php\/2026\/04\/30\/assembleia-da-fecoergs-reelege-erineo-hennemann-e-apresenta-numeros-de-2025\/","title":{"rendered":"Assembleia da Fecoergs reelege Erineo Hennemann e apresenta n\u00fameros de 2025"},"content":{"rendered":"\n<p>A Assembleia Geral Ordin\u00e1ria da Federa\u00e7\u00e3o das Cooperativas de Energia, Telefonia e Desenvolvimento Rural do Estado (Fecoergs) ocorreu no dia 24 de abril, na sede operacional da Certel, em Lajeado. O encontro reuniu mais de 40 representantes de 25 cooperativas de energia e gera\u00e7\u00e3o, que acompanharam a apresenta\u00e7\u00e3o dos resultados da federa\u00e7\u00e3o referentes a 2025.<\/p>\n\n\n\n<p>O presidente da Fecoergs, Erineo Jos\u00e9 Hennemann, destacou o trabalho das cooperativas e citou avan\u00e7os importantes do setor. Entre eles, a aprova\u00e7\u00e3o da lei das telecomunica\u00e7\u00f5es e os resultados do Sandbox Tarif\u00e1rio, que serviram de refer\u00eancia para a Ag\u00eancia Nacional de Energia El\u00e9trica (Aneel) sobre as expectativas das cooperativas em rela\u00e7\u00e3o ao mercado livre de energia. <\/p>\n\n\n\n<p>Hennemann tamb\u00e9m mencionou as miss\u00f5es internacionais realizadas nos Estados Unidos e no Panam\u00e1, a informatiza\u00e7\u00e3o do plano de conting\u00eancia do Sistema Fecoergs e a quinta etapa do programa Energia Forte no Campo.<\/p>\n\n\n\n<p>Em 2025, as cooperativas ligaram 7.287 novos estabelecimentos rurais, totalizando 328.993 propriedades atendidas por mais de 66 mil quil\u00f4metros de redes el\u00e9tricas. Ao final do ano, o sistema contava com 2.262 funcion\u00e1rios pr\u00f3prios e 673 terceirizados, somando 2.935 colaboradores.<\/p>\n\n\n\n<h2 class=\"wp-block-heading\"><strong>Reelei\u00e7\u00e3o<\/strong><\/h2>\n\n\n\n<p>Durante a assembleia, tamb\u00e9m ocorreu a elei\u00e7\u00e3o do Conselho de Administra\u00e7\u00e3o e da Diretoria para o per\u00edodo de 2026 a 2028, al\u00e9m do Conselho Fiscal para 2026. Erineo Jos\u00e9 Hennemann foi reconduzido \u00e0 presid\u00eancia. Renato Martins, da Certaja, assumiu como vice-presidente, e Querino Volkmer, da Cooperluz, como secret\u00e1rio.<\/p>\n\n\n\n<p>Foram eleitos como conselheiros titulares J\u00e2nio Vital Stefanello (Coprel), Bertino Rech (Celetro), Celso Benedetti (Certhil) e Jo\u00e3o Alderi do Prado (Creral). Os suplentes s\u00e3o Mateus Stefanello (Coprel), Daniel Luis Sechi (Certel), Jaci Jacinto Coelho (Coopersul) e Jairton Nunes Vieira (Coopernorte).<\/p>\n\n\n\n<p>No Conselho Fiscal, os titulares s\u00e3o Guilherme de Pauli (Ceriluz), Di\u00f3genes Laste (Cerfox) e Diomedes Rech (Cermiss\u00f5es). Como suplentes, foram eleitos Ederson Madruga (Certaja), Diamantino Marques dos Santos (Cermiss\u00f5es) e Elemar Battisti (Creluz).<\/p>\n\n\n\n<p>Ao encerrar, Hennemann agradeceu a recondu\u00e7\u00e3o ao cargo e destacou a relev\u00e2ncia do trabalho das cooperativas para o desenvolvimento do Rio Grande do Sul. Segundo ele, o objetivo \u00e9 seguir fortalecendo o setor com a\u00e7\u00f5es que garantam seguran\u00e7a energ\u00e9tica e qualidade de vida \u00e0s fam\u00edlias associadas.<\/p>\n","protected":false},"excerpt":{"rendered":"<p>A Assembleia Geral Ordin\u00e1ria da Federa\u00e7\u00e3o das Cooperativas de Energia, Telefonia e Desenvolvimento Rural do Estado (Fecoergs) ocorreu no dia 24 de abril, na sede operacional da Certel, em Lajeado. O encontro reuniu mais de 40 representantes de 25 cooperativas de energia e gera\u00e7\u00e3o, que acompanharam a apresenta\u00e7\u00e3o dos resultados da federa\u00e7\u00e3o referentes a 2025. [&hellip;]<\/p>\n","protected":false},"author":8,"featured_media":211914,"comment_status":"open","ping_status":"open","sticky":false,"template":"","format":"standard","meta":{"pmpro_default_level":"","_jetpack_memberships_contains_paid_content":false,"footnotes":""},"categories":[2,10991],"tags":[982,291,21125,12875,27],"class_list":{"0":"post-211910","1":"post","2":"type-post","3":"status-publish","4":"format-standard","5":"has-post-thumbnail","7":"category-featured","8":"category-economia","9":"tag-assembleia","10":"tag-certel","11":"tag-erineo-hennemann","12":"tag-fecoergs","13":"tag-lajeado","14":"pmpro-has-access"},"yoast_head":"<!-- This site is optimized with the Yoast SEO plugin v27.5 - https:\/\/yoast.com\/product\/yoast-seo-wordpress\/ -->\n<title>Assembleia da Fecoergs reelege Erineo Hennemann e apresenta n\u00fameros de 2025 - Folha Popular<\/title>\n<meta name=\"robots\" content=\"index, follow, max-snippet:-1, max-image-preview:large, max-video-preview:-1\" \/>\n<link rel=\"canonical\" href=\"https:\/\/folhapopular.info\/index.php\/2026\/04\/30\/assembleia-da-fecoergs-reelege-erineo-hennemann-e-apresenta-numeros-de-2025\/\" \/>\n<meta property=\"og:locale\" content=\"pt_BR\" \/>\n<meta property=\"og:type\" content=\"article\" \/>\n<meta property=\"og:title\" content=\"Assembleia da Fecoergs reelege Erineo Hennemann e apresenta n\u00fameros de 2025 - Folha Popular\" \/>\n<meta property=\"og:description\" content=\"A Assembleia Geral Ordin\u00e1ria da Federa\u00e7\u00e3o das Cooperativas de Energia, Telefonia e Desenvolvimento Rural do Estado (Fecoergs) ocorreu no dia 24 de abril, na sede operacional da Certel, em Lajeado. O encontro reuniu mais de 40 representantes de 25 cooperativas de energia e gera\u00e7\u00e3o, que acompanharam a apresenta\u00e7\u00e3o dos resultados da federa\u00e7\u00e3o referentes a 2025. [&hellip;]\" \/>\n<meta property=\"og:url\" content=\"https:\/\/folhapopular.info\/index.php\/2026\/04\/30\/assembleia-da-fecoergs-reelege-erineo-hennemann-e-apresenta-numeros-de-2025\/\" \/>\n<meta property=\"og:site_name\" content=\"Folha Popular\" \/>\n<meta property=\"article:published_time\" content=\"2026-04-30T15:00:00+00:00\" \/>\n<meta property=\"og:image\" content=\"https:\/\/folhapopular.info\/wp-content\/uploads\/2026\/04\/Assembleia-confirmou-a-relevancia-das-Cooperativas-de-infraestrutura.jpeg\" \/>\n\t<meta property=\"og:image:width\" content=\"1600\" \/>\n\t<meta property=\"og:image:height\" content=\"1200\" \/>\n\t<meta property=\"og:image:type\" content=\"image\/jpeg\" \/>\n<meta name=\"author\" content=\"Reda\u00e7\u00e3o Folha Popular\" \/>\n<meta name=\"twitter:card\" content=\"summary_large_image\" \/>\n<meta name=\"twitter:label1\" content=\"Escrito por\" \/>\n\t<meta name=\"twitter:data1\" content=\"Reda\u00e7\u00e3o Folha Popular\" \/>\n\t<meta name=\"twitter:label2\" content=\"Est. tempo de leitura\" \/>\n\t<meta name=\"twitter:data2\" content=\"3 minutos\" \/>\n<script type=\"application\/ld+json\" class=\"yoast-schema-graph\">{\"@context\":\"https:\\\/\\\/schema.org\",\"@graph\":[{\"@type\":\"Article\",\"@id\":\"https:\\\/\\\/folhapopular.info\\\/index.php\\\/2026\\\/04\\\/30\\\/assembleia-da-fecoergs-reelege-erineo-hennemann-e-apresenta-numeros-de-2025\\\/#article\",\"isPartOf\":{\"@id\":\"https:\\\/\\\/folhapopular.info\\\/index.php\\\/2026\\\/04\\\/30\\\/assembleia-da-fecoergs-reelege-erineo-hennemann-e-apresenta-numeros-de-2025\\\/\"},\"author\":{\"name\":\"Reda\u00e7\u00e3o Folha Popular\",\"@id\":\"https:\\\/\\\/folhapopular.info\\\/#\\\/schema\\\/person\\\/2814e8a0df7643585a9ca38bc6eb9d4b\"},\"headline\":\"Assembleia da Fecoergs reelege Erineo Hennemann e apresenta n\u00fameros de 2025\",\"datePublished\":\"2026-04-30T15:00:00+00:00\",\"mainEntityOfPage\":{\"@id\":\"https:\\\/\\\/folhapopular.info\\\/index.php\\\/2026\\\/04\\\/30\\\/assembleia-da-fecoergs-reelege-erineo-hennemann-e-apresenta-numeros-de-2025\\\/\"},\"wordCount\":387,\"commentCount\":0,\"image\":{\"@id\":\"https:\\\/\\\/folhapopular.info\\\/index.php\\\/2026\\\/04\\\/30\\\/assembleia-da-fecoergs-reelege-erineo-hennemann-e-apresenta-numeros-de-2025\\\/#primaryimage\"},\"thumbnailUrl\":\"https:\\\/\\\/folhapopular.info\\\/wp-content\\\/uploads\\\/2026\\\/04\\\/Assembleia-confirmou-a-relevancia-das-Cooperativas-de-infraestrutura.jpeg\",\"keywords\":[\"assembleia\",\"Certel\",\"Erineo Hennemann\",\"fecoergs\",\"Lajeado\"],\"articleSection\":[\"Destaques\",\"Economia\"],\"inLanguage\":\"pt-BR\",\"potentialAction\":[{\"@type\":\"CommentAction\",\"name\":\"Comment\",\"target\":[\"https:\\\/\\\/folhapopular.info\\\/index.php\\\/2026\\\/04\\\/30\\\/assembleia-da-fecoergs-reelege-erineo-hennemann-e-apresenta-numeros-de-2025\\\/#respond\"]}]},{\"@type\":\"WebPage\",\"@id\":\"https:\\\/\\\/folhapopular.info\\\/index.php\\\/2026\\\/04\\\/30\\\/assembleia-da-fecoergs-reelege-erineo-hennemann-e-apresenta-numeros-de-2025\\\/\",\"url\":\"https:\\\/\\\/folhapopular.info\\\/index.php\\\/2026\\\/04\\\/30\\\/assembleia-da-fecoergs-reelege-erineo-hennemann-e-apresenta-numeros-de-2025\\\/\",\"name\":\"Assembleia da Fecoergs reelege Erineo Hennemann e apresenta n\u00fameros de 2025 - Folha Popular\",\"isPartOf\":{\"@id\":\"https:\\\/\\\/folhapopular.info\\\/#website\"},\"primaryImageOfPage\":{\"@id\":\"https:\\\/\\\/folhapopular.info\\\/index.php\\\/2026\\\/04\\\/30\\\/assembleia-da-fecoergs-reelege-erineo-hennemann-e-apresenta-numeros-de-2025\\\/#primaryimage\"},\"image\":{\"@id\":\"https:\\\/\\\/folhapopular.info\\\/index.php\\\/2026\\\/04\\\/30\\\/assembleia-da-fecoergs-reelege-erineo-hennemann-e-apresenta-numeros-de-2025\\\/#primaryimage\"},\"thumbnailUrl\":\"https:\\\/\\\/folhapopular.info\\\/wp-content\\\/uploads\\\/2026\\\/04\\\/Assembleia-confirmou-a-relevancia-das-Cooperativas-de-infraestrutura.jpeg\",\"datePublished\":\"2026-04-30T15:00:00+00:00\",\"author\":{\"@id\":\"https:\\\/\\\/folhapopular.info\\\/#\\\/schema\\\/person\\\/2814e8a0df7643585a9ca38bc6eb9d4b\"},\"breadcrumb\":{\"@id\":\"https:\\\/\\\/folhapopular.info\\\/index.php\\\/2026\\\/04\\\/30\\\/assembleia-da-fecoergs-reelege-erineo-hennemann-e-apresenta-numeros-de-2025\\\/#breadcrumb\"},\"inLanguage\":\"pt-BR\",\"potentialAction\":[{\"@type\":\"ReadAction\",\"target\":[\"https:\\\/\\\/folhapopular.info\\\/index.php\\\/2026\\\/04\\\/30\\\/assembleia-da-fecoergs-reelege-erineo-hennemann-e-apresenta-numeros-de-2025\\\/\"]}]},{\"@type\":\"ImageObject\",\"inLanguage\":\"pt-BR\",\"@id\":\"https:\\\/\\\/folhapopular.info\\\/index.php\\\/2026\\\/04\\\/30\\\/assembleia-da-fecoergs-reelege-erineo-hennemann-e-apresenta-numeros-de-2025\\\/#primaryimage\",\"url\":\"https:\\\/\\\/folhapopular.info\\\/wp-content\\\/uploads\\\/2026\\\/04\\\/Assembleia-confirmou-a-relevancia-das-Cooperativas-de-infraestrutura.jpeg\",\"contentUrl\":\"https:\\\/\\\/folhapopular.info\\\/wp-content\\\/uploads\\\/2026\\\/04\\\/Assembleia-confirmou-a-relevancia-das-Cooperativas-de-infraestrutura.jpeg\",\"width\":1600,\"height\":1200,\"caption\":\"Cr\u00e9dito: Divulga\u00e7\u00e3o\"},{\"@type\":\"BreadcrumbList\",\"@id\":\"https:\\\/\\\/folhapopular.info\\\/index.php\\\/2026\\\/04\\\/30\\\/assembleia-da-fecoergs-reelege-erineo-hennemann-e-apresenta-numeros-de-2025\\\/#breadcrumb\",\"itemListElement\":[{\"@type\":\"ListItem\",\"position\":1,\"name\":\"In\u00edcio\",\"item\":\"https:\\\/\\\/folhapopular.info\\\/\"},{\"@type\":\"ListItem\",\"position\":2,\"name\":\"Assembleia da Fecoergs reelege Erineo Hennemann e apresenta n\u00fameros de 2025\"}]},{\"@type\":\"WebSite\",\"@id\":\"https:\\\/\\\/folhapopular.info\\\/#website\",\"url\":\"https:\\\/\\\/folhapopular.info\\\/\",\"name\":\"Folha Popular\",\"description\":\"Onde voc\u00ea tem vez e voz\",\"potentialAction\":[{\"@type\":\"SearchAction\",\"target\":{\"@type\":\"EntryPoint\",\"urlTemplate\":\"https:\\\/\\\/folhapopular.info\\\/?s={search_term_string}\"},\"query-input\":{\"@type\":\"PropertyValueSpecification\",\"valueRequired\":true,\"valueName\":\"search_term_string\"}}],\"inLanguage\":\"pt-BR\"},{\"@type\":\"Person\",\"@id\":\"https:\\\/\\\/folhapopular.info\\\/#\\\/schema\\\/person\\\/2814e8a0df7643585a9ca38bc6eb9d4b\",\"name\":\"Reda\u00e7\u00e3o Folha Popular\",\"image\":{\"@type\":\"ImageObject\",\"inLanguage\":\"pt-BR\",\"@id\":\"https:\\\/\\\/folhapopular.info\\\/wp-content\\\/uploads\\\/2026\\\/04\\\/Folha-1.webp\",\"url\":\"https:\\\/\\\/folhapopular.info\\\/wp-content\\\/uploads\\\/2026\\\/04\\\/Folha-1.webp\",\"contentUrl\":\"https:\\\/\\\/folhapopular.info\\\/wp-content\\\/uploads\\\/2026\\\/04\\\/Folha-1.webp\",\"caption\":\"Reda\u00e7\u00e3o Folha Popular\"},\"url\":\"https:\\\/\\\/folhapopular.info\\\/index.php\\\/author\\\/redacao\\\/\"}]}<\/script>\n<!-- \/ Yoast SEO plugin. -->","yoast_head_json":{"title":"Assembleia da Fecoergs reelege Erineo Hennemann e apresenta n\u00fameros de 2025 - Folha Popular","robots":{"index":"index","follow":"follow","max-snippet":"max-snippet:-1","max-image-preview":"max-image-preview:large","max-video-preview":"max-video-preview:-1"},"canonical":"https:\/\/folhapopular.info\/index.php\/2026\/04\/30\/assembleia-da-fecoergs-reelege-erineo-hennemann-e-apresenta-numeros-de-2025\/","og_locale":"pt_BR","og_type":"article","og_title":"Assembleia da Fecoergs reelege Erineo Hennemann e apresenta n\u00fameros de 2025 - Folha Popular","og_description":"A Assembleia Geral Ordin\u00e1ria da Federa\u00e7\u00e3o das Cooperativas de Energia, Telefonia e Desenvolvimento Rural do Estado (Fecoergs) ocorreu no dia 24 de abril, na sede operacional da Certel, em Lajeado. O encontro reuniu mais de 40 representantes de 25 cooperativas de energia e gera\u00e7\u00e3o, que acompanharam a apresenta\u00e7\u00e3o dos resultados da federa\u00e7\u00e3o referentes a 2025. [&hellip;]","og_url":"https:\/\/folhapopular.info\/index.php\/2026\/04\/30\/assembleia-da-fecoergs-reelege-erineo-hennemann-e-apresenta-numeros-de-2025\/","og_site_name":"Folha Popular","article_published_time":"2026-04-30T15:00:00+00:00","og_image":[{"width":1600,"height":1200,"url":"https:\/\/folhapopular.info\/wp-content\/uploads\/2026\/04\/Assembleia-confirmou-a-relevancia-das-Cooperativas-de-infraestrutura.jpeg","type":"image\/jpeg"}],"author":"Reda\u00e7\u00e3o Folha Popular","twitter_card":"summary_large_image","twitter_misc":{"Escrito por":"Reda\u00e7\u00e3o Folha Popular","Est. tempo de leitura":"3 minutos"},"schema":{"@context":"https:\/\/schema.org","@graph":[{"@type":"Article","@id":"https:\/\/folhapopular.info\/index.php\/2026\/04\/30\/assembleia-da-fecoergs-reelege-erineo-hennemann-e-apresenta-numeros-de-2025\/#article","isPartOf":{"@id":"https:\/\/folhapopular.info\/index.php\/2026\/04\/30\/assembleia-da-fecoergs-reelege-erineo-hennemann-e-apresenta-numeros-de-2025\/"},"author":{"name":"Reda\u00e7\u00e3o Folha Popular","@id":"https:\/\/folhapopular.info\/#\/schema\/person\/2814e8a0df7643585a9ca38bc6eb9d4b"},"headline":"Assembleia da Fecoergs reelege Erineo Hennemann e apresenta n\u00fameros de 2025","datePublished":"2026-04-30T15:00:00+00:00","mainEntityOfPage":{"@id":"https:\/\/folhapopular.info\/index.php\/2026\/04\/30\/assembleia-da-fecoergs-reelege-erineo-hennemann-e-apresenta-numeros-de-2025\/"},"wordCount":387,"commentCount":0,"image":{"@id":"https:\/\/folhapopular.info\/index.php\/2026\/04\/30\/assembleia-da-fecoergs-reelege-erineo-hennemann-e-apresenta-numeros-de-2025\/#primaryimage"},"thumbnailUrl":"https:\/\/folhapopular.info\/wp-content\/uploads\/2026\/04\/Assembleia-confirmou-a-relevancia-das-Cooperativas-de-infraestrutura.jpeg","keywords":["assembleia","Certel","Erineo Hennemann","fecoergs","Lajeado"],"articleSection":["Destaques","Economia"],"inLanguage":"pt-BR","potentialAction":[{"@type":"CommentAction","name":"Comment","target":["https:\/\/folhapopular.info\/index.php\/2026\/04\/30\/assembleia-da-fecoergs-reelege-erineo-hennemann-e-apresenta-numeros-de-2025\/#respond"]}]},{"@type":"WebPage","@id":"https:\/\/folhapopular.info\/index.php\/2026\/04\/30\/assembleia-da-fecoergs-reelege-erineo-hennemann-e-apresenta-numeros-de-2025\/","url":"https:\/\/folhapopular.info\/index.php\/2026\/04\/30\/assembleia-da-fecoergs-reelege-erineo-hennemann-e-apresenta-numeros-de-2025\/","name":"Assembleia da Fecoergs reelege Erineo Hennemann e apresenta n\u00fameros de 2025 - Folha Popular","isPartOf":{"@id":"https:\/\/folhapopular.info\/#website"},"primaryImageOfPage":{"@id":"https:\/\/folhapopular.info\/index.php\/2026\/04\/30\/assembleia-da-fecoergs-reelege-erineo-hennemann-e-apresenta-numeros-de-2025\/#primaryimage"},"image":{"@id":"https:\/\/folhapopular.info\/index.php\/2026\/04\/30\/assembleia-da-fecoergs-reelege-erineo-hennemann-e-apresenta-numeros-de-2025\/#primaryimage"},"thumbnailUrl":"https:\/\/folhapopular.info\/wp-content\/uploads\/2026\/04\/Assembleia-confirmou-a-relevancia-das-Cooperativas-de-infraestrutura.jpeg","datePublished":"2026-04-30T15:00:00+00:00","author":{"@id":"https:\/\/folhapopular.info\/#\/schema\/person\/2814e8a0df7643585a9ca38bc6eb9d4b"},"breadcrumb":{"@id":"https:\/\/folhapopular.info\/index.php\/2026\/04\/30\/assembleia-da-fecoergs-reelege-erineo-hennemann-e-apresenta-numeros-de-2025\/#breadcrumb"},"inLanguage":"pt-BR","potentialAction":[{"@type":"ReadAction","target":["https:\/\/folhapopular.info\/index.php\/2026\/04\/30\/assembleia-da-fecoergs-reelege-erineo-hennemann-e-apresenta-numeros-de-2025\/"]}]},{"@type":"ImageObject","inLanguage":"pt-BR","@id":"https:\/\/folhapopular.info\/index.php\/2026\/04\/30\/assembleia-da-fecoergs-reelege-erineo-hennemann-e-apresenta-numeros-de-2025\/#primaryimage","url":"https:\/\/folhapopular.info\/wp-content\/uploads\/2026\/04\/Assembleia-confirmou-a-relevancia-das-Cooperativas-de-infraestrutura.jpeg","contentUrl":"https:\/\/folhapopular.info\/wp-content\/uploads\/2026\/04\/Assembleia-confirmou-a-relevancia-das-Cooperativas-de-infraestrutura.jpeg","width":1600,"height":1200,"caption":"Cr\u00e9dito: Divulga\u00e7\u00e3o"},{"@type":"BreadcrumbList","@id":"https:\/\/folhapopular.info\/index.php\/2026\/04\/30\/assembleia-da-fecoergs-reelege-erineo-hennemann-e-apresenta-numeros-de-2025\/#breadcrumb","itemListElement":[{"@type":"ListItem","position":1,"name":"In\u00edcio","item":"https:\/\/folhapopular.info\/"},{"@type":"ListItem","position":2,"name":"Assembleia da Fecoergs reelege Erineo Hennemann e apresenta n\u00fameros de 2025"}]},{"@type":"WebSite","@id":"https:\/\/folhapopular.info\/#website","url":"https:\/\/folhapopular.info\/","name":"Folha Popular","description":"Onde voc\u00ea tem vez e voz","potentialAction":[{"@type":"SearchAction","target":{"@type":"EntryPoint","urlTemplate":"https:\/\/folhapopular.info\/?s={search_term_string}"},"query-input":{"@type":"PropertyValueSpecification","valueRequired":true,"valueName":"search_term_string"}}],"inLanguage":"pt-BR"},{"@type":"Person","@id":"https:\/\/folhapopular.info\/#\/schema\/person\/2814e8a0df7643585a9ca38bc6eb9d4b","name":"Reda\u00e7\u00e3o Folha Popular","image":{"@type":"ImageObject","inLanguage":"pt-BR","@id":"https:\/\/folhapopular.info\/wp-content\/uploads\/2026\/04\/Folha-1.webp","url":"https:\/\/folhapopular.info\/wp-content\/uploads\/2026\/04\/Folha-1.webp","contentUrl":"https:\/\/folhapopular.info\/wp-content\/uploads\/2026\/04\/Folha-1.webp","caption":"Reda\u00e7\u00e3o Folha Popular"},"url":"https:\/\/folhapopular.info\/index.php\/author\/redacao\/"}]}},"jetpack_featured_media_url":"https:\/\/folhapopular.info\/wp-content\/uploads\/2026\/04\/Assembleia-confirmou-a-relevancia-das-Cooperativas-de-infraestrutura.jpeg","jetpack_sharing_enabled":true,"amp_enabled":true,"_links":{"self":[{"href":"https:\/\/folhapopular.info\/index.php\/wp-json\/wp\/v2\/posts\/211910","targetHints":{"allow":["GET"]}}],"collection":[{"href":"https:\/\/folhapopular.info\/index.php\/wp-json\/wp\/v2\/posts"}],"about":[{"href":"https:\/\/folhapopular.info\/index.php\/wp-json\/wp\/v2\/types\/post"}],"author":[{"embeddable":true,"href":"https:\/\/folhapopular.info\/index.php\/wp-json\/wp\/v2\/users\/8"}],"replies":[{"embeddable":true,"href":"https:\/\/folhapopular.info\/index.php\/wp-json\/wp\/v2\/comments?post=211910"}],"version-history":[{"count":1,"href":"https:\/\/folhapopular.info\/index.php\/wp-json\/wp\/v2\/posts\/211910\/revisions"}],"predecessor-version":[{"id":211917,"href":"https:\/\/folhapopular.info\/index.php\/wp-json\/wp\/v2\/posts\/211910\/revisions\/211917"}],"wp:featuredmedia":[{"embeddable":true,"href":"https:\/\/folhapopular.info\/index.php\/wp-json\/wp\/v2\/media\/211914"}],"wp:attachment":[{"href":"https:\/\/folhapopular.info\/index.php\/wp-json\/wp\/v2\/media?parent=211910"}],"wp:term":[{"taxonomy":"category","embeddable":true,"href":"https:\/\/folhapopular.info\/index.php\/wp-json\/wp\/v2\/categories?post=211910"},{"taxonomy":"post_tag","embeddable":true,"href":"https:\/\/folhapopular.info\/index.php\/wp-json\/wp\/v2\/tags?post=211910"}],"curies":[{"name":"wp","href":"https:\/\/api.w.org\/{rel}","templated":true}]}}