{"id":211919,"date":"2026-04-30T11:21:16","date_gmt":"2026-04-30T14:21:16","guid":{"rendered":"https:\/\/folhapopular.info\/?p=211919"},"modified":"2026-04-30T11:21:23","modified_gmt":"2026-04-30T14:21:23","slug":"quiero-cafe-e-languiru-aparecem-na-pesquisa-top-of-mind","status":"publish","type":"post","link":"https:\/\/folhapopular.info\/index.php\/2026\/04\/30\/quiero-cafe-e-languiru-aparecem-na-pesquisa-top-of-mind\/","title":{"rendered":"Quiero Caf\u00e9 e Languiru aparecem na pesquisa Top Of Mind"},"content":{"rendered":"\n<p>A presen\u00e7a de empresas do Vale do Taquari na pesquisa Top Of Mind refor\u00e7a o posicionamento regional de marcas que conquistaram espa\u00e7o na mem\u00f3ria dos consumidores ga\u00fachos. No levantamento divulgado na noite de ter\u00e7a-feira (28\/04), nomes como <a href=\"https:\/\/folhapopular.info\/index.php\/2026\/04\/09\/quiero-cafe-amplia-estrutura-e-reforca-operacao-pioneira\/\">Quiero Caf\u00e9<\/a>, Languiru, Fruki, Neugebauer e outras companhias da regi\u00e3o aparecem entre as mais lembradas em diferentes segmentos.<\/p>\n\n\n\n<p>A pesquisa Top Of Mind \u00e9 um estudo de lembran\u00e7a espont\u00e2nea de marcas, baseado em uma pergunta simples: qual \u00e9 a primeira marca que vem \u00e0 cabe\u00e7a quando o consumidor pensa em determinada categoria. O m\u00e9todo n\u00e3o mede prefer\u00eancia ou consumo direto, mas sim a for\u00e7a de presen\u00e7a da marca na mente do p\u00fablico, sendo considerada uma das principais refer\u00eancias do mercado.<\/p>\n\n\n\n<p>Entre os destaques do Vale do Taquari, a Fruki foi a empresa mais lembrada da regi\u00e3o, aparecendo em quatro categorias. Na \u00c1gua Mineral, conquistou o primeiro lugar com a \u00c1gua da Pedra, em Refrigerantes ficou no top 2 e em Energ\u00e9ticos alcan\u00e7ou a terceira posi\u00e7\u00e3o com o Elev Energy Drink. Al\u00e9m disso, a Fruki Bebidas figura entre as dez grandes marcas mais lembradas do Rio Grande do Sul.<\/p>\n\n\n\n<p>A Neugebauer tamb\u00e9m aparece com relev\u00e2ncia no levantamento, figurando em duas categorias. A marca lidera em Doce de Leite, com o Mu-Mu, e ocupa a terceira coloca\u00e7\u00e3o em Chocolate. No segmento de Rede Atacadista, o Desco, pertencente ao Grupo Imec, de Lajeado, aparece na quinta posi\u00e7\u00e3o. Na categoria Erva-Mate, a Ervateira Ximango, de Il\u00f3polis, ocupa o terceiro lugar, enquanto a Nutrimate, de Arvorezinha, aparece em quinto.<\/p>\n\n\n\n<p>O levantamento tamb\u00e9m inclui institui\u00e7\u00f5es e destinos. O Tecnovates, parque tecnol\u00f3gico da Univates, aparece em quarto lugar na sua categoria. J\u00e1 o munic\u00edpio de Encantado surge entre os destinos tur\u00edsticos mais lembrados do Estado, ocupando a quinta posi\u00e7\u00e3o.<\/p>\n\n\n\n<p><strong>Teut\u00f4nia no ranking<\/strong><\/p>\n\n\n\n<p>Na \u00e1rea de l\u00e1cteos, a Languiru, de Teut\u00f4nia, figura na sexta coloca\u00e7\u00e3o em Queijos, e a D\u00e1lia, de Encantado, ocupa o quarto lugar na categoria Leite. No segmento de cafeterias, a Quiero Caf\u00e9, tamb\u00e9m com origem em Teut\u00f4nia, aparece na quinta posi\u00e7\u00e3o entre as mais lembradas pelos consumidores.<\/p>\n\n\n\n<p>Realizada h\u00e1 mais de tr\u00eas d\u00e9cadas no Rio Grande do Sul, a pesquisa Top Of Mind \u00e9 considerada um dos principais indicadores de for\u00e7a de marca, justamente por captar respostas espont\u00e2neas da popula\u00e7\u00e3o, sem indu\u00e7\u00e3o. A metodologia envolve entrevistas com diferentes perfis de consumidores, refletindo a percep\u00e7\u00e3o geral da sociedade sobre empresas, produtos e servi\u00e7os.<\/p>\n\n\n\n<p><\/p>\n","protected":false},"excerpt":{"rendered":"<p>A presen\u00e7a de empresas do Vale do Taquari na pesquisa Top Of Mind refor\u00e7a o posicionamento regional de marcas que conquistaram espa\u00e7o na mem\u00f3ria dos consumidores ga\u00fachos. No levantamento divulgado na noite de ter\u00e7a-feira (28\/04), nomes como Quiero Caf\u00e9, Languiru, Fruki, Neugebauer e outras companhias da regi\u00e3o aparecem entre as mais lembradas em diferentes segmentos. [&hellip;]<\/p>\n","protected":false},"author":8,"featured_media":211920,"comment_status":"open","ping_status":"open","sticky":false,"template":"","format":"standard","meta":{"pmpro_default_level":"","_jetpack_memberships_contains_paid_content":false,"footnotes":""},"categories":[2,10991,12473],"tags":[5518,126,21127,1375,406,21129,14827,21128,1201,21126],"class_list":{"0":"post-211919","1":"post","2":"type-post","3":"status-publish","4":"format-standard","5":"has-post-thumbnail","7":"category-featured","8":"category-economia","9":"category-negocios","10":"tag-agua-da-pedra","11":"tag-dalia","12":"tag-desco","13":"tag-fruki","14":"tag-languiru","15":"tag-mu-mu","16":"tag-neugebauer","17":"tag-nutrimate","18":"tag-tecnovates","19":"tag-ximango","20":"pmpro-has-access"},"yoast_head":"<!-- This site is optimized with the Yoast SEO plugin v27.5 - https:\/\/yoast.com\/product\/yoast-seo-wordpress\/ -->\n<title>Quiero Caf\u00e9 e Languiru aparecem na pesquisa Top Of Mind - Folha Popular<\/title>\n<meta name=\"description\" content=\"Quiero Caf\u00e9 e Languiru aparecem na pesquisa Top Of Mind\" \/>\n<meta name=\"robots\" content=\"index, follow, max-snippet:-1, max-image-preview:large, max-video-preview:-1\" \/>\n<link rel=\"canonical\" href=\"https:\/\/folhapopular.info\/index.php\/2026\/04\/30\/quiero-cafe-e-languiru-aparecem-na-pesquisa-top-of-mind\/\" \/>\n<meta property=\"og:locale\" content=\"pt_BR\" \/>\n<meta property=\"og:type\" content=\"article\" \/>\n<meta property=\"og:title\" content=\"Quiero Caf\u00e9 e Languiru aparecem na pesquisa Top Of Mind - Folha Popular\" \/>\n<meta property=\"og:description\" content=\"Quiero Caf\u00e9 e Languiru aparecem na pesquisa Top Of Mind\" \/>\n<meta property=\"og:url\" content=\"https:\/\/folhapopular.info\/index.php\/2026\/04\/30\/quiero-cafe-e-languiru-aparecem-na-pesquisa-top-of-mind\/\" \/>\n<meta property=\"og:site_name\" content=\"Folha Popular\" \/>\n<meta property=\"article:published_time\" content=\"2026-04-30T14:21:16+00:00\" \/>\n<meta property=\"article:modified_time\" content=\"2026-04-30T14:21:23+00:00\" \/>\n<meta property=\"og:image\" content=\"https:\/\/folhapopular.info\/wp-content\/uploads\/2026\/04\/Gerente-de-Marketing-da-Fruki-Bebidas_-Maria-Eduarda-Gigena-_D_-representou-a-empresa-no-Top-of-Mind-1.jpg\" \/>\n\t<meta property=\"og:image:width\" content=\"1\" \/>\n\t<meta property=\"og:image:height\" content=\"1\" \/>\n\t<meta property=\"og:image:type\" content=\"image\/jpeg\" \/>\n<meta name=\"author\" content=\"Reda\u00e7\u00e3o Folha Popular\" \/>\n<meta name=\"twitter:card\" content=\"summary_large_image\" \/>\n<meta name=\"twitter:label1\" content=\"Escrito por\" \/>\n\t<meta name=\"twitter:data1\" content=\"Reda\u00e7\u00e3o Folha Popular\" \/>\n\t<meta name=\"twitter:label2\" content=\"Est. tempo de leitura\" \/>\n\t<meta name=\"twitter:data2\" content=\"3 minutos\" \/>\n<script type=\"application\/ld+json\" class=\"yoast-schema-graph\">{\"@context\":\"https:\\\/\\\/schema.org\",\"@graph\":[{\"@type\":\"Article\",\"@id\":\"https:\\\/\\\/folhapopular.info\\\/index.php\\\/2026\\\/04\\\/30\\\/quiero-cafe-e-languiru-aparecem-na-pesquisa-top-of-mind\\\/#article\",\"isPartOf\":{\"@id\":\"https:\\\/\\\/folhapopular.info\\\/index.php\\\/2026\\\/04\\\/30\\\/quiero-cafe-e-languiru-aparecem-na-pesquisa-top-of-mind\\\/\"},\"author\":{\"name\":\"Reda\u00e7\u00e3o Folha Popular\",\"@id\":\"https:\\\/\\\/folhapopular.info\\\/#\\\/schema\\\/person\\\/2814e8a0df7643585a9ca38bc6eb9d4b\"},\"headline\":\"Quiero Caf\u00e9 e Languiru aparecem na pesquisa Top Of Mind\",\"datePublished\":\"2026-04-30T14:21:16+00:00\",\"dateModified\":\"2026-04-30T14:21:23+00:00\",\"mainEntityOfPage\":{\"@id\":\"https:\\\/\\\/folhapopular.info\\\/index.php\\\/2026\\\/04\\\/30\\\/quiero-cafe-e-languiru-aparecem-na-pesquisa-top-of-mind\\\/\"},\"wordCount\":448,\"commentCount\":0,\"image\":{\"@id\":\"https:\\\/\\\/folhapopular.info\\\/index.php\\\/2026\\\/04\\\/30\\\/quiero-cafe-e-languiru-aparecem-na-pesquisa-top-of-mind\\\/#primaryimage\"},\"thumbnailUrl\":\"https:\\\/\\\/folhapopular.info\\\/wp-content\\\/uploads\\\/2026\\\/04\\\/Gerente-de-Marketing-da-Fruki-Bebidas_-Maria-Eduarda-Gigena-_D_-representou-a-empresa-no-Top-of-Mind-1.jpg\",\"keywords\":[\"\u00c1gua da Pedra\",\"D\u00e1lia\",\"Desco\",\"Fruki\",\"Languiru\",\"Mu-Mu\",\"Neugebauer\",\"Nutrimate\",\"Tecnovates\",\"Ximango\"],\"articleSection\":[\"Destaques\",\"Economia\",\"Neg\u00f3cios\"],\"inLanguage\":\"pt-BR\",\"potentialAction\":[{\"@type\":\"CommentAction\",\"name\":\"Comment\",\"target\":[\"https:\\\/\\\/folhapopular.info\\\/index.php\\\/2026\\\/04\\\/30\\\/quiero-cafe-e-languiru-aparecem-na-pesquisa-top-of-mind\\\/#respond\"]}]},{\"@type\":\"WebPage\",\"@id\":\"https:\\\/\\\/folhapopular.info\\\/index.php\\\/2026\\\/04\\\/30\\\/quiero-cafe-e-languiru-aparecem-na-pesquisa-top-of-mind\\\/\",\"url\":\"https:\\\/\\\/folhapopular.info\\\/index.php\\\/2026\\\/04\\\/30\\\/quiero-cafe-e-languiru-aparecem-na-pesquisa-top-of-mind\\\/\",\"name\":\"Quiero Caf\u00e9 e Languiru aparecem na pesquisa Top Of Mind - Folha Popular\",\"isPartOf\":{\"@id\":\"https:\\\/\\\/folhapopular.info\\\/#website\"},\"primaryImageOfPage\":{\"@id\":\"https:\\\/\\\/folhapopular.info\\\/index.php\\\/2026\\\/04\\\/30\\\/quiero-cafe-e-languiru-aparecem-na-pesquisa-top-of-mind\\\/#primaryimage\"},\"image\":{\"@id\":\"https:\\\/\\\/folhapopular.info\\\/index.php\\\/2026\\\/04\\\/30\\\/quiero-cafe-e-languiru-aparecem-na-pesquisa-top-of-mind\\\/#primaryimage\"},\"thumbnailUrl\":\"https:\\\/\\\/folhapopular.info\\\/wp-content\\\/uploads\\\/2026\\\/04\\\/Gerente-de-Marketing-da-Fruki-Bebidas_-Maria-Eduarda-Gigena-_D_-representou-a-empresa-no-Top-of-Mind-1.jpg\",\"datePublished\":\"2026-04-30T14:21:16+00:00\",\"dateModified\":\"2026-04-30T14:21:23+00:00\",\"author\":{\"@id\":\"https:\\\/\\\/folhapopular.info\\\/#\\\/schema\\\/person\\\/2814e8a0df7643585a9ca38bc6eb9d4b\"},\"description\":\"Quiero Caf\u00e9 e Languiru aparecem na pesquisa Top Of Mind\",\"breadcrumb\":{\"@id\":\"https:\\\/\\\/folhapopular.info\\\/index.php\\\/2026\\\/04\\\/30\\\/quiero-cafe-e-languiru-aparecem-na-pesquisa-top-of-mind\\\/#breadcrumb\"},\"inLanguage\":\"pt-BR\",\"potentialAction\":[{\"@type\":\"ReadAction\",\"target\":[\"https:\\\/\\\/folhapopular.info\\\/index.php\\\/2026\\\/04\\\/30\\\/quiero-cafe-e-languiru-aparecem-na-pesquisa-top-of-mind\\\/\"]}]},{\"@type\":\"ImageObject\",\"inLanguage\":\"pt-BR\",\"@id\":\"https:\\\/\\\/folhapopular.info\\\/index.php\\\/2026\\\/04\\\/30\\\/quiero-cafe-e-languiru-aparecem-na-pesquisa-top-of-mind\\\/#primaryimage\",\"url\":\"https:\\\/\\\/folhapopular.info\\\/wp-content\\\/uploads\\\/2026\\\/04\\\/Gerente-de-Marketing-da-Fruki-Bebidas_-Maria-Eduarda-Gigena-_D_-representou-a-empresa-no-Top-of-Mind-1.jpg\",\"contentUrl\":\"https:\\\/\\\/folhapopular.info\\\/wp-content\\\/uploads\\\/2026\\\/04\\\/Gerente-de-Marketing-da-Fruki-Bebidas_-Maria-Eduarda-Gigena-_D_-representou-a-empresa-no-Top-of-Mind-1.jpg\",\"caption\":\"Fruki conquistou quatro men\u00e7\u00f5es, incluindo 1\u00ba lugar na categoria \u00c1gua Mineral.\"},{\"@type\":\"BreadcrumbList\",\"@id\":\"https:\\\/\\\/folhapopular.info\\\/index.php\\\/2026\\\/04\\\/30\\\/quiero-cafe-e-languiru-aparecem-na-pesquisa-top-of-mind\\\/#breadcrumb\",\"itemListElement\":[{\"@type\":\"ListItem\",\"position\":1,\"name\":\"In\u00edcio\",\"item\":\"https:\\\/\\\/folhapopular.info\\\/\"},{\"@type\":\"ListItem\",\"position\":2,\"name\":\"Quiero Caf\u00e9 e Languiru aparecem na pesquisa Top Of Mind\"}]},{\"@type\":\"WebSite\",\"@id\":\"https:\\\/\\\/folhapopular.info\\\/#website\",\"url\":\"https:\\\/\\\/folhapopular.info\\\/\",\"name\":\"Folha Popular\",\"description\":\"Onde voc\u00ea tem vez e voz\",\"potentialAction\":[{\"@type\":\"SearchAction\",\"target\":{\"@type\":\"EntryPoint\",\"urlTemplate\":\"https:\\\/\\\/folhapopular.info\\\/?s={search_term_string}\"},\"query-input\":{\"@type\":\"PropertyValueSpecification\",\"valueRequired\":true,\"valueName\":\"search_term_string\"}}],\"inLanguage\":\"pt-BR\"},{\"@type\":\"Person\",\"@id\":\"https:\\\/\\\/folhapopular.info\\\/#\\\/schema\\\/person\\\/2814e8a0df7643585a9ca38bc6eb9d4b\",\"name\":\"Reda\u00e7\u00e3o Folha Popular\",\"image\":{\"@type\":\"ImageObject\",\"inLanguage\":\"pt-BR\",\"@id\":\"https:\\\/\\\/folhapopular.info\\\/wp-content\\\/uploads\\\/2026\\\/04\\\/Folha-1.webp\",\"url\":\"https:\\\/\\\/folhapopular.info\\\/wp-content\\\/uploads\\\/2026\\\/04\\\/Folha-1.webp\",\"contentUrl\":\"https:\\\/\\\/folhapopular.info\\\/wp-content\\\/uploads\\\/2026\\\/04\\\/Folha-1.webp\",\"caption\":\"Reda\u00e7\u00e3o Folha Popular\"},\"url\":\"https:\\\/\\\/folhapopular.info\\\/index.php\\\/author\\\/redacao\\\/\"}]}<\/script>\n<!-- \/ Yoast SEO plugin. -->","yoast_head_json":{"title":"Quiero Caf\u00e9 e Languiru aparecem na pesquisa Top Of Mind - Folha Popular","description":"Quiero Caf\u00e9 e Languiru aparecem na pesquisa Top Of Mind","robots":{"index":"index","follow":"follow","max-snippet":"max-snippet:-1","max-image-preview":"max-image-preview:large","max-video-preview":"max-video-preview:-1"},"canonical":"https:\/\/folhapopular.info\/index.php\/2026\/04\/30\/quiero-cafe-e-languiru-aparecem-na-pesquisa-top-of-mind\/","og_locale":"pt_BR","og_type":"article","og_title":"Quiero Caf\u00e9 e Languiru aparecem na pesquisa Top Of Mind - Folha Popular","og_description":"Quiero Caf\u00e9 e Languiru aparecem na pesquisa Top Of Mind","og_url":"https:\/\/folhapopular.info\/index.php\/2026\/04\/30\/quiero-cafe-e-languiru-aparecem-na-pesquisa-top-of-mind\/","og_site_name":"Folha Popular","article_published_time":"2026-04-30T14:21:16+00:00","article_modified_time":"2026-04-30T14:21:23+00:00","og_image":[{"url":"https:\/\/folhapopular.info\/wp-content\/uploads\/2026\/04\/Gerente-de-Marketing-da-Fruki-Bebidas_-Maria-Eduarda-Gigena-_D_-representou-a-empresa-no-Top-of-Mind-1.jpg","width":1,"height":1,"type":"image\/jpeg"}],"author":"Reda\u00e7\u00e3o Folha Popular","twitter_card":"summary_large_image","twitter_misc":{"Escrito por":"Reda\u00e7\u00e3o Folha Popular","Est. tempo de leitura":"3 minutos"},"schema":{"@context":"https:\/\/schema.org","@graph":[{"@type":"Article","@id":"https:\/\/folhapopular.info\/index.php\/2026\/04\/30\/quiero-cafe-e-languiru-aparecem-na-pesquisa-top-of-mind\/#article","isPartOf":{"@id":"https:\/\/folhapopular.info\/index.php\/2026\/04\/30\/quiero-cafe-e-languiru-aparecem-na-pesquisa-top-of-mind\/"},"author":{"name":"Reda\u00e7\u00e3o Folha Popular","@id":"https:\/\/folhapopular.info\/#\/schema\/person\/2814e8a0df7643585a9ca38bc6eb9d4b"},"headline":"Quiero Caf\u00e9 e Languiru aparecem na pesquisa Top Of Mind","datePublished":"2026-04-30T14:21:16+00:00","dateModified":"2026-04-30T14:21:23+00:00","mainEntityOfPage":{"@id":"https:\/\/folhapopular.info\/index.php\/2026\/04\/30\/quiero-cafe-e-languiru-aparecem-na-pesquisa-top-of-mind\/"},"wordCount":448,"commentCount":0,"image":{"@id":"https:\/\/folhapopular.info\/index.php\/2026\/04\/30\/quiero-cafe-e-languiru-aparecem-na-pesquisa-top-of-mind\/#primaryimage"},"thumbnailUrl":"https:\/\/folhapopular.info\/wp-content\/uploads\/2026\/04\/Gerente-de-Marketing-da-Fruki-Bebidas_-Maria-Eduarda-Gigena-_D_-representou-a-empresa-no-Top-of-Mind-1.jpg","keywords":["\u00c1gua da Pedra","D\u00e1lia","Desco","Fruki","Languiru","Mu-Mu","Neugebauer","Nutrimate","Tecnovates","Ximango"],"articleSection":["Destaques","Economia","Neg\u00f3cios"],"inLanguage":"pt-BR","potentialAction":[{"@type":"CommentAction","name":"Comment","target":["https:\/\/folhapopular.info\/index.php\/2026\/04\/30\/quiero-cafe-e-languiru-aparecem-na-pesquisa-top-of-mind\/#respond"]}]},{"@type":"WebPage","@id":"https:\/\/folhapopular.info\/index.php\/2026\/04\/30\/quiero-cafe-e-languiru-aparecem-na-pesquisa-top-of-mind\/","url":"https:\/\/folhapopular.info\/index.php\/2026\/04\/30\/quiero-cafe-e-languiru-aparecem-na-pesquisa-top-of-mind\/","name":"Quiero Caf\u00e9 e Languiru aparecem na pesquisa Top Of Mind - Folha Popular","isPartOf":{"@id":"https:\/\/folhapopular.info\/#website"},"primaryImageOfPage":{"@id":"https:\/\/folhapopular.info\/index.php\/2026\/04\/30\/quiero-cafe-e-languiru-aparecem-na-pesquisa-top-of-mind\/#primaryimage"},"image":{"@id":"https:\/\/folhapopular.info\/index.php\/2026\/04\/30\/quiero-cafe-e-languiru-aparecem-na-pesquisa-top-of-mind\/#primaryimage"},"thumbnailUrl":"https:\/\/folhapopular.info\/wp-content\/uploads\/2026\/04\/Gerente-de-Marketing-da-Fruki-Bebidas_-Maria-Eduarda-Gigena-_D_-representou-a-empresa-no-Top-of-Mind-1.jpg","datePublished":"2026-04-30T14:21:16+00:00","dateModified":"2026-04-30T14:21:23+00:00","author":{"@id":"https:\/\/folhapopular.info\/#\/schema\/person\/2814e8a0df7643585a9ca38bc6eb9d4b"},"description":"Quiero Caf\u00e9 e Languiru aparecem na pesquisa Top Of Mind","breadcrumb":{"@id":"https:\/\/folhapopular.info\/index.php\/2026\/04\/30\/quiero-cafe-e-languiru-aparecem-na-pesquisa-top-of-mind\/#breadcrumb"},"inLanguage":"pt-BR","potentialAction":[{"@type":"ReadAction","target":["https:\/\/folhapopular.info\/index.php\/2026\/04\/30\/quiero-cafe-e-languiru-aparecem-na-pesquisa-top-of-mind\/"]}]},{"@type":"ImageObject","inLanguage":"pt-BR","@id":"https:\/\/folhapopular.info\/index.php\/2026\/04\/30\/quiero-cafe-e-languiru-aparecem-na-pesquisa-top-of-mind\/#primaryimage","url":"https:\/\/folhapopular.info\/wp-content\/uploads\/2026\/04\/Gerente-de-Marketing-da-Fruki-Bebidas_-Maria-Eduarda-Gigena-_D_-representou-a-empresa-no-Top-of-Mind-1.jpg","contentUrl":"https:\/\/folhapopular.info\/wp-content\/uploads\/2026\/04\/Gerente-de-Marketing-da-Fruki-Bebidas_-Maria-Eduarda-Gigena-_D_-representou-a-empresa-no-Top-of-Mind-1.jpg","caption":"Fruki conquistou quatro men\u00e7\u00f5es, incluindo 1\u00ba lugar na categoria \u00c1gua Mineral."},{"@type":"BreadcrumbList","@id":"https:\/\/folhapopular.info\/index.php\/2026\/04\/30\/quiero-cafe-e-languiru-aparecem-na-pesquisa-top-of-mind\/#breadcrumb","itemListElement":[{"@type":"ListItem","position":1,"name":"In\u00edcio","item":"https:\/\/folhapopular.info\/"},{"@type":"ListItem","position":2,"name":"Quiero Caf\u00e9 e Languiru aparecem na pesquisa Top Of Mind"}]},{"@type":"WebSite","@id":"https:\/\/folhapopular.info\/#website","url":"https:\/\/folhapopular.info\/","name":"Folha Popular","description":"Onde voc\u00ea tem vez e voz","potentialAction":[{"@type":"SearchAction","target":{"@type":"EntryPoint","urlTemplate":"https:\/\/folhapopular.info\/?s={search_term_string}"},"query-input":{"@type":"PropertyValueSpecification","valueRequired":true,"valueName":"search_term_string"}}],"inLanguage":"pt-BR"},{"@type":"Person","@id":"https:\/\/folhapopular.info\/#\/schema\/person\/2814e8a0df7643585a9ca38bc6eb9d4b","name":"Reda\u00e7\u00e3o Folha Popular","image":{"@type":"ImageObject","inLanguage":"pt-BR","@id":"https:\/\/folhapopular.info\/wp-content\/uploads\/2026\/04\/Folha-1.webp","url":"https:\/\/folhapopular.info\/wp-content\/uploads\/2026\/04\/Folha-1.webp","contentUrl":"https:\/\/folhapopular.info\/wp-content\/uploads\/2026\/04\/Folha-1.webp","caption":"Reda\u00e7\u00e3o Folha Popular"},"url":"https:\/\/folhapopular.info\/index.php\/author\/redacao\/"}]}},"jetpack_featured_media_url":"https:\/\/folhapopular.info\/wp-content\/uploads\/2026\/04\/Gerente-de-Marketing-da-Fruki-Bebidas_-Maria-Eduarda-Gigena-_D_-representou-a-empresa-no-Top-of-Mind-1.jpg","jetpack_sharing_enabled":true,"amp_enabled":true,"_links":{"self":[{"href":"https:\/\/folhapopular.info\/index.php\/wp-json\/wp\/v2\/posts\/211919","targetHints":{"allow":["GET"]}}],"collection":[{"href":"https:\/\/folhapopular.info\/index.php\/wp-json\/wp\/v2\/posts"}],"about":[{"href":"https:\/\/folhapopular.info\/index.php\/wp-json\/wp\/v2\/types\/post"}],"author":[{"embeddable":true,"href":"https:\/\/folhapopular.info\/index.php\/wp-json\/wp\/v2\/users\/8"}],"replies":[{"embeddable":true,"href":"https:\/\/folhapopular.info\/index.php\/wp-json\/wp\/v2\/comments?post=211919"}],"version-history":[{"count":1,"href":"https:\/\/folhapopular.info\/index.php\/wp-json\/wp\/v2\/posts\/211919\/revisions"}],"predecessor-version":[{"id":211921,"href":"https:\/\/folhapopular.info\/index.php\/wp-json\/wp\/v2\/posts\/211919\/revisions\/211921"}],"wp:featuredmedia":[{"embeddable":true,"href":"https:\/\/folhapopular.info\/index.php\/wp-json\/wp\/v2\/media\/211920"}],"wp:attachment":[{"href":"https:\/\/folhapopular.info\/index.php\/wp-json\/wp\/v2\/media?parent=211919"}],"wp:term":[{"taxonomy":"category","embeddable":true,"href":"https:\/\/folhapopular.info\/index.php\/wp-json\/wp\/v2\/categories?post=211919"},{"taxonomy":"post_tag","embeddable":true,"href":"https:\/\/folhapopular.info\/index.php\/wp-json\/wp\/v2\/tags?post=211919"}],"curies":[{"name":"wp","href":"https:\/\/api.w.org\/{rel}","templated":true}]}}