{"id":211947,"date":"2026-05-01T12:00:00","date_gmt":"2026-05-01T15:00:00","guid":{"rendered":"https:\/\/folhapopular.info\/?p=211947"},"modified":"2026-04-30T17:38:47","modified_gmt":"2026-04-30T20:38:47","slug":"1-de-maio-e-marcado-por-trabalhadores-que-movimentam-o-comercio-regional","status":"publish","type":"post","link":"https:\/\/folhapopular.info\/index.php\/2026\/05\/01\/1-de-maio-e-marcado-por-trabalhadores-que-movimentam-o-comercio-regional\/","title":{"rendered":"1\u00b0 de maio \u00e9 marcado por trabalhadores que movimentam o com\u00e9rcio regional"},"content":{"rendered":"\n<p>O dia 1\u00b0 de maio \u00e9 um dia marcante para trabalhadores, celebra as conquistas das manifesta\u00e7\u00f5es oper\u00e1rias realizadas nos Estados Unidos em 1886, quando trabalhadores reivindicavam melhores condi\u00e7\u00f5es e a redu\u00e7\u00e3o da jornada para oito horas di\u00e1rias. Os protestos em Chicago se tornaram s\u00edmbolo da luta trabalhista mundial e levaram \u00e0 cria\u00e7\u00e3o da data como homenagem internacional em 1889. No Brasil, o feriado foi oficializado em 1924 e fortalecido posteriormente com a cria\u00e7\u00e3o da CLT durante a Era Vargas.<\/p>\n\n\n\n<p>O feriado optativo representa todos os tipos de trabalhadores, sendo eles formais ou informais. A luta come\u00e7a todas as manh\u00e3s quando se inicia mais uma jornada de trabalho. Juliana Nunes da Rocha est\u00e1 entre os trabalhadores que iniciam o dia ainda durante a madrugada. Moradora de Trunfo, ela acorda \u00e0s 4 horas da manh\u00e3 e pega o \u00f4nibus por volta das 4h55 para conseguir chegar ao trabalho \u00e0s 6h15. Antes do in\u00edcio do expediente, \u00e0s 7 horas, ela aproveita o tempo para tomar caf\u00e9. Sua viagem de ida e volta, fica em torno de duas horas por dia.<\/p>\n\n\n\n<p>Mesmo com a rotina cansativa, Juliana afirma gostar do trabalho. Ela relata que soube da vaga por meio de uma vizinha que j\u00e1 atuava na empresa e decidiu aceitar o desafio h\u00e1 alguns meses. A cal\u00e7adista conta as dificuldades enfrentadas por quem depende do transporte coletivo, especialmente para resolver compromissos pessoais, como consultas m\u00e9dicas, j\u00e1 que muitas vezes \u00e9 necess\u00e1rio perder um dia inteiro de trabalho.<\/p>\n\n\n\n<figure class=\"wp-block-image size-large is-resized\"><img loading=\"lazy\" decoding=\"async\" width=\"1024\" height=\"768\" src=\"https:\/\/folhapopular.info\/wp-content\/uploads\/2026\/04\/WhatsApp-Image-2026-04-30-at-17.30.40-1024x768.jpeg\" alt=\"\" class=\"wp-image-211948\" style=\"width:918px;height:auto\" srcset=\"https:\/\/folhapopular.info\/wp-content\/uploads\/2026\/04\/WhatsApp-Image-2026-04-30-at-17.30.40-1024x768.jpeg 1024w, https:\/\/folhapopular.info\/wp-content\/uploads\/2026\/04\/WhatsApp-Image-2026-04-30-at-17.30.40-300x225.jpeg 300w, https:\/\/folhapopular.info\/wp-content\/uploads\/2026\/04\/WhatsApp-Image-2026-04-30-at-17.30.40-768x576.jpeg 768w, https:\/\/folhapopular.info\/wp-content\/uploads\/2026\/04\/WhatsApp-Image-2026-04-30-at-17.30.40-1536x1152.jpeg 1536w, https:\/\/folhapopular.info\/wp-content\/uploads\/2026\/04\/WhatsApp-Image-2026-04-30-at-17.30.40-560x420.jpeg 560w, https:\/\/folhapopular.info\/wp-content\/uploads\/2026\/04\/WhatsApp-Image-2026-04-30-at-17.30.40-80x60.jpeg 80w, https:\/\/folhapopular.info\/wp-content\/uploads\/2026\/04\/WhatsApp-Image-2026-04-30-at-17.30.40-696x522.jpeg 696w, https:\/\/folhapopular.info\/wp-content\/uploads\/2026\/04\/WhatsApp-Image-2026-04-30-at-17.30.40-1068x801.jpeg 1068w, https:\/\/folhapopular.info\/wp-content\/uploads\/2026\/04\/WhatsApp-Image-2026-04-30-at-17.30.40.jpeg 1600w\" sizes=\"auto, (max-width: 1024px) 100vw, 1024px\" \/><figcaption class=\"wp-element-caption\">Juliana Nunes da Rocha inicia a rotina de trabalho ainda durante a madrugada para chegar ao com\u00e9rcio no in\u00edcio da manh\u00e3 \/ Cr\u00e9dito: Gabriely Mallmann<\/figcaption><\/figure>\n\n\n\n<p>No supermercado Passarela, R\u00e9gis Gaicoa atua h\u00e1 quase dois anos como auxiliar de compras. Ele pega o \u00f4nibus \u00e0s 6h20 para chegar ao trabalho \u00e0s 7 horas. A jornada segue at\u00e9 o meio-dia, retornando \u00e0s 13h30 e encerrando \u00e0s 16h40.<\/p>\n\n\n\n<p>Ele afirma a necessidade de ter um emprego tem papel fundamental na renda familiar, principalmente porque atualmente a esposa est\u00e1 sem trabalho. Ele tamb\u00e9m destaca a import\u00e2ncia da educa\u00e7\u00e3o financeira e da inser\u00e7\u00e3o dos jovens no mercado de trabalho. \u201c\u00c9 importante saber administrar o dinheiro e entender a import\u00e2ncia do trabalho\u201d, afirma. Muito al\u00e9m de trabalho, faz parte de forma\u00e7\u00e3o de identidade, car\u00e1ter e forma de sociabilidade.  <\/p>\n\n\n\n<figure class=\"wp-block-image size-large is-resized\"><img loading=\"lazy\" decoding=\"async\" width=\"1024\" height=\"768\" src=\"https:\/\/folhapopular.info\/wp-content\/uploads\/2026\/04\/WhatsApp-Image-2026-04-30-at-17.30.39-1-1024x768.jpeg\" alt=\"\" class=\"wp-image-211949\" style=\"width:808px;height:auto\" srcset=\"https:\/\/folhapopular.info\/wp-content\/uploads\/2026\/04\/WhatsApp-Image-2026-04-30-at-17.30.39-1-1024x768.jpeg 1024w, https:\/\/folhapopular.info\/wp-content\/uploads\/2026\/04\/WhatsApp-Image-2026-04-30-at-17.30.39-1-300x225.jpeg 300w, https:\/\/folhapopular.info\/wp-content\/uploads\/2026\/04\/WhatsApp-Image-2026-04-30-at-17.30.39-1-768x576.jpeg 768w, https:\/\/folhapopular.info\/wp-content\/uploads\/2026\/04\/WhatsApp-Image-2026-04-30-at-17.30.39-1-1536x1152.jpeg 1536w, https:\/\/folhapopular.info\/wp-content\/uploads\/2026\/04\/WhatsApp-Image-2026-04-30-at-17.30.39-1-560x420.jpeg 560w, https:\/\/folhapopular.info\/wp-content\/uploads\/2026\/04\/WhatsApp-Image-2026-04-30-at-17.30.39-1-80x60.jpeg 80w, https:\/\/folhapopular.info\/wp-content\/uploads\/2026\/04\/WhatsApp-Image-2026-04-30-at-17.30.39-1-696x522.jpeg 696w, https:\/\/folhapopular.info\/wp-content\/uploads\/2026\/04\/WhatsApp-Image-2026-04-30-at-17.30.39-1-1068x801.jpeg 1068w, https:\/\/folhapopular.info\/wp-content\/uploads\/2026\/04\/WhatsApp-Image-2026-04-30-at-17.30.39-1.jpeg 1600w\" sizes=\"auto, (max-width: 1024px) 100vw, 1024px\" \/><figcaption class=\"wp-element-caption\">R\u00e9gis Gaicoa destaca a import\u00e2ncia do trabalho e da responsabilidade financeira na rotina di\u00e1ria do com\u00e9rcio \/ Cr\u00e9dito: Gabriely Mallmann<\/figcaption><\/figure>\n\n\n\n<p>Ap\u00f3s cinco anos afastada do mercado profissional, Roseli da Silva voltou a trabalhar no com\u00e9rcio e atualmente atua como caixa em uma farm\u00e1cia. H\u00e1 oito meses na fun\u00e7\u00e3o, Rose, como conhecida pelos colegas, conta que o retorno trouxe novos aprendizados e oportunidades. Moradora de Westf\u00e1lia, ela utiliza o transporte coletivo diariamente para chegar ao trabalho. Aos 53 anos, ela considera positiva a experi\u00eancia de retornar ao mercado em um novo segmento. \u201c\u00c9 muito bom trabalhar porque ocupa a cabe\u00e7a e a gente fica mais atualizada\u201d, comenta.<\/p>\n\n\n\n<figure class=\"wp-block-image size-large is-resized\"><img loading=\"lazy\" decoding=\"async\" width=\"1024\" height=\"768\" src=\"https:\/\/folhapopular.info\/wp-content\/uploads\/2026\/04\/WhatsApp-Image-2026-04-30-at-17.30.39-1024x768.jpeg\" alt=\"\" class=\"wp-image-211950\" style=\"width:717px;height:auto\" srcset=\"https:\/\/folhapopular.info\/wp-content\/uploads\/2026\/04\/WhatsApp-Image-2026-04-30-at-17.30.39-1024x768.jpeg 1024w, https:\/\/folhapopular.info\/wp-content\/uploads\/2026\/04\/WhatsApp-Image-2026-04-30-at-17.30.39-300x225.jpeg 300w, https:\/\/folhapopular.info\/wp-content\/uploads\/2026\/04\/WhatsApp-Image-2026-04-30-at-17.30.39-768x576.jpeg 768w, https:\/\/folhapopular.info\/wp-content\/uploads\/2026\/04\/WhatsApp-Image-2026-04-30-at-17.30.39-1536x1152.jpeg 1536w, https:\/\/folhapopular.info\/wp-content\/uploads\/2026\/04\/WhatsApp-Image-2026-04-30-at-17.30.39-560x420.jpeg 560w, https:\/\/folhapopular.info\/wp-content\/uploads\/2026\/04\/WhatsApp-Image-2026-04-30-at-17.30.39-80x60.jpeg 80w, https:\/\/folhapopular.info\/wp-content\/uploads\/2026\/04\/WhatsApp-Image-2026-04-30-at-17.30.39-696x522.jpeg 696w, https:\/\/folhapopular.info\/wp-content\/uploads\/2026\/04\/WhatsApp-Image-2026-04-30-at-17.30.39-1068x801.jpeg 1068w, https:\/\/folhapopular.info\/wp-content\/uploads\/2026\/04\/WhatsApp-Image-2026-04-30-at-17.30.39.jpeg 1600w\" sizes=\"auto, (max-width: 1024px) 100vw, 1024px\" \/><figcaption class=\"wp-element-caption\">Roseli da Silva retornou ao mercado de trabalho ap\u00f3s cinco anos e atualmente atua no com\u00e9rcio farmac\u00eautico em Teut\u00f4nia \/ Cr\u00e9dito: Gabriely Mallmann<\/figcaption><\/figure>\n\n\n\n<p>As trajet\u00f3rias de Juliana Nunes da Rocha, R\u00e9gis Gaicoa e Roseli da Silva refletem diferentes realidades presentes no mercado de trabalho da regi\u00e3o. Entre deslocamentos di\u00e1rios, adapta\u00e7\u00e3o a novas fun\u00e7\u00f5es e a busca por estabilidade financeira, os relatos mostram a rotina de trabalhadores que movimentam o com\u00e9rcio local e conciliam jornadas extensas com as responsabilidades pessoais e familiares.<\/p>\n\n\n\n<p><\/p>\n","protected":false},"excerpt":{"rendered":"<p>O dia 1\u00b0 de maio \u00e9 um dia marcante para trabalhadores, celebra as conquistas das manifesta\u00e7\u00f5es oper\u00e1rias realizadas nos Estados Unidos em 1886, quando trabalhadores reivindicavam melhores condi\u00e7\u00f5es e a redu\u00e7\u00e3o da jornada para oito horas di\u00e1rias. Os protestos em Chicago se tornaram s\u00edmbolo da luta trabalhista mundial e levaram \u00e0 cria\u00e7\u00e3o da data como [&hellip;]<\/p>\n","protected":false},"author":773,"featured_media":211951,"comment_status":"open","ping_status":"open","sticky":false,"template":"","format":"standard","meta":{"pmpro_default_level":"","_jetpack_memberships_contains_paid_content":false,"footnotes":""},"categories":[2,10991],"tags":[108,21132,14431,26],"class_list":{"0":"post-211947","1":"post","2":"type-post","3":"status-publish","4":"format-standard","5":"has-post-thumbnail","7":"category-featured","8":"category-economia","9":"tag-comercio","10":"tag-dia-dos-trabalhadores","11":"tag-setor-calcadista","12":"tag-teutonia","13":"pmpro-has-access"},"yoast_head":"<!-- This site is optimized with the Yoast SEO plugin v27.5 - https:\/\/yoast.com\/product\/yoast-seo-wordpress\/ -->\n<title>1\u00b0 de maio \u00e9 marcado por trabalhadores que movimentam o com\u00e9rcio regional - Folha Popular<\/title>\n<meta name=\"robots\" content=\"index, follow, max-snippet:-1, max-image-preview:large, max-video-preview:-1\" \/>\n<link rel=\"canonical\" href=\"https:\/\/folhapopular.info\/index.php\/2026\/05\/01\/1-de-maio-e-marcado-por-trabalhadores-que-movimentam-o-comercio-regional\/\" \/>\n<meta property=\"og:locale\" content=\"pt_BR\" \/>\n<meta property=\"og:type\" content=\"article\" \/>\n<meta property=\"og:title\" content=\"1\u00b0 de maio \u00e9 marcado por trabalhadores que movimentam o com\u00e9rcio regional - Folha Popular\" \/>\n<meta property=\"og:description\" content=\"O dia 1\u00b0 de maio \u00e9 um dia marcante para trabalhadores, celebra as conquistas das manifesta\u00e7\u00f5es oper\u00e1rias realizadas nos Estados Unidos em 1886, quando trabalhadores reivindicavam melhores condi\u00e7\u00f5es e a redu\u00e7\u00e3o da jornada para oito horas di\u00e1rias. Os protestos em Chicago se tornaram s\u00edmbolo da luta trabalhista mundial e levaram \u00e0 cria\u00e7\u00e3o da data como [&hellip;]\" \/>\n<meta property=\"og:url\" content=\"https:\/\/folhapopular.info\/index.php\/2026\/05\/01\/1-de-maio-e-marcado-por-trabalhadores-que-movimentam-o-comercio-regional\/\" \/>\n<meta property=\"og:site_name\" content=\"Folha Popular\" \/>\n<meta property=\"article:published_time\" content=\"2026-05-01T15:00:00+00:00\" \/>\n<meta property=\"og:image\" content=\"https:\/\/folhapopular.info\/wp-content\/uploads\/2026\/04\/Design-sem-nome-4-1024x576.png\" \/>\n\t<meta property=\"og:image:width\" content=\"1024\" \/>\n\t<meta property=\"og:image:height\" content=\"576\" \/>\n\t<meta property=\"og:image:type\" content=\"image\/png\" \/>\n<meta name=\"author\" content=\"Gabriely Hartmann Mallmann\" \/>\n<meta name=\"twitter:card\" content=\"summary_large_image\" \/>\n<meta name=\"twitter:label1\" content=\"Escrito por\" \/>\n\t<meta name=\"twitter:data1\" content=\"Gabriely Hartmann Mallmann\" \/>\n\t<meta name=\"twitter:label2\" content=\"Est. tempo de leitura\" \/>\n\t<meta name=\"twitter:data2\" content=\"4 minutos\" \/>\n<script type=\"application\/ld+json\" class=\"yoast-schema-graph\">{\"@context\":\"https:\\\/\\\/schema.org\",\"@graph\":[{\"@type\":\"Article\",\"@id\":\"https:\\\/\\\/folhapopular.info\\\/index.php\\\/2026\\\/05\\\/01\\\/1-de-maio-e-marcado-por-trabalhadores-que-movimentam-o-comercio-regional\\\/#article\",\"isPartOf\":{\"@id\":\"https:\\\/\\\/folhapopular.info\\\/index.php\\\/2026\\\/05\\\/01\\\/1-de-maio-e-marcado-por-trabalhadores-que-movimentam-o-comercio-regional\\\/\"},\"author\":{\"name\":\"Gabriely Hartmann Mallmann\",\"@id\":\"https:\\\/\\\/folhapopular.info\\\/#\\\/schema\\\/person\\\/41b3bb1ecf6e33e81cbab2c29b178754\"},\"headline\":\"1\u00b0 de maio \u00e9 marcado por trabalhadores que movimentam o com\u00e9rcio regional\",\"datePublished\":\"2026-05-01T15:00:00+00:00\",\"mainEntityOfPage\":{\"@id\":\"https:\\\/\\\/folhapopular.info\\\/index.php\\\/2026\\\/05\\\/01\\\/1-de-maio-e-marcado-por-trabalhadores-que-movimentam-o-comercio-regional\\\/\"},\"wordCount\":607,\"commentCount\":0,\"image\":{\"@id\":\"https:\\\/\\\/folhapopular.info\\\/index.php\\\/2026\\\/05\\\/01\\\/1-de-maio-e-marcado-por-trabalhadores-que-movimentam-o-comercio-regional\\\/#primaryimage\"},\"thumbnailUrl\":\"https:\\\/\\\/folhapopular.info\\\/wp-content\\\/uploads\\\/2026\\\/04\\\/Design-sem-nome-4.png\",\"keywords\":[\"Com\u00e9rcio\",\"Dia dos trabalhadores\",\"Setor cal\u00e7adista\",\"Teut\u00f4nia\"],\"articleSection\":[\"Destaques\",\"Economia\"],\"inLanguage\":\"pt-BR\",\"potentialAction\":[{\"@type\":\"CommentAction\",\"name\":\"Comment\",\"target\":[\"https:\\\/\\\/folhapopular.info\\\/index.php\\\/2026\\\/05\\\/01\\\/1-de-maio-e-marcado-por-trabalhadores-que-movimentam-o-comercio-regional\\\/#respond\"]}]},{\"@type\":\"WebPage\",\"@id\":\"https:\\\/\\\/folhapopular.info\\\/index.php\\\/2026\\\/05\\\/01\\\/1-de-maio-e-marcado-por-trabalhadores-que-movimentam-o-comercio-regional\\\/\",\"url\":\"https:\\\/\\\/folhapopular.info\\\/index.php\\\/2026\\\/05\\\/01\\\/1-de-maio-e-marcado-por-trabalhadores-que-movimentam-o-comercio-regional\\\/\",\"name\":\"1\u00b0 de maio \u00e9 marcado por trabalhadores que movimentam o com\u00e9rcio regional - Folha Popular\",\"isPartOf\":{\"@id\":\"https:\\\/\\\/folhapopular.info\\\/#website\"},\"primaryImageOfPage\":{\"@id\":\"https:\\\/\\\/folhapopular.info\\\/index.php\\\/2026\\\/05\\\/01\\\/1-de-maio-e-marcado-por-trabalhadores-que-movimentam-o-comercio-regional\\\/#primaryimage\"},\"image\":{\"@id\":\"https:\\\/\\\/folhapopular.info\\\/index.php\\\/2026\\\/05\\\/01\\\/1-de-maio-e-marcado-por-trabalhadores-que-movimentam-o-comercio-regional\\\/#primaryimage\"},\"thumbnailUrl\":\"https:\\\/\\\/folhapopular.info\\\/wp-content\\\/uploads\\\/2026\\\/04\\\/Design-sem-nome-4.png\",\"datePublished\":\"2026-05-01T15:00:00+00:00\",\"author\":{\"@id\":\"https:\\\/\\\/folhapopular.info\\\/#\\\/schema\\\/person\\\/41b3bb1ecf6e33e81cbab2c29b178754\"},\"breadcrumb\":{\"@id\":\"https:\\\/\\\/folhapopular.info\\\/index.php\\\/2026\\\/05\\\/01\\\/1-de-maio-e-marcado-por-trabalhadores-que-movimentam-o-comercio-regional\\\/#breadcrumb\"},\"inLanguage\":\"pt-BR\",\"potentialAction\":[{\"@type\":\"ReadAction\",\"target\":[\"https:\\\/\\\/folhapopular.info\\\/index.php\\\/2026\\\/05\\\/01\\\/1-de-maio-e-marcado-por-trabalhadores-que-movimentam-o-comercio-regional\\\/\"]}]},{\"@type\":\"ImageObject\",\"inLanguage\":\"pt-BR\",\"@id\":\"https:\\\/\\\/folhapopular.info\\\/index.php\\\/2026\\\/05\\\/01\\\/1-de-maio-e-marcado-por-trabalhadores-que-movimentam-o-comercio-regional\\\/#primaryimage\",\"url\":\"https:\\\/\\\/folhapopular.info\\\/wp-content\\\/uploads\\\/2026\\\/04\\\/Design-sem-nome-4.png\",\"contentUrl\":\"https:\\\/\\\/folhapopular.info\\\/wp-content\\\/uploads\\\/2026\\\/04\\\/Design-sem-nome-4.png\",\"width\":1920,\"height\":1080,\"caption\":\"Cr\u00e9dito: Gabriely Mallmann\"},{\"@type\":\"BreadcrumbList\",\"@id\":\"https:\\\/\\\/folhapopular.info\\\/index.php\\\/2026\\\/05\\\/01\\\/1-de-maio-e-marcado-por-trabalhadores-que-movimentam-o-comercio-regional\\\/#breadcrumb\",\"itemListElement\":[{\"@type\":\"ListItem\",\"position\":1,\"name\":\"In\u00edcio\",\"item\":\"https:\\\/\\\/folhapopular.info\\\/\"},{\"@type\":\"ListItem\",\"position\":2,\"name\":\"1\u00b0 de maio \u00e9 marcado por trabalhadores que movimentam o com\u00e9rcio regional\"}]},{\"@type\":\"WebSite\",\"@id\":\"https:\\\/\\\/folhapopular.info\\\/#website\",\"url\":\"https:\\\/\\\/folhapopular.info\\\/\",\"name\":\"Folha Popular\",\"description\":\"Onde voc\u00ea tem vez e voz\",\"potentialAction\":[{\"@type\":\"SearchAction\",\"target\":{\"@type\":\"EntryPoint\",\"urlTemplate\":\"https:\\\/\\\/folhapopular.info\\\/?s={search_term_string}\"},\"query-input\":{\"@type\":\"PropertyValueSpecification\",\"valueRequired\":true,\"valueName\":\"search_term_string\"}}],\"inLanguage\":\"pt-BR\"},{\"@type\":\"Person\",\"@id\":\"https:\\\/\\\/folhapopular.info\\\/#\\\/schema\\\/person\\\/41b3bb1ecf6e33e81cbab2c29b178754\",\"name\":\"Gabriely Hartmann Mallmann\",\"image\":{\"@type\":\"ImageObject\",\"inLanguage\":\"pt-BR\",\"@id\":\"https:\\\/\\\/secure.gravatar.com\\\/avatar\\\/92999d30b0cc9bf49e6aa3c07c592bb06855a37dcfbdc7bbe6567a4637e999ce?s=96&d=mm&r=g\",\"url\":\"https:\\\/\\\/secure.gravatar.com\\\/avatar\\\/92999d30b0cc9bf49e6aa3c07c592bb06855a37dcfbdc7bbe6567a4637e999ce?s=96&d=mm&r=g\",\"contentUrl\":\"https:\\\/\\\/secure.gravatar.com\\\/avatar\\\/92999d30b0cc9bf49e6aa3c07c592bb06855a37dcfbdc7bbe6567a4637e999ce?s=96&d=mm&r=g\",\"caption\":\"Gabriely Hartmann Mallmann\"},\"url\":\"https:\\\/\\\/folhapopular.info\\\/index.php\\\/author\\\/gabriely-hartmann-mallmann\\\/\"}]}<\/script>\n<!-- \/ Yoast SEO plugin. -->","yoast_head_json":{"title":"1\u00b0 de maio \u00e9 marcado por trabalhadores que movimentam o com\u00e9rcio regional - Folha Popular","robots":{"index":"index","follow":"follow","max-snippet":"max-snippet:-1","max-image-preview":"max-image-preview:large","max-video-preview":"max-video-preview:-1"},"canonical":"https:\/\/folhapopular.info\/index.php\/2026\/05\/01\/1-de-maio-e-marcado-por-trabalhadores-que-movimentam-o-comercio-regional\/","og_locale":"pt_BR","og_type":"article","og_title":"1\u00b0 de maio \u00e9 marcado por trabalhadores que movimentam o com\u00e9rcio regional - Folha Popular","og_description":"O dia 1\u00b0 de maio \u00e9 um dia marcante para trabalhadores, celebra as conquistas das manifesta\u00e7\u00f5es oper\u00e1rias realizadas nos Estados Unidos em 1886, quando trabalhadores reivindicavam melhores condi\u00e7\u00f5es e a redu\u00e7\u00e3o da jornada para oito horas di\u00e1rias. Os protestos em Chicago se tornaram s\u00edmbolo da luta trabalhista mundial e levaram \u00e0 cria\u00e7\u00e3o da data como [&hellip;]","og_url":"https:\/\/folhapopular.info\/index.php\/2026\/05\/01\/1-de-maio-e-marcado-por-trabalhadores-que-movimentam-o-comercio-regional\/","og_site_name":"Folha Popular","article_published_time":"2026-05-01T15:00:00+00:00","og_image":[{"width":1024,"height":576,"url":"https:\/\/folhapopular.info\/wp-content\/uploads\/2026\/04\/Design-sem-nome-4-1024x576.png","type":"image\/png"}],"author":"Gabriely Hartmann Mallmann","twitter_card":"summary_large_image","twitter_misc":{"Escrito por":"Gabriely Hartmann Mallmann","Est. tempo de leitura":"4 minutos"},"schema":{"@context":"https:\/\/schema.org","@graph":[{"@type":"Article","@id":"https:\/\/folhapopular.info\/index.php\/2026\/05\/01\/1-de-maio-e-marcado-por-trabalhadores-que-movimentam-o-comercio-regional\/#article","isPartOf":{"@id":"https:\/\/folhapopular.info\/index.php\/2026\/05\/01\/1-de-maio-e-marcado-por-trabalhadores-que-movimentam-o-comercio-regional\/"},"author":{"name":"Gabriely Hartmann Mallmann","@id":"https:\/\/folhapopular.info\/#\/schema\/person\/41b3bb1ecf6e33e81cbab2c29b178754"},"headline":"1\u00b0 de maio \u00e9 marcado por trabalhadores que movimentam o com\u00e9rcio regional","datePublished":"2026-05-01T15:00:00+00:00","mainEntityOfPage":{"@id":"https:\/\/folhapopular.info\/index.php\/2026\/05\/01\/1-de-maio-e-marcado-por-trabalhadores-que-movimentam-o-comercio-regional\/"},"wordCount":607,"commentCount":0,"image":{"@id":"https:\/\/folhapopular.info\/index.php\/2026\/05\/01\/1-de-maio-e-marcado-por-trabalhadores-que-movimentam-o-comercio-regional\/#primaryimage"},"thumbnailUrl":"https:\/\/folhapopular.info\/wp-content\/uploads\/2026\/04\/Design-sem-nome-4.png","keywords":["Com\u00e9rcio","Dia dos trabalhadores","Setor cal\u00e7adista","Teut\u00f4nia"],"articleSection":["Destaques","Economia"],"inLanguage":"pt-BR","potentialAction":[{"@type":"CommentAction","name":"Comment","target":["https:\/\/folhapopular.info\/index.php\/2026\/05\/01\/1-de-maio-e-marcado-por-trabalhadores-que-movimentam-o-comercio-regional\/#respond"]}]},{"@type":"WebPage","@id":"https:\/\/folhapopular.info\/index.php\/2026\/05\/01\/1-de-maio-e-marcado-por-trabalhadores-que-movimentam-o-comercio-regional\/","url":"https:\/\/folhapopular.info\/index.php\/2026\/05\/01\/1-de-maio-e-marcado-por-trabalhadores-que-movimentam-o-comercio-regional\/","name":"1\u00b0 de maio \u00e9 marcado por trabalhadores que movimentam o com\u00e9rcio regional - Folha Popular","isPartOf":{"@id":"https:\/\/folhapopular.info\/#website"},"primaryImageOfPage":{"@id":"https:\/\/folhapopular.info\/index.php\/2026\/05\/01\/1-de-maio-e-marcado-por-trabalhadores-que-movimentam-o-comercio-regional\/#primaryimage"},"image":{"@id":"https:\/\/folhapopular.info\/index.php\/2026\/05\/01\/1-de-maio-e-marcado-por-trabalhadores-que-movimentam-o-comercio-regional\/#primaryimage"},"thumbnailUrl":"https:\/\/folhapopular.info\/wp-content\/uploads\/2026\/04\/Design-sem-nome-4.png","datePublished":"2026-05-01T15:00:00+00:00","author":{"@id":"https:\/\/folhapopular.info\/#\/schema\/person\/41b3bb1ecf6e33e81cbab2c29b178754"},"breadcrumb":{"@id":"https:\/\/folhapopular.info\/index.php\/2026\/05\/01\/1-de-maio-e-marcado-por-trabalhadores-que-movimentam-o-comercio-regional\/#breadcrumb"},"inLanguage":"pt-BR","potentialAction":[{"@type":"ReadAction","target":["https:\/\/folhapopular.info\/index.php\/2026\/05\/01\/1-de-maio-e-marcado-por-trabalhadores-que-movimentam-o-comercio-regional\/"]}]},{"@type":"ImageObject","inLanguage":"pt-BR","@id":"https:\/\/folhapopular.info\/index.php\/2026\/05\/01\/1-de-maio-e-marcado-por-trabalhadores-que-movimentam-o-comercio-regional\/#primaryimage","url":"https:\/\/folhapopular.info\/wp-content\/uploads\/2026\/04\/Design-sem-nome-4.png","contentUrl":"https:\/\/folhapopular.info\/wp-content\/uploads\/2026\/04\/Design-sem-nome-4.png","width":1920,"height":1080,"caption":"Cr\u00e9dito: Gabriely Mallmann"},{"@type":"BreadcrumbList","@id":"https:\/\/folhapopular.info\/index.php\/2026\/05\/01\/1-de-maio-e-marcado-por-trabalhadores-que-movimentam-o-comercio-regional\/#breadcrumb","itemListElement":[{"@type":"ListItem","position":1,"name":"In\u00edcio","item":"https:\/\/folhapopular.info\/"},{"@type":"ListItem","position":2,"name":"1\u00b0 de maio \u00e9 marcado por trabalhadores que movimentam o com\u00e9rcio regional"}]},{"@type":"WebSite","@id":"https:\/\/folhapopular.info\/#website","url":"https:\/\/folhapopular.info\/","name":"Folha Popular","description":"Onde voc\u00ea tem vez e voz","potentialAction":[{"@type":"SearchAction","target":{"@type":"EntryPoint","urlTemplate":"https:\/\/folhapopular.info\/?s={search_term_string}"},"query-input":{"@type":"PropertyValueSpecification","valueRequired":true,"valueName":"search_term_string"}}],"inLanguage":"pt-BR"},{"@type":"Person","@id":"https:\/\/folhapopular.info\/#\/schema\/person\/41b3bb1ecf6e33e81cbab2c29b178754","name":"Gabriely Hartmann Mallmann","image":{"@type":"ImageObject","inLanguage":"pt-BR","@id":"https:\/\/secure.gravatar.com\/avatar\/92999d30b0cc9bf49e6aa3c07c592bb06855a37dcfbdc7bbe6567a4637e999ce?s=96&d=mm&r=g","url":"https:\/\/secure.gravatar.com\/avatar\/92999d30b0cc9bf49e6aa3c07c592bb06855a37dcfbdc7bbe6567a4637e999ce?s=96&d=mm&r=g","contentUrl":"https:\/\/secure.gravatar.com\/avatar\/92999d30b0cc9bf49e6aa3c07c592bb06855a37dcfbdc7bbe6567a4637e999ce?s=96&d=mm&r=g","caption":"Gabriely Hartmann Mallmann"},"url":"https:\/\/folhapopular.info\/index.php\/author\/gabriely-hartmann-mallmann\/"}]}},"jetpack_featured_media_url":"https:\/\/folhapopular.info\/wp-content\/uploads\/2026\/04\/Design-sem-nome-4.png","jetpack_sharing_enabled":true,"amp_enabled":true,"_links":{"self":[{"href":"https:\/\/folhapopular.info\/index.php\/wp-json\/wp\/v2\/posts\/211947","targetHints":{"allow":["GET"]}}],"collection":[{"href":"https:\/\/folhapopular.info\/index.php\/wp-json\/wp\/v2\/posts"}],"about":[{"href":"https:\/\/folhapopular.info\/index.php\/wp-json\/wp\/v2\/types\/post"}],"author":[{"embeddable":true,"href":"https:\/\/folhapopular.info\/index.php\/wp-json\/wp\/v2\/users\/773"}],"replies":[{"embeddable":true,"href":"https:\/\/folhapopular.info\/index.php\/wp-json\/wp\/v2\/comments?post=211947"}],"version-history":[{"count":1,"href":"https:\/\/folhapopular.info\/index.php\/wp-json\/wp\/v2\/posts\/211947\/revisions"}],"predecessor-version":[{"id":211952,"href":"https:\/\/folhapopular.info\/index.php\/wp-json\/wp\/v2\/posts\/211947\/revisions\/211952"}],"wp:featuredmedia":[{"embeddable":true,"href":"https:\/\/folhapopular.info\/index.php\/wp-json\/wp\/v2\/media\/211951"}],"wp:attachment":[{"href":"https:\/\/folhapopular.info\/index.php\/wp-json\/wp\/v2\/media?parent=211947"}],"wp:term":[{"taxonomy":"category","embeddable":true,"href":"https:\/\/folhapopular.info\/index.php\/wp-json\/wp\/v2\/categories?post=211947"},{"taxonomy":"post_tag","embeddable":true,"href":"https:\/\/folhapopular.info\/index.php\/wp-json\/wp\/v2\/tags?post=211947"}],"curies":[{"name":"wp","href":"https:\/\/api.w.org\/{rel}","templated":true}]}}