{"id":211962,"date":"2026-05-01T15:05:27","date_gmt":"2026-05-01T18:05:27","guid":{"rendered":"https:\/\/folhapopular.info\/?p=211962"},"modified":"2026-05-01T15:05:29","modified_gmt":"2026-05-01T18:05:29","slug":"talao-do-produtor-deixa-de-ser-aceito-no-rs-a-partir-desta-sexta-feira","status":"publish","type":"post","link":"https:\/\/folhapopular.info\/index.php\/2026\/05\/01\/talao-do-produtor-deixa-de-ser-aceito-no-rs-a-partir-desta-sexta-feira\/","title":{"rendered":"Tal\u00e3o do produtor deixa de ser aceito no RS a partir desta sexta-feira"},"content":{"rendered":"\n<p>A partir de 1\u00ba de maio, a nota fiscal em papel, conhecida como \u201ctal\u00e3o do produtor\u201d, n\u00e3o pode mais ser utilizada pelos produtores rurais. Agora, caso as notas eletr\u00f4nicas n\u00e3o sejam emitidas, as transa\u00e7\u00f5es ficam sem documenta\u00e7\u00e3o fiscal, o que \u00e9 considerado descumprimento da legisla\u00e7\u00e3o tribut\u00e1ria.<\/p>\n\n\n\n<p>A documenta\u00e7\u00e3o eletr\u00f4nica j\u00e1 era obrigat\u00f3ria desde janeiro para todos os produtores rurais que atuam no territ\u00f3rio ga\u00facho. No entanto, a Secretaria da Fazenda (Sefaz), por meio da Receita Estadual, havia autorizado que tal\u00f5es j\u00e1 impressos pudessem seguir sendo utilizados at\u00e9 o m\u00eas de abril. <\/p>\n\n\n\n<p>Esta \u00e9 a etapa final de um processo que iniciou em 2021, que \u00e9 a substitui\u00e7\u00e3o gradual da nota em papel pela nota eletr\u00f4nica. Segundo a Sefaz, a moderniza\u00e7\u00e3o traz mais agilidade e seguran\u00e7a na emiss\u00e3o de notas, reduz burocracias, minimiza falhas no preenchimento dos dados e evita o risco da perda de documentos. A mudan\u00e7a tamb\u00e9m antecipa a realidade ap\u00f3s a Reforma Tribut\u00e1ria, quando notas em papel devem ser completamente retiradas de circula\u00e7\u00e3o.<\/p>\n\n\n\n<p>Conforme <a href=\"https:\/\/folhapopular.info\/index.php\/2026\/04\/29\/nota-eletronica-se-torna-definitivamente-obrigatoria-para-produtores-rurais\/\" target=\"_blank\" rel=\"noreferrer noopener\">averiguado pela reportagem da Folha Popular no fim de abril<\/a>, produtores atendidos pelo Sindicato dos Trabalhadores Rurais de Teut\u00f4nia, Westf\u00e1lia e Po\u00e7o das Antas ainda resistem \u00e0s mudan\u00e7as. Dados levantados pelo sindicato indicam que, no in\u00edcio de 2026, cerca de 60% dos produtores ainda n\u00e3o utilizavam o sistema eletr\u00f4nico. Hoje, a estimativa \u00e9 de que entre 50% e 55% dos agricultores necessitem de suporte mais pr\u00f3ximo neste momento.<\/p>\n\n\n\n<h2 class=\"wp-block-heading\"><strong>Como emitir nota eletr\u00f4nica<\/strong><\/h2>\n\n\n\n<p>A alternativa recomendada pela Sefaz para a emiss\u00e3o de nota eletr\u00f4nica \u00e9 o aplicativo Nota Fiscal F\u00e1cil (NFF), dispon\u00edvel gratuitamente para <em>download<\/em> em celulares. Em 4 meses, o n\u00famero de produtores rurais cadastrados no <em>app<\/em> cresceu 64,6%. Em mar\u00e7o, 276 mil notas fiscais foram emitidas pela ferramenta.<\/p>\n\n\n\n<p>O NFF \u00e9 considerado de uso simples e intuitivo, de forma que toda a complexidade tribut\u00e1ria fica a cargo da Receita Estadual. Ele conta com uma funcionalidade de uso <em>off-line<\/em> para atender profissionais que trabalham no campo, muitas vezes sem internet.<\/p>\n\n\n\n<p>Para ajudar os produtores a usar a ferramenta com propriedade, a <a href=\"https:\/\/fazenda.rs.gov.br\/com-foco-em-produtores-rurais-fazenda-lanca-serie-de-tutoriais-em-video-sobre-o-aplicativo-nota-fiscal-facil\" target=\"_blank\" rel=\"noreferrer noopener\">Sefaz produziu tr\u00eas tutoriais em v\u00eddeo<\/a>, com instru\u00e7\u00f5es sobre diferentes recursos. A parte 1 detalha como fazer opera\u00e7\u00f5es b\u00e1sicas: cadastro de produtos, cadastro de clientes e emiss\u00e3o de notas fiscais. <\/p>\n\n\n\n<p>O v\u00eddeo 2 foca em funcionalidades do NFF, como ambiente de testes, possibilidade de emiss\u00e3o de documentos\u00a0<em>off-line<\/em>, cadastro de operadores e transportadores, emiss\u00e3o de relat\u00f3rios e devolu\u00e7\u00e3o de compras, entre outros. <\/p>\n\n\n\n<p>J\u00e1 o tutorial 3 traz o passo a passo para opera\u00e7\u00f5es espec\u00edficas, como venda de merenda escolar, venda para Centrais de Abastecimento (Ceasa) e contranota. Em cada v\u00eddeo, \u00e9 poss\u00edvel fazer uma busca por cap\u00edtulos.<\/p>\n\n\n\n<p>Apesar de o NFF ser a principal ferramenta para emiss\u00e3o de notas eletr\u00f4nicas, sendo recomendada pela Sefaz, h\u00e1 outras. Uma delas \u00e9 a <a href=\"https:\/\/www.sefaz.rs.gov.br\/Receita\/PortaleCAC.aspx?ReturnUrl=https%3A%2F%2Fwww.sefaz.rs.gov.br%2FNFE%2FNFE-NFA.aspx\" target=\"_blank\" rel=\"noreferrer noopener\">Nota Fiscal Avulsa (NFA-e)<\/a>, tamb\u00e9m gratuita e indicada para opera\u00e7\u00f5es mais complexas, como, por exemplo, as de exporta\u00e7\u00e3o. H\u00e1 ainda solu\u00e7\u00f5es oferecidas por associa\u00e7\u00f5es e por cooperativas, e \u00e9 permitido o desenvolvimento de modelos pr\u00f3prios.<\/p>\n","protected":false},"excerpt":{"rendered":"<p>A partir de 1\u00ba de maio, a nota fiscal em papel, conhecida como \u201ctal\u00e3o do produtor\u201d, n\u00e3o pode mais ser utilizada pelos produtores rurais. Agora, caso as notas eletr\u00f4nicas n\u00e3o sejam emitidas, as transa\u00e7\u00f5es ficam sem documenta\u00e7\u00e3o fiscal, o que \u00e9 considerado descumprimento da legisla\u00e7\u00e3o tribut\u00e1ria. A documenta\u00e7\u00e3o eletr\u00f4nica j\u00e1 era obrigat\u00f3ria desde janeiro para [&hellip;]<\/p>\n","protected":false},"author":8,"featured_media":211963,"comment_status":"open","ping_status":"open","sticky":false,"template":"","format":"standard","meta":{"pmpro_default_level":"","_jetpack_memberships_contains_paid_content":false,"footnotes":""},"categories":[2,10991,10994],"tags":[882,5642,1794,9215,4059],"class_list":{"0":"post-211962","1":"post","2":"type-post","3":"status-publish","4":"format-standard","5":"has-post-thumbnail","7":"category-featured","8":"category-economia","9":"category-rural","10":"tag-nota-fiscal-eletronica","11":"tag-produtor-rural","12":"tag-rio-grande-do-sul","13":"tag-sefaz","14":"tag-talao-do-produtor","15":"pmpro-has-access"},"yoast_head":"<!-- This site is optimized with the Yoast SEO plugin v27.5 - https:\/\/yoast.com\/product\/yoast-seo-wordpress\/ -->\n<title>Tal\u00e3o do produtor deixa de ser aceito no RS a partir desta sexta-feira - Folha Popular<\/title>\n<meta name=\"description\" content=\"O tal\u00e3o do produtor deixou de ser aceito no Rio Grande do Sul para comprova\u00e7\u00e3o de servi\u00e7o a partir desta sexta-feira (1\u00ba\/5).\" \/>\n<meta name=\"robots\" content=\"index, follow, max-snippet:-1, max-image-preview:large, max-video-preview:-1\" \/>\n<link rel=\"canonical\" href=\"https:\/\/folhapopular.info\/index.php\/2026\/05\/01\/talao-do-produtor-deixa-de-ser-aceito-no-rs-a-partir-desta-sexta-feira\/\" \/>\n<meta property=\"og:locale\" content=\"pt_BR\" \/>\n<meta property=\"og:type\" content=\"article\" \/>\n<meta property=\"og:title\" content=\"Tal\u00e3o do produtor deixa de ser aceito no RS a partir desta sexta-feira - Folha Popular\" \/>\n<meta property=\"og:description\" content=\"O tal\u00e3o do produtor deixou de ser aceito no Rio Grande do Sul para comprova\u00e7\u00e3o de servi\u00e7o a partir desta sexta-feira (1\u00ba\/5).\" \/>\n<meta property=\"og:url\" content=\"https:\/\/folhapopular.info\/index.php\/2026\/05\/01\/talao-do-produtor-deixa-de-ser-aceito-no-rs-a-partir-desta-sexta-feira\/\" \/>\n<meta property=\"og:site_name\" content=\"Folha Popular\" \/>\n<meta property=\"article:published_time\" content=\"2026-05-01T18:05:27+00:00\" \/>\n<meta property=\"article:modified_time\" content=\"2026-05-01T18:05:29+00:00\" \/>\n<meta property=\"og:image\" content=\"https:\/\/folhapopular.info\/wp-content\/uploads\/2026\/05\/image.png\" \/>\n\t<meta property=\"og:image:width\" content=\"800\" \/>\n\t<meta property=\"og:image:height\" content=\"532\" \/>\n\t<meta property=\"og:image:type\" content=\"image\/png\" \/>\n<meta name=\"author\" content=\"Reda\u00e7\u00e3o Folha Popular\" \/>\n<meta name=\"twitter:card\" content=\"summary_large_image\" \/>\n<meta name=\"twitter:label1\" content=\"Escrito por\" \/>\n\t<meta name=\"twitter:data1\" content=\"Reda\u00e7\u00e3o Folha Popular\" \/>\n\t<meta name=\"twitter:label2\" content=\"Est. tempo de leitura\" \/>\n\t<meta name=\"twitter:data2\" content=\"3 minutos\" \/>\n<script type=\"application\/ld+json\" class=\"yoast-schema-graph\">{\"@context\":\"https:\\\/\\\/schema.org\",\"@graph\":[{\"@type\":\"Article\",\"@id\":\"https:\\\/\\\/folhapopular.info\\\/index.php\\\/2026\\\/05\\\/01\\\/talao-do-produtor-deixa-de-ser-aceito-no-rs-a-partir-desta-sexta-feira\\\/#article\",\"isPartOf\":{\"@id\":\"https:\\\/\\\/folhapopular.info\\\/index.php\\\/2026\\\/05\\\/01\\\/talao-do-produtor-deixa-de-ser-aceito-no-rs-a-partir-desta-sexta-feira\\\/\"},\"author\":{\"name\":\"Reda\u00e7\u00e3o Folha Popular\",\"@id\":\"https:\\\/\\\/folhapopular.info\\\/#\\\/schema\\\/person\\\/2814e8a0df7643585a9ca38bc6eb9d4b\"},\"headline\":\"Tal\u00e3o do produtor deixa de ser aceito no RS a partir desta sexta-feira\",\"datePublished\":\"2026-05-01T18:05:27+00:00\",\"dateModified\":\"2026-05-01T18:05:29+00:00\",\"mainEntityOfPage\":{\"@id\":\"https:\\\/\\\/folhapopular.info\\\/index.php\\\/2026\\\/05\\\/01\\\/talao-do-produtor-deixa-de-ser-aceito-no-rs-a-partir-desta-sexta-feira\\\/\"},\"wordCount\":550,\"commentCount\":0,\"image\":{\"@id\":\"https:\\\/\\\/folhapopular.info\\\/index.php\\\/2026\\\/05\\\/01\\\/talao-do-produtor-deixa-de-ser-aceito-no-rs-a-partir-desta-sexta-feira\\\/#primaryimage\"},\"thumbnailUrl\":\"https:\\\/\\\/folhapopular.info\\\/wp-content\\\/uploads\\\/2026\\\/05\\\/image.png\",\"keywords\":[\"Nota Fiscal Eletr\u00f4nica\",\"Produtor Rural\",\"Rio Grande do Sul\",\"Sefaz\",\"Tal\u00e3o do produtor\"],\"articleSection\":[\"Destaques\",\"Economia\",\"Rural\"],\"inLanguage\":\"pt-BR\",\"potentialAction\":[{\"@type\":\"CommentAction\",\"name\":\"Comment\",\"target\":[\"https:\\\/\\\/folhapopular.info\\\/index.php\\\/2026\\\/05\\\/01\\\/talao-do-produtor-deixa-de-ser-aceito-no-rs-a-partir-desta-sexta-feira\\\/#respond\"]}]},{\"@type\":\"WebPage\",\"@id\":\"https:\\\/\\\/folhapopular.info\\\/index.php\\\/2026\\\/05\\\/01\\\/talao-do-produtor-deixa-de-ser-aceito-no-rs-a-partir-desta-sexta-feira\\\/\",\"url\":\"https:\\\/\\\/folhapopular.info\\\/index.php\\\/2026\\\/05\\\/01\\\/talao-do-produtor-deixa-de-ser-aceito-no-rs-a-partir-desta-sexta-feira\\\/\",\"name\":\"Tal\u00e3o do produtor deixa de ser aceito no RS a partir desta sexta-feira - Folha Popular\",\"isPartOf\":{\"@id\":\"https:\\\/\\\/folhapopular.info\\\/#website\"},\"primaryImageOfPage\":{\"@id\":\"https:\\\/\\\/folhapopular.info\\\/index.php\\\/2026\\\/05\\\/01\\\/talao-do-produtor-deixa-de-ser-aceito-no-rs-a-partir-desta-sexta-feira\\\/#primaryimage\"},\"image\":{\"@id\":\"https:\\\/\\\/folhapopular.info\\\/index.php\\\/2026\\\/05\\\/01\\\/talao-do-produtor-deixa-de-ser-aceito-no-rs-a-partir-desta-sexta-feira\\\/#primaryimage\"},\"thumbnailUrl\":\"https:\\\/\\\/folhapopular.info\\\/wp-content\\\/uploads\\\/2026\\\/05\\\/image.png\",\"datePublished\":\"2026-05-01T18:05:27+00:00\",\"dateModified\":\"2026-05-01T18:05:29+00:00\",\"author\":{\"@id\":\"https:\\\/\\\/folhapopular.info\\\/#\\\/schema\\\/person\\\/2814e8a0df7643585a9ca38bc6eb9d4b\"},\"description\":\"O tal\u00e3o do produtor deixou de ser aceito no Rio Grande do Sul para comprova\u00e7\u00e3o de servi\u00e7o a partir desta sexta-feira (1\u00ba\\\/5).\",\"breadcrumb\":{\"@id\":\"https:\\\/\\\/folhapopular.info\\\/index.php\\\/2026\\\/05\\\/01\\\/talao-do-produtor-deixa-de-ser-aceito-no-rs-a-partir-desta-sexta-feira\\\/#breadcrumb\"},\"inLanguage\":\"pt-BR\",\"potentialAction\":[{\"@type\":\"ReadAction\",\"target\":[\"https:\\\/\\\/folhapopular.info\\\/index.php\\\/2026\\\/05\\\/01\\\/talao-do-produtor-deixa-de-ser-aceito-no-rs-a-partir-desta-sexta-feira\\\/\"]}]},{\"@type\":\"ImageObject\",\"inLanguage\":\"pt-BR\",\"@id\":\"https:\\\/\\\/folhapopular.info\\\/index.php\\\/2026\\\/05\\\/01\\\/talao-do-produtor-deixa-de-ser-aceito-no-rs-a-partir-desta-sexta-feira\\\/#primaryimage\",\"url\":\"https:\\\/\\\/folhapopular.info\\\/wp-content\\\/uploads\\\/2026\\\/05\\\/image.png\",\"contentUrl\":\"https:\\\/\\\/folhapopular.info\\\/wp-content\\\/uploads\\\/2026\\\/05\\\/image.png\",\"width\":800,\"height\":532,\"caption\":\"Aplicativo Nota Fiscal F\u00e1cil \u00e9 a solu\u00e7\u00e3o recomendada pela Sefaz para a emiss\u00e3o de nota eletr\u00f4nica. Cr\u00e9dito: Felipe Valle \\\/ Pal\u00e1cio Piratini\"},{\"@type\":\"BreadcrumbList\",\"@id\":\"https:\\\/\\\/folhapopular.info\\\/index.php\\\/2026\\\/05\\\/01\\\/talao-do-produtor-deixa-de-ser-aceito-no-rs-a-partir-desta-sexta-feira\\\/#breadcrumb\",\"itemListElement\":[{\"@type\":\"ListItem\",\"position\":1,\"name\":\"In\u00edcio\",\"item\":\"https:\\\/\\\/folhapopular.info\\\/\"},{\"@type\":\"ListItem\",\"position\":2,\"name\":\"Tal\u00e3o do produtor deixa de ser aceito no RS a partir desta sexta-feira\"}]},{\"@type\":\"WebSite\",\"@id\":\"https:\\\/\\\/folhapopular.info\\\/#website\",\"url\":\"https:\\\/\\\/folhapopular.info\\\/\",\"name\":\"Folha Popular\",\"description\":\"Onde voc\u00ea tem vez e voz\",\"potentialAction\":[{\"@type\":\"SearchAction\",\"target\":{\"@type\":\"EntryPoint\",\"urlTemplate\":\"https:\\\/\\\/folhapopular.info\\\/?s={search_term_string}\"},\"query-input\":{\"@type\":\"PropertyValueSpecification\",\"valueRequired\":true,\"valueName\":\"search_term_string\"}}],\"inLanguage\":\"pt-BR\"},{\"@type\":\"Person\",\"@id\":\"https:\\\/\\\/folhapopular.info\\\/#\\\/schema\\\/person\\\/2814e8a0df7643585a9ca38bc6eb9d4b\",\"name\":\"Reda\u00e7\u00e3o Folha Popular\",\"image\":{\"@type\":\"ImageObject\",\"inLanguage\":\"pt-BR\",\"@id\":\"https:\\\/\\\/folhapopular.info\\\/wp-content\\\/uploads\\\/2026\\\/04\\\/Folha-1.webp\",\"url\":\"https:\\\/\\\/folhapopular.info\\\/wp-content\\\/uploads\\\/2026\\\/04\\\/Folha-1.webp\",\"contentUrl\":\"https:\\\/\\\/folhapopular.info\\\/wp-content\\\/uploads\\\/2026\\\/04\\\/Folha-1.webp\",\"caption\":\"Reda\u00e7\u00e3o Folha Popular\"},\"url\":\"https:\\\/\\\/folhapopular.info\\\/index.php\\\/author\\\/redacao\\\/\"}]}<\/script>\n<!-- \/ Yoast SEO plugin. -->","yoast_head_json":{"title":"Tal\u00e3o do produtor deixa de ser aceito no RS a partir desta sexta-feira - Folha Popular","description":"O tal\u00e3o do produtor deixou de ser aceito no Rio Grande do Sul para comprova\u00e7\u00e3o de servi\u00e7o a partir desta sexta-feira (1\u00ba\/5).","robots":{"index":"index","follow":"follow","max-snippet":"max-snippet:-1","max-image-preview":"max-image-preview:large","max-video-preview":"max-video-preview:-1"},"canonical":"https:\/\/folhapopular.info\/index.php\/2026\/05\/01\/talao-do-produtor-deixa-de-ser-aceito-no-rs-a-partir-desta-sexta-feira\/","og_locale":"pt_BR","og_type":"article","og_title":"Tal\u00e3o do produtor deixa de ser aceito no RS a partir desta sexta-feira - Folha Popular","og_description":"O tal\u00e3o do produtor deixou de ser aceito no Rio Grande do Sul para comprova\u00e7\u00e3o de servi\u00e7o a partir desta sexta-feira (1\u00ba\/5).","og_url":"https:\/\/folhapopular.info\/index.php\/2026\/05\/01\/talao-do-produtor-deixa-de-ser-aceito-no-rs-a-partir-desta-sexta-feira\/","og_site_name":"Folha Popular","article_published_time":"2026-05-01T18:05:27+00:00","article_modified_time":"2026-05-01T18:05:29+00:00","og_image":[{"width":800,"height":532,"url":"https:\/\/folhapopular.info\/wp-content\/uploads\/2026\/05\/image.png","type":"image\/png"}],"author":"Reda\u00e7\u00e3o Folha Popular","twitter_card":"summary_large_image","twitter_misc":{"Escrito por":"Reda\u00e7\u00e3o Folha Popular","Est. tempo de leitura":"3 minutos"},"schema":{"@context":"https:\/\/schema.org","@graph":[{"@type":"Article","@id":"https:\/\/folhapopular.info\/index.php\/2026\/05\/01\/talao-do-produtor-deixa-de-ser-aceito-no-rs-a-partir-desta-sexta-feira\/#article","isPartOf":{"@id":"https:\/\/folhapopular.info\/index.php\/2026\/05\/01\/talao-do-produtor-deixa-de-ser-aceito-no-rs-a-partir-desta-sexta-feira\/"},"author":{"name":"Reda\u00e7\u00e3o Folha Popular","@id":"https:\/\/folhapopular.info\/#\/schema\/person\/2814e8a0df7643585a9ca38bc6eb9d4b"},"headline":"Tal\u00e3o do produtor deixa de ser aceito no RS a partir desta sexta-feira","datePublished":"2026-05-01T18:05:27+00:00","dateModified":"2026-05-01T18:05:29+00:00","mainEntityOfPage":{"@id":"https:\/\/folhapopular.info\/index.php\/2026\/05\/01\/talao-do-produtor-deixa-de-ser-aceito-no-rs-a-partir-desta-sexta-feira\/"},"wordCount":550,"commentCount":0,"image":{"@id":"https:\/\/folhapopular.info\/index.php\/2026\/05\/01\/talao-do-produtor-deixa-de-ser-aceito-no-rs-a-partir-desta-sexta-feira\/#primaryimage"},"thumbnailUrl":"https:\/\/folhapopular.info\/wp-content\/uploads\/2026\/05\/image.png","keywords":["Nota Fiscal Eletr\u00f4nica","Produtor Rural","Rio Grande do Sul","Sefaz","Tal\u00e3o do produtor"],"articleSection":["Destaques","Economia","Rural"],"inLanguage":"pt-BR","potentialAction":[{"@type":"CommentAction","name":"Comment","target":["https:\/\/folhapopular.info\/index.php\/2026\/05\/01\/talao-do-produtor-deixa-de-ser-aceito-no-rs-a-partir-desta-sexta-feira\/#respond"]}]},{"@type":"WebPage","@id":"https:\/\/folhapopular.info\/index.php\/2026\/05\/01\/talao-do-produtor-deixa-de-ser-aceito-no-rs-a-partir-desta-sexta-feira\/","url":"https:\/\/folhapopular.info\/index.php\/2026\/05\/01\/talao-do-produtor-deixa-de-ser-aceito-no-rs-a-partir-desta-sexta-feira\/","name":"Tal\u00e3o do produtor deixa de ser aceito no RS a partir desta sexta-feira - Folha Popular","isPartOf":{"@id":"https:\/\/folhapopular.info\/#website"},"primaryImageOfPage":{"@id":"https:\/\/folhapopular.info\/index.php\/2026\/05\/01\/talao-do-produtor-deixa-de-ser-aceito-no-rs-a-partir-desta-sexta-feira\/#primaryimage"},"image":{"@id":"https:\/\/folhapopular.info\/index.php\/2026\/05\/01\/talao-do-produtor-deixa-de-ser-aceito-no-rs-a-partir-desta-sexta-feira\/#primaryimage"},"thumbnailUrl":"https:\/\/folhapopular.info\/wp-content\/uploads\/2026\/05\/image.png","datePublished":"2026-05-01T18:05:27+00:00","dateModified":"2026-05-01T18:05:29+00:00","author":{"@id":"https:\/\/folhapopular.info\/#\/schema\/person\/2814e8a0df7643585a9ca38bc6eb9d4b"},"description":"O tal\u00e3o do produtor deixou de ser aceito no Rio Grande do Sul para comprova\u00e7\u00e3o de servi\u00e7o a partir desta sexta-feira (1\u00ba\/5).","breadcrumb":{"@id":"https:\/\/folhapopular.info\/index.php\/2026\/05\/01\/talao-do-produtor-deixa-de-ser-aceito-no-rs-a-partir-desta-sexta-feira\/#breadcrumb"},"inLanguage":"pt-BR","potentialAction":[{"@type":"ReadAction","target":["https:\/\/folhapopular.info\/index.php\/2026\/05\/01\/talao-do-produtor-deixa-de-ser-aceito-no-rs-a-partir-desta-sexta-feira\/"]}]},{"@type":"ImageObject","inLanguage":"pt-BR","@id":"https:\/\/folhapopular.info\/index.php\/2026\/05\/01\/talao-do-produtor-deixa-de-ser-aceito-no-rs-a-partir-desta-sexta-feira\/#primaryimage","url":"https:\/\/folhapopular.info\/wp-content\/uploads\/2026\/05\/image.png","contentUrl":"https:\/\/folhapopular.info\/wp-content\/uploads\/2026\/05\/image.png","width":800,"height":532,"caption":"Aplicativo Nota Fiscal F\u00e1cil \u00e9 a solu\u00e7\u00e3o recomendada pela Sefaz para a emiss\u00e3o de nota eletr\u00f4nica. Cr\u00e9dito: Felipe Valle \/ Pal\u00e1cio Piratini"},{"@type":"BreadcrumbList","@id":"https:\/\/folhapopular.info\/index.php\/2026\/05\/01\/talao-do-produtor-deixa-de-ser-aceito-no-rs-a-partir-desta-sexta-feira\/#breadcrumb","itemListElement":[{"@type":"ListItem","position":1,"name":"In\u00edcio","item":"https:\/\/folhapopular.info\/"},{"@type":"ListItem","position":2,"name":"Tal\u00e3o do produtor deixa de ser aceito no RS a partir desta sexta-feira"}]},{"@type":"WebSite","@id":"https:\/\/folhapopular.info\/#website","url":"https:\/\/folhapopular.info\/","name":"Folha Popular","description":"Onde voc\u00ea tem vez e voz","potentialAction":[{"@type":"SearchAction","target":{"@type":"EntryPoint","urlTemplate":"https:\/\/folhapopular.info\/?s={search_term_string}"},"query-input":{"@type":"PropertyValueSpecification","valueRequired":true,"valueName":"search_term_string"}}],"inLanguage":"pt-BR"},{"@type":"Person","@id":"https:\/\/folhapopular.info\/#\/schema\/person\/2814e8a0df7643585a9ca38bc6eb9d4b","name":"Reda\u00e7\u00e3o Folha Popular","image":{"@type":"ImageObject","inLanguage":"pt-BR","@id":"https:\/\/folhapopular.info\/wp-content\/uploads\/2026\/04\/Folha-1.webp","url":"https:\/\/folhapopular.info\/wp-content\/uploads\/2026\/04\/Folha-1.webp","contentUrl":"https:\/\/folhapopular.info\/wp-content\/uploads\/2026\/04\/Folha-1.webp","caption":"Reda\u00e7\u00e3o Folha Popular"},"url":"https:\/\/folhapopular.info\/index.php\/author\/redacao\/"}]}},"jetpack_featured_media_url":"https:\/\/folhapopular.info\/wp-content\/uploads\/2026\/05\/image.png","jetpack_sharing_enabled":true,"amp_enabled":true,"_links":{"self":[{"href":"https:\/\/folhapopular.info\/index.php\/wp-json\/wp\/v2\/posts\/211962","targetHints":{"allow":["GET"]}}],"collection":[{"href":"https:\/\/folhapopular.info\/index.php\/wp-json\/wp\/v2\/posts"}],"about":[{"href":"https:\/\/folhapopular.info\/index.php\/wp-json\/wp\/v2\/types\/post"}],"author":[{"embeddable":true,"href":"https:\/\/folhapopular.info\/index.php\/wp-json\/wp\/v2\/users\/8"}],"replies":[{"embeddable":true,"href":"https:\/\/folhapopular.info\/index.php\/wp-json\/wp\/v2\/comments?post=211962"}],"version-history":[{"count":1,"href":"https:\/\/folhapopular.info\/index.php\/wp-json\/wp\/v2\/posts\/211962\/revisions"}],"predecessor-version":[{"id":211964,"href":"https:\/\/folhapopular.info\/index.php\/wp-json\/wp\/v2\/posts\/211962\/revisions\/211964"}],"wp:featuredmedia":[{"embeddable":true,"href":"https:\/\/folhapopular.info\/index.php\/wp-json\/wp\/v2\/media\/211963"}],"wp:attachment":[{"href":"https:\/\/folhapopular.info\/index.php\/wp-json\/wp\/v2\/media?parent=211962"}],"wp:term":[{"taxonomy":"category","embeddable":true,"href":"https:\/\/folhapopular.info\/index.php\/wp-json\/wp\/v2\/categories?post=211962"},{"taxonomy":"post_tag","embeddable":true,"href":"https:\/\/folhapopular.info\/index.php\/wp-json\/wp\/v2\/tags?post=211962"}],"curies":[{"name":"wp","href":"https:\/\/api.w.org\/{rel}","templated":true}]}}