{"id":219976,"date":"2026-08-31T08:25:52","date_gmt":"2026-08-31T11:25:52","guid":{"rendered":"https:\/\/folhapopular.info\/?p=219976"},"modified":"2026-08-31T08:25:54","modified_gmt":"2026-08-31T11:25:54","slug":"descarte-consciente-recolhe-160-eletronicos-em-teutonia","status":"publish","type":"post","link":"https:\/\/folhapopular.info\/index.php\/2026\/08\/31\/descarte-consciente-recolhe-160-eletronicos-em-teutonia\/","title":{"rendered":"Descarte Consciente recolhe 160 eletr\u00f4nicos em Teut\u00f4nia"},"content":{"rendered":"\n<p class=\"wp-block-paragraph\">A CIC Teut\u00f4nia, em parceria com a unidade da Parceiros Volunt\u00e1rios de Teut\u00f4nia, realizou na manh\u00e3 de s\u00e1bado (29\/8), mais uma edi\u00e7\u00e3o do Descarte Consciente de Lixo Eletr\u00f4nico. A a\u00e7\u00e3o ocorreu na sede da entidade e ofereceu \u00e0 comunidade uma alternativa adequada para a destina\u00e7\u00e3o de equipamentos e materiais que n\u00e3o devem ser colocados no lixo comum.<\/p>\n\n\n\n<p class=\"wp-block-paragraph\">Durante a manh\u00e3, foram recolhidos cerca de 160 itens, entre televisores, aquecedores, celulares, notebooks, teclados, roteadores, fornos, liquidificadores, panificadoras, torradeiras, cafeteiras, micro-ondas, ventiladores e CPUs, al\u00e9m de outros equipamentos eletr\u00f4nicos sem uso. Tamb\u00e9m foram entregues 10 litros de \u00f3leo de cozinha usado.<\/p>\n\n\n\n<p class=\"wp-block-paragraph\">A iniciativa tem como objetivo facilitar o descarte correto e conscientizar a popula\u00e7\u00e3o sobre os cuidados necess\u00e1rios com esse tipo de res\u00edduo. Os equipamentos eletr\u00f4nicos possuem diferentes componentes que precisam de destina\u00e7\u00e3o adequada. Da mesma forma, o \u00f3leo de cozinha usado n\u00e3o deve ser despejado na pia, no solo ou descartado junto ao lixo dom\u00e9stico.<\/p>\n\n\n\n<p class=\"wp-block-paragraph\">Realizado periodicamente pela CIC Teut\u00f4nia e pela unidade da Parceiros Volunt\u00e1rios de Teut\u00f4nia, o Descarte Consciente busca oferecer uma solu\u00e7\u00e3o para materiais que muitas vezes permanecem armazenados nas resid\u00eancias justamente pela falta de informa\u00e7\u00e3o sobre onde e como descart\u00e1-los.<\/p>\n\n\n\n<p class=\"wp-block-paragraph\">A a\u00e7\u00e3o conta com o apoio das mantenedoras da Parceiros Volunt\u00e1rios de Teut\u00f4nia: CIC Teut\u00f4nia, Cooperativa Certel, Couros Bom Retiro, Seccare e Sicredi. A parceria entre as institui\u00e7\u00f5es possibilita a realiza\u00e7\u00e3o de iniciativas voltadas \u00e0 sustentabilidade, \u00e0 conscientiza\u00e7\u00e3o ambiental e \u00e0 participa\u00e7\u00e3o da comunidade.<\/p>\n\n\n\n<p class=\"wp-block-paragraph\">Com mais uma edi\u00e7\u00e3o realizada, o Descarte Consciente refor\u00e7a a import\u00e2ncia de atitudes simples no cotidiano e da responsabilidade coletiva com a destina\u00e7\u00e3o adequada dos res\u00edduos. A iniciativa contribui para uma comunidade mais consciente e para a preserva\u00e7\u00e3o do meio ambiente.<\/p>\n","protected":false},"excerpt":{"rendered":"<p>A CIC Teut\u00f4nia, em parceria com a unidade da Parceiros Volunt\u00e1rios de Teut\u00f4nia, realizou na manh\u00e3 de s\u00e1bado (29\/8), mais uma edi\u00e7\u00e3o do Descarte Consciente de Lixo Eletr\u00f4nico. A a\u00e7\u00e3o ocorreu na sede da entidade e ofereceu \u00e0 comunidade uma alternativa adequada para a destina\u00e7\u00e3o de equipamentos e materiais que n\u00e3o devem ser colocados no [&hellip;]<\/p>\n","protected":false},"author":8,"featured_media":219977,"comment_status":"open","ping_status":"open","sticky":false,"template":"","format":"standard","meta":{"pmpro_default_level":"","_jetpack_memberships_contains_paid_content":false,"footnotes":""},"categories":[2,3],"tags":[39,9734,1065,21859,26,156],"class_list":["post-219976","post","type-post","status-publish","format-standard","has-post-thumbnail","category-featured","category-geral","tag-cic","tag-descarte-consciente","tag-lixo-eletronico","tag-parceiros-voluntarios-de-teutonia","tag-teutonia","tag-vale-do-taquari","pmpro-has-access"],"yoast_head":"<!-- This site is optimized with the Yoast SEO plugin v28.3 - https:\/\/yoast.com\/product\/yoast-seo-wordpress\/ -->\n<title>Descarte Consciente recolhe 160 eletr\u00f4nicos em Teut\u00f4nia - Folha Popular<\/title>\n<meta name=\"description\" content=\"A CIC Teut\u00f4nia, em parceria com a unidade da Parceiros Volunt\u00e1rios de Teut\u00f4nia, realizou na manh\u00e3 de s\u00e1bado (29\/8), mais uma edi\u00e7\u00e3o do Descarte Consciente de Lixo Eletr\u00f4nico. A a\u00e7\u00e3o ocorreu na sede da entidade e ofereceu \u00e0 comunidade uma alternativa adequada para a destina\u00e7\u00e3o de equipamentos e materiais que n\u00e3o devem ser colocados no lixo comum.\" \/>\n<meta name=\"robots\" content=\"index, follow, max-snippet:-1, max-image-preview:large, max-video-preview:-1\" \/>\n<link rel=\"canonical\" href=\"https:\/\/folhapopular.info\/index.php\/2026\/08\/31\/descarte-consciente-recolhe-160-eletronicos-em-teutonia\/\" \/>\n<meta property=\"og:locale\" content=\"pt_BR\" \/>\n<meta property=\"og:type\" content=\"article\" \/>\n<meta property=\"og:title\" content=\"Descarte Consciente recolhe 160 eletr\u00f4nicos em Teut\u00f4nia - Folha Popular\" \/>\n<meta property=\"og:description\" content=\"A CIC Teut\u00f4nia, em parceria com a unidade da Parceiros Volunt\u00e1rios de Teut\u00f4nia, realizou na manh\u00e3 de s\u00e1bado (29\/8), mais uma edi\u00e7\u00e3o do Descarte Consciente de Lixo Eletr\u00f4nico. A a\u00e7\u00e3o ocorreu na sede da entidade e ofereceu \u00e0 comunidade uma alternativa adequada para a destina\u00e7\u00e3o de equipamentos e materiais que n\u00e3o devem ser colocados no lixo comum.\" \/>\n<meta property=\"og:url\" content=\"https:\/\/folhapopular.info\/index.php\/2026\/08\/31\/descarte-consciente-recolhe-160-eletronicos-em-teutonia\/\" \/>\n<meta property=\"og:site_name\" content=\"Folha Popular\" \/>\n<meta property=\"article:published_time\" content=\"2026-08-31T11:25:52+00:00\" \/>\n<meta property=\"article:modified_time\" content=\"2026-08-31T11:25:54+00:00\" \/>\n<meta property=\"og:image\" content=\"https:\/\/folhapopular.info\/wp-content\/uploads\/2026\/08\/IMG_3172.JPG-1-scaled.webp\" \/>\n\t<meta property=\"og:image:width\" content=\"2560\" \/>\n\t<meta property=\"og:image:height\" content=\"1920\" \/>\n\t<meta property=\"og:image:type\" content=\"image\/webp\" \/>\n<meta name=\"author\" content=\"Reda\u00e7\u00e3o Folha Popular\" \/>\n<meta name=\"twitter:card\" content=\"summary_large_image\" \/>\n<meta name=\"twitter:label1\" content=\"Escrito por\" \/>\n\t<meta name=\"twitter:data1\" content=\"Reda\u00e7\u00e3o Folha Popular\" \/>\n\t<meta name=\"twitter:label2\" content=\"Est. tempo de leitura\" \/>\n\t<meta name=\"twitter:data2\" content=\"2 minutos\" \/>\n<script type=\"application\/ld+json\" class=\"yoast-schema-graph\">{\"@context\":\"https:\\\/\\\/schema.org\",\"@graph\":[{\"@type\":\"Article\",\"@id\":\"https:\\\/\\\/folhapopular.info\\\/index.php\\\/2026\\\/08\\\/31\\\/descarte-consciente-recolhe-160-eletronicos-em-teutonia\\\/#article\",\"isPartOf\":{\"@id\":\"https:\\\/\\\/folhapopular.info\\\/index.php\\\/2026\\\/08\\\/31\\\/descarte-consciente-recolhe-160-eletronicos-em-teutonia\\\/\"},\"author\":{\"name\":\"Reda\u00e7\u00e3o Folha Popular\",\"@id\":\"https:\\\/\\\/folhapopular.info\\\/#\\\/schema\\\/person\\\/2814e8a0df7643585a9ca38bc6eb9d4b\"},\"headline\":\"Descarte Consciente recolhe 160 eletr\u00f4nicos em Teut\u00f4nia\",\"datePublished\":\"2026-08-31T11:25:52+00:00\",\"dateModified\":\"2026-08-31T11:25:54+00:00\",\"mainEntityOfPage\":{\"@id\":\"https:\\\/\\\/folhapopular.info\\\/index.php\\\/2026\\\/08\\\/31\\\/descarte-consciente-recolhe-160-eletronicos-em-teutonia\\\/\"},\"wordCount\":319,\"commentCount\":0,\"image\":{\"@id\":\"https:\\\/\\\/folhapopular.info\\\/index.php\\\/2026\\\/08\\\/31\\\/descarte-consciente-recolhe-160-eletronicos-em-teutonia\\\/#primaryimage\"},\"thumbnailUrl\":\"https:\\\/\\\/folhapopular.info\\\/wp-content\\\/uploads\\\/2026\\\/08\\\/IMG_3172.JPG-1-scaled.webp\",\"keywords\":[\"CIC\",\"descarte consciente\",\"Lixo Eletr\u00f4nico\",\"Parceiros Volunt\u00e1rios de Teut\u00f4nia\",\"Teut\u00f4nia\",\"Vale do Taquari\"],\"articleSection\":[\"Destaques\",\"Geral\"],\"inLanguage\":\"pt-BR\",\"potentialAction\":[{\"@type\":\"CommentAction\",\"name\":\"Comment\",\"target\":[\"https:\\\/\\\/folhapopular.info\\\/index.php\\\/2026\\\/08\\\/31\\\/descarte-consciente-recolhe-160-eletronicos-em-teutonia\\\/#respond\"]}]},{\"@type\":\"WebPage\",\"@id\":\"https:\\\/\\\/folhapopular.info\\\/index.php\\\/2026\\\/08\\\/31\\\/descarte-consciente-recolhe-160-eletronicos-em-teutonia\\\/\",\"url\":\"https:\\\/\\\/folhapopular.info\\\/index.php\\\/2026\\\/08\\\/31\\\/descarte-consciente-recolhe-160-eletronicos-em-teutonia\\\/\",\"name\":\"Descarte Consciente recolhe 160 eletr\u00f4nicos em Teut\u00f4nia - Folha Popular\",\"isPartOf\":{\"@id\":\"https:\\\/\\\/folhapopular.info\\\/#website\"},\"primaryImageOfPage\":{\"@id\":\"https:\\\/\\\/folhapopular.info\\\/index.php\\\/2026\\\/08\\\/31\\\/descarte-consciente-recolhe-160-eletronicos-em-teutonia\\\/#primaryimage\"},\"image\":{\"@id\":\"https:\\\/\\\/folhapopular.info\\\/index.php\\\/2026\\\/08\\\/31\\\/descarte-consciente-recolhe-160-eletronicos-em-teutonia\\\/#primaryimage\"},\"thumbnailUrl\":\"https:\\\/\\\/folhapopular.info\\\/wp-content\\\/uploads\\\/2026\\\/08\\\/IMG_3172.JPG-1-scaled.webp\",\"datePublished\":\"2026-08-31T11:25:52+00:00\",\"dateModified\":\"2026-08-31T11:25:54+00:00\",\"author\":{\"@id\":\"https:\\\/\\\/folhapopular.info\\\/#\\\/schema\\\/person\\\/2814e8a0df7643585a9ca38bc6eb9d4b\"},\"description\":\"A CIC Teut\u00f4nia, em parceria com a unidade da Parceiros Volunt\u00e1rios de Teut\u00f4nia, realizou na manh\u00e3 de s\u00e1bado (29\\\/8), mais uma edi\u00e7\u00e3o do Descarte Consciente de Lixo Eletr\u00f4nico. A a\u00e7\u00e3o ocorreu na sede da entidade e ofereceu \u00e0 comunidade uma alternativa adequada para a destina\u00e7\u00e3o de equipamentos e materiais que n\u00e3o devem ser colocados no lixo comum.\",\"breadcrumb\":{\"@id\":\"https:\\\/\\\/folhapopular.info\\\/index.php\\\/2026\\\/08\\\/31\\\/descarte-consciente-recolhe-160-eletronicos-em-teutonia\\\/#breadcrumb\"},\"inLanguage\":\"pt-BR\",\"potentialAction\":[{\"@type\":\"ReadAction\",\"target\":[\"https:\\\/\\\/folhapopular.info\\\/index.php\\\/2026\\\/08\\\/31\\\/descarte-consciente-recolhe-160-eletronicos-em-teutonia\\\/\"]}]},{\"@type\":\"ImageObject\",\"inLanguage\":\"pt-BR\",\"@id\":\"https:\\\/\\\/folhapopular.info\\\/index.php\\\/2026\\\/08\\\/31\\\/descarte-consciente-recolhe-160-eletronicos-em-teutonia\\\/#primaryimage\",\"url\":\"https:\\\/\\\/folhapopular.info\\\/wp-content\\\/uploads\\\/2026\\\/08\\\/IMG_3172.JPG-1-scaled.webp\",\"contentUrl\":\"https:\\\/\\\/folhapopular.info\\\/wp-content\\\/uploads\\\/2026\\\/08\\\/IMG_3172.JPG-1-scaled.webp\",\"width\":2560,\"height\":1920,\"caption\":\"Cr\u00e9dito: Fernanda Thais Kolling\"},{\"@type\":\"BreadcrumbList\",\"@id\":\"https:\\\/\\\/folhapopular.info\\\/index.php\\\/2026\\\/08\\\/31\\\/descarte-consciente-recolhe-160-eletronicos-em-teutonia\\\/#breadcrumb\",\"itemListElement\":[{\"@type\":\"ListItem\",\"position\":1,\"name\":\"In\u00edcio\",\"item\":\"https:\\\/\\\/folhapopular.info\\\/\"},{\"@type\":\"ListItem\",\"position\":2,\"name\":\"Descarte Consciente recolhe 160 eletr\u00f4nicos em Teut\u00f4nia\"}]},{\"@type\":\"WebSite\",\"@id\":\"https:\\\/\\\/folhapopular.info\\\/#website\",\"url\":\"https:\\\/\\\/folhapopular.info\\\/\",\"name\":\"Folha Popular\",\"description\":\"Onde voc\u00ea tem vez e voz\",\"potentialAction\":[{\"@type\":\"SearchAction\",\"target\":{\"@type\":\"EntryPoint\",\"urlTemplate\":\"https:\\\/\\\/folhapopular.info\\\/?s={search_term_string}\"},\"query-input\":{\"@type\":\"PropertyValueSpecification\",\"valueRequired\":true,\"valueName\":\"search_term_string\"}}],\"inLanguage\":\"pt-BR\"},{\"@type\":\"Person\",\"@id\":\"https:\\\/\\\/folhapopular.info\\\/#\\\/schema\\\/person\\\/2814e8a0df7643585a9ca38bc6eb9d4b\",\"name\":\"Reda\u00e7\u00e3o Folha Popular\",\"image\":{\"@type\":\"ImageObject\",\"inLanguage\":\"pt-BR\",\"@id\":\"https:\\\/\\\/folhapopular.info\\\/wp-content\\\/uploads\\\/2026\\\/04\\\/Folha-1.webp\",\"url\":\"https:\\\/\\\/folhapopular.info\\\/wp-content\\\/uploads\\\/2026\\\/04\\\/Folha-1.webp\",\"contentUrl\":\"https:\\\/\\\/folhapopular.info\\\/wp-content\\\/uploads\\\/2026\\\/04\\\/Folha-1.webp\",\"caption\":\"Reda\u00e7\u00e3o Folha Popular\"},\"url\":\"https:\\\/\\\/folhapopular.info\\\/index.php\\\/author\\\/redacao\\\/\"}]}<\/script>\n<!-- \/ Yoast SEO plugin. -->","yoast_head_json":{"title":"Descarte Consciente recolhe 160 eletr\u00f4nicos em Teut\u00f4nia - Folha Popular","description":"A CIC Teut\u00f4nia, em parceria com a unidade da Parceiros Volunt\u00e1rios de Teut\u00f4nia, realizou na manh\u00e3 de s\u00e1bado (29\/8), mais uma edi\u00e7\u00e3o do Descarte Consciente de Lixo Eletr\u00f4nico. A a\u00e7\u00e3o ocorreu na sede da entidade e ofereceu \u00e0 comunidade uma alternativa adequada para a destina\u00e7\u00e3o de equipamentos e materiais que n\u00e3o devem ser colocados no lixo comum.","robots":{"index":"index","follow":"follow","max-snippet":"max-snippet:-1","max-image-preview":"max-image-preview:large","max-video-preview":"max-video-preview:-1"},"canonical":"https:\/\/folhapopular.info\/index.php\/2026\/08\/31\/descarte-consciente-recolhe-160-eletronicos-em-teutonia\/","og_locale":"pt_BR","og_type":"article","og_title":"Descarte Consciente recolhe 160 eletr\u00f4nicos em Teut\u00f4nia - Folha Popular","og_description":"A CIC Teut\u00f4nia, em parceria com a unidade da Parceiros Volunt\u00e1rios de Teut\u00f4nia, realizou na manh\u00e3 de s\u00e1bado (29\/8), mais uma edi\u00e7\u00e3o do Descarte Consciente de Lixo Eletr\u00f4nico. A a\u00e7\u00e3o ocorreu na sede da entidade e ofereceu \u00e0 comunidade uma alternativa adequada para a destina\u00e7\u00e3o de equipamentos e materiais que n\u00e3o devem ser colocados no lixo comum.","og_url":"https:\/\/folhapopular.info\/index.php\/2026\/08\/31\/descarte-consciente-recolhe-160-eletronicos-em-teutonia\/","og_site_name":"Folha Popular","article_published_time":"2026-08-31T11:25:52+00:00","article_modified_time":"2026-08-31T11:25:54+00:00","og_image":[{"width":2560,"height":1920,"url":"https:\/\/folhapopular.info\/wp-content\/uploads\/2026\/08\/IMG_3172.JPG-1-scaled.webp","type":"image\/webp"}],"author":"Reda\u00e7\u00e3o Folha Popular","twitter_card":"summary_large_image","twitter_misc":{"Escrito por":"Reda\u00e7\u00e3o Folha Popular","Est. tempo de leitura":"2 minutos"},"schema":{"@context":"https:\/\/schema.org","@graph":[{"@type":"Article","@id":"https:\/\/folhapopular.info\/index.php\/2026\/08\/31\/descarte-consciente-recolhe-160-eletronicos-em-teutonia\/#article","isPartOf":{"@id":"https:\/\/folhapopular.info\/index.php\/2026\/08\/31\/descarte-consciente-recolhe-160-eletronicos-em-teutonia\/"},"author":{"name":"Reda\u00e7\u00e3o Folha Popular","@id":"https:\/\/folhapopular.info\/#\/schema\/person\/2814e8a0df7643585a9ca38bc6eb9d4b"},"headline":"Descarte Consciente recolhe 160 eletr\u00f4nicos em Teut\u00f4nia","datePublished":"2026-08-31T11:25:52+00:00","dateModified":"2026-08-31T11:25:54+00:00","mainEntityOfPage":{"@id":"https:\/\/folhapopular.info\/index.php\/2026\/08\/31\/descarte-consciente-recolhe-160-eletronicos-em-teutonia\/"},"wordCount":319,"commentCount":0,"image":{"@id":"https:\/\/folhapopular.info\/index.php\/2026\/08\/31\/descarte-consciente-recolhe-160-eletronicos-em-teutonia\/#primaryimage"},"thumbnailUrl":"https:\/\/folhapopular.info\/wp-content\/uploads\/2026\/08\/IMG_3172.JPG-1-scaled.webp","keywords":["CIC","descarte consciente","Lixo Eletr\u00f4nico","Parceiros Volunt\u00e1rios de Teut\u00f4nia","Teut\u00f4nia","Vale do Taquari"],"articleSection":["Destaques","Geral"],"inLanguage":"pt-BR","potentialAction":[{"@type":"CommentAction","name":"Comment","target":["https:\/\/folhapopular.info\/index.php\/2026\/08\/31\/descarte-consciente-recolhe-160-eletronicos-em-teutonia\/#respond"]}]},{"@type":"WebPage","@id":"https:\/\/folhapopular.info\/index.php\/2026\/08\/31\/descarte-consciente-recolhe-160-eletronicos-em-teutonia\/","url":"https:\/\/folhapopular.info\/index.php\/2026\/08\/31\/descarte-consciente-recolhe-160-eletronicos-em-teutonia\/","name":"Descarte Consciente recolhe 160 eletr\u00f4nicos em Teut\u00f4nia - Folha Popular","isPartOf":{"@id":"https:\/\/folhapopular.info\/#website"},"primaryImageOfPage":{"@id":"https:\/\/folhapopular.info\/index.php\/2026\/08\/31\/descarte-consciente-recolhe-160-eletronicos-em-teutonia\/#primaryimage"},"image":{"@id":"https:\/\/folhapopular.info\/index.php\/2026\/08\/31\/descarte-consciente-recolhe-160-eletronicos-em-teutonia\/#primaryimage"},"thumbnailUrl":"https:\/\/folhapopular.info\/wp-content\/uploads\/2026\/08\/IMG_3172.JPG-1-scaled.webp","datePublished":"2026-08-31T11:25:52+00:00","dateModified":"2026-08-31T11:25:54+00:00","author":{"@id":"https:\/\/folhapopular.info\/#\/schema\/person\/2814e8a0df7643585a9ca38bc6eb9d4b"},"description":"A CIC Teut\u00f4nia, em parceria com a unidade da Parceiros Volunt\u00e1rios de Teut\u00f4nia, realizou na manh\u00e3 de s\u00e1bado (29\/8), mais uma edi\u00e7\u00e3o do Descarte Consciente de Lixo Eletr\u00f4nico. A a\u00e7\u00e3o ocorreu na sede da entidade e ofereceu \u00e0 comunidade uma alternativa adequada para a destina\u00e7\u00e3o de equipamentos e materiais que n\u00e3o devem ser colocados no lixo comum.","breadcrumb":{"@id":"https:\/\/folhapopular.info\/index.php\/2026\/08\/31\/descarte-consciente-recolhe-160-eletronicos-em-teutonia\/#breadcrumb"},"inLanguage":"pt-BR","potentialAction":[{"@type":"ReadAction","target":["https:\/\/folhapopular.info\/index.php\/2026\/08\/31\/descarte-consciente-recolhe-160-eletronicos-em-teutonia\/"]}]},{"@type":"ImageObject","inLanguage":"pt-BR","@id":"https:\/\/folhapopular.info\/index.php\/2026\/08\/31\/descarte-consciente-recolhe-160-eletronicos-em-teutonia\/#primaryimage","url":"https:\/\/folhapopular.info\/wp-content\/uploads\/2026\/08\/IMG_3172.JPG-1-scaled.webp","contentUrl":"https:\/\/folhapopular.info\/wp-content\/uploads\/2026\/08\/IMG_3172.JPG-1-scaled.webp","width":2560,"height":1920,"caption":"Cr\u00e9dito: Fernanda Thais Kolling"},{"@type":"BreadcrumbList","@id":"https:\/\/folhapopular.info\/index.php\/2026\/08\/31\/descarte-consciente-recolhe-160-eletronicos-em-teutonia\/#breadcrumb","itemListElement":[{"@type":"ListItem","position":1,"name":"In\u00edcio","item":"https:\/\/folhapopular.info\/"},{"@type":"ListItem","position":2,"name":"Descarte Consciente recolhe 160 eletr\u00f4nicos em Teut\u00f4nia"}]},{"@type":"WebSite","@id":"https:\/\/folhapopular.info\/#website","url":"https:\/\/folhapopular.info\/","name":"Folha Popular","description":"Onde voc\u00ea tem vez e voz","potentialAction":[{"@type":"SearchAction","target":{"@type":"EntryPoint","urlTemplate":"https:\/\/folhapopular.info\/?s={search_term_string}"},"query-input":{"@type":"PropertyValueSpecification","valueRequired":true,"valueName":"search_term_string"}}],"inLanguage":"pt-BR"},{"@type":"Person","@id":"https:\/\/folhapopular.info\/#\/schema\/person\/2814e8a0df7643585a9ca38bc6eb9d4b","name":"Reda\u00e7\u00e3o Folha Popular","image":{"@type":"ImageObject","inLanguage":"pt-BR","@id":"https:\/\/folhapopular.info\/wp-content\/uploads\/2026\/04\/Folha-1.webp","url":"https:\/\/folhapopular.info\/wp-content\/uploads\/2026\/04\/Folha-1.webp","contentUrl":"https:\/\/folhapopular.info\/wp-content\/uploads\/2026\/04\/Folha-1.webp","caption":"Reda\u00e7\u00e3o Folha Popular"},"url":"https:\/\/folhapopular.info\/index.php\/author\/redacao\/"}]}},"jetpack_sharing_enabled":true,"amp_enabled":true,"jetpack_featured_media_url":"https:\/\/folhapopular.info\/wp-content\/uploads\/2026\/08\/IMG_3172.JPG-1-scaled.webp","_links":{"self":[{"href":"https:\/\/folhapopular.info\/index.php\/wp-json\/wp\/v2\/posts\/219976","targetHints":{"allow":["GET"]}}],"collection":[{"href":"https:\/\/folhapopular.info\/index.php\/wp-json\/wp\/v2\/posts"}],"about":[{"href":"https:\/\/folhapopular.info\/index.php\/wp-json\/wp\/v2\/types\/post"}],"author":[{"embeddable":true,"href":"https:\/\/folhapopular.info\/index.php\/wp-json\/wp\/v2\/users\/8"}],"replies":[{"embeddable":true,"href":"https:\/\/folhapopular.info\/index.php\/wp-json\/wp\/v2\/comments?post=219976"}],"version-history":[{"count":1,"href":"https:\/\/folhapopular.info\/index.php\/wp-json\/wp\/v2\/posts\/219976\/revisions"}],"predecessor-version":[{"id":219978,"href":"https:\/\/folhapopular.info\/index.php\/wp-json\/wp\/v2\/posts\/219976\/revisions\/219978"}],"wp:featuredmedia":[{"embeddable":true,"href":"https:\/\/folhapopular.info\/index.php\/wp-json\/wp\/v2\/media\/219977"}],"wp:attachment":[{"href":"https:\/\/folhapopular.info\/index.php\/wp-json\/wp\/v2\/media?parent=219976"}],"wp:term":[{"taxonomy":"category","embeddable":true,"href":"https:\/\/folhapopular.info\/index.php\/wp-json\/wp\/v2\/categories?post=219976"},{"taxonomy":"post_tag","embeddable":true,"href":"https:\/\/folhapopular.info\/index.php\/wp-json\/wp\/v2\/tags?post=219976"}],"curies":[{"name":"wp","href":"https:\/\/api.w.org\/{rel}","templated":true}]}}