{"id":219979,"date":"2026-08-31T10:05:12","date_gmt":"2026-08-31T13:05:12","guid":{"rendered":"https:\/\/folhapopular.info\/?p=219979"},"modified":"2026-08-31T10:05:14","modified_gmt":"2026-08-31T13:05:14","slug":"porto-de-estrela-tera-celebracao-gospel-gratuita","status":"publish","type":"post","link":"https:\/\/folhapopular.info\/index.php\/2026\/08\/31\/porto-de-estrela-tera-celebracao-gospel-gratuita\/","title":{"rendered":"Porto de Estrela ter\u00e1 celebra\u00e7\u00e3o gospel gratuita"},"content":{"rendered":"\n<p class=\"wp-block-paragraph\">O Porto de Estrela ser\u00e1 palco de uma tarde de m\u00fasica, f\u00e9 e integra\u00e7\u00e3o na segunda-feira (7\/9). A partir das 17h, a comunidade poder\u00e1 participar gratuitamente de um evento gospel promovido pela Igreja IADPUB de Estrela, que ter\u00e1 como atra\u00e7\u00e3o principal a apresenta\u00e7\u00e3o da banda ga\u00facha Opus Dei.<\/p>\n\n\n\n<p class=\"wp-block-paragraph\">A programa\u00e7\u00e3o foi organizada para reunir fam\u00edlias, amigos e moradores em um momento de confraterniza\u00e7\u00e3o e celebra\u00e7\u00e3o de Cristo. Apesar de ser voltado ao p\u00fablico gospel, o encontro \u00e9 aberto a pessoas de todas as religi\u00f5es e tamb\u00e9m a quem deseja participar de uma tarde de m\u00fasica e conviv\u00eancia.<\/p>\n\n\n\n<p class=\"wp-block-paragraph\">Al\u00e9m da apresenta\u00e7\u00e3o da Opus Dei, o evento ter\u00e1 churrasco, brinquedos para as crian\u00e7as e espa\u00e7o para o tradicional chimarr\u00e3o, com erva-mate e \u00e1gua quente dispon\u00edveis ao p\u00fablico. A proposta \u00e9 oferecer uma programa\u00e7\u00e3o para diferentes idades, reunindo m\u00fasica, gastronomia, cultura ga\u00facha e momentos de f\u00e9 e comunh\u00e3o.<\/p>\n\n\n\n<p class=\"wp-block-paragraph\">Conhecida pelo trabalho na m\u00fasica crist\u00e3, a banda Opus Dei levar\u00e1 ao Porto de Estrela um repert\u00f3rio de louvor e mensagens de f\u00e9. A apresenta\u00e7\u00e3o pretende proporcionar ao p\u00fablico um momento de celebra\u00e7\u00e3o e reflex\u00e3o.<\/p>\n\n\n\n<p class=\"wp-block-paragraph\">A iniciativa tamb\u00e9m busca aproximar a comunidade e fortalecer os v\u00ednculos entre os participantes, aproveitando um dos espa\u00e7os tradicionais de Estrela para promover um encontro aberto a todos.<\/p>\n\n\n\n<figure class=\"wp-block-image size-large\"><img loading=\"lazy\" decoding=\"async\" width=\"1024\" height=\"576\" src=\"https:\/\/folhapopular.info\/wp-content\/uploads\/2026\/08\/WhatsApp-Image-2026-08-31-at-09.26.03-1-1024x576.webp\" alt=\"Porto de Estrela \/ Cr\u00e9dito: Divulga\u00e7\u00e3o\" class=\"wp-image-219981\" srcset=\"https:\/\/folhapopular.info\/wp-content\/uploads\/2026\/08\/WhatsApp-Image-2026-08-31-at-09.26.03-1-1024x576.webp 1024w, https:\/\/folhapopular.info\/wp-content\/uploads\/2026\/08\/WhatsApp-Image-2026-08-31-at-09.26.03-1-300x169.webp 300w, https:\/\/folhapopular.info\/wp-content\/uploads\/2026\/08\/WhatsApp-Image-2026-08-31-at-09.26.03-1-768x432.webp 768w, https:\/\/folhapopular.info\/wp-content\/uploads\/2026\/08\/WhatsApp-Image-2026-08-31-at-09.26.03-1-747x420.webp 747w, https:\/\/folhapopular.info\/wp-content\/uploads\/2026\/08\/WhatsApp-Image-2026-08-31-at-09.26.03-1-696x392.webp 696w, https:\/\/folhapopular.info\/wp-content\/uploads\/2026\/08\/WhatsApp-Image-2026-08-31-at-09.26.03-1-1068x601.webp 1068w, https:\/\/folhapopular.info\/wp-content\/uploads\/2026\/08\/WhatsApp-Image-2026-08-31-at-09.26.03-1.webp 1200w\" sizes=\"auto, (max-width: 1024px) 100vw, 1024px\" \/><figcaption class=\"wp-element-caption\">Porto de Estrela \/ Cr\u00e9dito: Divulga\u00e7\u00e3o<\/figcaption><\/figure>\n","protected":false},"excerpt":{"rendered":"<p>O Porto de Estrela ser\u00e1 palco de uma tarde de m\u00fasica, f\u00e9 e integra\u00e7\u00e3o na segunda-feira (7\/9). A partir das 17h, a comunidade poder\u00e1 participar gratuitamente de um evento gospel promovido pela Igreja IADPUB de Estrela, que ter\u00e1 como atra\u00e7\u00e3o principal a apresenta\u00e7\u00e3o da banda ga\u00facha Opus Dei. A programa\u00e7\u00e3o foi organizada para reunir fam\u00edlias, [&hellip;]<\/p>\n","protected":false},"author":8,"featured_media":219980,"comment_status":"open","ping_status":"open","sticky":false,"template":"","format":"standard","meta":{"pmpro_default_level":"","_jetpack_memberships_contains_paid_content":false,"footnotes":""},"categories":[10996,6],"tags":[21860,5366,8,21861,63,1278],"class_list":["post-219979","post","type-post","status-publish","format-standard","has-post-thumbnail","category-cultura","category-inclusive","tag-celebracao-gospel","tag-comunidade","tag-estrela","tag-evento-gratuito","tag-musica","tag-porto-de-estrela","pmpro-has-access"],"yoast_head":"<!-- This site is optimized with the Yoast SEO plugin v28.3 - https:\/\/yoast.com\/product\/yoast-seo-wordpress\/ -->\n<title>Porto de Estrela ter\u00e1 celebra\u00e7\u00e3o gospel gratuita - Folha Popular<\/title>\n<meta name=\"description\" content=\"O Porto de Estrela ser\u00e1 palco de uma tarde de m\u00fasica, f\u00e9 e integra\u00e7\u00e3o na segunda-feira (7\/9). A partir das 17h, a comunidade poder\u00e1 participar gratuitamente de um evento gospel promovido pela Igreja IADPUB de Estrela, que ter\u00e1 como atra\u00e7\u00e3o principal a apresenta\u00e7\u00e3o da banda ga\u00facha Opus Dei.\" \/>\n<meta name=\"robots\" content=\"index, follow, max-snippet:-1, max-image-preview:large, max-video-preview:-1\" \/>\n<link rel=\"canonical\" href=\"https:\/\/folhapopular.info\/index.php\/2026\/08\/31\/porto-de-estrela-tera-celebracao-gospel-gratuita\/\" \/>\n<meta property=\"og:locale\" content=\"pt_BR\" \/>\n<meta property=\"og:type\" content=\"article\" \/>\n<meta property=\"og:title\" content=\"Porto de Estrela ter\u00e1 celebra\u00e7\u00e3o gospel gratuita - Folha Popular\" \/>\n<meta property=\"og:description\" content=\"O Porto de Estrela ser\u00e1 palco de uma tarde de m\u00fasica, f\u00e9 e integra\u00e7\u00e3o na segunda-feira (7\/9). A partir das 17h, a comunidade poder\u00e1 participar gratuitamente de um evento gospel promovido pela Igreja IADPUB de Estrela, que ter\u00e1 como atra\u00e7\u00e3o principal a apresenta\u00e7\u00e3o da banda ga\u00facha Opus Dei.\" \/>\n<meta property=\"og:url\" content=\"https:\/\/folhapopular.info\/index.php\/2026\/08\/31\/porto-de-estrela-tera-celebracao-gospel-gratuita\/\" \/>\n<meta property=\"og:site_name\" content=\"Folha Popular\" \/>\n<meta property=\"article:published_time\" content=\"2026-08-31T13:05:12+00:00\" \/>\n<meta property=\"article:modified_time\" content=\"2026-08-31T13:05:14+00:00\" \/>\n<meta property=\"og:image\" content=\"https:\/\/folhapopular.info\/wp-content\/uploads\/2026\/08\/WhatsApp-Image-2026-08-31-at-09.26.03.webp\" \/>\n\t<meta property=\"og:image:width\" content=\"1280\" \/>\n\t<meta property=\"og:image:height\" content=\"853\" \/>\n\t<meta property=\"og:image:type\" content=\"image\/webp\" \/>\n<meta name=\"author\" content=\"Reda\u00e7\u00e3o Folha Popular\" \/>\n<meta name=\"twitter:card\" content=\"summary_large_image\" \/>\n<meta name=\"twitter:label1\" content=\"Escrito por\" \/>\n\t<meta name=\"twitter:data1\" content=\"Reda\u00e7\u00e3o Folha Popular\" \/>\n\t<meta name=\"twitter:label2\" content=\"Est. tempo de leitura\" \/>\n\t<meta name=\"twitter:data2\" content=\"2 minutos\" \/>\n<script type=\"application\/ld+json\" class=\"yoast-schema-graph\">{\"@context\":\"https:\\\/\\\/schema.org\",\"@graph\":[{\"@type\":\"Article\",\"@id\":\"https:\\\/\\\/folhapopular.info\\\/index.php\\\/2026\\\/08\\\/31\\\/porto-de-estrela-tera-celebracao-gospel-gratuita\\\/#article\",\"isPartOf\":{\"@id\":\"https:\\\/\\\/folhapopular.info\\\/index.php\\\/2026\\\/08\\\/31\\\/porto-de-estrela-tera-celebracao-gospel-gratuita\\\/\"},\"author\":{\"name\":\"Reda\u00e7\u00e3o Folha Popular\",\"@id\":\"https:\\\/\\\/folhapopular.info\\\/#\\\/schema\\\/person\\\/2814e8a0df7643585a9ca38bc6eb9d4b\"},\"headline\":\"Porto de Estrela ter\u00e1 celebra\u00e7\u00e3o gospel gratuita\",\"datePublished\":\"2026-08-31T13:05:12+00:00\",\"dateModified\":\"2026-08-31T13:05:14+00:00\",\"mainEntityOfPage\":{\"@id\":\"https:\\\/\\\/folhapopular.info\\\/index.php\\\/2026\\\/08\\\/31\\\/porto-de-estrela-tera-celebracao-gospel-gratuita\\\/\"},\"wordCount\":254,\"commentCount\":0,\"image\":{\"@id\":\"https:\\\/\\\/folhapopular.info\\\/index.php\\\/2026\\\/08\\\/31\\\/porto-de-estrela-tera-celebracao-gospel-gratuita\\\/#primaryimage\"},\"thumbnailUrl\":\"https:\\\/\\\/folhapopular.info\\\/wp-content\\\/uploads\\\/2026\\\/08\\\/WhatsApp-Image-2026-08-31-at-09.26.03.webp\",\"keywords\":[\"celebra\u00e7\u00e3o gospel\",\"Comunidade\",\"Estrela\",\"evento gratuito\",\"Musica\",\"Porto de Estrela\"],\"articleSection\":[\"Cultura\",\"Inclusive\"],\"inLanguage\":\"pt-BR\",\"potentialAction\":[{\"@type\":\"CommentAction\",\"name\":\"Comment\",\"target\":[\"https:\\\/\\\/folhapopular.info\\\/index.php\\\/2026\\\/08\\\/31\\\/porto-de-estrela-tera-celebracao-gospel-gratuita\\\/#respond\"]}]},{\"@type\":\"WebPage\",\"@id\":\"https:\\\/\\\/folhapopular.info\\\/index.php\\\/2026\\\/08\\\/31\\\/porto-de-estrela-tera-celebracao-gospel-gratuita\\\/\",\"url\":\"https:\\\/\\\/folhapopular.info\\\/index.php\\\/2026\\\/08\\\/31\\\/porto-de-estrela-tera-celebracao-gospel-gratuita\\\/\",\"name\":\"Porto de Estrela ter\u00e1 celebra\u00e7\u00e3o gospel gratuita - Folha Popular\",\"isPartOf\":{\"@id\":\"https:\\\/\\\/folhapopular.info\\\/#website\"},\"primaryImageOfPage\":{\"@id\":\"https:\\\/\\\/folhapopular.info\\\/index.php\\\/2026\\\/08\\\/31\\\/porto-de-estrela-tera-celebracao-gospel-gratuita\\\/#primaryimage\"},\"image\":{\"@id\":\"https:\\\/\\\/folhapopular.info\\\/index.php\\\/2026\\\/08\\\/31\\\/porto-de-estrela-tera-celebracao-gospel-gratuita\\\/#primaryimage\"},\"thumbnailUrl\":\"https:\\\/\\\/folhapopular.info\\\/wp-content\\\/uploads\\\/2026\\\/08\\\/WhatsApp-Image-2026-08-31-at-09.26.03.webp\",\"datePublished\":\"2026-08-31T13:05:12+00:00\",\"dateModified\":\"2026-08-31T13:05:14+00:00\",\"author\":{\"@id\":\"https:\\\/\\\/folhapopular.info\\\/#\\\/schema\\\/person\\\/2814e8a0df7643585a9ca38bc6eb9d4b\"},\"description\":\"O Porto de Estrela ser\u00e1 palco de uma tarde de m\u00fasica, f\u00e9 e integra\u00e7\u00e3o na segunda-feira (7\\\/9). A partir das 17h, a comunidade poder\u00e1 participar gratuitamente de um evento gospel promovido pela Igreja IADPUB de Estrela, que ter\u00e1 como atra\u00e7\u00e3o principal a apresenta\u00e7\u00e3o da banda ga\u00facha Opus Dei.\",\"breadcrumb\":{\"@id\":\"https:\\\/\\\/folhapopular.info\\\/index.php\\\/2026\\\/08\\\/31\\\/porto-de-estrela-tera-celebracao-gospel-gratuita\\\/#breadcrumb\"},\"inLanguage\":\"pt-BR\",\"potentialAction\":[{\"@type\":\"ReadAction\",\"target\":[\"https:\\\/\\\/folhapopular.info\\\/index.php\\\/2026\\\/08\\\/31\\\/porto-de-estrela-tera-celebracao-gospel-gratuita\\\/\"]}]},{\"@type\":\"ImageObject\",\"inLanguage\":\"pt-BR\",\"@id\":\"https:\\\/\\\/folhapopular.info\\\/index.php\\\/2026\\\/08\\\/31\\\/porto-de-estrela-tera-celebracao-gospel-gratuita\\\/#primaryimage\",\"url\":\"https:\\\/\\\/folhapopular.info\\\/wp-content\\\/uploads\\\/2026\\\/08\\\/WhatsApp-Image-2026-08-31-at-09.26.03.webp\",\"contentUrl\":\"https:\\\/\\\/folhapopular.info\\\/wp-content\\\/uploads\\\/2026\\\/08\\\/WhatsApp-Image-2026-08-31-at-09.26.03.webp\",\"width\":1280,\"height\":853,\"caption\":\"Cr\u00e9dito: Divulga\u00e7\u00e3o\"},{\"@type\":\"BreadcrumbList\",\"@id\":\"https:\\\/\\\/folhapopular.info\\\/index.php\\\/2026\\\/08\\\/31\\\/porto-de-estrela-tera-celebracao-gospel-gratuita\\\/#breadcrumb\",\"itemListElement\":[{\"@type\":\"ListItem\",\"position\":1,\"name\":\"In\u00edcio\",\"item\":\"https:\\\/\\\/folhapopular.info\\\/\"},{\"@type\":\"ListItem\",\"position\":2,\"name\":\"Porto de Estrela ter\u00e1 celebra\u00e7\u00e3o gospel gratuita\"}]},{\"@type\":\"WebSite\",\"@id\":\"https:\\\/\\\/folhapopular.info\\\/#website\",\"url\":\"https:\\\/\\\/folhapopular.info\\\/\",\"name\":\"Folha Popular\",\"description\":\"Onde voc\u00ea tem vez e voz\",\"potentialAction\":[{\"@type\":\"SearchAction\",\"target\":{\"@type\":\"EntryPoint\",\"urlTemplate\":\"https:\\\/\\\/folhapopular.info\\\/?s={search_term_string}\"},\"query-input\":{\"@type\":\"PropertyValueSpecification\",\"valueRequired\":true,\"valueName\":\"search_term_string\"}}],\"inLanguage\":\"pt-BR\"},{\"@type\":\"Person\",\"@id\":\"https:\\\/\\\/folhapopular.info\\\/#\\\/schema\\\/person\\\/2814e8a0df7643585a9ca38bc6eb9d4b\",\"name\":\"Reda\u00e7\u00e3o Folha Popular\",\"image\":{\"@type\":\"ImageObject\",\"inLanguage\":\"pt-BR\",\"@id\":\"https:\\\/\\\/folhapopular.info\\\/wp-content\\\/uploads\\\/2026\\\/04\\\/Folha-1.webp\",\"url\":\"https:\\\/\\\/folhapopular.info\\\/wp-content\\\/uploads\\\/2026\\\/04\\\/Folha-1.webp\",\"contentUrl\":\"https:\\\/\\\/folhapopular.info\\\/wp-content\\\/uploads\\\/2026\\\/04\\\/Folha-1.webp\",\"caption\":\"Reda\u00e7\u00e3o Folha Popular\"},\"url\":\"https:\\\/\\\/folhapopular.info\\\/index.php\\\/author\\\/redacao\\\/\"}]}<\/script>\n<!-- \/ Yoast SEO plugin. -->","yoast_head_json":{"title":"Porto de Estrela ter\u00e1 celebra\u00e7\u00e3o gospel gratuita - Folha Popular","description":"O Porto de Estrela ser\u00e1 palco de uma tarde de m\u00fasica, f\u00e9 e integra\u00e7\u00e3o na segunda-feira (7\/9). A partir das 17h, a comunidade poder\u00e1 participar gratuitamente de um evento gospel promovido pela Igreja IADPUB de Estrela, que ter\u00e1 como atra\u00e7\u00e3o principal a apresenta\u00e7\u00e3o da banda ga\u00facha Opus Dei.","robots":{"index":"index","follow":"follow","max-snippet":"max-snippet:-1","max-image-preview":"max-image-preview:large","max-video-preview":"max-video-preview:-1"},"canonical":"https:\/\/folhapopular.info\/index.php\/2026\/08\/31\/porto-de-estrela-tera-celebracao-gospel-gratuita\/","og_locale":"pt_BR","og_type":"article","og_title":"Porto de Estrela ter\u00e1 celebra\u00e7\u00e3o gospel gratuita - Folha Popular","og_description":"O Porto de Estrela ser\u00e1 palco de uma tarde de m\u00fasica, f\u00e9 e integra\u00e7\u00e3o na segunda-feira (7\/9). A partir das 17h, a comunidade poder\u00e1 participar gratuitamente de um evento gospel promovido pela Igreja IADPUB de Estrela, que ter\u00e1 como atra\u00e7\u00e3o principal a apresenta\u00e7\u00e3o da banda ga\u00facha Opus Dei.","og_url":"https:\/\/folhapopular.info\/index.php\/2026\/08\/31\/porto-de-estrela-tera-celebracao-gospel-gratuita\/","og_site_name":"Folha Popular","article_published_time":"2026-08-31T13:05:12+00:00","article_modified_time":"2026-08-31T13:05:14+00:00","og_image":[{"width":1280,"height":853,"url":"https:\/\/folhapopular.info\/wp-content\/uploads\/2026\/08\/WhatsApp-Image-2026-08-31-at-09.26.03.webp","type":"image\/webp"}],"author":"Reda\u00e7\u00e3o Folha Popular","twitter_card":"summary_large_image","twitter_misc":{"Escrito por":"Reda\u00e7\u00e3o Folha Popular","Est. tempo de leitura":"2 minutos"},"schema":{"@context":"https:\/\/schema.org","@graph":[{"@type":"Article","@id":"https:\/\/folhapopular.info\/index.php\/2026\/08\/31\/porto-de-estrela-tera-celebracao-gospel-gratuita\/#article","isPartOf":{"@id":"https:\/\/folhapopular.info\/index.php\/2026\/08\/31\/porto-de-estrela-tera-celebracao-gospel-gratuita\/"},"author":{"name":"Reda\u00e7\u00e3o Folha Popular","@id":"https:\/\/folhapopular.info\/#\/schema\/person\/2814e8a0df7643585a9ca38bc6eb9d4b"},"headline":"Porto de Estrela ter\u00e1 celebra\u00e7\u00e3o gospel gratuita","datePublished":"2026-08-31T13:05:12+00:00","dateModified":"2026-08-31T13:05:14+00:00","mainEntityOfPage":{"@id":"https:\/\/folhapopular.info\/index.php\/2026\/08\/31\/porto-de-estrela-tera-celebracao-gospel-gratuita\/"},"wordCount":254,"commentCount":0,"image":{"@id":"https:\/\/folhapopular.info\/index.php\/2026\/08\/31\/porto-de-estrela-tera-celebracao-gospel-gratuita\/#primaryimage"},"thumbnailUrl":"https:\/\/folhapopular.info\/wp-content\/uploads\/2026\/08\/WhatsApp-Image-2026-08-31-at-09.26.03.webp","keywords":["celebra\u00e7\u00e3o gospel","Comunidade","Estrela","evento gratuito","Musica","Porto de Estrela"],"articleSection":["Cultura","Inclusive"],"inLanguage":"pt-BR","potentialAction":[{"@type":"CommentAction","name":"Comment","target":["https:\/\/folhapopular.info\/index.php\/2026\/08\/31\/porto-de-estrela-tera-celebracao-gospel-gratuita\/#respond"]}]},{"@type":"WebPage","@id":"https:\/\/folhapopular.info\/index.php\/2026\/08\/31\/porto-de-estrela-tera-celebracao-gospel-gratuita\/","url":"https:\/\/folhapopular.info\/index.php\/2026\/08\/31\/porto-de-estrela-tera-celebracao-gospel-gratuita\/","name":"Porto de Estrela ter\u00e1 celebra\u00e7\u00e3o gospel gratuita - Folha Popular","isPartOf":{"@id":"https:\/\/folhapopular.info\/#website"},"primaryImageOfPage":{"@id":"https:\/\/folhapopular.info\/index.php\/2026\/08\/31\/porto-de-estrela-tera-celebracao-gospel-gratuita\/#primaryimage"},"image":{"@id":"https:\/\/folhapopular.info\/index.php\/2026\/08\/31\/porto-de-estrela-tera-celebracao-gospel-gratuita\/#primaryimage"},"thumbnailUrl":"https:\/\/folhapopular.info\/wp-content\/uploads\/2026\/08\/WhatsApp-Image-2026-08-31-at-09.26.03.webp","datePublished":"2026-08-31T13:05:12+00:00","dateModified":"2026-08-31T13:05:14+00:00","author":{"@id":"https:\/\/folhapopular.info\/#\/schema\/person\/2814e8a0df7643585a9ca38bc6eb9d4b"},"description":"O Porto de Estrela ser\u00e1 palco de uma tarde de m\u00fasica, f\u00e9 e integra\u00e7\u00e3o na segunda-feira (7\/9). A partir das 17h, a comunidade poder\u00e1 participar gratuitamente de um evento gospel promovido pela Igreja IADPUB de Estrela, que ter\u00e1 como atra\u00e7\u00e3o principal a apresenta\u00e7\u00e3o da banda ga\u00facha Opus Dei.","breadcrumb":{"@id":"https:\/\/folhapopular.info\/index.php\/2026\/08\/31\/porto-de-estrela-tera-celebracao-gospel-gratuita\/#breadcrumb"},"inLanguage":"pt-BR","potentialAction":[{"@type":"ReadAction","target":["https:\/\/folhapopular.info\/index.php\/2026\/08\/31\/porto-de-estrela-tera-celebracao-gospel-gratuita\/"]}]},{"@type":"ImageObject","inLanguage":"pt-BR","@id":"https:\/\/folhapopular.info\/index.php\/2026\/08\/31\/porto-de-estrela-tera-celebracao-gospel-gratuita\/#primaryimage","url":"https:\/\/folhapopular.info\/wp-content\/uploads\/2026\/08\/WhatsApp-Image-2026-08-31-at-09.26.03.webp","contentUrl":"https:\/\/folhapopular.info\/wp-content\/uploads\/2026\/08\/WhatsApp-Image-2026-08-31-at-09.26.03.webp","width":1280,"height":853,"caption":"Cr\u00e9dito: Divulga\u00e7\u00e3o"},{"@type":"BreadcrumbList","@id":"https:\/\/folhapopular.info\/index.php\/2026\/08\/31\/porto-de-estrela-tera-celebracao-gospel-gratuita\/#breadcrumb","itemListElement":[{"@type":"ListItem","position":1,"name":"In\u00edcio","item":"https:\/\/folhapopular.info\/"},{"@type":"ListItem","position":2,"name":"Porto de Estrela ter\u00e1 celebra\u00e7\u00e3o gospel gratuita"}]},{"@type":"WebSite","@id":"https:\/\/folhapopular.info\/#website","url":"https:\/\/folhapopular.info\/","name":"Folha Popular","description":"Onde voc\u00ea tem vez e voz","potentialAction":[{"@type":"SearchAction","target":{"@type":"EntryPoint","urlTemplate":"https:\/\/folhapopular.info\/?s={search_term_string}"},"query-input":{"@type":"PropertyValueSpecification","valueRequired":true,"valueName":"search_term_string"}}],"inLanguage":"pt-BR"},{"@type":"Person","@id":"https:\/\/folhapopular.info\/#\/schema\/person\/2814e8a0df7643585a9ca38bc6eb9d4b","name":"Reda\u00e7\u00e3o Folha Popular","image":{"@type":"ImageObject","inLanguage":"pt-BR","@id":"https:\/\/folhapopular.info\/wp-content\/uploads\/2026\/04\/Folha-1.webp","url":"https:\/\/folhapopular.info\/wp-content\/uploads\/2026\/04\/Folha-1.webp","contentUrl":"https:\/\/folhapopular.info\/wp-content\/uploads\/2026\/04\/Folha-1.webp","caption":"Reda\u00e7\u00e3o Folha Popular"},"url":"https:\/\/folhapopular.info\/index.php\/author\/redacao\/"}]}},"jetpack_sharing_enabled":true,"amp_enabled":true,"jetpack_featured_media_url":"https:\/\/folhapopular.info\/wp-content\/uploads\/2026\/08\/WhatsApp-Image-2026-08-31-at-09.26.03.webp","_links":{"self":[{"href":"https:\/\/folhapopular.info\/index.php\/wp-json\/wp\/v2\/posts\/219979","targetHints":{"allow":["GET"]}}],"collection":[{"href":"https:\/\/folhapopular.info\/index.php\/wp-json\/wp\/v2\/posts"}],"about":[{"href":"https:\/\/folhapopular.info\/index.php\/wp-json\/wp\/v2\/types\/post"}],"author":[{"embeddable":true,"href":"https:\/\/folhapopular.info\/index.php\/wp-json\/wp\/v2\/users\/8"}],"replies":[{"embeddable":true,"href":"https:\/\/folhapopular.info\/index.php\/wp-json\/wp\/v2\/comments?post=219979"}],"version-history":[{"count":1,"href":"https:\/\/folhapopular.info\/index.php\/wp-json\/wp\/v2\/posts\/219979\/revisions"}],"predecessor-version":[{"id":219982,"href":"https:\/\/folhapopular.info\/index.php\/wp-json\/wp\/v2\/posts\/219979\/revisions\/219982"}],"wp:featuredmedia":[{"embeddable":true,"href":"https:\/\/folhapopular.info\/index.php\/wp-json\/wp\/v2\/media\/219980"}],"wp:attachment":[{"href":"https:\/\/folhapopular.info\/index.php\/wp-json\/wp\/v2\/media?parent=219979"}],"wp:term":[{"taxonomy":"category","embeddable":true,"href":"https:\/\/folhapopular.info\/index.php\/wp-json\/wp\/v2\/categories?post=219979"},{"taxonomy":"post_tag","embeddable":true,"href":"https:\/\/folhapopular.info\/index.php\/wp-json\/wp\/v2\/tags?post=219979"}],"curies":[{"name":"wp","href":"https:\/\/api.w.org\/{rel}","templated":true}]}}