{"id":219988,"date":"2026-08-31T13:31:51","date_gmt":"2026-08-31T16:31:51","guid":{"rendered":"https:\/\/folhapopular.info\/?p=219988"},"modified":"2026-08-31T13:31:53","modified_gmt":"2026-08-31T16:31:53","slug":"univates-oferece-tratamento-gratuito-para-feridas-cronicas","status":"publish","type":"post","link":"https:\/\/folhapopular.info\/index.php\/2026\/08\/31\/univates-oferece-tratamento-gratuito-para-feridas-cronicas\/","title":{"rendered":"Univates oferece tratamento gratuito para feridas cr\u00f4nicas"},"content":{"rendered":"\n<p class=\"wp-block-paragraph\">Feridas que permanecem abertas por meses ou at\u00e9 mesmo anos podem afetar a mobilidade, provocar dores, reduzir a autonomia e comprometer a qualidade de vida. Para pessoas com diabetes e outras condi\u00e7\u00f5es que dificultam o processo de cicatriza\u00e7\u00e3o, o acompanhamento especializado \u00e9 fundamental. No Vale do Taquari, moradores que convivem com esse tipo de les\u00e3o podem contar com atendimento gratuito oferecido pelo Ambulat\u00f3rio de Assist\u00eancia para Tratamento de Feridas da Universidade do Vale do Taquari (Univates).<\/p>\n\n\n\n<p class=\"wp-block-paragraph\">O projeto de extens\u00e3o iniciou as atividades em setembro de 2021 e, desde ent\u00e3o, j\u00e1 acompanhou dezenas de pacientes da regi\u00e3o. Atualmente, cerca de 12 pessoas realizam acompanhamento regular. Entre os munic\u00edpios de origem est\u00e3o Lajeado, Arroio do Meio, Marques de Souza e Estrela. Os pacientes chegam ao projeto por meio de encaminhamentos dos servi\u00e7os de sa\u00fade da Univates, de est\u00e1gios curriculares ou pela procura direta da comunidade.<\/p>\n\n\n\n<h2 class=\"wp-block-heading\"><strong>Projeto nasceu de uma demanda regional<\/strong><\/h2>\n\n\n\n<p class=\"wp-block-paragraph\">A cria\u00e7\u00e3o do ambulat\u00f3rio ocorreu ap\u00f3s a identifica\u00e7\u00e3o de uma demanda crescente por atendimento a pessoas com \u00falceras, principalmente nos membros inferiores. Esses casos eram observados na Cl\u00ednica-Escola de Fisioterapia e durante os est\u00e1gios curriculares. A partir disso, foi criado um espa\u00e7o permanente que une atendimento \u00e0 comunidade e forma\u00e7\u00e3o pr\u00e1tica de estudantes dos cursos de Fisioterapia e Est\u00e9tica e Cosm\u00e9tica.<\/p>\n\n\n\n<p class=\"wp-block-paragraph\">Os atendimentos s\u00e3o realizados no campus da Univates, em Lajeado, nos laborat\u00f3rios do curso de Est\u00e9tica e Cosm\u00e9tica, localizados no pr\u00e9dio 18. O servi\u00e7o funciona tr\u00eas vezes por semana, com a participa\u00e7\u00e3o de estudantes volunt\u00e1rios e acompanhamento de acad\u00eamicos do curso de Medicina da universidade. A iniciativa \u00e9 coordenada pela professora Giovana Sinigaglia.<\/p>\n\n\n\n<p class=\"wp-block-paragraph\">Grande parte dos pacientes apresenta feridas cr\u00f4nicas relacionadas a outras condi\u00e7\u00f5es de sa\u00fade, como diabetes melito e hipertens\u00e3o arterial. Por isso, cada caso exige uma avalia\u00e7\u00e3o individual, considerando as condi\u00e7\u00f5es cl\u00ednicas do paciente e a evolu\u00e7\u00e3o da les\u00e3o.<\/p>\n\n\n\n<p class=\"wp-block-paragraph\">Entre os recursos empregados no tratamento est\u00e1 a fototerapia. Tamb\u00e9m s\u00e3o realizados procedimentos e repassadas orienta\u00e7\u00f5es para o cuidado com a pele e as feridas. A defini\u00e7\u00e3o da conduta ocorre a partir da avalia\u00e7\u00e3o de cada paciente, que pode envolver anamnese, exame da pele, registros fotogr\u00e1ficos da les\u00e3o, higieniza\u00e7\u00e3o, escolha dos curativos e orienta\u00e7\u00f5es para os cuidados que devem ser realizados em casa.<\/p>\n\n\n\n<h2 class=\"wp-block-heading\"><strong>Acompanhamento permite avaliar evolu\u00e7\u00e3o<\/strong><\/h2>\n\n\n\n<p class=\"wp-block-paragraph\">O acompanhamento cont\u00ednuo possibilita observar a evolu\u00e7\u00e3o dos pacientes ao longo do tratamento. Em 2023, professores e estudantes passaram a utilizar registros fotogr\u00e1ficos das les\u00f5es como parte do acompanhamento cl\u00ednico. A ferramenta permite comparar os resultados e ajustar as condutas de acordo com a resposta apresentada por cada paciente.<\/p>\n\n\n\n<p class=\"wp-block-paragraph\">No mesmo per\u00edodo, o projeto tamb\u00e9m realizou oficinas voltadas \u00e0 eletroterapia e ao manejo de feridas cr\u00f4nicas. Em 2024, foram mantidos os atendimentos com avalia\u00e7\u00e3o individualizada, controle por imagens, escolha dos curativos e orienta\u00e7\u00f5es de preven\u00e7\u00e3o.<\/p>\n\n\n\n<p class=\"wp-block-paragraph\">A partir de 2025, os atendimentos passaram a ocorrer tr\u00eas vezes por semana. Entre os benef\u00edcios relatados pelos participantes est\u00e3o uma cicatriza\u00e7\u00e3o mais r\u00e1pida, redu\u00e7\u00e3o das queixas de dor, maior socializa\u00e7\u00e3o, aumento da autoestima e mais autonomia para realizar atividades do dia a dia.<\/p>\n\n\n\n<p class=\"wp-block-paragraph\">Os registros do projeto mostram a continuidade do trabalho ao longo dos anos. Em 2022, foram atendidas 10 pessoas, que somaram 340 participa\u00e7\u00f5es. No ano seguinte, 14 pacientes participaram do projeto, com 236 participa\u00e7\u00f5es. Em 2024, oito pessoas foram acompanhadas, totalizando 358 participa\u00e7\u00f5es. J\u00e1 em 2025, foram 11 pacientes e 167 participa\u00e7\u00f5es.<\/p>\n\n\n\n<p class=\"wp-block-paragraph\">Al\u00e9m de contribuir para a recupera\u00e7\u00e3o dos pacientes, o ambulat\u00f3rio tamb\u00e9m oferece aos estudantes uma oportunidade de vivenciar situa\u00e7\u00f5es pr\u00e1ticas da \u00e1rea da sa\u00fade. O contato com diferentes tipos de feridas permite aos acad\u00eamicos desenvolver habilidades relacionadas \u00e0 avalia\u00e7\u00e3o das les\u00f5es, acompanhamento dos resultados, defini\u00e7\u00e3o de condutas e orienta\u00e7\u00e3o aos pacientes.<\/p>\n\n\n\n<p class=\"wp-block-paragraph\">Ao longo da trajet\u00f3ria do projeto, pelo menos cinco pacientes tiveram as feridas completamente cicatrizadas e receberam alta. O resultado demonstra que o trabalho vai al\u00e9m da realiza\u00e7\u00e3o de procedimentos, buscando auxiliar os pacientes durante o processo de recupera\u00e7\u00e3o e contribuir para o aumento da autonomia.<\/p>\n\n\n\n<p class=\"wp-block-paragraph\">A iniciativa tamb\u00e9m fortalece a rela\u00e7\u00e3o entre a universidade e as necessidades da popula\u00e7\u00e3o do Vale do Taquari. Por meio da extens\u00e3o, os conhecimentos desenvolvidos no ambiente acad\u00eamico s\u00e3o aplicados em situa\u00e7\u00f5es reais, enquanto as demandas encontradas durante os atendimentos tamb\u00e9m contribuem para a forma\u00e7\u00e3o dos estudantes.<\/p>\n\n\n\n<p class=\"wp-block-paragraph\">Pessoas interessadas em buscar atendimento podem entrar em contato com o curso de Est\u00e9tica e Cosm\u00e9tica da Univates pelo e-mail estetica@univates.br.<\/p>\n\n\n\n<figure class=\"wp-block-image size-large\"><img loading=\"lazy\" decoding=\"async\" width=\"1024\" height=\"683\" src=\"https:\/\/folhapopular.info\/wp-content\/uploads\/2026\/08\/1-Ilustrativa-para-tratamento-de-feridas-Credito-Diana-Polekhina-Unsplash-1024x683.webp\" alt=\"Cr\u00e9dito:  Diana Polekhina \/ Unsplash\" class=\"wp-image-220007\" srcset=\"https:\/\/folhapopular.info\/wp-content\/uploads\/2026\/08\/1-Ilustrativa-para-tratamento-de-feridas-Credito-Diana-Polekhina-Unsplash-1024x683.webp 1024w, https:\/\/folhapopular.info\/wp-content\/uploads\/2026\/08\/1-Ilustrativa-para-tratamento-de-feridas-Credito-Diana-Polekhina-Unsplash-300x200.webp 300w, https:\/\/folhapopular.info\/wp-content\/uploads\/2026\/08\/1-Ilustrativa-para-tratamento-de-feridas-Credito-Diana-Polekhina-Unsplash-768x512.webp 768w, https:\/\/folhapopular.info\/wp-content\/uploads\/2026\/08\/1-Ilustrativa-para-tratamento-de-feridas-Credito-Diana-Polekhina-Unsplash-1536x1024.webp 1536w, https:\/\/folhapopular.info\/wp-content\/uploads\/2026\/08\/1-Ilustrativa-para-tratamento-de-feridas-Credito-Diana-Polekhina-Unsplash-2048x1365.webp 2048w, https:\/\/folhapopular.info\/wp-content\/uploads\/2026\/08\/1-Ilustrativa-para-tratamento-de-feridas-Credito-Diana-Polekhina-Unsplash-630x420.webp 630w, https:\/\/folhapopular.info\/wp-content\/uploads\/2026\/08\/1-Ilustrativa-para-tratamento-de-feridas-Credito-Diana-Polekhina-Unsplash-696x464.webp 696w, https:\/\/folhapopular.info\/wp-content\/uploads\/2026\/08\/1-Ilustrativa-para-tratamento-de-feridas-Credito-Diana-Polekhina-Unsplash-1068x712.webp 1068w, https:\/\/folhapopular.info\/wp-content\/uploads\/2026\/08\/1-Ilustrativa-para-tratamento-de-feridas-Credito-Diana-Polekhina-Unsplash-1920x1280.webp 1920w\" sizes=\"auto, (max-width: 1024px) 100vw, 1024px\" \/><figcaption class=\"wp-element-caption\">Cr\u00e9dito:  Diana Polekhina \/ Unsplash<\/figcaption><\/figure>\n","protected":false},"excerpt":{"rendered":"<p>Feridas que permanecem abertas por meses ou at\u00e9 mesmo anos podem afetar a mobilidade, provocar dores, reduzir a autonomia e comprometer a qualidade de vida. Para pessoas com diabetes e outras condi\u00e7\u00f5es que dificultam o processo de cicatriza\u00e7\u00e3o, o acompanhamento especializado \u00e9 fundamental. No Vale do Taquari, moradores que convivem com esse tipo de les\u00e3o [&hellip;]<\/p>\n","protected":false},"author":8,"featured_media":220006,"comment_status":"open","ping_status":"open","sticky":false,"template":"","format":"standard","meta":{"pmpro_default_level":"","_jetpack_memberships_contains_paid_content":false,"footnotes":""},"categories":[2,3,10986],"tags":[27,21862,83,156],"class_list":["post-219988","post","type-post","status-publish","format-standard","has-post-thumbnail","category-featured","category-geral","category-saude","tag-lajeado","tag-tratamento-gratuito","tag-univates","tag-vale-do-taquari","pmpro-has-access"],"yoast_head":"<!-- This site is optimized with the Yoast SEO plugin v28.3 - https:\/\/yoast.com\/product\/yoast-seo-wordpress\/ -->\n<title>Univates oferece tratamento gratuito para feridas cr\u00f4nicas - Folha Popular<\/title>\n<meta name=\"description\" content=\"Feridas que permanecem abertas por meses ou at\u00e9 mesmo anos podem afetar a mobilidade, provocar dores, reduzir a autonomia e comprometer a qualidade de vida. Para pessoas com diabetes e outras condi\u00e7\u00f5es que dificultam o processo de cicatriza\u00e7\u00e3o, o acompanhamento especializado \u00e9 fundamental.\" \/>\n<meta name=\"robots\" content=\"index, follow, max-snippet:-1, max-image-preview:large, max-video-preview:-1\" \/>\n<link rel=\"canonical\" href=\"https:\/\/folhapopular.info\/index.php\/2026\/08\/31\/univates-oferece-tratamento-gratuito-para-feridas-cronicas\/\" \/>\n<meta property=\"og:locale\" content=\"pt_BR\" \/>\n<meta property=\"og:type\" content=\"article\" \/>\n<meta property=\"og:title\" content=\"Univates oferece tratamento gratuito para feridas cr\u00f4nicas - Folha Popular\" \/>\n<meta property=\"og:description\" content=\"Feridas que permanecem abertas por meses ou at\u00e9 mesmo anos podem afetar a mobilidade, provocar dores, reduzir a autonomia e comprometer a qualidade de vida. Para pessoas com diabetes e outras condi\u00e7\u00f5es que dificultam o processo de cicatriza\u00e7\u00e3o, o acompanhamento especializado \u00e9 fundamental.\" \/>\n<meta property=\"og:url\" content=\"https:\/\/folhapopular.info\/index.php\/2026\/08\/31\/univates-oferece-tratamento-gratuito-para-feridas-cronicas\/\" \/>\n<meta property=\"og:site_name\" content=\"Folha Popular\" \/>\n<meta property=\"article:published_time\" content=\"2026-08-31T16:31:51+00:00\" \/>\n<meta property=\"article:modified_time\" content=\"2026-08-31T16:31:53+00:00\" \/>\n<meta property=\"og:image\" content=\"https:\/\/folhapopular.info\/wp-content\/uploads\/2026\/08\/2-Ilustrativa-para-tratamento-de-feridas-Credito-Daniel-Lloyd-Blunk-Fernandez-Unsplash-scaled.webp\" \/>\n\t<meta property=\"og:image:width\" content=\"2560\" \/>\n\t<meta property=\"og:image:height\" content=\"1707\" \/>\n\t<meta property=\"og:image:type\" content=\"image\/webp\" \/>\n<meta name=\"author\" content=\"Reda\u00e7\u00e3o Folha Popular\" \/>\n<meta name=\"twitter:card\" content=\"summary_large_image\" \/>\n<meta name=\"twitter:label1\" content=\"Escrito por\" \/>\n\t<meta name=\"twitter:data1\" content=\"Reda\u00e7\u00e3o Folha Popular\" \/>\n\t<meta name=\"twitter:label2\" content=\"Est. tempo de leitura\" \/>\n\t<meta name=\"twitter:data2\" content=\"5 minutos\" \/>\n<script type=\"application\/ld+json\" class=\"yoast-schema-graph\">{\"@context\":\"https:\\\/\\\/schema.org\",\"@graph\":[{\"@type\":\"Article\",\"@id\":\"https:\\\/\\\/folhapopular.info\\\/index.php\\\/2026\\\/08\\\/31\\\/univates-oferece-tratamento-gratuito-para-feridas-cronicas\\\/#article\",\"isPartOf\":{\"@id\":\"https:\\\/\\\/folhapopular.info\\\/index.php\\\/2026\\\/08\\\/31\\\/univates-oferece-tratamento-gratuito-para-feridas-cronicas\\\/\"},\"author\":{\"name\":\"Reda\u00e7\u00e3o Folha Popular\",\"@id\":\"https:\\\/\\\/folhapopular.info\\\/#\\\/schema\\\/person\\\/2814e8a0df7643585a9ca38bc6eb9d4b\"},\"headline\":\"Univates oferece tratamento gratuito para feridas cr\u00f4nicas\",\"datePublished\":\"2026-08-31T16:31:51+00:00\",\"dateModified\":\"2026-08-31T16:31:53+00:00\",\"mainEntityOfPage\":{\"@id\":\"https:\\\/\\\/folhapopular.info\\\/index.php\\\/2026\\\/08\\\/31\\\/univates-oferece-tratamento-gratuito-para-feridas-cronicas\\\/\"},\"wordCount\":811,\"commentCount\":0,\"image\":{\"@id\":\"https:\\\/\\\/folhapopular.info\\\/index.php\\\/2026\\\/08\\\/31\\\/univates-oferece-tratamento-gratuito-para-feridas-cronicas\\\/#primaryimage\"},\"thumbnailUrl\":\"https:\\\/\\\/folhapopular.info\\\/wp-content\\\/uploads\\\/2026\\\/08\\\/2-Ilustrativa-para-tratamento-de-feridas-Credito-Daniel-Lloyd-Blunk-Fernandez-Unsplash-scaled.webp\",\"keywords\":[\"Lajeado\",\"tratamento gratuito\",\"Univates\",\"Vale do Taquari\"],\"articleSection\":[\"Destaques\",\"Geral\",\"Sa\u00fade\"],\"inLanguage\":\"pt-BR\",\"potentialAction\":[{\"@type\":\"CommentAction\",\"name\":\"Comment\",\"target\":[\"https:\\\/\\\/folhapopular.info\\\/index.php\\\/2026\\\/08\\\/31\\\/univates-oferece-tratamento-gratuito-para-feridas-cronicas\\\/#respond\"]}]},{\"@type\":\"WebPage\",\"@id\":\"https:\\\/\\\/folhapopular.info\\\/index.php\\\/2026\\\/08\\\/31\\\/univates-oferece-tratamento-gratuito-para-feridas-cronicas\\\/\",\"url\":\"https:\\\/\\\/folhapopular.info\\\/index.php\\\/2026\\\/08\\\/31\\\/univates-oferece-tratamento-gratuito-para-feridas-cronicas\\\/\",\"name\":\"Univates oferece tratamento gratuito para feridas cr\u00f4nicas - Folha Popular\",\"isPartOf\":{\"@id\":\"https:\\\/\\\/folhapopular.info\\\/#website\"},\"primaryImageOfPage\":{\"@id\":\"https:\\\/\\\/folhapopular.info\\\/index.php\\\/2026\\\/08\\\/31\\\/univates-oferece-tratamento-gratuito-para-feridas-cronicas\\\/#primaryimage\"},\"image\":{\"@id\":\"https:\\\/\\\/folhapopular.info\\\/index.php\\\/2026\\\/08\\\/31\\\/univates-oferece-tratamento-gratuito-para-feridas-cronicas\\\/#primaryimage\"},\"thumbnailUrl\":\"https:\\\/\\\/folhapopular.info\\\/wp-content\\\/uploads\\\/2026\\\/08\\\/2-Ilustrativa-para-tratamento-de-feridas-Credito-Daniel-Lloyd-Blunk-Fernandez-Unsplash-scaled.webp\",\"datePublished\":\"2026-08-31T16:31:51+00:00\",\"dateModified\":\"2026-08-31T16:31:53+00:00\",\"author\":{\"@id\":\"https:\\\/\\\/folhapopular.info\\\/#\\\/schema\\\/person\\\/2814e8a0df7643585a9ca38bc6eb9d4b\"},\"description\":\"Feridas que permanecem abertas por meses ou at\u00e9 mesmo anos podem afetar a mobilidade, provocar dores, reduzir a autonomia e comprometer a qualidade de vida. Para pessoas com diabetes e outras condi\u00e7\u00f5es que dificultam o processo de cicatriza\u00e7\u00e3o, o acompanhamento especializado \u00e9 fundamental.\",\"breadcrumb\":{\"@id\":\"https:\\\/\\\/folhapopular.info\\\/index.php\\\/2026\\\/08\\\/31\\\/univates-oferece-tratamento-gratuito-para-feridas-cronicas\\\/#breadcrumb\"},\"inLanguage\":\"pt-BR\",\"potentialAction\":[{\"@type\":\"ReadAction\",\"target\":[\"https:\\\/\\\/folhapopular.info\\\/index.php\\\/2026\\\/08\\\/31\\\/univates-oferece-tratamento-gratuito-para-feridas-cronicas\\\/\"]}]},{\"@type\":\"ImageObject\",\"inLanguage\":\"pt-BR\",\"@id\":\"https:\\\/\\\/folhapopular.info\\\/index.php\\\/2026\\\/08\\\/31\\\/univates-oferece-tratamento-gratuito-para-feridas-cronicas\\\/#primaryimage\",\"url\":\"https:\\\/\\\/folhapopular.info\\\/wp-content\\\/uploads\\\/2026\\\/08\\\/2-Ilustrativa-para-tratamento-de-feridas-Credito-Daniel-Lloyd-Blunk-Fernandez-Unsplash-scaled.webp\",\"contentUrl\":\"https:\\\/\\\/folhapopular.info\\\/wp-content\\\/uploads\\\/2026\\\/08\\\/2-Ilustrativa-para-tratamento-de-feridas-Credito-Daniel-Lloyd-Blunk-Fernandez-Unsplash-scaled.webp\",\"width\":2560,\"height\":1707,\"caption\":\"Cr\u00e9dito: Daniel Lloyd Blunk Fernandez \\\/ Unsplash\"},{\"@type\":\"BreadcrumbList\",\"@id\":\"https:\\\/\\\/folhapopular.info\\\/index.php\\\/2026\\\/08\\\/31\\\/univates-oferece-tratamento-gratuito-para-feridas-cronicas\\\/#breadcrumb\",\"itemListElement\":[{\"@type\":\"ListItem\",\"position\":1,\"name\":\"In\u00edcio\",\"item\":\"https:\\\/\\\/folhapopular.info\\\/\"},{\"@type\":\"ListItem\",\"position\":2,\"name\":\"Univates oferece tratamento gratuito para feridas cr\u00f4nicas\"}]},{\"@type\":\"WebSite\",\"@id\":\"https:\\\/\\\/folhapopular.info\\\/#website\",\"url\":\"https:\\\/\\\/folhapopular.info\\\/\",\"name\":\"Folha Popular\",\"description\":\"Onde voc\u00ea tem vez e voz\",\"potentialAction\":[{\"@type\":\"SearchAction\",\"target\":{\"@type\":\"EntryPoint\",\"urlTemplate\":\"https:\\\/\\\/folhapopular.info\\\/?s={search_term_string}\"},\"query-input\":{\"@type\":\"PropertyValueSpecification\",\"valueRequired\":true,\"valueName\":\"search_term_string\"}}],\"inLanguage\":\"pt-BR\"},{\"@type\":\"Person\",\"@id\":\"https:\\\/\\\/folhapopular.info\\\/#\\\/schema\\\/person\\\/2814e8a0df7643585a9ca38bc6eb9d4b\",\"name\":\"Reda\u00e7\u00e3o Folha Popular\",\"image\":{\"@type\":\"ImageObject\",\"inLanguage\":\"pt-BR\",\"@id\":\"https:\\\/\\\/folhapopular.info\\\/wp-content\\\/uploads\\\/2026\\\/04\\\/Folha-1.webp\",\"url\":\"https:\\\/\\\/folhapopular.info\\\/wp-content\\\/uploads\\\/2026\\\/04\\\/Folha-1.webp\",\"contentUrl\":\"https:\\\/\\\/folhapopular.info\\\/wp-content\\\/uploads\\\/2026\\\/04\\\/Folha-1.webp\",\"caption\":\"Reda\u00e7\u00e3o Folha Popular\"},\"url\":\"https:\\\/\\\/folhapopular.info\\\/index.php\\\/author\\\/redacao\\\/\"}]}<\/script>\n<!-- \/ Yoast SEO plugin. -->","yoast_head_json":{"title":"Univates oferece tratamento gratuito para feridas cr\u00f4nicas - Folha Popular","description":"Feridas que permanecem abertas por meses ou at\u00e9 mesmo anos podem afetar a mobilidade, provocar dores, reduzir a autonomia e comprometer a qualidade de vida. Para pessoas com diabetes e outras condi\u00e7\u00f5es que dificultam o processo de cicatriza\u00e7\u00e3o, o acompanhamento especializado \u00e9 fundamental.","robots":{"index":"index","follow":"follow","max-snippet":"max-snippet:-1","max-image-preview":"max-image-preview:large","max-video-preview":"max-video-preview:-1"},"canonical":"https:\/\/folhapopular.info\/index.php\/2026\/08\/31\/univates-oferece-tratamento-gratuito-para-feridas-cronicas\/","og_locale":"pt_BR","og_type":"article","og_title":"Univates oferece tratamento gratuito para feridas cr\u00f4nicas - Folha Popular","og_description":"Feridas que permanecem abertas por meses ou at\u00e9 mesmo anos podem afetar a mobilidade, provocar dores, reduzir a autonomia e comprometer a qualidade de vida. Para pessoas com diabetes e outras condi\u00e7\u00f5es que dificultam o processo de cicatriza\u00e7\u00e3o, o acompanhamento especializado \u00e9 fundamental.","og_url":"https:\/\/folhapopular.info\/index.php\/2026\/08\/31\/univates-oferece-tratamento-gratuito-para-feridas-cronicas\/","og_site_name":"Folha Popular","article_published_time":"2026-08-31T16:31:51+00:00","article_modified_time":"2026-08-31T16:31:53+00:00","og_image":[{"width":2560,"height":1707,"url":"https:\/\/folhapopular.info\/wp-content\/uploads\/2026\/08\/2-Ilustrativa-para-tratamento-de-feridas-Credito-Daniel-Lloyd-Blunk-Fernandez-Unsplash-scaled.webp","type":"image\/webp"}],"author":"Reda\u00e7\u00e3o Folha Popular","twitter_card":"summary_large_image","twitter_misc":{"Escrito por":"Reda\u00e7\u00e3o Folha Popular","Est. tempo de leitura":"5 minutos"},"schema":{"@context":"https:\/\/schema.org","@graph":[{"@type":"Article","@id":"https:\/\/folhapopular.info\/index.php\/2026\/08\/31\/univates-oferece-tratamento-gratuito-para-feridas-cronicas\/#article","isPartOf":{"@id":"https:\/\/folhapopular.info\/index.php\/2026\/08\/31\/univates-oferece-tratamento-gratuito-para-feridas-cronicas\/"},"author":{"name":"Reda\u00e7\u00e3o Folha Popular","@id":"https:\/\/folhapopular.info\/#\/schema\/person\/2814e8a0df7643585a9ca38bc6eb9d4b"},"headline":"Univates oferece tratamento gratuito para feridas cr\u00f4nicas","datePublished":"2026-08-31T16:31:51+00:00","dateModified":"2026-08-31T16:31:53+00:00","mainEntityOfPage":{"@id":"https:\/\/folhapopular.info\/index.php\/2026\/08\/31\/univates-oferece-tratamento-gratuito-para-feridas-cronicas\/"},"wordCount":811,"commentCount":0,"image":{"@id":"https:\/\/folhapopular.info\/index.php\/2026\/08\/31\/univates-oferece-tratamento-gratuito-para-feridas-cronicas\/#primaryimage"},"thumbnailUrl":"https:\/\/folhapopular.info\/wp-content\/uploads\/2026\/08\/2-Ilustrativa-para-tratamento-de-feridas-Credito-Daniel-Lloyd-Blunk-Fernandez-Unsplash-scaled.webp","keywords":["Lajeado","tratamento gratuito","Univates","Vale do Taquari"],"articleSection":["Destaques","Geral","Sa\u00fade"],"inLanguage":"pt-BR","potentialAction":[{"@type":"CommentAction","name":"Comment","target":["https:\/\/folhapopular.info\/index.php\/2026\/08\/31\/univates-oferece-tratamento-gratuito-para-feridas-cronicas\/#respond"]}]},{"@type":"WebPage","@id":"https:\/\/folhapopular.info\/index.php\/2026\/08\/31\/univates-oferece-tratamento-gratuito-para-feridas-cronicas\/","url":"https:\/\/folhapopular.info\/index.php\/2026\/08\/31\/univates-oferece-tratamento-gratuito-para-feridas-cronicas\/","name":"Univates oferece tratamento gratuito para feridas cr\u00f4nicas - Folha Popular","isPartOf":{"@id":"https:\/\/folhapopular.info\/#website"},"primaryImageOfPage":{"@id":"https:\/\/folhapopular.info\/index.php\/2026\/08\/31\/univates-oferece-tratamento-gratuito-para-feridas-cronicas\/#primaryimage"},"image":{"@id":"https:\/\/folhapopular.info\/index.php\/2026\/08\/31\/univates-oferece-tratamento-gratuito-para-feridas-cronicas\/#primaryimage"},"thumbnailUrl":"https:\/\/folhapopular.info\/wp-content\/uploads\/2026\/08\/2-Ilustrativa-para-tratamento-de-feridas-Credito-Daniel-Lloyd-Blunk-Fernandez-Unsplash-scaled.webp","datePublished":"2026-08-31T16:31:51+00:00","dateModified":"2026-08-31T16:31:53+00:00","author":{"@id":"https:\/\/folhapopular.info\/#\/schema\/person\/2814e8a0df7643585a9ca38bc6eb9d4b"},"description":"Feridas que permanecem abertas por meses ou at\u00e9 mesmo anos podem afetar a mobilidade, provocar dores, reduzir a autonomia e comprometer a qualidade de vida. Para pessoas com diabetes e outras condi\u00e7\u00f5es que dificultam o processo de cicatriza\u00e7\u00e3o, o acompanhamento especializado \u00e9 fundamental.","breadcrumb":{"@id":"https:\/\/folhapopular.info\/index.php\/2026\/08\/31\/univates-oferece-tratamento-gratuito-para-feridas-cronicas\/#breadcrumb"},"inLanguage":"pt-BR","potentialAction":[{"@type":"ReadAction","target":["https:\/\/folhapopular.info\/index.php\/2026\/08\/31\/univates-oferece-tratamento-gratuito-para-feridas-cronicas\/"]}]},{"@type":"ImageObject","inLanguage":"pt-BR","@id":"https:\/\/folhapopular.info\/index.php\/2026\/08\/31\/univates-oferece-tratamento-gratuito-para-feridas-cronicas\/#primaryimage","url":"https:\/\/folhapopular.info\/wp-content\/uploads\/2026\/08\/2-Ilustrativa-para-tratamento-de-feridas-Credito-Daniel-Lloyd-Blunk-Fernandez-Unsplash-scaled.webp","contentUrl":"https:\/\/folhapopular.info\/wp-content\/uploads\/2026\/08\/2-Ilustrativa-para-tratamento-de-feridas-Credito-Daniel-Lloyd-Blunk-Fernandez-Unsplash-scaled.webp","width":2560,"height":1707,"caption":"Cr\u00e9dito: Daniel Lloyd Blunk Fernandez \/ Unsplash"},{"@type":"BreadcrumbList","@id":"https:\/\/folhapopular.info\/index.php\/2026\/08\/31\/univates-oferece-tratamento-gratuito-para-feridas-cronicas\/#breadcrumb","itemListElement":[{"@type":"ListItem","position":1,"name":"In\u00edcio","item":"https:\/\/folhapopular.info\/"},{"@type":"ListItem","position":2,"name":"Univates oferece tratamento gratuito para feridas cr\u00f4nicas"}]},{"@type":"WebSite","@id":"https:\/\/folhapopular.info\/#website","url":"https:\/\/folhapopular.info\/","name":"Folha Popular","description":"Onde voc\u00ea tem vez e voz","potentialAction":[{"@type":"SearchAction","target":{"@type":"EntryPoint","urlTemplate":"https:\/\/folhapopular.info\/?s={search_term_string}"},"query-input":{"@type":"PropertyValueSpecification","valueRequired":true,"valueName":"search_term_string"}}],"inLanguage":"pt-BR"},{"@type":"Person","@id":"https:\/\/folhapopular.info\/#\/schema\/person\/2814e8a0df7643585a9ca38bc6eb9d4b","name":"Reda\u00e7\u00e3o Folha Popular","image":{"@type":"ImageObject","inLanguage":"pt-BR","@id":"https:\/\/folhapopular.info\/wp-content\/uploads\/2026\/04\/Folha-1.webp","url":"https:\/\/folhapopular.info\/wp-content\/uploads\/2026\/04\/Folha-1.webp","contentUrl":"https:\/\/folhapopular.info\/wp-content\/uploads\/2026\/04\/Folha-1.webp","caption":"Reda\u00e7\u00e3o Folha Popular"},"url":"https:\/\/folhapopular.info\/index.php\/author\/redacao\/"}]}},"jetpack_sharing_enabled":true,"amp_enabled":true,"jetpack_featured_media_url":"https:\/\/folhapopular.info\/wp-content\/uploads\/2026\/08\/2-Ilustrativa-para-tratamento-de-feridas-Credito-Daniel-Lloyd-Blunk-Fernandez-Unsplash-scaled.webp","_links":{"self":[{"href":"https:\/\/folhapopular.info\/index.php\/wp-json\/wp\/v2\/posts\/219988","targetHints":{"allow":["GET"]}}],"collection":[{"href":"https:\/\/folhapopular.info\/index.php\/wp-json\/wp\/v2\/posts"}],"about":[{"href":"https:\/\/folhapopular.info\/index.php\/wp-json\/wp\/v2\/types\/post"}],"author":[{"embeddable":true,"href":"https:\/\/folhapopular.info\/index.php\/wp-json\/wp\/v2\/users\/8"}],"replies":[{"embeddable":true,"href":"https:\/\/folhapopular.info\/index.php\/wp-json\/wp\/v2\/comments?post=219988"}],"version-history":[{"count":1,"href":"https:\/\/folhapopular.info\/index.php\/wp-json\/wp\/v2\/posts\/219988\/revisions"}],"predecessor-version":[{"id":220008,"href":"https:\/\/folhapopular.info\/index.php\/wp-json\/wp\/v2\/posts\/219988\/revisions\/220008"}],"wp:featuredmedia":[{"embeddable":true,"href":"https:\/\/folhapopular.info\/index.php\/wp-json\/wp\/v2\/media\/220006"}],"wp:attachment":[{"href":"https:\/\/folhapopular.info\/index.php\/wp-json\/wp\/v2\/media?parent=219988"}],"wp:term":[{"taxonomy":"category","embeddable":true,"href":"https:\/\/folhapopular.info\/index.php\/wp-json\/wp\/v2\/categories?post=219988"},{"taxonomy":"post_tag","embeddable":true,"href":"https:\/\/folhapopular.info\/index.php\/wp-json\/wp\/v2\/tags?post=219988"}],"curies":[{"name":"wp","href":"https:\/\/api.w.org\/{rel}","templated":true}]}}